{"id":3829,"date":"2020-06-26T00:00:00","date_gmt":"2020-06-26T00:00:00","guid":{"rendered":"https:\/\/www.autojm.fr\/blog\/voitures-de-luxe-un-marche-qui-se-porte-bien\/"},"modified":"2023-04-19T12:06:37","modified_gmt":"2023-04-19T12:06:37","slug":"voitures-de-luxe-un-marche-qui-se-porte-bien","status":"publish","type":"post","link":"https:\/\/www.autojm.fr\/blog\/voitures-de-luxe-un-marche-qui-se-porte-bien\/","title":{"rendered":"Voitures de luxe : un march\u00e9 qui se porte bien"},"content":{"rendered":"<p>Le march\u00e9 des v\u00e9hicules de luxe sait se d\u00e9marquer dans le monde g\u00e9n\u00e9ral de l&rsquo;automobile. La voiture de luxe reste un produit tr\u00e8s pris\u00e9e des grandes richesses et des passionn\u00e9s d&rsquo;automobile, c&rsquo;est pourquoi les ventes sont dans le vert malgr\u00e9 un march\u00e9 automobile plut\u00f4t mitig\u00e9. Mais quels sont les v\u00e9hicules les plus pris\u00e9s et que doit-on savoir avant de passer \u00e0 l&rsquo;achat d&rsquo;une voiture de sport ?<\/p>\n<h2>Les voitures de luxe progressent<\/h2>\n<p>Les marques automobiles classiques ont eu de quoi rougir \u00e0 la r\u00e9v\u00e9lation des chiffres de ventes des marques premium pour l&rsquo;ann\u00e9e 2019. Et <strong>en haut du podium on retrouve Porsche, la marque Allemande qui affiche un joli score de 280 800 ventes<\/strong> (+10% par rapport \u00e0 2018), suivie par Bentley et ses 11 006 ventes (+6%) et Ferrari en 3\u00e8me position avec 10 131 v\u00e9hicules vendus (880 exemplaires de plus qu&rsquo;en 2018). On d\u00e9couvre ensuite Lamborghini, qui a vendu 8205 voitures en 2019 pour une \u00e9volution de +43%, et Rolls Royce qui a augment\u00e9 ses ventes de 25% pour attendre 5152 exemplaires.<br \/>\n<strong>A l&rsquo;\u00e9chelle nationale, c&rsquo;est pr\u00e8s de 5572 voitures de luxe qui ont \u00e9t\u00e9 immatricul\u00e9es en 2019<\/strong>, soit une <strong>hausse de 22% par rapport \u00e0 l&rsquo;ann\u00e9e 2018<\/strong>. Ces marques de luxe ont trouv\u00e9 la recette parfaite : des <strong>v\u00e9hicules ultra-dynamiques et performants ou des SUV spacieux et chic<\/strong>. Elles proposent toutefois de plus en plus de v\u00e9hicules hybrides pour se plier aux exigences gouvernementales en mati\u00e8re de pollution automobile.<\/p>\n<h2>Top des v\u00e9hicules de sport les plus vendus en 2019<\/h2>\n<p><strong>Porsche 718 Cayman : 14 000 voitures vendues<br \/>\nAudi TT : 12 000 voitures vendues<br \/>\nToyota Supra : 5800 voitures vendues<br \/>\nAlpine A110 : 5000 voitures vendues<br \/>\nJaguar F-Type : 4700 voitures vendues<\/strong><\/p>\n<h2>Vous souhaitez conduire une voiture de luxe ?<\/h2>\n<h3>Assurance voiture<\/h3>\n<p>Si vous souhaitez acqu\u00e9rir un v\u00e9hicule de luxe, sachez que<strong> les voitures plus performantes et plus \u00e9quip\u00e9es doivent \u00eatre correctement assur\u00e9es<\/strong>. Les contrats d&rsquo;assurance classiques n&rsquo;incluent pas les technologies r\u00e9centes, \u00e9quipements dernier cri et il faut donc bien v\u00e9rifier les diff\u00e9rents points afin d&rsquo;\u00eatre correctement couvert pour les petits comme les gros p\u00e9pins qui peuvent arriver.<strong> Il est d&rsquo;ailleurs conseill\u00e9 de souscrire \u00e0 une assurance compl\u00e9mentaire<\/strong> pour s&rsquo;assurer que la totalit\u00e9 (ou une majeure partie) des frais soient pris en charge, car ces derniers peuvent \u00eatre \u00e9lev\u00e9s en raison de la qualit\u00e9 du v\u00e9hicule. Enfin, les sportives sont souvent des v\u00e9hicules de loisirs, sortis quelques fois par an. Le mieux alors pour \u00e9conomiser un peu sur l&rsquo;assurance est de choisir une<strong> assurance au kilom\u00e8tre<\/strong>, pour payer selon ses habitudes de conduite.<\/p>\n<h3>Location de v\u00e9hicules de luxe<\/h3>\n<p>De nombreux automobilistes passionn\u00e9s n&rsquo;ont pas de moyens leur permettant l&rsquo;acquisition d&rsquo;une voiture de luxe. C&rsquo;est une des raisons pour lesquelles on retrouve <strong>de plus en plus de v\u00e9hicules premium chez des loueurs automobiles<\/strong>. Ces v\u00e9hicules sont <strong>particuli\u00e8rement pl\u00e9biscit\u00e9s pour les occasions : mariages, vacances<\/strong>\u2026 etc. C&rsquo;est l&rsquo;occasion pour les automobilistes plus modestes de prendre le volant d&rsquo;un v\u00e9hicule de luxe sans contraintes et pour un budget plus raisonnable.<\/p>\n<h3>Les v\u00e9hicules entre-deux gammes<\/h3>\n<p>Nombreux sont les conducteurs qui cherchent le bon rapport entre qualit\u00e9 et prix, et qui sont pr\u00eats \u00e0 investir une somme un peu plus importante pour des mod\u00e8les plus qualitatifs. C&rsquo;est ce genre de conducteurs que cible notamment la <strong><a href=\"https:\/\/www.autojm.fr\/mandataire-voitures-neuves-ds?part=blog&amp;utm_source=articleblog260620&amp;utm_medium=blog\">marque DS<\/a>, qui propose aujourd&rsquo;hui des mod\u00e8les haut de gamme \u201cmade in France\u201d<\/strong>.<span style=\"font-weight: bold;\">\u00a0 <\/span><\/p>\n","protected":false},"excerpt":{"rendered":"<p>Le march\u00e9 des v\u00e9hicules de luxe sait se d\u00e9marquer dans le monde g\u00e9n\u00e9ral de l&rsquo;automobile. La voiture de luxe reste un produit tr\u00e8s pris\u00e9e des grandes richesses et des passionn\u00e9s d&rsquo;automobile, c&rsquo;est pourquoi les ventes sont dans le vert malgr\u00e9 un march\u00e9 automobile plut\u00f4t mitig\u00e9.<\/p>\n","protected":false},"author":1,"featured_media":5889,"comment_status":"open","ping_status":"open","sticky":false,"template":"","format":"standard","meta":{"_acf_changed":false,"content-type":"","footnotes":""},"categories":[5],"tags":[90],"class_list":["post-3829","post","type-post","status-publish","format-standard","has-post-thumbnail","hentry","category-actualite-automobile","tag-autojm"],"acf":[],"yoast_head":"<!-- This site is optimized with the Yoast SEO plugin v27.5 - https:\/\/yoast.com\/product\/yoast-seo-wordpress\/ -->\n<title>Voitures de luxe : un march\u00e9 qui se porte bien - AutoJM Mag<\/title>\n<meta name=\"description\" content=\"Le march\u00e9 des v\u00e9hicules de luxe sait se d\u00e9marquer dans le monde g\u00e9n\u00e9ral de l&#039;automobile. La voiture de luxe reste un produit tr\u00e8s pris\u00e9e...\" \/>\n<meta name=\"robots\" content=\"index, follow, max-snippet:-1, max-image-preview:large, max-video-preview:-1\" \/>\n<link rel=\"canonical\" href=\"https:\/\/www.autojm.fr\/blog\/voitures-de-luxe-un-marche-qui-se-porte-bien\/\" \/>\n<meta property=\"og:locale\" content=\"fr_FR\" \/>\n<meta property=\"og:type\" content=\"article\" \/>\n<meta property=\"og:title\" content=\"Voitures de luxe : un march\u00e9 qui se porte bien - AutoJM Mag\" \/>\n<meta property=\"og:description\" content=\"Le march\u00e9 des v\u00e9hicules de luxe sait se d\u00e9marquer dans le monde g\u00e9n\u00e9ral de l&#039;automobile. La voiture de luxe reste un produit tr\u00e8s pris\u00e9e...\" \/>\n<meta property=\"og:url\" content=\"https:\/\/www.autojm.fr\/blog\/voitures-de-luxe-un-marche-qui-se-porte-bien\/\" \/>\n<meta property=\"og:site_name\" content=\"AutoJM Mag\" \/>\n<meta property=\"article:publisher\" content=\"https:\/\/www.facebook.com\/AutoJM25\" \/>\n<meta property=\"article:published_time\" content=\"2020-06-26T00:00:00+00:00\" \/>\n<meta property=\"article:modified_time\" content=\"2023-04-19T12:06:37+00:00\" \/>\n<meta property=\"og:image\" content=\"https:\/\/www.autojm.fr\/blog\/wp-content\/uploads\/2022\/10\/557.jpg\" \/>\n\t<meta property=\"og:image:width\" content=\"1024\" \/>\n\t<meta property=\"og:image:height\" content=\"465\" \/>\n\t<meta property=\"og:image:type\" content=\"image\/jpeg\" \/>\n<meta name=\"author\" content=\"Autojm\" \/>\n<meta name=\"twitter:card\" content=\"summary_large_image\" \/>\n<meta name=\"twitter:label1\" content=\"\u00c9crit par\" \/>\n\t<meta name=\"twitter:data1\" content=\"Autojm\" \/>\n\t<meta name=\"twitter:label2\" content=\"Dur\u00e9e de lecture estim\u00e9e\" \/>\n\t<meta name=\"twitter:data2\" content=\"3 minutes\" \/>\n<script type=\"application\/ld+json\" class=\"yoast-schema-graph\">{\"@context\":\"https:\\\/\\\/schema.org\",\"@graph\":[{\"@type\":\"Article\",\"@id\":\"https:\\\/\\\/www.autojm.fr\\\/blog\\\/voitures-de-luxe-un-marche-qui-se-porte-bien\\\/#article\",\"isPartOf\":{\"@id\":\"https:\\\/\\\/www.autojm.fr\\\/blog\\\/voitures-de-luxe-un-marche-qui-se-porte-bien\\\/\"},\"author\":{\"name\":\"Autojm\",\"@id\":\"https:\\\/\\\/www.autojm.fr\\\/blog\\\/#\\\/schema\\\/person\\\/9742bc77541853e0de81fc57f947e1a0\"},\"headline\":\"Voitures de luxe : un march\u00e9 qui se porte bien\",\"datePublished\":\"2020-06-26T00:00:00+00:00\",\"dateModified\":\"2023-04-19T12:06:37+00:00\",\"mainEntityOfPage\":{\"@id\":\"https:\\\/\\\/www.autojm.fr\\\/blog\\\/voitures-de-luxe-un-marche-qui-se-porte-bien\\\/\"},\"wordCount\":569,\"commentCount\":0,\"publisher\":{\"@id\":\"https:\\\/\\\/www.autojm.fr\\\/blog\\\/#organization\"},\"image\":{\"@id\":\"https:\\\/\\\/www.autojm.fr\\\/blog\\\/voitures-de-luxe-un-marche-qui-se-porte-bien\\\/#primaryimage\"},\"thumbnailUrl\":\"https:\\\/\\\/www.autojm.fr\\\/blog\\\/wp-content\\\/uploads\\\/2022\\\/10\\\/557.jpg\",\"keywords\":[\"autojm\"],\"articleSection\":[\"Actualit\u00e9 Automobile\"],\"inLanguage\":\"fr-FR\",\"potentialAction\":[{\"@type\":\"CommentAction\",\"name\":\"Comment\",\"target\":[\"https:\\\/\\\/www.autojm.fr\\\/blog\\\/voitures-de-luxe-un-marche-qui-se-porte-bien\\\/#respond\"]}]},{\"@type\":\"WebPage\",\"@id\":\"https:\\\/\\\/www.autojm.fr\\\/blog\\\/voitures-de-luxe-un-marche-qui-se-porte-bien\\\/\",\"url\":\"https:\\\/\\\/www.autojm.fr\\\/blog\\\/voitures-de-luxe-un-marche-qui-se-porte-bien\\\/\",\"name\":\"Voitures de luxe : un march\u00e9 qui se porte bien - AutoJM Mag\",\"isPartOf\":{\"@id\":\"https:\\\/\\\/www.autojm.fr\\\/blog\\\/#website\"},\"primaryImageOfPage\":{\"@id\":\"https:\\\/\\\/www.autojm.fr\\\/blog\\\/voitures-de-luxe-un-marche-qui-se-porte-bien\\\/#primaryimage\"},\"image\":{\"@id\":\"https:\\\/\\\/www.autojm.fr\\\/blog\\\/voitures-de-luxe-un-marche-qui-se-porte-bien\\\/#primaryimage\"},\"thumbnailUrl\":\"https:\\\/\\\/www.autojm.fr\\\/blog\\\/wp-content\\\/uploads\\\/2022\\\/10\\\/557.jpg\",\"datePublished\":\"2020-06-26T00:00:00+00:00\",\"dateModified\":\"2023-04-19T12:06:37+00:00\",\"description\":\"Le march\u00e9 des v\u00e9hicules de luxe sait se d\u00e9marquer dans le monde g\u00e9n\u00e9ral de l'automobile. La voiture de luxe reste un produit tr\u00e8s pris\u00e9e...\",\"breadcrumb\":{\"@id\":\"https:\\\/\\\/www.autojm.fr\\\/blog\\\/voitures-de-luxe-un-marche-qui-se-porte-bien\\\/#breadcrumb\"},\"inLanguage\":\"fr-FR\",\"potentialAction\":[{\"@type\":\"ReadAction\",\"target\":[\"https:\\\/\\\/www.autojm.fr\\\/blog\\\/voitures-de-luxe-un-marche-qui-se-porte-bien\\\/\"]}]},{\"@type\":\"ImageObject\",\"inLanguage\":\"fr-FR\",\"@id\":\"https:\\\/\\\/www.autojm.fr\\\/blog\\\/voitures-de-luxe-un-marche-qui-se-porte-bien\\\/#primaryimage\",\"url\":\"https:\\\/\\\/www.autojm.fr\\\/blog\\\/wp-content\\\/uploads\\\/2022\\\/10\\\/557.jpg\",\"contentUrl\":\"https:\\\/\\\/www.autojm.fr\\\/blog\\\/wp-content\\\/uploads\\\/2022\\\/10\\\/557.jpg\",\"width\":1024,\"height\":465,\"caption\":\"Voitures de luxe\"},{\"@type\":\"BreadcrumbList\",\"@id\":\"https:\\\/\\\/www.autojm.fr\\\/blog\\\/voitures-de-luxe-un-marche-qui-se-porte-bien\\\/#breadcrumb\",\"itemListElement\":[{\"@type\":\"ListItem\",\"position\":1,\"name\":\"Accueil\",\"item\":\"https:\\\/\\\/www.autojm.fr\\\/blog\\\/\"},{\"@type\":\"ListItem\",\"position\":2,\"name\":\"Actualit\u00e9 Automobile\",\"item\":\"https:\\\/\\\/www.autojm.fr\\\/blog\\\/actualite-automobile\\\/\"},{\"@type\":\"ListItem\",\"position\":3,\"name\":\"Voitures de luxe : un march\u00e9 qui se porte bien\"}]},{\"@type\":\"WebSite\",\"@id\":\"https:\\\/\\\/www.autojm.fr\\\/blog\\\/#website\",\"url\":\"https:\\\/\\\/www.autojm.fr\\\/blog\\\/\",\"name\":\"AutoJM Mag\",\"description\":\"Toute l&#039;actu auto en 1 clic !\",\"publisher\":{\"@id\":\"https:\\\/\\\/www.autojm.fr\\\/blog\\\/#organization\"},\"potentialAction\":[{\"@type\":\"SearchAction\",\"target\":{\"@type\":\"EntryPoint\",\"urlTemplate\":\"https:\\\/\\\/www.autojm.fr\\\/blog\\\/?s={search_term_string}\"},\"query-input\":{\"@type\":\"PropertyValueSpecification\",\"valueRequired\":true,\"valueName\":\"search_term_string\"}}],\"inLanguage\":\"fr-FR\"},{\"@type\":\"Organization\",\"@id\":\"https:\\\/\\\/www.autojm.fr\\\/blog\\\/#organization\",\"name\":\"AutoJM Mag\",\"url\":\"https:\\\/\\\/www.autojm.fr\\\/blog\\\/\",\"logo\":{\"@type\":\"ImageObject\",\"inLanguage\":\"fr-FR\",\"@id\":\"https:\\\/\\\/www.autojm.fr\\\/blog\\\/#\\\/schema\\\/logo\\\/image\\\/\",\"url\":\"https:\\\/\\\/www.autojm.fr\\\/blog\\\/wp-content\\\/uploads\\\/2022\\\/12\\\/cropped-AutoJMag-png.png\",\"contentUrl\":\"https:\\\/\\\/www.autojm.fr\\\/blog\\\/wp-content\\\/uploads\\\/2022\\\/12\\\/cropped-AutoJMag-png.png\",\"width\":2834,\"height\":585,\"caption\":\"AutoJM Mag\"},\"image\":{\"@id\":\"https:\\\/\\\/www.autojm.fr\\\/blog\\\/#\\\/schema\\\/logo\\\/image\\\/\"},\"sameAs\":[\"https:\\\/\\\/www.facebook.com\\\/AutoJM25\"]},{\"@type\":\"Person\",\"@id\":\"https:\\\/\\\/www.autojm.fr\\\/blog\\\/#\\\/schema\\\/person\\\/9742bc77541853e0de81fc57f947e1a0\",\"name\":\"Autojm\",\"image\":{\"@type\":\"ImageObject\",\"inLanguage\":\"fr-FR\",\"@id\":\"https:\\\/\\\/secure.gravatar.com\\\/avatar\\\/9a959d52b758fcc232fe4b6aca7bab139182573297122cce7d6f2ee0e537b418?s=96&d=mm&r=g\",\"url\":\"https:\\\/\\\/secure.gravatar.com\\\/avatar\\\/9a959d52b758fcc232fe4b6aca7bab139182573297122cce7d6f2ee0e537b418?s=96&d=mm&r=g\",\"contentUrl\":\"https:\\\/\\\/secure.gravatar.com\\\/avatar\\\/9a959d52b758fcc232fe4b6aca7bab139182573297122cce7d6f2ee0e537b418?s=96&d=mm&r=g\",\"caption\":\"Autojm\"},\"sameAs\":[\"https:\\\/\\\/www.autojm.fr\\\/blog\"],\"url\":\"https:\\\/\\\/www.autojm.fr\\\/blog\\\/author\\\/bichoi\\\/\"}]}<\/script>\n<!-- \/ Yoast SEO plugin. -->","yoast_head_json":{"title":"Voitures de luxe : un march\u00e9 qui se porte bien - AutoJM Mag","description":"Le march\u00e9 des v\u00e9hicules de luxe sait se d\u00e9marquer dans le monde g\u00e9n\u00e9ral de l'automobile. La voiture de luxe reste un produit tr\u00e8s pris\u00e9e...","robots":{"index":"index","follow":"follow","max-snippet":"max-snippet:-1","max-image-preview":"max-image-preview:large","max-video-preview":"max-video-preview:-1"},"canonical":"https:\/\/www.autojm.fr\/blog\/voitures-de-luxe-un-marche-qui-se-porte-bien\/","og_locale":"fr_FR","og_type":"article","og_title":"Voitures de luxe : un march\u00e9 qui se porte bien - AutoJM Mag","og_description":"Le march\u00e9 des v\u00e9hicules de luxe sait se d\u00e9marquer dans le monde g\u00e9n\u00e9ral de l'automobile. La voiture de luxe reste un produit tr\u00e8s pris\u00e9e...","og_url":"https:\/\/www.autojm.fr\/blog\/voitures-de-luxe-un-marche-qui-se-porte-bien\/","og_site_name":"AutoJM Mag","article_publisher":"https:\/\/www.facebook.com\/AutoJM25","article_published_time":"2020-06-26T00:00:00+00:00","article_modified_time":"2023-04-19T12:06:37+00:00","og_image":[{"width":1024,"height":465,"url":"https:\/\/www.autojm.fr\/blog\/wp-content\/uploads\/2022\/10\/557.jpg","type":"image\/jpeg"}],"author":"Autojm","twitter_card":"summary_large_image","twitter_misc":{"\u00c9crit par":"Autojm","Dur\u00e9e de lecture estim\u00e9e":"3 minutes"},"schema":{"@context":"https:\/\/schema.org","@graph":[{"@type":"Article","@id":"https:\/\/www.autojm.fr\/blog\/voitures-de-luxe-un-marche-qui-se-porte-bien\/#article","isPartOf":{"@id":"https:\/\/www.autojm.fr\/blog\/voitures-de-luxe-un-marche-qui-se-porte-bien\/"},"author":{"name":"Autojm","@id":"https:\/\/www.autojm.fr\/blog\/#\/schema\/person\/9742bc77541853e0de81fc57f947e1a0"},"headline":"Voitures de luxe : un march\u00e9 qui se porte bien","datePublished":"2020-06-26T00:00:00+00:00","dateModified":"2023-04-19T12:06:37+00:00","mainEntityOfPage":{"@id":"https:\/\/www.autojm.fr\/blog\/voitures-de-luxe-un-marche-qui-se-porte-bien\/"},"wordCount":569,"commentCount":0,"publisher":{"@id":"https:\/\/www.autojm.fr\/blog\/#organization"},"image":{"@id":"https:\/\/www.autojm.fr\/blog\/voitures-de-luxe-un-marche-qui-se-porte-bien\/#primaryimage"},"thumbnailUrl":"https:\/\/www.autojm.fr\/blog\/wp-content\/uploads\/2022\/10\/557.jpg","keywords":["autojm"],"articleSection":["Actualit\u00e9 Automobile"],"inLanguage":"fr-FR","potentialAction":[{"@type":"CommentAction","name":"Comment","target":["https:\/\/www.autojm.fr\/blog\/voitures-de-luxe-un-marche-qui-se-porte-bien\/#respond"]}]},{"@type":"WebPage","@id":"https:\/\/www.autojm.fr\/blog\/voitures-de-luxe-un-marche-qui-se-porte-bien\/","url":"https:\/\/www.autojm.fr\/blog\/voitures-de-luxe-un-marche-qui-se-porte-bien\/","name":"Voitures de luxe : un march\u00e9 qui se porte bien - AutoJM Mag","isPartOf":{"@id":"https:\/\/www.autojm.fr\/blog\/#website"},"primaryImageOfPage":{"@id":"https:\/\/www.autojm.fr\/blog\/voitures-de-luxe-un-marche-qui-se-porte-bien\/#primaryimage"},"image":{"@id":"https:\/\/www.autojm.fr\/blog\/voitures-de-luxe-un-marche-qui-se-porte-bien\/#primaryimage"},"thumbnailUrl":"https:\/\/www.autojm.fr\/blog\/wp-content\/uploads\/2022\/10\/557.jpg","datePublished":"2020-06-26T00:00:00+00:00","dateModified":"2023-04-19T12:06:37+00:00","description":"Le march\u00e9 des v\u00e9hicules de luxe sait se d\u00e9marquer dans le monde g\u00e9n\u00e9ral de l'automobile. La voiture de luxe reste un produit tr\u00e8s pris\u00e9e...","breadcrumb":{"@id":"https:\/\/www.autojm.fr\/blog\/voitures-de-luxe-un-marche-qui-se-porte-bien\/#breadcrumb"},"inLanguage":"fr-FR","potentialAction":[{"@type":"ReadAction","target":["https:\/\/www.autojm.fr\/blog\/voitures-de-luxe-un-marche-qui-se-porte-bien\/"]}]},{"@type":"ImageObject","inLanguage":"fr-FR","@id":"https:\/\/www.autojm.fr\/blog\/voitures-de-luxe-un-marche-qui-se-porte-bien\/#primaryimage","url":"https:\/\/www.autojm.fr\/blog\/wp-content\/uploads\/2022\/10\/557.jpg","contentUrl":"https:\/\/www.autojm.fr\/blog\/wp-content\/uploads\/2022\/10\/557.jpg","width":1024,"height":465,"caption":"Voitures de luxe"},{"@type":"BreadcrumbList","@id":"https:\/\/www.autojm.fr\/blog\/voitures-de-luxe-un-marche-qui-se-porte-bien\/#breadcrumb","itemListElement":[{"@type":"ListItem","position":1,"name":"Accueil","item":"https:\/\/www.autojm.fr\/blog\/"},{"@type":"ListItem","position":2,"name":"Actualit\u00e9 Automobile","item":"https:\/\/www.autojm.fr\/blog\/actualite-automobile\/"},{"@type":"ListItem","position":3,"name":"Voitures de luxe : un march\u00e9 qui se porte bien"}]},{"@type":"WebSite","@id":"https:\/\/www.autojm.fr\/blog\/#website","url":"https:\/\/www.autojm.fr\/blog\/","name":"AutoJM Mag","description":"Toute l&#039;actu auto en 1 clic !","publisher":{"@id":"https:\/\/www.autojm.fr\/blog\/#organization"},"potentialAction":[{"@type":"SearchAction","target":{"@type":"EntryPoint","urlTemplate":"https:\/\/www.autojm.fr\/blog\/?s={search_term_string}"},"query-input":{"@type":"PropertyValueSpecification","valueRequired":true,"valueName":"search_term_string"}}],"inLanguage":"fr-FR"},{"@type":"Organization","@id":"https:\/\/www.autojm.fr\/blog\/#organization","name":"AutoJM Mag","url":"https:\/\/www.autojm.fr\/blog\/","logo":{"@type":"ImageObject","inLanguage":"fr-FR","@id":"https:\/\/www.autojm.fr\/blog\/#\/schema\/logo\/image\/","url":"https:\/\/www.autojm.fr\/blog\/wp-content\/uploads\/2022\/12\/cropped-AutoJMag-png.png","contentUrl":"https:\/\/www.autojm.fr\/blog\/wp-content\/uploads\/2022\/12\/cropped-AutoJMag-png.png","width":2834,"height":585,"caption":"AutoJM Mag"},"image":{"@id":"https:\/\/www.autojm.fr\/blog\/#\/schema\/logo\/image\/"},"sameAs":["https:\/\/www.facebook.com\/AutoJM25"]},{"@type":"Person","@id":"https:\/\/www.autojm.fr\/blog\/#\/schema\/person\/9742bc77541853e0de81fc57f947e1a0","name":"Autojm","image":{"@type":"ImageObject","inLanguage":"fr-FR","@id":"https:\/\/secure.gravatar.com\/avatar\/9a959d52b758fcc232fe4b6aca7bab139182573297122cce7d6f2ee0e537b418?s=96&d=mm&r=g","url":"https:\/\/secure.gravatar.com\/avatar\/9a959d52b758fcc232fe4b6aca7bab139182573297122cce7d6f2ee0e537b418?s=96&d=mm&r=g","contentUrl":"https:\/\/secure.gravatar.com\/avatar\/9a959d52b758fcc232fe4b6aca7bab139182573297122cce7d6f2ee0e537b418?s=96&d=mm&r=g","caption":"Autojm"},"sameAs":["https:\/\/www.autojm.fr\/blog"],"url":"https:\/\/www.autojm.fr\/blog\/author\/bichoi\/"}]}},"_links":{"self":[{"href":"https:\/\/www.autojm.fr\/blog\/wp-json\/wp\/v2\/posts\/3829","targetHints":{"allow":["GET"]}}],"collection":[{"href":"https:\/\/www.autojm.fr\/blog\/wp-json\/wp\/v2\/posts"}],"about":[{"href":"https:\/\/www.autojm.fr\/blog\/wp-json\/wp\/v2\/types\/post"}],"author":[{"embeddable":true,"href":"https:\/\/www.autojm.fr\/blog\/wp-json\/wp\/v2\/users\/1"}],"replies":[{"embeddable":true,"href":"https:\/\/www.autojm.fr\/blog\/wp-json\/wp\/v2\/comments?post=3829"}],"version-history":[{"count":5,"href":"https:\/\/www.autojm.fr\/blog\/wp-json\/wp\/v2\/posts\/3829\/revisions"}],"predecessor-version":[{"id":9549,"href":"https:\/\/www.autojm.fr\/blog\/wp-json\/wp\/v2\/posts\/3829\/revisions\/9549"}],"wp:featuredmedia":[{"embeddable":true,"href":"https:\/\/www.autojm.fr\/blog\/wp-json\/wp\/v2\/media\/5889"}],"wp:attachment":[{"href":"https:\/\/www.autojm.fr\/blog\/wp-json\/wp\/v2\/media?parent=3829"}],"wp:term":[{"taxonomy":"category","embeddable":true,"href":"https:\/\/www.autojm.fr\/blog\/wp-json\/wp\/v2\/categories?post=3829"},{"taxonomy":"post_tag","embeddable":true,"href":"https:\/\/www.autojm.fr\/blog\/wp-json\/wp\/v2\/tags?post=3829"}],"curies":[{"name":"wp","href":"https:\/\/api.w.org\/{rel}","templated":true}]}}