{"id":3827,"date":"2020-06-22T00:00:00","date_gmt":"2020-06-22T00:00:00","guid":{"rendered":"https:\/\/www.autojm.fr\/blog\/automobile-la-convention-citoyenne-vote-le-retour-a-110-km-h-sur-autoroute\/"},"modified":"2023-04-19T12:07:06","modified_gmt":"2023-04-19T12:07:06","slug":"automobile-la-convention-citoyenne-vote-le-retour-a-110-km-h-sur-autoroute","status":"publish","type":"post","link":"https:\/\/www.autojm.fr\/blog\/automobile-la-convention-citoyenne-vote-le-retour-a-110-km-h-sur-autoroute\/","title":{"rendered":"Automobile : la Convention Citoyenne vote le retour \u00e0 110 km\/h sur autoroute"},"content":{"rendered":"<p>Apr\u00e8s avoir travaill\u00e9 plusieurs mois sur de nombreuses mesures possibles pour prot\u00e9ger l&rsquo;environnement, la Convention Citoyenne sur le climat s&rsquo;est r\u00e9unie une derni\u00e8re fois ce week-end. Elle est constitu\u00e9e de 150 fran\u00e7ais tir\u00e9s au sort qui \u00e9changent et d\u00e9battent sur des solutions pour prot\u00e9ger l&rsquo;environnement. Ils font ensuite un retour sur les propositions (vot\u00e9es positives en majorit\u00e9) \u00e0 la ministre de la transition \u00e9cologique. L&rsquo;objectif principal et moteur des diff\u00e9rentes propositions est le suivant : r\u00e9duire de 40% les \u00e9missions de gaz \u00e0 effet de serre d&rsquo;ici \u00e0 2030 (en prenant comme base l&rsquo;ann\u00e9e 1990).<\/p>\n<h2>Autoroutes limit\u00e9es \u00e0 110 km\/h ?<\/h2>\n<p>Au programme a \u00e9t\u00e9 abord\u00e9e la limitation de vitesse sur les autoroutes avec un projet clair : <strong>r\u00e9duire \u00e0 110 km\/h la vitesse maximale autoris\u00e9e<\/strong>. En terme de protection environnementale, cela reviendrait \u00e0 <strong>r\u00e9duire 15 \u00e0 25% de la pollution<\/strong>, mais aussi \u00e0 <strong>diminuer les accidents<\/strong>.<\/p>\n<p>Les avis sont nombreux sur le sujet alors que le d\u00e9bat a \u00e9t\u00e9 soulev\u00e9 lors de la R\u00e9union : RTL explique que certains y sont d\u00e9favorables, argumentant que \u201ccela va reporter le trafic des autoroutes vers les nationales, limit\u00e9es \u00e0 110 et gratuite\u201d ou encore \u201cun interm\u00e9diaire de 120 km\/h serait plus facile \u00e0 faire passer, comme en Espagne, Belgique ou au Portugal\u201d. De l&rsquo;autre c\u00f4t\u00e9, de nombreuses personnes ont vot\u00e9 favorablement, avec une femme qui souligne \u201cj&rsquo;ai \u00e9t\u00e9 moi-m\u00eame victime d&rsquo;un accident de la route qui aurait peut-\u00eatre \u00e9t\u00e9 \u00e9vit\u00e9 avec une vitesse moindre\u201d. En d\u00e9finitive, 60% des personnes pr\u00e9sentes se sont montr\u00e9es favorables \u00e0 une r\u00e9duction de la vitesse sur autoroute.<\/p>\n<p>Cependant, il reste fort \u00e0 parier que cette mesure ne verra pas le jour. A peine expos\u00e9e aux yeux du grand public que <strong>l&rsquo;association 40 millions d&rsquo;automobilistes lan\u00e7ait une p\u00e9tition contre la r\u00e9duction \u00e0 110 km\/h<\/strong>, d\u00e9j\u00e0 sign\u00e9e par plus de 400 000 personnes (selon l&rsquo;ind\u00e9pendant).<\/p>\n<h2>Vers une diminution des voitures individuelles<\/h2>\n<p>En plus des autoroutes, les centres-villes ont \u00e9t\u00e9 au coeur des d\u00e9bats, et sur ce sujet, les 150 citoyens r\u00e9unis sont unanimes : <strong>l&rsquo;acc\u00e8s aux centres-villes devraient \u00eatre interdits aux v\u00e9hicules les plus polluants<\/strong>, et <strong>le nombre de pistes cyclables doit augmenter<\/strong>. La question de la <strong>cr\u00e9ation de parkings-relais<\/strong> est \u00e9galement abord\u00e9e et vot\u00e9e \u00e0 l&rsquo;unanimit\u00e9, un projet d\u00e9j\u00e0 \u00e9voqu\u00e9 par nos dirigeants. Les<strong> indemnit\u00e9s kilom\u00e9triques <\/strong>pourraient \u00e9galement \u00eatre revues \u00e0 la baisse afin de tendre vers une diminution du nombres de v\u00e9hicules individuels.<\/p>\n<h2>Bonus\/malus \u00e9cologique, taxe, interdiction : autres mesures<\/h2>\n<p>Alors que<a href=\"https:\/\/www.youtube.com\/watch?v=DzNewqQxAbA&amp;t=12s\"> le bonus \u00e9cologique a vu son montant maximum augmenter de 1000\u20ac<\/a> apr\u00e8s le d\u00e9confinement afin de relancer les ventes automobiles, le sujet a \u00e9t\u00e9 \u00e9voqu\u00e9 par la Convention Citoyenne sur le climat et il a \u00e9t\u00e9 propos\u00e9 qu&rsquo;\u00e0 terme, le <strong>montant soit plus \u00e9lev\u00e9 pour encourager l&rsquo;achat de v\u00e9hicules peu voir pas polluants<\/strong>. Le<strong> malus \u00e9cologique lui pourrait \u00eatre rendu plus s\u00e9v\u00e8re<\/strong>, avec notamment la prise en compte du poids.<\/p>\n<p>Dans la liste des autres r\u00e8gles sugg\u00e9r\u00e9s lors de la R\u00e9union, on d\u00e9couvre :<br \/>\n&#8211; l&rsquo;<strong>interdiction potentielle de la vente de v\u00e9hicules jug\u00e9s trop polluants<\/strong> d\u00e8s 2025<br \/>\n&#8211; l&rsquo;<strong>apposition d&rsquo;une vignette verte sur les v\u00e9hicules peu polluants<\/strong> qui auraient ainsi droit \u00e0 l&rsquo;acc\u00e8s aux centres villes et des places de parking r\u00e9serv\u00e9es<br \/>\n&#8211; l&rsquo;<strong>ajustement des taxes sur les contrats d&rsquo;assurance<\/strong> selon le niveau d&rsquo;\u00e9mission des v\u00e9hicules<br \/>\n&#8211; la mise en place d&rsquo;un <strong>pr\u00eat \u00e0 taux z\u00e9ro pour les v\u00e9hicules peu polluants<\/strong><\/p>\n<p>Ces propositions sont d\u00e9sormais soumises \u00e0 la ministre de la transition \u00e9cologique, qui organisera un vote et retiendra les propositions vot\u00e9es en majorit\u00e9 sous r\u00e9serve d&rsquo;acceptation de l&rsquo;ex\u00e9cutif par la suite. C&rsquo;est ensuite \u00e0 la Convention Citoyenne que revient le droit de d\u00e9cider d&rsquo;un r\u00e9f\u00e9rendum pour faire voter ces nouvelles r\u00e9glementations.<\/p>\n<p><iframe loading=\"lazy\" src=\"https:\/\/www.youtube.com\/embed\/ueUagTRGBz8\" width=\"100%\" height=\"315\" allowfullscreen=\"allowfullscreen\"><\/iframe><\/p>\n","protected":false},"excerpt":{"rendered":"<p>Apr\u00e8s avoir travaill\u00e9 plusieurs mois sur de nombreuses mesures possibles pour prot\u00e9ger l&rsquo;environnement, la Convention Citoyenne sur le climat s&rsquo;est r\u00e9unie une derni\u00e8re fois ce week-end. Elle est constitu\u00e9e de 150 fran\u00e7ais tir\u00e9s au sort qui \u00e9changent et d\u00e9battent sur des solutions pour prot\u00e9ger l&rsquo;environnement. Ils font ensuite un retour sur les propositions (vot\u00e9es positives en majorit\u00e9) \u00e0 la ministre de la transition \u00e9cologique.<\/p>\n","protected":false},"author":1,"featured_media":5887,"comment_status":"open","ping_status":"open","sticky":false,"template":"","format":"standard","meta":{"_acf_changed":false,"content-type":"","footnotes":""},"categories":[5],"tags":[90,79,74,105,110,109,106,108,107,73,78,96],"class_list":["post-3827","post","type-post","status-publish","format-standard","has-post-thumbnail","hentry","category-actualite-automobile","tag-autojm","tag-citroen","tag-dacia","tag-ds","tag-fiat","tag-ford","tag-kia","tag-nissan","tag-opel","tag-peugeot","tag-renault","tag-volkswagen"],"acf":[],"yoast_head":"<!-- This site is optimized with the Yoast SEO plugin v27.5 - https:\/\/yoast.com\/product\/yoast-seo-wordpress\/ -->\n<title>AutoJM Mag<\/title>\n<meta name=\"description\" content=\"Apr\u00e8s avoir travaill\u00e9 plusieurs mois sur de nombreuses mesures possibles pour prot\u00e9ger l&#039;environnement, la Convention Citoyenne sur le...\" \/>\n<meta name=\"robots\" content=\"index, follow, max-snippet:-1, max-image-preview:large, max-video-preview:-1\" \/>\n<link rel=\"canonical\" href=\"https:\/\/www.autojm.fr\/blog\/automobile-la-convention-citoyenne-vote-le-retour-a-110-km-h-sur-autoroute\/\" \/>\n<meta property=\"og:locale\" content=\"fr_FR\" \/>\n<meta property=\"og:type\" content=\"article\" \/>\n<meta property=\"og:title\" content=\"AutoJM Mag\" \/>\n<meta property=\"og:description\" content=\"Apr\u00e8s avoir travaill\u00e9 plusieurs mois sur de nombreuses mesures possibles pour prot\u00e9ger l&#039;environnement, la Convention Citoyenne sur le...\" \/>\n<meta property=\"og:url\" content=\"https:\/\/www.autojm.fr\/blog\/automobile-la-convention-citoyenne-vote-le-retour-a-110-km-h-sur-autoroute\/\" \/>\n<meta property=\"og:site_name\" content=\"AutoJM Mag\" \/>\n<meta property=\"article:publisher\" content=\"https:\/\/www.facebook.com\/AutoJM25\" \/>\n<meta property=\"article:published_time\" content=\"2020-06-22T00:00:00+00:00\" \/>\n<meta property=\"article:modified_time\" content=\"2023-04-19T12:07:06+00:00\" \/>\n<meta property=\"og:image\" content=\"https:\/\/www.autojm.fr\/blog\/wp-content\/uploads\/2022\/10\/555-scaled.jpg\" \/>\n\t<meta property=\"og:image:width\" content=\"2560\" \/>\n\t<meta property=\"og:image:height\" content=\"1160\" \/>\n\t<meta property=\"og:image:type\" content=\"image\/jpeg\" \/>\n<meta name=\"author\" content=\"Autojm\" \/>\n<meta name=\"twitter:card\" content=\"summary_large_image\" \/>\n<meta name=\"twitter:label1\" content=\"\u00c9crit par\" \/>\n\t<meta name=\"twitter:data1\" content=\"Autojm\" \/>\n\t<meta name=\"twitter:label2\" content=\"Dur\u00e9e de lecture estim\u00e9e\" \/>\n\t<meta name=\"twitter:data2\" content=\"4 minutes\" \/>\n<script type=\"application\/ld+json\" class=\"yoast-schema-graph\">{\"@context\":\"https:\\\/\\\/schema.org\",\"@graph\":[{\"@type\":\"Article\",\"@id\":\"https:\\\/\\\/www.autojm.fr\\\/blog\\\/automobile-la-convention-citoyenne-vote-le-retour-a-110-km-h-sur-autoroute\\\/#article\",\"isPartOf\":{\"@id\":\"https:\\\/\\\/www.autojm.fr\\\/blog\\\/automobile-la-convention-citoyenne-vote-le-retour-a-110-km-h-sur-autoroute\\\/\"},\"author\":{\"name\":\"Autojm\",\"@id\":\"https:\\\/\\\/www.autojm.fr\\\/blog\\\/#\\\/schema\\\/person\\\/9742bc77541853e0de81fc57f947e1a0\"},\"headline\":\"Automobile : la Convention Citoyenne vote le retour \u00e0 110 km\\\/h sur autoroute\",\"datePublished\":\"2020-06-22T00:00:00+00:00\",\"dateModified\":\"2023-04-19T12:07:06+00:00\",\"mainEntityOfPage\":{\"@id\":\"https:\\\/\\\/www.autojm.fr\\\/blog\\\/automobile-la-convention-citoyenne-vote-le-retour-a-110-km-h-sur-autoroute\\\/\"},\"wordCount\":657,\"commentCount\":0,\"publisher\":{\"@id\":\"https:\\\/\\\/www.autojm.fr\\\/blog\\\/#organization\"},\"image\":{\"@id\":\"https:\\\/\\\/www.autojm.fr\\\/blog\\\/automobile-la-convention-citoyenne-vote-le-retour-a-110-km-h-sur-autoroute\\\/#primaryimage\"},\"thumbnailUrl\":\"https:\\\/\\\/www.autojm.fr\\\/blog\\\/wp-content\\\/uploads\\\/2022\\\/10\\\/555-scaled.jpg\",\"keywords\":[\"autojm\",\"citroen\",\"dacia\",\"DS\",\"Fiat\",\"Ford\",\"Kia\",\"Nissan\",\"Opel\",\"peugeot\",\"renault\",\"Volkswagen\"],\"articleSection\":[\"Actualit\u00e9 Automobile\"],\"inLanguage\":\"fr-FR\",\"potentialAction\":[{\"@type\":\"CommentAction\",\"name\":\"Comment\",\"target\":[\"https:\\\/\\\/www.autojm.fr\\\/blog\\\/automobile-la-convention-citoyenne-vote-le-retour-a-110-km-h-sur-autoroute\\\/#respond\"]}]},{\"@type\":\"WebPage\",\"@id\":\"https:\\\/\\\/www.autojm.fr\\\/blog\\\/automobile-la-convention-citoyenne-vote-le-retour-a-110-km-h-sur-autoroute\\\/\",\"url\":\"https:\\\/\\\/www.autojm.fr\\\/blog\\\/automobile-la-convention-citoyenne-vote-le-retour-a-110-km-h-sur-autoroute\\\/\",\"name\":\"AutoJM Mag\",\"isPartOf\":{\"@id\":\"https:\\\/\\\/www.autojm.fr\\\/blog\\\/#website\"},\"primaryImageOfPage\":{\"@id\":\"https:\\\/\\\/www.autojm.fr\\\/blog\\\/automobile-la-convention-citoyenne-vote-le-retour-a-110-km-h-sur-autoroute\\\/#primaryimage\"},\"image\":{\"@id\":\"https:\\\/\\\/www.autojm.fr\\\/blog\\\/automobile-la-convention-citoyenne-vote-le-retour-a-110-km-h-sur-autoroute\\\/#primaryimage\"},\"thumbnailUrl\":\"https:\\\/\\\/www.autojm.fr\\\/blog\\\/wp-content\\\/uploads\\\/2022\\\/10\\\/555-scaled.jpg\",\"datePublished\":\"2020-06-22T00:00:00+00:00\",\"dateModified\":\"2023-04-19T12:07:06+00:00\",\"description\":\"Apr\u00e8s avoir travaill\u00e9 plusieurs mois sur de nombreuses mesures possibles pour prot\u00e9ger l'environnement, la Convention Citoyenne sur le...\",\"breadcrumb\":{\"@id\":\"https:\\\/\\\/www.autojm.fr\\\/blog\\\/automobile-la-convention-citoyenne-vote-le-retour-a-110-km-h-sur-autoroute\\\/#breadcrumb\"},\"inLanguage\":\"fr-FR\",\"potentialAction\":[{\"@type\":\"ReadAction\",\"target\":[\"https:\\\/\\\/www.autojm.fr\\\/blog\\\/automobile-la-convention-citoyenne-vote-le-retour-a-110-km-h-sur-autoroute\\\/\"]}]},{\"@type\":\"ImageObject\",\"inLanguage\":\"fr-FR\",\"@id\":\"https:\\\/\\\/www.autojm.fr\\\/blog\\\/automobile-la-convention-citoyenne-vote-le-retour-a-110-km-h-sur-autoroute\\\/#primaryimage\",\"url\":\"https:\\\/\\\/www.autojm.fr\\\/blog\\\/wp-content\\\/uploads\\\/2022\\\/10\\\/555-scaled.jpg\",\"contentUrl\":\"https:\\\/\\\/www.autojm.fr\\\/blog\\\/wp-content\\\/uploads\\\/2022\\\/10\\\/555-scaled.jpg\",\"width\":2560,\"height\":1160,\"caption\":\"Vitesse sur autoroute\"},{\"@type\":\"BreadcrumbList\",\"@id\":\"https:\\\/\\\/www.autojm.fr\\\/blog\\\/automobile-la-convention-citoyenne-vote-le-retour-a-110-km-h-sur-autoroute\\\/#breadcrumb\",\"itemListElement\":[{\"@type\":\"ListItem\",\"position\":1,\"name\":\"Accueil\",\"item\":\"https:\\\/\\\/www.autojm.fr\\\/blog\\\/\"},{\"@type\":\"ListItem\",\"position\":2,\"name\":\"Actualit\u00e9 Automobile\",\"item\":\"https:\\\/\\\/www.autojm.fr\\\/blog\\\/actualite-automobile\\\/\"},{\"@type\":\"ListItem\",\"position\":3,\"name\":\"Automobile : la Convention Citoyenne vote le retour \u00e0 110 km\\\/h sur autoroute\"}]},{\"@type\":\"WebSite\",\"@id\":\"https:\\\/\\\/www.autojm.fr\\\/blog\\\/#website\",\"url\":\"https:\\\/\\\/www.autojm.fr\\\/blog\\\/\",\"name\":\"AutoJM Mag\",\"description\":\"Toute l&#039;actu auto en 1 clic !\",\"publisher\":{\"@id\":\"https:\\\/\\\/www.autojm.fr\\\/blog\\\/#organization\"},\"potentialAction\":[{\"@type\":\"SearchAction\",\"target\":{\"@type\":\"EntryPoint\",\"urlTemplate\":\"https:\\\/\\\/www.autojm.fr\\\/blog\\\/?s={search_term_string}\"},\"query-input\":{\"@type\":\"PropertyValueSpecification\",\"valueRequired\":true,\"valueName\":\"search_term_string\"}}],\"inLanguage\":\"fr-FR\"},{\"@type\":\"Organization\",\"@id\":\"https:\\\/\\\/www.autojm.fr\\\/blog\\\/#organization\",\"name\":\"AutoJM Mag\",\"url\":\"https:\\\/\\\/www.autojm.fr\\\/blog\\\/\",\"logo\":{\"@type\":\"ImageObject\",\"inLanguage\":\"fr-FR\",\"@id\":\"https:\\\/\\\/www.autojm.fr\\\/blog\\\/#\\\/schema\\\/logo\\\/image\\\/\",\"url\":\"https:\\\/\\\/www.autojm.fr\\\/blog\\\/wp-content\\\/uploads\\\/2022\\\/12\\\/cropped-AutoJMag-png.png\",\"contentUrl\":\"https:\\\/\\\/www.autojm.fr\\\/blog\\\/wp-content\\\/uploads\\\/2022\\\/12\\\/cropped-AutoJMag-png.png\",\"width\":2834,\"height\":585,\"caption\":\"AutoJM Mag\"},\"image\":{\"@id\":\"https:\\\/\\\/www.autojm.fr\\\/blog\\\/#\\\/schema\\\/logo\\\/image\\\/\"},\"sameAs\":[\"https:\\\/\\\/www.facebook.com\\\/AutoJM25\"]},{\"@type\":\"Person\",\"@id\":\"https:\\\/\\\/www.autojm.fr\\\/blog\\\/#\\\/schema\\\/person\\\/9742bc77541853e0de81fc57f947e1a0\",\"name\":\"Autojm\",\"image\":{\"@type\":\"ImageObject\",\"inLanguage\":\"fr-FR\",\"@id\":\"https:\\\/\\\/secure.gravatar.com\\\/avatar\\\/9a959d52b758fcc232fe4b6aca7bab139182573297122cce7d6f2ee0e537b418?s=96&d=mm&r=g\",\"url\":\"https:\\\/\\\/secure.gravatar.com\\\/avatar\\\/9a959d52b758fcc232fe4b6aca7bab139182573297122cce7d6f2ee0e537b418?s=96&d=mm&r=g\",\"contentUrl\":\"https:\\\/\\\/secure.gravatar.com\\\/avatar\\\/9a959d52b758fcc232fe4b6aca7bab139182573297122cce7d6f2ee0e537b418?s=96&d=mm&r=g\",\"caption\":\"Autojm\"},\"sameAs\":[\"https:\\\/\\\/www.autojm.fr\\\/blog\"],\"url\":\"https:\\\/\\\/www.autojm.fr\\\/blog\\\/author\\\/bichoi\\\/\"}]}<\/script>\n<!-- \/ Yoast SEO plugin. -->","yoast_head_json":{"title":"AutoJM Mag","description":"Apr\u00e8s avoir travaill\u00e9 plusieurs mois sur de nombreuses mesures possibles pour prot\u00e9ger l'environnement, la Convention Citoyenne sur le...","robots":{"index":"index","follow":"follow","max-snippet":"max-snippet:-1","max-image-preview":"max-image-preview:large","max-video-preview":"max-video-preview:-1"},"canonical":"https:\/\/www.autojm.fr\/blog\/automobile-la-convention-citoyenne-vote-le-retour-a-110-km-h-sur-autoroute\/","og_locale":"fr_FR","og_type":"article","og_title":"AutoJM Mag","og_description":"Apr\u00e8s avoir travaill\u00e9 plusieurs mois sur de nombreuses mesures possibles pour prot\u00e9ger l'environnement, la Convention Citoyenne sur le...","og_url":"https:\/\/www.autojm.fr\/blog\/automobile-la-convention-citoyenne-vote-le-retour-a-110-km-h-sur-autoroute\/","og_site_name":"AutoJM Mag","article_publisher":"https:\/\/www.facebook.com\/AutoJM25","article_published_time":"2020-06-22T00:00:00+00:00","article_modified_time":"2023-04-19T12:07:06+00:00","og_image":[{"width":2560,"height":1160,"url":"https:\/\/www.autojm.fr\/blog\/wp-content\/uploads\/2022\/10\/555-scaled.jpg","type":"image\/jpeg"}],"author":"Autojm","twitter_card":"summary_large_image","twitter_misc":{"\u00c9crit par":"Autojm","Dur\u00e9e de lecture estim\u00e9e":"4 minutes"},"schema":{"@context":"https:\/\/schema.org","@graph":[{"@type":"Article","@id":"https:\/\/www.autojm.fr\/blog\/automobile-la-convention-citoyenne-vote-le-retour-a-110-km-h-sur-autoroute\/#article","isPartOf":{"@id":"https:\/\/www.autojm.fr\/blog\/automobile-la-convention-citoyenne-vote-le-retour-a-110-km-h-sur-autoroute\/"},"author":{"name":"Autojm","@id":"https:\/\/www.autojm.fr\/blog\/#\/schema\/person\/9742bc77541853e0de81fc57f947e1a0"},"headline":"Automobile : la Convention Citoyenne vote le retour \u00e0 110 km\/h sur autoroute","datePublished":"2020-06-22T00:00:00+00:00","dateModified":"2023-04-19T12:07:06+00:00","mainEntityOfPage":{"@id":"https:\/\/www.autojm.fr\/blog\/automobile-la-convention-citoyenne-vote-le-retour-a-110-km-h-sur-autoroute\/"},"wordCount":657,"commentCount":0,"publisher":{"@id":"https:\/\/www.autojm.fr\/blog\/#organization"},"image":{"@id":"https:\/\/www.autojm.fr\/blog\/automobile-la-convention-citoyenne-vote-le-retour-a-110-km-h-sur-autoroute\/#primaryimage"},"thumbnailUrl":"https:\/\/www.autojm.fr\/blog\/wp-content\/uploads\/2022\/10\/555-scaled.jpg","keywords":["autojm","citroen","dacia","DS","Fiat","Ford","Kia","Nissan","Opel","peugeot","renault","Volkswagen"],"articleSection":["Actualit\u00e9 Automobile"],"inLanguage":"fr-FR","potentialAction":[{"@type":"CommentAction","name":"Comment","target":["https:\/\/www.autojm.fr\/blog\/automobile-la-convention-citoyenne-vote-le-retour-a-110-km-h-sur-autoroute\/#respond"]}]},{"@type":"WebPage","@id":"https:\/\/www.autojm.fr\/blog\/automobile-la-convention-citoyenne-vote-le-retour-a-110-km-h-sur-autoroute\/","url":"https:\/\/www.autojm.fr\/blog\/automobile-la-convention-citoyenne-vote-le-retour-a-110-km-h-sur-autoroute\/","name":"AutoJM Mag","isPartOf":{"@id":"https:\/\/www.autojm.fr\/blog\/#website"},"primaryImageOfPage":{"@id":"https:\/\/www.autojm.fr\/blog\/automobile-la-convention-citoyenne-vote-le-retour-a-110-km-h-sur-autoroute\/#primaryimage"},"image":{"@id":"https:\/\/www.autojm.fr\/blog\/automobile-la-convention-citoyenne-vote-le-retour-a-110-km-h-sur-autoroute\/#primaryimage"},"thumbnailUrl":"https:\/\/www.autojm.fr\/blog\/wp-content\/uploads\/2022\/10\/555-scaled.jpg","datePublished":"2020-06-22T00:00:00+00:00","dateModified":"2023-04-19T12:07:06+00:00","description":"Apr\u00e8s avoir travaill\u00e9 plusieurs mois sur de nombreuses mesures possibles pour prot\u00e9ger l'environnement, la Convention Citoyenne sur le...","breadcrumb":{"@id":"https:\/\/www.autojm.fr\/blog\/automobile-la-convention-citoyenne-vote-le-retour-a-110-km-h-sur-autoroute\/#breadcrumb"},"inLanguage":"fr-FR","potentialAction":[{"@type":"ReadAction","target":["https:\/\/www.autojm.fr\/blog\/automobile-la-convention-citoyenne-vote-le-retour-a-110-km-h-sur-autoroute\/"]}]},{"@type":"ImageObject","inLanguage":"fr-FR","@id":"https:\/\/www.autojm.fr\/blog\/automobile-la-convention-citoyenne-vote-le-retour-a-110-km-h-sur-autoroute\/#primaryimage","url":"https:\/\/www.autojm.fr\/blog\/wp-content\/uploads\/2022\/10\/555-scaled.jpg","contentUrl":"https:\/\/www.autojm.fr\/blog\/wp-content\/uploads\/2022\/10\/555-scaled.jpg","width":2560,"height":1160,"caption":"Vitesse sur autoroute"},{"@type":"BreadcrumbList","@id":"https:\/\/www.autojm.fr\/blog\/automobile-la-convention-citoyenne-vote-le-retour-a-110-km-h-sur-autoroute\/#breadcrumb","itemListElement":[{"@type":"ListItem","position":1,"name":"Accueil","item":"https:\/\/www.autojm.fr\/blog\/"},{"@type":"ListItem","position":2,"name":"Actualit\u00e9 Automobile","item":"https:\/\/www.autojm.fr\/blog\/actualite-automobile\/"},{"@type":"ListItem","position":3,"name":"Automobile : la Convention Citoyenne vote le retour \u00e0 110 km\/h sur autoroute"}]},{"@type":"WebSite","@id":"https:\/\/www.autojm.fr\/blog\/#website","url":"https:\/\/www.autojm.fr\/blog\/","name":"AutoJM Mag","description":"Toute l&#039;actu auto en 1 clic !","publisher":{"@id":"https:\/\/www.autojm.fr\/blog\/#organization"},"potentialAction":[{"@type":"SearchAction","target":{"@type":"EntryPoint","urlTemplate":"https:\/\/www.autojm.fr\/blog\/?s={search_term_string}"},"query-input":{"@type":"PropertyValueSpecification","valueRequired":true,"valueName":"search_term_string"}}],"inLanguage":"fr-FR"},{"@type":"Organization","@id":"https:\/\/www.autojm.fr\/blog\/#organization","name":"AutoJM Mag","url":"https:\/\/www.autojm.fr\/blog\/","logo":{"@type":"ImageObject","inLanguage":"fr-FR","@id":"https:\/\/www.autojm.fr\/blog\/#\/schema\/logo\/image\/","url":"https:\/\/www.autojm.fr\/blog\/wp-content\/uploads\/2022\/12\/cropped-AutoJMag-png.png","contentUrl":"https:\/\/www.autojm.fr\/blog\/wp-content\/uploads\/2022\/12\/cropped-AutoJMag-png.png","width":2834,"height":585,"caption":"AutoJM Mag"},"image":{"@id":"https:\/\/www.autojm.fr\/blog\/#\/schema\/logo\/image\/"},"sameAs":["https:\/\/www.facebook.com\/AutoJM25"]},{"@type":"Person","@id":"https:\/\/www.autojm.fr\/blog\/#\/schema\/person\/9742bc77541853e0de81fc57f947e1a0","name":"Autojm","image":{"@type":"ImageObject","inLanguage":"fr-FR","@id":"https:\/\/secure.gravatar.com\/avatar\/9a959d52b758fcc232fe4b6aca7bab139182573297122cce7d6f2ee0e537b418?s=96&d=mm&r=g","url":"https:\/\/secure.gravatar.com\/avatar\/9a959d52b758fcc232fe4b6aca7bab139182573297122cce7d6f2ee0e537b418?s=96&d=mm&r=g","contentUrl":"https:\/\/secure.gravatar.com\/avatar\/9a959d52b758fcc232fe4b6aca7bab139182573297122cce7d6f2ee0e537b418?s=96&d=mm&r=g","caption":"Autojm"},"sameAs":["https:\/\/www.autojm.fr\/blog"],"url":"https:\/\/www.autojm.fr\/blog\/author\/bichoi\/"}]}},"_links":{"self":[{"href":"https:\/\/www.autojm.fr\/blog\/wp-json\/wp\/v2\/posts\/3827","targetHints":{"allow":["GET"]}}],"collection":[{"href":"https:\/\/www.autojm.fr\/blog\/wp-json\/wp\/v2\/posts"}],"about":[{"href":"https:\/\/www.autojm.fr\/blog\/wp-json\/wp\/v2\/types\/post"}],"author":[{"embeddable":true,"href":"https:\/\/www.autojm.fr\/blog\/wp-json\/wp\/v2\/users\/1"}],"replies":[{"embeddable":true,"href":"https:\/\/www.autojm.fr\/blog\/wp-json\/wp\/v2\/comments?post=3827"}],"version-history":[{"count":5,"href":"https:\/\/www.autojm.fr\/blog\/wp-json\/wp\/v2\/posts\/3827\/revisions"}],"predecessor-version":[{"id":9551,"href":"https:\/\/www.autojm.fr\/blog\/wp-json\/wp\/v2\/posts\/3827\/revisions\/9551"}],"wp:featuredmedia":[{"embeddable":true,"href":"https:\/\/www.autojm.fr\/blog\/wp-json\/wp\/v2\/media\/5887"}],"wp:attachment":[{"href":"https:\/\/www.autojm.fr\/blog\/wp-json\/wp\/v2\/media?parent=3827"}],"wp:term":[{"taxonomy":"category","embeddable":true,"href":"https:\/\/www.autojm.fr\/blog\/wp-json\/wp\/v2\/categories?post=3827"},{"taxonomy":"post_tag","embeddable":true,"href":"https:\/\/www.autojm.fr\/blog\/wp-json\/wp\/v2\/tags?post=3827"}],"curies":[{"name":"wp","href":"https:\/\/api.w.org\/{rel}","templated":true}]}}