{"id":3825,"date":"2020-07-03T00:00:00","date_gmt":"2020-07-03T00:00:00","guid":{"rendered":"https:\/\/www.autojm.fr\/blog\/citroen-c4-la-berline-se-devoile\/"},"modified":"2023-04-18T12:43:23","modified_gmt":"2023-04-18T12:43:23","slug":"citroen-c4-la-berline-se-devoile","status":"publish","type":"post","link":"https:\/\/www.autojm.fr\/blog\/citroen-c4-la-berline-se-devoile\/","title":{"rendered":"Citro\u00ebn C4, la berline se d\u00e9voile"},"content":{"rendered":"<p>Voil\u00e0 2 ans qu&rsquo;on n&rsquo;en avait pas entendu parler : la <strong><a href=\"https:\/\/www.autojm.fr\/achat-voitures-neuves-citroen-nouvelle-c4-2020-5p\">C4<\/a>, berline compacte de Citro\u00ebn<\/strong>, avait disparu du paysage automobile. Le <strong>restylage du C4 Cactus \u00e9tait destin\u00e9 \u00e0 prendre sa place<\/strong>, mais l&rsquo;\u00e9chec de ses ventes a conduit la marque aux chevrons \u00e0 faire revenir le mod\u00e8le sur le march\u00e9 automobile. Connue comme l&rsquo;un des mod\u00e8les phares du constructeur fran\u00e7ais, <strong>la C4 adopte un style plus que d\u00e9tonnant<\/strong> pour cette nouvelle g\u00e9n\u00e9ration qui devrait faire rougir ses concurrentes ! Voici ce que l&rsquo;on sait de la Citro\u00ebn C4.<\/p>\n<h2>Nouvelle C4 : l&rsquo;esth\u00e9tique puissant<\/h2>\n<p>S&rsquo;il y a bien une chose \u00e0 retenir de la nouvelle C4, c&rsquo;est son design ! Citro\u00ebn sort des codes plut\u00f4t soft que l&rsquo;on retrouve sur les <strong><a href=\"https:\/\/www.autojm.fr\/mandataire-voitures-neuves-volkswagen\">Volkswagen Golf<\/a><\/strong>, <strong><a href=\"?part=blog&amp;utm_source=articleblog180620&amp;utm_medium=blog\">Peugeot 308<\/a><\/strong> et <strong><a href=\"https:\/\/www.autojm.fr\/achat-voitures-neuves-renault-megane-5p?part=blog&amp;utm_source=articleblog180620&amp;utm_medium=blog\">Renault Megane<\/a><\/strong> pour cr\u00e9er un gabarit et un style unique et plus remarquable \u00e0 sa berline. La C4 se donne <strong>des airs de SUV<\/strong>, avec l&rsquo;apparition d&rsquo;un bandeau plastique noir sur la partie inf\u00e9rieure, des passages de roues marqu\u00e9s et une position de conduite sur\u00e9lev\u00e9e. On retrouve \u00e9galement un air de la <strong>Honda Civic<\/strong> donn\u00e9 par un becquet de coffre. Et la <strong>Citro\u00ebn GS<\/strong>, qui f\u00eate ses 50 ans, a inspir\u00e9 le style si particulier de cette C4 qui adopte une lunette arri\u00e8re presque horizontale et des vitres lat\u00e9rales qui se prolongent jusqu&rsquo;\u00e0 la face arri\u00e8re du v\u00e9hicule. Enfin, <strong>Le C5 Aircross a donn\u00e9 \u00e0 la berline les phares \u00e0 double \u00e9tages<\/strong>. Du c\u00f4t\u00e9 des dimensions, sa r\u00e9v\u00e9lation a permis de conna\u00eetre ses mesures exactes : elle s&rsquo;allonge sur 4,36 m\u00e8tres, soit, \u00e0 titre d&rsquo;exemple, 10 cm de plus que pour la Peugeot 308.<\/p>\n<h2>\u00eb-C4 : la version 100% \u00e9lectrique<\/h2>\n<p>Dans la liste des r\u00e9v\u00e9lations remarqu\u00e9es, Citro\u00ebn a mis l&rsquo;accent sur la <strong>version 100% \u00e9lectrique qui se nomme Citro\u00ebn \u00eb-C4<\/strong>. La \u00eb-C4 h\u00e9rite d&rsquo;une <strong>batterie de 50 kWh, avec une puissance \u00e9quivalente \u00e0 136 chevaux et 260 Nm de couple<\/strong>. L&rsquo;autonomie totale d\u00e9passe les 300km. On retrouve en parall\u00e8le les <strong>motorisations Diesel 1.5 BlueHDI en 110 et 130 chevaux et Essence 1.2 turbo PureTech en 100, 130 et 155 chevaux<\/strong>. Seul b\u00e9mol de cette C4, elle h\u00e9rite du <strong>soubassement CMP<\/strong> des Peugeot 208 et 2008 et n&rsquo;opte pas pour la plateforme EMP2, qui aurait augment\u00e9 les co\u00fbts. Cependant, c&rsquo;est gr\u00e2ce au soubassement CMP que la d\u00e9clinaison 100% \u00e9lectrique est rendue possible.<\/p>\n<h2>Empattement g\u00e9n\u00e9reux \u00e0 bord de la Citro\u00ebn C4<\/h2>\n<p>\u00c0 l&rsquo;int\u00e9rieur, la nouvelle Citro\u00ebn C4 reste relativement sobre, en comparaison avec son ext\u00e9rieur clinquant. Le tableau de bord est tr\u00e8s \u00e9pur\u00e9 et classique bien qu&rsquo;\u00e9l\u00e9gant. On remarque toutefois la pr\u00e9sence de plastiques de qualit\u00e9 modeste h\u00e9rit\u00e9s des <strong><a href=\"https:\/\/www.autojm.fr\/mandataire-voitures-neuves-citroen\">C3 Aircross<\/a><\/strong> et <strong><a href=\"https:\/\/www.autojm.fr\/mandataire-voitures-neuves-citroen\">C5 Aircross<\/a><\/strong>. La configuration reste classique et moderne : un <strong>\u00e9cran tactile de 10 pouces<\/strong> plac\u00e9 au centre de la planche de bord, un \u00e9cran d&rsquo;affichage t\u00eate haute, pour du 100% digital. Point fort de Citro\u00ebn sur cet espace : <strong>les touches d\u00e9di\u00e9es \u00e0 la climatisation ne sont pas devenues tactiles<\/strong>, un choix qui r\u00e9confortera les nombreux automobilistes que les mod\u00e8les 100% tactiles n&rsquo;ont pas convaincus. On note la pr\u00e9sence d&rsquo;une recharge \u00e0 induction, de <strong>deux ports USB \u00e0 l&rsquo;avant et 2 ports USB \u00e0 l&rsquo;arri\u00e8re<\/strong>, ces derniers accol\u00e9s aux a\u00e9rateurs des places arri\u00e8re. La r\u00e9v\u00e9lation de cette nouvelle C4 a permis de lever le voile sur la pr\u00e9sence d&rsquo;une poign\u00e9e situ\u00e9e au-dessus de la bo\u00eete \u00e0 gants : la marque aux chevrons a ajout\u00e9 un <strong>tiroir de rangement dans lequel on retrouve \u00e9galement un Smart Pad Support<\/strong>, un support d\u00e9di\u00e9 \u00e0 poser une tablette tactile sur le tableau de bord et face au passager.<\/p>\n<p>Les passagers arri\u00e8re disposent, en plus des ports USB et a\u00e9rateurs, d&rsquo;un accoudoir central incluant des porte-gobelets et une petite zone de rangement pour un objet type smartphone. Sur ses 4,36 m\u00e8tres de longueur, la C4 privil\u00e9gie un <strong>empattement cons\u00e9quent <\/strong>qui offre aux passagers arri\u00e8re une place g\u00e9n\u00e9reuse pour les jambes. Du c\u00f4t\u00e9 du coffre, la configuration classique offre <strong>380 litres de chargement<\/strong>, ce que l&rsquo;on peut qualifier de l\u00e9ger. Heureusement, Citro\u00ebn rattrape cet espace mince sur une banquette rabattable en plancher plat et un seuil de coffre \u00e0 bonne hauteur pour un chargement facilit\u00e9.<\/p>\n<h2>Citro\u00ebn Advanced Comfort<\/h2>\n<p>Sans surprise, le constructeur fran\u00e7ais Citro\u00ebn \u00e9quipe la nouvelle C4 du programme Citro\u00ebn Advanced Comfort, avec <strong>suspensions \u00e0 but\u00e9es hydrauliques progressives, insonorisation optimale et si\u00e8ges enveloppants<\/strong>. Du c\u00f4t\u00e9 des aides \u00e0 la conduite, on retrouve la <strong>surveillance des angles morts, l&rsquo;aide au maintien dans la voie, et le freinage automatique d&rsquo;urgence qui inclut la d\u00e9tection de pi\u00e9tons et cyclistes<\/strong>. Et en nouveaut\u00e9 chez Citro\u00ebn, le syst\u00e8me de<strong> conduite autonome de niveau 2 Highway Driver Assist<\/strong>, qui combine le r\u00e9gulateur de vitesse adaptatif \u00e0 l&rsquo;aide au maintien dans la voie pour soulager le conducteur sur les longs trajets.<\/p>\n<p><iframe loading=\"lazy\" src=\"https:\/\/www.youtube.com\/embed\/85i-VzjK2lg\" width=\"100%\" height=\"315\" allowfullscreen=\"allowfullscreen\"><\/iframe><\/p>\n","protected":false},"excerpt":{"rendered":"<p>Voil\u00e0 2 ans qu&rsquo;on n&rsquo;en avait pas entendu parler : la C4, berline compacte de Citro\u00ebn, avait disparu du paysage automobile. Le restylage du C4 Cactus \u00e9tait destin\u00e9 \u00e0 prendre sa place, mais l&rsquo;\u00e9chec de ses ventes a conduit la marque aux chevrons \u00e0 faire revenir le mod\u00e8le sur le march\u00e9 automobile.<\/p>\n","protected":false},"author":1,"featured_media":5885,"comment_status":"open","ping_status":"open","sticky":false,"template":"","format":"standard","meta":{"_acf_changed":false,"content-type":"","footnotes":""},"categories":[236,61],"tags":[90,79,172],"class_list":["post-3825","post","type-post","status-publish","format-standard","has-post-thumbnail","hentry","category-nouveaute-citroen","category-nouveautes-autos","tag-autojm","tag-citroen","tag-citroen-c4"],"acf":[],"yoast_head":"<!-- This site is optimized with the Yoast SEO plugin v27.5 - https:\/\/yoast.com\/product\/yoast-seo-wordpress\/ -->\n<title>Citro\u00ebn C4, la berline se d\u00e9voile - AutoJM Mag<\/title>\n<meta name=\"description\" content=\"Voil\u00e0 2 ans qu&#039;on n&#039;en avait pas entendu parler : la C4, berline compacte de Citro\u00ebn, avait disparu du paysage automobile. Le restylage...\" \/>\n<meta name=\"robots\" content=\"index, follow, max-snippet:-1, max-image-preview:large, max-video-preview:-1\" \/>\n<link rel=\"canonical\" href=\"https:\/\/www.autojm.fr\/blog\/citroen-c4-la-berline-se-devoile\/\" \/>\n<meta property=\"og:locale\" content=\"fr_FR\" \/>\n<meta property=\"og:type\" content=\"article\" \/>\n<meta property=\"og:title\" content=\"Citro\u00ebn C4, la berline se d\u00e9voile - AutoJM Mag\" \/>\n<meta property=\"og:description\" content=\"Voil\u00e0 2 ans qu&#039;on n&#039;en avait pas entendu parler : la C4, berline compacte de Citro\u00ebn, avait disparu du paysage automobile. Le restylage...\" \/>\n<meta property=\"og:url\" content=\"https:\/\/www.autojm.fr\/blog\/citroen-c4-la-berline-se-devoile\/\" \/>\n<meta property=\"og:site_name\" content=\"AutoJM Mag\" \/>\n<meta property=\"article:publisher\" content=\"https:\/\/www.facebook.com\/AutoJM25\" \/>\n<meta property=\"article:published_time\" content=\"2020-07-03T00:00:00+00:00\" \/>\n<meta property=\"article:modified_time\" content=\"2023-04-18T12:43:23+00:00\" \/>\n<meta property=\"og:image\" content=\"https:\/\/www.autojm.fr\/blog\/wp-content\/uploads\/2022\/10\/553-scaled.jpg\" \/>\n\t<meta property=\"og:image:width\" content=\"2560\" \/>\n\t<meta property=\"og:image:height\" content=\"1160\" \/>\n\t<meta property=\"og:image:type\" content=\"image\/jpeg\" \/>\n<meta name=\"author\" content=\"Autojm\" \/>\n<meta name=\"twitter:card\" content=\"summary_large_image\" \/>\n<meta name=\"twitter:label1\" content=\"\u00c9crit par\" \/>\n\t<meta name=\"twitter:data1\" content=\"Autojm\" \/>\n\t<meta name=\"twitter:label2\" content=\"Dur\u00e9e de lecture estim\u00e9e\" \/>\n\t<meta name=\"twitter:data2\" content=\"4 minutes\" \/>\n<script type=\"application\/ld+json\" class=\"yoast-schema-graph\">{\"@context\":\"https:\\\/\\\/schema.org\",\"@graph\":[{\"@type\":\"Article\",\"@id\":\"https:\\\/\\\/www.autojm.fr\\\/blog\\\/citroen-c4-la-berline-se-devoile\\\/#article\",\"isPartOf\":{\"@id\":\"https:\\\/\\\/www.autojm.fr\\\/blog\\\/citroen-c4-la-berline-se-devoile\\\/\"},\"author\":{\"name\":\"Autojm\",\"@id\":\"https:\\\/\\\/www.autojm.fr\\\/blog\\\/#\\\/schema\\\/person\\\/9742bc77541853e0de81fc57f947e1a0\"},\"headline\":\"Citro\u00ebn C4, la berline se d\u00e9voile\",\"datePublished\":\"2020-07-03T00:00:00+00:00\",\"dateModified\":\"2023-04-18T12:43:23+00:00\",\"mainEntityOfPage\":{\"@id\":\"https:\\\/\\\/www.autojm.fr\\\/blog\\\/citroen-c4-la-berline-se-devoile\\\/\"},\"wordCount\":831,\"commentCount\":0,\"publisher\":{\"@id\":\"https:\\\/\\\/www.autojm.fr\\\/blog\\\/#organization\"},\"image\":{\"@id\":\"https:\\\/\\\/www.autojm.fr\\\/blog\\\/citroen-c4-la-berline-se-devoile\\\/#primaryimage\"},\"thumbnailUrl\":\"https:\\\/\\\/www.autojm.fr\\\/blog\\\/wp-content\\\/uploads\\\/2022\\\/10\\\/553-scaled.jpg\",\"keywords\":[\"autojm\",\"citroen\",\"Citro\u00ebn C4\"],\"articleSection\":[\"Nouveaut\u00e9 Citro\u00ebn\",\"Nouveaut\u00e9s Autos\"],\"inLanguage\":\"fr-FR\",\"potentialAction\":[{\"@type\":\"CommentAction\",\"name\":\"Comment\",\"target\":[\"https:\\\/\\\/www.autojm.fr\\\/blog\\\/citroen-c4-la-berline-se-devoile\\\/#respond\"]}]},{\"@type\":\"WebPage\",\"@id\":\"https:\\\/\\\/www.autojm.fr\\\/blog\\\/citroen-c4-la-berline-se-devoile\\\/\",\"url\":\"https:\\\/\\\/www.autojm.fr\\\/blog\\\/citroen-c4-la-berline-se-devoile\\\/\",\"name\":\"Citro\u00ebn C4, la berline se d\u00e9voile - AutoJM Mag\",\"isPartOf\":{\"@id\":\"https:\\\/\\\/www.autojm.fr\\\/blog\\\/#website\"},\"primaryImageOfPage\":{\"@id\":\"https:\\\/\\\/www.autojm.fr\\\/blog\\\/citroen-c4-la-berline-se-devoile\\\/#primaryimage\"},\"image\":{\"@id\":\"https:\\\/\\\/www.autojm.fr\\\/blog\\\/citroen-c4-la-berline-se-devoile\\\/#primaryimage\"},\"thumbnailUrl\":\"https:\\\/\\\/www.autojm.fr\\\/blog\\\/wp-content\\\/uploads\\\/2022\\\/10\\\/553-scaled.jpg\",\"datePublished\":\"2020-07-03T00:00:00+00:00\",\"dateModified\":\"2023-04-18T12:43:23+00:00\",\"description\":\"Voil\u00e0 2 ans qu'on n'en avait pas entendu parler : la C4, berline compacte de Citro\u00ebn, avait disparu du paysage automobile. Le restylage...\",\"breadcrumb\":{\"@id\":\"https:\\\/\\\/www.autojm.fr\\\/blog\\\/citroen-c4-la-berline-se-devoile\\\/#breadcrumb\"},\"inLanguage\":\"fr-FR\",\"potentialAction\":[{\"@type\":\"ReadAction\",\"target\":[\"https:\\\/\\\/www.autojm.fr\\\/blog\\\/citroen-c4-la-berline-se-devoile\\\/\"]}]},{\"@type\":\"ImageObject\",\"inLanguage\":\"fr-FR\",\"@id\":\"https:\\\/\\\/www.autojm.fr\\\/blog\\\/citroen-c4-la-berline-se-devoile\\\/#primaryimage\",\"url\":\"https:\\\/\\\/www.autojm.fr\\\/blog\\\/wp-content\\\/uploads\\\/2022\\\/10\\\/553-scaled.jpg\",\"contentUrl\":\"https:\\\/\\\/www.autojm.fr\\\/blog\\\/wp-content\\\/uploads\\\/2022\\\/10\\\/553-scaled.jpg\",\"width\":2560,\"height\":1160,\"caption\":\"Nouvelle Citro\u00ebn C4\"},{\"@type\":\"BreadcrumbList\",\"@id\":\"https:\\\/\\\/www.autojm.fr\\\/blog\\\/citroen-c4-la-berline-se-devoile\\\/#breadcrumb\",\"itemListElement\":[{\"@type\":\"ListItem\",\"position\":1,\"name\":\"Accueil\",\"item\":\"https:\\\/\\\/www.autojm.fr\\\/blog\\\/\"},{\"@type\":\"ListItem\",\"position\":2,\"name\":\"Nouveaut\u00e9s Autos\",\"item\":\"https:\\\/\\\/www.autojm.fr\\\/blog\\\/nouveautes-autos\\\/\"},{\"@type\":\"ListItem\",\"position\":3,\"name\":\"Citro\u00ebn C4, la berline se d\u00e9voile\"}]},{\"@type\":\"WebSite\",\"@id\":\"https:\\\/\\\/www.autojm.fr\\\/blog\\\/#website\",\"url\":\"https:\\\/\\\/www.autojm.fr\\\/blog\\\/\",\"name\":\"AutoJM Mag\",\"description\":\"Toute l&#039;actu auto en 1 clic !\",\"publisher\":{\"@id\":\"https:\\\/\\\/www.autojm.fr\\\/blog\\\/#organization\"},\"potentialAction\":[{\"@type\":\"SearchAction\",\"target\":{\"@type\":\"EntryPoint\",\"urlTemplate\":\"https:\\\/\\\/www.autojm.fr\\\/blog\\\/?s={search_term_string}\"},\"query-input\":{\"@type\":\"PropertyValueSpecification\",\"valueRequired\":true,\"valueName\":\"search_term_string\"}}],\"inLanguage\":\"fr-FR\"},{\"@type\":\"Organization\",\"@id\":\"https:\\\/\\\/www.autojm.fr\\\/blog\\\/#organization\",\"name\":\"AutoJM Mag\",\"url\":\"https:\\\/\\\/www.autojm.fr\\\/blog\\\/\",\"logo\":{\"@type\":\"ImageObject\",\"inLanguage\":\"fr-FR\",\"@id\":\"https:\\\/\\\/www.autojm.fr\\\/blog\\\/#\\\/schema\\\/logo\\\/image\\\/\",\"url\":\"https:\\\/\\\/www.autojm.fr\\\/blog\\\/wp-content\\\/uploads\\\/2022\\\/12\\\/cropped-AutoJMag-png.png\",\"contentUrl\":\"https:\\\/\\\/www.autojm.fr\\\/blog\\\/wp-content\\\/uploads\\\/2022\\\/12\\\/cropped-AutoJMag-png.png\",\"width\":2834,\"height\":585,\"caption\":\"AutoJM Mag\"},\"image\":{\"@id\":\"https:\\\/\\\/www.autojm.fr\\\/blog\\\/#\\\/schema\\\/logo\\\/image\\\/\"},\"sameAs\":[\"https:\\\/\\\/www.facebook.com\\\/AutoJM25\"]},{\"@type\":\"Person\",\"@id\":\"https:\\\/\\\/www.autojm.fr\\\/blog\\\/#\\\/schema\\\/person\\\/9742bc77541853e0de81fc57f947e1a0\",\"name\":\"Autojm\",\"image\":{\"@type\":\"ImageObject\",\"inLanguage\":\"fr-FR\",\"@id\":\"https:\\\/\\\/secure.gravatar.com\\\/avatar\\\/9a959d52b758fcc232fe4b6aca7bab139182573297122cce7d6f2ee0e537b418?s=96&d=mm&r=g\",\"url\":\"https:\\\/\\\/secure.gravatar.com\\\/avatar\\\/9a959d52b758fcc232fe4b6aca7bab139182573297122cce7d6f2ee0e537b418?s=96&d=mm&r=g\",\"contentUrl\":\"https:\\\/\\\/secure.gravatar.com\\\/avatar\\\/9a959d52b758fcc232fe4b6aca7bab139182573297122cce7d6f2ee0e537b418?s=96&d=mm&r=g\",\"caption\":\"Autojm\"},\"sameAs\":[\"https:\\\/\\\/www.autojm.fr\\\/blog\"],\"url\":\"https:\\\/\\\/www.autojm.fr\\\/blog\\\/author\\\/bichoi\\\/\"}]}<\/script>\n<!-- \/ Yoast SEO plugin. -->","yoast_head_json":{"title":"Citro\u00ebn C4, la berline se d\u00e9voile - AutoJM Mag","description":"Voil\u00e0 2 ans qu'on n'en avait pas entendu parler : la C4, berline compacte de Citro\u00ebn, avait disparu du paysage automobile. Le restylage...","robots":{"index":"index","follow":"follow","max-snippet":"max-snippet:-1","max-image-preview":"max-image-preview:large","max-video-preview":"max-video-preview:-1"},"canonical":"https:\/\/www.autojm.fr\/blog\/citroen-c4-la-berline-se-devoile\/","og_locale":"fr_FR","og_type":"article","og_title":"Citro\u00ebn C4, la berline se d\u00e9voile - AutoJM Mag","og_description":"Voil\u00e0 2 ans qu'on n'en avait pas entendu parler : la C4, berline compacte de Citro\u00ebn, avait disparu du paysage automobile. Le restylage...","og_url":"https:\/\/www.autojm.fr\/blog\/citroen-c4-la-berline-se-devoile\/","og_site_name":"AutoJM Mag","article_publisher":"https:\/\/www.facebook.com\/AutoJM25","article_published_time":"2020-07-03T00:00:00+00:00","article_modified_time":"2023-04-18T12:43:23+00:00","og_image":[{"width":2560,"height":1160,"url":"https:\/\/www.autojm.fr\/blog\/wp-content\/uploads\/2022\/10\/553-scaled.jpg","type":"image\/jpeg"}],"author":"Autojm","twitter_card":"summary_large_image","twitter_misc":{"\u00c9crit par":"Autojm","Dur\u00e9e de lecture estim\u00e9e":"4 minutes"},"schema":{"@context":"https:\/\/schema.org","@graph":[{"@type":"Article","@id":"https:\/\/www.autojm.fr\/blog\/citroen-c4-la-berline-se-devoile\/#article","isPartOf":{"@id":"https:\/\/www.autojm.fr\/blog\/citroen-c4-la-berline-se-devoile\/"},"author":{"name":"Autojm","@id":"https:\/\/www.autojm.fr\/blog\/#\/schema\/person\/9742bc77541853e0de81fc57f947e1a0"},"headline":"Citro\u00ebn C4, la berline se d\u00e9voile","datePublished":"2020-07-03T00:00:00+00:00","dateModified":"2023-04-18T12:43:23+00:00","mainEntityOfPage":{"@id":"https:\/\/www.autojm.fr\/blog\/citroen-c4-la-berline-se-devoile\/"},"wordCount":831,"commentCount":0,"publisher":{"@id":"https:\/\/www.autojm.fr\/blog\/#organization"},"image":{"@id":"https:\/\/www.autojm.fr\/blog\/citroen-c4-la-berline-se-devoile\/#primaryimage"},"thumbnailUrl":"https:\/\/www.autojm.fr\/blog\/wp-content\/uploads\/2022\/10\/553-scaled.jpg","keywords":["autojm","citroen","Citro\u00ebn C4"],"articleSection":["Nouveaut\u00e9 Citro\u00ebn","Nouveaut\u00e9s Autos"],"inLanguage":"fr-FR","potentialAction":[{"@type":"CommentAction","name":"Comment","target":["https:\/\/www.autojm.fr\/blog\/citroen-c4-la-berline-se-devoile\/#respond"]}]},{"@type":"WebPage","@id":"https:\/\/www.autojm.fr\/blog\/citroen-c4-la-berline-se-devoile\/","url":"https:\/\/www.autojm.fr\/blog\/citroen-c4-la-berline-se-devoile\/","name":"Citro\u00ebn C4, la berline se d\u00e9voile - AutoJM Mag","isPartOf":{"@id":"https:\/\/www.autojm.fr\/blog\/#website"},"primaryImageOfPage":{"@id":"https:\/\/www.autojm.fr\/blog\/citroen-c4-la-berline-se-devoile\/#primaryimage"},"image":{"@id":"https:\/\/www.autojm.fr\/blog\/citroen-c4-la-berline-se-devoile\/#primaryimage"},"thumbnailUrl":"https:\/\/www.autojm.fr\/blog\/wp-content\/uploads\/2022\/10\/553-scaled.jpg","datePublished":"2020-07-03T00:00:00+00:00","dateModified":"2023-04-18T12:43:23+00:00","description":"Voil\u00e0 2 ans qu'on n'en avait pas entendu parler : la C4, berline compacte de Citro\u00ebn, avait disparu du paysage automobile. Le restylage...","breadcrumb":{"@id":"https:\/\/www.autojm.fr\/blog\/citroen-c4-la-berline-se-devoile\/#breadcrumb"},"inLanguage":"fr-FR","potentialAction":[{"@type":"ReadAction","target":["https:\/\/www.autojm.fr\/blog\/citroen-c4-la-berline-se-devoile\/"]}]},{"@type":"ImageObject","inLanguage":"fr-FR","@id":"https:\/\/www.autojm.fr\/blog\/citroen-c4-la-berline-se-devoile\/#primaryimage","url":"https:\/\/www.autojm.fr\/blog\/wp-content\/uploads\/2022\/10\/553-scaled.jpg","contentUrl":"https:\/\/www.autojm.fr\/blog\/wp-content\/uploads\/2022\/10\/553-scaled.jpg","width":2560,"height":1160,"caption":"Nouvelle Citro\u00ebn C4"},{"@type":"BreadcrumbList","@id":"https:\/\/www.autojm.fr\/blog\/citroen-c4-la-berline-se-devoile\/#breadcrumb","itemListElement":[{"@type":"ListItem","position":1,"name":"Accueil","item":"https:\/\/www.autojm.fr\/blog\/"},{"@type":"ListItem","position":2,"name":"Nouveaut\u00e9s Autos","item":"https:\/\/www.autojm.fr\/blog\/nouveautes-autos\/"},{"@type":"ListItem","position":3,"name":"Citro\u00ebn C4, la berline se d\u00e9voile"}]},{"@type":"WebSite","@id":"https:\/\/www.autojm.fr\/blog\/#website","url":"https:\/\/www.autojm.fr\/blog\/","name":"AutoJM Mag","description":"Toute l&#039;actu auto en 1 clic !","publisher":{"@id":"https:\/\/www.autojm.fr\/blog\/#organization"},"potentialAction":[{"@type":"SearchAction","target":{"@type":"EntryPoint","urlTemplate":"https:\/\/www.autojm.fr\/blog\/?s={search_term_string}"},"query-input":{"@type":"PropertyValueSpecification","valueRequired":true,"valueName":"search_term_string"}}],"inLanguage":"fr-FR"},{"@type":"Organization","@id":"https:\/\/www.autojm.fr\/blog\/#organization","name":"AutoJM Mag","url":"https:\/\/www.autojm.fr\/blog\/","logo":{"@type":"ImageObject","inLanguage":"fr-FR","@id":"https:\/\/www.autojm.fr\/blog\/#\/schema\/logo\/image\/","url":"https:\/\/www.autojm.fr\/blog\/wp-content\/uploads\/2022\/12\/cropped-AutoJMag-png.png","contentUrl":"https:\/\/www.autojm.fr\/blog\/wp-content\/uploads\/2022\/12\/cropped-AutoJMag-png.png","width":2834,"height":585,"caption":"AutoJM Mag"},"image":{"@id":"https:\/\/www.autojm.fr\/blog\/#\/schema\/logo\/image\/"},"sameAs":["https:\/\/www.facebook.com\/AutoJM25"]},{"@type":"Person","@id":"https:\/\/www.autojm.fr\/blog\/#\/schema\/person\/9742bc77541853e0de81fc57f947e1a0","name":"Autojm","image":{"@type":"ImageObject","inLanguage":"fr-FR","@id":"https:\/\/secure.gravatar.com\/avatar\/9a959d52b758fcc232fe4b6aca7bab139182573297122cce7d6f2ee0e537b418?s=96&d=mm&r=g","url":"https:\/\/secure.gravatar.com\/avatar\/9a959d52b758fcc232fe4b6aca7bab139182573297122cce7d6f2ee0e537b418?s=96&d=mm&r=g","contentUrl":"https:\/\/secure.gravatar.com\/avatar\/9a959d52b758fcc232fe4b6aca7bab139182573297122cce7d6f2ee0e537b418?s=96&d=mm&r=g","caption":"Autojm"},"sameAs":["https:\/\/www.autojm.fr\/blog"],"url":"https:\/\/www.autojm.fr\/blog\/author\/bichoi\/"}]}},"_links":{"self":[{"href":"https:\/\/www.autojm.fr\/blog\/wp-json\/wp\/v2\/posts\/3825","targetHints":{"allow":["GET"]}}],"collection":[{"href":"https:\/\/www.autojm.fr\/blog\/wp-json\/wp\/v2\/posts"}],"about":[{"href":"https:\/\/www.autojm.fr\/blog\/wp-json\/wp\/v2\/types\/post"}],"author":[{"embeddable":true,"href":"https:\/\/www.autojm.fr\/blog\/wp-json\/wp\/v2\/users\/1"}],"replies":[{"embeddable":true,"href":"https:\/\/www.autojm.fr\/blog\/wp-json\/wp\/v2\/comments?post=3825"}],"version-history":[{"count":6,"href":"https:\/\/www.autojm.fr\/blog\/wp-json\/wp\/v2\/posts\/3825\/revisions"}],"predecessor-version":[{"id":9271,"href":"https:\/\/www.autojm.fr\/blog\/wp-json\/wp\/v2\/posts\/3825\/revisions\/9271"}],"wp:featuredmedia":[{"embeddable":true,"href":"https:\/\/www.autojm.fr\/blog\/wp-json\/wp\/v2\/media\/5885"}],"wp:attachment":[{"href":"https:\/\/www.autojm.fr\/blog\/wp-json\/wp\/v2\/media?parent=3825"}],"wp:term":[{"taxonomy":"category","embeddable":true,"href":"https:\/\/www.autojm.fr\/blog\/wp-json\/wp\/v2\/categories?post=3825"},{"taxonomy":"post_tag","embeddable":true,"href":"https:\/\/www.autojm.fr\/blog\/wp-json\/wp\/v2\/tags?post=3825"}],"curies":[{"name":"wp","href":"https:\/\/api.w.org\/{rel}","templated":true}]}}