{"id":3822,"date":"2020-06-10T00:00:00","date_gmt":"2020-06-10T00:00:00","guid":{"rendered":"https:\/\/www.autojm.fr\/blog\/trouver-un-vehicule-soumis-a-la-prime-a-la-conversion-2020\/"},"modified":"2023-04-19T12:07:44","modified_gmt":"2023-04-19T12:07:44","slug":"trouver-un-vehicule-soumis-a-la-prime-a-la-conversion-2020","status":"publish","type":"post","link":"https:\/\/www.autojm.fr\/blog\/trouver-un-vehicule-soumis-a-la-prime-a-la-conversion-2020\/","title":{"rendered":"Trouver un v\u00e9hicule soumis \u00e0 la prime \u00e0 la conversion 2020"},"content":{"rendered":"<p>Les ventes d&rsquo;automobiles repartent de plus belle depuis quelques jours, et pour cause, les <strong>annonces faites par le gouvernement concernant la prime \u00e0 la conversion et le bonus \u00e9cologique<\/strong> ont motiv\u00e9 les automobilistes \u00e0 passer \u00e0 l&rsquo;achat plus rapidement. Le ministre de l&rsquo;Economie a d\u00e9clar\u00e9 \u00e0 RTL \u201c[&#8230;] En juin, nous devrions \u00eatre dans un retour \u00e0 la normale sur les achats de v\u00e9hicules en France, cela veut dire qu&rsquo;il y a un redressement qui est spectaculaire\u201d. L&rsquo;urgence vient d&rsquo;une annonce faite par Bruno Le Maire \u00e9galement, qui a affirm\u00e9 que <strong>les r\u00e9glementations mises en place ne se prolongeront pas en 2021<\/strong>. Voici pour vous une liste des v\u00e9hicules concern\u00e9s par ces primes et propos\u00e9s chez AutoJM.<\/p>\n<h2>Mod\u00e8les \u00e9ligibles \u00e0 la prime \u00e0 la conversion<\/h2>\n<p>Rappelons d&rsquo;abord que la condition pour \u00eatre \u00e9ligible \u00e0 la prime \u00e0 la conversion est de d\u00e9clarer un revenu fiscal de r\u00e9f\u00e9rence par part inf\u00e9rieur \u00e0 18 000\u20ac. Dans ces cas-l\u00e0, c&rsquo;est la motorisation et \u00e9galement le nombre de grammes consomm\u00e9s par kilom\u00e8tres qui d\u00e9terminent le montant de la prime.<\/p>\n<h3>Peugeot 308 GT-line 1.5 blueHDI 130 EAT8<\/h3>\n<p>Ce mod\u00e8le est en disponibilit\u00e9 rapide chez AutoJM. Il int\u00e8gre de s\u00e9rie les pack Safety, Confort, Safety Plus et Visibilit\u00e9, l&rsquo;avertisseur de temps de conduite, les projecteurs haut de gamme full LED technology et des jantes alliage 17 pouces diamant\u00e9es rubis. Dans le cas de la prime \u00e0 la conversion, 3000\u20ac vous seront revers\u00e9s pour l&rsquo;achat de cette voiture car c&rsquo;est un v\u00e9hicule thermique dont la consommation est inf\u00e9rieure \u00e0 109 gr (norme NEDC). La <strong><a href=\"https:\/\/www.autojm.fr\/voiture-en-stock-peugeot-nouvelle-308-gt-line-1-5-blue-hdi-130-eat8-s-s-1\/vehicule\/51918?part=blog&amp;utm_source=articleblog100620&amp;utm_medium=blog\">308 en motorisation 130 chevaux EAT8<\/a><\/strong> est \u00e0 98 g\/km.<\/p>\n<h3>Citro\u00ebn C5 Aircross Shine 1.5 blueHDI 130 EAT8<\/h3>\n<p>Le <strong><a href=\"https:\/\/www.autojm.fr\/mandataire-voitures-neuves-citroen\">SUV Citro\u00ebn<\/a><\/strong> est \u00e9quip\u00e9 d&rsquo;un \u00e9cran tactile 8 pouces avec navigation, de vitres et lunette arri\u00e8re surteint\u00e9es, d&rsquo;un accoudoir central mousse \u00e0 ouverture papillon et r\u00e9frig\u00e9r\u00e9, d&rsquo;un combin\u00e9 num\u00e9rique personnalisable de 12,3 pouces et du syst\u00e8me actif de surveillance d&rsquo;angles morts. Tout comme les 308 et 3008, vous disposerez d&rsquo;une prime \u00e0 la conversion de 3000\u20ac si vous optez pour ce mod\u00e8le, qui \u00e9met 102 g de CO2 par km (norme NEDC).<\/p>\n<h3>DS3 Crossback Performance Line + Puretech 130 (disponible aussi en bo\u00eete automatique)<\/h3>\n<p>Le SUV de la marque DS dispose de l&rsquo;aide au d\u00e9marrage en pente, des <strong><a href=\"https:\/\/www.autojm.fr\/mandataire-voitures-neuves-ds\">DS Matrix LED Vision<\/a><\/strong>, du s\u00e9lecteur de mode de conduite, de la reconnaissance vocale, d&rsquo;une tablette tactile 10,3 pouces, du contr\u00f4le de traction intelligent, de deux canules d&rsquo;\u00e9chappement chrom\u00e9es et de l&rsquo;aide au stationnement avant et arri\u00e8re. Ce mod\u00e8le est soumis, comme les deux pr\u00e9c\u00e9dents, \u00e0 une prime de 3000\u20ac car il consomme 109 g de CO2 par km (norme NEDC).<\/p>\n<h2>Mod\u00e8les \u00e9ligibles \u00e0 la prime \u00e0 la conversion ET au bonus \u00e9cologique<\/h2>\n<h3>208 Allure Moteur Electrique 136 Chevaux<\/h3>\n<p>La nouvelle <strong>citadine Peugeot<\/strong> s\u00e9duit d\u00e9j\u00e0 : phares en forme de griffes et dents de Lion, pack Safety et Safety Plus, reconnaissance \u00e9tendue des panneaux de circulation, fonction Mirror Screen, 2 prises USB pour les passagers arri\u00e8re et un chargeur embarqu\u00e9 7,4 kW monophas\u00e9, la 208 \u00e9lectrique en finition Allure est bien \u00e9quip\u00e9e. En optant pour ce mod\u00e8le 100% \u00e9lectrique, vous b\u00e9n\u00e9ficiez de 5000\u20ac de prime \u00e0 la conversion et \u00e9galement d&rsquo;un bonus \u00e9cologique de 7000\u20ac, soit un total de 12 000\u20ac !<\/p>\n<h3>DS7 Crossback So Chic E-Tense 4&#215;4 300 Chevaux<\/h3>\n<p>Dot\u00e9 d&rsquo;un \u00e9cran tactile 12 pouces, de projecteurs Xenon, des packs Auto Confort, Si\u00e8ges Confort, S\u00e9curit\u00e9, de la calandre DS Wings chrom\u00e9e, d&rsquo;un plancher de coffre avec zone de rangement int\u00e9gr\u00e9e pour le c\u00e2ble de recharge et d&rsquo;un chargeur de 6,6 kW, le SUV DS vous fait profiter d&rsquo;une prime \u00e0 la conversion de 5000\u20ac et, nouveaut\u00e9, d&rsquo;un bonus \u00e9cologique de 2000\u20ac ! Soit 7000\u20ac au total d&rsquo;aides pour l&rsquo;achat du <strong>DS7 Crossback hybride rechargeable<\/strong> !<\/p>\n<p>Il est \u00e9galement important de noter que les <strong>personnes r\u00e9sidant ou travaillant dans des Zones \u00e0 Faibles Emissions pourront b\u00e9n\u00e9ficier de 2000\u20ac suppl\u00e9mentaires sur la prime \u00e0 la conversion<\/strong>.<\/p>\n","protected":false},"excerpt":{"rendered":"<p>Les ventes d&rsquo;automobiles repartent de plus belle depuis quelques jours, et pour cause, les annonces faites par le gouvernement concernant la prime \u00e0 la conversion et le bonus \u00e9cologique ont motiv\u00e9 les automobilistes \u00e0 passer \u00e0 l&rsquo;achat plus rapidement.<\/p>\n","protected":false},"author":1,"featured_media":5882,"comment_status":"open","ping_status":"open","sticky":false,"template":"","format":"standard","meta":{"_acf_changed":false,"content-type":"","footnotes":""},"categories":[5],"tags":[90,79,74,105,110,109,106,108,107,73,78,96],"class_list":["post-3822","post","type-post","status-publish","format-standard","has-post-thumbnail","hentry","category-actualite-automobile","tag-autojm","tag-citroen","tag-dacia","tag-ds","tag-fiat","tag-ford","tag-kia","tag-nissan","tag-opel","tag-peugeot","tag-renault","tag-volkswagen"],"acf":[],"yoast_head":"<!-- This site is optimized with the Yoast SEO plugin v27.5 - https:\/\/yoast.com\/product\/yoast-seo-wordpress\/ -->\n<title>Trouver un v\u00e9hicule soumis \u00e0 la prime \u00e0 la conversion 2020<\/title>\n<meta name=\"description\" content=\"Les ventes d&#039;automobiles repartent de plus belle depuis quelques jours, et pour cause, les annonces faites par le gouvernement concernant...\" \/>\n<meta name=\"robots\" content=\"index, follow, max-snippet:-1, max-image-preview:large, max-video-preview:-1\" \/>\n<link rel=\"canonical\" href=\"https:\/\/www.autojm.fr\/blog\/trouver-un-vehicule-soumis-a-la-prime-a-la-conversion-2020\/\" \/>\n<meta property=\"og:locale\" content=\"fr_FR\" \/>\n<meta property=\"og:type\" content=\"article\" \/>\n<meta property=\"og:title\" content=\"Trouver un v\u00e9hicule soumis \u00e0 la prime \u00e0 la conversion 2020\" \/>\n<meta property=\"og:description\" content=\"Les ventes d&#039;automobiles repartent de plus belle depuis quelques jours, et pour cause, les annonces faites par le gouvernement concernant...\" \/>\n<meta property=\"og:url\" content=\"https:\/\/www.autojm.fr\/blog\/trouver-un-vehicule-soumis-a-la-prime-a-la-conversion-2020\/\" \/>\n<meta property=\"og:site_name\" content=\"AutoJM Mag\" \/>\n<meta property=\"article:publisher\" content=\"https:\/\/www.facebook.com\/AutoJM25\" \/>\n<meta property=\"article:published_time\" content=\"2020-06-10T00:00:00+00:00\" \/>\n<meta property=\"article:modified_time\" content=\"2023-04-19T12:07:44+00:00\" \/>\n<meta property=\"og:image\" content=\"https:\/\/www.autojm.fr\/blog\/wp-content\/uploads\/2022\/10\/550-scaled.jpg\" \/>\n\t<meta property=\"og:image:width\" content=\"2560\" \/>\n\t<meta property=\"og:image:height\" content=\"1160\" \/>\n\t<meta property=\"og:image:type\" content=\"image\/jpeg\" \/>\n<meta name=\"author\" content=\"Autojm\" \/>\n<meta name=\"twitter:card\" content=\"summary_large_image\" \/>\n<meta name=\"twitter:label1\" content=\"\u00c9crit par\" \/>\n\t<meta name=\"twitter:data1\" content=\"Autojm\" \/>\n\t<meta name=\"twitter:label2\" content=\"Dur\u00e9e de lecture estim\u00e9e\" \/>\n\t<meta name=\"twitter:data2\" content=\"4 minutes\" \/>\n<script type=\"application\/ld+json\" class=\"yoast-schema-graph\">{\"@context\":\"https:\\\/\\\/schema.org\",\"@graph\":[{\"@type\":\"Article\",\"@id\":\"https:\\\/\\\/www.autojm.fr\\\/blog\\\/trouver-un-vehicule-soumis-a-la-prime-a-la-conversion-2020\\\/#article\",\"isPartOf\":{\"@id\":\"https:\\\/\\\/www.autojm.fr\\\/blog\\\/trouver-un-vehicule-soumis-a-la-prime-a-la-conversion-2020\\\/\"},\"author\":{\"name\":\"Autojm\",\"@id\":\"https:\\\/\\\/www.autojm.fr\\\/blog\\\/#\\\/schema\\\/person\\\/9742bc77541853e0de81fc57f947e1a0\"},\"headline\":\"Trouver un v\u00e9hicule soumis \u00e0 la prime \u00e0 la conversion 2020\",\"datePublished\":\"2020-06-10T00:00:00+00:00\",\"dateModified\":\"2023-04-19T12:07:44+00:00\",\"mainEntityOfPage\":{\"@id\":\"https:\\\/\\\/www.autojm.fr\\\/blog\\\/trouver-un-vehicule-soumis-a-la-prime-a-la-conversion-2020\\\/\"},\"wordCount\":648,\"commentCount\":0,\"publisher\":{\"@id\":\"https:\\\/\\\/www.autojm.fr\\\/blog\\\/#organization\"},\"image\":{\"@id\":\"https:\\\/\\\/www.autojm.fr\\\/blog\\\/trouver-un-vehicule-soumis-a-la-prime-a-la-conversion-2020\\\/#primaryimage\"},\"thumbnailUrl\":\"https:\\\/\\\/www.autojm.fr\\\/blog\\\/wp-content\\\/uploads\\\/2022\\\/10\\\/550-scaled.jpg\",\"keywords\":[\"autojm\",\"citroen\",\"dacia\",\"DS\",\"Fiat\",\"Ford\",\"Kia\",\"Nissan\",\"Opel\",\"peugeot\",\"renault\",\"Volkswagen\"],\"articleSection\":[\"Actualit\u00e9 Automobile\"],\"inLanguage\":\"fr-FR\",\"potentialAction\":[{\"@type\":\"CommentAction\",\"name\":\"Comment\",\"target\":[\"https:\\\/\\\/www.autojm.fr\\\/blog\\\/trouver-un-vehicule-soumis-a-la-prime-a-la-conversion-2020\\\/#respond\"]}]},{\"@type\":\"WebPage\",\"@id\":\"https:\\\/\\\/www.autojm.fr\\\/blog\\\/trouver-un-vehicule-soumis-a-la-prime-a-la-conversion-2020\\\/\",\"url\":\"https:\\\/\\\/www.autojm.fr\\\/blog\\\/trouver-un-vehicule-soumis-a-la-prime-a-la-conversion-2020\\\/\",\"name\":\"Trouver un v\u00e9hicule soumis \u00e0 la prime \u00e0 la conversion 2020\",\"isPartOf\":{\"@id\":\"https:\\\/\\\/www.autojm.fr\\\/blog\\\/#website\"},\"primaryImageOfPage\":{\"@id\":\"https:\\\/\\\/www.autojm.fr\\\/blog\\\/trouver-un-vehicule-soumis-a-la-prime-a-la-conversion-2020\\\/#primaryimage\"},\"image\":{\"@id\":\"https:\\\/\\\/www.autojm.fr\\\/blog\\\/trouver-un-vehicule-soumis-a-la-prime-a-la-conversion-2020\\\/#primaryimage\"},\"thumbnailUrl\":\"https:\\\/\\\/www.autojm.fr\\\/blog\\\/wp-content\\\/uploads\\\/2022\\\/10\\\/550-scaled.jpg\",\"datePublished\":\"2020-06-10T00:00:00+00:00\",\"dateModified\":\"2023-04-19T12:07:44+00:00\",\"description\":\"Les ventes d'automobiles repartent de plus belle depuis quelques jours, et pour cause, les annonces faites par le gouvernement concernant...\",\"breadcrumb\":{\"@id\":\"https:\\\/\\\/www.autojm.fr\\\/blog\\\/trouver-un-vehicule-soumis-a-la-prime-a-la-conversion-2020\\\/#breadcrumb\"},\"inLanguage\":\"fr-FR\",\"potentialAction\":[{\"@type\":\"ReadAction\",\"target\":[\"https:\\\/\\\/www.autojm.fr\\\/blog\\\/trouver-un-vehicule-soumis-a-la-prime-a-la-conversion-2020\\\/\"]}]},{\"@type\":\"ImageObject\",\"inLanguage\":\"fr-FR\",\"@id\":\"https:\\\/\\\/www.autojm.fr\\\/blog\\\/trouver-un-vehicule-soumis-a-la-prime-a-la-conversion-2020\\\/#primaryimage\",\"url\":\"https:\\\/\\\/www.autojm.fr\\\/blog\\\/wp-content\\\/uploads\\\/2022\\\/10\\\/550-scaled.jpg\",\"contentUrl\":\"https:\\\/\\\/www.autojm.fr\\\/blog\\\/wp-content\\\/uploads\\\/2022\\\/10\\\/550-scaled.jpg\",\"width\":2560,\"height\":1160,\"caption\":\"Prime \u00e0 la conversion\"},{\"@type\":\"BreadcrumbList\",\"@id\":\"https:\\\/\\\/www.autojm.fr\\\/blog\\\/trouver-un-vehicule-soumis-a-la-prime-a-la-conversion-2020\\\/#breadcrumb\",\"itemListElement\":[{\"@type\":\"ListItem\",\"position\":1,\"name\":\"Accueil\",\"item\":\"https:\\\/\\\/www.autojm.fr\\\/blog\\\/\"},{\"@type\":\"ListItem\",\"position\":2,\"name\":\"Actualit\u00e9 Automobile\",\"item\":\"https:\\\/\\\/www.autojm.fr\\\/blog\\\/actualite-automobile\\\/\"},{\"@type\":\"ListItem\",\"position\":3,\"name\":\"Trouver un v\u00e9hicule soumis \u00e0 la prime \u00e0 la conversion 2020\"}]},{\"@type\":\"WebSite\",\"@id\":\"https:\\\/\\\/www.autojm.fr\\\/blog\\\/#website\",\"url\":\"https:\\\/\\\/www.autojm.fr\\\/blog\\\/\",\"name\":\"AutoJM Mag\",\"description\":\"Toute l&#039;actu auto en 1 clic !\",\"publisher\":{\"@id\":\"https:\\\/\\\/www.autojm.fr\\\/blog\\\/#organization\"},\"potentialAction\":[{\"@type\":\"SearchAction\",\"target\":{\"@type\":\"EntryPoint\",\"urlTemplate\":\"https:\\\/\\\/www.autojm.fr\\\/blog\\\/?s={search_term_string}\"},\"query-input\":{\"@type\":\"PropertyValueSpecification\",\"valueRequired\":true,\"valueName\":\"search_term_string\"}}],\"inLanguage\":\"fr-FR\"},{\"@type\":\"Organization\",\"@id\":\"https:\\\/\\\/www.autojm.fr\\\/blog\\\/#organization\",\"name\":\"AutoJM Mag\",\"url\":\"https:\\\/\\\/www.autojm.fr\\\/blog\\\/\",\"logo\":{\"@type\":\"ImageObject\",\"inLanguage\":\"fr-FR\",\"@id\":\"https:\\\/\\\/www.autojm.fr\\\/blog\\\/#\\\/schema\\\/logo\\\/image\\\/\",\"url\":\"https:\\\/\\\/www.autojm.fr\\\/blog\\\/wp-content\\\/uploads\\\/2022\\\/12\\\/cropped-AutoJMag-png.png\",\"contentUrl\":\"https:\\\/\\\/www.autojm.fr\\\/blog\\\/wp-content\\\/uploads\\\/2022\\\/12\\\/cropped-AutoJMag-png.png\",\"width\":2834,\"height\":585,\"caption\":\"AutoJM Mag\"},\"image\":{\"@id\":\"https:\\\/\\\/www.autojm.fr\\\/blog\\\/#\\\/schema\\\/logo\\\/image\\\/\"},\"sameAs\":[\"https:\\\/\\\/www.facebook.com\\\/AutoJM25\"]},{\"@type\":\"Person\",\"@id\":\"https:\\\/\\\/www.autojm.fr\\\/blog\\\/#\\\/schema\\\/person\\\/9742bc77541853e0de81fc57f947e1a0\",\"name\":\"Autojm\",\"image\":{\"@type\":\"ImageObject\",\"inLanguage\":\"fr-FR\",\"@id\":\"https:\\\/\\\/secure.gravatar.com\\\/avatar\\\/9a959d52b758fcc232fe4b6aca7bab139182573297122cce7d6f2ee0e537b418?s=96&d=mm&r=g\",\"url\":\"https:\\\/\\\/secure.gravatar.com\\\/avatar\\\/9a959d52b758fcc232fe4b6aca7bab139182573297122cce7d6f2ee0e537b418?s=96&d=mm&r=g\",\"contentUrl\":\"https:\\\/\\\/secure.gravatar.com\\\/avatar\\\/9a959d52b758fcc232fe4b6aca7bab139182573297122cce7d6f2ee0e537b418?s=96&d=mm&r=g\",\"caption\":\"Autojm\"},\"sameAs\":[\"https:\\\/\\\/www.autojm.fr\\\/blog\"],\"url\":\"https:\\\/\\\/www.autojm.fr\\\/blog\\\/author\\\/bichoi\\\/\"}]}<\/script>\n<!-- \/ Yoast SEO plugin. -->","yoast_head_json":{"title":"Trouver un v\u00e9hicule soumis \u00e0 la prime \u00e0 la conversion 2020","description":"Les ventes d'automobiles repartent de plus belle depuis quelques jours, et pour cause, les annonces faites par le gouvernement concernant...","robots":{"index":"index","follow":"follow","max-snippet":"max-snippet:-1","max-image-preview":"max-image-preview:large","max-video-preview":"max-video-preview:-1"},"canonical":"https:\/\/www.autojm.fr\/blog\/trouver-un-vehicule-soumis-a-la-prime-a-la-conversion-2020\/","og_locale":"fr_FR","og_type":"article","og_title":"Trouver un v\u00e9hicule soumis \u00e0 la prime \u00e0 la conversion 2020","og_description":"Les ventes d'automobiles repartent de plus belle depuis quelques jours, et pour cause, les annonces faites par le gouvernement concernant...","og_url":"https:\/\/www.autojm.fr\/blog\/trouver-un-vehicule-soumis-a-la-prime-a-la-conversion-2020\/","og_site_name":"AutoJM Mag","article_publisher":"https:\/\/www.facebook.com\/AutoJM25","article_published_time":"2020-06-10T00:00:00+00:00","article_modified_time":"2023-04-19T12:07:44+00:00","og_image":[{"width":2560,"height":1160,"url":"https:\/\/www.autojm.fr\/blog\/wp-content\/uploads\/2022\/10\/550-scaled.jpg","type":"image\/jpeg"}],"author":"Autojm","twitter_card":"summary_large_image","twitter_misc":{"\u00c9crit par":"Autojm","Dur\u00e9e de lecture estim\u00e9e":"4 minutes"},"schema":{"@context":"https:\/\/schema.org","@graph":[{"@type":"Article","@id":"https:\/\/www.autojm.fr\/blog\/trouver-un-vehicule-soumis-a-la-prime-a-la-conversion-2020\/#article","isPartOf":{"@id":"https:\/\/www.autojm.fr\/blog\/trouver-un-vehicule-soumis-a-la-prime-a-la-conversion-2020\/"},"author":{"name":"Autojm","@id":"https:\/\/www.autojm.fr\/blog\/#\/schema\/person\/9742bc77541853e0de81fc57f947e1a0"},"headline":"Trouver un v\u00e9hicule soumis \u00e0 la prime \u00e0 la conversion 2020","datePublished":"2020-06-10T00:00:00+00:00","dateModified":"2023-04-19T12:07:44+00:00","mainEntityOfPage":{"@id":"https:\/\/www.autojm.fr\/blog\/trouver-un-vehicule-soumis-a-la-prime-a-la-conversion-2020\/"},"wordCount":648,"commentCount":0,"publisher":{"@id":"https:\/\/www.autojm.fr\/blog\/#organization"},"image":{"@id":"https:\/\/www.autojm.fr\/blog\/trouver-un-vehicule-soumis-a-la-prime-a-la-conversion-2020\/#primaryimage"},"thumbnailUrl":"https:\/\/www.autojm.fr\/blog\/wp-content\/uploads\/2022\/10\/550-scaled.jpg","keywords":["autojm","citroen","dacia","DS","Fiat","Ford","Kia","Nissan","Opel","peugeot","renault","Volkswagen"],"articleSection":["Actualit\u00e9 Automobile"],"inLanguage":"fr-FR","potentialAction":[{"@type":"CommentAction","name":"Comment","target":["https:\/\/www.autojm.fr\/blog\/trouver-un-vehicule-soumis-a-la-prime-a-la-conversion-2020\/#respond"]}]},{"@type":"WebPage","@id":"https:\/\/www.autojm.fr\/blog\/trouver-un-vehicule-soumis-a-la-prime-a-la-conversion-2020\/","url":"https:\/\/www.autojm.fr\/blog\/trouver-un-vehicule-soumis-a-la-prime-a-la-conversion-2020\/","name":"Trouver un v\u00e9hicule soumis \u00e0 la prime \u00e0 la conversion 2020","isPartOf":{"@id":"https:\/\/www.autojm.fr\/blog\/#website"},"primaryImageOfPage":{"@id":"https:\/\/www.autojm.fr\/blog\/trouver-un-vehicule-soumis-a-la-prime-a-la-conversion-2020\/#primaryimage"},"image":{"@id":"https:\/\/www.autojm.fr\/blog\/trouver-un-vehicule-soumis-a-la-prime-a-la-conversion-2020\/#primaryimage"},"thumbnailUrl":"https:\/\/www.autojm.fr\/blog\/wp-content\/uploads\/2022\/10\/550-scaled.jpg","datePublished":"2020-06-10T00:00:00+00:00","dateModified":"2023-04-19T12:07:44+00:00","description":"Les ventes d'automobiles repartent de plus belle depuis quelques jours, et pour cause, les annonces faites par le gouvernement concernant...","breadcrumb":{"@id":"https:\/\/www.autojm.fr\/blog\/trouver-un-vehicule-soumis-a-la-prime-a-la-conversion-2020\/#breadcrumb"},"inLanguage":"fr-FR","potentialAction":[{"@type":"ReadAction","target":["https:\/\/www.autojm.fr\/blog\/trouver-un-vehicule-soumis-a-la-prime-a-la-conversion-2020\/"]}]},{"@type":"ImageObject","inLanguage":"fr-FR","@id":"https:\/\/www.autojm.fr\/blog\/trouver-un-vehicule-soumis-a-la-prime-a-la-conversion-2020\/#primaryimage","url":"https:\/\/www.autojm.fr\/blog\/wp-content\/uploads\/2022\/10\/550-scaled.jpg","contentUrl":"https:\/\/www.autojm.fr\/blog\/wp-content\/uploads\/2022\/10\/550-scaled.jpg","width":2560,"height":1160,"caption":"Prime \u00e0 la conversion"},{"@type":"BreadcrumbList","@id":"https:\/\/www.autojm.fr\/blog\/trouver-un-vehicule-soumis-a-la-prime-a-la-conversion-2020\/#breadcrumb","itemListElement":[{"@type":"ListItem","position":1,"name":"Accueil","item":"https:\/\/www.autojm.fr\/blog\/"},{"@type":"ListItem","position":2,"name":"Actualit\u00e9 Automobile","item":"https:\/\/www.autojm.fr\/blog\/actualite-automobile\/"},{"@type":"ListItem","position":3,"name":"Trouver un v\u00e9hicule soumis \u00e0 la prime \u00e0 la conversion 2020"}]},{"@type":"WebSite","@id":"https:\/\/www.autojm.fr\/blog\/#website","url":"https:\/\/www.autojm.fr\/blog\/","name":"AutoJM Mag","description":"Toute l&#039;actu auto en 1 clic !","publisher":{"@id":"https:\/\/www.autojm.fr\/blog\/#organization"},"potentialAction":[{"@type":"SearchAction","target":{"@type":"EntryPoint","urlTemplate":"https:\/\/www.autojm.fr\/blog\/?s={search_term_string}"},"query-input":{"@type":"PropertyValueSpecification","valueRequired":true,"valueName":"search_term_string"}}],"inLanguage":"fr-FR"},{"@type":"Organization","@id":"https:\/\/www.autojm.fr\/blog\/#organization","name":"AutoJM Mag","url":"https:\/\/www.autojm.fr\/blog\/","logo":{"@type":"ImageObject","inLanguage":"fr-FR","@id":"https:\/\/www.autojm.fr\/blog\/#\/schema\/logo\/image\/","url":"https:\/\/www.autojm.fr\/blog\/wp-content\/uploads\/2022\/12\/cropped-AutoJMag-png.png","contentUrl":"https:\/\/www.autojm.fr\/blog\/wp-content\/uploads\/2022\/12\/cropped-AutoJMag-png.png","width":2834,"height":585,"caption":"AutoJM Mag"},"image":{"@id":"https:\/\/www.autojm.fr\/blog\/#\/schema\/logo\/image\/"},"sameAs":["https:\/\/www.facebook.com\/AutoJM25"]},{"@type":"Person","@id":"https:\/\/www.autojm.fr\/blog\/#\/schema\/person\/9742bc77541853e0de81fc57f947e1a0","name":"Autojm","image":{"@type":"ImageObject","inLanguage":"fr-FR","@id":"https:\/\/secure.gravatar.com\/avatar\/9a959d52b758fcc232fe4b6aca7bab139182573297122cce7d6f2ee0e537b418?s=96&d=mm&r=g","url":"https:\/\/secure.gravatar.com\/avatar\/9a959d52b758fcc232fe4b6aca7bab139182573297122cce7d6f2ee0e537b418?s=96&d=mm&r=g","contentUrl":"https:\/\/secure.gravatar.com\/avatar\/9a959d52b758fcc232fe4b6aca7bab139182573297122cce7d6f2ee0e537b418?s=96&d=mm&r=g","caption":"Autojm"},"sameAs":["https:\/\/www.autojm.fr\/blog"],"url":"https:\/\/www.autojm.fr\/blog\/author\/bichoi\/"}]}},"_links":{"self":[{"href":"https:\/\/www.autojm.fr\/blog\/wp-json\/wp\/v2\/posts\/3822","targetHints":{"allow":["GET"]}}],"collection":[{"href":"https:\/\/www.autojm.fr\/blog\/wp-json\/wp\/v2\/posts"}],"about":[{"href":"https:\/\/www.autojm.fr\/blog\/wp-json\/wp\/v2\/types\/post"}],"author":[{"embeddable":true,"href":"https:\/\/www.autojm.fr\/blog\/wp-json\/wp\/v2\/users\/1"}],"replies":[{"embeddable":true,"href":"https:\/\/www.autojm.fr\/blog\/wp-json\/wp\/v2\/comments?post=3822"}],"version-history":[{"count":6,"href":"https:\/\/www.autojm.fr\/blog\/wp-json\/wp\/v2\/posts\/3822\/revisions"}],"predecessor-version":[{"id":9553,"href":"https:\/\/www.autojm.fr\/blog\/wp-json\/wp\/v2\/posts\/3822\/revisions\/9553"}],"wp:featuredmedia":[{"embeddable":true,"href":"https:\/\/www.autojm.fr\/blog\/wp-json\/wp\/v2\/media\/5882"}],"wp:attachment":[{"href":"https:\/\/www.autojm.fr\/blog\/wp-json\/wp\/v2\/media?parent=3822"}],"wp:term":[{"taxonomy":"category","embeddable":true,"href":"https:\/\/www.autojm.fr\/blog\/wp-json\/wp\/v2\/categories?post=3822"},{"taxonomy":"post_tag","embeddable":true,"href":"https:\/\/www.autojm.fr\/blog\/wp-json\/wp\/v2\/tags?post=3822"}],"curies":[{"name":"wp","href":"https:\/\/api.w.org\/{rel}","templated":true}]}}