{"id":3820,"date":"2020-06-05T00:00:00","date_gmt":"2020-06-05T00:00:00","guid":{"rendered":"https:\/\/www.autojm.fr\/blog\/brexit-consequences-sur-le-marche-automobile\/"},"modified":"2023-04-19T12:08:12","modified_gmt":"2023-04-19T12:08:12","slug":"brexit-consequences-sur-le-marche-automobile","status":"publish","type":"post","link":"https:\/\/www.autojm.fr\/blog\/brexit-consequences-sur-le-marche-automobile\/","title":{"rendered":"Brexit : cons\u00e9quences sur le march\u00e9 automobile"},"content":{"rendered":"<p>Voil\u00e0 quelques mois que l&rsquo;Angleterre a annonc\u00e9 officiellement sa sortie de l&rsquo;Union Europ\u00e9enne. Le Brexit est devenu alors l&rsquo;un de sujets de conversation les plus courants : qu&rsquo;adviendra-t-il des travailleurs \u00e9trangers en Angleterre, des voyages entre l&rsquo;Angleterre et le reste de l&rsquo;Europe, et, plus pr\u00e9cis\u00e9ment pour le domaine de l&rsquo;automobile, comment se passeront les \u00e9changes avec l&rsquo;Union Europ\u00e9enne ? Cette derni\u00e8re question est particuli\u00e8rement soulev\u00e9e ces derniers temps car le constructeur Nissan pourrait bien fermer son <strong>usine de Sunderland<\/strong> (nord du Royaume-Uni) si les \u00e9changes sont tax\u00e9s, comme pr\u00e9vu. Zoom sur cette affaire.<\/p>\n<h2>Taxe d&rsquo;exportation de 10%<\/h2>\n<p>Suite \u00e0 l&rsquo;annonce de sa sortie de l&rsquo;Union Europ\u00e9enne, le Royaume-Uni a conclu un accord avec l&rsquo;Europe stipulant que la <strong>sortie d\u00e9finitive se fera en 2021<\/strong>, ce qui laisse quelques mois \u00e0 l&rsquo;Angleterre pour organiser sa future vie \u00e9conomique en tant qu&rsquo;ind\u00e9pendant. Sa pr\u00e9sence parmi les pays d&rsquo;Europe permettait \u00e0 l&rsquo;Angleterre de faciliter ses \u00e9changes avec ses voisins de l&rsquo;Union Europ\u00e9enne. Les constructeurs automobiles peuvent encore \u00e0 l&rsquo;heure d&rsquo;aujourd&rsquo;hui exporter les v\u00e9hicules &#8211; en France par exemple &#8211; sans payer la moindre taxe, ce qui ne sera plus le cas d&rsquo;ici 2021. Le Royaume-Uni \u00e9labore d&rsquo;ailleurs une strat\u00e9gie qui ferait monter \u00e0 10% la taxe sur les v\u00e9hicules qui sortent de son territoire.<\/p>\n<h2>Nissan s&rsquo;inqui\u00e8te pour l&rsquo;usine de Sunderland<\/h2>\n<p>Un chiffre qui inqui\u00e8te <a href=\"https:\/\/www.autojm.fr\/mandataire-voitures-neuves-nissan?part=blog&amp;utm_source=articleblog050620&amp;utm_medium=blog\">Nissan<\/a>, et menace le fonctionnement de son entreprise de Sunderland. Avec une <strong>taxe de 10%<\/strong>, les co\u00fbts deviendraient trop importants et l&rsquo;usine devrait fermer ses portes. Ashwani Gupta, chef de l&rsquo;exploitation chez Nissan, a d\u00e9clar\u00e9 \u00e0 la BBC avoir pr\u00e9venu les responsables de ce projet \u00ab\u00a0Vous savez que nous sommes le premier constructeur automobile au Royaume-Uni et nous voulons continuer. Nous sommes d\u00e9termin\u00e9s. Cela dit, si nous n&rsquo;obtenons pas les tarifs actuels, ce n&rsquo;est pas notre intention, mais l&rsquo;entreprise ne pourra pas survivre. C&rsquo;est ce que tout le monde doit comprendre\u00a0\u00bb.<br \/>\nEn tirant l&rsquo;alarme sur l&rsquo;avenir de son entreprise, le constructeur japonais esp\u00e8re bien faire entendre raison et <strong>pouvoir maintenir les co\u00fbts \u00e0 l&rsquo;\u00e9tat actuel, soit l&rsquo;absence de taxe<\/strong>. Il reste quelques mois \u00e0 Nissan pour convaincre le Royaume-Uni, car la ville de Londres a d\u00e9clar\u00e9 que les n\u00e9gociations ne seraient pas prolong\u00e9es au-del\u00e0 de la date butoir aujourd&rsquo;hui \u00e9tablie \u00e0 fin 2020. Le constructeur automobile avait d\u00e9j\u00e0 annonc\u00e9 la semaine derni\u00e8re la <strong>fermeture pour d\u00e9cembre 2020 de son usine situ\u00e9e \u00e0 Barcelone, qui emploie pr\u00e8s de 3 000 personnes<\/strong>.<\/p>\n<h2>L&rsquo;activit\u00e9 de l&rsquo;usine automobile<\/h2>\n<p>L&rsquo;usine de Sunderland est l&rsquo;une des plus importantes du territoire anglais : elle a <strong>produit pas moins de 350 000 v\u00e9hicules l&rsquo;an dernier<\/strong>, dont des mod\u00e8les phares comme le <strong>Nissan Juke et le Nissan Qashqai<\/strong>. Elle emploie environ <strong>6000 personnes<\/strong>, et <strong>la cha\u00eene d&rsquo;approvisionnement compte 27 000 autres emplois<\/strong>. <strong>En 2018, 442 000 voitures (selon Capital.fr) sont sorties de cette usine<\/strong>, et <strong>70% \u00e9taient destin\u00e9s \u00e0 l&rsquo;Union Europ\u00e9enne<\/strong>. On peut donc imaginer le co\u00fbt que cela repr\u00e9senterait si chaque v\u00e9hicule \u00e9tait tax\u00e9 de 10%.<\/p>\n<p>Le constructeur Japonais pourrait \u00eatre contraint de d\u00e9m\u00e9nager en Europe si toutefois l&rsquo;Angleterre maintient sa volont\u00e9 de taxer les exportations de v\u00e9hicules vers les pays de l&rsquo;Union Europ\u00e9enne. Ce cas de figure n&rsquo;est pas un projet rassurant pour l&rsquo;Angleterre qui subit d\u00e9j\u00e0 les cons\u00e9quences de la crise du Covid-19 : le constructeur de voiture de luxe <strong>Aston Martin a d\u00e9j\u00e0 annonc\u00e9 500 licenciements sur le territoire anglais<\/strong>.<\/p>\n<p style=\"margin-top: 1.75em; margin-bottom: 1.75em; font-size: 0.813em; line-height: 1.5em; color: #666666; font-family: Arial, Helvetica, sans-serif;\">\n","protected":false},"excerpt":{"rendered":"<p>Voil\u00e0 quelques mois que l&rsquo;Angleterre a annonc\u00e9 officiellement sa sortie de l&rsquo;Union Europ\u00e9enne. Le Brexit est devenu alors l&rsquo;un de sujets de conversation les plus courants : qu&rsquo;adviendra-t-il des travailleurs \u00e9trangers en Angleterre, des voyages entre l&rsquo;Angleterre et le reste de l&rsquo;Europe, et, plus pr\u00e9cis\u00e9ment pour le domaine de l&rsquo;automobile, comment se passeront les \u00e9changes avec l&rsquo;Union Europ\u00e9enne ?<\/p>\n","protected":false},"author":1,"featured_media":5880,"comment_status":"open","ping_status":"open","sticky":false,"template":"","format":"standard","meta":{"_acf_changed":false,"content-type":"","footnotes":""},"categories":[5],"tags":[90,79,74,105,110,109,106,108,107,73,78,96],"class_list":["post-3820","post","type-post","status-publish","format-standard","has-post-thumbnail","hentry","category-actualite-automobile","tag-autojm","tag-citroen","tag-dacia","tag-ds","tag-fiat","tag-ford","tag-kia","tag-nissan","tag-opel","tag-peugeot","tag-renault","tag-volkswagen"],"acf":[],"yoast_head":"<!-- This site is optimized with the Yoast SEO plugin v27.5 - https:\/\/yoast.com\/product\/yoast-seo-wordpress\/ -->\n<title>Brexit : cons\u00e9quences sur le march\u00e9 automobile - AutoJM Mag<\/title>\n<meta name=\"description\" content=\"Voil\u00e0 quelques mois que l&#039;Angleterre a annonc\u00e9 officiellement sa sortie de l&#039;Union Europ\u00e9enne. Le Brexit est devenu alors l&#039;un de sujets...\" \/>\n<meta name=\"robots\" content=\"index, follow, max-snippet:-1, max-image-preview:large, max-video-preview:-1\" \/>\n<link rel=\"canonical\" href=\"https:\/\/www.autojm.fr\/blog\/brexit-consequences-sur-le-marche-automobile\/\" \/>\n<meta property=\"og:locale\" content=\"fr_FR\" \/>\n<meta property=\"og:type\" content=\"article\" \/>\n<meta property=\"og:title\" content=\"Brexit : cons\u00e9quences sur le march\u00e9 automobile - AutoJM Mag\" \/>\n<meta property=\"og:description\" content=\"Voil\u00e0 quelques mois que l&#039;Angleterre a annonc\u00e9 officiellement sa sortie de l&#039;Union Europ\u00e9enne. Le Brexit est devenu alors l&#039;un de sujets...\" \/>\n<meta property=\"og:url\" content=\"https:\/\/www.autojm.fr\/blog\/brexit-consequences-sur-le-marche-automobile\/\" \/>\n<meta property=\"og:site_name\" content=\"AutoJM Mag\" \/>\n<meta property=\"article:publisher\" content=\"https:\/\/www.facebook.com\/AutoJM25\" \/>\n<meta property=\"article:published_time\" content=\"2020-06-05T00:00:00+00:00\" \/>\n<meta property=\"article:modified_time\" content=\"2023-04-19T12:08:12+00:00\" \/>\n<meta property=\"og:image\" content=\"https:\/\/www.autojm.fr\/blog\/wp-content\/uploads\/2022\/10\/548.jpg\" \/>\n\t<meta property=\"og:image:width\" content=\"1024\" \/>\n\t<meta property=\"og:image:height\" content=\"465\" \/>\n\t<meta property=\"og:image:type\" content=\"image\/jpeg\" \/>\n<meta name=\"author\" content=\"Autojm\" \/>\n<meta name=\"twitter:card\" content=\"summary_large_image\" \/>\n<meta name=\"twitter:label1\" content=\"\u00c9crit par\" \/>\n\t<meta name=\"twitter:data1\" content=\"Autojm\" \/>\n\t<meta name=\"twitter:label2\" content=\"Dur\u00e9e de lecture estim\u00e9e\" \/>\n\t<meta name=\"twitter:data2\" content=\"3 minutes\" \/>\n<script type=\"application\/ld+json\" class=\"yoast-schema-graph\">{\"@context\":\"https:\\\/\\\/schema.org\",\"@graph\":[{\"@type\":\"Article\",\"@id\":\"https:\\\/\\\/www.autojm.fr\\\/blog\\\/brexit-consequences-sur-le-marche-automobile\\\/#article\",\"isPartOf\":{\"@id\":\"https:\\\/\\\/www.autojm.fr\\\/blog\\\/brexit-consequences-sur-le-marche-automobile\\\/\"},\"author\":{\"name\":\"Autojm\",\"@id\":\"https:\\\/\\\/www.autojm.fr\\\/blog\\\/#\\\/schema\\\/person\\\/9742bc77541853e0de81fc57f947e1a0\"},\"headline\":\"Brexit : cons\u00e9quences sur le march\u00e9 automobile\",\"datePublished\":\"2020-06-05T00:00:00+00:00\",\"dateModified\":\"2023-04-19T12:08:12+00:00\",\"mainEntityOfPage\":{\"@id\":\"https:\\\/\\\/www.autojm.fr\\\/blog\\\/brexit-consequences-sur-le-marche-automobile\\\/\"},\"wordCount\":578,\"commentCount\":0,\"publisher\":{\"@id\":\"https:\\\/\\\/www.autojm.fr\\\/blog\\\/#organization\"},\"image\":{\"@id\":\"https:\\\/\\\/www.autojm.fr\\\/blog\\\/brexit-consequences-sur-le-marche-automobile\\\/#primaryimage\"},\"thumbnailUrl\":\"https:\\\/\\\/www.autojm.fr\\\/blog\\\/wp-content\\\/uploads\\\/2022\\\/10\\\/548.jpg\",\"keywords\":[\"autojm\",\"citroen\",\"dacia\",\"DS\",\"Fiat\",\"Ford\",\"Kia\",\"Nissan\",\"Opel\",\"peugeot\",\"renault\",\"Volkswagen\"],\"articleSection\":[\"Actualit\u00e9 Automobile\"],\"inLanguage\":\"fr-FR\",\"potentialAction\":[{\"@type\":\"CommentAction\",\"name\":\"Comment\",\"target\":[\"https:\\\/\\\/www.autojm.fr\\\/blog\\\/brexit-consequences-sur-le-marche-automobile\\\/#respond\"]}]},{\"@type\":\"WebPage\",\"@id\":\"https:\\\/\\\/www.autojm.fr\\\/blog\\\/brexit-consequences-sur-le-marche-automobile\\\/\",\"url\":\"https:\\\/\\\/www.autojm.fr\\\/blog\\\/brexit-consequences-sur-le-marche-automobile\\\/\",\"name\":\"Brexit : cons\u00e9quences sur le march\u00e9 automobile - AutoJM Mag\",\"isPartOf\":{\"@id\":\"https:\\\/\\\/www.autojm.fr\\\/blog\\\/#website\"},\"primaryImageOfPage\":{\"@id\":\"https:\\\/\\\/www.autojm.fr\\\/blog\\\/brexit-consequences-sur-le-marche-automobile\\\/#primaryimage\"},\"image\":{\"@id\":\"https:\\\/\\\/www.autojm.fr\\\/blog\\\/brexit-consequences-sur-le-marche-automobile\\\/#primaryimage\"},\"thumbnailUrl\":\"https:\\\/\\\/www.autojm.fr\\\/blog\\\/wp-content\\\/uploads\\\/2022\\\/10\\\/548.jpg\",\"datePublished\":\"2020-06-05T00:00:00+00:00\",\"dateModified\":\"2023-04-19T12:08:12+00:00\",\"description\":\"Voil\u00e0 quelques mois que l'Angleterre a annonc\u00e9 officiellement sa sortie de l'Union Europ\u00e9enne. Le Brexit est devenu alors l'un de sujets...\",\"breadcrumb\":{\"@id\":\"https:\\\/\\\/www.autojm.fr\\\/blog\\\/brexit-consequences-sur-le-marche-automobile\\\/#breadcrumb\"},\"inLanguage\":\"fr-FR\",\"potentialAction\":[{\"@type\":\"ReadAction\",\"target\":[\"https:\\\/\\\/www.autojm.fr\\\/blog\\\/brexit-consequences-sur-le-marche-automobile\\\/\"]}]},{\"@type\":\"ImageObject\",\"inLanguage\":\"fr-FR\",\"@id\":\"https:\\\/\\\/www.autojm.fr\\\/blog\\\/brexit-consequences-sur-le-marche-automobile\\\/#primaryimage\",\"url\":\"https:\\\/\\\/www.autojm.fr\\\/blog\\\/wp-content\\\/uploads\\\/2022\\\/10\\\/548.jpg\",\"contentUrl\":\"https:\\\/\\\/www.autojm.fr\\\/blog\\\/wp-content\\\/uploads\\\/2022\\\/10\\\/548.jpg\",\"width\":1024,\"height\":465,\"caption\":\"Brexit\"},{\"@type\":\"BreadcrumbList\",\"@id\":\"https:\\\/\\\/www.autojm.fr\\\/blog\\\/brexit-consequences-sur-le-marche-automobile\\\/#breadcrumb\",\"itemListElement\":[{\"@type\":\"ListItem\",\"position\":1,\"name\":\"Accueil\",\"item\":\"https:\\\/\\\/www.autojm.fr\\\/blog\\\/\"},{\"@type\":\"ListItem\",\"position\":2,\"name\":\"Actualit\u00e9 Automobile\",\"item\":\"https:\\\/\\\/www.autojm.fr\\\/blog\\\/actualite-automobile\\\/\"},{\"@type\":\"ListItem\",\"position\":3,\"name\":\"Brexit : cons\u00e9quences sur le march\u00e9 automobile\"}]},{\"@type\":\"WebSite\",\"@id\":\"https:\\\/\\\/www.autojm.fr\\\/blog\\\/#website\",\"url\":\"https:\\\/\\\/www.autojm.fr\\\/blog\\\/\",\"name\":\"AutoJM Mag\",\"description\":\"Toute l&#039;actu auto en 1 clic !\",\"publisher\":{\"@id\":\"https:\\\/\\\/www.autojm.fr\\\/blog\\\/#organization\"},\"potentialAction\":[{\"@type\":\"SearchAction\",\"target\":{\"@type\":\"EntryPoint\",\"urlTemplate\":\"https:\\\/\\\/www.autojm.fr\\\/blog\\\/?s={search_term_string}\"},\"query-input\":{\"@type\":\"PropertyValueSpecification\",\"valueRequired\":true,\"valueName\":\"search_term_string\"}}],\"inLanguage\":\"fr-FR\"},{\"@type\":\"Organization\",\"@id\":\"https:\\\/\\\/www.autojm.fr\\\/blog\\\/#organization\",\"name\":\"AutoJM Mag\",\"url\":\"https:\\\/\\\/www.autojm.fr\\\/blog\\\/\",\"logo\":{\"@type\":\"ImageObject\",\"inLanguage\":\"fr-FR\",\"@id\":\"https:\\\/\\\/www.autojm.fr\\\/blog\\\/#\\\/schema\\\/logo\\\/image\\\/\",\"url\":\"https:\\\/\\\/www.autojm.fr\\\/blog\\\/wp-content\\\/uploads\\\/2022\\\/12\\\/cropped-AutoJMag-png.png\",\"contentUrl\":\"https:\\\/\\\/www.autojm.fr\\\/blog\\\/wp-content\\\/uploads\\\/2022\\\/12\\\/cropped-AutoJMag-png.png\",\"width\":2834,\"height\":585,\"caption\":\"AutoJM Mag\"},\"image\":{\"@id\":\"https:\\\/\\\/www.autojm.fr\\\/blog\\\/#\\\/schema\\\/logo\\\/image\\\/\"},\"sameAs\":[\"https:\\\/\\\/www.facebook.com\\\/AutoJM25\"]},{\"@type\":\"Person\",\"@id\":\"https:\\\/\\\/www.autojm.fr\\\/blog\\\/#\\\/schema\\\/person\\\/9742bc77541853e0de81fc57f947e1a0\",\"name\":\"Autojm\",\"image\":{\"@type\":\"ImageObject\",\"inLanguage\":\"fr-FR\",\"@id\":\"https:\\\/\\\/secure.gravatar.com\\\/avatar\\\/9a959d52b758fcc232fe4b6aca7bab139182573297122cce7d6f2ee0e537b418?s=96&d=mm&r=g\",\"url\":\"https:\\\/\\\/secure.gravatar.com\\\/avatar\\\/9a959d52b758fcc232fe4b6aca7bab139182573297122cce7d6f2ee0e537b418?s=96&d=mm&r=g\",\"contentUrl\":\"https:\\\/\\\/secure.gravatar.com\\\/avatar\\\/9a959d52b758fcc232fe4b6aca7bab139182573297122cce7d6f2ee0e537b418?s=96&d=mm&r=g\",\"caption\":\"Autojm\"},\"sameAs\":[\"https:\\\/\\\/www.autojm.fr\\\/blog\"],\"url\":\"https:\\\/\\\/www.autojm.fr\\\/blog\\\/author\\\/bichoi\\\/\"}]}<\/script>\n<!-- \/ Yoast SEO plugin. -->","yoast_head_json":{"title":"Brexit : cons\u00e9quences sur le march\u00e9 automobile - AutoJM Mag","description":"Voil\u00e0 quelques mois que l'Angleterre a annonc\u00e9 officiellement sa sortie de l'Union Europ\u00e9enne. Le Brexit est devenu alors l'un de sujets...","robots":{"index":"index","follow":"follow","max-snippet":"max-snippet:-1","max-image-preview":"max-image-preview:large","max-video-preview":"max-video-preview:-1"},"canonical":"https:\/\/www.autojm.fr\/blog\/brexit-consequences-sur-le-marche-automobile\/","og_locale":"fr_FR","og_type":"article","og_title":"Brexit : cons\u00e9quences sur le march\u00e9 automobile - AutoJM Mag","og_description":"Voil\u00e0 quelques mois que l'Angleterre a annonc\u00e9 officiellement sa sortie de l'Union Europ\u00e9enne. Le Brexit est devenu alors l'un de sujets...","og_url":"https:\/\/www.autojm.fr\/blog\/brexit-consequences-sur-le-marche-automobile\/","og_site_name":"AutoJM Mag","article_publisher":"https:\/\/www.facebook.com\/AutoJM25","article_published_time":"2020-06-05T00:00:00+00:00","article_modified_time":"2023-04-19T12:08:12+00:00","og_image":[{"width":1024,"height":465,"url":"https:\/\/www.autojm.fr\/blog\/wp-content\/uploads\/2022\/10\/548.jpg","type":"image\/jpeg"}],"author":"Autojm","twitter_card":"summary_large_image","twitter_misc":{"\u00c9crit par":"Autojm","Dur\u00e9e de lecture estim\u00e9e":"3 minutes"},"schema":{"@context":"https:\/\/schema.org","@graph":[{"@type":"Article","@id":"https:\/\/www.autojm.fr\/blog\/brexit-consequences-sur-le-marche-automobile\/#article","isPartOf":{"@id":"https:\/\/www.autojm.fr\/blog\/brexit-consequences-sur-le-marche-automobile\/"},"author":{"name":"Autojm","@id":"https:\/\/www.autojm.fr\/blog\/#\/schema\/person\/9742bc77541853e0de81fc57f947e1a0"},"headline":"Brexit : cons\u00e9quences sur le march\u00e9 automobile","datePublished":"2020-06-05T00:00:00+00:00","dateModified":"2023-04-19T12:08:12+00:00","mainEntityOfPage":{"@id":"https:\/\/www.autojm.fr\/blog\/brexit-consequences-sur-le-marche-automobile\/"},"wordCount":578,"commentCount":0,"publisher":{"@id":"https:\/\/www.autojm.fr\/blog\/#organization"},"image":{"@id":"https:\/\/www.autojm.fr\/blog\/brexit-consequences-sur-le-marche-automobile\/#primaryimage"},"thumbnailUrl":"https:\/\/www.autojm.fr\/blog\/wp-content\/uploads\/2022\/10\/548.jpg","keywords":["autojm","citroen","dacia","DS","Fiat","Ford","Kia","Nissan","Opel","peugeot","renault","Volkswagen"],"articleSection":["Actualit\u00e9 Automobile"],"inLanguage":"fr-FR","potentialAction":[{"@type":"CommentAction","name":"Comment","target":["https:\/\/www.autojm.fr\/blog\/brexit-consequences-sur-le-marche-automobile\/#respond"]}]},{"@type":"WebPage","@id":"https:\/\/www.autojm.fr\/blog\/brexit-consequences-sur-le-marche-automobile\/","url":"https:\/\/www.autojm.fr\/blog\/brexit-consequences-sur-le-marche-automobile\/","name":"Brexit : cons\u00e9quences sur le march\u00e9 automobile - AutoJM Mag","isPartOf":{"@id":"https:\/\/www.autojm.fr\/blog\/#website"},"primaryImageOfPage":{"@id":"https:\/\/www.autojm.fr\/blog\/brexit-consequences-sur-le-marche-automobile\/#primaryimage"},"image":{"@id":"https:\/\/www.autojm.fr\/blog\/brexit-consequences-sur-le-marche-automobile\/#primaryimage"},"thumbnailUrl":"https:\/\/www.autojm.fr\/blog\/wp-content\/uploads\/2022\/10\/548.jpg","datePublished":"2020-06-05T00:00:00+00:00","dateModified":"2023-04-19T12:08:12+00:00","description":"Voil\u00e0 quelques mois que l'Angleterre a annonc\u00e9 officiellement sa sortie de l'Union Europ\u00e9enne. Le Brexit est devenu alors l'un de sujets...","breadcrumb":{"@id":"https:\/\/www.autojm.fr\/blog\/brexit-consequences-sur-le-marche-automobile\/#breadcrumb"},"inLanguage":"fr-FR","potentialAction":[{"@type":"ReadAction","target":["https:\/\/www.autojm.fr\/blog\/brexit-consequences-sur-le-marche-automobile\/"]}]},{"@type":"ImageObject","inLanguage":"fr-FR","@id":"https:\/\/www.autojm.fr\/blog\/brexit-consequences-sur-le-marche-automobile\/#primaryimage","url":"https:\/\/www.autojm.fr\/blog\/wp-content\/uploads\/2022\/10\/548.jpg","contentUrl":"https:\/\/www.autojm.fr\/blog\/wp-content\/uploads\/2022\/10\/548.jpg","width":1024,"height":465,"caption":"Brexit"},{"@type":"BreadcrumbList","@id":"https:\/\/www.autojm.fr\/blog\/brexit-consequences-sur-le-marche-automobile\/#breadcrumb","itemListElement":[{"@type":"ListItem","position":1,"name":"Accueil","item":"https:\/\/www.autojm.fr\/blog\/"},{"@type":"ListItem","position":2,"name":"Actualit\u00e9 Automobile","item":"https:\/\/www.autojm.fr\/blog\/actualite-automobile\/"},{"@type":"ListItem","position":3,"name":"Brexit : cons\u00e9quences sur le march\u00e9 automobile"}]},{"@type":"WebSite","@id":"https:\/\/www.autojm.fr\/blog\/#website","url":"https:\/\/www.autojm.fr\/blog\/","name":"AutoJM Mag","description":"Toute l&#039;actu auto en 1 clic !","publisher":{"@id":"https:\/\/www.autojm.fr\/blog\/#organization"},"potentialAction":[{"@type":"SearchAction","target":{"@type":"EntryPoint","urlTemplate":"https:\/\/www.autojm.fr\/blog\/?s={search_term_string}"},"query-input":{"@type":"PropertyValueSpecification","valueRequired":true,"valueName":"search_term_string"}}],"inLanguage":"fr-FR"},{"@type":"Organization","@id":"https:\/\/www.autojm.fr\/blog\/#organization","name":"AutoJM Mag","url":"https:\/\/www.autojm.fr\/blog\/","logo":{"@type":"ImageObject","inLanguage":"fr-FR","@id":"https:\/\/www.autojm.fr\/blog\/#\/schema\/logo\/image\/","url":"https:\/\/www.autojm.fr\/blog\/wp-content\/uploads\/2022\/12\/cropped-AutoJMag-png.png","contentUrl":"https:\/\/www.autojm.fr\/blog\/wp-content\/uploads\/2022\/12\/cropped-AutoJMag-png.png","width":2834,"height":585,"caption":"AutoJM Mag"},"image":{"@id":"https:\/\/www.autojm.fr\/blog\/#\/schema\/logo\/image\/"},"sameAs":["https:\/\/www.facebook.com\/AutoJM25"]},{"@type":"Person","@id":"https:\/\/www.autojm.fr\/blog\/#\/schema\/person\/9742bc77541853e0de81fc57f947e1a0","name":"Autojm","image":{"@type":"ImageObject","inLanguage":"fr-FR","@id":"https:\/\/secure.gravatar.com\/avatar\/9a959d52b758fcc232fe4b6aca7bab139182573297122cce7d6f2ee0e537b418?s=96&d=mm&r=g","url":"https:\/\/secure.gravatar.com\/avatar\/9a959d52b758fcc232fe4b6aca7bab139182573297122cce7d6f2ee0e537b418?s=96&d=mm&r=g","contentUrl":"https:\/\/secure.gravatar.com\/avatar\/9a959d52b758fcc232fe4b6aca7bab139182573297122cce7d6f2ee0e537b418?s=96&d=mm&r=g","caption":"Autojm"},"sameAs":["https:\/\/www.autojm.fr\/blog"],"url":"https:\/\/www.autojm.fr\/blog\/author\/bichoi\/"}]}},"_links":{"self":[{"href":"https:\/\/www.autojm.fr\/blog\/wp-json\/wp\/v2\/posts\/3820","targetHints":{"allow":["GET"]}}],"collection":[{"href":"https:\/\/www.autojm.fr\/blog\/wp-json\/wp\/v2\/posts"}],"about":[{"href":"https:\/\/www.autojm.fr\/blog\/wp-json\/wp\/v2\/types\/post"}],"author":[{"embeddable":true,"href":"https:\/\/www.autojm.fr\/blog\/wp-json\/wp\/v2\/users\/1"}],"replies":[{"embeddable":true,"href":"https:\/\/www.autojm.fr\/blog\/wp-json\/wp\/v2\/comments?post=3820"}],"version-history":[{"count":6,"href":"https:\/\/www.autojm.fr\/blog\/wp-json\/wp\/v2\/posts\/3820\/revisions"}],"predecessor-version":[{"id":9555,"href":"https:\/\/www.autojm.fr\/blog\/wp-json\/wp\/v2\/posts\/3820\/revisions\/9555"}],"wp:featuredmedia":[{"embeddable":true,"href":"https:\/\/www.autojm.fr\/blog\/wp-json\/wp\/v2\/media\/5880"}],"wp:attachment":[{"href":"https:\/\/www.autojm.fr\/blog\/wp-json\/wp\/v2\/media?parent=3820"}],"wp:term":[{"taxonomy":"category","embeddable":true,"href":"https:\/\/www.autojm.fr\/blog\/wp-json\/wp\/v2\/categories?post=3820"},{"taxonomy":"post_tag","embeddable":true,"href":"https:\/\/www.autojm.fr\/blog\/wp-json\/wp\/v2\/tags?post=3820"}],"curies":[{"name":"wp","href":"https:\/\/api.w.org\/{rel}","templated":true}]}}