{"id":3819,"date":"2020-06-04T00:00:00","date_gmt":"2020-06-04T00:00:00","guid":{"rendered":"https:\/\/www.autojm.fr\/blog\/renault-zoe-la-star-de-lelectrique\/"},"modified":"2023-04-18T12:44:15","modified_gmt":"2023-04-18T12:44:15","slug":"renault-zoe-la-star-de-lelectrique","status":"publish","type":"post","link":"https:\/\/www.autojm.fr\/blog\/renault-zoe-la-star-de-lelectrique\/","title":{"rendered":"Renault ZOE, la star de l\u2019\u00e9lectrique"},"content":{"rendered":"<p><em><span style=\"font-weight: bold;\">Vous \u00eates int\u00e9ress\u00e9 par l&rsquo;achat d&rsquo;un v\u00e9hicule hybride, hybride rechargeable ou \u00e9lectrique ? Consultez notre guide ici: <a tabindex=\"-1\" title=\"https:\/\/www.autojm.fr\/livre-blanc\" href=\"https:\/\/www.autojm.fr\/livre-blanc\" target=\"_blank\" rel=\"noreferrer noopener\">https:\/\/www.autojm.fr\/livre-blanc<\/a><\/span><\/em><\/p>\n<p>Le march\u00e9 de l&rsquo;\u00e9lectrique n&rsquo;\u00e9tait pas tr\u00e8s convoit\u00e9 il y a encore quelques mois. Dans la gamme des v\u00e9hicules propres et 100% \u00e9lectrique, la Renault ZOE est une pr\u00e9curseuse. C&rsquo;est en <strong>2012<\/strong> que la premi\u00e8re g\u00e9n\u00e9ration de ZOE fait son apparition. Aujourd&rsquo;hui, ce mod\u00e8le est de plus en plus pris\u00e9 notamment du fait des nouvelles normes en mati\u00e8re de rejet de CO2. Son exp\u00e9rience sur le march\u00e9 automobile et sa &#8211; petite &#8211; anciennet\u00e9 lui permettent de s&rsquo;imposer aujourd&rsquo;hui comme <strong>l&rsquo;un des mod\u00e8les \u00e9lectriques les plus vendus dans le monde<\/strong>. Que sait-on sur ce mod\u00e8le, et comment fait-elle face aux concurrentes qui se multiplient ?<\/p>\n<h2>Esth\u00e9tique traditionnel pour la nouvelle ZOE<\/h2>\n<p><strong>Couleurs in\u00e9dites<\/strong> associ\u00e9es \u00e0 son caract\u00e8re \u00e9cologique et \u00e9lectrique, feux \u00e0 LED, grille de calandre chrom\u00e9e et \u00e9pur\u00e9e et silhouette carr\u00e9e, voici les atouts qu&rsquo;adoptent <a href=\"https:\/\/www.autojm.fr\/mandataire-voitures-neuves-renault\">la Renault ZOE<\/a>, pour un style unique. Sa carrosserie n&rsquo;a que peu \u00e9volu\u00e9 depuis sa premi\u00e8re apparition en 2012, mais elle a le m\u00e9rite de se diff\u00e9rencier des autres mod\u00e8les Renault, pour adopter un style citadin chic.Elle se distingue sous plusieurs finitions : <strong>Life, Zen, Intens, et Edition One<\/strong>.<\/p>\n<h2>Autonomie et recharge<\/h2>\n<p>C\u00f4t\u00e9 motorisation, elle adopte un moteur \u00e9lectrique de <strong>135 chevaux<\/strong>, associ\u00e9 \u00e0 une batterie de <strong>52 kWh<\/strong>, ce qui lui donne une longueur d&rsquo;avance en mati\u00e8re d&rsquo;autonomie o\u00f9 elle affiche un score de <strong>395 km<\/strong> (en WLTP). Pour la recharge, voici les chiffres donn\u00e9s par le constructeur Renault :<\/p>\n<p><strong>&#8211; Wallbox (7,4kW) : plus 300km d&rsquo;autonomie en 8h<br \/>\n&#8211; Borne publique (11kW) : 120km d&rsquo;autonomie en 2h<br \/>\n&#8211; Borne publique (22kW) : 120km d&rsquo;autonomie en 1h<br \/>\n&#8211; Borne charge rapide DC (50kW) : jusqu&rsquo;\u00e0 150km d&rsquo;autonomie en 30 minutes<\/strong><\/p>\n<p>La prise Combo CCS situ\u00e9e derri\u00e8re le losange de la calandre permet de charger la Renault ZOE sur n&rsquo;importe quelle borne d&rsquo;Europe. La recharge est quant \u00e0 elle contr\u00f4lable depuis l&rsquo;<strong>application MY Renault<\/strong>, qui indique en temps r\u00e9el le chargement, et permet \u00e9galement de r\u00e9gler la temp\u00e9rature de la voiture avant un trajet ou planifier un trajet avec des bornes de recharge \u00e0 proximit\u00e9.<\/p>\n<h2>Technologies de la Renault ZOE<\/h2>\n<p>A l&rsquo;int\u00e9rieur, le combin\u00e9 num\u00e9rique situ\u00e9 derri\u00e8re le volant affiche toutes les informations relatives \u00e0 la consommation en temps r\u00e9el, ou encore l&rsquo;autonomie restante. L&rsquo;<strong>\u00e9cran central 9,3 pouces<\/strong> int\u00e8gre le syst\u00e8me Renault Easy Link qui inclut la navigation, la connectivit\u00e9 avec le t\u00e9l\u00e9phone ou encore la musique. Un emplacement de <strong>recharge \u00e0 induction<\/strong> est \u00e9galement disponible dans la citadine.<\/p>\n<p>C\u00f4t\u00e9 conduite, la ZOE s&rsquo;arme, comme tous les mod\u00e8les r\u00e9cents, de nombreuses aides \u00e0 la conduite parmi lesquelles on retrouve <strong>l&rsquo;aide au maintien dans la voie, l&rsquo;aide au d\u00e9marrage en c\u00f4te ou encore la reconnaissance des panneaux de signalisation<\/strong>. Elle est aussi dot\u00e9e d&rsquo;un <strong>son de pr\u00e9vention pi\u00e9ton \u201cZ.E. VOICE\u201d<\/strong> pour assurer la s\u00e9curit\u00e9 des usagers de la chauss\u00e9e. La <strong>bo\u00eete automatique<\/strong> qui \u00e9quipe la Renault \u00e9lectrique dispose d&rsquo;un mode B pour des d\u00e9c\u00e9l\u00e9rations plus r\u00e9actives sans besoin d&rsquo;utiliser le frein. Enfin, le <strong>mode de conduite ECO<\/strong> permet de r\u00e9guler automatiquement le chauffage, la climatisation, et d&rsquo;adapter la conduite pour une consommation optimis\u00e9e.<\/p>\n<h2>ZOE VS 208 \u00e9lectrique<\/h2>\n<p>Contre la <a href=\"https:\/\/www.autojm.fr\/achat-voitures-neuves-peugeot-208-2019-5p?part=blog&amp;utm_source=articleblog040620&amp;utm_medium=blog\"><strong>e-208<\/strong><\/a>, la ZOE se d\u00e9marque par un freinage plus agr\u00e9able et plus franc. Son connecteur Cam\u00e9l\u00e9on permet une recharge plus simple au quotidien et son autonomie est sup\u00e9rieure \u00e0 celle de la 208 \u00e9lectrique.<\/p>\n<p><iframe loading=\"lazy\" src=\"https:\/\/www.youtube.com\/embed\/m9id4ZrYYDQ\" width=\"100%\" height=\"315\" allowfullscreen=\"allowfullscreen\"><\/iframe><\/p>\n<h2>La Renault ZOE est chez AutoJM<\/h2>\n<p><a href=\"https:\/\/www.autojm.fr\/mandataire-voitures-neuves-renault\"><strong>Retrouvez la ZOE avec pas moins de 38% de remise chez AutoJM<\/strong><\/a> !<\/p>\n","protected":false},"excerpt":{"rendered":"<p>Le march\u00e9 de l&rsquo;\u00e9lectrique n&rsquo;\u00e9tait pas tr\u00e8s convoit\u00e9 il y a encore quelques mois. Dans la gamme des v\u00e9hicules propres et 100% \u00e9lectrique, la Renault ZOE est une pr\u00e9curseuse.<\/p>\n","protected":false},"author":1,"featured_media":5879,"comment_status":"open","ping_status":"open","sticky":false,"template":"","format":"standard","meta":{"_acf_changed":false,"content-type":"","footnotes":""},"categories":[62,61],"tags":[90,78,190],"class_list":["post-3819","post","type-post","status-publish","format-standard","has-post-thumbnail","hentry","category-nouveaute-renault","category-nouveautes-autos","tag-autojm","tag-renault","tag-renault-zoe"],"acf":[],"yoast_head":"<!-- This site is optimized with the Yoast SEO plugin v27.5 - https:\/\/yoast.com\/product\/yoast-seo-wordpress\/ -->\n<title>Renault ZOE, la star de l\u2019\u00e9lectrique - AutoJM Mag<\/title>\n<meta name=\"description\" content=\"Le march\u00e9 de l&#039;\u00e9lectrique n&#039;\u00e9tait pas tr\u00e8s convoit\u00e9 il y a encore quelques mois. Dans la gamme des v\u00e9hicules propres et 100% \u00e9lectrique...\" \/>\n<meta name=\"robots\" content=\"index, follow, max-snippet:-1, max-image-preview:large, max-video-preview:-1\" \/>\n<link rel=\"canonical\" href=\"https:\/\/www.autojm.fr\/blog\/renault-zoe-la-star-de-lelectrique\/\" \/>\n<meta property=\"og:locale\" content=\"fr_FR\" \/>\n<meta property=\"og:type\" content=\"article\" \/>\n<meta property=\"og:title\" content=\"Renault ZOE, la star de l\u2019\u00e9lectrique - AutoJM Mag\" \/>\n<meta property=\"og:description\" content=\"Le march\u00e9 de l&#039;\u00e9lectrique n&#039;\u00e9tait pas tr\u00e8s convoit\u00e9 il y a encore quelques mois. Dans la gamme des v\u00e9hicules propres et 100% \u00e9lectrique...\" \/>\n<meta property=\"og:url\" content=\"https:\/\/www.autojm.fr\/blog\/renault-zoe-la-star-de-lelectrique\/\" \/>\n<meta property=\"og:site_name\" content=\"AutoJM Mag\" \/>\n<meta property=\"article:publisher\" content=\"https:\/\/www.facebook.com\/AutoJM25\" \/>\n<meta property=\"article:published_time\" content=\"2020-06-04T00:00:00+00:00\" \/>\n<meta property=\"article:modified_time\" content=\"2023-04-18T12:44:15+00:00\" \/>\n<meta property=\"og:image\" content=\"https:\/\/www.autojm.fr\/blog\/wp-content\/uploads\/2022\/10\/547-scaled.jpg\" \/>\n\t<meta property=\"og:image:width\" content=\"2560\" \/>\n\t<meta property=\"og:image:height\" content=\"1160\" \/>\n\t<meta property=\"og:image:type\" content=\"image\/jpeg\" \/>\n<meta name=\"author\" content=\"Autojm\" \/>\n<meta name=\"twitter:card\" content=\"summary_large_image\" \/>\n<meta name=\"twitter:label1\" content=\"\u00c9crit par\" \/>\n\t<meta name=\"twitter:data1\" content=\"Autojm\" \/>\n\t<meta name=\"twitter:label2\" content=\"Dur\u00e9e de lecture estim\u00e9e\" \/>\n\t<meta name=\"twitter:data2\" content=\"3 minutes\" \/>\n<script type=\"application\/ld+json\" class=\"yoast-schema-graph\">{\"@context\":\"https:\\\/\\\/schema.org\",\"@graph\":[{\"@type\":\"Article\",\"@id\":\"https:\\\/\\\/www.autojm.fr\\\/blog\\\/renault-zoe-la-star-de-lelectrique\\\/#article\",\"isPartOf\":{\"@id\":\"https:\\\/\\\/www.autojm.fr\\\/blog\\\/renault-zoe-la-star-de-lelectrique\\\/\"},\"author\":{\"name\":\"Autojm\",\"@id\":\"https:\\\/\\\/www.autojm.fr\\\/blog\\\/#\\\/schema\\\/person\\\/9742bc77541853e0de81fc57f947e1a0\"},\"headline\":\"Renault ZOE, la star de l\u2019\u00e9lectrique\",\"datePublished\":\"2020-06-04T00:00:00+00:00\",\"dateModified\":\"2023-04-18T12:44:15+00:00\",\"mainEntityOfPage\":{\"@id\":\"https:\\\/\\\/www.autojm.fr\\\/blog\\\/renault-zoe-la-star-de-lelectrique\\\/\"},\"wordCount\":635,\"commentCount\":0,\"publisher\":{\"@id\":\"https:\\\/\\\/www.autojm.fr\\\/blog\\\/#organization\"},\"image\":{\"@id\":\"https:\\\/\\\/www.autojm.fr\\\/blog\\\/renault-zoe-la-star-de-lelectrique\\\/#primaryimage\"},\"thumbnailUrl\":\"https:\\\/\\\/www.autojm.fr\\\/blog\\\/wp-content\\\/uploads\\\/2022\\\/10\\\/547-scaled.jpg\",\"keywords\":[\"autojm\",\"renault\",\"Renault Zoe\"],\"articleSection\":[\"Nouveaut\u00e9 Renault\",\"Nouveaut\u00e9s Autos\"],\"inLanguage\":\"fr-FR\",\"potentialAction\":[{\"@type\":\"CommentAction\",\"name\":\"Comment\",\"target\":[\"https:\\\/\\\/www.autojm.fr\\\/blog\\\/renault-zoe-la-star-de-lelectrique\\\/#respond\"]}]},{\"@type\":\"WebPage\",\"@id\":\"https:\\\/\\\/www.autojm.fr\\\/blog\\\/renault-zoe-la-star-de-lelectrique\\\/\",\"url\":\"https:\\\/\\\/www.autojm.fr\\\/blog\\\/renault-zoe-la-star-de-lelectrique\\\/\",\"name\":\"Renault ZOE, la star de l\u2019\u00e9lectrique - AutoJM Mag\",\"isPartOf\":{\"@id\":\"https:\\\/\\\/www.autojm.fr\\\/blog\\\/#website\"},\"primaryImageOfPage\":{\"@id\":\"https:\\\/\\\/www.autojm.fr\\\/blog\\\/renault-zoe-la-star-de-lelectrique\\\/#primaryimage\"},\"image\":{\"@id\":\"https:\\\/\\\/www.autojm.fr\\\/blog\\\/renault-zoe-la-star-de-lelectrique\\\/#primaryimage\"},\"thumbnailUrl\":\"https:\\\/\\\/www.autojm.fr\\\/blog\\\/wp-content\\\/uploads\\\/2022\\\/10\\\/547-scaled.jpg\",\"datePublished\":\"2020-06-04T00:00:00+00:00\",\"dateModified\":\"2023-04-18T12:44:15+00:00\",\"description\":\"Le march\u00e9 de l'\u00e9lectrique n'\u00e9tait pas tr\u00e8s convoit\u00e9 il y a encore quelques mois. Dans la gamme des v\u00e9hicules propres et 100% \u00e9lectrique...\",\"breadcrumb\":{\"@id\":\"https:\\\/\\\/www.autojm.fr\\\/blog\\\/renault-zoe-la-star-de-lelectrique\\\/#breadcrumb\"},\"inLanguage\":\"fr-FR\",\"potentialAction\":[{\"@type\":\"ReadAction\",\"target\":[\"https:\\\/\\\/www.autojm.fr\\\/blog\\\/renault-zoe-la-star-de-lelectrique\\\/\"]}]},{\"@type\":\"ImageObject\",\"inLanguage\":\"fr-FR\",\"@id\":\"https:\\\/\\\/www.autojm.fr\\\/blog\\\/renault-zoe-la-star-de-lelectrique\\\/#primaryimage\",\"url\":\"https:\\\/\\\/www.autojm.fr\\\/blog\\\/wp-content\\\/uploads\\\/2022\\\/10\\\/547-scaled.jpg\",\"contentUrl\":\"https:\\\/\\\/www.autojm.fr\\\/blog\\\/wp-content\\\/uploads\\\/2022\\\/10\\\/547-scaled.jpg\",\"width\":2560,\"height\":1160,\"caption\":\"Renault Zoe\"},{\"@type\":\"BreadcrumbList\",\"@id\":\"https:\\\/\\\/www.autojm.fr\\\/blog\\\/renault-zoe-la-star-de-lelectrique\\\/#breadcrumb\",\"itemListElement\":[{\"@type\":\"ListItem\",\"position\":1,\"name\":\"Accueil\",\"item\":\"https:\\\/\\\/www.autojm.fr\\\/blog\\\/\"},{\"@type\":\"ListItem\",\"position\":2,\"name\":\"Nouveaut\u00e9s Autos\",\"item\":\"https:\\\/\\\/www.autojm.fr\\\/blog\\\/nouveautes-autos\\\/\"},{\"@type\":\"ListItem\",\"position\":3,\"name\":\"Renault ZOE, la star de l\u2019\u00e9lectrique\"}]},{\"@type\":\"WebSite\",\"@id\":\"https:\\\/\\\/www.autojm.fr\\\/blog\\\/#website\",\"url\":\"https:\\\/\\\/www.autojm.fr\\\/blog\\\/\",\"name\":\"AutoJM Mag\",\"description\":\"Toute l&#039;actu auto en 1 clic !\",\"publisher\":{\"@id\":\"https:\\\/\\\/www.autojm.fr\\\/blog\\\/#organization\"},\"potentialAction\":[{\"@type\":\"SearchAction\",\"target\":{\"@type\":\"EntryPoint\",\"urlTemplate\":\"https:\\\/\\\/www.autojm.fr\\\/blog\\\/?s={search_term_string}\"},\"query-input\":{\"@type\":\"PropertyValueSpecification\",\"valueRequired\":true,\"valueName\":\"search_term_string\"}}],\"inLanguage\":\"fr-FR\"},{\"@type\":\"Organization\",\"@id\":\"https:\\\/\\\/www.autojm.fr\\\/blog\\\/#organization\",\"name\":\"AutoJM Mag\",\"url\":\"https:\\\/\\\/www.autojm.fr\\\/blog\\\/\",\"logo\":{\"@type\":\"ImageObject\",\"inLanguage\":\"fr-FR\",\"@id\":\"https:\\\/\\\/www.autojm.fr\\\/blog\\\/#\\\/schema\\\/logo\\\/image\\\/\",\"url\":\"https:\\\/\\\/www.autojm.fr\\\/blog\\\/wp-content\\\/uploads\\\/2022\\\/12\\\/cropped-AutoJMag-png.png\",\"contentUrl\":\"https:\\\/\\\/www.autojm.fr\\\/blog\\\/wp-content\\\/uploads\\\/2022\\\/12\\\/cropped-AutoJMag-png.png\",\"width\":2834,\"height\":585,\"caption\":\"AutoJM Mag\"},\"image\":{\"@id\":\"https:\\\/\\\/www.autojm.fr\\\/blog\\\/#\\\/schema\\\/logo\\\/image\\\/\"},\"sameAs\":[\"https:\\\/\\\/www.facebook.com\\\/AutoJM25\"]},{\"@type\":\"Person\",\"@id\":\"https:\\\/\\\/www.autojm.fr\\\/blog\\\/#\\\/schema\\\/person\\\/9742bc77541853e0de81fc57f947e1a0\",\"name\":\"Autojm\",\"image\":{\"@type\":\"ImageObject\",\"inLanguage\":\"fr-FR\",\"@id\":\"https:\\\/\\\/secure.gravatar.com\\\/avatar\\\/9a959d52b758fcc232fe4b6aca7bab139182573297122cce7d6f2ee0e537b418?s=96&d=mm&r=g\",\"url\":\"https:\\\/\\\/secure.gravatar.com\\\/avatar\\\/9a959d52b758fcc232fe4b6aca7bab139182573297122cce7d6f2ee0e537b418?s=96&d=mm&r=g\",\"contentUrl\":\"https:\\\/\\\/secure.gravatar.com\\\/avatar\\\/9a959d52b758fcc232fe4b6aca7bab139182573297122cce7d6f2ee0e537b418?s=96&d=mm&r=g\",\"caption\":\"Autojm\"},\"sameAs\":[\"https:\\\/\\\/www.autojm.fr\\\/blog\"],\"url\":\"https:\\\/\\\/www.autojm.fr\\\/blog\\\/author\\\/bichoi\\\/\"}]}<\/script>\n<!-- \/ Yoast SEO plugin. -->","yoast_head_json":{"title":"Renault ZOE, la star de l\u2019\u00e9lectrique - AutoJM Mag","description":"Le march\u00e9 de l'\u00e9lectrique n'\u00e9tait pas tr\u00e8s convoit\u00e9 il y a encore quelques mois. Dans la gamme des v\u00e9hicules propres et 100% \u00e9lectrique...","robots":{"index":"index","follow":"follow","max-snippet":"max-snippet:-1","max-image-preview":"max-image-preview:large","max-video-preview":"max-video-preview:-1"},"canonical":"https:\/\/www.autojm.fr\/blog\/renault-zoe-la-star-de-lelectrique\/","og_locale":"fr_FR","og_type":"article","og_title":"Renault ZOE, la star de l\u2019\u00e9lectrique - AutoJM Mag","og_description":"Le march\u00e9 de l'\u00e9lectrique n'\u00e9tait pas tr\u00e8s convoit\u00e9 il y a encore quelques mois. Dans la gamme des v\u00e9hicules propres et 100% \u00e9lectrique...","og_url":"https:\/\/www.autojm.fr\/blog\/renault-zoe-la-star-de-lelectrique\/","og_site_name":"AutoJM Mag","article_publisher":"https:\/\/www.facebook.com\/AutoJM25","article_published_time":"2020-06-04T00:00:00+00:00","article_modified_time":"2023-04-18T12:44:15+00:00","og_image":[{"width":2560,"height":1160,"url":"https:\/\/www.autojm.fr\/blog\/wp-content\/uploads\/2022\/10\/547-scaled.jpg","type":"image\/jpeg"}],"author":"Autojm","twitter_card":"summary_large_image","twitter_misc":{"\u00c9crit par":"Autojm","Dur\u00e9e de lecture estim\u00e9e":"3 minutes"},"schema":{"@context":"https:\/\/schema.org","@graph":[{"@type":"Article","@id":"https:\/\/www.autojm.fr\/blog\/renault-zoe-la-star-de-lelectrique\/#article","isPartOf":{"@id":"https:\/\/www.autojm.fr\/blog\/renault-zoe-la-star-de-lelectrique\/"},"author":{"name":"Autojm","@id":"https:\/\/www.autojm.fr\/blog\/#\/schema\/person\/9742bc77541853e0de81fc57f947e1a0"},"headline":"Renault ZOE, la star de l\u2019\u00e9lectrique","datePublished":"2020-06-04T00:00:00+00:00","dateModified":"2023-04-18T12:44:15+00:00","mainEntityOfPage":{"@id":"https:\/\/www.autojm.fr\/blog\/renault-zoe-la-star-de-lelectrique\/"},"wordCount":635,"commentCount":0,"publisher":{"@id":"https:\/\/www.autojm.fr\/blog\/#organization"},"image":{"@id":"https:\/\/www.autojm.fr\/blog\/renault-zoe-la-star-de-lelectrique\/#primaryimage"},"thumbnailUrl":"https:\/\/www.autojm.fr\/blog\/wp-content\/uploads\/2022\/10\/547-scaled.jpg","keywords":["autojm","renault","Renault Zoe"],"articleSection":["Nouveaut\u00e9 Renault","Nouveaut\u00e9s Autos"],"inLanguage":"fr-FR","potentialAction":[{"@type":"CommentAction","name":"Comment","target":["https:\/\/www.autojm.fr\/blog\/renault-zoe-la-star-de-lelectrique\/#respond"]}]},{"@type":"WebPage","@id":"https:\/\/www.autojm.fr\/blog\/renault-zoe-la-star-de-lelectrique\/","url":"https:\/\/www.autojm.fr\/blog\/renault-zoe-la-star-de-lelectrique\/","name":"Renault ZOE, la star de l\u2019\u00e9lectrique - AutoJM Mag","isPartOf":{"@id":"https:\/\/www.autojm.fr\/blog\/#website"},"primaryImageOfPage":{"@id":"https:\/\/www.autojm.fr\/blog\/renault-zoe-la-star-de-lelectrique\/#primaryimage"},"image":{"@id":"https:\/\/www.autojm.fr\/blog\/renault-zoe-la-star-de-lelectrique\/#primaryimage"},"thumbnailUrl":"https:\/\/www.autojm.fr\/blog\/wp-content\/uploads\/2022\/10\/547-scaled.jpg","datePublished":"2020-06-04T00:00:00+00:00","dateModified":"2023-04-18T12:44:15+00:00","description":"Le march\u00e9 de l'\u00e9lectrique n'\u00e9tait pas tr\u00e8s convoit\u00e9 il y a encore quelques mois. Dans la gamme des v\u00e9hicules propres et 100% \u00e9lectrique...","breadcrumb":{"@id":"https:\/\/www.autojm.fr\/blog\/renault-zoe-la-star-de-lelectrique\/#breadcrumb"},"inLanguage":"fr-FR","potentialAction":[{"@type":"ReadAction","target":["https:\/\/www.autojm.fr\/blog\/renault-zoe-la-star-de-lelectrique\/"]}]},{"@type":"ImageObject","inLanguage":"fr-FR","@id":"https:\/\/www.autojm.fr\/blog\/renault-zoe-la-star-de-lelectrique\/#primaryimage","url":"https:\/\/www.autojm.fr\/blog\/wp-content\/uploads\/2022\/10\/547-scaled.jpg","contentUrl":"https:\/\/www.autojm.fr\/blog\/wp-content\/uploads\/2022\/10\/547-scaled.jpg","width":2560,"height":1160,"caption":"Renault Zoe"},{"@type":"BreadcrumbList","@id":"https:\/\/www.autojm.fr\/blog\/renault-zoe-la-star-de-lelectrique\/#breadcrumb","itemListElement":[{"@type":"ListItem","position":1,"name":"Accueil","item":"https:\/\/www.autojm.fr\/blog\/"},{"@type":"ListItem","position":2,"name":"Nouveaut\u00e9s Autos","item":"https:\/\/www.autojm.fr\/blog\/nouveautes-autos\/"},{"@type":"ListItem","position":3,"name":"Renault ZOE, la star de l\u2019\u00e9lectrique"}]},{"@type":"WebSite","@id":"https:\/\/www.autojm.fr\/blog\/#website","url":"https:\/\/www.autojm.fr\/blog\/","name":"AutoJM Mag","description":"Toute l&#039;actu auto en 1 clic !","publisher":{"@id":"https:\/\/www.autojm.fr\/blog\/#organization"},"potentialAction":[{"@type":"SearchAction","target":{"@type":"EntryPoint","urlTemplate":"https:\/\/www.autojm.fr\/blog\/?s={search_term_string}"},"query-input":{"@type":"PropertyValueSpecification","valueRequired":true,"valueName":"search_term_string"}}],"inLanguage":"fr-FR"},{"@type":"Organization","@id":"https:\/\/www.autojm.fr\/blog\/#organization","name":"AutoJM Mag","url":"https:\/\/www.autojm.fr\/blog\/","logo":{"@type":"ImageObject","inLanguage":"fr-FR","@id":"https:\/\/www.autojm.fr\/blog\/#\/schema\/logo\/image\/","url":"https:\/\/www.autojm.fr\/blog\/wp-content\/uploads\/2022\/12\/cropped-AutoJMag-png.png","contentUrl":"https:\/\/www.autojm.fr\/blog\/wp-content\/uploads\/2022\/12\/cropped-AutoJMag-png.png","width":2834,"height":585,"caption":"AutoJM Mag"},"image":{"@id":"https:\/\/www.autojm.fr\/blog\/#\/schema\/logo\/image\/"},"sameAs":["https:\/\/www.facebook.com\/AutoJM25"]},{"@type":"Person","@id":"https:\/\/www.autojm.fr\/blog\/#\/schema\/person\/9742bc77541853e0de81fc57f947e1a0","name":"Autojm","image":{"@type":"ImageObject","inLanguage":"fr-FR","@id":"https:\/\/secure.gravatar.com\/avatar\/9a959d52b758fcc232fe4b6aca7bab139182573297122cce7d6f2ee0e537b418?s=96&d=mm&r=g","url":"https:\/\/secure.gravatar.com\/avatar\/9a959d52b758fcc232fe4b6aca7bab139182573297122cce7d6f2ee0e537b418?s=96&d=mm&r=g","contentUrl":"https:\/\/secure.gravatar.com\/avatar\/9a959d52b758fcc232fe4b6aca7bab139182573297122cce7d6f2ee0e537b418?s=96&d=mm&r=g","caption":"Autojm"},"sameAs":["https:\/\/www.autojm.fr\/blog"],"url":"https:\/\/www.autojm.fr\/blog\/author\/bichoi\/"}]}},"_links":{"self":[{"href":"https:\/\/www.autojm.fr\/blog\/wp-json\/wp\/v2\/posts\/3819","targetHints":{"allow":["GET"]}}],"collection":[{"href":"https:\/\/www.autojm.fr\/blog\/wp-json\/wp\/v2\/posts"}],"about":[{"href":"https:\/\/www.autojm.fr\/blog\/wp-json\/wp\/v2\/types\/post"}],"author":[{"embeddable":true,"href":"https:\/\/www.autojm.fr\/blog\/wp-json\/wp\/v2\/users\/1"}],"replies":[{"embeddable":true,"href":"https:\/\/www.autojm.fr\/blog\/wp-json\/wp\/v2\/comments?post=3819"}],"version-history":[{"count":6,"href":"https:\/\/www.autojm.fr\/blog\/wp-json\/wp\/v2\/posts\/3819\/revisions"}],"predecessor-version":[{"id":9273,"href":"https:\/\/www.autojm.fr\/blog\/wp-json\/wp\/v2\/posts\/3819\/revisions\/9273"}],"wp:featuredmedia":[{"embeddable":true,"href":"https:\/\/www.autojm.fr\/blog\/wp-json\/wp\/v2\/media\/5879"}],"wp:attachment":[{"href":"https:\/\/www.autojm.fr\/blog\/wp-json\/wp\/v2\/media?parent=3819"}],"wp:term":[{"taxonomy":"category","embeddable":true,"href":"https:\/\/www.autojm.fr\/blog\/wp-json\/wp\/v2\/categories?post=3819"},{"taxonomy":"post_tag","embeddable":true,"href":"https:\/\/www.autojm.fr\/blog\/wp-json\/wp\/v2\/tags?post=3819"}],"curies":[{"name":"wp","href":"https:\/\/api.w.org\/{rel}","templated":true}]}}