{"id":3810,"date":"2020-05-13T00:00:00","date_gmt":"2020-05-13T00:00:00","guid":{"rendered":"https:\/\/www.autojm.fr\/blog\/marche-automobile-fin-de-la-delocalisation\/"},"modified":"2022-12-13T13:43:23","modified_gmt":"2022-12-13T13:43:23","slug":"marche-automobile-fin-de-la-delocalisation","status":"publish","type":"post","link":"https:\/\/www.autojm.fr\/blog\/marche-automobile-fin-de-la-delocalisation\/","title":{"rendered":"March\u00e9 automobile : fin de la d\u00e9localisation ?"},"content":{"rendered":"\n<p>La pand\u00e9mie du Coronavirus qui a s\u00e9vit et s\u00e9vit encore a soulev\u00e9 de nombreux probl\u00e8mes quant au mod\u00e8le \u00e9conomique fran\u00e7ais et a principalement remis en cause les avantages de la d\u00e9localisation contre des inconv\u00e9nients qui se sont montr\u00e9s r\u00e9cemment plus que contraignants. Toutes les r\u00e9gions du monde ont \u00e9t\u00e9 (plus ou moins) touch\u00e9es par le virus, et de nombreuses capitales \u00e9conomiques ont \u00e9t\u00e9 affect\u00e9es. Le domaine de l&rsquo;automobile a notamment \u00e9t\u00e9 particuli\u00e8rement affaibli par l&rsquo;arr\u00eat des activit\u00e9s en Chine, avant m\u00eame que la France ne soit elle aussi confin\u00e9e. C&rsquo;est l&rsquo;un des pays les plus importants puisque de nombreuses pi\u00e8ces automobiles et de nombreuses cha\u00eenes de productions s&rsquo;y trouvent, et l&rsquo;activit\u00e9 d&rsquo;importation depuis la Chine vers l&rsquo;hexagone est primordiale pour l&rsquo;activit\u00e9 \u00e9conomique de notre pays. Le ministre de l&rsquo;\u00e9conomie a donc d\u00e9cid\u00e9 de reprendre en main le sujet de la d\u00e9localisation et joue sur le contexte \u00e9conomique pour favoriser un retour, une <strong>re-localisation en France<\/strong>.<\/p>\n\n\n\n<h2 class=\"wp-block-heading\">La d\u00e9localisation : solution logique<\/h2>\n\n\n\n<p>La d\u00e9localisation d\u00e9coulait d&rsquo;une logique en mati\u00e8re de frais :<strong> la France est l&rsquo;un des pays o\u00f9 les normes sont les plus strictes et o\u00f9 les co\u00fbts sont les plus \u00e9lev\u00e9s<\/strong>. Pour que les prix des v\u00e9hicules puissent rester corrects tout en assurant aux producteurs automobiles une bonne rentabilit\u00e9, la meilleure solution \u00e9tait de <strong>d\u00e9localiser dans des pays o\u00f9 les co\u00fbts de production et la main d&rsquo;oeuvre sont les moins chers<\/strong>.<\/p>\n\n\n\n<h2 class=\"wp-block-heading\">Retour en France pour la production automobile<\/h2>\n\n\n\n<h3 class=\"wp-block-heading\">L&rsquo;Etat promet des investissements pour aider les producteurs automobiles<\/h3>\n\n\n\n<p>Mais suite \u00e0 cette pand\u00e9mie, le sujet de la d\u00e9localisation, d\u00e9j\u00e0 abord\u00e9 au mois de d\u00e9cembre, est devenu l&rsquo;un des piliers des probl\u00e9matiques du mod\u00e8le \u00e9conomique fran\u00e7ais. Bruno Le Maire, ministre de l&rsquo;\u00e9conomie, d\u00e9clare alors \u201c<em>Si on dit aux constructeurs automobiles nous sommes pr\u00eats \u00e0 vous aider, nous sommes pr\u00eats \u00e0 am\u00e9liorer par exemple les primes \u00e0 la conversion, nous sommes pr\u00eats \u00e0 regarder ce qui peut am\u00e9liorer votre comp\u00e9titivit\u00e9 sur les sites de production fran\u00e7ais, la contrepartie \u00e7a doit \u00eatre quelle relocalisation est-ce que vous envisagez<\/em>\u201d. Un appel tr\u00e8s clair aux nombreux constructeurs fran\u00e7ais : il faut<strong> faire revenir autant que possible la production en France<\/strong>. Et dans ce cas, le gouvernement s&rsquo;engage \u00e0 aider financi\u00e8rement les professionnels concern\u00e9s. Il a \u00e9galement ajout\u00e9 \u201c<em>Nous sommes pr\u00eats \u00e0 participer \u00e0 la fili\u00e8re batteries \u00e9lectriques. L&rsquo;Etat met beaucoup d&rsquo;argent public sur la table. C&rsquo;est un grand enjeu strat\u00e9gique et technologique pour l&rsquo;Europe<\/em>\u201d. Il s&rsquo;agira donc de <strong>concilier la voie de la relocalisation avec celle du d\u00e9veloppement des mod\u00e8les propres<\/strong>.<\/p>\n\n\n\n<p>Le gouvernement fran\u00e7ais serait donc pr\u00eat \u00e0 un investissement suppl\u00e9mentaire. Rappelez-vous, <strong>il y a quelques mois, l&rsquo;Etat annon\u00e7ait l&rsquo;ouverture de deux fonds de 25 millions d&rsquo;euros<\/strong>. Un premier fond d\u00e9di\u00e9 \u00e0 l&rsquo;investissement dans de <strong>nouvelles lignes de production<\/strong> pour accompagner la transformation \u00e9cologique des sous-traitants automobile, et un deuxi\u00e8me fond d\u00e9di\u00e9 \u00e0 la <strong>garantie de pr\u00eats<\/strong> pour les sous-traitants, initialement pens\u00e9 pour anticiper la baisse de l&rsquo;activit\u00e9 automobile pr\u00e9vue pour 2020. La crise actuelle n&rsquo;ayant pas \u00e9t\u00e9 appr\u00e9hend\u00e9e, ce deuxi\u00e8me fond devrait donc \u00eatre plus qu&rsquo;utile aux constructeurs automobiles.<\/p>\n\n\n\n<h3 class=\"wp-block-heading\">Quelles avantages \u00e0 ce nouveau mod\u00e8le \u00e9conomique ?<\/h3>\n\n\n\n<p>La relocalisation permettrait de reprendre plus facilement le contr\u00f4le de la production apr\u00e8s une crise comme celle travers\u00e9e actuellement, mais cela aurait aussi des retomb\u00e9es positives concernant l&rsquo;<strong>\u00e9cologie<\/strong>, gr\u00e2ce \u00e0 des transports en nombre r\u00e9duit. On peut \u00e9galement esp\u00e9rer une \u00e9vidente <strong>hausse du nombre de salari\u00e9s en France<\/strong>, puisqu&rsquo;il s&rsquo;agirait de produire plus sur le territoire. Rappelons que selon le Comit\u00e9 des Constructeurs Fran\u00e7ais d&rsquo;Automobiles (CCFA), <strong>l&rsquo;industrie automobile employait 301 000 salari\u00e9s en 2004, contre 213 000 en 2017<\/strong>. Seuls les mod\u00e8les les plus co\u00fbteux sont encore produits en France, comme les <a href=\"https:\/\/www.autojm.fr\/mandataire-voitures-neuves-renault\">utilitaires chez Renault<\/a> ou les <a href=\"?part=blog&amp;utm_source=articleblog130520&amp;utm_medium=blog\">SUV chez Peugeot<\/a>. Les petites voitures telles que les citadines sont d\u00e9sormais produites \u00e0 l&rsquo;\u00e9tranger puisque leur prix, compar\u00e9 aux co\u00fbts de production, ne permettent pas une rentabilit\u00e9 suffisante si la production se fait en interne.<\/p>\n\n\n\n<p>Le monde de la production automobile devrait donc conna\u00eetre des changements cons\u00e9quents durant les prochains mois. <strong>Un courrier a d&rsquo;ailleurs \u00e9t\u00e9 transmis \u00e0 la Commission Europ\u00e9enne, sign\u00e9 de la Hollande et la France, demandant des normes plus strictes concernant les produits import\u00e9s en Europe<\/strong>. Voir la vid\u00e9o ci-dessous pour comprendre.<\/p>\n\n\n\n<p><iframe loading=\"lazy\" src=\"https:\/\/www.youtube.com\/embed\/jQCwBt7jsbc\" width=\"100%\" height=\"315\" allowfullscreen=\"allowfullscreen\"><\/iframe><\/p>\n","protected":false},"excerpt":{"rendered":"<p>La pand\u00e9mie du Coronavirus qui a s\u00e9vit et s\u00e9vit encore a soulev\u00e9 de nombreux probl\u00e8mes quant au mod\u00e8le \u00e9conomique fran\u00e7ais et a principalement remis en cause les avantages de la d\u00e9localisation contre des inconv\u00e9nients qui se sont montr\u00e9s r\u00e9cemment plus que contraignants.<\/p>\n","protected":false},"author":1,"featured_media":5870,"comment_status":"open","ping_status":"open","sticky":false,"template":"","format":"standard","meta":{"_acf_changed":false,"content-type":"","footnotes":""},"categories":[5],"tags":[90,79,74,105,110,109,106,108,107,73,78,96],"class_list":["post-3810","post","type-post","status-publish","format-standard","has-post-thumbnail","hentry","category-actualite-automobile","tag-autojm","tag-citroen","tag-dacia","tag-ds","tag-fiat","tag-ford","tag-kia","tag-nissan","tag-opel","tag-peugeot","tag-renault","tag-volkswagen"],"acf":[],"yoast_head":"<!-- This site is optimized with the Yoast SEO plugin v27.5 - https:\/\/yoast.com\/product\/yoast-seo-wordpress\/ -->\n<title>March\u00e9 automobile : fin de la d\u00e9localisation ? - AutoJM Mag<\/title>\n<meta name=\"description\" content=\"La pand\u00e9mie du Coronavirus qui a s\u00e9vit et s\u00e9vit encore a soulev\u00e9 de nombreux probl\u00e8mes quant au mod\u00e8le \u00e9conomique fran\u00e7ais...\" \/>\n<meta name=\"robots\" content=\"index, follow, max-snippet:-1, max-image-preview:large, max-video-preview:-1\" \/>\n<link rel=\"canonical\" href=\"https:\/\/www.autojm.fr\/blog\/marche-automobile-fin-de-la-delocalisation\/\" \/>\n<meta property=\"og:locale\" content=\"fr_FR\" \/>\n<meta property=\"og:type\" content=\"article\" \/>\n<meta property=\"og:title\" content=\"March\u00e9 automobile : fin de la d\u00e9localisation ? - AutoJM Mag\" \/>\n<meta property=\"og:description\" content=\"La pand\u00e9mie du Coronavirus qui a s\u00e9vit et s\u00e9vit encore a soulev\u00e9 de nombreux probl\u00e8mes quant au mod\u00e8le \u00e9conomique fran\u00e7ais...\" \/>\n<meta property=\"og:url\" content=\"https:\/\/www.autojm.fr\/blog\/marche-automobile-fin-de-la-delocalisation\/\" \/>\n<meta property=\"og:site_name\" content=\"AutoJM Mag\" \/>\n<meta property=\"article:publisher\" content=\"https:\/\/www.facebook.com\/AutoJM25\" \/>\n<meta property=\"article:published_time\" content=\"2020-05-13T00:00:00+00:00\" \/>\n<meta property=\"article:modified_time\" content=\"2022-12-13T13:43:23+00:00\" \/>\n<meta property=\"og:image\" content=\"https:\/\/www.autojm.fr\/blog\/wp-content\/uploads\/2022\/10\/538.jpg\" \/>\n\t<meta property=\"og:image:width\" content=\"1024\" \/>\n\t<meta property=\"og:image:height\" content=\"465\" \/>\n\t<meta property=\"og:image:type\" content=\"image\/jpeg\" \/>\n<meta name=\"author\" content=\"Autojm\" \/>\n<meta name=\"twitter:card\" content=\"summary_large_image\" \/>\n<meta name=\"twitter:label1\" content=\"\u00c9crit par\" \/>\n\t<meta name=\"twitter:data1\" content=\"Autojm\" \/>\n\t<meta name=\"twitter:label2\" content=\"Dur\u00e9e de lecture estim\u00e9e\" \/>\n\t<meta name=\"twitter:data2\" content=\"4 minutes\" \/>\n<script type=\"application\/ld+json\" class=\"yoast-schema-graph\">{\"@context\":\"https:\\\/\\\/schema.org\",\"@graph\":[{\"@type\":\"Article\",\"@id\":\"https:\\\/\\\/www.autojm.fr\\\/blog\\\/marche-automobile-fin-de-la-delocalisation\\\/#article\",\"isPartOf\":{\"@id\":\"https:\\\/\\\/www.autojm.fr\\\/blog\\\/marche-automobile-fin-de-la-delocalisation\\\/\"},\"author\":{\"name\":\"Autojm\",\"@id\":\"https:\\\/\\\/www.autojm.fr\\\/blog\\\/#\\\/schema\\\/person\\\/9742bc77541853e0de81fc57f947e1a0\"},\"headline\":\"March\u00e9 automobile : fin de la d\u00e9localisation ?\",\"datePublished\":\"2020-05-13T00:00:00+00:00\",\"dateModified\":\"2022-12-13T13:43:23+00:00\",\"mainEntityOfPage\":{\"@id\":\"https:\\\/\\\/www.autojm.fr\\\/blog\\\/marche-automobile-fin-de-la-delocalisation\\\/\"},\"wordCount\":766,\"commentCount\":0,\"publisher\":{\"@id\":\"https:\\\/\\\/www.autojm.fr\\\/blog\\\/#organization\"},\"image\":{\"@id\":\"https:\\\/\\\/www.autojm.fr\\\/blog\\\/marche-automobile-fin-de-la-delocalisation\\\/#primaryimage\"},\"thumbnailUrl\":\"https:\\\/\\\/www.autojm.fr\\\/blog\\\/wp-content\\\/uploads\\\/2022\\\/10\\\/538.jpg\",\"keywords\":[\"autojm\",\"citroen\",\"dacia\",\"DS\",\"Fiat\",\"Ford\",\"Kia\",\"Nissan\",\"Opel\",\"peugeot\",\"renault\",\"Volkswagen\"],\"articleSection\":[\"Actualit\u00e9 Automobile\"],\"inLanguage\":\"fr-FR\",\"potentialAction\":[{\"@type\":\"CommentAction\",\"name\":\"Comment\",\"target\":[\"https:\\\/\\\/www.autojm.fr\\\/blog\\\/marche-automobile-fin-de-la-delocalisation\\\/#respond\"]}]},{\"@type\":\"WebPage\",\"@id\":\"https:\\\/\\\/www.autojm.fr\\\/blog\\\/marche-automobile-fin-de-la-delocalisation\\\/\",\"url\":\"https:\\\/\\\/www.autojm.fr\\\/blog\\\/marche-automobile-fin-de-la-delocalisation\\\/\",\"name\":\"March\u00e9 automobile : fin de la d\u00e9localisation ? - AutoJM Mag\",\"isPartOf\":{\"@id\":\"https:\\\/\\\/www.autojm.fr\\\/blog\\\/#website\"},\"primaryImageOfPage\":{\"@id\":\"https:\\\/\\\/www.autojm.fr\\\/blog\\\/marche-automobile-fin-de-la-delocalisation\\\/#primaryimage\"},\"image\":{\"@id\":\"https:\\\/\\\/www.autojm.fr\\\/blog\\\/marche-automobile-fin-de-la-delocalisation\\\/#primaryimage\"},\"thumbnailUrl\":\"https:\\\/\\\/www.autojm.fr\\\/blog\\\/wp-content\\\/uploads\\\/2022\\\/10\\\/538.jpg\",\"datePublished\":\"2020-05-13T00:00:00+00:00\",\"dateModified\":\"2022-12-13T13:43:23+00:00\",\"description\":\"La pand\u00e9mie du Coronavirus qui a s\u00e9vit et s\u00e9vit encore a soulev\u00e9 de nombreux probl\u00e8mes quant au mod\u00e8le \u00e9conomique fran\u00e7ais...\",\"breadcrumb\":{\"@id\":\"https:\\\/\\\/www.autojm.fr\\\/blog\\\/marche-automobile-fin-de-la-delocalisation\\\/#breadcrumb\"},\"inLanguage\":\"fr-FR\",\"potentialAction\":[{\"@type\":\"ReadAction\",\"target\":[\"https:\\\/\\\/www.autojm.fr\\\/blog\\\/marche-automobile-fin-de-la-delocalisation\\\/\"]}]},{\"@type\":\"ImageObject\",\"inLanguage\":\"fr-FR\",\"@id\":\"https:\\\/\\\/www.autojm.fr\\\/blog\\\/marche-automobile-fin-de-la-delocalisation\\\/#primaryimage\",\"url\":\"https:\\\/\\\/www.autojm.fr\\\/blog\\\/wp-content\\\/uploads\\\/2022\\\/10\\\/538.jpg\",\"contentUrl\":\"https:\\\/\\\/www.autojm.fr\\\/blog\\\/wp-content\\\/uploads\\\/2022\\\/10\\\/538.jpg\",\"width\":1024,\"height\":465,\"caption\":\"March\u00e9 automobile d\u00e9localisation\"},{\"@type\":\"BreadcrumbList\",\"@id\":\"https:\\\/\\\/www.autojm.fr\\\/blog\\\/marche-automobile-fin-de-la-delocalisation\\\/#breadcrumb\",\"itemListElement\":[{\"@type\":\"ListItem\",\"position\":1,\"name\":\"Accueil\",\"item\":\"https:\\\/\\\/www.autojm.fr\\\/blog\\\/\"},{\"@type\":\"ListItem\",\"position\":2,\"name\":\"Actualit\u00e9 Automobile\",\"item\":\"https:\\\/\\\/www.autojm.fr\\\/blog\\\/actualite-automobile\\\/\"},{\"@type\":\"ListItem\",\"position\":3,\"name\":\"March\u00e9 automobile : fin de la d\u00e9localisation ?\"}]},{\"@type\":\"WebSite\",\"@id\":\"https:\\\/\\\/www.autojm.fr\\\/blog\\\/#website\",\"url\":\"https:\\\/\\\/www.autojm.fr\\\/blog\\\/\",\"name\":\"AutoJM Mag\",\"description\":\"Toute l&#039;actu auto en 1 clic !\",\"publisher\":{\"@id\":\"https:\\\/\\\/www.autojm.fr\\\/blog\\\/#organization\"},\"potentialAction\":[{\"@type\":\"SearchAction\",\"target\":{\"@type\":\"EntryPoint\",\"urlTemplate\":\"https:\\\/\\\/www.autojm.fr\\\/blog\\\/?s={search_term_string}\"},\"query-input\":{\"@type\":\"PropertyValueSpecification\",\"valueRequired\":true,\"valueName\":\"search_term_string\"}}],\"inLanguage\":\"fr-FR\"},{\"@type\":\"Organization\",\"@id\":\"https:\\\/\\\/www.autojm.fr\\\/blog\\\/#organization\",\"name\":\"AutoJM Mag\",\"url\":\"https:\\\/\\\/www.autojm.fr\\\/blog\\\/\",\"logo\":{\"@type\":\"ImageObject\",\"inLanguage\":\"fr-FR\",\"@id\":\"https:\\\/\\\/www.autojm.fr\\\/blog\\\/#\\\/schema\\\/logo\\\/image\\\/\",\"url\":\"https:\\\/\\\/www.autojm.fr\\\/blog\\\/wp-content\\\/uploads\\\/2022\\\/12\\\/cropped-AutoJMag-png.png\",\"contentUrl\":\"https:\\\/\\\/www.autojm.fr\\\/blog\\\/wp-content\\\/uploads\\\/2022\\\/12\\\/cropped-AutoJMag-png.png\",\"width\":2834,\"height\":585,\"caption\":\"AutoJM Mag\"},\"image\":{\"@id\":\"https:\\\/\\\/www.autojm.fr\\\/blog\\\/#\\\/schema\\\/logo\\\/image\\\/\"},\"sameAs\":[\"https:\\\/\\\/www.facebook.com\\\/AutoJM25\"]},{\"@type\":\"Person\",\"@id\":\"https:\\\/\\\/www.autojm.fr\\\/blog\\\/#\\\/schema\\\/person\\\/9742bc77541853e0de81fc57f947e1a0\",\"name\":\"Autojm\",\"image\":{\"@type\":\"ImageObject\",\"inLanguage\":\"fr-FR\",\"@id\":\"https:\\\/\\\/secure.gravatar.com\\\/avatar\\\/9a959d52b758fcc232fe4b6aca7bab139182573297122cce7d6f2ee0e537b418?s=96&d=mm&r=g\",\"url\":\"https:\\\/\\\/secure.gravatar.com\\\/avatar\\\/9a959d52b758fcc232fe4b6aca7bab139182573297122cce7d6f2ee0e537b418?s=96&d=mm&r=g\",\"contentUrl\":\"https:\\\/\\\/secure.gravatar.com\\\/avatar\\\/9a959d52b758fcc232fe4b6aca7bab139182573297122cce7d6f2ee0e537b418?s=96&d=mm&r=g\",\"caption\":\"Autojm\"},\"sameAs\":[\"https:\\\/\\\/www.autojm.fr\\\/blog\"],\"url\":\"https:\\\/\\\/www.autojm.fr\\\/blog\\\/author\\\/bichoi\\\/\"}]}<\/script>\n<!-- \/ Yoast SEO plugin. -->","yoast_head_json":{"title":"March\u00e9 automobile : fin de la d\u00e9localisation ? - AutoJM Mag","description":"La pand\u00e9mie du Coronavirus qui a s\u00e9vit et s\u00e9vit encore a soulev\u00e9 de nombreux probl\u00e8mes quant au mod\u00e8le \u00e9conomique fran\u00e7ais...","robots":{"index":"index","follow":"follow","max-snippet":"max-snippet:-1","max-image-preview":"max-image-preview:large","max-video-preview":"max-video-preview:-1"},"canonical":"https:\/\/www.autojm.fr\/blog\/marche-automobile-fin-de-la-delocalisation\/","og_locale":"fr_FR","og_type":"article","og_title":"March\u00e9 automobile : fin de la d\u00e9localisation ? - AutoJM Mag","og_description":"La pand\u00e9mie du Coronavirus qui a s\u00e9vit et s\u00e9vit encore a soulev\u00e9 de nombreux probl\u00e8mes quant au mod\u00e8le \u00e9conomique fran\u00e7ais...","og_url":"https:\/\/www.autojm.fr\/blog\/marche-automobile-fin-de-la-delocalisation\/","og_site_name":"AutoJM Mag","article_publisher":"https:\/\/www.facebook.com\/AutoJM25","article_published_time":"2020-05-13T00:00:00+00:00","article_modified_time":"2022-12-13T13:43:23+00:00","og_image":[{"width":1024,"height":465,"url":"https:\/\/www.autojm.fr\/blog\/wp-content\/uploads\/2022\/10\/538.jpg","type":"image\/jpeg"}],"author":"Autojm","twitter_card":"summary_large_image","twitter_misc":{"\u00c9crit par":"Autojm","Dur\u00e9e de lecture estim\u00e9e":"4 minutes"},"schema":{"@context":"https:\/\/schema.org","@graph":[{"@type":"Article","@id":"https:\/\/www.autojm.fr\/blog\/marche-automobile-fin-de-la-delocalisation\/#article","isPartOf":{"@id":"https:\/\/www.autojm.fr\/blog\/marche-automobile-fin-de-la-delocalisation\/"},"author":{"name":"Autojm","@id":"https:\/\/www.autojm.fr\/blog\/#\/schema\/person\/9742bc77541853e0de81fc57f947e1a0"},"headline":"March\u00e9 automobile : fin de la d\u00e9localisation ?","datePublished":"2020-05-13T00:00:00+00:00","dateModified":"2022-12-13T13:43:23+00:00","mainEntityOfPage":{"@id":"https:\/\/www.autojm.fr\/blog\/marche-automobile-fin-de-la-delocalisation\/"},"wordCount":766,"commentCount":0,"publisher":{"@id":"https:\/\/www.autojm.fr\/blog\/#organization"},"image":{"@id":"https:\/\/www.autojm.fr\/blog\/marche-automobile-fin-de-la-delocalisation\/#primaryimage"},"thumbnailUrl":"https:\/\/www.autojm.fr\/blog\/wp-content\/uploads\/2022\/10\/538.jpg","keywords":["autojm","citroen","dacia","DS","Fiat","Ford","Kia","Nissan","Opel","peugeot","renault","Volkswagen"],"articleSection":["Actualit\u00e9 Automobile"],"inLanguage":"fr-FR","potentialAction":[{"@type":"CommentAction","name":"Comment","target":["https:\/\/www.autojm.fr\/blog\/marche-automobile-fin-de-la-delocalisation\/#respond"]}]},{"@type":"WebPage","@id":"https:\/\/www.autojm.fr\/blog\/marche-automobile-fin-de-la-delocalisation\/","url":"https:\/\/www.autojm.fr\/blog\/marche-automobile-fin-de-la-delocalisation\/","name":"March\u00e9 automobile : fin de la d\u00e9localisation ? - AutoJM Mag","isPartOf":{"@id":"https:\/\/www.autojm.fr\/blog\/#website"},"primaryImageOfPage":{"@id":"https:\/\/www.autojm.fr\/blog\/marche-automobile-fin-de-la-delocalisation\/#primaryimage"},"image":{"@id":"https:\/\/www.autojm.fr\/blog\/marche-automobile-fin-de-la-delocalisation\/#primaryimage"},"thumbnailUrl":"https:\/\/www.autojm.fr\/blog\/wp-content\/uploads\/2022\/10\/538.jpg","datePublished":"2020-05-13T00:00:00+00:00","dateModified":"2022-12-13T13:43:23+00:00","description":"La pand\u00e9mie du Coronavirus qui a s\u00e9vit et s\u00e9vit encore a soulev\u00e9 de nombreux probl\u00e8mes quant au mod\u00e8le \u00e9conomique fran\u00e7ais...","breadcrumb":{"@id":"https:\/\/www.autojm.fr\/blog\/marche-automobile-fin-de-la-delocalisation\/#breadcrumb"},"inLanguage":"fr-FR","potentialAction":[{"@type":"ReadAction","target":["https:\/\/www.autojm.fr\/blog\/marche-automobile-fin-de-la-delocalisation\/"]}]},{"@type":"ImageObject","inLanguage":"fr-FR","@id":"https:\/\/www.autojm.fr\/blog\/marche-automobile-fin-de-la-delocalisation\/#primaryimage","url":"https:\/\/www.autojm.fr\/blog\/wp-content\/uploads\/2022\/10\/538.jpg","contentUrl":"https:\/\/www.autojm.fr\/blog\/wp-content\/uploads\/2022\/10\/538.jpg","width":1024,"height":465,"caption":"March\u00e9 automobile d\u00e9localisation"},{"@type":"BreadcrumbList","@id":"https:\/\/www.autojm.fr\/blog\/marche-automobile-fin-de-la-delocalisation\/#breadcrumb","itemListElement":[{"@type":"ListItem","position":1,"name":"Accueil","item":"https:\/\/www.autojm.fr\/blog\/"},{"@type":"ListItem","position":2,"name":"Actualit\u00e9 Automobile","item":"https:\/\/www.autojm.fr\/blog\/actualite-automobile\/"},{"@type":"ListItem","position":3,"name":"March\u00e9 automobile : fin de la d\u00e9localisation ?"}]},{"@type":"WebSite","@id":"https:\/\/www.autojm.fr\/blog\/#website","url":"https:\/\/www.autojm.fr\/blog\/","name":"AutoJM Mag","description":"Toute l&#039;actu auto en 1 clic !","publisher":{"@id":"https:\/\/www.autojm.fr\/blog\/#organization"},"potentialAction":[{"@type":"SearchAction","target":{"@type":"EntryPoint","urlTemplate":"https:\/\/www.autojm.fr\/blog\/?s={search_term_string}"},"query-input":{"@type":"PropertyValueSpecification","valueRequired":true,"valueName":"search_term_string"}}],"inLanguage":"fr-FR"},{"@type":"Organization","@id":"https:\/\/www.autojm.fr\/blog\/#organization","name":"AutoJM Mag","url":"https:\/\/www.autojm.fr\/blog\/","logo":{"@type":"ImageObject","inLanguage":"fr-FR","@id":"https:\/\/www.autojm.fr\/blog\/#\/schema\/logo\/image\/","url":"https:\/\/www.autojm.fr\/blog\/wp-content\/uploads\/2022\/12\/cropped-AutoJMag-png.png","contentUrl":"https:\/\/www.autojm.fr\/blog\/wp-content\/uploads\/2022\/12\/cropped-AutoJMag-png.png","width":2834,"height":585,"caption":"AutoJM Mag"},"image":{"@id":"https:\/\/www.autojm.fr\/blog\/#\/schema\/logo\/image\/"},"sameAs":["https:\/\/www.facebook.com\/AutoJM25"]},{"@type":"Person","@id":"https:\/\/www.autojm.fr\/blog\/#\/schema\/person\/9742bc77541853e0de81fc57f947e1a0","name":"Autojm","image":{"@type":"ImageObject","inLanguage":"fr-FR","@id":"https:\/\/secure.gravatar.com\/avatar\/9a959d52b758fcc232fe4b6aca7bab139182573297122cce7d6f2ee0e537b418?s=96&d=mm&r=g","url":"https:\/\/secure.gravatar.com\/avatar\/9a959d52b758fcc232fe4b6aca7bab139182573297122cce7d6f2ee0e537b418?s=96&d=mm&r=g","contentUrl":"https:\/\/secure.gravatar.com\/avatar\/9a959d52b758fcc232fe4b6aca7bab139182573297122cce7d6f2ee0e537b418?s=96&d=mm&r=g","caption":"Autojm"},"sameAs":["https:\/\/www.autojm.fr\/blog"],"url":"https:\/\/www.autojm.fr\/blog\/author\/bichoi\/"}]}},"_links":{"self":[{"href":"https:\/\/www.autojm.fr\/blog\/wp-json\/wp\/v2\/posts\/3810","targetHints":{"allow":["GET"]}}],"collection":[{"href":"https:\/\/www.autojm.fr\/blog\/wp-json\/wp\/v2\/posts"}],"about":[{"href":"https:\/\/www.autojm.fr\/blog\/wp-json\/wp\/v2\/types\/post"}],"author":[{"embeddable":true,"href":"https:\/\/www.autojm.fr\/blog\/wp-json\/wp\/v2\/users\/1"}],"replies":[{"embeddable":true,"href":"https:\/\/www.autojm.fr\/blog\/wp-json\/wp\/v2\/comments?post=3810"}],"version-history":[{"count":5,"href":"https:\/\/www.autojm.fr\/blog\/wp-json\/wp\/v2\/posts\/3810\/revisions"}],"predecessor-version":[{"id":7726,"href":"https:\/\/www.autojm.fr\/blog\/wp-json\/wp\/v2\/posts\/3810\/revisions\/7726"}],"wp:featuredmedia":[{"embeddable":true,"href":"https:\/\/www.autojm.fr\/blog\/wp-json\/wp\/v2\/media\/5870"}],"wp:attachment":[{"href":"https:\/\/www.autojm.fr\/blog\/wp-json\/wp\/v2\/media?parent=3810"}],"wp:term":[{"taxonomy":"category","embeddable":true,"href":"https:\/\/www.autojm.fr\/blog\/wp-json\/wp\/v2\/categories?post=3810"},{"taxonomy":"post_tag","embeddable":true,"href":"https:\/\/www.autojm.fr\/blog\/wp-json\/wp\/v2\/tags?post=3810"}],"curies":[{"name":"wp","href":"https:\/\/api.w.org\/{rel}","templated":true}]}}