{"id":3808,"date":"2020-05-06T00:00:00","date_gmt":"2020-05-06T00:00:00","guid":{"rendered":"https:\/\/www.autojm.fr\/blog\/la-voiture-moyen-de-transport-privilegie-pour-lapres-confinement\/"},"modified":"2023-04-19T06:58:37","modified_gmt":"2023-04-19T06:58:37","slug":"la-voiture-moyen-de-transport-privilegie-pour-lapres-confinement","status":"publish","type":"post","link":"https:\/\/www.autojm.fr\/blog\/la-voiture-moyen-de-transport-privilegie-pour-lapres-confinement\/","title":{"rendered":"La voiture, moyen de transport privil\u00e9gi\u00e9 pour l\u2019apr\u00e8s confinement"},"content":{"rendered":"<p>La crise actuelle pousse les citoyens \u00e0 repenser leur mode de d\u00e9placement. Alors que nombreux d&rsquo;entre eux (particuli\u00e8rement dans les grandes villes) optaient jusqu&rsquo;\u00e0 r\u00e9cemment pour les transports en commun qui facilitaient leurs trajets, <strong>les habitu\u00e9s des m\u00e9tros, bus et trams pourraient bien d\u00e9cider de revenir \u00e0 la voiture<\/strong>. Et pour cause, ces modes de transport ne permettent pas, en cas de forte affluence, de respecter les distanciations sociales. De plus, les si\u00e8ges ou barres pr\u00e9vues pour se tenir pendant le trajet seront utilis\u00e9s par de nombreux usagers et ont donc plus de chance d&rsquo;\u00eatre porteurs du virus. <strong>Le Coronavirus pousseraient donc les Fran\u00e7ais, en toute logique, \u00e0 l&rsquo;utilisation de leur propre voiture<\/strong> (voire l&rsquo;achat d&rsquo;une voiture pour les personnes n&rsquo;en poss\u00e9dant pas). Alors, le nombre d&rsquo;usagers de la route va-t-il consid\u00e9rablement augmenter apr\u00e8s le confinement ?<\/p>\n<h2>Post-confinement : accumulation de voitures sur les routes ?<\/h2>\n<h3>La solution du t\u00e9l\u00e9travail reste d&rsquo;actualit\u00e9<\/h3>\n<p>La nouvelle est \u00e0 nuancer. S&rsquo;il est tr\u00e8s probable que des personnes habitu\u00e9es autrefois \u00e0 se d\u00e9placer par les transports en commun viennent \u00e0 choisir la voiture, <strong>nombreux des usagers sont toutefois pas en possession d&rsquo;un v\u00e9hicule<\/strong> et ne pourront donc pas changer d&rsquo;option. De plus, la crise actuelle a permis de mettre en place dans une majorit\u00e9 d&rsquo;entreprises <strong>le t\u00e9l\u00e9travail, qui est vivement encourag\u00e9 m\u00eame apr\u00e8s le confinement<\/strong>. En ayant la possibilit\u00e9 de rester \u00e0 la maison, <strong>de nombreux salari\u00e9s limiteront leurs sorties<\/strong> et donc les contacts ext\u00e9rieurs.<\/p>\n<h3>Mesures prises dans la capitale<\/h3>\n<p><strong>A Paris<\/strong>, la Maire Anne Hidalgo a pris de nombreuses d\u00e9cisions pour pallier \u00e0 l&rsquo;accumulation de v\u00e9hicules sur les routes : elle pr\u00e9voit notamment de <strong>doubler le nombre de places sur les parkings relais<\/strong> (qui seront gratuits pour les d\u00e9tenteurs du pass navigo), mais \u00e9galement de <strong>cr\u00e9er 50 kilom\u00e8tres de pistes cyclables dans la capitale<\/strong>. De nombreux v\u00e9los ont \u00e9galement \u00e9t\u00e9 mis \u00e0 disposition des Parisiens, \u00e0 moindre prix, pour encourager leur utilisation.<\/p>\n<p><iframe loading=\"lazy\" src=\"https:\/\/www.youtube.com\/embed\/Hge1eJlNqao\" width=\"100%\" height=\"315\" allowfullscreen=\"allowfullscreen\"><\/iframe><\/p>\n<p>Ces solutions sont indispensables pour \u00e9viter des bouchons incontr\u00f4lables, mais \u00e9galement pour <strong>\u00e9viter une augmentation en fl\u00e8che du taux de pollution<\/strong>. Avec le confinement, les habitants de la capitale ont constat\u00e9 une meilleure qualit\u00e9 de l&rsquo;air et l&rsquo;objectif est de conserver au mieux un air \u201cpure\u201d. La pollution est d&rsquo;autant plus pr\u00e9occupante \u00e0 l&rsquo;heure actuelle, puisqu&rsquo;elle affecte \u201c[&#8230;] <em>les muqueuses des voies a\u00e9riennes. Ab\u00eem\u00e9es, elles sont moins robustes et laissent p\u00e9n\u00e9trer le virus<\/em>\u201d a d\u00e9clar\u00e9 Isabella Annesi-Maesano, directrice de recherche \u00e0 l&rsquo;Inserm, au Monde.<\/p>\n<h2>La voiture, moyen de transport s\u00e9curisant<\/h2>\n<p><strong>Si toutefois la voiture devient un moyen de transport privil\u00e9gi\u00e9, on peut alors esp\u00e9rer une reprise en grande pompe des industries du secteur automobile<\/strong>. L&rsquo;activit\u00e9 reprend d\u00e9j\u00e0 petit \u00e0 petit en France pour les usines automobiles, qui ont d\u00fb s&rsquo;adapter aux nouvelles r\u00e8gles sanitaires en vigueur.<\/p>\n<p>La voiture constitue un espace s\u00e9curisant pendant cette p\u00e9riode. <strong>La voiture est une zone ferm\u00e9e priv\u00e9e o\u00f9 seul l&rsquo;automobiliste peut acc\u00e9der, et l&rsquo;absence de contact avec l&rsquo;ext\u00e9rieur r\u00e9duit les risques<\/strong>. Les soci\u00e9t\u00e9s de <strong>Taxi <\/strong>l&rsquo;ont bien compris, et les v\u00e9hicules sont <strong>d&rsquo;ores et d\u00e9j\u00e0 \u00e9quip\u00e9s de protections transparentes<\/strong> qui s\u00e9parent le chauffeur de son client afin de limiter les contacts.<\/p>\n<p>Le d\u00e9confinement devrait prendre effet dans les jours \u00e0 venir, et avec lui le retour au travail de tr\u00e8s nombreux Fran\u00e7ais. Alors, <strong>si vous n&rsquo;avez que trop peu (ou pas du tout) utilis\u00e9 votre v\u00e9hicule, voici quelques conseils<\/strong> avant de reprendre la route :<\/p>\n<p>&#8211; Veillez \u00e0 d\u00e9marrer votre v\u00e9hicule pour v\u00e9rifier que la batterie n&rsquo;est pas d\u00e9charg\u00e9e.<br \/>\n&#8211; Contr\u00f4ler vos pneus, qui peuvent se d\u00e9gonfler m\u00eame \u00e0 l&rsquo;arr\u00eat.<br \/>\n&#8211; V\u00e9rifiez les freins \u00e9galement : l&rsquo;immobilit\u00e9 totale cr\u00e9e une usure superficielle qui peut jouer sur les capacit\u00e9s de freinage.<br \/>\n&#8211; V\u00e9rifiez tous les niveaux : huile moteur, liquide de refroidissement et lave-glace.<br \/>\n&#8211; Prenez rendez-vous au contr\u00f4le technique si toutefois la date limite est d\u00e9pass\u00e9e : un d\u00e9lai suppl\u00e9mentaire de 3 mois a \u00e9t\u00e9 accord\u00e9 mais au-del\u00e0, l&rsquo;absence de contr\u00f4le technique \u00e0 jour constituera une infraction.<\/p>\n","protected":false},"excerpt":{"rendered":"<p>La crise actuelle pousse les citoyens \u00e0 repenser leur mode de d\u00e9placement. Alors que nombreux d&rsquo;entre eux (particuli\u00e8rement dans les grandes villes) optaient jusqu&rsquo;\u00e0 r\u00e9cemment pour les transports en commun qui facilitaient leurs trajets, les habitu\u00e9s des m\u00e9tros, bus et trams pourraient bien d\u00e9cider de revenir \u00e0 la voiture.<\/p>\n","protected":false},"author":1,"featured_media":5868,"comment_status":"open","ping_status":"open","sticky":false,"template":"","format":"standard","meta":{"_acf_changed":false,"content-type":"","footnotes":""},"categories":[22],"tags":[90,85,74,105,110,109,106,108,107,73,78,96],"class_list":["post-3808","post","type-post","status-publish","format-standard","has-post-thumbnail","hentry","category-conseils-astuces","tag-autojm","tag-citroen-2","tag-dacia","tag-ds","tag-fiat","tag-ford","tag-kia","tag-nissan","tag-opel","tag-peugeot","tag-renault","tag-volkswagen"],"acf":[],"yoast_head":"<!-- This site is optimized with the Yoast SEO plugin v27.5 - https:\/\/yoast.com\/product\/yoast-seo-wordpress\/ -->\n<title>La voiture, moyen de transport privil\u00e9gi\u00e9 pour l\u2019apr\u00e8s confinement<\/title>\n<meta name=\"description\" content=\"Alors que nombreux d&#039;entre eux (particuli\u00e8rement dans les grandes villes) optaient jusqu&#039;\u00e0 r\u00e9cemment pour les transports en commun qui...\" \/>\n<meta name=\"robots\" content=\"index, follow, max-snippet:-1, max-image-preview:large, max-video-preview:-1\" \/>\n<link rel=\"canonical\" href=\"https:\/\/www.autojm.fr\/blog\/la-voiture-moyen-de-transport-privilegie-pour-lapres-confinement\/\" \/>\n<meta property=\"og:locale\" content=\"fr_FR\" \/>\n<meta property=\"og:type\" content=\"article\" \/>\n<meta property=\"og:title\" content=\"La voiture, moyen de transport privil\u00e9gi\u00e9 pour l\u2019apr\u00e8s confinement\" \/>\n<meta property=\"og:description\" content=\"Alors que nombreux d&#039;entre eux (particuli\u00e8rement dans les grandes villes) optaient jusqu&#039;\u00e0 r\u00e9cemment pour les transports en commun qui...\" \/>\n<meta property=\"og:url\" content=\"https:\/\/www.autojm.fr\/blog\/la-voiture-moyen-de-transport-privilegie-pour-lapres-confinement\/\" \/>\n<meta property=\"og:site_name\" content=\"AutoJM Mag\" \/>\n<meta property=\"article:publisher\" content=\"https:\/\/www.facebook.com\/AutoJM25\" \/>\n<meta property=\"article:published_time\" content=\"2020-05-06T00:00:00+00:00\" \/>\n<meta property=\"article:modified_time\" content=\"2023-04-19T06:58:37+00:00\" \/>\n<meta property=\"og:image\" content=\"https:\/\/www.autojm.fr\/blog\/wp-content\/uploads\/2022\/10\/536.jpg\" \/>\n\t<meta property=\"og:image:width\" content=\"1024\" \/>\n\t<meta property=\"og:image:height\" content=\"465\" \/>\n\t<meta property=\"og:image:type\" content=\"image\/jpeg\" \/>\n<meta name=\"author\" content=\"Autojm\" \/>\n<meta name=\"twitter:card\" content=\"summary_large_image\" \/>\n<meta name=\"twitter:label1\" content=\"\u00c9crit par\" \/>\n\t<meta name=\"twitter:data1\" content=\"Autojm\" \/>\n\t<meta name=\"twitter:label2\" content=\"Dur\u00e9e de lecture estim\u00e9e\" \/>\n\t<meta name=\"twitter:data2\" content=\"4 minutes\" \/>\n<script type=\"application\/ld+json\" class=\"yoast-schema-graph\">{\"@context\":\"https:\\\/\\\/schema.org\",\"@graph\":[{\"@type\":\"Article\",\"@id\":\"https:\\\/\\\/www.autojm.fr\\\/blog\\\/la-voiture-moyen-de-transport-privilegie-pour-lapres-confinement\\\/#article\",\"isPartOf\":{\"@id\":\"https:\\\/\\\/www.autojm.fr\\\/blog\\\/la-voiture-moyen-de-transport-privilegie-pour-lapres-confinement\\\/\"},\"author\":{\"name\":\"Autojm\",\"@id\":\"https:\\\/\\\/www.autojm.fr\\\/blog\\\/#\\\/schema\\\/person\\\/9742bc77541853e0de81fc57f947e1a0\"},\"headline\":\"La voiture, moyen de transport privil\u00e9gi\u00e9 pour l\u2019apr\u00e8s confinement\",\"datePublished\":\"2020-05-06T00:00:00+00:00\",\"dateModified\":\"2023-04-19T06:58:37+00:00\",\"mainEntityOfPage\":{\"@id\":\"https:\\\/\\\/www.autojm.fr\\\/blog\\\/la-voiture-moyen-de-transport-privilegie-pour-lapres-confinement\\\/\"},\"wordCount\":718,\"commentCount\":0,\"publisher\":{\"@id\":\"https:\\\/\\\/www.autojm.fr\\\/blog\\\/#organization\"},\"image\":{\"@id\":\"https:\\\/\\\/www.autojm.fr\\\/blog\\\/la-voiture-moyen-de-transport-privilegie-pour-lapres-confinement\\\/#primaryimage\"},\"thumbnailUrl\":\"https:\\\/\\\/www.autojm.fr\\\/blog\\\/wp-content\\\/uploads\\\/2022\\\/10\\\/536.jpg\",\"keywords\":[\"autojm\",\"Citro\u00ebn\",\"dacia\",\"DS\",\"Fiat\",\"Ford\",\"Kia\",\"Nissan\",\"Opel\",\"peugeot\",\"renault\",\"Volkswagen\"],\"articleSection\":[\"Conseils &amp; Astuces\"],\"inLanguage\":\"fr-FR\",\"potentialAction\":[{\"@type\":\"CommentAction\",\"name\":\"Comment\",\"target\":[\"https:\\\/\\\/www.autojm.fr\\\/blog\\\/la-voiture-moyen-de-transport-privilegie-pour-lapres-confinement\\\/#respond\"]}]},{\"@type\":\"WebPage\",\"@id\":\"https:\\\/\\\/www.autojm.fr\\\/blog\\\/la-voiture-moyen-de-transport-privilegie-pour-lapres-confinement\\\/\",\"url\":\"https:\\\/\\\/www.autojm.fr\\\/blog\\\/la-voiture-moyen-de-transport-privilegie-pour-lapres-confinement\\\/\",\"name\":\"La voiture, moyen de transport privil\u00e9gi\u00e9 pour l\u2019apr\u00e8s confinement\",\"isPartOf\":{\"@id\":\"https:\\\/\\\/www.autojm.fr\\\/blog\\\/#website\"},\"primaryImageOfPage\":{\"@id\":\"https:\\\/\\\/www.autojm.fr\\\/blog\\\/la-voiture-moyen-de-transport-privilegie-pour-lapres-confinement\\\/#primaryimage\"},\"image\":{\"@id\":\"https:\\\/\\\/www.autojm.fr\\\/blog\\\/la-voiture-moyen-de-transport-privilegie-pour-lapres-confinement\\\/#primaryimage\"},\"thumbnailUrl\":\"https:\\\/\\\/www.autojm.fr\\\/blog\\\/wp-content\\\/uploads\\\/2022\\\/10\\\/536.jpg\",\"datePublished\":\"2020-05-06T00:00:00+00:00\",\"dateModified\":\"2023-04-19T06:58:37+00:00\",\"description\":\"Alors que nombreux d'entre eux (particuli\u00e8rement dans les grandes villes) optaient jusqu'\u00e0 r\u00e9cemment pour les transports en commun qui...\",\"breadcrumb\":{\"@id\":\"https:\\\/\\\/www.autojm.fr\\\/blog\\\/la-voiture-moyen-de-transport-privilegie-pour-lapres-confinement\\\/#breadcrumb\"},\"inLanguage\":\"fr-FR\",\"potentialAction\":[{\"@type\":\"ReadAction\",\"target\":[\"https:\\\/\\\/www.autojm.fr\\\/blog\\\/la-voiture-moyen-de-transport-privilegie-pour-lapres-confinement\\\/\"]}]},{\"@type\":\"ImageObject\",\"inLanguage\":\"fr-FR\",\"@id\":\"https:\\\/\\\/www.autojm.fr\\\/blog\\\/la-voiture-moyen-de-transport-privilegie-pour-lapres-confinement\\\/#primaryimage\",\"url\":\"https:\\\/\\\/www.autojm.fr\\\/blog\\\/wp-content\\\/uploads\\\/2022\\\/10\\\/536.jpg\",\"contentUrl\":\"https:\\\/\\\/www.autojm.fr\\\/blog\\\/wp-content\\\/uploads\\\/2022\\\/10\\\/536.jpg\",\"width\":1024,\"height\":465,\"caption\":\"D\u00e9confinement\"},{\"@type\":\"BreadcrumbList\",\"@id\":\"https:\\\/\\\/www.autojm.fr\\\/blog\\\/la-voiture-moyen-de-transport-privilegie-pour-lapres-confinement\\\/#breadcrumb\",\"itemListElement\":[{\"@type\":\"ListItem\",\"position\":1,\"name\":\"Accueil\",\"item\":\"https:\\\/\\\/www.autojm.fr\\\/blog\\\/\"},{\"@type\":\"ListItem\",\"position\":2,\"name\":\"Conseils &amp; Astuces\",\"item\":\"https:\\\/\\\/www.autojm.fr\\\/blog\\\/conseils-astuces\\\/\"},{\"@type\":\"ListItem\",\"position\":3,\"name\":\"La voiture, moyen de transport privil\u00e9gi\u00e9 pour l\u2019apr\u00e8s confinement\"}]},{\"@type\":\"WebSite\",\"@id\":\"https:\\\/\\\/www.autojm.fr\\\/blog\\\/#website\",\"url\":\"https:\\\/\\\/www.autojm.fr\\\/blog\\\/\",\"name\":\"AutoJM Mag\",\"description\":\"Toute l&#039;actu auto en 1 clic !\",\"publisher\":{\"@id\":\"https:\\\/\\\/www.autojm.fr\\\/blog\\\/#organization\"},\"potentialAction\":[{\"@type\":\"SearchAction\",\"target\":{\"@type\":\"EntryPoint\",\"urlTemplate\":\"https:\\\/\\\/www.autojm.fr\\\/blog\\\/?s={search_term_string}\"},\"query-input\":{\"@type\":\"PropertyValueSpecification\",\"valueRequired\":true,\"valueName\":\"search_term_string\"}}],\"inLanguage\":\"fr-FR\"},{\"@type\":\"Organization\",\"@id\":\"https:\\\/\\\/www.autojm.fr\\\/blog\\\/#organization\",\"name\":\"AutoJM Mag\",\"url\":\"https:\\\/\\\/www.autojm.fr\\\/blog\\\/\",\"logo\":{\"@type\":\"ImageObject\",\"inLanguage\":\"fr-FR\",\"@id\":\"https:\\\/\\\/www.autojm.fr\\\/blog\\\/#\\\/schema\\\/logo\\\/image\\\/\",\"url\":\"https:\\\/\\\/www.autojm.fr\\\/blog\\\/wp-content\\\/uploads\\\/2022\\\/12\\\/cropped-AutoJMag-png.png\",\"contentUrl\":\"https:\\\/\\\/www.autojm.fr\\\/blog\\\/wp-content\\\/uploads\\\/2022\\\/12\\\/cropped-AutoJMag-png.png\",\"width\":2834,\"height\":585,\"caption\":\"AutoJM Mag\"},\"image\":{\"@id\":\"https:\\\/\\\/www.autojm.fr\\\/blog\\\/#\\\/schema\\\/logo\\\/image\\\/\"},\"sameAs\":[\"https:\\\/\\\/www.facebook.com\\\/AutoJM25\"]},{\"@type\":\"Person\",\"@id\":\"https:\\\/\\\/www.autojm.fr\\\/blog\\\/#\\\/schema\\\/person\\\/9742bc77541853e0de81fc57f947e1a0\",\"name\":\"Autojm\",\"image\":{\"@type\":\"ImageObject\",\"inLanguage\":\"fr-FR\",\"@id\":\"https:\\\/\\\/secure.gravatar.com\\\/avatar\\\/9a959d52b758fcc232fe4b6aca7bab139182573297122cce7d6f2ee0e537b418?s=96&d=mm&r=g\",\"url\":\"https:\\\/\\\/secure.gravatar.com\\\/avatar\\\/9a959d52b758fcc232fe4b6aca7bab139182573297122cce7d6f2ee0e537b418?s=96&d=mm&r=g\",\"contentUrl\":\"https:\\\/\\\/secure.gravatar.com\\\/avatar\\\/9a959d52b758fcc232fe4b6aca7bab139182573297122cce7d6f2ee0e537b418?s=96&d=mm&r=g\",\"caption\":\"Autojm\"},\"sameAs\":[\"https:\\\/\\\/www.autojm.fr\\\/blog\"],\"url\":\"https:\\\/\\\/www.autojm.fr\\\/blog\\\/author\\\/bichoi\\\/\"}]}<\/script>\n<!-- \/ Yoast SEO plugin. -->","yoast_head_json":{"title":"La voiture, moyen de transport privil\u00e9gi\u00e9 pour l\u2019apr\u00e8s confinement","description":"Alors que nombreux d'entre eux (particuli\u00e8rement dans les grandes villes) optaient jusqu'\u00e0 r\u00e9cemment pour les transports en commun qui...","robots":{"index":"index","follow":"follow","max-snippet":"max-snippet:-1","max-image-preview":"max-image-preview:large","max-video-preview":"max-video-preview:-1"},"canonical":"https:\/\/www.autojm.fr\/blog\/la-voiture-moyen-de-transport-privilegie-pour-lapres-confinement\/","og_locale":"fr_FR","og_type":"article","og_title":"La voiture, moyen de transport privil\u00e9gi\u00e9 pour l\u2019apr\u00e8s confinement","og_description":"Alors que nombreux d'entre eux (particuli\u00e8rement dans les grandes villes) optaient jusqu'\u00e0 r\u00e9cemment pour les transports en commun qui...","og_url":"https:\/\/www.autojm.fr\/blog\/la-voiture-moyen-de-transport-privilegie-pour-lapres-confinement\/","og_site_name":"AutoJM Mag","article_publisher":"https:\/\/www.facebook.com\/AutoJM25","article_published_time":"2020-05-06T00:00:00+00:00","article_modified_time":"2023-04-19T06:58:37+00:00","og_image":[{"width":1024,"height":465,"url":"https:\/\/www.autojm.fr\/blog\/wp-content\/uploads\/2022\/10\/536.jpg","type":"image\/jpeg"}],"author":"Autojm","twitter_card":"summary_large_image","twitter_misc":{"\u00c9crit par":"Autojm","Dur\u00e9e de lecture estim\u00e9e":"4 minutes"},"schema":{"@context":"https:\/\/schema.org","@graph":[{"@type":"Article","@id":"https:\/\/www.autojm.fr\/blog\/la-voiture-moyen-de-transport-privilegie-pour-lapres-confinement\/#article","isPartOf":{"@id":"https:\/\/www.autojm.fr\/blog\/la-voiture-moyen-de-transport-privilegie-pour-lapres-confinement\/"},"author":{"name":"Autojm","@id":"https:\/\/www.autojm.fr\/blog\/#\/schema\/person\/9742bc77541853e0de81fc57f947e1a0"},"headline":"La voiture, moyen de transport privil\u00e9gi\u00e9 pour l\u2019apr\u00e8s confinement","datePublished":"2020-05-06T00:00:00+00:00","dateModified":"2023-04-19T06:58:37+00:00","mainEntityOfPage":{"@id":"https:\/\/www.autojm.fr\/blog\/la-voiture-moyen-de-transport-privilegie-pour-lapres-confinement\/"},"wordCount":718,"commentCount":0,"publisher":{"@id":"https:\/\/www.autojm.fr\/blog\/#organization"},"image":{"@id":"https:\/\/www.autojm.fr\/blog\/la-voiture-moyen-de-transport-privilegie-pour-lapres-confinement\/#primaryimage"},"thumbnailUrl":"https:\/\/www.autojm.fr\/blog\/wp-content\/uploads\/2022\/10\/536.jpg","keywords":["autojm","Citro\u00ebn","dacia","DS","Fiat","Ford","Kia","Nissan","Opel","peugeot","renault","Volkswagen"],"articleSection":["Conseils &amp; Astuces"],"inLanguage":"fr-FR","potentialAction":[{"@type":"CommentAction","name":"Comment","target":["https:\/\/www.autojm.fr\/blog\/la-voiture-moyen-de-transport-privilegie-pour-lapres-confinement\/#respond"]}]},{"@type":"WebPage","@id":"https:\/\/www.autojm.fr\/blog\/la-voiture-moyen-de-transport-privilegie-pour-lapres-confinement\/","url":"https:\/\/www.autojm.fr\/blog\/la-voiture-moyen-de-transport-privilegie-pour-lapres-confinement\/","name":"La voiture, moyen de transport privil\u00e9gi\u00e9 pour l\u2019apr\u00e8s confinement","isPartOf":{"@id":"https:\/\/www.autojm.fr\/blog\/#website"},"primaryImageOfPage":{"@id":"https:\/\/www.autojm.fr\/blog\/la-voiture-moyen-de-transport-privilegie-pour-lapres-confinement\/#primaryimage"},"image":{"@id":"https:\/\/www.autojm.fr\/blog\/la-voiture-moyen-de-transport-privilegie-pour-lapres-confinement\/#primaryimage"},"thumbnailUrl":"https:\/\/www.autojm.fr\/blog\/wp-content\/uploads\/2022\/10\/536.jpg","datePublished":"2020-05-06T00:00:00+00:00","dateModified":"2023-04-19T06:58:37+00:00","description":"Alors que nombreux d'entre eux (particuli\u00e8rement dans les grandes villes) optaient jusqu'\u00e0 r\u00e9cemment pour les transports en commun qui...","breadcrumb":{"@id":"https:\/\/www.autojm.fr\/blog\/la-voiture-moyen-de-transport-privilegie-pour-lapres-confinement\/#breadcrumb"},"inLanguage":"fr-FR","potentialAction":[{"@type":"ReadAction","target":["https:\/\/www.autojm.fr\/blog\/la-voiture-moyen-de-transport-privilegie-pour-lapres-confinement\/"]}]},{"@type":"ImageObject","inLanguage":"fr-FR","@id":"https:\/\/www.autojm.fr\/blog\/la-voiture-moyen-de-transport-privilegie-pour-lapres-confinement\/#primaryimage","url":"https:\/\/www.autojm.fr\/blog\/wp-content\/uploads\/2022\/10\/536.jpg","contentUrl":"https:\/\/www.autojm.fr\/blog\/wp-content\/uploads\/2022\/10\/536.jpg","width":1024,"height":465,"caption":"D\u00e9confinement"},{"@type":"BreadcrumbList","@id":"https:\/\/www.autojm.fr\/blog\/la-voiture-moyen-de-transport-privilegie-pour-lapres-confinement\/#breadcrumb","itemListElement":[{"@type":"ListItem","position":1,"name":"Accueil","item":"https:\/\/www.autojm.fr\/blog\/"},{"@type":"ListItem","position":2,"name":"Conseils &amp; Astuces","item":"https:\/\/www.autojm.fr\/blog\/conseils-astuces\/"},{"@type":"ListItem","position":3,"name":"La voiture, moyen de transport privil\u00e9gi\u00e9 pour l\u2019apr\u00e8s confinement"}]},{"@type":"WebSite","@id":"https:\/\/www.autojm.fr\/blog\/#website","url":"https:\/\/www.autojm.fr\/blog\/","name":"AutoJM Mag","description":"Toute l&#039;actu auto en 1 clic !","publisher":{"@id":"https:\/\/www.autojm.fr\/blog\/#organization"},"potentialAction":[{"@type":"SearchAction","target":{"@type":"EntryPoint","urlTemplate":"https:\/\/www.autojm.fr\/blog\/?s={search_term_string}"},"query-input":{"@type":"PropertyValueSpecification","valueRequired":true,"valueName":"search_term_string"}}],"inLanguage":"fr-FR"},{"@type":"Organization","@id":"https:\/\/www.autojm.fr\/blog\/#organization","name":"AutoJM Mag","url":"https:\/\/www.autojm.fr\/blog\/","logo":{"@type":"ImageObject","inLanguage":"fr-FR","@id":"https:\/\/www.autojm.fr\/blog\/#\/schema\/logo\/image\/","url":"https:\/\/www.autojm.fr\/blog\/wp-content\/uploads\/2022\/12\/cropped-AutoJMag-png.png","contentUrl":"https:\/\/www.autojm.fr\/blog\/wp-content\/uploads\/2022\/12\/cropped-AutoJMag-png.png","width":2834,"height":585,"caption":"AutoJM Mag"},"image":{"@id":"https:\/\/www.autojm.fr\/blog\/#\/schema\/logo\/image\/"},"sameAs":["https:\/\/www.facebook.com\/AutoJM25"]},{"@type":"Person","@id":"https:\/\/www.autojm.fr\/blog\/#\/schema\/person\/9742bc77541853e0de81fc57f947e1a0","name":"Autojm","image":{"@type":"ImageObject","inLanguage":"fr-FR","@id":"https:\/\/secure.gravatar.com\/avatar\/9a959d52b758fcc232fe4b6aca7bab139182573297122cce7d6f2ee0e537b418?s=96&d=mm&r=g","url":"https:\/\/secure.gravatar.com\/avatar\/9a959d52b758fcc232fe4b6aca7bab139182573297122cce7d6f2ee0e537b418?s=96&d=mm&r=g","contentUrl":"https:\/\/secure.gravatar.com\/avatar\/9a959d52b758fcc232fe4b6aca7bab139182573297122cce7d6f2ee0e537b418?s=96&d=mm&r=g","caption":"Autojm"},"sameAs":["https:\/\/www.autojm.fr\/blog"],"url":"https:\/\/www.autojm.fr\/blog\/author\/bichoi\/"}]}},"_links":{"self":[{"href":"https:\/\/www.autojm.fr\/blog\/wp-json\/wp\/v2\/posts\/3808","targetHints":{"allow":["GET"]}}],"collection":[{"href":"https:\/\/www.autojm.fr\/blog\/wp-json\/wp\/v2\/posts"}],"about":[{"href":"https:\/\/www.autojm.fr\/blog\/wp-json\/wp\/v2\/types\/post"}],"author":[{"embeddable":true,"href":"https:\/\/www.autojm.fr\/blog\/wp-json\/wp\/v2\/users\/1"}],"replies":[{"embeddable":true,"href":"https:\/\/www.autojm.fr\/blog\/wp-json\/wp\/v2\/comments?post=3808"}],"version-history":[{"count":6,"href":"https:\/\/www.autojm.fr\/blog\/wp-json\/wp\/v2\/posts\/3808\/revisions"}],"predecessor-version":[{"id":9428,"href":"https:\/\/www.autojm.fr\/blog\/wp-json\/wp\/v2\/posts\/3808\/revisions\/9428"}],"wp:featuredmedia":[{"embeddable":true,"href":"https:\/\/www.autojm.fr\/blog\/wp-json\/wp\/v2\/media\/5868"}],"wp:attachment":[{"href":"https:\/\/www.autojm.fr\/blog\/wp-json\/wp\/v2\/media?parent=3808"}],"wp:term":[{"taxonomy":"category","embeddable":true,"href":"https:\/\/www.autojm.fr\/blog\/wp-json\/wp\/v2\/categories?post=3808"},{"taxonomy":"post_tag","embeddable":true,"href":"https:\/\/www.autojm.fr\/blog\/wp-json\/wp\/v2\/tags?post=3808"}],"curies":[{"name":"wp","href":"https:\/\/api.w.org\/{rel}","templated":true}]}}