{"id":3805,"date":"2020-03-17T00:00:00","date_gmt":"2020-03-17T00:00:00","guid":{"rendered":"https:\/\/www.autojm.fr\/blog\/peugeot-308-du-changement-sur-la-berline-en-2021\/"},"modified":"2023-04-18T12:45:23","modified_gmt":"2023-04-18T12:45:23","slug":"peugeot-308-du-changement-sur-la-berline-en-2021","status":"publish","type":"post","link":"https:\/\/www.autojm.fr\/blog\/peugeot-308-du-changement-sur-la-berline-en-2021\/","title":{"rendered":"Peugeot 308 : du changement sur la berline en 2021"},"content":{"rendered":"<p>C&rsquo;est en 2007 que la Peugeot 308 fait son apparition, d&rsquo;abord devant la presse puis aux yeux du grand public. Elle succ\u00e8de \u00e0 la Peugeot 307, qui a connu un succ\u00e8s av\u00e9r\u00e9, notamment gr\u00e2ce \u00e0 la pr\u00e9sence de peu de concurrentes sur le march\u00e9. La 308 sortira d&rsquo;abord en version 5 portes, puis 3 portes, et quelques mois plus tard en mod\u00e8le break SW. Un mod\u00e8le Coup\u00e9 Cabriolet viendra \u00e9toffer la gamme, suivi par le coup\u00e9 308 RCZ (qui deviendra RCZ). La 308 GTI sera \u00e9galement d\u00e9velopp\u00e9e. <strong>Depuis 2013, <a href=\"?part=blog&amp;utm_source=articleblog170320&amp;utm_medium=blog\">la deuxi\u00e8me g\u00e9n\u00e9ration de la Peugeot 308<\/a> est commercialis\u00e9e<\/strong>. La 308 se d\u00e9cline toujours en version plus sportive, mais surtout elle se veut moderne, accueille des mat\u00e9riaux qualitatifs et une carrosserie muscl\u00e9e. Pas \u00e9tonnant que le constructeur Peugeot souhaite prolonger sa dur\u00e9e de vie et faire rentrer sur le march\u00e9 automobile la troisi\u00e8me g\u00e9n\u00e9ration de la Peugeot 308 (imagin\u00e9e ci-dessous par <em>Automobile Propre<\/em>). Mais alors, \u00e0 quoi doit-on s&rsquo;attendre pour cette nouveaut\u00e9 ?<\/p>\n<h2>Nouvelle 308 : une version SUV sur\u00e9lev\u00e9e<\/h2>\n<p>Comme sur la deuxi\u00e8me g\u00e9n\u00e9ration, la nouvelle Peugeot 308 sera d\u00e9clin\u00e9e en <strong>version 5 portes et en version break SW<\/strong>. La nouveaut\u00e9 r\u00e9side donc dans son <strong>in\u00e9dite version sur\u00e9lev\u00e9e<\/strong>, un mod\u00e8le r\u00e9serv\u00e9 au <strong>march\u00e9 am\u00e9ricain<\/strong> qui n&rsquo;affectionne pas les berlines et sur lequel Peugeot veut se faire une place. Cette version SUV pourrait \u00eatre distribu\u00e9e sur des flottes d&rsquo;autopartage. Peugeot \u00e9tant devenu une r\u00e9f\u00e9rence en mati\u00e8re de SUV (depuis le succ\u00e8s du SUV 3008), on s&rsquo;attend donc \u00e0 une 308 au <strong>style soign\u00e9e, sur\u00e9lev\u00e9e et avec un look baroudeur<\/strong> pour concurrencer les mod\u00e8les du march\u00e9 am\u00e9ricain. En attendant, c&rsquo;est sous un nouveau jour et dans une carrosserie de Berline qu&rsquo;elle se fera conna\u00eetre en France.<\/p>\n<h2>Nouveau design de la Peugeot 308<\/h2>\n<p><strong>La nouvelle 308 devrait bien \u00e9voluer esth\u00e9tiquement<\/strong>, pour suivre la trace de sa petite soeur <a href=\"https:\/\/www.autojm.fr\/achat-voitures-neuves-peugeot-208-2019-5p?part=blog&amp;utm_source=articleblog170320&amp;utm_medium=blog\">la 208<\/a> qui s&rsquo;est m\u00e9tamorphos\u00e9e lors de sa nouvelle g\u00e9n\u00e9ration en 2019. La berline pourrait reprendre des <strong>codes du concept-car Instinct (vid\u00e9o ci-dessous)<\/strong>, mais \u00e9galement des <strong>Peugeot 508, 2008 et 208<\/strong> sur lesquelles le nouveau visage de Peugeot est d\u00e9sormais ancr\u00e9. La nouvelle 308 sera soign\u00e9e esth\u00e9tiquement, avec des optiques effil\u00e9s pour accentuer son gabarit. Reste \u00e0 savoir si elle accueillera les feux en forme de dents de Lion qui font la fiert\u00e9 de Peugeot. Parmi les atouts de cette 308, il se dit que cette version pourrait inaugurer le nouveau logo Peugeot avec une t\u00eate de Lion (contre l&rsquo;actuelle Lion miniature).<br \/>\nC\u00f4t\u00e9 espace, la 308 restera fid\u00e8le \u00e0 sa deuxi\u00e8me g\u00e9n\u00e9ration, et conservera ce <strong>d\u00e9faut d&rsquo;espace aux places arri\u00e8res<\/strong> qui semble ne pas \u00eatre une priorit\u00e9 pour Peugeot. Il faudra opter pour la version Break pour un confort plus important. On devrait cependant profiter d&rsquo;un int\u00e9rieur perfectionn\u00e9 par rapport \u00e0 la g\u00e9n\u00e9ration pr\u00e9c\u00e9dente, avec notamment un <strong>\u00e9cran central plus grand et mieux int\u00e9gr\u00e9 au tableau de bord<\/strong>, sur lequel on pourra naviguer facilement via le fameux <strong>toggle switch<\/strong>.<\/p>\n<p><iframe loading=\"lazy\" src=\"https:\/\/www.youtube.com\/embed\/cSe41GhFAdQ\" width=\"100%\" height=\"315\" allowfullscreen=\"allowfullscreen\"><\/iframe><\/p>\n<h2>Une (ou plusieurs) version(s) hybride sur la 308 2021<\/h2>\n<p>C\u00f4t\u00e9 motorisation, nul doute n&rsquo;est fait quant \u00e0 la programmation d&rsquo;une version propre, comme le mod\u00e8le \u00e9lectrique des Peugeot 208 et <a href=\"https:\/\/www.autojm.fr\/achat-voitures-neuves-peugeot-nouveau-suv-2008-5p?part=blog&amp;utm_source=articleblog170320&amp;utm_medium=blog\">2008<\/a>. La plateforme EMP2 de la nouvelle 308 ne permettra pas une version \u00e9lectrique mais une d\u00e9clinaison en <strong>hybride rechargeable<\/strong> devrait \u00eatre choisie. Peugeot devrait opter pour le mod\u00e8le <strong>Hybrid E-EAT8 en 225 chevaux<\/strong> r\u00e9cemment d\u00e9velopp\u00e9 sur le SUV 3008. A confirmer.<\/p>\n<p>Annonc\u00e9e initialement pour sa premi\u00e8re apparition en 2021, la nouvelle 308 pourrait prendre un peu d&rsquo;avance et se d\u00e9voiler aux yeux du public \u00e0 l&rsquo;occasion du <strong>Mondial de Paris en octobre 2020<\/strong>. Nous saurons donc d&rsquo;ici quelques mois \u00e0 quoi ressemble la berline \u00e0 succ\u00e8s de la marque au Lion.<\/p>\n","protected":false},"excerpt":{"rendered":"<p>C&rsquo;est en 2007 que la Peugeot 308 fait son apparition, d&rsquo;abord devant la presse puis aux yeux du grand public. Elle succ\u00e8de \u00e0 la Peugeot 307, qui a connu un succ\u00e8s av\u00e9r\u00e9, notamment gr\u00e2ce \u00e0 la pr\u00e9sence de peu de concurrentes sur le march\u00e9.<\/p>\n","protected":false},"author":1,"featured_media":5865,"comment_status":"open","ping_status":"open","sticky":false,"template":"","format":"standard","meta":{"_acf_changed":false,"content-type":"","footnotes":""},"categories":[235,61],"tags":[90,73,153],"class_list":["post-3805","post","type-post","status-publish","format-standard","has-post-thumbnail","hentry","category-nouveaute-peugeot","category-nouveautes-autos","tag-autojm","tag-peugeot","tag-peugeot-308"],"acf":[],"yoast_head":"<!-- This site is optimized with the Yoast SEO plugin v27.5 - https:\/\/yoast.com\/product\/yoast-seo-wordpress\/ -->\n<title>Peugeot 308 : du changement sur la berline en 2021 - AutoJM Mag<\/title>\n<meta name=\"description\" content=\"C&#039;est en 2007 que la Peugeot 308 fait son apparition, d&#039;abord devant la presse puis aux yeux du grand public. Elle succ\u00e8de \u00e0 la Peugeot...\" \/>\n<meta name=\"robots\" content=\"index, follow, max-snippet:-1, max-image-preview:large, max-video-preview:-1\" \/>\n<link rel=\"canonical\" href=\"https:\/\/www.autojm.fr\/blog\/peugeot-308-du-changement-sur-la-berline-en-2021\/\" \/>\n<meta property=\"og:locale\" content=\"fr_FR\" \/>\n<meta property=\"og:type\" content=\"article\" \/>\n<meta property=\"og:title\" content=\"Peugeot 308 : du changement sur la berline en 2021 - AutoJM Mag\" \/>\n<meta property=\"og:description\" content=\"C&#039;est en 2007 que la Peugeot 308 fait son apparition, d&#039;abord devant la presse puis aux yeux du grand public. Elle succ\u00e8de \u00e0 la Peugeot...\" \/>\n<meta property=\"og:url\" content=\"https:\/\/www.autojm.fr\/blog\/peugeot-308-du-changement-sur-la-berline-en-2021\/\" \/>\n<meta property=\"og:site_name\" content=\"AutoJM Mag\" \/>\n<meta property=\"article:publisher\" content=\"https:\/\/www.facebook.com\/AutoJM25\" \/>\n<meta property=\"article:published_time\" content=\"2020-03-17T00:00:00+00:00\" \/>\n<meta property=\"article:modified_time\" content=\"2023-04-18T12:45:23+00:00\" \/>\n<meta property=\"og:image\" content=\"https:\/\/www.autojm.fr\/blog\/wp-content\/uploads\/2022\/10\/530-scaled.jpg\" \/>\n\t<meta property=\"og:image:width\" content=\"2560\" \/>\n\t<meta property=\"og:image:height\" content=\"1160\" \/>\n\t<meta property=\"og:image:type\" content=\"image\/jpeg\" \/>\n<meta name=\"author\" content=\"Autojm\" \/>\n<meta name=\"twitter:card\" content=\"summary_large_image\" \/>\n<meta name=\"twitter:label1\" content=\"\u00c9crit par\" \/>\n\t<meta name=\"twitter:data1\" content=\"Autojm\" \/>\n\t<meta name=\"twitter:label2\" content=\"Dur\u00e9e de lecture estim\u00e9e\" \/>\n\t<meta name=\"twitter:data2\" content=\"4 minutes\" \/>\n<script type=\"application\/ld+json\" class=\"yoast-schema-graph\">{\"@context\":\"https:\\\/\\\/schema.org\",\"@graph\":[{\"@type\":\"Article\",\"@id\":\"https:\\\/\\\/www.autojm.fr\\\/blog\\\/peugeot-308-du-changement-sur-la-berline-en-2021\\\/#article\",\"isPartOf\":{\"@id\":\"https:\\\/\\\/www.autojm.fr\\\/blog\\\/peugeot-308-du-changement-sur-la-berline-en-2021\\\/\"},\"author\":{\"name\":\"Autojm\",\"@id\":\"https:\\\/\\\/www.autojm.fr\\\/blog\\\/#\\\/schema\\\/person\\\/9742bc77541853e0de81fc57f947e1a0\"},\"headline\":\"Peugeot 308 : du changement sur la berline en 2021\",\"datePublished\":\"2020-03-17T00:00:00+00:00\",\"dateModified\":\"2023-04-18T12:45:23+00:00\",\"mainEntityOfPage\":{\"@id\":\"https:\\\/\\\/www.autojm.fr\\\/blog\\\/peugeot-308-du-changement-sur-la-berline-en-2021\\\/\"},\"wordCount\":644,\"commentCount\":0,\"publisher\":{\"@id\":\"https:\\\/\\\/www.autojm.fr\\\/blog\\\/#organization\"},\"image\":{\"@id\":\"https:\\\/\\\/www.autojm.fr\\\/blog\\\/peugeot-308-du-changement-sur-la-berline-en-2021\\\/#primaryimage\"},\"thumbnailUrl\":\"https:\\\/\\\/www.autojm.fr\\\/blog\\\/wp-content\\\/uploads\\\/2022\\\/10\\\/530-scaled.jpg\",\"keywords\":[\"autojm\",\"peugeot\",\"Peugeot 308\"],\"articleSection\":[\"Nouveaut\u00e9 Peugeot\",\"Nouveaut\u00e9s Autos\"],\"inLanguage\":\"fr-FR\",\"potentialAction\":[{\"@type\":\"CommentAction\",\"name\":\"Comment\",\"target\":[\"https:\\\/\\\/www.autojm.fr\\\/blog\\\/peugeot-308-du-changement-sur-la-berline-en-2021\\\/#respond\"]}]},{\"@type\":\"WebPage\",\"@id\":\"https:\\\/\\\/www.autojm.fr\\\/blog\\\/peugeot-308-du-changement-sur-la-berline-en-2021\\\/\",\"url\":\"https:\\\/\\\/www.autojm.fr\\\/blog\\\/peugeot-308-du-changement-sur-la-berline-en-2021\\\/\",\"name\":\"Peugeot 308 : du changement sur la berline en 2021 - AutoJM Mag\",\"isPartOf\":{\"@id\":\"https:\\\/\\\/www.autojm.fr\\\/blog\\\/#website\"},\"primaryImageOfPage\":{\"@id\":\"https:\\\/\\\/www.autojm.fr\\\/blog\\\/peugeot-308-du-changement-sur-la-berline-en-2021\\\/#primaryimage\"},\"image\":{\"@id\":\"https:\\\/\\\/www.autojm.fr\\\/blog\\\/peugeot-308-du-changement-sur-la-berline-en-2021\\\/#primaryimage\"},\"thumbnailUrl\":\"https:\\\/\\\/www.autojm.fr\\\/blog\\\/wp-content\\\/uploads\\\/2022\\\/10\\\/530-scaled.jpg\",\"datePublished\":\"2020-03-17T00:00:00+00:00\",\"dateModified\":\"2023-04-18T12:45:23+00:00\",\"description\":\"C'est en 2007 que la Peugeot 308 fait son apparition, d'abord devant la presse puis aux yeux du grand public. Elle succ\u00e8de \u00e0 la Peugeot...\",\"breadcrumb\":{\"@id\":\"https:\\\/\\\/www.autojm.fr\\\/blog\\\/peugeot-308-du-changement-sur-la-berline-en-2021\\\/#breadcrumb\"},\"inLanguage\":\"fr-FR\",\"potentialAction\":[{\"@type\":\"ReadAction\",\"target\":[\"https:\\\/\\\/www.autojm.fr\\\/blog\\\/peugeot-308-du-changement-sur-la-berline-en-2021\\\/\"]}]},{\"@type\":\"ImageObject\",\"inLanguage\":\"fr-FR\",\"@id\":\"https:\\\/\\\/www.autojm.fr\\\/blog\\\/peugeot-308-du-changement-sur-la-berline-en-2021\\\/#primaryimage\",\"url\":\"https:\\\/\\\/www.autojm.fr\\\/blog\\\/wp-content\\\/uploads\\\/2022\\\/10\\\/530-scaled.jpg\",\"contentUrl\":\"https:\\\/\\\/www.autojm.fr\\\/blog\\\/wp-content\\\/uploads\\\/2022\\\/10\\\/530-scaled.jpg\",\"width\":2560,\"height\":1160},{\"@type\":\"BreadcrumbList\",\"@id\":\"https:\\\/\\\/www.autojm.fr\\\/blog\\\/peugeot-308-du-changement-sur-la-berline-en-2021\\\/#breadcrumb\",\"itemListElement\":[{\"@type\":\"ListItem\",\"position\":1,\"name\":\"Accueil\",\"item\":\"https:\\\/\\\/www.autojm.fr\\\/blog\\\/\"},{\"@type\":\"ListItem\",\"position\":2,\"name\":\"Nouveaut\u00e9s Autos\",\"item\":\"https:\\\/\\\/www.autojm.fr\\\/blog\\\/nouveautes-autos\\\/\"},{\"@type\":\"ListItem\",\"position\":3,\"name\":\"Peugeot 308 : du changement sur la berline en 2021\"}]},{\"@type\":\"WebSite\",\"@id\":\"https:\\\/\\\/www.autojm.fr\\\/blog\\\/#website\",\"url\":\"https:\\\/\\\/www.autojm.fr\\\/blog\\\/\",\"name\":\"AutoJM Mag\",\"description\":\"Toute l&#039;actu auto en 1 clic !\",\"publisher\":{\"@id\":\"https:\\\/\\\/www.autojm.fr\\\/blog\\\/#organization\"},\"potentialAction\":[{\"@type\":\"SearchAction\",\"target\":{\"@type\":\"EntryPoint\",\"urlTemplate\":\"https:\\\/\\\/www.autojm.fr\\\/blog\\\/?s={search_term_string}\"},\"query-input\":{\"@type\":\"PropertyValueSpecification\",\"valueRequired\":true,\"valueName\":\"search_term_string\"}}],\"inLanguage\":\"fr-FR\"},{\"@type\":\"Organization\",\"@id\":\"https:\\\/\\\/www.autojm.fr\\\/blog\\\/#organization\",\"name\":\"AutoJM Mag\",\"url\":\"https:\\\/\\\/www.autojm.fr\\\/blog\\\/\",\"logo\":{\"@type\":\"ImageObject\",\"inLanguage\":\"fr-FR\",\"@id\":\"https:\\\/\\\/www.autojm.fr\\\/blog\\\/#\\\/schema\\\/logo\\\/image\\\/\",\"url\":\"https:\\\/\\\/www.autojm.fr\\\/blog\\\/wp-content\\\/uploads\\\/2022\\\/12\\\/cropped-AutoJMag-png.png\",\"contentUrl\":\"https:\\\/\\\/www.autojm.fr\\\/blog\\\/wp-content\\\/uploads\\\/2022\\\/12\\\/cropped-AutoJMag-png.png\",\"width\":2834,\"height\":585,\"caption\":\"AutoJM Mag\"},\"image\":{\"@id\":\"https:\\\/\\\/www.autojm.fr\\\/blog\\\/#\\\/schema\\\/logo\\\/image\\\/\"},\"sameAs\":[\"https:\\\/\\\/www.facebook.com\\\/AutoJM25\"]},{\"@type\":\"Person\",\"@id\":\"https:\\\/\\\/www.autojm.fr\\\/blog\\\/#\\\/schema\\\/person\\\/9742bc77541853e0de81fc57f947e1a0\",\"name\":\"Autojm\",\"image\":{\"@type\":\"ImageObject\",\"inLanguage\":\"fr-FR\",\"@id\":\"https:\\\/\\\/secure.gravatar.com\\\/avatar\\\/9a959d52b758fcc232fe4b6aca7bab139182573297122cce7d6f2ee0e537b418?s=96&d=mm&r=g\",\"url\":\"https:\\\/\\\/secure.gravatar.com\\\/avatar\\\/9a959d52b758fcc232fe4b6aca7bab139182573297122cce7d6f2ee0e537b418?s=96&d=mm&r=g\",\"contentUrl\":\"https:\\\/\\\/secure.gravatar.com\\\/avatar\\\/9a959d52b758fcc232fe4b6aca7bab139182573297122cce7d6f2ee0e537b418?s=96&d=mm&r=g\",\"caption\":\"Autojm\"},\"sameAs\":[\"https:\\\/\\\/www.autojm.fr\\\/blog\"],\"url\":\"https:\\\/\\\/www.autojm.fr\\\/blog\\\/author\\\/bichoi\\\/\"}]}<\/script>\n<!-- \/ Yoast SEO plugin. -->","yoast_head_json":{"title":"Peugeot 308 : du changement sur la berline en 2021 - AutoJM Mag","description":"C'est en 2007 que la Peugeot 308 fait son apparition, d'abord devant la presse puis aux yeux du grand public. Elle succ\u00e8de \u00e0 la Peugeot...","robots":{"index":"index","follow":"follow","max-snippet":"max-snippet:-1","max-image-preview":"max-image-preview:large","max-video-preview":"max-video-preview:-1"},"canonical":"https:\/\/www.autojm.fr\/blog\/peugeot-308-du-changement-sur-la-berline-en-2021\/","og_locale":"fr_FR","og_type":"article","og_title":"Peugeot 308 : du changement sur la berline en 2021 - AutoJM Mag","og_description":"C'est en 2007 que la Peugeot 308 fait son apparition, d'abord devant la presse puis aux yeux du grand public. Elle succ\u00e8de \u00e0 la Peugeot...","og_url":"https:\/\/www.autojm.fr\/blog\/peugeot-308-du-changement-sur-la-berline-en-2021\/","og_site_name":"AutoJM Mag","article_publisher":"https:\/\/www.facebook.com\/AutoJM25","article_published_time":"2020-03-17T00:00:00+00:00","article_modified_time":"2023-04-18T12:45:23+00:00","og_image":[{"width":2560,"height":1160,"url":"https:\/\/www.autojm.fr\/blog\/wp-content\/uploads\/2022\/10\/530-scaled.jpg","type":"image\/jpeg"}],"author":"Autojm","twitter_card":"summary_large_image","twitter_misc":{"\u00c9crit par":"Autojm","Dur\u00e9e de lecture estim\u00e9e":"4 minutes"},"schema":{"@context":"https:\/\/schema.org","@graph":[{"@type":"Article","@id":"https:\/\/www.autojm.fr\/blog\/peugeot-308-du-changement-sur-la-berline-en-2021\/#article","isPartOf":{"@id":"https:\/\/www.autojm.fr\/blog\/peugeot-308-du-changement-sur-la-berline-en-2021\/"},"author":{"name":"Autojm","@id":"https:\/\/www.autojm.fr\/blog\/#\/schema\/person\/9742bc77541853e0de81fc57f947e1a0"},"headline":"Peugeot 308 : du changement sur la berline en 2021","datePublished":"2020-03-17T00:00:00+00:00","dateModified":"2023-04-18T12:45:23+00:00","mainEntityOfPage":{"@id":"https:\/\/www.autojm.fr\/blog\/peugeot-308-du-changement-sur-la-berline-en-2021\/"},"wordCount":644,"commentCount":0,"publisher":{"@id":"https:\/\/www.autojm.fr\/blog\/#organization"},"image":{"@id":"https:\/\/www.autojm.fr\/blog\/peugeot-308-du-changement-sur-la-berline-en-2021\/#primaryimage"},"thumbnailUrl":"https:\/\/www.autojm.fr\/blog\/wp-content\/uploads\/2022\/10\/530-scaled.jpg","keywords":["autojm","peugeot","Peugeot 308"],"articleSection":["Nouveaut\u00e9 Peugeot","Nouveaut\u00e9s Autos"],"inLanguage":"fr-FR","potentialAction":[{"@type":"CommentAction","name":"Comment","target":["https:\/\/www.autojm.fr\/blog\/peugeot-308-du-changement-sur-la-berline-en-2021\/#respond"]}]},{"@type":"WebPage","@id":"https:\/\/www.autojm.fr\/blog\/peugeot-308-du-changement-sur-la-berline-en-2021\/","url":"https:\/\/www.autojm.fr\/blog\/peugeot-308-du-changement-sur-la-berline-en-2021\/","name":"Peugeot 308 : du changement sur la berline en 2021 - AutoJM Mag","isPartOf":{"@id":"https:\/\/www.autojm.fr\/blog\/#website"},"primaryImageOfPage":{"@id":"https:\/\/www.autojm.fr\/blog\/peugeot-308-du-changement-sur-la-berline-en-2021\/#primaryimage"},"image":{"@id":"https:\/\/www.autojm.fr\/blog\/peugeot-308-du-changement-sur-la-berline-en-2021\/#primaryimage"},"thumbnailUrl":"https:\/\/www.autojm.fr\/blog\/wp-content\/uploads\/2022\/10\/530-scaled.jpg","datePublished":"2020-03-17T00:00:00+00:00","dateModified":"2023-04-18T12:45:23+00:00","description":"C'est en 2007 que la Peugeot 308 fait son apparition, d'abord devant la presse puis aux yeux du grand public. Elle succ\u00e8de \u00e0 la Peugeot...","breadcrumb":{"@id":"https:\/\/www.autojm.fr\/blog\/peugeot-308-du-changement-sur-la-berline-en-2021\/#breadcrumb"},"inLanguage":"fr-FR","potentialAction":[{"@type":"ReadAction","target":["https:\/\/www.autojm.fr\/blog\/peugeot-308-du-changement-sur-la-berline-en-2021\/"]}]},{"@type":"ImageObject","inLanguage":"fr-FR","@id":"https:\/\/www.autojm.fr\/blog\/peugeot-308-du-changement-sur-la-berline-en-2021\/#primaryimage","url":"https:\/\/www.autojm.fr\/blog\/wp-content\/uploads\/2022\/10\/530-scaled.jpg","contentUrl":"https:\/\/www.autojm.fr\/blog\/wp-content\/uploads\/2022\/10\/530-scaled.jpg","width":2560,"height":1160},{"@type":"BreadcrumbList","@id":"https:\/\/www.autojm.fr\/blog\/peugeot-308-du-changement-sur-la-berline-en-2021\/#breadcrumb","itemListElement":[{"@type":"ListItem","position":1,"name":"Accueil","item":"https:\/\/www.autojm.fr\/blog\/"},{"@type":"ListItem","position":2,"name":"Nouveaut\u00e9s Autos","item":"https:\/\/www.autojm.fr\/blog\/nouveautes-autos\/"},{"@type":"ListItem","position":3,"name":"Peugeot 308 : du changement sur la berline en 2021"}]},{"@type":"WebSite","@id":"https:\/\/www.autojm.fr\/blog\/#website","url":"https:\/\/www.autojm.fr\/blog\/","name":"AutoJM Mag","description":"Toute l&#039;actu auto en 1 clic !","publisher":{"@id":"https:\/\/www.autojm.fr\/blog\/#organization"},"potentialAction":[{"@type":"SearchAction","target":{"@type":"EntryPoint","urlTemplate":"https:\/\/www.autojm.fr\/blog\/?s={search_term_string}"},"query-input":{"@type":"PropertyValueSpecification","valueRequired":true,"valueName":"search_term_string"}}],"inLanguage":"fr-FR"},{"@type":"Organization","@id":"https:\/\/www.autojm.fr\/blog\/#organization","name":"AutoJM Mag","url":"https:\/\/www.autojm.fr\/blog\/","logo":{"@type":"ImageObject","inLanguage":"fr-FR","@id":"https:\/\/www.autojm.fr\/blog\/#\/schema\/logo\/image\/","url":"https:\/\/www.autojm.fr\/blog\/wp-content\/uploads\/2022\/12\/cropped-AutoJMag-png.png","contentUrl":"https:\/\/www.autojm.fr\/blog\/wp-content\/uploads\/2022\/12\/cropped-AutoJMag-png.png","width":2834,"height":585,"caption":"AutoJM Mag"},"image":{"@id":"https:\/\/www.autojm.fr\/blog\/#\/schema\/logo\/image\/"},"sameAs":["https:\/\/www.facebook.com\/AutoJM25"]},{"@type":"Person","@id":"https:\/\/www.autojm.fr\/blog\/#\/schema\/person\/9742bc77541853e0de81fc57f947e1a0","name":"Autojm","image":{"@type":"ImageObject","inLanguage":"fr-FR","@id":"https:\/\/secure.gravatar.com\/avatar\/9a959d52b758fcc232fe4b6aca7bab139182573297122cce7d6f2ee0e537b418?s=96&d=mm&r=g","url":"https:\/\/secure.gravatar.com\/avatar\/9a959d52b758fcc232fe4b6aca7bab139182573297122cce7d6f2ee0e537b418?s=96&d=mm&r=g","contentUrl":"https:\/\/secure.gravatar.com\/avatar\/9a959d52b758fcc232fe4b6aca7bab139182573297122cce7d6f2ee0e537b418?s=96&d=mm&r=g","caption":"Autojm"},"sameAs":["https:\/\/www.autojm.fr\/blog"],"url":"https:\/\/www.autojm.fr\/blog\/author\/bichoi\/"}]}},"_links":{"self":[{"href":"https:\/\/www.autojm.fr\/blog\/wp-json\/wp\/v2\/posts\/3805","targetHints":{"allow":["GET"]}}],"collection":[{"href":"https:\/\/www.autojm.fr\/blog\/wp-json\/wp\/v2\/posts"}],"about":[{"href":"https:\/\/www.autojm.fr\/blog\/wp-json\/wp\/v2\/types\/post"}],"author":[{"embeddable":true,"href":"https:\/\/www.autojm.fr\/blog\/wp-json\/wp\/v2\/users\/1"}],"replies":[{"embeddable":true,"href":"https:\/\/www.autojm.fr\/blog\/wp-json\/wp\/v2\/comments?post=3805"}],"version-history":[{"count":5,"href":"https:\/\/www.autojm.fr\/blog\/wp-json\/wp\/v2\/posts\/3805\/revisions"}],"predecessor-version":[{"id":9277,"href":"https:\/\/www.autojm.fr\/blog\/wp-json\/wp\/v2\/posts\/3805\/revisions\/9277"}],"wp:featuredmedia":[{"embeddable":true,"href":"https:\/\/www.autojm.fr\/blog\/wp-json\/wp\/v2\/media\/5865"}],"wp:attachment":[{"href":"https:\/\/www.autojm.fr\/blog\/wp-json\/wp\/v2\/media?parent=3805"}],"wp:term":[{"taxonomy":"category","embeddable":true,"href":"https:\/\/www.autojm.fr\/blog\/wp-json\/wp\/v2\/categories?post=3805"},{"taxonomy":"post_tag","embeddable":true,"href":"https:\/\/www.autojm.fr\/blog\/wp-json\/wp\/v2\/tags?post=3805"}],"curies":[{"name":"wp","href":"https:\/\/api.w.org\/{rel}","templated":true}]}}