{"id":3797,"date":"2020-02-26T00:00:00","date_gmt":"2020-02-26T00:00:00","guid":{"rendered":"https:\/\/www.autojm.fr\/blog\/ds-9-la-berline-francaise-made-in-china\/"},"modified":"2023-04-18T12:46:36","modified_gmt":"2023-04-18T12:46:36","slug":"ds-9-la-berline-francaise-made-in-china","status":"publish","type":"post","link":"https:\/\/www.autojm.fr\/blog\/ds-9-la-berline-francaise-made-in-china\/","title":{"rendered":"DS 9 : la berline fran\u00e7aise made in China"},"content":{"rendered":"<p>C&rsquo;est sur la page Facebook du groupe DS que les internautes ont pu d\u00e9couvrir en avant-premi\u00e8re la <strong>DS9<\/strong>. Qualifi\u00e9e de <strong>berline de luxe \u00e0 la fran\u00e7aise<\/strong>, son style rappelle au premier regard celui de la <strong><a href=\"https:\/\/www.autojm.fr\/achat-voitures-neuves-peugeot-nouvelle-508-5p?part=blog&amp;utm_source=articleblog260220&amp;utm_medium=blog\">Peugeot 508<\/a><\/strong>, ou de la 508-L, la version chinoise. Comme pour le design des <a href=\"https:\/\/www.autojm.fr\/mandataire-voitures-neuves-ds\">DS3 Crossback<\/a> et <a href=\"https:\/\/www.autojm.fr\/achat-voitures-neuves-ds-ds-7-crossback-5p?part=blog&amp;utm_source=articleblog260220&amp;utm_medium=blog\">DS7 Crossback<\/a>, la marque DS mise \u00e0 nouveau tout sur l&rsquo;<strong>\u00e9l\u00e9gance<\/strong>. Une attention particuli\u00e8re est apport\u00e9e \u00e0 chaque d\u00e9tail pour un rendu ultra chic. La DS9 s\u00e9duit c&rsquo;est certain, mais arrivera-t-elle r\u00e9ellement \u00e0 se faire une place sur le march\u00e9 de automobile ?<\/p>\n<h2>DS9 : made in China<\/h2>\n<p>Ce qui est certain, c&rsquo;est que ce n&rsquo;est pas le processus de fabrication de cette DS9 qui s\u00e9duira. Destin\u00e9e principalement au march\u00e9 chinois &#8211; mais aussi \u00e0 une distribution dans les 4 coins du monde &#8211; la berline sera produite en Chine, \u00e0 l&rsquo;<strong>usine PSA de Shenzen<\/strong>. Un point paradoxal quand on conna\u00eet la volont\u00e9 du constructeur fran\u00e7ais de s&rsquo;imposer dans le domaine du luxe \u00e0 la fran\u00e7aise. Il a justifi\u00e9 son choix par le fait de vouloir <strong>prioriser le march\u00e9 chinois<\/strong> pour les ventes de la DS9. L\u00e0 encore, la strat\u00e9gie est remise en cause par les chiffres, puisqu&rsquo;<strong>en 2019, seulement 2000 v\u00e9hicules de la marque DS se sont vendus sur le territoire<\/strong>, de quoi soulever de r\u00e9els questionnements sur les choix du constructeur fran\u00e7ais.<\/p>\n<h2>DS9 : la berline de luxe<\/h2>\n<p>Et si la question du Made in China pose un premier probl\u00e8me, un deuxi\u00e8me probl\u00e8me a \u00e9t\u00e9 soulev\u00e9 : la DS9 a fait sa grande pr\u00e9sentation en France, une volont\u00e9 marqu\u00e9e de conqu\u00e9rir le march\u00e9 automobile fran\u00e7ais. Hors, les <strong>voitures de luxe sont rares sur le parc automobile de l&rsquo;hexagone<\/strong>, et les<strong> berlines<\/strong> en outre, sont d&rsquo;autant plus <strong>rares depuis la popularisation des SUV<\/strong>. Le mod\u00e8le aurait pu avoir une chance de se retrouver comme \u00e9g\u00e9rie des hautes administrations de France s&rsquo;il n&rsquo;avait pas \u00e9t\u00e9 fabriqu\u00e9 en Chine. La marque DS prend donc de tr\u00e8s gros risques concernant la commercialisation de ce nouveau mod\u00e8le, qui arbore malgr\u00e9 tout une carrosserie tr\u00e8s s\u00e9duisante et de nombreux \u00e9quipements de derni\u00e8re g\u00e9n\u00e9ration.<\/p>\n<h2>Design de la DS9 : la touche DS<\/h2>\n<p>Sur cette DS9 est int\u00e9gr\u00e9e la <strong>plateforme EMP2<\/strong>, avec un <strong>empattement in\u00e9dit<\/strong> qui permet un gain d&rsquo;espace consid\u00e9rable, notamment aux places arri\u00e8res (argument de taille pour le march\u00e9 chinois). On d\u00e9couvre un gabarit <strong>long de 4,93 m\u00e8tres et large de 1,85m avec des roues grand format de 690 mm<\/strong>. Comme dit pr\u00e9c\u00e9demment, la s\u00e9duction est au rendez-vous sur la berline : une <strong>calandre large DS Wings<\/strong>, des projecteurs effil\u00e9s accentu\u00e9s par des cornets \u00e0 chaque extr\u00e9mit\u00e9 de son pavillon qui font office de feux de position. Son gabarit est muscl\u00e9 par son capot plongeant. Enfin, les finitions sont soign\u00e9es avec de nombreux d\u00e9tails chrom\u00e9s, une large bande soulignant le capot et des clignotants arri\u00e8res ins\u00e9r\u00e9s dans le prolongement des goutti\u00e8res de toit. L&rsquo;int\u00e9rieur a \u00e9t\u00e9 choy\u00e9 de la m\u00eame fa\u00e7on, laissant place \u00e0 des mat\u00e9riaux haut de gamme, des lignes avec formes g\u00e9om\u00e9triques de la console centrale \u00e0 l&rsquo;affichage de l&rsquo;instrumentation num\u00e9rique, et cerise sur le tableau, une <strong>montre B.R.M au centre<\/strong>.<\/p>\n<h2>Motorisations hybrides sur la DS9<\/h2>\n<p>C\u00f4t\u00e9 motorisations, la DS9 mise tout sur des moteurs propres et performants : elle emprunte \u00e0 cet effet le moteur hybride rechargeable des SUV DS7 Crossback, Peugeot 3008 et Opel Grandland X. On retrouve d&rsquo;abord une version <strong>hybride rechargeable E-TENSE<\/strong> m\u00ealant un moteur PureTech 4 cylindres 1.6 litres de 180 chevaux \u00e0 un moteur \u00e9lectrique de 110 int\u00e9grant une bo\u00eete automatique \u00e0 8 rapports (que l&rsquo;on retrouve sur tous les mod\u00e8les et toutes les motorisations de cette DS9). Cette version totalise <strong>225 chevaux<\/strong>, et accueille une batterie de 11,9 kWh pour une autonomie d&rsquo;environ 50km en tout \u00e9lectrique. Sur ce mod\u00e8le, la bo\u00eete \u00e0 8 rapports permet des acc\u00e9l\u00e9rations franches d\u00e8s le d\u00e9marrage, et le moteur \u00e9lectrique pousse la voiture jusqu&rsquo;\u00e0 135 km\/h. Par la suite, la DS9 sera d\u00e9clin\u00e9e avec un moteur E-TENSE de 250 chevaux en 2 roues motrices, et un moteur E-TENSE de 360 chevaux en 4 roues motrices. Pour l&rsquo;instant, face \u00e0 la version E-TENSE 225 chevaux les automobilistes peuvent choisir un <strong>moteur essence 4 cylindre de 225 chevaux<\/strong> \u00e9galement. Pas de motorisation Diesel annonc\u00e9e, un choix qui pourrait p\u00e9naliser la berline de DS face \u00e0 ses concurrentes comme l&rsquo;Audi A6 ou la BMW Serie 5.<\/p>\n<h2>Aides \u00e0 la conduite sur la berline DS<\/h2>\n<p>Du c\u00f4t\u00e9 des technologies embarqu\u00e9es, la DS9 n&rsquo;est pas en reste et propose une offre correcte avec entre autres <strong>DS Park Pilot, DS Night Vision, DS Driver Monitoring, DS Active LED Vision, DS Smart Access, et Active Scan Suspension<\/strong> : cette derni\u00e8re technologie permet, gr\u00e2ce \u00e0 une cam\u00e9ra qui scanne la route, de pr\u00e9parer les pneus aux imperfections afin d&rsquo;am\u00e9liorer le confort pendant la conduite. On retrouve \u00e9galement un niveau de conduite semi-autonome de niveau 2 dans le DS Drive Assist avec un assistant de maintien dans la voie actif utilisable jusqu&rsquo;\u00e0 180 km\/h.<\/p>\n<p>Selon le site Challenges.fr, la marque DS souhaite produire <strong>30 000 exemplaires par an<\/strong> de ce nouveau mod\u00e8le, dont <strong>10 000 destin\u00e9s \u00e0 l&rsquo;Europe<\/strong>. Sa premi\u00e8re pr\u00e9sentation en public aurait d\u00fb avoir lieu au salon de Gen\u00e8ve 2020, et est donc repouss\u00e9e. La DS9 s\u00e9duira-t-elle le public et convaincra-t-elle les automobilistes ? Affaire \u00e0 suivre.<\/p>\n<p><iframe loading=\"lazy\" src=\"https:\/\/www.youtube.com\/embed\/Dx1T75TqjZE\" width=\"100%\" height=\"315\" allowfullscreen=\"allowfullscreen\"><\/iframe><\/p>\n<p style=\"margin-top: 1.75em; margin-bottom: 1.75em; font-size: 0.813em; line-height: 1.5em; color: #666666; font-family: Arial, Helvetica, sans-serif;\">\n","protected":false},"excerpt":{"rendered":"<p>C&rsquo;est sur la page Facebook du groupe DS que les internautes ont pu d\u00e9couvrir en avant-premi\u00e8re la DS9. Qualifi\u00e9e de berline de luxe \u00e0 la fran\u00e7aise, son style rappelle au premier regard celui de la Peugeot 508, ou de la 508-L, la version chinoise.<\/p>\n","protected":false},"author":1,"featured_media":5857,"comment_status":"open","ping_status":"open","sticky":false,"template":"","format":"standard","meta":{"_acf_changed":false,"content-type":"","footnotes":""},"categories":[234,61],"tags":[90,105,144],"class_list":["post-3797","post","type-post","status-publish","format-standard","has-post-thumbnail","hentry","category-nouveaute-ds","category-nouveautes-autos","tag-autojm","tag-ds","tag-ds9"],"acf":[],"yoast_head":"<!-- This site is optimized with the Yoast SEO plugin v27.5 - https:\/\/yoast.com\/product\/yoast-seo-wordpress\/ -->\n<title>DS 9 : la berline fran\u00e7aise made in China - AutoJM Mag<\/title>\n<meta name=\"description\" content=\"C&#039;est sur la page Facebook du groupe DS que les internautes ont pu d\u00e9couvrir en avant-premi\u00e8re la DS9. Qualifi\u00e9e de berline de luxe \u00e0 la...\" \/>\n<meta name=\"robots\" content=\"index, follow, max-snippet:-1, max-image-preview:large, max-video-preview:-1\" \/>\n<link rel=\"canonical\" href=\"https:\/\/www.autojm.fr\/blog\/ds-9-la-berline-francaise-made-in-china\/\" \/>\n<meta property=\"og:locale\" content=\"fr_FR\" \/>\n<meta property=\"og:type\" content=\"article\" \/>\n<meta property=\"og:title\" content=\"DS 9 : la berline fran\u00e7aise made in China - AutoJM Mag\" \/>\n<meta property=\"og:description\" content=\"C&#039;est sur la page Facebook du groupe DS que les internautes ont pu d\u00e9couvrir en avant-premi\u00e8re la DS9. Qualifi\u00e9e de berline de luxe \u00e0 la...\" \/>\n<meta property=\"og:url\" content=\"https:\/\/www.autojm.fr\/blog\/ds-9-la-berline-francaise-made-in-china\/\" \/>\n<meta property=\"og:site_name\" content=\"AutoJM Mag\" \/>\n<meta property=\"article:publisher\" content=\"https:\/\/www.facebook.com\/AutoJM25\" \/>\n<meta property=\"article:published_time\" content=\"2020-02-26T00:00:00+00:00\" \/>\n<meta property=\"article:modified_time\" content=\"2023-04-18T12:46:36+00:00\" \/>\n<meta property=\"og:image\" content=\"https:\/\/www.autojm.fr\/blog\/wp-content\/uploads\/2022\/10\/523.jpg\" \/>\n\t<meta property=\"og:image:width\" content=\"1024\" \/>\n\t<meta property=\"og:image:height\" content=\"465\" \/>\n\t<meta property=\"og:image:type\" content=\"image\/jpeg\" \/>\n<meta name=\"author\" content=\"Autojm\" \/>\n<meta name=\"twitter:card\" content=\"summary_large_image\" \/>\n<meta name=\"twitter:label1\" content=\"\u00c9crit par\" \/>\n\t<meta name=\"twitter:data1\" content=\"Autojm\" \/>\n\t<meta name=\"twitter:label2\" content=\"Dur\u00e9e de lecture estim\u00e9e\" \/>\n\t<meta name=\"twitter:data2\" content=\"5 minutes\" \/>\n<script type=\"application\/ld+json\" class=\"yoast-schema-graph\">{\"@context\":\"https:\\\/\\\/schema.org\",\"@graph\":[{\"@type\":\"Article\",\"@id\":\"https:\\\/\\\/www.autojm.fr\\\/blog\\\/ds-9-la-berline-francaise-made-in-china\\\/#article\",\"isPartOf\":{\"@id\":\"https:\\\/\\\/www.autojm.fr\\\/blog\\\/ds-9-la-berline-francaise-made-in-china\\\/\"},\"author\":{\"name\":\"Autojm\",\"@id\":\"https:\\\/\\\/www.autojm.fr\\\/blog\\\/#\\\/schema\\\/person\\\/9742bc77541853e0de81fc57f947e1a0\"},\"headline\":\"DS 9 : la berline fran\u00e7aise made in China\",\"datePublished\":\"2020-02-26T00:00:00+00:00\",\"dateModified\":\"2023-04-18T12:46:36+00:00\",\"mainEntityOfPage\":{\"@id\":\"https:\\\/\\\/www.autojm.fr\\\/blog\\\/ds-9-la-berline-francaise-made-in-china\\\/\"},\"wordCount\":928,\"commentCount\":0,\"publisher\":{\"@id\":\"https:\\\/\\\/www.autojm.fr\\\/blog\\\/#organization\"},\"image\":{\"@id\":\"https:\\\/\\\/www.autojm.fr\\\/blog\\\/ds-9-la-berline-francaise-made-in-china\\\/#primaryimage\"},\"thumbnailUrl\":\"https:\\\/\\\/www.autojm.fr\\\/blog\\\/wp-content\\\/uploads\\\/2022\\\/10\\\/523.jpg\",\"keywords\":[\"autojm\",\"DS\",\"DS9\"],\"articleSection\":[\"Nouveaut\u00e9 DS\",\"Nouveaut\u00e9s Autos\"],\"inLanguage\":\"fr-FR\",\"potentialAction\":[{\"@type\":\"CommentAction\",\"name\":\"Comment\",\"target\":[\"https:\\\/\\\/www.autojm.fr\\\/blog\\\/ds-9-la-berline-francaise-made-in-china\\\/#respond\"]}]},{\"@type\":\"WebPage\",\"@id\":\"https:\\\/\\\/www.autojm.fr\\\/blog\\\/ds-9-la-berline-francaise-made-in-china\\\/\",\"url\":\"https:\\\/\\\/www.autojm.fr\\\/blog\\\/ds-9-la-berline-francaise-made-in-china\\\/\",\"name\":\"DS 9 : la berline fran\u00e7aise made in China - AutoJM Mag\",\"isPartOf\":{\"@id\":\"https:\\\/\\\/www.autojm.fr\\\/blog\\\/#website\"},\"primaryImageOfPage\":{\"@id\":\"https:\\\/\\\/www.autojm.fr\\\/blog\\\/ds-9-la-berline-francaise-made-in-china\\\/#primaryimage\"},\"image\":{\"@id\":\"https:\\\/\\\/www.autojm.fr\\\/blog\\\/ds-9-la-berline-francaise-made-in-china\\\/#primaryimage\"},\"thumbnailUrl\":\"https:\\\/\\\/www.autojm.fr\\\/blog\\\/wp-content\\\/uploads\\\/2022\\\/10\\\/523.jpg\",\"datePublished\":\"2020-02-26T00:00:00+00:00\",\"dateModified\":\"2023-04-18T12:46:36+00:00\",\"description\":\"C'est sur la page Facebook du groupe DS que les internautes ont pu d\u00e9couvrir en avant-premi\u00e8re la DS9. Qualifi\u00e9e de berline de luxe \u00e0 la...\",\"breadcrumb\":{\"@id\":\"https:\\\/\\\/www.autojm.fr\\\/blog\\\/ds-9-la-berline-francaise-made-in-china\\\/#breadcrumb\"},\"inLanguage\":\"fr-FR\",\"potentialAction\":[{\"@type\":\"ReadAction\",\"target\":[\"https:\\\/\\\/www.autojm.fr\\\/blog\\\/ds-9-la-berline-francaise-made-in-china\\\/\"]}]},{\"@type\":\"ImageObject\",\"inLanguage\":\"fr-FR\",\"@id\":\"https:\\\/\\\/www.autojm.fr\\\/blog\\\/ds-9-la-berline-francaise-made-in-china\\\/#primaryimage\",\"url\":\"https:\\\/\\\/www.autojm.fr\\\/blog\\\/wp-content\\\/uploads\\\/2022\\\/10\\\/523.jpg\",\"contentUrl\":\"https:\\\/\\\/www.autojm.fr\\\/blog\\\/wp-content\\\/uploads\\\/2022\\\/10\\\/523.jpg\",\"width\":1024,\"height\":465,\"caption\":\"DS9\"},{\"@type\":\"BreadcrumbList\",\"@id\":\"https:\\\/\\\/www.autojm.fr\\\/blog\\\/ds-9-la-berline-francaise-made-in-china\\\/#breadcrumb\",\"itemListElement\":[{\"@type\":\"ListItem\",\"position\":1,\"name\":\"Accueil\",\"item\":\"https:\\\/\\\/www.autojm.fr\\\/blog\\\/\"},{\"@type\":\"ListItem\",\"position\":2,\"name\":\"Nouveaut\u00e9s Autos\",\"item\":\"https:\\\/\\\/www.autojm.fr\\\/blog\\\/nouveautes-autos\\\/\"},{\"@type\":\"ListItem\",\"position\":3,\"name\":\"DS 9 : la berline fran\u00e7aise made in China\"}]},{\"@type\":\"WebSite\",\"@id\":\"https:\\\/\\\/www.autojm.fr\\\/blog\\\/#website\",\"url\":\"https:\\\/\\\/www.autojm.fr\\\/blog\\\/\",\"name\":\"AutoJM Mag\",\"description\":\"Toute l&#039;actu auto en 1 clic !\",\"publisher\":{\"@id\":\"https:\\\/\\\/www.autojm.fr\\\/blog\\\/#organization\"},\"potentialAction\":[{\"@type\":\"SearchAction\",\"target\":{\"@type\":\"EntryPoint\",\"urlTemplate\":\"https:\\\/\\\/www.autojm.fr\\\/blog\\\/?s={search_term_string}\"},\"query-input\":{\"@type\":\"PropertyValueSpecification\",\"valueRequired\":true,\"valueName\":\"search_term_string\"}}],\"inLanguage\":\"fr-FR\"},{\"@type\":\"Organization\",\"@id\":\"https:\\\/\\\/www.autojm.fr\\\/blog\\\/#organization\",\"name\":\"AutoJM Mag\",\"url\":\"https:\\\/\\\/www.autojm.fr\\\/blog\\\/\",\"logo\":{\"@type\":\"ImageObject\",\"inLanguage\":\"fr-FR\",\"@id\":\"https:\\\/\\\/www.autojm.fr\\\/blog\\\/#\\\/schema\\\/logo\\\/image\\\/\",\"url\":\"https:\\\/\\\/www.autojm.fr\\\/blog\\\/wp-content\\\/uploads\\\/2022\\\/12\\\/cropped-AutoJMag-png.png\",\"contentUrl\":\"https:\\\/\\\/www.autojm.fr\\\/blog\\\/wp-content\\\/uploads\\\/2022\\\/12\\\/cropped-AutoJMag-png.png\",\"width\":2834,\"height\":585,\"caption\":\"AutoJM Mag\"},\"image\":{\"@id\":\"https:\\\/\\\/www.autojm.fr\\\/blog\\\/#\\\/schema\\\/logo\\\/image\\\/\"},\"sameAs\":[\"https:\\\/\\\/www.facebook.com\\\/AutoJM25\"]},{\"@type\":\"Person\",\"@id\":\"https:\\\/\\\/www.autojm.fr\\\/blog\\\/#\\\/schema\\\/person\\\/9742bc77541853e0de81fc57f947e1a0\",\"name\":\"Autojm\",\"image\":{\"@type\":\"ImageObject\",\"inLanguage\":\"fr-FR\",\"@id\":\"https:\\\/\\\/secure.gravatar.com\\\/avatar\\\/9a959d52b758fcc232fe4b6aca7bab139182573297122cce7d6f2ee0e537b418?s=96&d=mm&r=g\",\"url\":\"https:\\\/\\\/secure.gravatar.com\\\/avatar\\\/9a959d52b758fcc232fe4b6aca7bab139182573297122cce7d6f2ee0e537b418?s=96&d=mm&r=g\",\"contentUrl\":\"https:\\\/\\\/secure.gravatar.com\\\/avatar\\\/9a959d52b758fcc232fe4b6aca7bab139182573297122cce7d6f2ee0e537b418?s=96&d=mm&r=g\",\"caption\":\"Autojm\"},\"sameAs\":[\"https:\\\/\\\/www.autojm.fr\\\/blog\"],\"url\":\"https:\\\/\\\/www.autojm.fr\\\/blog\\\/author\\\/bichoi\\\/\"}]}<\/script>\n<!-- \/ Yoast SEO plugin. -->","yoast_head_json":{"title":"DS 9 : la berline fran\u00e7aise made in China - AutoJM Mag","description":"C'est sur la page Facebook du groupe DS que les internautes ont pu d\u00e9couvrir en avant-premi\u00e8re la DS9. Qualifi\u00e9e de berline de luxe \u00e0 la...","robots":{"index":"index","follow":"follow","max-snippet":"max-snippet:-1","max-image-preview":"max-image-preview:large","max-video-preview":"max-video-preview:-1"},"canonical":"https:\/\/www.autojm.fr\/blog\/ds-9-la-berline-francaise-made-in-china\/","og_locale":"fr_FR","og_type":"article","og_title":"DS 9 : la berline fran\u00e7aise made in China - AutoJM Mag","og_description":"C'est sur la page Facebook du groupe DS que les internautes ont pu d\u00e9couvrir en avant-premi\u00e8re la DS9. Qualifi\u00e9e de berline de luxe \u00e0 la...","og_url":"https:\/\/www.autojm.fr\/blog\/ds-9-la-berline-francaise-made-in-china\/","og_site_name":"AutoJM Mag","article_publisher":"https:\/\/www.facebook.com\/AutoJM25","article_published_time":"2020-02-26T00:00:00+00:00","article_modified_time":"2023-04-18T12:46:36+00:00","og_image":[{"width":1024,"height":465,"url":"https:\/\/www.autojm.fr\/blog\/wp-content\/uploads\/2022\/10\/523.jpg","type":"image\/jpeg"}],"author":"Autojm","twitter_card":"summary_large_image","twitter_misc":{"\u00c9crit par":"Autojm","Dur\u00e9e de lecture estim\u00e9e":"5 minutes"},"schema":{"@context":"https:\/\/schema.org","@graph":[{"@type":"Article","@id":"https:\/\/www.autojm.fr\/blog\/ds-9-la-berline-francaise-made-in-china\/#article","isPartOf":{"@id":"https:\/\/www.autojm.fr\/blog\/ds-9-la-berline-francaise-made-in-china\/"},"author":{"name":"Autojm","@id":"https:\/\/www.autojm.fr\/blog\/#\/schema\/person\/9742bc77541853e0de81fc57f947e1a0"},"headline":"DS 9 : la berline fran\u00e7aise made in China","datePublished":"2020-02-26T00:00:00+00:00","dateModified":"2023-04-18T12:46:36+00:00","mainEntityOfPage":{"@id":"https:\/\/www.autojm.fr\/blog\/ds-9-la-berline-francaise-made-in-china\/"},"wordCount":928,"commentCount":0,"publisher":{"@id":"https:\/\/www.autojm.fr\/blog\/#organization"},"image":{"@id":"https:\/\/www.autojm.fr\/blog\/ds-9-la-berline-francaise-made-in-china\/#primaryimage"},"thumbnailUrl":"https:\/\/www.autojm.fr\/blog\/wp-content\/uploads\/2022\/10\/523.jpg","keywords":["autojm","DS","DS9"],"articleSection":["Nouveaut\u00e9 DS","Nouveaut\u00e9s Autos"],"inLanguage":"fr-FR","potentialAction":[{"@type":"CommentAction","name":"Comment","target":["https:\/\/www.autojm.fr\/blog\/ds-9-la-berline-francaise-made-in-china\/#respond"]}]},{"@type":"WebPage","@id":"https:\/\/www.autojm.fr\/blog\/ds-9-la-berline-francaise-made-in-china\/","url":"https:\/\/www.autojm.fr\/blog\/ds-9-la-berline-francaise-made-in-china\/","name":"DS 9 : la berline fran\u00e7aise made in China - AutoJM Mag","isPartOf":{"@id":"https:\/\/www.autojm.fr\/blog\/#website"},"primaryImageOfPage":{"@id":"https:\/\/www.autojm.fr\/blog\/ds-9-la-berline-francaise-made-in-china\/#primaryimage"},"image":{"@id":"https:\/\/www.autojm.fr\/blog\/ds-9-la-berline-francaise-made-in-china\/#primaryimage"},"thumbnailUrl":"https:\/\/www.autojm.fr\/blog\/wp-content\/uploads\/2022\/10\/523.jpg","datePublished":"2020-02-26T00:00:00+00:00","dateModified":"2023-04-18T12:46:36+00:00","description":"C'est sur la page Facebook du groupe DS que les internautes ont pu d\u00e9couvrir en avant-premi\u00e8re la DS9. Qualifi\u00e9e de berline de luxe \u00e0 la...","breadcrumb":{"@id":"https:\/\/www.autojm.fr\/blog\/ds-9-la-berline-francaise-made-in-china\/#breadcrumb"},"inLanguage":"fr-FR","potentialAction":[{"@type":"ReadAction","target":["https:\/\/www.autojm.fr\/blog\/ds-9-la-berline-francaise-made-in-china\/"]}]},{"@type":"ImageObject","inLanguage":"fr-FR","@id":"https:\/\/www.autojm.fr\/blog\/ds-9-la-berline-francaise-made-in-china\/#primaryimage","url":"https:\/\/www.autojm.fr\/blog\/wp-content\/uploads\/2022\/10\/523.jpg","contentUrl":"https:\/\/www.autojm.fr\/blog\/wp-content\/uploads\/2022\/10\/523.jpg","width":1024,"height":465,"caption":"DS9"},{"@type":"BreadcrumbList","@id":"https:\/\/www.autojm.fr\/blog\/ds-9-la-berline-francaise-made-in-china\/#breadcrumb","itemListElement":[{"@type":"ListItem","position":1,"name":"Accueil","item":"https:\/\/www.autojm.fr\/blog\/"},{"@type":"ListItem","position":2,"name":"Nouveaut\u00e9s Autos","item":"https:\/\/www.autojm.fr\/blog\/nouveautes-autos\/"},{"@type":"ListItem","position":3,"name":"DS 9 : la berline fran\u00e7aise made in China"}]},{"@type":"WebSite","@id":"https:\/\/www.autojm.fr\/blog\/#website","url":"https:\/\/www.autojm.fr\/blog\/","name":"AutoJM Mag","description":"Toute l&#039;actu auto en 1 clic !","publisher":{"@id":"https:\/\/www.autojm.fr\/blog\/#organization"},"potentialAction":[{"@type":"SearchAction","target":{"@type":"EntryPoint","urlTemplate":"https:\/\/www.autojm.fr\/blog\/?s={search_term_string}"},"query-input":{"@type":"PropertyValueSpecification","valueRequired":true,"valueName":"search_term_string"}}],"inLanguage":"fr-FR"},{"@type":"Organization","@id":"https:\/\/www.autojm.fr\/blog\/#organization","name":"AutoJM Mag","url":"https:\/\/www.autojm.fr\/blog\/","logo":{"@type":"ImageObject","inLanguage":"fr-FR","@id":"https:\/\/www.autojm.fr\/blog\/#\/schema\/logo\/image\/","url":"https:\/\/www.autojm.fr\/blog\/wp-content\/uploads\/2022\/12\/cropped-AutoJMag-png.png","contentUrl":"https:\/\/www.autojm.fr\/blog\/wp-content\/uploads\/2022\/12\/cropped-AutoJMag-png.png","width":2834,"height":585,"caption":"AutoJM Mag"},"image":{"@id":"https:\/\/www.autojm.fr\/blog\/#\/schema\/logo\/image\/"},"sameAs":["https:\/\/www.facebook.com\/AutoJM25"]},{"@type":"Person","@id":"https:\/\/www.autojm.fr\/blog\/#\/schema\/person\/9742bc77541853e0de81fc57f947e1a0","name":"Autojm","image":{"@type":"ImageObject","inLanguage":"fr-FR","@id":"https:\/\/secure.gravatar.com\/avatar\/9a959d52b758fcc232fe4b6aca7bab139182573297122cce7d6f2ee0e537b418?s=96&d=mm&r=g","url":"https:\/\/secure.gravatar.com\/avatar\/9a959d52b758fcc232fe4b6aca7bab139182573297122cce7d6f2ee0e537b418?s=96&d=mm&r=g","contentUrl":"https:\/\/secure.gravatar.com\/avatar\/9a959d52b758fcc232fe4b6aca7bab139182573297122cce7d6f2ee0e537b418?s=96&d=mm&r=g","caption":"Autojm"},"sameAs":["https:\/\/www.autojm.fr\/blog"],"url":"https:\/\/www.autojm.fr\/blog\/author\/bichoi\/"}]}},"_links":{"self":[{"href":"https:\/\/www.autojm.fr\/blog\/wp-json\/wp\/v2\/posts\/3797","targetHints":{"allow":["GET"]}}],"collection":[{"href":"https:\/\/www.autojm.fr\/blog\/wp-json\/wp\/v2\/posts"}],"about":[{"href":"https:\/\/www.autojm.fr\/blog\/wp-json\/wp\/v2\/types\/post"}],"author":[{"embeddable":true,"href":"https:\/\/www.autojm.fr\/blog\/wp-json\/wp\/v2\/users\/1"}],"replies":[{"embeddable":true,"href":"https:\/\/www.autojm.fr\/blog\/wp-json\/wp\/v2\/comments?post=3797"}],"version-history":[{"count":6,"href":"https:\/\/www.autojm.fr\/blog\/wp-json\/wp\/v2\/posts\/3797\/revisions"}],"predecessor-version":[{"id":9281,"href":"https:\/\/www.autojm.fr\/blog\/wp-json\/wp\/v2\/posts\/3797\/revisions\/9281"}],"wp:featuredmedia":[{"embeddable":true,"href":"https:\/\/www.autojm.fr\/blog\/wp-json\/wp\/v2\/media\/5857"}],"wp:attachment":[{"href":"https:\/\/www.autojm.fr\/blog\/wp-json\/wp\/v2\/media?parent=3797"}],"wp:term":[{"taxonomy":"category","embeddable":true,"href":"https:\/\/www.autojm.fr\/blog\/wp-json\/wp\/v2\/categories?post=3797"},{"taxonomy":"post_tag","embeddable":true,"href":"https:\/\/www.autojm.fr\/blog\/wp-json\/wp\/v2\/tags?post=3797"}],"curies":[{"name":"wp","href":"https:\/\/api.w.org\/{rel}","templated":true}]}}