{"id":3793,"date":"2020-02-18T00:00:00","date_gmt":"2020-02-18T00:00:00","guid":{"rendered":"https:\/\/www.autojm.fr\/blog\/peugeot-3008-restyle-revelation-au-mondial-de-paris-2020\/"},"modified":"2023-04-18T12:47:15","modified_gmt":"2023-04-18T12:47:15","slug":"peugeot-3008-restyle-revelation-au-mondial-de-paris-2020","status":"publish","type":"post","link":"https:\/\/www.autojm.fr\/blog\/peugeot-3008-restyle-revelation-au-mondial-de-paris-2020\/","title":{"rendered":"Peugeot 3008 restyl\u00e9 : r\u00e9v\u00e9lation au Mondial de Paris 2020"},"content":{"rendered":"<p>Sorti en 2016, le <strong><a href=\"?part=blog&amp;utm_source=articleblog180220&amp;utm_medium=blog\">SUV Peugeot 3008<\/a><\/strong> est le best-seller des v\u00e9hicules Peugeot. Le crossover a devanc\u00e9 tous ses adversaires sur le march\u00e9 automobile fran\u00e7ais et a m\u00eame \u00e9t\u00e9 r\u00e9compens\u00e9 du titre de <strong>Voiture de l&rsquo;ann\u00e9e en 2017<\/strong> et du titre de <strong>meilleur SUV compact lors de la 24 \u00e9dition des prix \u201cBest Cars\u201d de l&rsquo;Automobile Magazine en 2018<\/strong>. Plus r\u00e9cemment, la marque au Lion a restyl\u00e9 la <a href=\"https:\/\/www.autojm.fr\/achat-voitures-neuves-peugeot-nouvelle-508-5p?part=blog&amp;utm_source=articleblog180220&amp;utm_medium=blog\">Peugeot 508<\/a>, la <a href=\"https:\/\/www.autojm.fr\/achat-voitures-neuves-peugeot-208-2019-5p?part=blog&amp;utm_source=articleblog180220&amp;utm_medium=blog\">Peugeot 208<\/a> puis le <a href=\"https:\/\/www.autojm.fr\/achat-voitures-neuves-peugeot-nouveau-suv-2008-5p?part=blog&amp;utm_source=articleblog180220&amp;utm_medium=blog\">Peugeot 2008<\/a> qui adoptent tous trois une <strong>face avant marqu\u00e9e par des phares en forme de griffes et dents de Lion<\/strong>. Cette particularit\u00e9 physique devient la marque de fabrique du constructeur et, tour \u00e0 tour, s&rsquo;appose sur les diff\u00e9rents mod\u00e8les. Alors que l&rsquo;ann\u00e9e 2020 d\u00e9bute bien pour la marque qui conna\u00eet un succ\u00e8s sur la 208 restyl\u00e9e, le 3008 appara\u00eetra sous un nouveau jour, et c&rsquo;est au Mondial de l&rsquo;auto de Paris qu&rsquo;on pourra le d\u00e9couvrir en version restyl\u00e9 pour la premi\u00e8re fois. Que sait-on d\u00e9j\u00e0 sur le restylage du <strong>SUV n\u00b01 en France<\/strong> ?<\/p>\n<h2>Les griffes du Lion sur le 3008 restyl\u00e9<\/h2>\n<p>C\u00f4t\u00e9 design, on sait donc d\u00e9j\u00e0 que le 3008 restyl\u00e9 adoptera les feux en forme de griffes et dents de Lion. Afin de muscler la carrosserie, la <strong>calandre devrait \u00eatre agrandie et modernis\u00e9e<\/strong>. La face avant de ce 3008 pourrait bien s&rsquo;inspirer des codes de la<strong> future 308<\/strong>, pr\u00e9vue pour <strong>2021<\/strong>, un mod\u00e8le qui ressemblera au <strong>concept car Instinct<\/strong> d\u00e9voil\u00e9 \u00e0 Gen\u00e8ve en 2018. Avec un look aussi pouss\u00e9 et high-tech, le 3008 sera au go\u00fbt du jour pour plusieurs ann\u00e9es avant le prochain restylage.<\/p>\n<p>A l&rsquo;int\u00e9rieur, on s&rsquo;attend bien \u00e9videmment \u00e0 retrouver le<strong> I-cockpit<\/strong>, qui s&rsquo;int\u00e8gre aujourd&rsquo;hui dans tous les v\u00e9hicules de la marque. Le volant devrait conserver sa forme avec deux m\u00e9plats pour une meilleure visibilit\u00e9 de l&rsquo;instrumentation, qui devrait rester en num\u00e9rique. L&rsquo;<strong>\u00e9cran central actuel<\/strong> du SUV 3008 est de <strong>8 pouces<\/strong> (photo ci-dessous), alors que les<strong> 208 et 2008 <\/strong>sont \u00e9quip\u00e9s d&rsquo;un <strong>mod\u00e8le 10 pouces<\/strong> sur leur restylage, reste \u00e0 savoir si ce m\u00eame grand \u00e9cran sera utilis\u00e9 pour moderniser le 3008 restyl\u00e9. Le toggle switch devrait rester le moyen de contr\u00f4le de cet \u00e9cran, gr\u00e2ce \u00e0 son c\u00f4t\u00e9 \u00e9pur\u00e9 et fonctionnel qui le rend moderne et simple d&rsquo;utilisation.<\/p>\n<p>Les <strong>dimensions<\/strong> du nouveau 3008 pourrait \u00eatre <strong>augment\u00e9es<\/strong>, s&rsquo;il suit son petit fr\u00e8re, le <strong>SUV 2008<\/strong> qui, sur sa version restyl\u00e9e, a gagn\u00e9 <strong>14 centim\u00e8tres<\/strong> suppl\u00e9mentaires.<\/p>\n<h2>Motorisations et aides \u00e0 la conduite sur le SUV 3008 2020<\/h2>\n<p>C\u00f4t\u00e9 motorisations, le Peugeot 3008 a d\u00e9j\u00e0 fait peau neuve sur sa version actuelle en int\u00e9grant les <strong>versions hybrides rechargeables en 225 et 300 chevaux<\/strong>. Il n&rsquo;y aura donc que peu de changements sous le capot de ce nouveau 3008, qui accueillera les moteurs <strong>Puretech et BlueHDI<\/strong> actuels en version <strong>130 chevaux<\/strong>, qui s\u00e9duisent les automobilistes. La grande nouveaut\u00e9 pourrait \u00eatre une version <strong>Peugeot Sport Engineered<\/strong>, d\u00e9velopp\u00e9e sur la 508 (photo ci-dessous) qui sera elle-m\u00eame commercialis\u00e9e fin 2020 : la 508 Engineered accueille un <strong>moteur PureTech 200 chevaux<\/strong> accoupl\u00e9 \u00e0 une <strong>bo\u00eete automatique. La bo\u00eete auto int\u00e8gre un moteur \u00e9lectrique de 110 chevaux<\/strong>, additionn\u00e9 \u00e0 un <strong>moteur \u00e9lectrique 200 chevaux<\/strong> dispos\u00e9 au niveau du train arri\u00e8re. Cette association permet d&rsquo;en faire un <strong>v\u00e9hicule hybride en 4 roues motrices<\/strong> qui effectue un passage de <strong>0 \u00e0 100km\/h en 4,3 secondes<\/strong>.<\/p>\n<p>Les aides \u00e0 la conduite ne devrait pas \u00eatre diff\u00e9rentes du 3008 actuel, qui est bien \u00e9quip\u00e9 de ce c\u00f4t\u00e9-l\u00e0. L&rsquo;\u00e9volution se portera plut\u00f4t vers une <strong>conduite plus \u201cautonome\u201d<\/strong> avec notamment le <strong>couplage du syst\u00e8me de maintien actif dans la voie au r\u00e9gulateur de vitesse adaptatif<\/strong>.<\/p>\n<p>Le <strong>Mondial de l&rsquo;auto de Paris au mois d&rsquo;octobre 2020<\/strong> sera l&rsquo;occasion pour Peugeot de mettre en lumi\u00e8re le restylage de son SUV \u00e0 succ\u00e8s. Le Peugeot 3008 restyl\u00e9 prolongera-t-il la popularit\u00e9 de la marque au Lion ?<\/p>\n","protected":false},"excerpt":{"rendered":"<p>Sorti en 2016, le SUV Peugeot 3008 est le best-seller des v\u00e9hicules Peugeot. Le crossover a devanc\u00e9 tous ses adversaires sur le march\u00e9 automobile fran\u00e7ais et a m\u00eame \u00e9t\u00e9 r\u00e9compens\u00e9 du titre de Voiture de l&rsquo;ann\u00e9e en 2017 et du titre de meilleur SUV compact lors de la 24 \u00e9dition des prix \u201cBest Cars\u201d de l&rsquo;Automobile Magazine en 2018.<\/p>\n","protected":false},"author":1,"featured_media":5853,"comment_status":"open","ping_status":"open","sticky":false,"template":"","format":"standard","meta":{"_acf_changed":false,"content-type":"","footnotes":""},"categories":[234,61],"tags":[90,73,159],"class_list":["post-3793","post","type-post","status-publish","format-standard","has-post-thumbnail","hentry","category-nouveaute-ds","category-nouveautes-autos","tag-autojm","tag-peugeot","tag-peugeot-3008"],"acf":[],"yoast_head":"<!-- This site is optimized with the Yoast SEO plugin v27.5 - https:\/\/yoast.com\/product\/yoast-seo-wordpress\/ -->\n<title>Peugeot 3008 restyl\u00e9 : r\u00e9v\u00e9lation au Mondial de Paris 2020 AutoJM Mag<\/title>\n<meta name=\"description\" content=\"Sorti en 2016, le SUV Peugeot 3008 est le best-seller des v\u00e9hicules Peugeot. Le crossover a devanc\u00e9 tous ses adversaires sur le march\u00e9...\" \/>\n<meta name=\"robots\" content=\"index, follow, max-snippet:-1, max-image-preview:large, max-video-preview:-1\" \/>\n<link rel=\"canonical\" href=\"https:\/\/www.autojm.fr\/blog\/peugeot-3008-restyle-revelation-au-mondial-de-paris-2020\/\" \/>\n<meta property=\"og:locale\" content=\"fr_FR\" \/>\n<meta property=\"og:type\" content=\"article\" \/>\n<meta property=\"og:title\" content=\"Peugeot 3008 restyl\u00e9 : r\u00e9v\u00e9lation au Mondial de Paris 2020 AutoJM Mag\" \/>\n<meta property=\"og:description\" content=\"Sorti en 2016, le SUV Peugeot 3008 est le best-seller des v\u00e9hicules Peugeot. Le crossover a devanc\u00e9 tous ses adversaires sur le march\u00e9...\" \/>\n<meta property=\"og:url\" content=\"https:\/\/www.autojm.fr\/blog\/peugeot-3008-restyle-revelation-au-mondial-de-paris-2020\/\" \/>\n<meta property=\"og:site_name\" content=\"AutoJM Mag\" \/>\n<meta property=\"article:publisher\" content=\"https:\/\/www.facebook.com\/AutoJM25\" \/>\n<meta property=\"article:published_time\" content=\"2020-02-18T00:00:00+00:00\" \/>\n<meta property=\"article:modified_time\" content=\"2023-04-18T12:47:15+00:00\" \/>\n<meta property=\"og:image\" content=\"https:\/\/www.autojm.fr\/blog\/wp-content\/uploads\/2022\/10\/519.jpg\" \/>\n\t<meta property=\"og:image:width\" content=\"1024\" \/>\n\t<meta property=\"og:image:height\" content=\"465\" \/>\n\t<meta property=\"og:image:type\" content=\"image\/jpeg\" \/>\n<meta name=\"author\" content=\"Autojm\" \/>\n<meta name=\"twitter:card\" content=\"summary_large_image\" \/>\n<meta name=\"twitter:label1\" content=\"\u00c9crit par\" \/>\n\t<meta name=\"twitter:data1\" content=\"Autojm\" \/>\n\t<meta name=\"twitter:label2\" content=\"Dur\u00e9e de lecture estim\u00e9e\" \/>\n\t<meta name=\"twitter:data2\" content=\"4 minutes\" \/>\n<script type=\"application\/ld+json\" class=\"yoast-schema-graph\">{\"@context\":\"https:\\\/\\\/schema.org\",\"@graph\":[{\"@type\":\"Article\",\"@id\":\"https:\\\/\\\/www.autojm.fr\\\/blog\\\/peugeot-3008-restyle-revelation-au-mondial-de-paris-2020\\\/#article\",\"isPartOf\":{\"@id\":\"https:\\\/\\\/www.autojm.fr\\\/blog\\\/peugeot-3008-restyle-revelation-au-mondial-de-paris-2020\\\/\"},\"author\":{\"name\":\"Autojm\",\"@id\":\"https:\\\/\\\/www.autojm.fr\\\/blog\\\/#\\\/schema\\\/person\\\/9742bc77541853e0de81fc57f947e1a0\"},\"headline\":\"Peugeot 3008 restyl\u00e9 : r\u00e9v\u00e9lation au Mondial de Paris 2020\",\"datePublished\":\"2020-02-18T00:00:00+00:00\",\"dateModified\":\"2023-04-18T12:47:15+00:00\",\"mainEntityOfPage\":{\"@id\":\"https:\\\/\\\/www.autojm.fr\\\/blog\\\/peugeot-3008-restyle-revelation-au-mondial-de-paris-2020\\\/\"},\"wordCount\":647,\"commentCount\":0,\"publisher\":{\"@id\":\"https:\\\/\\\/www.autojm.fr\\\/blog\\\/#organization\"},\"image\":{\"@id\":\"https:\\\/\\\/www.autojm.fr\\\/blog\\\/peugeot-3008-restyle-revelation-au-mondial-de-paris-2020\\\/#primaryimage\"},\"thumbnailUrl\":\"https:\\\/\\\/www.autojm.fr\\\/blog\\\/wp-content\\\/uploads\\\/2022\\\/10\\\/519.jpg\",\"keywords\":[\"autojm\",\"peugeot\",\"Peugeot 3008\"],\"articleSection\":[\"Nouveaut\u00e9 DS\",\"Nouveaut\u00e9s Autos\"],\"inLanguage\":\"fr-FR\",\"potentialAction\":[{\"@type\":\"CommentAction\",\"name\":\"Comment\",\"target\":[\"https:\\\/\\\/www.autojm.fr\\\/blog\\\/peugeot-3008-restyle-revelation-au-mondial-de-paris-2020\\\/#respond\"]}]},{\"@type\":\"WebPage\",\"@id\":\"https:\\\/\\\/www.autojm.fr\\\/blog\\\/peugeot-3008-restyle-revelation-au-mondial-de-paris-2020\\\/\",\"url\":\"https:\\\/\\\/www.autojm.fr\\\/blog\\\/peugeot-3008-restyle-revelation-au-mondial-de-paris-2020\\\/\",\"name\":\"Peugeot 3008 restyl\u00e9 : r\u00e9v\u00e9lation au Mondial de Paris 2020 AutoJM Mag\",\"isPartOf\":{\"@id\":\"https:\\\/\\\/www.autojm.fr\\\/blog\\\/#website\"},\"primaryImageOfPage\":{\"@id\":\"https:\\\/\\\/www.autojm.fr\\\/blog\\\/peugeot-3008-restyle-revelation-au-mondial-de-paris-2020\\\/#primaryimage\"},\"image\":{\"@id\":\"https:\\\/\\\/www.autojm.fr\\\/blog\\\/peugeot-3008-restyle-revelation-au-mondial-de-paris-2020\\\/#primaryimage\"},\"thumbnailUrl\":\"https:\\\/\\\/www.autojm.fr\\\/blog\\\/wp-content\\\/uploads\\\/2022\\\/10\\\/519.jpg\",\"datePublished\":\"2020-02-18T00:00:00+00:00\",\"dateModified\":\"2023-04-18T12:47:15+00:00\",\"description\":\"Sorti en 2016, le SUV Peugeot 3008 est le best-seller des v\u00e9hicules Peugeot. Le crossover a devanc\u00e9 tous ses adversaires sur le march\u00e9...\",\"breadcrumb\":{\"@id\":\"https:\\\/\\\/www.autojm.fr\\\/blog\\\/peugeot-3008-restyle-revelation-au-mondial-de-paris-2020\\\/#breadcrumb\"},\"inLanguage\":\"fr-FR\",\"potentialAction\":[{\"@type\":\"ReadAction\",\"target\":[\"https:\\\/\\\/www.autojm.fr\\\/blog\\\/peugeot-3008-restyle-revelation-au-mondial-de-paris-2020\\\/\"]}]},{\"@type\":\"ImageObject\",\"inLanguage\":\"fr-FR\",\"@id\":\"https:\\\/\\\/www.autojm.fr\\\/blog\\\/peugeot-3008-restyle-revelation-au-mondial-de-paris-2020\\\/#primaryimage\",\"url\":\"https:\\\/\\\/www.autojm.fr\\\/blog\\\/wp-content\\\/uploads\\\/2022\\\/10\\\/519.jpg\",\"contentUrl\":\"https:\\\/\\\/www.autojm.fr\\\/blog\\\/wp-content\\\/uploads\\\/2022\\\/10\\\/519.jpg\",\"width\":1024,\"height\":465,\"caption\":\"Peugeot 3008\"},{\"@type\":\"BreadcrumbList\",\"@id\":\"https:\\\/\\\/www.autojm.fr\\\/blog\\\/peugeot-3008-restyle-revelation-au-mondial-de-paris-2020\\\/#breadcrumb\",\"itemListElement\":[{\"@type\":\"ListItem\",\"position\":1,\"name\":\"Accueil\",\"item\":\"https:\\\/\\\/www.autojm.fr\\\/blog\\\/\"},{\"@type\":\"ListItem\",\"position\":2,\"name\":\"Nouveaut\u00e9s Autos\",\"item\":\"https:\\\/\\\/www.autojm.fr\\\/blog\\\/nouveautes-autos\\\/\"},{\"@type\":\"ListItem\",\"position\":3,\"name\":\"Peugeot 3008 restyl\u00e9 : r\u00e9v\u00e9lation au Mondial de Paris 2020\"}]},{\"@type\":\"WebSite\",\"@id\":\"https:\\\/\\\/www.autojm.fr\\\/blog\\\/#website\",\"url\":\"https:\\\/\\\/www.autojm.fr\\\/blog\\\/\",\"name\":\"AutoJM Mag\",\"description\":\"Toute l&#039;actu auto en 1 clic !\",\"publisher\":{\"@id\":\"https:\\\/\\\/www.autojm.fr\\\/blog\\\/#organization\"},\"potentialAction\":[{\"@type\":\"SearchAction\",\"target\":{\"@type\":\"EntryPoint\",\"urlTemplate\":\"https:\\\/\\\/www.autojm.fr\\\/blog\\\/?s={search_term_string}\"},\"query-input\":{\"@type\":\"PropertyValueSpecification\",\"valueRequired\":true,\"valueName\":\"search_term_string\"}}],\"inLanguage\":\"fr-FR\"},{\"@type\":\"Organization\",\"@id\":\"https:\\\/\\\/www.autojm.fr\\\/blog\\\/#organization\",\"name\":\"AutoJM Mag\",\"url\":\"https:\\\/\\\/www.autojm.fr\\\/blog\\\/\",\"logo\":{\"@type\":\"ImageObject\",\"inLanguage\":\"fr-FR\",\"@id\":\"https:\\\/\\\/www.autojm.fr\\\/blog\\\/#\\\/schema\\\/logo\\\/image\\\/\",\"url\":\"https:\\\/\\\/www.autojm.fr\\\/blog\\\/wp-content\\\/uploads\\\/2022\\\/12\\\/cropped-AutoJMag-png.png\",\"contentUrl\":\"https:\\\/\\\/www.autojm.fr\\\/blog\\\/wp-content\\\/uploads\\\/2022\\\/12\\\/cropped-AutoJMag-png.png\",\"width\":2834,\"height\":585,\"caption\":\"AutoJM Mag\"},\"image\":{\"@id\":\"https:\\\/\\\/www.autojm.fr\\\/blog\\\/#\\\/schema\\\/logo\\\/image\\\/\"},\"sameAs\":[\"https:\\\/\\\/www.facebook.com\\\/AutoJM25\"]},{\"@type\":\"Person\",\"@id\":\"https:\\\/\\\/www.autojm.fr\\\/blog\\\/#\\\/schema\\\/person\\\/9742bc77541853e0de81fc57f947e1a0\",\"name\":\"Autojm\",\"image\":{\"@type\":\"ImageObject\",\"inLanguage\":\"fr-FR\",\"@id\":\"https:\\\/\\\/secure.gravatar.com\\\/avatar\\\/9a959d52b758fcc232fe4b6aca7bab139182573297122cce7d6f2ee0e537b418?s=96&d=mm&r=g\",\"url\":\"https:\\\/\\\/secure.gravatar.com\\\/avatar\\\/9a959d52b758fcc232fe4b6aca7bab139182573297122cce7d6f2ee0e537b418?s=96&d=mm&r=g\",\"contentUrl\":\"https:\\\/\\\/secure.gravatar.com\\\/avatar\\\/9a959d52b758fcc232fe4b6aca7bab139182573297122cce7d6f2ee0e537b418?s=96&d=mm&r=g\",\"caption\":\"Autojm\"},\"sameAs\":[\"https:\\\/\\\/www.autojm.fr\\\/blog\"],\"url\":\"https:\\\/\\\/www.autojm.fr\\\/blog\\\/author\\\/bichoi\\\/\"}]}<\/script>\n<!-- \/ Yoast SEO plugin. -->","yoast_head_json":{"title":"Peugeot 3008 restyl\u00e9 : r\u00e9v\u00e9lation au Mondial de Paris 2020 AutoJM Mag","description":"Sorti en 2016, le SUV Peugeot 3008 est le best-seller des v\u00e9hicules Peugeot. Le crossover a devanc\u00e9 tous ses adversaires sur le march\u00e9...","robots":{"index":"index","follow":"follow","max-snippet":"max-snippet:-1","max-image-preview":"max-image-preview:large","max-video-preview":"max-video-preview:-1"},"canonical":"https:\/\/www.autojm.fr\/blog\/peugeot-3008-restyle-revelation-au-mondial-de-paris-2020\/","og_locale":"fr_FR","og_type":"article","og_title":"Peugeot 3008 restyl\u00e9 : r\u00e9v\u00e9lation au Mondial de Paris 2020 AutoJM Mag","og_description":"Sorti en 2016, le SUV Peugeot 3008 est le best-seller des v\u00e9hicules Peugeot. Le crossover a devanc\u00e9 tous ses adversaires sur le march\u00e9...","og_url":"https:\/\/www.autojm.fr\/blog\/peugeot-3008-restyle-revelation-au-mondial-de-paris-2020\/","og_site_name":"AutoJM Mag","article_publisher":"https:\/\/www.facebook.com\/AutoJM25","article_published_time":"2020-02-18T00:00:00+00:00","article_modified_time":"2023-04-18T12:47:15+00:00","og_image":[{"width":1024,"height":465,"url":"https:\/\/www.autojm.fr\/blog\/wp-content\/uploads\/2022\/10\/519.jpg","type":"image\/jpeg"}],"author":"Autojm","twitter_card":"summary_large_image","twitter_misc":{"\u00c9crit par":"Autojm","Dur\u00e9e de lecture estim\u00e9e":"4 minutes"},"schema":{"@context":"https:\/\/schema.org","@graph":[{"@type":"Article","@id":"https:\/\/www.autojm.fr\/blog\/peugeot-3008-restyle-revelation-au-mondial-de-paris-2020\/#article","isPartOf":{"@id":"https:\/\/www.autojm.fr\/blog\/peugeot-3008-restyle-revelation-au-mondial-de-paris-2020\/"},"author":{"name":"Autojm","@id":"https:\/\/www.autojm.fr\/blog\/#\/schema\/person\/9742bc77541853e0de81fc57f947e1a0"},"headline":"Peugeot 3008 restyl\u00e9 : r\u00e9v\u00e9lation au Mondial de Paris 2020","datePublished":"2020-02-18T00:00:00+00:00","dateModified":"2023-04-18T12:47:15+00:00","mainEntityOfPage":{"@id":"https:\/\/www.autojm.fr\/blog\/peugeot-3008-restyle-revelation-au-mondial-de-paris-2020\/"},"wordCount":647,"commentCount":0,"publisher":{"@id":"https:\/\/www.autojm.fr\/blog\/#organization"},"image":{"@id":"https:\/\/www.autojm.fr\/blog\/peugeot-3008-restyle-revelation-au-mondial-de-paris-2020\/#primaryimage"},"thumbnailUrl":"https:\/\/www.autojm.fr\/blog\/wp-content\/uploads\/2022\/10\/519.jpg","keywords":["autojm","peugeot","Peugeot 3008"],"articleSection":["Nouveaut\u00e9 DS","Nouveaut\u00e9s Autos"],"inLanguage":"fr-FR","potentialAction":[{"@type":"CommentAction","name":"Comment","target":["https:\/\/www.autojm.fr\/blog\/peugeot-3008-restyle-revelation-au-mondial-de-paris-2020\/#respond"]}]},{"@type":"WebPage","@id":"https:\/\/www.autojm.fr\/blog\/peugeot-3008-restyle-revelation-au-mondial-de-paris-2020\/","url":"https:\/\/www.autojm.fr\/blog\/peugeot-3008-restyle-revelation-au-mondial-de-paris-2020\/","name":"Peugeot 3008 restyl\u00e9 : r\u00e9v\u00e9lation au Mondial de Paris 2020 AutoJM Mag","isPartOf":{"@id":"https:\/\/www.autojm.fr\/blog\/#website"},"primaryImageOfPage":{"@id":"https:\/\/www.autojm.fr\/blog\/peugeot-3008-restyle-revelation-au-mondial-de-paris-2020\/#primaryimage"},"image":{"@id":"https:\/\/www.autojm.fr\/blog\/peugeot-3008-restyle-revelation-au-mondial-de-paris-2020\/#primaryimage"},"thumbnailUrl":"https:\/\/www.autojm.fr\/blog\/wp-content\/uploads\/2022\/10\/519.jpg","datePublished":"2020-02-18T00:00:00+00:00","dateModified":"2023-04-18T12:47:15+00:00","description":"Sorti en 2016, le SUV Peugeot 3008 est le best-seller des v\u00e9hicules Peugeot. Le crossover a devanc\u00e9 tous ses adversaires sur le march\u00e9...","breadcrumb":{"@id":"https:\/\/www.autojm.fr\/blog\/peugeot-3008-restyle-revelation-au-mondial-de-paris-2020\/#breadcrumb"},"inLanguage":"fr-FR","potentialAction":[{"@type":"ReadAction","target":["https:\/\/www.autojm.fr\/blog\/peugeot-3008-restyle-revelation-au-mondial-de-paris-2020\/"]}]},{"@type":"ImageObject","inLanguage":"fr-FR","@id":"https:\/\/www.autojm.fr\/blog\/peugeot-3008-restyle-revelation-au-mondial-de-paris-2020\/#primaryimage","url":"https:\/\/www.autojm.fr\/blog\/wp-content\/uploads\/2022\/10\/519.jpg","contentUrl":"https:\/\/www.autojm.fr\/blog\/wp-content\/uploads\/2022\/10\/519.jpg","width":1024,"height":465,"caption":"Peugeot 3008"},{"@type":"BreadcrumbList","@id":"https:\/\/www.autojm.fr\/blog\/peugeot-3008-restyle-revelation-au-mondial-de-paris-2020\/#breadcrumb","itemListElement":[{"@type":"ListItem","position":1,"name":"Accueil","item":"https:\/\/www.autojm.fr\/blog\/"},{"@type":"ListItem","position":2,"name":"Nouveaut\u00e9s Autos","item":"https:\/\/www.autojm.fr\/blog\/nouveautes-autos\/"},{"@type":"ListItem","position":3,"name":"Peugeot 3008 restyl\u00e9 : r\u00e9v\u00e9lation au Mondial de Paris 2020"}]},{"@type":"WebSite","@id":"https:\/\/www.autojm.fr\/blog\/#website","url":"https:\/\/www.autojm.fr\/blog\/","name":"AutoJM Mag","description":"Toute l&#039;actu auto en 1 clic !","publisher":{"@id":"https:\/\/www.autojm.fr\/blog\/#organization"},"potentialAction":[{"@type":"SearchAction","target":{"@type":"EntryPoint","urlTemplate":"https:\/\/www.autojm.fr\/blog\/?s={search_term_string}"},"query-input":{"@type":"PropertyValueSpecification","valueRequired":true,"valueName":"search_term_string"}}],"inLanguage":"fr-FR"},{"@type":"Organization","@id":"https:\/\/www.autojm.fr\/blog\/#organization","name":"AutoJM Mag","url":"https:\/\/www.autojm.fr\/blog\/","logo":{"@type":"ImageObject","inLanguage":"fr-FR","@id":"https:\/\/www.autojm.fr\/blog\/#\/schema\/logo\/image\/","url":"https:\/\/www.autojm.fr\/blog\/wp-content\/uploads\/2022\/12\/cropped-AutoJMag-png.png","contentUrl":"https:\/\/www.autojm.fr\/blog\/wp-content\/uploads\/2022\/12\/cropped-AutoJMag-png.png","width":2834,"height":585,"caption":"AutoJM Mag"},"image":{"@id":"https:\/\/www.autojm.fr\/blog\/#\/schema\/logo\/image\/"},"sameAs":["https:\/\/www.facebook.com\/AutoJM25"]},{"@type":"Person","@id":"https:\/\/www.autojm.fr\/blog\/#\/schema\/person\/9742bc77541853e0de81fc57f947e1a0","name":"Autojm","image":{"@type":"ImageObject","inLanguage":"fr-FR","@id":"https:\/\/secure.gravatar.com\/avatar\/9a959d52b758fcc232fe4b6aca7bab139182573297122cce7d6f2ee0e537b418?s=96&d=mm&r=g","url":"https:\/\/secure.gravatar.com\/avatar\/9a959d52b758fcc232fe4b6aca7bab139182573297122cce7d6f2ee0e537b418?s=96&d=mm&r=g","contentUrl":"https:\/\/secure.gravatar.com\/avatar\/9a959d52b758fcc232fe4b6aca7bab139182573297122cce7d6f2ee0e537b418?s=96&d=mm&r=g","caption":"Autojm"},"sameAs":["https:\/\/www.autojm.fr\/blog"],"url":"https:\/\/www.autojm.fr\/blog\/author\/bichoi\/"}]}},"_links":{"self":[{"href":"https:\/\/www.autojm.fr\/blog\/wp-json\/wp\/v2\/posts\/3793","targetHints":{"allow":["GET"]}}],"collection":[{"href":"https:\/\/www.autojm.fr\/blog\/wp-json\/wp\/v2\/posts"}],"about":[{"href":"https:\/\/www.autojm.fr\/blog\/wp-json\/wp\/v2\/types\/post"}],"author":[{"embeddable":true,"href":"https:\/\/www.autojm.fr\/blog\/wp-json\/wp\/v2\/users\/1"}],"replies":[{"embeddable":true,"href":"https:\/\/www.autojm.fr\/blog\/wp-json\/wp\/v2\/comments?post=3793"}],"version-history":[{"count":6,"href":"https:\/\/www.autojm.fr\/blog\/wp-json\/wp\/v2\/posts\/3793\/revisions"}],"predecessor-version":[{"id":9283,"href":"https:\/\/www.autojm.fr\/blog\/wp-json\/wp\/v2\/posts\/3793\/revisions\/9283"}],"wp:featuredmedia":[{"embeddable":true,"href":"https:\/\/www.autojm.fr\/blog\/wp-json\/wp\/v2\/media\/5853"}],"wp:attachment":[{"href":"https:\/\/www.autojm.fr\/blog\/wp-json\/wp\/v2\/media?parent=3793"}],"wp:term":[{"taxonomy":"category","embeddable":true,"href":"https:\/\/www.autojm.fr\/blog\/wp-json\/wp\/v2\/categories?post=3793"},{"taxonomy":"post_tag","embeddable":true,"href":"https:\/\/www.autojm.fr\/blog\/wp-json\/wp\/v2\/tags?post=3793"}],"curies":[{"name":"wp","href":"https:\/\/api.w.org\/{rel}","templated":true}]}}