{"id":3792,"date":"2020-02-12T00:00:00","date_gmt":"2020-02-12T00:00:00","guid":{"rendered":"https:\/\/www.autojm.fr\/blog\/radar-de-controle-routier-lennemi-des-automobilistes\/"},"modified":"2023-04-19T07:01:58","modified_gmt":"2023-04-19T07:01:58","slug":"radar-de-controle-routier-lennemi-des-automobilistes","status":"publish","type":"post","link":"https:\/\/www.autojm.fr\/blog\/radar-de-controle-routier-lennemi-des-automobilistes\/","title":{"rendered":"Radar de contr\u00f4le routier : l\u2019ennemi des automobilistes"},"content":{"rendered":"<p>Le radar de contr\u00f4le routier permet, gr\u00e2ce \u00e0 des ondes \u00e9lectromagn\u00e9tiques, de <strong>mesurer la vitesse des v\u00e9hicules en circulation<\/strong>, mais aussi de <strong>d\u00e9tecter des infractions comme un franchissement de ligne au feu rouge<\/strong>. Si les automobilistes le redoute, c&rsquo;est parce qu&rsquo;il est de plus en plus efficace et rep\u00e8re de mieux en mieux les diff\u00e9rentes infractions. Zoom sur les diff\u00e9rents <a href=\"https:\/\/radars.securite-routiere.gouv.fr\/#\/\">radars pr\u00e9sents en 2020 sur les routes de France<\/a>.<\/p>\n<h2>Les radars des r\u00e9seaux routiers et autoroutiers fran\u00e7ais<\/h2>\n<h3>Le radar fixe<\/h3>\n<p><strong>Signal\u00e9 par un panneau <\/strong>comme celui ci-contre, le radar fixe est pr\u00e9sent sur les axes autoroutiers et routiers o\u00f9 la circulation est dense afin de pousser les automobilistes \u00e0 ralentir. C&rsquo;est le <strong>premier radar routier<\/strong> qui a \u00e9t\u00e9 mis en place sur les routes de France, en <strong>2003<\/strong>.<\/p>\n<h3>Le radar discriminant<\/h3>\n<p>Tout comme le radar fixe, il est<strong> signal\u00e9 par un panneau<\/strong>. Il contr\u00f4le la vitesse dans les deux sens de circulation et peut diff\u00e9rencier les poids lourds des v\u00e9hicules l\u00e9gers. Les radars discriminants sont plac\u00e9s aux abords des routes o\u00f9 le trafic est important et o\u00f9 les accidents sont majoritairement d\u00fbs \u00e0 des exc\u00e8s de vitesse.<\/p>\n<h3>Le radar embarqu\u00e9<\/h3>\n<p>Celui-ci, contrairement au pr\u00e9c\u00e9dent, n&rsquo;est pas signal\u00e9. Ce sont les <strong>agents des forces de l&rsquo;ordre<\/strong> qui, sur ordre du pr\u00e9fet, se positionnent sur une route d\u00e9termin\u00e9e afin de contr\u00f4ler les automobilistes qui y passent. Ils embarquent avec eux un radar qui leur permet d&rsquo;avoir en temps r\u00e9el la vitesse \u00e0 laquelle circulent les v\u00e9hicules. Ils sont petit \u00e0 petit remplac\u00e9s par les radars mobiles nouvelle g\u00e9n\u00e9ration.<\/p>\n<h3>Le radar mobile nouvelle g\u00e9n\u00e9ration<\/h3>\n<p>Il \u00e9quipe directement les v\u00e9hicules utilis\u00e9s par les forces de l&rsquo;ordre. <strong>Ce radar est embarqu\u00e9 dans les v\u00e9hicules<\/strong>, comme un \u00e9quipement en option, et permet de contr\u00f4ler les grands exc\u00e8s de vitesse. Il n&rsquo;est pas signal\u00e9 puisqu&rsquo;il se trouve \u00e0 bord de v\u00e9hicules en circulation.<\/p>\n<h3>Le radar tron\u00e7on<\/h3>\n<p>Ce dispositif est s\u00e9par\u00e9 en <strong>deux radars<\/strong> : un premier qui enregistre la plaque d&rsquo;immatriculation et l&rsquo;heure de passage du v\u00e9hicule, un deuxi\u00e8me, mis \u00e0 une certaine distance du premier, qui enregistre l&rsquo;heure \u00e0 laquelle le v\u00e9hicule passe. Le temps \u00e9coul\u00e9 pour parcourir la distance qui s\u00e9pare ces deux radars permet de calculer une <strong>vitesse moyenne<\/strong>. Si la dur\u00e9e est peu \u00e9lev\u00e9e, la vitesse est alors estim\u00e9e comme trop \u00e9lev\u00e9e elle, et l&rsquo;automobiliste est p\u00e9nalis\u00e9.<\/p>\n<h3>Le radar de feu rouge<\/h3>\n<p>Comme son nom l&rsquo;indique, ce radar est <strong>implant\u00e9 sur les feux tricolores<\/strong> et contr\u00f4le si les automobilistes s&rsquo;arr\u00eatent bien quand le feu est rouge. <strong>Une photo sera prise si le v\u00e9hicule franchit la ligne alors que le feu est rouge<\/strong> et l&rsquo;automobiliste recevra une contravention.<\/p>\n<h3>Le radar de passage \u00e0 niveau<\/h3>\n<p>De m\u00eame que pour le pr\u00e9c\u00e9dent, celui-ci est<strong> implant\u00e9 sur les feux clignotants rouges d\u00e9di\u00e9s aux passages \u00e0 niveau<\/strong>. Il permet de flasher les automobilistes qui traversent sur le passage \u00e0 niveau alors que le feu clignote.<\/p>\n<h3>Le radar autonome\/de chantier<\/h3>\n<p>Ce <strong>radar semi-fixe<\/strong> se trouve principalement \u00e0 bord des chantiers. Destin\u00e9, comme tout radar, \u00e0 faire ralentir les automobilistes, il <strong>garantit de surcro\u00eet la s\u00e9curit\u00e9 des ouvriers<\/strong> qui travaillent aux abords des routes et autoroutes. Il <strong>s&rsquo;installe facilement et rapidement<\/strong>.<\/p>\n<h3>Le radar p\u00e9dagogique<\/h3>\n<p>Qui n&rsquo;en est pas un. Les radars p\u00e9dagogiques sont le plus souvent plac\u00e9s en <strong>entr\u00e9e d&rsquo;agglom\u00e9ration<\/strong> ou pr\u00e8s des<strong> zones \u00e0 vitesse r\u00e9duite<\/strong>. Ils affichent tout simplement la vitesse \u00e0 laquelle les automobilistes sont au moment o\u00f9 ils s&rsquo;approchent du radar. Si la <strong>vitesse est excessive<\/strong>, elle est <strong>signal\u00e9e en orange, ou rouge<\/strong>, accompagn\u00e9e d&rsquo;un <strong>message \u00ab\u00a0ralentir\u00a0\u00bb<\/strong> comme ci-contre. Sinon, elle est signal\u00e9e en couleur verte.<\/p>\n<h3>Le radar tourelle<\/h3>\n<p>C&rsquo;est la nouveaut\u00e9 parmi les radars fixes du r\u00e9seau routier et autoroutier fran\u00e7ais.<strong> Il tient son nom de sa forme<\/strong>, surplombant la circulation \u00e0 <strong>4 m\u00e8tres de hauteur<\/strong>. Il <strong>contr\u00f4le<\/strong> <strong>jusqu&rsquo;\u00e0 32 v\u00e9hicules simultan\u00e9ment<\/strong>, <strong>distinguant le v\u00e9hicule l\u00e9ger du poids lourd<\/strong>, et <strong>peut rep\u00e9rer plusieurs infractions \u00e0 la fois<\/strong> : franchissement d&rsquo;un feu rouge, d&rsquo;un passage \u00e0 niveau, exc\u00e8s de vitesse, non-respect des distances de s\u00e9curit\u00e9, d\u00e9passement par la droite, d\u00e9tection de franchissement de voie interdite, utilisation du t\u00e9l\u00e9phone ou encore non port de la ceinture.<\/p>\n<p style=\"text-align: center;\">\n<h2>Les radars en France : recettes et routes les plus flash\u00e9es<\/h2>\n<p>En <strong>2018<\/strong>, les radars de contr\u00f4le routier ont rapport\u00e9 <strong>864,4 millions d&rsquo;euros \u00e0 l&rsquo;Etat Fran\u00e7ais<\/strong>, soit <strong>49%<\/strong> des montants rapport\u00e9s par les amendes issues des infractions de la route.<\/p>\n<p>En <strong>2017<\/strong>, les <strong>radars qui ont le plus flash\u00e9 en France<\/strong> sont les suivants :<br \/>\n&#8211; Radar \u00e0 Etrembi\u00e8res, sur l&rsquo;A40 entre Chamonix et M\u00e2con : 125 074 infractions relev\u00e9es<br \/>\n&#8211; Radar sur l&rsquo;A31 entre Metz et Toulouse : 120 991 infractions relev\u00e9es<br \/>\n&#8211; Radar de Janvry : 105 134 infractions relev\u00e9es<br \/>\n&#8211; Radar de Calais entre Dunkerque et Boulogne sur Mer : 102 302 infractions relev\u00e9es<br \/>\n&#8211; Radar de Massy sur l&rsquo;A10 : 98 006 infractions relev\u00e9es<\/p>\n<p style=\"margin-top: 1.75em; margin-bottom: 1.75em; font-size: 0.813em; line-height: 1.5em; color: #666666; font-family: Arial, Helvetica, sans-serif;\">\n","protected":false},"excerpt":{"rendered":"<p>Le radar de contr\u00f4le routier permet, gr\u00e2ce \u00e0 des ondes \u00e9lectromagn\u00e9tiques, de mesurer la vitesse des v\u00e9hicules en circulation, mais aussi de d\u00e9tecter des infractions comme un franchissement de ligne au feu rouge.<\/p>\n","protected":false},"author":1,"featured_media":5852,"comment_status":"open","ping_status":"open","sticky":false,"template":"","format":"standard","meta":{"_acf_changed":false,"content-type":"","footnotes":""},"categories":[22],"tags":[90,85,74,105,110,109,106,108,107,73,78,96],"class_list":["post-3792","post","type-post","status-publish","format-standard","has-post-thumbnail","hentry","category-conseils-astuces","tag-autojm","tag-citroen-2","tag-dacia","tag-ds","tag-fiat","tag-ford","tag-kia","tag-nissan","tag-opel","tag-peugeot","tag-renault","tag-volkswagen"],"acf":[],"yoast_head":"<!-- This site is optimized with the Yoast SEO plugin v27.5 - https:\/\/yoast.com\/product\/yoast-seo-wordpress\/ -->\n<title>Radar de contr\u00f4le routier : l\u2019ennemi des automobilistes - AutoJM Mag<\/title>\n<meta name=\"description\" content=\"Le radar de contr\u00f4le routier permet, gr\u00e2ce \u00e0 des ondes \u00e9lectromagn\u00e9tiques, de mesurer la vitesse des v\u00e9hicules en circulation, mais aussi...\" \/>\n<meta name=\"robots\" content=\"index, follow, max-snippet:-1, max-image-preview:large, max-video-preview:-1\" \/>\n<link rel=\"canonical\" href=\"https:\/\/www.autojm.fr\/blog\/radar-de-controle-routier-lennemi-des-automobilistes\/\" \/>\n<meta property=\"og:locale\" content=\"fr_FR\" \/>\n<meta property=\"og:type\" content=\"article\" \/>\n<meta property=\"og:title\" content=\"Radar de contr\u00f4le routier : l\u2019ennemi des automobilistes - AutoJM Mag\" \/>\n<meta property=\"og:description\" content=\"Le radar de contr\u00f4le routier permet, gr\u00e2ce \u00e0 des ondes \u00e9lectromagn\u00e9tiques, de mesurer la vitesse des v\u00e9hicules en circulation, mais aussi...\" \/>\n<meta property=\"og:url\" content=\"https:\/\/www.autojm.fr\/blog\/radar-de-controle-routier-lennemi-des-automobilistes\/\" \/>\n<meta property=\"og:site_name\" content=\"AutoJM Mag\" \/>\n<meta property=\"article:publisher\" content=\"https:\/\/www.facebook.com\/AutoJM25\" \/>\n<meta property=\"article:published_time\" content=\"2020-02-12T00:00:00+00:00\" \/>\n<meta property=\"article:modified_time\" content=\"2023-04-19T07:01:58+00:00\" \/>\n<meta property=\"og:image\" content=\"https:\/\/www.autojm.fr\/blog\/wp-content\/uploads\/2022\/10\/517-scaled.jpg\" \/>\n\t<meta property=\"og:image:width\" content=\"2560\" \/>\n\t<meta property=\"og:image:height\" content=\"1160\" \/>\n\t<meta property=\"og:image:type\" content=\"image\/jpeg\" \/>\n<meta name=\"author\" content=\"Autojm\" \/>\n<meta name=\"twitter:card\" content=\"summary_large_image\" \/>\n<meta name=\"twitter:label1\" content=\"\u00c9crit par\" \/>\n\t<meta name=\"twitter:data1\" content=\"Autojm\" \/>\n\t<meta name=\"twitter:label2\" content=\"Dur\u00e9e de lecture estim\u00e9e\" \/>\n\t<meta name=\"twitter:data2\" content=\"5 minutes\" \/>\n<script type=\"application\/ld+json\" class=\"yoast-schema-graph\">{\"@context\":\"https:\\\/\\\/schema.org\",\"@graph\":[{\"@type\":\"Article\",\"@id\":\"https:\\\/\\\/www.autojm.fr\\\/blog\\\/radar-de-controle-routier-lennemi-des-automobilistes\\\/#article\",\"isPartOf\":{\"@id\":\"https:\\\/\\\/www.autojm.fr\\\/blog\\\/radar-de-controle-routier-lennemi-des-automobilistes\\\/\"},\"author\":{\"name\":\"Autojm\",\"@id\":\"https:\\\/\\\/www.autojm.fr\\\/blog\\\/#\\\/schema\\\/person\\\/9742bc77541853e0de81fc57f947e1a0\"},\"headline\":\"Radar de contr\u00f4le routier : l\u2019ennemi des automobilistes\",\"datePublished\":\"2020-02-12T00:00:00+00:00\",\"dateModified\":\"2023-04-19T07:01:58+00:00\",\"mainEntityOfPage\":{\"@id\":\"https:\\\/\\\/www.autojm.fr\\\/blog\\\/radar-de-controle-routier-lennemi-des-automobilistes\\\/\"},\"wordCount\":855,\"commentCount\":0,\"publisher\":{\"@id\":\"https:\\\/\\\/www.autojm.fr\\\/blog\\\/#organization\"},\"image\":{\"@id\":\"https:\\\/\\\/www.autojm.fr\\\/blog\\\/radar-de-controle-routier-lennemi-des-automobilistes\\\/#primaryimage\"},\"thumbnailUrl\":\"https:\\\/\\\/www.autojm.fr\\\/blog\\\/wp-content\\\/uploads\\\/2022\\\/10\\\/517-scaled.jpg\",\"keywords\":[\"autojm\",\"Citro\u00ebn\",\"dacia\",\"DS\",\"Fiat\",\"Ford\",\"Kia\",\"Nissan\",\"Opel\",\"peugeot\",\"renault\",\"Volkswagen\"],\"articleSection\":[\"Conseils &amp; Astuces\"],\"inLanguage\":\"fr-FR\",\"potentialAction\":[{\"@type\":\"CommentAction\",\"name\":\"Comment\",\"target\":[\"https:\\\/\\\/www.autojm.fr\\\/blog\\\/radar-de-controle-routier-lennemi-des-automobilistes\\\/#respond\"]}]},{\"@type\":\"WebPage\",\"@id\":\"https:\\\/\\\/www.autojm.fr\\\/blog\\\/radar-de-controle-routier-lennemi-des-automobilistes\\\/\",\"url\":\"https:\\\/\\\/www.autojm.fr\\\/blog\\\/radar-de-controle-routier-lennemi-des-automobilistes\\\/\",\"name\":\"Radar de contr\u00f4le routier : l\u2019ennemi des automobilistes - AutoJM Mag\",\"isPartOf\":{\"@id\":\"https:\\\/\\\/www.autojm.fr\\\/blog\\\/#website\"},\"primaryImageOfPage\":{\"@id\":\"https:\\\/\\\/www.autojm.fr\\\/blog\\\/radar-de-controle-routier-lennemi-des-automobilistes\\\/#primaryimage\"},\"image\":{\"@id\":\"https:\\\/\\\/www.autojm.fr\\\/blog\\\/radar-de-controle-routier-lennemi-des-automobilistes\\\/#primaryimage\"},\"thumbnailUrl\":\"https:\\\/\\\/www.autojm.fr\\\/blog\\\/wp-content\\\/uploads\\\/2022\\\/10\\\/517-scaled.jpg\",\"datePublished\":\"2020-02-12T00:00:00+00:00\",\"dateModified\":\"2023-04-19T07:01:58+00:00\",\"description\":\"Le radar de contr\u00f4le routier permet, gr\u00e2ce \u00e0 des ondes \u00e9lectromagn\u00e9tiques, de mesurer la vitesse des v\u00e9hicules en circulation, mais aussi...\",\"breadcrumb\":{\"@id\":\"https:\\\/\\\/www.autojm.fr\\\/blog\\\/radar-de-controle-routier-lennemi-des-automobilistes\\\/#breadcrumb\"},\"inLanguage\":\"fr-FR\",\"potentialAction\":[{\"@type\":\"ReadAction\",\"target\":[\"https:\\\/\\\/www.autojm.fr\\\/blog\\\/radar-de-controle-routier-lennemi-des-automobilistes\\\/\"]}]},{\"@type\":\"ImageObject\",\"inLanguage\":\"fr-FR\",\"@id\":\"https:\\\/\\\/www.autojm.fr\\\/blog\\\/radar-de-controle-routier-lennemi-des-automobilistes\\\/#primaryimage\",\"url\":\"https:\\\/\\\/www.autojm.fr\\\/blog\\\/wp-content\\\/uploads\\\/2022\\\/10\\\/517-scaled.jpg\",\"contentUrl\":\"https:\\\/\\\/www.autojm.fr\\\/blog\\\/wp-content\\\/uploads\\\/2022\\\/10\\\/517-scaled.jpg\",\"width\":2560,\"height\":1160,\"caption\":\"Radars\"},{\"@type\":\"BreadcrumbList\",\"@id\":\"https:\\\/\\\/www.autojm.fr\\\/blog\\\/radar-de-controle-routier-lennemi-des-automobilistes\\\/#breadcrumb\",\"itemListElement\":[{\"@type\":\"ListItem\",\"position\":1,\"name\":\"Accueil\",\"item\":\"https:\\\/\\\/www.autojm.fr\\\/blog\\\/\"},{\"@type\":\"ListItem\",\"position\":2,\"name\":\"Conseils &amp; Astuces\",\"item\":\"https:\\\/\\\/www.autojm.fr\\\/blog\\\/conseils-astuces\\\/\"},{\"@type\":\"ListItem\",\"position\":3,\"name\":\"Radar de contr\u00f4le routier : l\u2019ennemi des automobilistes\"}]},{\"@type\":\"WebSite\",\"@id\":\"https:\\\/\\\/www.autojm.fr\\\/blog\\\/#website\",\"url\":\"https:\\\/\\\/www.autojm.fr\\\/blog\\\/\",\"name\":\"AutoJM Mag\",\"description\":\"Toute l&#039;actu auto en 1 clic !\",\"publisher\":{\"@id\":\"https:\\\/\\\/www.autojm.fr\\\/blog\\\/#organization\"},\"potentialAction\":[{\"@type\":\"SearchAction\",\"target\":{\"@type\":\"EntryPoint\",\"urlTemplate\":\"https:\\\/\\\/www.autojm.fr\\\/blog\\\/?s={search_term_string}\"},\"query-input\":{\"@type\":\"PropertyValueSpecification\",\"valueRequired\":true,\"valueName\":\"search_term_string\"}}],\"inLanguage\":\"fr-FR\"},{\"@type\":\"Organization\",\"@id\":\"https:\\\/\\\/www.autojm.fr\\\/blog\\\/#organization\",\"name\":\"AutoJM Mag\",\"url\":\"https:\\\/\\\/www.autojm.fr\\\/blog\\\/\",\"logo\":{\"@type\":\"ImageObject\",\"inLanguage\":\"fr-FR\",\"@id\":\"https:\\\/\\\/www.autojm.fr\\\/blog\\\/#\\\/schema\\\/logo\\\/image\\\/\",\"url\":\"https:\\\/\\\/www.autojm.fr\\\/blog\\\/wp-content\\\/uploads\\\/2022\\\/12\\\/cropped-AutoJMag-png.png\",\"contentUrl\":\"https:\\\/\\\/www.autojm.fr\\\/blog\\\/wp-content\\\/uploads\\\/2022\\\/12\\\/cropped-AutoJMag-png.png\",\"width\":2834,\"height\":585,\"caption\":\"AutoJM Mag\"},\"image\":{\"@id\":\"https:\\\/\\\/www.autojm.fr\\\/blog\\\/#\\\/schema\\\/logo\\\/image\\\/\"},\"sameAs\":[\"https:\\\/\\\/www.facebook.com\\\/AutoJM25\"]},{\"@type\":\"Person\",\"@id\":\"https:\\\/\\\/www.autojm.fr\\\/blog\\\/#\\\/schema\\\/person\\\/9742bc77541853e0de81fc57f947e1a0\",\"name\":\"Autojm\",\"image\":{\"@type\":\"ImageObject\",\"inLanguage\":\"fr-FR\",\"@id\":\"https:\\\/\\\/secure.gravatar.com\\\/avatar\\\/9a959d52b758fcc232fe4b6aca7bab139182573297122cce7d6f2ee0e537b418?s=96&d=mm&r=g\",\"url\":\"https:\\\/\\\/secure.gravatar.com\\\/avatar\\\/9a959d52b758fcc232fe4b6aca7bab139182573297122cce7d6f2ee0e537b418?s=96&d=mm&r=g\",\"contentUrl\":\"https:\\\/\\\/secure.gravatar.com\\\/avatar\\\/9a959d52b758fcc232fe4b6aca7bab139182573297122cce7d6f2ee0e537b418?s=96&d=mm&r=g\",\"caption\":\"Autojm\"},\"sameAs\":[\"https:\\\/\\\/www.autojm.fr\\\/blog\"],\"url\":\"https:\\\/\\\/www.autojm.fr\\\/blog\\\/author\\\/bichoi\\\/\"}]}<\/script>\n<!-- \/ Yoast SEO plugin. -->","yoast_head_json":{"title":"Radar de contr\u00f4le routier : l\u2019ennemi des automobilistes - AutoJM Mag","description":"Le radar de contr\u00f4le routier permet, gr\u00e2ce \u00e0 des ondes \u00e9lectromagn\u00e9tiques, de mesurer la vitesse des v\u00e9hicules en circulation, mais aussi...","robots":{"index":"index","follow":"follow","max-snippet":"max-snippet:-1","max-image-preview":"max-image-preview:large","max-video-preview":"max-video-preview:-1"},"canonical":"https:\/\/www.autojm.fr\/blog\/radar-de-controle-routier-lennemi-des-automobilistes\/","og_locale":"fr_FR","og_type":"article","og_title":"Radar de contr\u00f4le routier : l\u2019ennemi des automobilistes - AutoJM Mag","og_description":"Le radar de contr\u00f4le routier permet, gr\u00e2ce \u00e0 des ondes \u00e9lectromagn\u00e9tiques, de mesurer la vitesse des v\u00e9hicules en circulation, mais aussi...","og_url":"https:\/\/www.autojm.fr\/blog\/radar-de-controle-routier-lennemi-des-automobilistes\/","og_site_name":"AutoJM Mag","article_publisher":"https:\/\/www.facebook.com\/AutoJM25","article_published_time":"2020-02-12T00:00:00+00:00","article_modified_time":"2023-04-19T07:01:58+00:00","og_image":[{"width":2560,"height":1160,"url":"https:\/\/www.autojm.fr\/blog\/wp-content\/uploads\/2022\/10\/517-scaled.jpg","type":"image\/jpeg"}],"author":"Autojm","twitter_card":"summary_large_image","twitter_misc":{"\u00c9crit par":"Autojm","Dur\u00e9e de lecture estim\u00e9e":"5 minutes"},"schema":{"@context":"https:\/\/schema.org","@graph":[{"@type":"Article","@id":"https:\/\/www.autojm.fr\/blog\/radar-de-controle-routier-lennemi-des-automobilistes\/#article","isPartOf":{"@id":"https:\/\/www.autojm.fr\/blog\/radar-de-controle-routier-lennemi-des-automobilistes\/"},"author":{"name":"Autojm","@id":"https:\/\/www.autojm.fr\/blog\/#\/schema\/person\/9742bc77541853e0de81fc57f947e1a0"},"headline":"Radar de contr\u00f4le routier : l\u2019ennemi des automobilistes","datePublished":"2020-02-12T00:00:00+00:00","dateModified":"2023-04-19T07:01:58+00:00","mainEntityOfPage":{"@id":"https:\/\/www.autojm.fr\/blog\/radar-de-controle-routier-lennemi-des-automobilistes\/"},"wordCount":855,"commentCount":0,"publisher":{"@id":"https:\/\/www.autojm.fr\/blog\/#organization"},"image":{"@id":"https:\/\/www.autojm.fr\/blog\/radar-de-controle-routier-lennemi-des-automobilistes\/#primaryimage"},"thumbnailUrl":"https:\/\/www.autojm.fr\/blog\/wp-content\/uploads\/2022\/10\/517-scaled.jpg","keywords":["autojm","Citro\u00ebn","dacia","DS","Fiat","Ford","Kia","Nissan","Opel","peugeot","renault","Volkswagen"],"articleSection":["Conseils &amp; Astuces"],"inLanguage":"fr-FR","potentialAction":[{"@type":"CommentAction","name":"Comment","target":["https:\/\/www.autojm.fr\/blog\/radar-de-controle-routier-lennemi-des-automobilistes\/#respond"]}]},{"@type":"WebPage","@id":"https:\/\/www.autojm.fr\/blog\/radar-de-controle-routier-lennemi-des-automobilistes\/","url":"https:\/\/www.autojm.fr\/blog\/radar-de-controle-routier-lennemi-des-automobilistes\/","name":"Radar de contr\u00f4le routier : l\u2019ennemi des automobilistes - AutoJM Mag","isPartOf":{"@id":"https:\/\/www.autojm.fr\/blog\/#website"},"primaryImageOfPage":{"@id":"https:\/\/www.autojm.fr\/blog\/radar-de-controle-routier-lennemi-des-automobilistes\/#primaryimage"},"image":{"@id":"https:\/\/www.autojm.fr\/blog\/radar-de-controle-routier-lennemi-des-automobilistes\/#primaryimage"},"thumbnailUrl":"https:\/\/www.autojm.fr\/blog\/wp-content\/uploads\/2022\/10\/517-scaled.jpg","datePublished":"2020-02-12T00:00:00+00:00","dateModified":"2023-04-19T07:01:58+00:00","description":"Le radar de contr\u00f4le routier permet, gr\u00e2ce \u00e0 des ondes \u00e9lectromagn\u00e9tiques, de mesurer la vitesse des v\u00e9hicules en circulation, mais aussi...","breadcrumb":{"@id":"https:\/\/www.autojm.fr\/blog\/radar-de-controle-routier-lennemi-des-automobilistes\/#breadcrumb"},"inLanguage":"fr-FR","potentialAction":[{"@type":"ReadAction","target":["https:\/\/www.autojm.fr\/blog\/radar-de-controle-routier-lennemi-des-automobilistes\/"]}]},{"@type":"ImageObject","inLanguage":"fr-FR","@id":"https:\/\/www.autojm.fr\/blog\/radar-de-controle-routier-lennemi-des-automobilistes\/#primaryimage","url":"https:\/\/www.autojm.fr\/blog\/wp-content\/uploads\/2022\/10\/517-scaled.jpg","contentUrl":"https:\/\/www.autojm.fr\/blog\/wp-content\/uploads\/2022\/10\/517-scaled.jpg","width":2560,"height":1160,"caption":"Radars"},{"@type":"BreadcrumbList","@id":"https:\/\/www.autojm.fr\/blog\/radar-de-controle-routier-lennemi-des-automobilistes\/#breadcrumb","itemListElement":[{"@type":"ListItem","position":1,"name":"Accueil","item":"https:\/\/www.autojm.fr\/blog\/"},{"@type":"ListItem","position":2,"name":"Conseils &amp; Astuces","item":"https:\/\/www.autojm.fr\/blog\/conseils-astuces\/"},{"@type":"ListItem","position":3,"name":"Radar de contr\u00f4le routier : l\u2019ennemi des automobilistes"}]},{"@type":"WebSite","@id":"https:\/\/www.autojm.fr\/blog\/#website","url":"https:\/\/www.autojm.fr\/blog\/","name":"AutoJM Mag","description":"Toute l&#039;actu auto en 1 clic !","publisher":{"@id":"https:\/\/www.autojm.fr\/blog\/#organization"},"potentialAction":[{"@type":"SearchAction","target":{"@type":"EntryPoint","urlTemplate":"https:\/\/www.autojm.fr\/blog\/?s={search_term_string}"},"query-input":{"@type":"PropertyValueSpecification","valueRequired":true,"valueName":"search_term_string"}}],"inLanguage":"fr-FR"},{"@type":"Organization","@id":"https:\/\/www.autojm.fr\/blog\/#organization","name":"AutoJM Mag","url":"https:\/\/www.autojm.fr\/blog\/","logo":{"@type":"ImageObject","inLanguage":"fr-FR","@id":"https:\/\/www.autojm.fr\/blog\/#\/schema\/logo\/image\/","url":"https:\/\/www.autojm.fr\/blog\/wp-content\/uploads\/2022\/12\/cropped-AutoJMag-png.png","contentUrl":"https:\/\/www.autojm.fr\/blog\/wp-content\/uploads\/2022\/12\/cropped-AutoJMag-png.png","width":2834,"height":585,"caption":"AutoJM Mag"},"image":{"@id":"https:\/\/www.autojm.fr\/blog\/#\/schema\/logo\/image\/"},"sameAs":["https:\/\/www.facebook.com\/AutoJM25"]},{"@type":"Person","@id":"https:\/\/www.autojm.fr\/blog\/#\/schema\/person\/9742bc77541853e0de81fc57f947e1a0","name":"Autojm","image":{"@type":"ImageObject","inLanguage":"fr-FR","@id":"https:\/\/secure.gravatar.com\/avatar\/9a959d52b758fcc232fe4b6aca7bab139182573297122cce7d6f2ee0e537b418?s=96&d=mm&r=g","url":"https:\/\/secure.gravatar.com\/avatar\/9a959d52b758fcc232fe4b6aca7bab139182573297122cce7d6f2ee0e537b418?s=96&d=mm&r=g","contentUrl":"https:\/\/secure.gravatar.com\/avatar\/9a959d52b758fcc232fe4b6aca7bab139182573297122cce7d6f2ee0e537b418?s=96&d=mm&r=g","caption":"Autojm"},"sameAs":["https:\/\/www.autojm.fr\/blog"],"url":"https:\/\/www.autojm.fr\/blog\/author\/bichoi\/"}]}},"_links":{"self":[{"href":"https:\/\/www.autojm.fr\/blog\/wp-json\/wp\/v2\/posts\/3792","targetHints":{"allow":["GET"]}}],"collection":[{"href":"https:\/\/www.autojm.fr\/blog\/wp-json\/wp\/v2\/posts"}],"about":[{"href":"https:\/\/www.autojm.fr\/blog\/wp-json\/wp\/v2\/types\/post"}],"author":[{"embeddable":true,"href":"https:\/\/www.autojm.fr\/blog\/wp-json\/wp\/v2\/users\/1"}],"replies":[{"embeddable":true,"href":"https:\/\/www.autojm.fr\/blog\/wp-json\/wp\/v2\/comments?post=3792"}],"version-history":[{"count":6,"href":"https:\/\/www.autojm.fr\/blog\/wp-json\/wp\/v2\/posts\/3792\/revisions"}],"predecessor-version":[{"id":9434,"href":"https:\/\/www.autojm.fr\/blog\/wp-json\/wp\/v2\/posts\/3792\/revisions\/9434"}],"wp:featuredmedia":[{"embeddable":true,"href":"https:\/\/www.autojm.fr\/blog\/wp-json\/wp\/v2\/media\/5852"}],"wp:attachment":[{"href":"https:\/\/www.autojm.fr\/blog\/wp-json\/wp\/v2\/media?parent=3792"}],"wp:term":[{"taxonomy":"category","embeddable":true,"href":"https:\/\/www.autojm.fr\/blog\/wp-json\/wp\/v2\/categories?post=3792"},{"taxonomy":"post_tag","embeddable":true,"href":"https:\/\/www.autojm.fr\/blog\/wp-json\/wp\/v2\/tags?post=3792"}],"curies":[{"name":"wp","href":"https:\/\/api.w.org\/{rel}","templated":true}]}}