{"id":3791,"date":"2020-02-05T00:00:00","date_gmt":"2020-02-05T00:00:00","guid":{"rendered":"https:\/\/www.autojm.fr\/blog\/renault-megane-restylee-une-version-hybride-en-plus\/"},"modified":"2023-04-18T12:49:26","modified_gmt":"2023-04-18T12:49:26","slug":"renault-megane-restylee-une-version-hybride-en-plus","status":"publish","type":"post","link":"https:\/\/www.autojm.fr\/blog\/renault-megane-restylee-une-version-hybride-en-plus\/","title":{"rendered":"Renault Megane restyl\u00e9e : une version hybride en plus !"},"content":{"rendered":"<p><em><span style=\"font-weight: bold;\">Vous \u00eates int\u00e9ress\u00e9 par l&rsquo;achat d&rsquo;un v\u00e9hicule hybride, hybride rechargeable ou \u00e9lectrique ? Consultez notre guide ici: <a tabindex=\"-1\" title=\"https:\/\/www.autojm.fr\/livre-blanc\" href=\"https:\/\/www.autojm.fr\/livre-blanc\" target=\"_blank\" rel=\"noreferrer noopener\">https:\/\/www.autojm.fr\/livre-blanc<\/a><\/span><\/em><\/p>\n<p>Apr\u00e8s le restylage de la <a href=\"https:\/\/www.autojm.fr\/achat-voitures-neuves-renault-clio-5-5p?part=blog&amp;utm_source=articleblog050220&amp;utm_medium=blog\">Renault Clio<\/a>, et du <a href=\"https:\/\/www.autojm.fr\/achat-voitures-neuves-renault-captur-2019-5p?part=blog&amp;utm_source=articleblog050220&amp;utm_medium=blog\">SUV Renault Captur<\/a>, c&rsquo;est au tour de la Megane de d\u00e9voiler son nouveau mod\u00e8le. La marque au losange se doit de lancer l&rsquo;offensive face \u00e0 la 308 de Peugeot qui d\u00e9voilera un restylage pour cette ann\u00e9e 2020. Alors, qu&rsquo;est-ce qui change sur cette <a href=\"https:\/\/www.autojm.fr\/achat-voitures-neuves-renault-nouvelle-megane-2020-5p?part=blog&amp;utm_source=articleblog050220&amp;utm_medium=blog\">nouvelle Renault Megane<\/a> ?<\/p>\n<h2>Design de la nouvelle Renault Megane<\/h2>\n<p>Esth\u00e9tiquement, les modifications sont subtiles et touchent principalement des finitions : on retrouve les traits de caract\u00e8re de la Renault Clio 5 avec des <strong>projecteurs \u00e0 LED Pure Vision<\/strong>, des LED \u00e0 clignotants dynamiques \u00e0 l&rsquo;arri\u00e8re, des <strong>touches chrom\u00e9es<\/strong> au niveau du bouclier avant, et les feux antibrouillards ont \u00e9t\u00e9 redessin\u00e9s. Des signatures viennent se greffer aux ailes de la Megane, qui accueille de<strong> nouvelles jantes entre 16 et 18 pouces<\/strong> et <strong>trois nouvelles couleurs ext\u00e9rieures : Cuivre Solar, Gris Baltique, Gris Highland<\/strong>.<\/p>\n<p>A l&rsquo;int\u00e9rieur, l&rsquo;habitacle et le poste de conduite se modernisent : le tableau de bord int\u00e8gre d\u00e9sormais une <strong>instrumentation num\u00e9rique de 10,2 pouces<\/strong>, un <strong>\u00e9cran central tactile de 9,3 pouces<\/strong>, un <strong>volant avec aides \u00e0 la conduite int\u00e9gr\u00e9es<\/strong>. La climatisation int\u00e8gre d\u00e9sormais l&rsquo;affichage de la temp\u00e9rature.Les si\u00e8ges avant sont r\u00e9glables \u00e9lectriquement et de nouvelles selleries sont disponibles. Des modifications qui laisseront les amateurs de changements sur leur faim.<\/p>\n<h2>Nouvelles technologies \u00e0 bord de la Berline de Renault<\/h2>\n<p>La Renault Megane dispose du <strong>syst\u00e8me multim\u00e9dia Easy Link<\/strong>, le <strong>syst\u00e8me Easy Connect<\/strong> et des nouveaut\u00e9s du c\u00f4t\u00e9 des aides \u00e0 la conduite dans le <strong>syst\u00e8me Easy Drive<\/strong>. La berline int\u00e8gre l&rsquo;<strong>Assistant Autoroute Trafic<\/strong>, qui permet une conduite semi-autonome avec ma\u00eetrise automatique de la distance de s\u00e9curit\u00e9 et de la vitesse. Le freinage automatique d&rsquo;urgence int\u00e8gre la <strong>d\u00e9tection de pi\u00e9tons<\/strong>, et l&rsquo;<strong>avertisseur d&rsquo;angles morts optimise sa d\u00e9tection<\/strong> notamment en sortie de parking. La nouvelle Megane est \u00e9galement \u00e9quip\u00e9e de l&rsquo;<strong>alerte de somnolence<\/strong>. Enfin, l&rsquo;alerte de franchissement de ligne peut d\u00e9sormais se compl\u00e9ter d&rsquo;un <strong>assistant au maintien dans la voie<\/strong>.<\/p>\n<h2>Motorisations et finitions sur la Renault Megane 2020<\/h2>\n<p>C\u00f4t\u00e9 motorisations, la Renault Megane restyl\u00e9e conserve des versions thermiques : <strong>deux versions diesel Blue DCI en 95 et 115 chevaux<\/strong> et <strong>4 versions essence TCE en 100, 115, 140 et 160 chevaux<\/strong>.<\/p>\n<p>Mais elle est propos\u00e9e, pour la premi\u00e8re fois, en motorisation hybride rechargeable : on d\u00e9couvre ainsi la <strong>Megane E-tech Plug-in<\/strong>, du m\u00eame nom que le Renault Captur sous sa version hybride rechargeable. Sous le capot, elle associe un <strong>moteur quatre cylindre 1,6 litres essence \u00e0 deux moteurs \u00e9lectriques<\/strong>, le tout lui procurant une puissance \u00e9quivalente \u00e0 <strong>160 chevaux<\/strong>. La batterie adopt\u00e9e est de <strong>9,8 kWh<\/strong>, l&rsquo;<strong>autonomie est de 50 km en cycle mixte et jusqu&rsquo;\u00e0 65 km en zone urbaine<\/strong>. Une version propre qui sera disponible sur la <a href=\"https:\/\/www.autojm.fr\/mandataire-voitures-neuves-renault\"><strong>Megane Break<\/strong><\/a> dans un premier temps, avant d&rsquo;\u00eatre appos\u00e9e \u00e0 la berline classique.<\/p>\n<p>La Megane <strong>GT line<\/strong> est remplac\u00e9e par la <strong>version R.S. line<\/strong> : grille de calandre en nid d&rsquo;abeilles, lame F1, jantes alliages de 17 ou 18 pouces et deux canules d&rsquo;\u00e9chappement qui am\u00e9liorent les performances. La finition sport se poursuit \u00e0 l&rsquo;int\u00e9rieur avec le p\u00e9dalier en aluminium, le volant appos\u00e9 du logo R.S, des si\u00e8ges sport et une ambiance noire d&rsquo;o\u00f9 l&rsquo;on distingue des surpiq\u00fbres rouges et grises pour un style unique.<\/p>\n<p>Les versions <strong>R.S. et R.S. Trophy<\/strong> sont conserv\u00e9es, mais la puissance du moteur de la R.S. passe d\u00e9sormais \u00e0 <strong>300 chevaux<\/strong> (contre 280 anciennement). La Megane R.S. int\u00e8gre un ch\u00e2ssis Sport et le 4Control. La version R.S. Trophy est elle toujours \u00e9quip\u00e9e de 300 chevaux, avec un ch\u00e2ssis Cup Exclusif et disques de freins avant bi-mati\u00e8re.<\/p>\n","protected":false},"excerpt":{"rendered":"<p>Apr\u00e8s le restylage de la Renault Clio, et du SUV Renault Captur, c&rsquo;est au tour de la Megane de d\u00e9voiler son nouveau mod\u00e8le. La marque au losange se doit de lancer l&rsquo;offensive face \u00e0 la 308 de Peugeot qui d\u00e9voilera un restylage pour cette ann\u00e9e 2020. Alors, qu&rsquo;est-ce qui change sur cette nouvelle Renault Megane ?<\/p>\n","protected":false},"author":1,"featured_media":5851,"comment_status":"open","ping_status":"open","sticky":false,"template":"","format":"standard","meta":{"_acf_changed":false,"content-type":"","footnotes":""},"categories":[62,61],"tags":[90,78,141],"class_list":["post-3791","post","type-post","status-publish","format-standard","has-post-thumbnail","hentry","category-nouveaute-renault","category-nouveautes-autos","tag-autojm","tag-renault","tag-renault-megane"],"acf":[],"yoast_head":"<!-- This site is optimized with the Yoast SEO plugin v27.5 - https:\/\/yoast.com\/product\/yoast-seo-wordpress\/ -->\n<title>Renault Megane restyl\u00e9e : une version hybride en plus ! - AutoJM Mag<\/title>\n<meta name=\"description\" content=\"Apr\u00e8s le restylage de la Renault Clio, et du SUV Renault Captur, c&#039;est au tour de la Megane de d\u00e9voiler son nouveau mod\u00e8le.\" \/>\n<meta name=\"robots\" content=\"index, follow, max-snippet:-1, max-image-preview:large, max-video-preview:-1\" \/>\n<link rel=\"canonical\" href=\"https:\/\/www.autojm.fr\/blog\/renault-megane-restylee-une-version-hybride-en-plus\/\" \/>\n<meta property=\"og:locale\" content=\"fr_FR\" \/>\n<meta property=\"og:type\" content=\"article\" \/>\n<meta property=\"og:title\" content=\"Renault Megane restyl\u00e9e : une version hybride en plus ! - AutoJM Mag\" \/>\n<meta property=\"og:description\" content=\"Apr\u00e8s le restylage de la Renault Clio, et du SUV Renault Captur, c&#039;est au tour de la Megane de d\u00e9voiler son nouveau mod\u00e8le.\" \/>\n<meta property=\"og:url\" content=\"https:\/\/www.autojm.fr\/blog\/renault-megane-restylee-une-version-hybride-en-plus\/\" \/>\n<meta property=\"og:site_name\" content=\"AutoJM Mag\" \/>\n<meta property=\"article:publisher\" content=\"https:\/\/www.facebook.com\/AutoJM25\" \/>\n<meta property=\"article:published_time\" content=\"2020-02-05T00:00:00+00:00\" \/>\n<meta property=\"article:modified_time\" content=\"2023-04-18T12:49:26+00:00\" \/>\n<meta property=\"og:image\" content=\"https:\/\/www.autojm.fr\/blog\/wp-content\/uploads\/2022\/10\/516-scaled.jpg\" \/>\n\t<meta property=\"og:image:width\" content=\"2560\" \/>\n\t<meta property=\"og:image:height\" content=\"1160\" \/>\n\t<meta property=\"og:image:type\" content=\"image\/jpeg\" \/>\n<meta name=\"author\" content=\"Autojm\" \/>\n<meta name=\"twitter:card\" content=\"summary_large_image\" \/>\n<meta name=\"twitter:label1\" content=\"\u00c9crit par\" \/>\n\t<meta name=\"twitter:data1\" content=\"Autojm\" \/>\n\t<meta name=\"twitter:label2\" content=\"Dur\u00e9e de lecture estim\u00e9e\" \/>\n\t<meta name=\"twitter:data2\" content=\"4 minutes\" \/>\n<script type=\"application\/ld+json\" class=\"yoast-schema-graph\">{\"@context\":\"https:\\\/\\\/schema.org\",\"@graph\":[{\"@type\":\"Article\",\"@id\":\"https:\\\/\\\/www.autojm.fr\\\/blog\\\/renault-megane-restylee-une-version-hybride-en-plus\\\/#article\",\"isPartOf\":{\"@id\":\"https:\\\/\\\/www.autojm.fr\\\/blog\\\/renault-megane-restylee-une-version-hybride-en-plus\\\/\"},\"author\":{\"name\":\"Autojm\",\"@id\":\"https:\\\/\\\/www.autojm.fr\\\/blog\\\/#\\\/schema\\\/person\\\/9742bc77541853e0de81fc57f947e1a0\"},\"headline\":\"Renault Megane restyl\u00e9e : une version hybride en plus !\",\"datePublished\":\"2020-02-05T00:00:00+00:00\",\"dateModified\":\"2023-04-18T12:49:26+00:00\",\"mainEntityOfPage\":{\"@id\":\"https:\\\/\\\/www.autojm.fr\\\/blog\\\/renault-megane-restylee-une-version-hybride-en-plus\\\/\"},\"wordCount\":648,\"commentCount\":0,\"publisher\":{\"@id\":\"https:\\\/\\\/www.autojm.fr\\\/blog\\\/#organization\"},\"image\":{\"@id\":\"https:\\\/\\\/www.autojm.fr\\\/blog\\\/renault-megane-restylee-une-version-hybride-en-plus\\\/#primaryimage\"},\"thumbnailUrl\":\"https:\\\/\\\/www.autojm.fr\\\/blog\\\/wp-content\\\/uploads\\\/2022\\\/10\\\/516-scaled.jpg\",\"keywords\":[\"autojm\",\"renault\",\"Renault Megane\"],\"articleSection\":[\"Nouveaut\u00e9 Renault\",\"Nouveaut\u00e9s Autos\"],\"inLanguage\":\"fr-FR\",\"potentialAction\":[{\"@type\":\"CommentAction\",\"name\":\"Comment\",\"target\":[\"https:\\\/\\\/www.autojm.fr\\\/blog\\\/renault-megane-restylee-une-version-hybride-en-plus\\\/#respond\"]}]},{\"@type\":\"WebPage\",\"@id\":\"https:\\\/\\\/www.autojm.fr\\\/blog\\\/renault-megane-restylee-une-version-hybride-en-plus\\\/\",\"url\":\"https:\\\/\\\/www.autojm.fr\\\/blog\\\/renault-megane-restylee-une-version-hybride-en-plus\\\/\",\"name\":\"Renault Megane restyl\u00e9e : une version hybride en plus ! - AutoJM Mag\",\"isPartOf\":{\"@id\":\"https:\\\/\\\/www.autojm.fr\\\/blog\\\/#website\"},\"primaryImageOfPage\":{\"@id\":\"https:\\\/\\\/www.autojm.fr\\\/blog\\\/renault-megane-restylee-une-version-hybride-en-plus\\\/#primaryimage\"},\"image\":{\"@id\":\"https:\\\/\\\/www.autojm.fr\\\/blog\\\/renault-megane-restylee-une-version-hybride-en-plus\\\/#primaryimage\"},\"thumbnailUrl\":\"https:\\\/\\\/www.autojm.fr\\\/blog\\\/wp-content\\\/uploads\\\/2022\\\/10\\\/516-scaled.jpg\",\"datePublished\":\"2020-02-05T00:00:00+00:00\",\"dateModified\":\"2023-04-18T12:49:26+00:00\",\"description\":\"Apr\u00e8s le restylage de la Renault Clio, et du SUV Renault Captur, c'est au tour de la Megane de d\u00e9voiler son nouveau mod\u00e8le.\",\"breadcrumb\":{\"@id\":\"https:\\\/\\\/www.autojm.fr\\\/blog\\\/renault-megane-restylee-une-version-hybride-en-plus\\\/#breadcrumb\"},\"inLanguage\":\"fr-FR\",\"potentialAction\":[{\"@type\":\"ReadAction\",\"target\":[\"https:\\\/\\\/www.autojm.fr\\\/blog\\\/renault-megane-restylee-une-version-hybride-en-plus\\\/\"]}]},{\"@type\":\"ImageObject\",\"inLanguage\":\"fr-FR\",\"@id\":\"https:\\\/\\\/www.autojm.fr\\\/blog\\\/renault-megane-restylee-une-version-hybride-en-plus\\\/#primaryimage\",\"url\":\"https:\\\/\\\/www.autojm.fr\\\/blog\\\/wp-content\\\/uploads\\\/2022\\\/10\\\/516-scaled.jpg\",\"contentUrl\":\"https:\\\/\\\/www.autojm.fr\\\/blog\\\/wp-content\\\/uploads\\\/2022\\\/10\\\/516-scaled.jpg\",\"width\":2560,\"height\":1160,\"caption\":\"Nouvelle Renault Megane\"},{\"@type\":\"BreadcrumbList\",\"@id\":\"https:\\\/\\\/www.autojm.fr\\\/blog\\\/renault-megane-restylee-une-version-hybride-en-plus\\\/#breadcrumb\",\"itemListElement\":[{\"@type\":\"ListItem\",\"position\":1,\"name\":\"Accueil\",\"item\":\"https:\\\/\\\/www.autojm.fr\\\/blog\\\/\"},{\"@type\":\"ListItem\",\"position\":2,\"name\":\"Nouveaut\u00e9s Autos\",\"item\":\"https:\\\/\\\/www.autojm.fr\\\/blog\\\/nouveautes-autos\\\/\"},{\"@type\":\"ListItem\",\"position\":3,\"name\":\"Renault Megane restyl\u00e9e : une version hybride en plus !\"}]},{\"@type\":\"WebSite\",\"@id\":\"https:\\\/\\\/www.autojm.fr\\\/blog\\\/#website\",\"url\":\"https:\\\/\\\/www.autojm.fr\\\/blog\\\/\",\"name\":\"AutoJM Mag\",\"description\":\"Toute l&#039;actu auto en 1 clic !\",\"publisher\":{\"@id\":\"https:\\\/\\\/www.autojm.fr\\\/blog\\\/#organization\"},\"potentialAction\":[{\"@type\":\"SearchAction\",\"target\":{\"@type\":\"EntryPoint\",\"urlTemplate\":\"https:\\\/\\\/www.autojm.fr\\\/blog\\\/?s={search_term_string}\"},\"query-input\":{\"@type\":\"PropertyValueSpecification\",\"valueRequired\":true,\"valueName\":\"search_term_string\"}}],\"inLanguage\":\"fr-FR\"},{\"@type\":\"Organization\",\"@id\":\"https:\\\/\\\/www.autojm.fr\\\/blog\\\/#organization\",\"name\":\"AutoJM Mag\",\"url\":\"https:\\\/\\\/www.autojm.fr\\\/blog\\\/\",\"logo\":{\"@type\":\"ImageObject\",\"inLanguage\":\"fr-FR\",\"@id\":\"https:\\\/\\\/www.autojm.fr\\\/blog\\\/#\\\/schema\\\/logo\\\/image\\\/\",\"url\":\"https:\\\/\\\/www.autojm.fr\\\/blog\\\/wp-content\\\/uploads\\\/2022\\\/12\\\/cropped-AutoJMag-png.png\",\"contentUrl\":\"https:\\\/\\\/www.autojm.fr\\\/blog\\\/wp-content\\\/uploads\\\/2022\\\/12\\\/cropped-AutoJMag-png.png\",\"width\":2834,\"height\":585,\"caption\":\"AutoJM Mag\"},\"image\":{\"@id\":\"https:\\\/\\\/www.autojm.fr\\\/blog\\\/#\\\/schema\\\/logo\\\/image\\\/\"},\"sameAs\":[\"https:\\\/\\\/www.facebook.com\\\/AutoJM25\"]},{\"@type\":\"Person\",\"@id\":\"https:\\\/\\\/www.autojm.fr\\\/blog\\\/#\\\/schema\\\/person\\\/9742bc77541853e0de81fc57f947e1a0\",\"name\":\"Autojm\",\"image\":{\"@type\":\"ImageObject\",\"inLanguage\":\"fr-FR\",\"@id\":\"https:\\\/\\\/secure.gravatar.com\\\/avatar\\\/9a959d52b758fcc232fe4b6aca7bab139182573297122cce7d6f2ee0e537b418?s=96&d=mm&r=g\",\"url\":\"https:\\\/\\\/secure.gravatar.com\\\/avatar\\\/9a959d52b758fcc232fe4b6aca7bab139182573297122cce7d6f2ee0e537b418?s=96&d=mm&r=g\",\"contentUrl\":\"https:\\\/\\\/secure.gravatar.com\\\/avatar\\\/9a959d52b758fcc232fe4b6aca7bab139182573297122cce7d6f2ee0e537b418?s=96&d=mm&r=g\",\"caption\":\"Autojm\"},\"sameAs\":[\"https:\\\/\\\/www.autojm.fr\\\/blog\"],\"url\":\"https:\\\/\\\/www.autojm.fr\\\/blog\\\/author\\\/bichoi\\\/\"}]}<\/script>\n<!-- \/ Yoast SEO plugin. -->","yoast_head_json":{"title":"Renault Megane restyl\u00e9e : une version hybride en plus ! - AutoJM Mag","description":"Apr\u00e8s le restylage de la Renault Clio, et du SUV Renault Captur, c'est au tour de la Megane de d\u00e9voiler son nouveau mod\u00e8le.","robots":{"index":"index","follow":"follow","max-snippet":"max-snippet:-1","max-image-preview":"max-image-preview:large","max-video-preview":"max-video-preview:-1"},"canonical":"https:\/\/www.autojm.fr\/blog\/renault-megane-restylee-une-version-hybride-en-plus\/","og_locale":"fr_FR","og_type":"article","og_title":"Renault Megane restyl\u00e9e : une version hybride en plus ! - AutoJM Mag","og_description":"Apr\u00e8s le restylage de la Renault Clio, et du SUV Renault Captur, c'est au tour de la Megane de d\u00e9voiler son nouveau mod\u00e8le.","og_url":"https:\/\/www.autojm.fr\/blog\/renault-megane-restylee-une-version-hybride-en-plus\/","og_site_name":"AutoJM Mag","article_publisher":"https:\/\/www.facebook.com\/AutoJM25","article_published_time":"2020-02-05T00:00:00+00:00","article_modified_time":"2023-04-18T12:49:26+00:00","og_image":[{"width":2560,"height":1160,"url":"https:\/\/www.autojm.fr\/blog\/wp-content\/uploads\/2022\/10\/516-scaled.jpg","type":"image\/jpeg"}],"author":"Autojm","twitter_card":"summary_large_image","twitter_misc":{"\u00c9crit par":"Autojm","Dur\u00e9e de lecture estim\u00e9e":"4 minutes"},"schema":{"@context":"https:\/\/schema.org","@graph":[{"@type":"Article","@id":"https:\/\/www.autojm.fr\/blog\/renault-megane-restylee-une-version-hybride-en-plus\/#article","isPartOf":{"@id":"https:\/\/www.autojm.fr\/blog\/renault-megane-restylee-une-version-hybride-en-plus\/"},"author":{"name":"Autojm","@id":"https:\/\/www.autojm.fr\/blog\/#\/schema\/person\/9742bc77541853e0de81fc57f947e1a0"},"headline":"Renault Megane restyl\u00e9e : une version hybride en plus !","datePublished":"2020-02-05T00:00:00+00:00","dateModified":"2023-04-18T12:49:26+00:00","mainEntityOfPage":{"@id":"https:\/\/www.autojm.fr\/blog\/renault-megane-restylee-une-version-hybride-en-plus\/"},"wordCount":648,"commentCount":0,"publisher":{"@id":"https:\/\/www.autojm.fr\/blog\/#organization"},"image":{"@id":"https:\/\/www.autojm.fr\/blog\/renault-megane-restylee-une-version-hybride-en-plus\/#primaryimage"},"thumbnailUrl":"https:\/\/www.autojm.fr\/blog\/wp-content\/uploads\/2022\/10\/516-scaled.jpg","keywords":["autojm","renault","Renault Megane"],"articleSection":["Nouveaut\u00e9 Renault","Nouveaut\u00e9s Autos"],"inLanguage":"fr-FR","potentialAction":[{"@type":"CommentAction","name":"Comment","target":["https:\/\/www.autojm.fr\/blog\/renault-megane-restylee-une-version-hybride-en-plus\/#respond"]}]},{"@type":"WebPage","@id":"https:\/\/www.autojm.fr\/blog\/renault-megane-restylee-une-version-hybride-en-plus\/","url":"https:\/\/www.autojm.fr\/blog\/renault-megane-restylee-une-version-hybride-en-plus\/","name":"Renault Megane restyl\u00e9e : une version hybride en plus ! - AutoJM Mag","isPartOf":{"@id":"https:\/\/www.autojm.fr\/blog\/#website"},"primaryImageOfPage":{"@id":"https:\/\/www.autojm.fr\/blog\/renault-megane-restylee-une-version-hybride-en-plus\/#primaryimage"},"image":{"@id":"https:\/\/www.autojm.fr\/blog\/renault-megane-restylee-une-version-hybride-en-plus\/#primaryimage"},"thumbnailUrl":"https:\/\/www.autojm.fr\/blog\/wp-content\/uploads\/2022\/10\/516-scaled.jpg","datePublished":"2020-02-05T00:00:00+00:00","dateModified":"2023-04-18T12:49:26+00:00","description":"Apr\u00e8s le restylage de la Renault Clio, et du SUV Renault Captur, c'est au tour de la Megane de d\u00e9voiler son nouveau mod\u00e8le.","breadcrumb":{"@id":"https:\/\/www.autojm.fr\/blog\/renault-megane-restylee-une-version-hybride-en-plus\/#breadcrumb"},"inLanguage":"fr-FR","potentialAction":[{"@type":"ReadAction","target":["https:\/\/www.autojm.fr\/blog\/renault-megane-restylee-une-version-hybride-en-plus\/"]}]},{"@type":"ImageObject","inLanguage":"fr-FR","@id":"https:\/\/www.autojm.fr\/blog\/renault-megane-restylee-une-version-hybride-en-plus\/#primaryimage","url":"https:\/\/www.autojm.fr\/blog\/wp-content\/uploads\/2022\/10\/516-scaled.jpg","contentUrl":"https:\/\/www.autojm.fr\/blog\/wp-content\/uploads\/2022\/10\/516-scaled.jpg","width":2560,"height":1160,"caption":"Nouvelle Renault Megane"},{"@type":"BreadcrumbList","@id":"https:\/\/www.autojm.fr\/blog\/renault-megane-restylee-une-version-hybride-en-plus\/#breadcrumb","itemListElement":[{"@type":"ListItem","position":1,"name":"Accueil","item":"https:\/\/www.autojm.fr\/blog\/"},{"@type":"ListItem","position":2,"name":"Nouveaut\u00e9s Autos","item":"https:\/\/www.autojm.fr\/blog\/nouveautes-autos\/"},{"@type":"ListItem","position":3,"name":"Renault Megane restyl\u00e9e : une version hybride en plus !"}]},{"@type":"WebSite","@id":"https:\/\/www.autojm.fr\/blog\/#website","url":"https:\/\/www.autojm.fr\/blog\/","name":"AutoJM Mag","description":"Toute l&#039;actu auto en 1 clic !","publisher":{"@id":"https:\/\/www.autojm.fr\/blog\/#organization"},"potentialAction":[{"@type":"SearchAction","target":{"@type":"EntryPoint","urlTemplate":"https:\/\/www.autojm.fr\/blog\/?s={search_term_string}"},"query-input":{"@type":"PropertyValueSpecification","valueRequired":true,"valueName":"search_term_string"}}],"inLanguage":"fr-FR"},{"@type":"Organization","@id":"https:\/\/www.autojm.fr\/blog\/#organization","name":"AutoJM Mag","url":"https:\/\/www.autojm.fr\/blog\/","logo":{"@type":"ImageObject","inLanguage":"fr-FR","@id":"https:\/\/www.autojm.fr\/blog\/#\/schema\/logo\/image\/","url":"https:\/\/www.autojm.fr\/blog\/wp-content\/uploads\/2022\/12\/cropped-AutoJMag-png.png","contentUrl":"https:\/\/www.autojm.fr\/blog\/wp-content\/uploads\/2022\/12\/cropped-AutoJMag-png.png","width":2834,"height":585,"caption":"AutoJM Mag"},"image":{"@id":"https:\/\/www.autojm.fr\/blog\/#\/schema\/logo\/image\/"},"sameAs":["https:\/\/www.facebook.com\/AutoJM25"]},{"@type":"Person","@id":"https:\/\/www.autojm.fr\/blog\/#\/schema\/person\/9742bc77541853e0de81fc57f947e1a0","name":"Autojm","image":{"@type":"ImageObject","inLanguage":"fr-FR","@id":"https:\/\/secure.gravatar.com\/avatar\/9a959d52b758fcc232fe4b6aca7bab139182573297122cce7d6f2ee0e537b418?s=96&d=mm&r=g","url":"https:\/\/secure.gravatar.com\/avatar\/9a959d52b758fcc232fe4b6aca7bab139182573297122cce7d6f2ee0e537b418?s=96&d=mm&r=g","contentUrl":"https:\/\/secure.gravatar.com\/avatar\/9a959d52b758fcc232fe4b6aca7bab139182573297122cce7d6f2ee0e537b418?s=96&d=mm&r=g","caption":"Autojm"},"sameAs":["https:\/\/www.autojm.fr\/blog"],"url":"https:\/\/www.autojm.fr\/blog\/author\/bichoi\/"}]}},"_links":{"self":[{"href":"https:\/\/www.autojm.fr\/blog\/wp-json\/wp\/v2\/posts\/3791","targetHints":{"allow":["GET"]}}],"collection":[{"href":"https:\/\/www.autojm.fr\/blog\/wp-json\/wp\/v2\/posts"}],"about":[{"href":"https:\/\/www.autojm.fr\/blog\/wp-json\/wp\/v2\/types\/post"}],"author":[{"embeddable":true,"href":"https:\/\/www.autojm.fr\/blog\/wp-json\/wp\/v2\/users\/1"}],"replies":[{"embeddable":true,"href":"https:\/\/www.autojm.fr\/blog\/wp-json\/wp\/v2\/comments?post=3791"}],"version-history":[{"count":6,"href":"https:\/\/www.autojm.fr\/blog\/wp-json\/wp\/v2\/posts\/3791\/revisions"}],"predecessor-version":[{"id":9291,"href":"https:\/\/www.autojm.fr\/blog\/wp-json\/wp\/v2\/posts\/3791\/revisions\/9291"}],"wp:featuredmedia":[{"embeddable":true,"href":"https:\/\/www.autojm.fr\/blog\/wp-json\/wp\/v2\/media\/5851"}],"wp:attachment":[{"href":"https:\/\/www.autojm.fr\/blog\/wp-json\/wp\/v2\/media?parent=3791"}],"wp:term":[{"taxonomy":"category","embeddable":true,"href":"https:\/\/www.autojm.fr\/blog\/wp-json\/wp\/v2\/categories?post=3791"},{"taxonomy":"post_tag","embeddable":true,"href":"https:\/\/www.autojm.fr\/blog\/wp-json\/wp\/v2\/tags?post=3791"}],"curies":[{"name":"wp","href":"https:\/\/api.w.org\/{rel}","templated":true}]}}