{"id":3787,"date":"2020-01-23T00:00:00","date_gmt":"2020-01-23T00:00:00","guid":{"rendered":"https:\/\/www.autojm.fr\/blog\/norme-wltp-les-modeles-peugeot-et-citroen\/"},"modified":"2023-04-19T07:05:53","modified_gmt":"2023-04-19T07:05:53","slug":"norme-wltp-les-modeles-peugeot-et-citroen","status":"publish","type":"post","link":"https:\/\/www.autojm.fr\/blog\/norme-wltp-les-modeles-peugeot-et-citroen\/","title":{"rendered":"Norme WLTP : les mod\u00e8les Peugeot et Citro\u00ebn"},"content":{"rendered":"<p dir=\"ltr\" style=\"line-height: 1.38; margin-top: 12pt; margin-bottom: 12pt;\">\n<p dir=\"ltr\" style=\"line-height: 1.38; margin-top: 12pt; margin-bottom: 12pt;\">La norme WLTP, ce nouveau processus d&rsquo;homologation qui change la prise en compte des \u00e9missions polluantes des v\u00e9hicules, entrera en vigueur au courant de l&rsquo;ann\u00e9e 2020. Annonc\u00e9e pour le 1er mars, elle pourrait possiblement \u00eatre report\u00e9e au mois de juillet. Avec l&rsquo;arriv\u00e9e officielle de ce processus, et la mise \u00e0 jour des consommations faites par tous les mod\u00e8les automobiles, le <strong>bar\u00e8me du malus \u00e9cologique sera boulevers\u00e9<\/strong> : les v\u00e9hicules \u00e0 138 gr de CO2 par kilom\u00e8tre ou plus seront concern\u00e9s, et le plafond du malus sera \u00e0 12 500\u20ac, et atteindra m\u00eame 20 000\u20ac en super malus pour les v\u00e9hicules les plus polluants. R\u00e9capitulatif des malus \u00e9co &#8211; donn\u00e9s par le site l&rsquo;Argus &#8211; pour chaque v\u00e9hicule des marques <a href=\"https:\/\/www.autojm.fr\/mandataire-voitures-neuves-peugeot?part=blog&amp;utm_source=articleblog230120&amp;utm_medium=blog\">Peugeot<\/a> et <a href=\"https:\/\/www.autojm.fr\/mandataire-voitures-neuves-citroen?part=blog&amp;utm_source=articleblog230120&amp;utm_medium=blog\">Citro\u00ebn<\/a>.<\/p>\n<p dir=\"ltr\" style=\"line-height: 1.38; margin-top: 12pt; margin-bottom: 12pt;\">\n<h2 dir=\"ltr\" style=\"line-height: 1.38; margin-top: 12pt; margin-bottom: 12pt;\">Peugeot<\/h2>\n<h3>Peugeot 308<\/h3>\n<p>Ici, on constate que c&rsquo;est la version <strong>Diesel 180 en bo\u00eete auto EAT8<\/strong> qui est surtout touch\u00e9e par la norme WLTP.<\/p>\n<h3>Peugeot 508<\/h3>\n<p>Des augmentations plus ou moins cons\u00e9quentes pour la berline de Peugeot. C&rsquo;est le moteur <strong>Puretech 225 avec bo\u00eete auto EAT8<\/strong> qui subit l&rsquo;augmentation la plus significative.<\/p>\n<h3>Peugeot 2008<\/h3>\n<p>Le \u00ab\u00a0petit\u00a0\u00bb SUV de Peugeot sera <strong>peu impact\u00e9<\/strong> par la norme WLTP.<\/p>\n<h3>Peugeot 3008<\/h3>\n<p>Sans surprise, <strong>les mod\u00e8les les plus puissants sont ceux qui seront le plus impact\u00e9s<\/strong>. Le malus pour un crossover <strong>3008 BlueHDI 180 EAT8 est multipli\u00e9 par 3 ou 4<\/strong> suite \u00e0 la norme WLTP.<\/p>\n<h3>Peugeot 5008<\/h3>\n<p>Un SUV familiale qui peut se d\u00e9cliner en 7 places. Le saviez-vous ? <strong>Les familles avec 3 enfants ou plus qui ach\u00e8tent un v\u00e9hicule d&rsquo;au moins 5 places peuvent b\u00e9n\u00e9ficier d&rsquo;une \u00ab\u00a0r\u00e9duction d&rsquo;\u00e9missions de CO2\u00a0\u00bb : \u00e0 partir du 3\u00e8me enfant, c&rsquo;est 20g de CO2 en moins par enfant<\/strong>. Cela peut donc faire dispara\u00eetre le malus !<\/p>\n<h3>Peugeot Rifter<\/h3>\n<p>Ce ludospace est, comme les SUV, souvent pris\u00e9 par les familles. Le <strong>moteur PureTech 130<\/strong> est le moteur le plus maluss\u00e9, avec un montant en WLTP qui atteint <strong>1629\u20ac<\/strong>.<\/p>\n<h2 dir=\"ltr\" style=\"margin-left: 0pt;\" align=\"left\">Citro\u00ebn<\/h2>\n<h3>Citro\u00ebn C3<\/h3>\n<p>Pour la version <strong>Puretech 110 EAT6<\/strong>, la norme WLTP entra\u00eenera un malus compris entre <strong>0 et 75 \u20ac<\/strong>.<\/p>\n<h3>Citro\u00ebn C4 Cactus<\/h3>\n<p>Pour la version<strong> Puretech 130 EAT6<\/strong>, la norme WLTP entra\u00eenera un malus compris entre<strong> 50 et 75 \u20ac<\/strong>.<\/p>\n<div dir=\"ltr\" style=\"margin-left: 0pt;\" align=\"left\">\n<h3>Citro\u00ebn C4 Spacetourer<\/h3>\n<p>Pour la version <strong>Puretech 130 EAT8<\/strong>, la norme WLTP entra\u00eenera un malus compris entre <strong>260 et 310 \u20ac<\/strong>.<\/p>\n<h3>Citro\u00ebn C3 Aircross<\/h3>\n<p><strong>Peu de malus<\/strong> pour le C3 Aircross, des montants qui ne devraient pas dissuader les automobilistes \u00e0 la recherche d&rsquo;un <strong>SUV spacieux \u00e0 taille humaine<\/strong>.<\/p>\n<h3>Citro\u00ebn C5 Aircross<\/h3>\n<p>Comme pour tous les mod\u00e8les, <strong>qui dit puissance, dit malus<\/strong>\u2026 Et ce dernier sera situ\u00e9 <strong>entre 1000 et 2000\u20ac pour un moteur 180 chevaux<\/strong>.<\/p>\n<h3>Citro\u00ebn Grand C4 Spacetourer<\/h3>\n<p>Pour ce <strong>monospace<\/strong>, c&rsquo;est la version <strong>diesel 160 chevaux en bo\u00eete auto<\/strong> qui est la plus impact\u00e9e par la norme WLTP.<\/p>\n<h3>Citro\u00ebn Berlingo<\/h3>\n<p><strong>5\u00e8me v\u00e9hicule le plus vendu d&rsquo;AutoJM en 2019<\/strong>, le Berlingo continue de s\u00e9duire les amateurs d&rsquo;espace et confort. Ici, ce sont les versions essence qui seront le plus maluss\u00e9es.<\/p>\n<h3>Citro\u00ebn Spacetourer<\/h3>\n<p>Mieux vaut acheter son Spacetourer avant le mois de mars. Les <strong>malus<\/strong> s&rsquo;envolent et sont parfois <strong>multipli\u00e9s par 5<\/strong> !<\/p>\n<p>Pas de r\u00e9v\u00e9lations du c\u00f4t\u00e9 de Renault, les tarifs en WLTP ne sont pas encore connus.<\/p>\n<p>Avec cette nouvelle norme, les constructeurs auto ont tout int\u00e9r\u00eat \u00e0 revoir leurs technologies en mati\u00e8re de motorisation afin d&rsquo;\u00e9pargner les automobilistes et de ne pas en p\u00e2tir sur leurs ventes.<\/p>\n<p style=\"margin-top: 1.75em; margin-bottom: 1.75em; font-size: 0.813em; line-height: 1.5em; color: #666666; font-family: Arial, Helvetica, sans-serif;\">\n<\/div>\n","protected":false},"excerpt":{"rendered":"<p>La norme WLTP, ce nouveau processus d&rsquo;homologation qui change la prise en compte des \u00e9missions polluantes des v\u00e9hicules, entrera en vigueur au courant de l&rsquo;ann\u00e9e 2020. Annonc\u00e9e pour le 1er mars, elle pourrait possiblement \u00eatre report\u00e9e au mois de juillet.<\/p>\n","protected":false},"author":1,"featured_media":5847,"comment_status":"open","ping_status":"open","sticky":false,"template":"","format":"standard","meta":{"_acf_changed":false,"content-type":"","footnotes":""},"categories":[22],"tags":[90,85,73],"class_list":["post-3787","post","type-post","status-publish","format-standard","has-post-thumbnail","hentry","category-conseils-astuces","tag-autojm","tag-citroen-2","tag-peugeot"],"acf":[],"yoast_head":"<!-- This site is optimized with the Yoast SEO plugin v27.5 - https:\/\/yoast.com\/product\/yoast-seo-wordpress\/ -->\n<title>Norme WLTP : les mod\u00e8les Peugeot et Citro\u00ebn - AutoJM Mag<\/title>\n<meta name=\"description\" content=\"La norme WLTP, ce nouveau processus d&#039;homologation qui change la prise en compte des \u00e9missions polluantes des v\u00e9hicules, entrera en...\" \/>\n<meta name=\"robots\" content=\"index, follow, max-snippet:-1, max-image-preview:large, max-video-preview:-1\" \/>\n<link rel=\"canonical\" href=\"https:\/\/www.autojm.fr\/blog\/norme-wltp-les-modeles-peugeot-et-citroen\/\" \/>\n<meta property=\"og:locale\" content=\"fr_FR\" \/>\n<meta property=\"og:type\" content=\"article\" \/>\n<meta property=\"og:title\" content=\"Norme WLTP : les mod\u00e8les Peugeot et Citro\u00ebn - AutoJM Mag\" \/>\n<meta property=\"og:description\" content=\"La norme WLTP, ce nouveau processus d&#039;homologation qui change la prise en compte des \u00e9missions polluantes des v\u00e9hicules, entrera en...\" \/>\n<meta property=\"og:url\" content=\"https:\/\/www.autojm.fr\/blog\/norme-wltp-les-modeles-peugeot-et-citroen\/\" \/>\n<meta property=\"og:site_name\" content=\"AutoJM Mag\" \/>\n<meta property=\"article:publisher\" content=\"https:\/\/www.facebook.com\/AutoJM25\" \/>\n<meta property=\"article:published_time\" content=\"2020-01-23T00:00:00+00:00\" \/>\n<meta property=\"article:modified_time\" content=\"2023-04-19T07:05:53+00:00\" \/>\n<meta property=\"og:image\" content=\"https:\/\/www.autojm.fr\/blog\/wp-content\/uploads\/2022\/10\/512.jpg\" \/>\n\t<meta property=\"og:image:width\" content=\"750\" \/>\n\t<meta property=\"og:image:height\" content=\"340\" \/>\n\t<meta property=\"og:image:type\" content=\"image\/jpeg\" \/>\n<meta name=\"author\" content=\"Autojm\" \/>\n<meta name=\"twitter:card\" content=\"summary_large_image\" \/>\n<meta name=\"twitter:label1\" content=\"\u00c9crit par\" \/>\n\t<meta name=\"twitter:data1\" content=\"Autojm\" \/>\n\t<meta name=\"twitter:label2\" content=\"Dur\u00e9e de lecture estim\u00e9e\" \/>\n\t<meta name=\"twitter:data2\" content=\"3 minutes\" \/>\n<script type=\"application\/ld+json\" class=\"yoast-schema-graph\">{\"@context\":\"https:\\\/\\\/schema.org\",\"@graph\":[{\"@type\":\"Article\",\"@id\":\"https:\\\/\\\/www.autojm.fr\\\/blog\\\/norme-wltp-les-modeles-peugeot-et-citroen\\\/#article\",\"isPartOf\":{\"@id\":\"https:\\\/\\\/www.autojm.fr\\\/blog\\\/norme-wltp-les-modeles-peugeot-et-citroen\\\/\"},\"author\":{\"name\":\"Autojm\",\"@id\":\"https:\\\/\\\/www.autojm.fr\\\/blog\\\/#\\\/schema\\\/person\\\/9742bc77541853e0de81fc57f947e1a0\"},\"headline\":\"Norme WLTP : les mod\u00e8les Peugeot et Citro\u00ebn\",\"datePublished\":\"2020-01-23T00:00:00+00:00\",\"dateModified\":\"2023-04-19T07:05:53+00:00\",\"mainEntityOfPage\":{\"@id\":\"https:\\\/\\\/www.autojm.fr\\\/blog\\\/norme-wltp-les-modeles-peugeot-et-citroen\\\/\"},\"wordCount\":570,\"commentCount\":0,\"publisher\":{\"@id\":\"https:\\\/\\\/www.autojm.fr\\\/blog\\\/#organization\"},\"image\":{\"@id\":\"https:\\\/\\\/www.autojm.fr\\\/blog\\\/norme-wltp-les-modeles-peugeot-et-citroen\\\/#primaryimage\"},\"thumbnailUrl\":\"https:\\\/\\\/www.autojm.fr\\\/blog\\\/wp-content\\\/uploads\\\/2022\\\/10\\\/512.jpg\",\"keywords\":[\"autojm\",\"Citro\u00ebn\",\"peugeot\"],\"articleSection\":[\"Conseils &amp; Astuces\"],\"inLanguage\":\"fr-FR\",\"potentialAction\":[{\"@type\":\"CommentAction\",\"name\":\"Comment\",\"target\":[\"https:\\\/\\\/www.autojm.fr\\\/blog\\\/norme-wltp-les-modeles-peugeot-et-citroen\\\/#respond\"]}]},{\"@type\":\"WebPage\",\"@id\":\"https:\\\/\\\/www.autojm.fr\\\/blog\\\/norme-wltp-les-modeles-peugeot-et-citroen\\\/\",\"url\":\"https:\\\/\\\/www.autojm.fr\\\/blog\\\/norme-wltp-les-modeles-peugeot-et-citroen\\\/\",\"name\":\"Norme WLTP : les mod\u00e8les Peugeot et Citro\u00ebn - AutoJM Mag\",\"isPartOf\":{\"@id\":\"https:\\\/\\\/www.autojm.fr\\\/blog\\\/#website\"},\"primaryImageOfPage\":{\"@id\":\"https:\\\/\\\/www.autojm.fr\\\/blog\\\/norme-wltp-les-modeles-peugeot-et-citroen\\\/#primaryimage\"},\"image\":{\"@id\":\"https:\\\/\\\/www.autojm.fr\\\/blog\\\/norme-wltp-les-modeles-peugeot-et-citroen\\\/#primaryimage\"},\"thumbnailUrl\":\"https:\\\/\\\/www.autojm.fr\\\/blog\\\/wp-content\\\/uploads\\\/2022\\\/10\\\/512.jpg\",\"datePublished\":\"2020-01-23T00:00:00+00:00\",\"dateModified\":\"2023-04-19T07:05:53+00:00\",\"description\":\"La norme WLTP, ce nouveau processus d'homologation qui change la prise en compte des \u00e9missions polluantes des v\u00e9hicules, entrera en...\",\"breadcrumb\":{\"@id\":\"https:\\\/\\\/www.autojm.fr\\\/blog\\\/norme-wltp-les-modeles-peugeot-et-citroen\\\/#breadcrumb\"},\"inLanguage\":\"fr-FR\",\"potentialAction\":[{\"@type\":\"ReadAction\",\"target\":[\"https:\\\/\\\/www.autojm.fr\\\/blog\\\/norme-wltp-les-modeles-peugeot-et-citroen\\\/\"]}]},{\"@type\":\"ImageObject\",\"inLanguage\":\"fr-FR\",\"@id\":\"https:\\\/\\\/www.autojm.fr\\\/blog\\\/norme-wltp-les-modeles-peugeot-et-citroen\\\/#primaryimage\",\"url\":\"https:\\\/\\\/www.autojm.fr\\\/blog\\\/wp-content\\\/uploads\\\/2022\\\/10\\\/512.jpg\",\"contentUrl\":\"https:\\\/\\\/www.autojm.fr\\\/blog\\\/wp-content\\\/uploads\\\/2022\\\/10\\\/512.jpg\",\"width\":750,\"height\":340,\"caption\":\"Norme WLTP\"},{\"@type\":\"BreadcrumbList\",\"@id\":\"https:\\\/\\\/www.autojm.fr\\\/blog\\\/norme-wltp-les-modeles-peugeot-et-citroen\\\/#breadcrumb\",\"itemListElement\":[{\"@type\":\"ListItem\",\"position\":1,\"name\":\"Accueil\",\"item\":\"https:\\\/\\\/www.autojm.fr\\\/blog\\\/\"},{\"@type\":\"ListItem\",\"position\":2,\"name\":\"Conseils &amp; Astuces\",\"item\":\"https:\\\/\\\/www.autojm.fr\\\/blog\\\/conseils-astuces\\\/\"},{\"@type\":\"ListItem\",\"position\":3,\"name\":\"Norme WLTP : les mod\u00e8les Peugeot et Citro\u00ebn\"}]},{\"@type\":\"WebSite\",\"@id\":\"https:\\\/\\\/www.autojm.fr\\\/blog\\\/#website\",\"url\":\"https:\\\/\\\/www.autojm.fr\\\/blog\\\/\",\"name\":\"AutoJM Mag\",\"description\":\"Toute l&#039;actu auto en 1 clic !\",\"publisher\":{\"@id\":\"https:\\\/\\\/www.autojm.fr\\\/blog\\\/#organization\"},\"potentialAction\":[{\"@type\":\"SearchAction\",\"target\":{\"@type\":\"EntryPoint\",\"urlTemplate\":\"https:\\\/\\\/www.autojm.fr\\\/blog\\\/?s={search_term_string}\"},\"query-input\":{\"@type\":\"PropertyValueSpecification\",\"valueRequired\":true,\"valueName\":\"search_term_string\"}}],\"inLanguage\":\"fr-FR\"},{\"@type\":\"Organization\",\"@id\":\"https:\\\/\\\/www.autojm.fr\\\/blog\\\/#organization\",\"name\":\"AutoJM Mag\",\"url\":\"https:\\\/\\\/www.autojm.fr\\\/blog\\\/\",\"logo\":{\"@type\":\"ImageObject\",\"inLanguage\":\"fr-FR\",\"@id\":\"https:\\\/\\\/www.autojm.fr\\\/blog\\\/#\\\/schema\\\/logo\\\/image\\\/\",\"url\":\"https:\\\/\\\/www.autojm.fr\\\/blog\\\/wp-content\\\/uploads\\\/2022\\\/12\\\/cropped-AutoJMag-png.png\",\"contentUrl\":\"https:\\\/\\\/www.autojm.fr\\\/blog\\\/wp-content\\\/uploads\\\/2022\\\/12\\\/cropped-AutoJMag-png.png\",\"width\":2834,\"height\":585,\"caption\":\"AutoJM Mag\"},\"image\":{\"@id\":\"https:\\\/\\\/www.autojm.fr\\\/blog\\\/#\\\/schema\\\/logo\\\/image\\\/\"},\"sameAs\":[\"https:\\\/\\\/www.facebook.com\\\/AutoJM25\"]},{\"@type\":\"Person\",\"@id\":\"https:\\\/\\\/www.autojm.fr\\\/blog\\\/#\\\/schema\\\/person\\\/9742bc77541853e0de81fc57f947e1a0\",\"name\":\"Autojm\",\"image\":{\"@type\":\"ImageObject\",\"inLanguage\":\"fr-FR\",\"@id\":\"https:\\\/\\\/secure.gravatar.com\\\/avatar\\\/9a959d52b758fcc232fe4b6aca7bab139182573297122cce7d6f2ee0e537b418?s=96&d=mm&r=g\",\"url\":\"https:\\\/\\\/secure.gravatar.com\\\/avatar\\\/9a959d52b758fcc232fe4b6aca7bab139182573297122cce7d6f2ee0e537b418?s=96&d=mm&r=g\",\"contentUrl\":\"https:\\\/\\\/secure.gravatar.com\\\/avatar\\\/9a959d52b758fcc232fe4b6aca7bab139182573297122cce7d6f2ee0e537b418?s=96&d=mm&r=g\",\"caption\":\"Autojm\"},\"sameAs\":[\"https:\\\/\\\/www.autojm.fr\\\/blog\"],\"url\":\"https:\\\/\\\/www.autojm.fr\\\/blog\\\/author\\\/bichoi\\\/\"}]}<\/script>\n<!-- \/ Yoast SEO plugin. -->","yoast_head_json":{"title":"Norme WLTP : les mod\u00e8les Peugeot et Citro\u00ebn - AutoJM Mag","description":"La norme WLTP, ce nouveau processus d'homologation qui change la prise en compte des \u00e9missions polluantes des v\u00e9hicules, entrera en...","robots":{"index":"index","follow":"follow","max-snippet":"max-snippet:-1","max-image-preview":"max-image-preview:large","max-video-preview":"max-video-preview:-1"},"canonical":"https:\/\/www.autojm.fr\/blog\/norme-wltp-les-modeles-peugeot-et-citroen\/","og_locale":"fr_FR","og_type":"article","og_title":"Norme WLTP : les mod\u00e8les Peugeot et Citro\u00ebn - AutoJM Mag","og_description":"La norme WLTP, ce nouveau processus d'homologation qui change la prise en compte des \u00e9missions polluantes des v\u00e9hicules, entrera en...","og_url":"https:\/\/www.autojm.fr\/blog\/norme-wltp-les-modeles-peugeot-et-citroen\/","og_site_name":"AutoJM Mag","article_publisher":"https:\/\/www.facebook.com\/AutoJM25","article_published_time":"2020-01-23T00:00:00+00:00","article_modified_time":"2023-04-19T07:05:53+00:00","og_image":[{"width":750,"height":340,"url":"https:\/\/www.autojm.fr\/blog\/wp-content\/uploads\/2022\/10\/512.jpg","type":"image\/jpeg"}],"author":"Autojm","twitter_card":"summary_large_image","twitter_misc":{"\u00c9crit par":"Autojm","Dur\u00e9e de lecture estim\u00e9e":"3 minutes"},"schema":{"@context":"https:\/\/schema.org","@graph":[{"@type":"Article","@id":"https:\/\/www.autojm.fr\/blog\/norme-wltp-les-modeles-peugeot-et-citroen\/#article","isPartOf":{"@id":"https:\/\/www.autojm.fr\/blog\/norme-wltp-les-modeles-peugeot-et-citroen\/"},"author":{"name":"Autojm","@id":"https:\/\/www.autojm.fr\/blog\/#\/schema\/person\/9742bc77541853e0de81fc57f947e1a0"},"headline":"Norme WLTP : les mod\u00e8les Peugeot et Citro\u00ebn","datePublished":"2020-01-23T00:00:00+00:00","dateModified":"2023-04-19T07:05:53+00:00","mainEntityOfPage":{"@id":"https:\/\/www.autojm.fr\/blog\/norme-wltp-les-modeles-peugeot-et-citroen\/"},"wordCount":570,"commentCount":0,"publisher":{"@id":"https:\/\/www.autojm.fr\/blog\/#organization"},"image":{"@id":"https:\/\/www.autojm.fr\/blog\/norme-wltp-les-modeles-peugeot-et-citroen\/#primaryimage"},"thumbnailUrl":"https:\/\/www.autojm.fr\/blog\/wp-content\/uploads\/2022\/10\/512.jpg","keywords":["autojm","Citro\u00ebn","peugeot"],"articleSection":["Conseils &amp; Astuces"],"inLanguage":"fr-FR","potentialAction":[{"@type":"CommentAction","name":"Comment","target":["https:\/\/www.autojm.fr\/blog\/norme-wltp-les-modeles-peugeot-et-citroen\/#respond"]}]},{"@type":"WebPage","@id":"https:\/\/www.autojm.fr\/blog\/norme-wltp-les-modeles-peugeot-et-citroen\/","url":"https:\/\/www.autojm.fr\/blog\/norme-wltp-les-modeles-peugeot-et-citroen\/","name":"Norme WLTP : les mod\u00e8les Peugeot et Citro\u00ebn - AutoJM Mag","isPartOf":{"@id":"https:\/\/www.autojm.fr\/blog\/#website"},"primaryImageOfPage":{"@id":"https:\/\/www.autojm.fr\/blog\/norme-wltp-les-modeles-peugeot-et-citroen\/#primaryimage"},"image":{"@id":"https:\/\/www.autojm.fr\/blog\/norme-wltp-les-modeles-peugeot-et-citroen\/#primaryimage"},"thumbnailUrl":"https:\/\/www.autojm.fr\/blog\/wp-content\/uploads\/2022\/10\/512.jpg","datePublished":"2020-01-23T00:00:00+00:00","dateModified":"2023-04-19T07:05:53+00:00","description":"La norme WLTP, ce nouveau processus d'homologation qui change la prise en compte des \u00e9missions polluantes des v\u00e9hicules, entrera en...","breadcrumb":{"@id":"https:\/\/www.autojm.fr\/blog\/norme-wltp-les-modeles-peugeot-et-citroen\/#breadcrumb"},"inLanguage":"fr-FR","potentialAction":[{"@type":"ReadAction","target":["https:\/\/www.autojm.fr\/blog\/norme-wltp-les-modeles-peugeot-et-citroen\/"]}]},{"@type":"ImageObject","inLanguage":"fr-FR","@id":"https:\/\/www.autojm.fr\/blog\/norme-wltp-les-modeles-peugeot-et-citroen\/#primaryimage","url":"https:\/\/www.autojm.fr\/blog\/wp-content\/uploads\/2022\/10\/512.jpg","contentUrl":"https:\/\/www.autojm.fr\/blog\/wp-content\/uploads\/2022\/10\/512.jpg","width":750,"height":340,"caption":"Norme WLTP"},{"@type":"BreadcrumbList","@id":"https:\/\/www.autojm.fr\/blog\/norme-wltp-les-modeles-peugeot-et-citroen\/#breadcrumb","itemListElement":[{"@type":"ListItem","position":1,"name":"Accueil","item":"https:\/\/www.autojm.fr\/blog\/"},{"@type":"ListItem","position":2,"name":"Conseils &amp; Astuces","item":"https:\/\/www.autojm.fr\/blog\/conseils-astuces\/"},{"@type":"ListItem","position":3,"name":"Norme WLTP : les mod\u00e8les Peugeot et Citro\u00ebn"}]},{"@type":"WebSite","@id":"https:\/\/www.autojm.fr\/blog\/#website","url":"https:\/\/www.autojm.fr\/blog\/","name":"AutoJM Mag","description":"Toute l&#039;actu auto en 1 clic !","publisher":{"@id":"https:\/\/www.autojm.fr\/blog\/#organization"},"potentialAction":[{"@type":"SearchAction","target":{"@type":"EntryPoint","urlTemplate":"https:\/\/www.autojm.fr\/blog\/?s={search_term_string}"},"query-input":{"@type":"PropertyValueSpecification","valueRequired":true,"valueName":"search_term_string"}}],"inLanguage":"fr-FR"},{"@type":"Organization","@id":"https:\/\/www.autojm.fr\/blog\/#organization","name":"AutoJM Mag","url":"https:\/\/www.autojm.fr\/blog\/","logo":{"@type":"ImageObject","inLanguage":"fr-FR","@id":"https:\/\/www.autojm.fr\/blog\/#\/schema\/logo\/image\/","url":"https:\/\/www.autojm.fr\/blog\/wp-content\/uploads\/2022\/12\/cropped-AutoJMag-png.png","contentUrl":"https:\/\/www.autojm.fr\/blog\/wp-content\/uploads\/2022\/12\/cropped-AutoJMag-png.png","width":2834,"height":585,"caption":"AutoJM Mag"},"image":{"@id":"https:\/\/www.autojm.fr\/blog\/#\/schema\/logo\/image\/"},"sameAs":["https:\/\/www.facebook.com\/AutoJM25"]},{"@type":"Person","@id":"https:\/\/www.autojm.fr\/blog\/#\/schema\/person\/9742bc77541853e0de81fc57f947e1a0","name":"Autojm","image":{"@type":"ImageObject","inLanguage":"fr-FR","@id":"https:\/\/secure.gravatar.com\/avatar\/9a959d52b758fcc232fe4b6aca7bab139182573297122cce7d6f2ee0e537b418?s=96&d=mm&r=g","url":"https:\/\/secure.gravatar.com\/avatar\/9a959d52b758fcc232fe4b6aca7bab139182573297122cce7d6f2ee0e537b418?s=96&d=mm&r=g","contentUrl":"https:\/\/secure.gravatar.com\/avatar\/9a959d52b758fcc232fe4b6aca7bab139182573297122cce7d6f2ee0e537b418?s=96&d=mm&r=g","caption":"Autojm"},"sameAs":["https:\/\/www.autojm.fr\/blog"],"url":"https:\/\/www.autojm.fr\/blog\/author\/bichoi\/"}]}},"_links":{"self":[{"href":"https:\/\/www.autojm.fr\/blog\/wp-json\/wp\/v2\/posts\/3787","targetHints":{"allow":["GET"]}}],"collection":[{"href":"https:\/\/www.autojm.fr\/blog\/wp-json\/wp\/v2\/posts"}],"about":[{"href":"https:\/\/www.autojm.fr\/blog\/wp-json\/wp\/v2\/types\/post"}],"author":[{"embeddable":true,"href":"https:\/\/www.autojm.fr\/blog\/wp-json\/wp\/v2\/users\/1"}],"replies":[{"embeddable":true,"href":"https:\/\/www.autojm.fr\/blog\/wp-json\/wp\/v2\/comments?post=3787"}],"version-history":[{"count":6,"href":"https:\/\/www.autojm.fr\/blog\/wp-json\/wp\/v2\/posts\/3787\/revisions"}],"predecessor-version":[{"id":9440,"href":"https:\/\/www.autojm.fr\/blog\/wp-json\/wp\/v2\/posts\/3787\/revisions\/9440"}],"wp:featuredmedia":[{"embeddable":true,"href":"https:\/\/www.autojm.fr\/blog\/wp-json\/wp\/v2\/media\/5847"}],"wp:attachment":[{"href":"https:\/\/www.autojm.fr\/blog\/wp-json\/wp\/v2\/media?parent=3787"}],"wp:term":[{"taxonomy":"category","embeddable":true,"href":"https:\/\/www.autojm.fr\/blog\/wp-json\/wp\/v2\/categories?post=3787"},{"taxonomy":"post_tag","embeddable":true,"href":"https:\/\/www.autojm.fr\/blog\/wp-json\/wp\/v2\/tags?post=3787"}],"curies":[{"name":"wp","href":"https:\/\/api.w.org\/{rel}","templated":true}]}}