{"id":3783,"date":"2020-01-13T00:00:00","date_gmt":"2020-01-13T00:00:00","guid":{"rendered":"https:\/\/www.autojm.fr\/blog\/lannee-2019-chez-autojm-en-chiffres\/"},"modified":"2023-04-19T12:13:10","modified_gmt":"2023-04-19T12:13:10","slug":"lannee-2019-chez-autojm-en-chiffres","status":"publish","type":"post","link":"https:\/\/www.autojm.fr\/blog\/lannee-2019-chez-autojm-en-chiffres\/","title":{"rendered":"L\u2019ann\u00e9e 2019 chez AutoJM en chiffres"},"content":{"rendered":"\n<p>Une nouvelle ann\u00e9e qui commence, c&rsquo;est aussi l&rsquo;occasion de faire le point sur ce que l&rsquo;on peut retenir de l&rsquo;ann\u00e9e pr\u00e9c\u00e9dente. Avant tout,<strong> les membres du personnel et la direction d&rsquo;AutoJM remercient leurs nombreux clients <\/strong>gr\u00e2ce auxquels, chaque ann\u00e9e, nous pouvons d\u00e9velopper notre activit\u00e9. Et puisque vous \u00eates aussi ou serez peut-\u00eatre un jour comptabilis\u00e9s dans nos chiffres annuels, voici un <strong>r\u00e9capitulatif de l&rsquo;ann\u00e9e 2019 d&rsquo;AutoJM<\/strong>.<\/p>\n\n\n\n<h2 class=\"wp-block-heading\">Top ventes AutoJM<\/h2>\n\n\n\n<p>Au cours de l&rsquo;ann\u00e9e, <strong>3017 voitures ont \u00e9t\u00e9 achet\u00e9es<\/strong> chez <a href=\"https:\/\/www.autojm.fr\/?part=blog&amp;utm_source=articleblog130120&amp;utm_medium=blog\">AutoJM<\/a>, un chiffre en <strong>augmentation<\/strong> par rapport \u00e0 l&rsquo;ann\u00e9e pr\u00e9c\u00e9dente. Nos clients ont r\u00e9alis\u00e9, en moyenne, une <strong>\u00e9conomie de 9400\u20ac<\/strong> sur l&rsquo;achat de leur v\u00e9hicule gr\u00e2ce aux tarifs que nous proposons.<\/p>\n\n\n\n<p>Parmi les milliers de v\u00e9hicules vendus, <strong>21 marques<\/strong> :<\/p>\n\n\n\n<p>&#8211; Alfa Romeo<br>&#8211; Audi<br>&#8211; BMW<br>&#8211; Citro\u00ebn<br>&#8211; Dacia<br>&#8211; DS<br>&#8211; Fiat<br>&#8211; Ford<br>&#8211; Honda<br>&#8211; Hyundai<br>&#8211; Kia<br>&#8211; Mercedes<br>&#8211; Mitsubishi<br>&#8211; Nissan<br>&#8211; Opel<br>&#8211; Peugeot<br>&#8211; Renault<br>&#8211; SsangYong<br>&#8211; Suzuki<br>&#8211; Toyota<br>&#8211; Volkswagen<br>&#8211; Volvo<\/p>\n\n\n\n<p>Si l&rsquo;offre de marques est vari\u00e9e, ce sont ind\u00e9niablement les <strong>constructeurs fran\u00e7ais<\/strong> qui gagnent le c\u0153ur de nos clients. Avec <strong>1824 voitures<\/strong>, c&rsquo;est la marque <a href=\"https:\/\/www.autojm.fr\/mandataire-voitures-neuves-peugeot?part=blog&amp;utm_source=articleblog130120&amp;utm_medium=blog\"><strong>Peugeot<\/strong><\/a> qui remporte la palme d&rsquo;or chez AutoJM, suivie par<strong> Renault <\/strong>(<strong>452<\/strong> v\u00e9hicules vendus), <strong>Citro\u00ebn<\/strong> (<strong>328<\/strong> v\u00e9hicules vendus), <strong>DS<\/strong> (<strong>111<\/strong> voitures vendues) et <strong>Volkswagen<\/strong> (<strong>44<\/strong> voitures vendues).<\/p>\n\n\n\n<p>Sur le podium des voitures les plus vendues chez AutoJM, on retrouve sans surprise le <strong>SUV Peugeot 3008<\/strong>, qui totalise <strong>511 ventes<\/strong>. En deuxi\u00e8me place, la <strong>308<\/strong>, berline \u00e0 succ\u00e8s de Peugeot, vendue \u00e0 <strong>446 exemplaires<\/strong>. Enfin, le <strong>SUV Peugeot 5008<\/strong> arrive en troisi\u00e8me avec <strong>251<\/strong> mod\u00e8les vendus. On retrouve dans la suite du classement, dans l&rsquo;ordre, la Peugeot <strong>208 (178 ventes)<\/strong>, le Nouveau Citro\u00ebn <strong>Berlingo (129 ventes)<\/strong> et le <strong>DS7 Crossback (107 ventes)<\/strong>.<\/p>\n\n\n\n<h2 class=\"wp-block-heading\">Livraison chez AutoJM<\/h2>\n\n\n\n<p>Parmi tous nos clients livr\u00e9s en cette ann\u00e9e 2019, <strong>65%<\/strong> ont choisi de venir directement dans notre <strong>showroom principal \u00e0 Audincourt afin de r\u00e9ceptionner leur v\u00e9hicule<\/strong>. <strong>13%<\/strong> d&rsquo;entre eux ont pris possession de leur v\u00e9hicule \u00e0 <strong>Pessac<\/strong>, dans notre <b>agence Aquitaine<\/b>. Enfin, <strong>23%<\/strong> ont choisi le mode de<strong> <a href=\"https:\/\/www.autojm.fr\/livraison-de-mon-vehicule?part=blog&amp;utm_source=articleblog130120&amp;utm_medium=blog\">livraison \u00e0 domicile<\/a> <\/strong>(comprenant livraison par convoyeur ou par camion).<\/p>\n\n\n\n<p><strong>148 de nos clients<\/strong> en 2019 sont d&rsquo;<strong>anciens clients<\/strong> revenus chez AutoJM pour un nouvel achat. Nous tenions particuli\u00e8rement \u00e0 remercier ces clients fid\u00e8les qui constituent un vrai atout pour notre soci\u00e9t\u00e9.<\/p>\n\n\n\n<p>Enfin, AutoJM propose ses services <strong>partout en France et dans les DOM TOM<\/strong>. Nos clients sont g\u00e9ographiquement r\u00e9partis sur tout le territoire fran\u00e7ais et sont principalement issus des d\u00e9partements suivants (par ordre d\u00e9croissant) :&nbsp;<b>Haut-Rhin, Doubs, Gironde, Yvelines et Bas-rhin<\/b>. Gr\u00e2ce \u00e0 notre pr\u00e9sence sur le web, nous rayonnons sur l&rsquo;ensemble du pays.<\/p>\n\n\n\n<p class=\"has-text-align-center\"><iframe loading=\"lazy\" src=\"https:\/\/www.youtube.com\/embed\/lUOsN0oSY6M\" width=\"100%\" height=\"315\" allowfullscreen=\"allowfullscreen\"><\/iframe><\/p>\n\n\n\n<p>Pour cette ann\u00e9e 2020, nous esp\u00e9rons pouvoir augmenter le nombre de clients tout en continuant de proposer des remises parmi les meilleures du march\u00e9 automobile. Nous remercions nos dizaines de milliers de clients gr\u00e2ce auxquels AutoJM existe depuis 45 ans.<\/p>\n\n\n\n<p><span style=\"font-weight: bold;\"><span style=\"background-color: transparent; font-variant-numeric: normal; font-variant-east-asian: normal; text-align: justify; color: #000000; font-family: Arial; font-size: 14.66px; vertical-align: baseline; white-space: pre-wrap;\"> <\/span><span style=\"background-color: transparent; font-variant-numeric: normal; font-variant-east-asian: normal; text-align: justify; color: #000000; font-family: Arial; font-size: 14.66px; vertical-align: baseline; white-space: pre-wrap;\"> <\/span> <span style=\"background-color: transparent; font-variant-numeric: normal; font-variant-east-asian: normal; text-align: justify; color: #000000; font-family: Arial; font-size: 14.66px; vertical-align: baseline; white-space: pre-wrap;\"> <\/span><\/span><span style=\"background-color: transparent; font-variant-numeric: normal; font-variant-east-asian: normal; text-align: justify; color: #000000; font-family: Arial; font-size: 14.66px; vertical-align: baseline; white-space: pre-wrap;\"> <\/span><\/p>\n","protected":false},"excerpt":{"rendered":"<p>Une nouvelle ann\u00e9e qui commence, c&rsquo;est aussi l&rsquo;occasion de faire le point sur ce que l&rsquo;on peut retenir de l&rsquo;ann\u00e9e pr\u00e9c\u00e9dente. Avant tout, les membres du personnel et la direction d&rsquo;AutoJM remercient leurs nombreux clients gr\u00e2ce auxquels, chaque ann\u00e9e, nous pouvons d\u00e9velopper notre activit\u00e9.<\/p>\n","protected":false},"author":1,"featured_media":5843,"comment_status":"open","ping_status":"open","sticky":false,"template":"","format":"standard","meta":{"_acf_changed":false,"content-type":"","footnotes":""},"categories":[5],"tags":[90],"class_list":["post-3783","post","type-post","status-publish","format-standard","has-post-thumbnail","hentry","category-actualite-automobile","tag-autojm"],"acf":[],"yoast_head":"<!-- This site is optimized with the Yoast SEO plugin v27.5 - https:\/\/yoast.com\/product\/yoast-seo-wordpress\/ -->\n<title>L\u2019ann\u00e9e 2019 chez AutoJM en chiffres - AutoJM Mag<\/title>\n<meta name=\"description\" content=\"Une nouvelle ann\u00e9e qui commence, c&#039;est aussi l&#039;occasion de faire le point sur ce que l&#039;on peut retenir de l&#039;ann\u00e9e pr\u00e9c\u00e9dente. Avant tout...\" \/>\n<meta name=\"robots\" content=\"index, follow, max-snippet:-1, max-image-preview:large, max-video-preview:-1\" \/>\n<link rel=\"canonical\" href=\"https:\/\/www.autojm.fr\/blog\/lannee-2019-chez-autojm-en-chiffres\/\" \/>\n<meta property=\"og:locale\" content=\"fr_FR\" \/>\n<meta property=\"og:type\" content=\"article\" \/>\n<meta property=\"og:title\" content=\"L\u2019ann\u00e9e 2019 chez AutoJM en chiffres - AutoJM Mag\" \/>\n<meta property=\"og:description\" content=\"Une nouvelle ann\u00e9e qui commence, c&#039;est aussi l&#039;occasion de faire le point sur ce que l&#039;on peut retenir de l&#039;ann\u00e9e pr\u00e9c\u00e9dente. Avant tout...\" \/>\n<meta property=\"og:url\" content=\"https:\/\/www.autojm.fr\/blog\/lannee-2019-chez-autojm-en-chiffres\/\" \/>\n<meta property=\"og:site_name\" content=\"AutoJM Mag\" \/>\n<meta property=\"article:publisher\" content=\"https:\/\/www.facebook.com\/AutoJM25\" \/>\n<meta property=\"article:published_time\" content=\"2020-01-13T00:00:00+00:00\" \/>\n<meta property=\"article:modified_time\" content=\"2023-04-19T12:13:10+00:00\" \/>\n<meta property=\"og:image\" content=\"https:\/\/www.autojm.fr\/blog\/wp-content\/uploads\/2022\/10\/508.jpg\" \/>\n\t<meta property=\"og:image:width\" content=\"1562\" \/>\n\t<meta property=\"og:image:height\" content=\"708\" \/>\n\t<meta property=\"og:image:type\" content=\"image\/jpeg\" \/>\n<meta name=\"author\" content=\"Autojm\" \/>\n<meta name=\"twitter:card\" content=\"summary_large_image\" \/>\n<meta name=\"twitter:label1\" content=\"\u00c9crit par\" \/>\n\t<meta name=\"twitter:data1\" content=\"Autojm\" \/>\n\t<meta name=\"twitter:label2\" content=\"Dur\u00e9e de lecture estim\u00e9e\" \/>\n\t<meta name=\"twitter:data2\" content=\"3 minutes\" \/>\n<script type=\"application\/ld+json\" class=\"yoast-schema-graph\">{\"@context\":\"https:\\\/\\\/schema.org\",\"@graph\":[{\"@type\":\"Article\",\"@id\":\"https:\\\/\\\/www.autojm.fr\\\/blog\\\/lannee-2019-chez-autojm-en-chiffres\\\/#article\",\"isPartOf\":{\"@id\":\"https:\\\/\\\/www.autojm.fr\\\/blog\\\/lannee-2019-chez-autojm-en-chiffres\\\/\"},\"author\":{\"name\":\"Autojm\",\"@id\":\"https:\\\/\\\/www.autojm.fr\\\/blog\\\/#\\\/schema\\\/person\\\/9742bc77541853e0de81fc57f947e1a0\"},\"headline\":\"L\u2019ann\u00e9e 2019 chez AutoJM en chiffres\",\"datePublished\":\"2020-01-13T00:00:00+00:00\",\"dateModified\":\"2023-04-19T12:13:10+00:00\",\"mainEntityOfPage\":{\"@id\":\"https:\\\/\\\/www.autojm.fr\\\/blog\\\/lannee-2019-chez-autojm-en-chiffres\\\/\"},\"wordCount\":477,\"commentCount\":0,\"publisher\":{\"@id\":\"https:\\\/\\\/www.autojm.fr\\\/blog\\\/#organization\"},\"image\":{\"@id\":\"https:\\\/\\\/www.autojm.fr\\\/blog\\\/lannee-2019-chez-autojm-en-chiffres\\\/#primaryimage\"},\"thumbnailUrl\":\"https:\\\/\\\/www.autojm.fr\\\/blog\\\/wp-content\\\/uploads\\\/2022\\\/10\\\/508.jpg\",\"keywords\":[\"autojm\"],\"articleSection\":[\"Actualit\u00e9 Automobile\"],\"inLanguage\":\"fr-FR\",\"potentialAction\":[{\"@type\":\"CommentAction\",\"name\":\"Comment\",\"target\":[\"https:\\\/\\\/www.autojm.fr\\\/blog\\\/lannee-2019-chez-autojm-en-chiffres\\\/#respond\"]}]},{\"@type\":\"WebPage\",\"@id\":\"https:\\\/\\\/www.autojm.fr\\\/blog\\\/lannee-2019-chez-autojm-en-chiffres\\\/\",\"url\":\"https:\\\/\\\/www.autojm.fr\\\/blog\\\/lannee-2019-chez-autojm-en-chiffres\\\/\",\"name\":\"L\u2019ann\u00e9e 2019 chez AutoJM en chiffres - AutoJM Mag\",\"isPartOf\":{\"@id\":\"https:\\\/\\\/www.autojm.fr\\\/blog\\\/#website\"},\"primaryImageOfPage\":{\"@id\":\"https:\\\/\\\/www.autojm.fr\\\/blog\\\/lannee-2019-chez-autojm-en-chiffres\\\/#primaryimage\"},\"image\":{\"@id\":\"https:\\\/\\\/www.autojm.fr\\\/blog\\\/lannee-2019-chez-autojm-en-chiffres\\\/#primaryimage\"},\"thumbnailUrl\":\"https:\\\/\\\/www.autojm.fr\\\/blog\\\/wp-content\\\/uploads\\\/2022\\\/10\\\/508.jpg\",\"datePublished\":\"2020-01-13T00:00:00+00:00\",\"dateModified\":\"2023-04-19T12:13:10+00:00\",\"description\":\"Une nouvelle ann\u00e9e qui commence, c'est aussi l'occasion de faire le point sur ce que l'on peut retenir de l'ann\u00e9e pr\u00e9c\u00e9dente. Avant tout...\",\"breadcrumb\":{\"@id\":\"https:\\\/\\\/www.autojm.fr\\\/blog\\\/lannee-2019-chez-autojm-en-chiffres\\\/#breadcrumb\"},\"inLanguage\":\"fr-FR\",\"potentialAction\":[{\"@type\":\"ReadAction\",\"target\":[\"https:\\\/\\\/www.autojm.fr\\\/blog\\\/lannee-2019-chez-autojm-en-chiffres\\\/\"]}]},{\"@type\":\"ImageObject\",\"inLanguage\":\"fr-FR\",\"@id\":\"https:\\\/\\\/www.autojm.fr\\\/blog\\\/lannee-2019-chez-autojm-en-chiffres\\\/#primaryimage\",\"url\":\"https:\\\/\\\/www.autojm.fr\\\/blog\\\/wp-content\\\/uploads\\\/2022\\\/10\\\/508.jpg\",\"contentUrl\":\"https:\\\/\\\/www.autojm.fr\\\/blog\\\/wp-content\\\/uploads\\\/2022\\\/10\\\/508.jpg\",\"width\":1562,\"height\":708,\"caption\":\"AutoJM\"},{\"@type\":\"BreadcrumbList\",\"@id\":\"https:\\\/\\\/www.autojm.fr\\\/blog\\\/lannee-2019-chez-autojm-en-chiffres\\\/#breadcrumb\",\"itemListElement\":[{\"@type\":\"ListItem\",\"position\":1,\"name\":\"Accueil\",\"item\":\"https:\\\/\\\/www.autojm.fr\\\/blog\\\/\"},{\"@type\":\"ListItem\",\"position\":2,\"name\":\"Actualit\u00e9 Automobile\",\"item\":\"https:\\\/\\\/www.autojm.fr\\\/blog\\\/actualite-automobile\\\/\"},{\"@type\":\"ListItem\",\"position\":3,\"name\":\"L\u2019ann\u00e9e 2019 chez AutoJM en chiffres\"}]},{\"@type\":\"WebSite\",\"@id\":\"https:\\\/\\\/www.autojm.fr\\\/blog\\\/#website\",\"url\":\"https:\\\/\\\/www.autojm.fr\\\/blog\\\/\",\"name\":\"AutoJM Mag\",\"description\":\"Toute l&#039;actu auto en 1 clic !\",\"publisher\":{\"@id\":\"https:\\\/\\\/www.autojm.fr\\\/blog\\\/#organization\"},\"potentialAction\":[{\"@type\":\"SearchAction\",\"target\":{\"@type\":\"EntryPoint\",\"urlTemplate\":\"https:\\\/\\\/www.autojm.fr\\\/blog\\\/?s={search_term_string}\"},\"query-input\":{\"@type\":\"PropertyValueSpecification\",\"valueRequired\":true,\"valueName\":\"search_term_string\"}}],\"inLanguage\":\"fr-FR\"},{\"@type\":\"Organization\",\"@id\":\"https:\\\/\\\/www.autojm.fr\\\/blog\\\/#organization\",\"name\":\"AutoJM Mag\",\"url\":\"https:\\\/\\\/www.autojm.fr\\\/blog\\\/\",\"logo\":{\"@type\":\"ImageObject\",\"inLanguage\":\"fr-FR\",\"@id\":\"https:\\\/\\\/www.autojm.fr\\\/blog\\\/#\\\/schema\\\/logo\\\/image\\\/\",\"url\":\"https:\\\/\\\/www.autojm.fr\\\/blog\\\/wp-content\\\/uploads\\\/2022\\\/12\\\/cropped-AutoJMag-png.png\",\"contentUrl\":\"https:\\\/\\\/www.autojm.fr\\\/blog\\\/wp-content\\\/uploads\\\/2022\\\/12\\\/cropped-AutoJMag-png.png\",\"width\":2834,\"height\":585,\"caption\":\"AutoJM Mag\"},\"image\":{\"@id\":\"https:\\\/\\\/www.autojm.fr\\\/blog\\\/#\\\/schema\\\/logo\\\/image\\\/\"},\"sameAs\":[\"https:\\\/\\\/www.facebook.com\\\/AutoJM25\"]},{\"@type\":\"Person\",\"@id\":\"https:\\\/\\\/www.autojm.fr\\\/blog\\\/#\\\/schema\\\/person\\\/9742bc77541853e0de81fc57f947e1a0\",\"name\":\"Autojm\",\"image\":{\"@type\":\"ImageObject\",\"inLanguage\":\"fr-FR\",\"@id\":\"https:\\\/\\\/secure.gravatar.com\\\/avatar\\\/9a959d52b758fcc232fe4b6aca7bab139182573297122cce7d6f2ee0e537b418?s=96&d=mm&r=g\",\"url\":\"https:\\\/\\\/secure.gravatar.com\\\/avatar\\\/9a959d52b758fcc232fe4b6aca7bab139182573297122cce7d6f2ee0e537b418?s=96&d=mm&r=g\",\"contentUrl\":\"https:\\\/\\\/secure.gravatar.com\\\/avatar\\\/9a959d52b758fcc232fe4b6aca7bab139182573297122cce7d6f2ee0e537b418?s=96&d=mm&r=g\",\"caption\":\"Autojm\"},\"sameAs\":[\"https:\\\/\\\/www.autojm.fr\\\/blog\"],\"url\":\"https:\\\/\\\/www.autojm.fr\\\/blog\\\/author\\\/bichoi\\\/\"}]}<\/script>\n<!-- \/ Yoast SEO plugin. -->","yoast_head_json":{"title":"L\u2019ann\u00e9e 2019 chez AutoJM en chiffres - AutoJM Mag","description":"Une nouvelle ann\u00e9e qui commence, c'est aussi l'occasion de faire le point sur ce que l'on peut retenir de l'ann\u00e9e pr\u00e9c\u00e9dente. Avant tout...","robots":{"index":"index","follow":"follow","max-snippet":"max-snippet:-1","max-image-preview":"max-image-preview:large","max-video-preview":"max-video-preview:-1"},"canonical":"https:\/\/www.autojm.fr\/blog\/lannee-2019-chez-autojm-en-chiffres\/","og_locale":"fr_FR","og_type":"article","og_title":"L\u2019ann\u00e9e 2019 chez AutoJM en chiffres - AutoJM Mag","og_description":"Une nouvelle ann\u00e9e qui commence, c'est aussi l'occasion de faire le point sur ce que l'on peut retenir de l'ann\u00e9e pr\u00e9c\u00e9dente. Avant tout...","og_url":"https:\/\/www.autojm.fr\/blog\/lannee-2019-chez-autojm-en-chiffres\/","og_site_name":"AutoJM Mag","article_publisher":"https:\/\/www.facebook.com\/AutoJM25","article_published_time":"2020-01-13T00:00:00+00:00","article_modified_time":"2023-04-19T12:13:10+00:00","og_image":[{"width":1562,"height":708,"url":"https:\/\/www.autojm.fr\/blog\/wp-content\/uploads\/2022\/10\/508.jpg","type":"image\/jpeg"}],"author":"Autojm","twitter_card":"summary_large_image","twitter_misc":{"\u00c9crit par":"Autojm","Dur\u00e9e de lecture estim\u00e9e":"3 minutes"},"schema":{"@context":"https:\/\/schema.org","@graph":[{"@type":"Article","@id":"https:\/\/www.autojm.fr\/blog\/lannee-2019-chez-autojm-en-chiffres\/#article","isPartOf":{"@id":"https:\/\/www.autojm.fr\/blog\/lannee-2019-chez-autojm-en-chiffres\/"},"author":{"name":"Autojm","@id":"https:\/\/www.autojm.fr\/blog\/#\/schema\/person\/9742bc77541853e0de81fc57f947e1a0"},"headline":"L\u2019ann\u00e9e 2019 chez AutoJM en chiffres","datePublished":"2020-01-13T00:00:00+00:00","dateModified":"2023-04-19T12:13:10+00:00","mainEntityOfPage":{"@id":"https:\/\/www.autojm.fr\/blog\/lannee-2019-chez-autojm-en-chiffres\/"},"wordCount":477,"commentCount":0,"publisher":{"@id":"https:\/\/www.autojm.fr\/blog\/#organization"},"image":{"@id":"https:\/\/www.autojm.fr\/blog\/lannee-2019-chez-autojm-en-chiffres\/#primaryimage"},"thumbnailUrl":"https:\/\/www.autojm.fr\/blog\/wp-content\/uploads\/2022\/10\/508.jpg","keywords":["autojm"],"articleSection":["Actualit\u00e9 Automobile"],"inLanguage":"fr-FR","potentialAction":[{"@type":"CommentAction","name":"Comment","target":["https:\/\/www.autojm.fr\/blog\/lannee-2019-chez-autojm-en-chiffres\/#respond"]}]},{"@type":"WebPage","@id":"https:\/\/www.autojm.fr\/blog\/lannee-2019-chez-autojm-en-chiffres\/","url":"https:\/\/www.autojm.fr\/blog\/lannee-2019-chez-autojm-en-chiffres\/","name":"L\u2019ann\u00e9e 2019 chez AutoJM en chiffres - AutoJM Mag","isPartOf":{"@id":"https:\/\/www.autojm.fr\/blog\/#website"},"primaryImageOfPage":{"@id":"https:\/\/www.autojm.fr\/blog\/lannee-2019-chez-autojm-en-chiffres\/#primaryimage"},"image":{"@id":"https:\/\/www.autojm.fr\/blog\/lannee-2019-chez-autojm-en-chiffres\/#primaryimage"},"thumbnailUrl":"https:\/\/www.autojm.fr\/blog\/wp-content\/uploads\/2022\/10\/508.jpg","datePublished":"2020-01-13T00:00:00+00:00","dateModified":"2023-04-19T12:13:10+00:00","description":"Une nouvelle ann\u00e9e qui commence, c'est aussi l'occasion de faire le point sur ce que l'on peut retenir de l'ann\u00e9e pr\u00e9c\u00e9dente. Avant tout...","breadcrumb":{"@id":"https:\/\/www.autojm.fr\/blog\/lannee-2019-chez-autojm-en-chiffres\/#breadcrumb"},"inLanguage":"fr-FR","potentialAction":[{"@type":"ReadAction","target":["https:\/\/www.autojm.fr\/blog\/lannee-2019-chez-autojm-en-chiffres\/"]}]},{"@type":"ImageObject","inLanguage":"fr-FR","@id":"https:\/\/www.autojm.fr\/blog\/lannee-2019-chez-autojm-en-chiffres\/#primaryimage","url":"https:\/\/www.autojm.fr\/blog\/wp-content\/uploads\/2022\/10\/508.jpg","contentUrl":"https:\/\/www.autojm.fr\/blog\/wp-content\/uploads\/2022\/10\/508.jpg","width":1562,"height":708,"caption":"AutoJM"},{"@type":"BreadcrumbList","@id":"https:\/\/www.autojm.fr\/blog\/lannee-2019-chez-autojm-en-chiffres\/#breadcrumb","itemListElement":[{"@type":"ListItem","position":1,"name":"Accueil","item":"https:\/\/www.autojm.fr\/blog\/"},{"@type":"ListItem","position":2,"name":"Actualit\u00e9 Automobile","item":"https:\/\/www.autojm.fr\/blog\/actualite-automobile\/"},{"@type":"ListItem","position":3,"name":"L\u2019ann\u00e9e 2019 chez AutoJM en chiffres"}]},{"@type":"WebSite","@id":"https:\/\/www.autojm.fr\/blog\/#website","url":"https:\/\/www.autojm.fr\/blog\/","name":"AutoJM Mag","description":"Toute l&#039;actu auto en 1 clic !","publisher":{"@id":"https:\/\/www.autojm.fr\/blog\/#organization"},"potentialAction":[{"@type":"SearchAction","target":{"@type":"EntryPoint","urlTemplate":"https:\/\/www.autojm.fr\/blog\/?s={search_term_string}"},"query-input":{"@type":"PropertyValueSpecification","valueRequired":true,"valueName":"search_term_string"}}],"inLanguage":"fr-FR"},{"@type":"Organization","@id":"https:\/\/www.autojm.fr\/blog\/#organization","name":"AutoJM Mag","url":"https:\/\/www.autojm.fr\/blog\/","logo":{"@type":"ImageObject","inLanguage":"fr-FR","@id":"https:\/\/www.autojm.fr\/blog\/#\/schema\/logo\/image\/","url":"https:\/\/www.autojm.fr\/blog\/wp-content\/uploads\/2022\/12\/cropped-AutoJMag-png.png","contentUrl":"https:\/\/www.autojm.fr\/blog\/wp-content\/uploads\/2022\/12\/cropped-AutoJMag-png.png","width":2834,"height":585,"caption":"AutoJM Mag"},"image":{"@id":"https:\/\/www.autojm.fr\/blog\/#\/schema\/logo\/image\/"},"sameAs":["https:\/\/www.facebook.com\/AutoJM25"]},{"@type":"Person","@id":"https:\/\/www.autojm.fr\/blog\/#\/schema\/person\/9742bc77541853e0de81fc57f947e1a0","name":"Autojm","image":{"@type":"ImageObject","inLanguage":"fr-FR","@id":"https:\/\/secure.gravatar.com\/avatar\/9a959d52b758fcc232fe4b6aca7bab139182573297122cce7d6f2ee0e537b418?s=96&d=mm&r=g","url":"https:\/\/secure.gravatar.com\/avatar\/9a959d52b758fcc232fe4b6aca7bab139182573297122cce7d6f2ee0e537b418?s=96&d=mm&r=g","contentUrl":"https:\/\/secure.gravatar.com\/avatar\/9a959d52b758fcc232fe4b6aca7bab139182573297122cce7d6f2ee0e537b418?s=96&d=mm&r=g","caption":"Autojm"},"sameAs":["https:\/\/www.autojm.fr\/blog"],"url":"https:\/\/www.autojm.fr\/blog\/author\/bichoi\/"}]}},"_links":{"self":[{"href":"https:\/\/www.autojm.fr\/blog\/wp-json\/wp\/v2\/posts\/3783","targetHints":{"allow":["GET"]}}],"collection":[{"href":"https:\/\/www.autojm.fr\/blog\/wp-json\/wp\/v2\/posts"}],"about":[{"href":"https:\/\/www.autojm.fr\/blog\/wp-json\/wp\/v2\/types\/post"}],"author":[{"embeddable":true,"href":"https:\/\/www.autojm.fr\/blog\/wp-json\/wp\/v2\/users\/1"}],"replies":[{"embeddable":true,"href":"https:\/\/www.autojm.fr\/blog\/wp-json\/wp\/v2\/comments?post=3783"}],"version-history":[{"count":6,"href":"https:\/\/www.autojm.fr\/blog\/wp-json\/wp\/v2\/posts\/3783\/revisions"}],"predecessor-version":[{"id":9565,"href":"https:\/\/www.autojm.fr\/blog\/wp-json\/wp\/v2\/posts\/3783\/revisions\/9565"}],"wp:featuredmedia":[{"embeddable":true,"href":"https:\/\/www.autojm.fr\/blog\/wp-json\/wp\/v2\/media\/5843"}],"wp:attachment":[{"href":"https:\/\/www.autojm.fr\/blog\/wp-json\/wp\/v2\/media?parent=3783"}],"wp:term":[{"taxonomy":"category","embeddable":true,"href":"https:\/\/www.autojm.fr\/blog\/wp-json\/wp\/v2\/categories?post=3783"},{"taxonomy":"post_tag","embeddable":true,"href":"https:\/\/www.autojm.fr\/blog\/wp-json\/wp\/v2\/tags?post=3783"}],"curies":[{"name":"wp","href":"https:\/\/api.w.org\/{rel}","templated":true}]}}