{"id":3782,"date":"2020-01-10T00:00:00","date_gmt":"2020-01-10T00:00:00","guid":{"rendered":"https:\/\/www.autojm.fr\/blog\/renault-captur-et-renault-clio-versions-hybrides\/"},"modified":"2023-04-18T12:52:20","modified_gmt":"2023-04-18T12:52:20","slug":"renault-captur-et-renault-clio-versions-hybrides","status":"publish","type":"post","link":"https:\/\/www.autojm.fr\/blog\/renault-captur-et-renault-clio-versions-hybrides\/","title":{"rendered":"Renault Captur et Renault Clio versions hybrides"},"content":{"rendered":"<p><em><span style=\"font-weight: bold;\">Vous \u00eates int\u00e9ress\u00e9 par l&rsquo;achat d&rsquo;un v\u00e9hicule hybride, hybride rechargeable ou \u00e9lectrique ? Consultez notre guide ici: <a tabindex=\"-1\" title=\"https:\/\/www.autojm.fr\/livre-blanc\" href=\"https:\/\/www.autojm.fr\/livre-blanc\" target=\"_blank\" rel=\"noreferrer noopener\">https:\/\/www.autojm.fr\/livre-blanc<\/a><\/span><\/em><\/p>\n<p>C&rsquo;est en 2012 que la marque au losange lance la production de la Renault Zoe, l&rsquo;un des premiers v\u00e9hicules \u00e9lectriques du parc automobile fran\u00e7ais. Si Renault avait voulu s&rsquo;imposer comme un pionnier en mati\u00e8re de v\u00e9hicule propre, le constructeur automobile aura vu tous ses concurrents le devancer pour la sortie des premiers mod\u00e8les hybrides. Apr\u00e8s le Toyota CH-R hybride, le DS7 Crossback en version hybride rechargeable, ou encore le Peugeot 2008 qui s&rsquo;est r\u00e9cemment vu attribuer une version \u00e9lectrique, Renault d\u00e9voile des mod\u00e8les \u00e9cologiques pour la citadine Clio et le SUV Captur. Voici ce que l&rsquo;on sait sur ces voitures mises en avant au salon de Bruxelles 2020.<\/p>\n<h2>Renault Clio 5 hybride<\/h2>\n<p>La <strong><a href=\"https:\/\/www.autojm.fr\/achat-voitures-neuves-renault-clio-5-5p?part=blog&amp;utm_source=articleblog100120&amp;utm_medium=blog\">Renault Clio 5<\/a><\/strong> est pr\u00e9sent\u00e9e en <strong>version E-tech 140<\/strong>, avec une <strong>batterie de 1,2 kW<\/strong>. Pas de gros changements pour ce mod\u00e8le hybride qui, en comparaison avec les moteurs thermiques, adopte un bouclier arri\u00e8re quelque peu modifi\u00e9 et le badge E-tech. A l&rsquo;int\u00e9rieur, des animations sp\u00e9cifiques ont \u00e9t\u00e9 attribu\u00e9es au syst\u00e8me multim\u00e9dia Easy Link et le bouton du syst\u00e8me Start &amp; Stop a \u00e9t\u00e9 remplac\u00e9 par une commande qui permet le mode tout \u00e9lectrique. On sait d\u00e9j\u00e0 que, \u00e0 bord de cette Clio 5 hybride, le <strong>mode tout \u00e9lectrique<\/strong> pourra \u00eatre effectif \u00e0 <strong>80% du temps sur la conduite en ville<\/strong>. Ce dernier sera d&rsquo;ailleurs disponible pour toute <strong>vitesse n&rsquo;exc\u00e9dant pas 70-75 km\/h<\/strong>. En association avec le moteur Essence 1.6, on d\u00e9couvre une bo\u00eete \u00e0 vitesse \u00e0 crabots et l&rsquo;absence d&#8217;embrayage qui permet le <strong>d\u00e9marrage en 100% \u00e9lectrique<\/strong>. Un confort de plus pour la conduite de cette citadine, avec des \u00e0 coups r\u00e9duits, et un silence complet \u00e0 bord. La<strong> consommation est r\u00e9duite de 40% <\/strong>en comparaison avec une version thermique de Renault Clio 5.<\/p>\n<h2>Renault Captur hybride rechargeable<\/h2>\n<p>Apr\u00e8s la Clio 5, c&rsquo;est au tour du <strong><a href=\"https:\/\/www.autojm.fr\/achat-voitures-neuves-renault-captur-2019-5p?part=blog&amp;utm_source=articleblog100120&amp;utm_medium=blog\">Captur<\/a><\/strong> de d\u00e9voiler sa version \u00e9colo : ici, le v\u00e9hicule adopte des mod\u00e8les hybrides rechargeables, pour un positionnement diff\u00e9rent de celui de la citadine. Le <strong>SUV Captur E-tech Plug-in<\/strong> int\u00e8gre une batterie de <strong>9,8 kW<\/strong>. Le v\u00e9hicule pourra parcourir jusqu&rsquo;\u00e0 <strong>65 km en version tout \u00e9lectrique<\/strong>, configurable directement sur les modes de conduite, o\u00f9 on retrouve \u00e9galement un mode sport avec des performances optimis\u00e9es. Pour le SUV, la vitesse pourra atteindre <strong>135 km\/h en version tout \u00e9lectrique<\/strong>, ce qui permet un usage moins limit\u00e9. La pr\u00e9sence de 2 \u00e9lectromoteurs \u00e0 l&rsquo;avant ne permet pas \u00e0 Renault de proposer une version en 4 roues motrices, mais de belles performances : sur ce Captur hybride rechargeable, on retrouve un moteur 4 cylindres 1.6 de 91 chevaux, associ\u00e9 \u00e0 deux moteurs \u00e9lectrique de respectivement 53 kW et 23 kW. La puissance totale est de <strong>160 chevaux<\/strong>, et, bel atout pour les mod\u00e8les hybrides : ils conservent la <strong>m\u00eame habitabilit\u00e9 et le m\u00eame volume de coffre que les versions thermiques<\/strong>, donc le confort est toujours bien au rendez-vous \u00e0 bord du Renault Captur. De plus, un rangement sous le plancher de coffre a \u00e9t\u00e9 mis en place afin de charger les c\u00e2bles sans perdre d&rsquo;espace. La <strong>trappe \u00e0 recharge<\/strong> a \u00e9t\u00e9 int\u00e9gr\u00e9e au niveau de l&rsquo;<strong>arri\u00e8re droit<\/strong> du v\u00e9hicule : <strong>elle s&rsquo;\u00e9claire selon le chargement<\/strong> afin de pr\u00e9venir le conducteur quand le Captur est recharg\u00e9, en charge, ou non charg\u00e9. Enfin, le Renault Captur Hybride comporte un syst\u00e8me de <strong>recharge automatique \u00e0 la d\u00e9c\u00e9l\u00e9ration et au freinage<\/strong>, qui permet de r\u00e9cup\u00e9rer de l&rsquo;\u00e9nergie facilement.<\/p>\n<p>Le constructeur automobile Renault d\u00e9voile pour ses mod\u00e8les les plus populaires des versions Hybrides. R\u00e9ussira-t-il le pari de concurrencer les mod\u00e8les \u00e9lectriques des Peugeot 208 et Peugeot 2008, concurrents directs des Renault Clio et Renault Captur ?<\/p>\n<p style=\"margin-top: 1.75em; margin-bottom: 1.75em; font-size: 0.813em; line-height: 1.5em; color: #666666; font-family: Arial, Helvetica, sans-serif;\">\n","protected":false},"excerpt":{"rendered":"<p>C&rsquo;est en 2012 que la marque au losange lance la production de la Renault Zoe, l&rsquo;un des premiers v\u00e9hicules \u00e9lectriques du parc automobile fran\u00e7ais. Si Renault avait voulu s&rsquo;imposer comme un pionnier en mati\u00e8re de v\u00e9hicule propre, le constructeur automobile aura vu tous ses concurrents le devancer pour la sortie des premiers mod\u00e8les hybrides.<\/p>\n","protected":false},"author":1,"featured_media":5842,"comment_status":"open","ping_status":"open","sticky":false,"template":"","format":"standard","meta":{"_acf_changed":false,"content-type":"","footnotes":""},"categories":[62,61],"tags":[90,78,104,171],"class_list":["post-3782","post","type-post","status-publish","format-standard","has-post-thumbnail","hentry","category-nouveaute-renault","category-nouveautes-autos","tag-autojm","tag-renault","tag-renault-captur","tag-renault-clio"],"acf":[],"yoast_head":"<!-- This site is optimized with the Yoast SEO plugin v27.5 - https:\/\/yoast.com\/product\/yoast-seo-wordpress\/ -->\n<title>Renault Captur et Renault Clio versions hybrides - AutoJM Mag<\/title>\n<meta name=\"description\" content=\"C&#039;est en 2012 que la marque au losange lance la production de la Renault Zoe, l&#039;un des premiers v\u00e9hicules \u00e9lectriques du parc...\" \/>\n<meta name=\"robots\" content=\"index, follow, max-snippet:-1, max-image-preview:large, max-video-preview:-1\" \/>\n<link rel=\"canonical\" href=\"https:\/\/www.autojm.fr\/blog\/renault-captur-et-renault-clio-versions-hybrides\/\" \/>\n<meta property=\"og:locale\" content=\"fr_FR\" \/>\n<meta property=\"og:type\" content=\"article\" \/>\n<meta property=\"og:title\" content=\"Renault Captur et Renault Clio versions hybrides - AutoJM Mag\" \/>\n<meta property=\"og:description\" content=\"C&#039;est en 2012 que la marque au losange lance la production de la Renault Zoe, l&#039;un des premiers v\u00e9hicules \u00e9lectriques du parc...\" \/>\n<meta property=\"og:url\" content=\"https:\/\/www.autojm.fr\/blog\/renault-captur-et-renault-clio-versions-hybrides\/\" \/>\n<meta property=\"og:site_name\" content=\"AutoJM Mag\" \/>\n<meta property=\"article:publisher\" content=\"https:\/\/www.facebook.com\/AutoJM25\" \/>\n<meta property=\"article:published_time\" content=\"2020-01-10T00:00:00+00:00\" \/>\n<meta property=\"article:modified_time\" content=\"2023-04-18T12:52:20+00:00\" \/>\n<meta property=\"og:image\" content=\"https:\/\/www.autojm.fr\/blog\/wp-content\/uploads\/2022\/10\/507.jpg\" \/>\n\t<meta property=\"og:image:width\" content=\"750\" \/>\n\t<meta property=\"og:image:height\" content=\"340\" \/>\n\t<meta property=\"og:image:type\" content=\"image\/jpeg\" \/>\n<meta name=\"author\" content=\"Autojm\" \/>\n<meta name=\"twitter:card\" content=\"summary_large_image\" \/>\n<meta name=\"twitter:label1\" content=\"\u00c9crit par\" \/>\n\t<meta name=\"twitter:data1\" content=\"Autojm\" \/>\n\t<meta name=\"twitter:label2\" content=\"Dur\u00e9e de lecture estim\u00e9e\" \/>\n\t<meta name=\"twitter:data2\" content=\"4 minutes\" \/>\n<script type=\"application\/ld+json\" class=\"yoast-schema-graph\">{\"@context\":\"https:\\\/\\\/schema.org\",\"@graph\":[{\"@type\":\"Article\",\"@id\":\"https:\\\/\\\/www.autojm.fr\\\/blog\\\/renault-captur-et-renault-clio-versions-hybrides\\\/#article\",\"isPartOf\":{\"@id\":\"https:\\\/\\\/www.autojm.fr\\\/blog\\\/renault-captur-et-renault-clio-versions-hybrides\\\/\"},\"author\":{\"name\":\"Autojm\",\"@id\":\"https:\\\/\\\/www.autojm.fr\\\/blog\\\/#\\\/schema\\\/person\\\/9742bc77541853e0de81fc57f947e1a0\"},\"headline\":\"Renault Captur et Renault Clio versions hybrides\",\"datePublished\":\"2020-01-10T00:00:00+00:00\",\"dateModified\":\"2023-04-18T12:52:20+00:00\",\"mainEntityOfPage\":{\"@id\":\"https:\\\/\\\/www.autojm.fr\\\/blog\\\/renault-captur-et-renault-clio-versions-hybrides\\\/\"},\"wordCount\":641,\"commentCount\":0,\"publisher\":{\"@id\":\"https:\\\/\\\/www.autojm.fr\\\/blog\\\/#organization\"},\"image\":{\"@id\":\"https:\\\/\\\/www.autojm.fr\\\/blog\\\/renault-captur-et-renault-clio-versions-hybrides\\\/#primaryimage\"},\"thumbnailUrl\":\"https:\\\/\\\/www.autojm.fr\\\/blog\\\/wp-content\\\/uploads\\\/2022\\\/10\\\/507.jpg\",\"keywords\":[\"autojm\",\"renault\",\"Renault Captur\",\"Renault Clio\"],\"articleSection\":[\"Nouveaut\u00e9 Renault\",\"Nouveaut\u00e9s Autos\"],\"inLanguage\":\"fr-FR\",\"potentialAction\":[{\"@type\":\"CommentAction\",\"name\":\"Comment\",\"target\":[\"https:\\\/\\\/www.autojm.fr\\\/blog\\\/renault-captur-et-renault-clio-versions-hybrides\\\/#respond\"]}]},{\"@type\":\"WebPage\",\"@id\":\"https:\\\/\\\/www.autojm.fr\\\/blog\\\/renault-captur-et-renault-clio-versions-hybrides\\\/\",\"url\":\"https:\\\/\\\/www.autojm.fr\\\/blog\\\/renault-captur-et-renault-clio-versions-hybrides\\\/\",\"name\":\"Renault Captur et Renault Clio versions hybrides - AutoJM Mag\",\"isPartOf\":{\"@id\":\"https:\\\/\\\/www.autojm.fr\\\/blog\\\/#website\"},\"primaryImageOfPage\":{\"@id\":\"https:\\\/\\\/www.autojm.fr\\\/blog\\\/renault-captur-et-renault-clio-versions-hybrides\\\/#primaryimage\"},\"image\":{\"@id\":\"https:\\\/\\\/www.autojm.fr\\\/blog\\\/renault-captur-et-renault-clio-versions-hybrides\\\/#primaryimage\"},\"thumbnailUrl\":\"https:\\\/\\\/www.autojm.fr\\\/blog\\\/wp-content\\\/uploads\\\/2022\\\/10\\\/507.jpg\",\"datePublished\":\"2020-01-10T00:00:00+00:00\",\"dateModified\":\"2023-04-18T12:52:20+00:00\",\"description\":\"C'est en 2012 que la marque au losange lance la production de la Renault Zoe, l'un des premiers v\u00e9hicules \u00e9lectriques du parc...\",\"breadcrumb\":{\"@id\":\"https:\\\/\\\/www.autojm.fr\\\/blog\\\/renault-captur-et-renault-clio-versions-hybrides\\\/#breadcrumb\"},\"inLanguage\":\"fr-FR\",\"potentialAction\":[{\"@type\":\"ReadAction\",\"target\":[\"https:\\\/\\\/www.autojm.fr\\\/blog\\\/renault-captur-et-renault-clio-versions-hybrides\\\/\"]}]},{\"@type\":\"ImageObject\",\"inLanguage\":\"fr-FR\",\"@id\":\"https:\\\/\\\/www.autojm.fr\\\/blog\\\/renault-captur-et-renault-clio-versions-hybrides\\\/#primaryimage\",\"url\":\"https:\\\/\\\/www.autojm.fr\\\/blog\\\/wp-content\\\/uploads\\\/2022\\\/10\\\/507.jpg\",\"contentUrl\":\"https:\\\/\\\/www.autojm.fr\\\/blog\\\/wp-content\\\/uploads\\\/2022\\\/10\\\/507.jpg\",\"width\":750,\"height\":340,\"caption\":\"Renault Captur et Renault Clio\"},{\"@type\":\"BreadcrumbList\",\"@id\":\"https:\\\/\\\/www.autojm.fr\\\/blog\\\/renault-captur-et-renault-clio-versions-hybrides\\\/#breadcrumb\",\"itemListElement\":[{\"@type\":\"ListItem\",\"position\":1,\"name\":\"Accueil\",\"item\":\"https:\\\/\\\/www.autojm.fr\\\/blog\\\/\"},{\"@type\":\"ListItem\",\"position\":2,\"name\":\"Nouveaut\u00e9s Autos\",\"item\":\"https:\\\/\\\/www.autojm.fr\\\/blog\\\/nouveautes-autos\\\/\"},{\"@type\":\"ListItem\",\"position\":3,\"name\":\"Renault Captur et Renault Clio versions hybrides\"}]},{\"@type\":\"WebSite\",\"@id\":\"https:\\\/\\\/www.autojm.fr\\\/blog\\\/#website\",\"url\":\"https:\\\/\\\/www.autojm.fr\\\/blog\\\/\",\"name\":\"AutoJM Mag\",\"description\":\"Toute l&#039;actu auto en 1 clic !\",\"publisher\":{\"@id\":\"https:\\\/\\\/www.autojm.fr\\\/blog\\\/#organization\"},\"potentialAction\":[{\"@type\":\"SearchAction\",\"target\":{\"@type\":\"EntryPoint\",\"urlTemplate\":\"https:\\\/\\\/www.autojm.fr\\\/blog\\\/?s={search_term_string}\"},\"query-input\":{\"@type\":\"PropertyValueSpecification\",\"valueRequired\":true,\"valueName\":\"search_term_string\"}}],\"inLanguage\":\"fr-FR\"},{\"@type\":\"Organization\",\"@id\":\"https:\\\/\\\/www.autojm.fr\\\/blog\\\/#organization\",\"name\":\"AutoJM Mag\",\"url\":\"https:\\\/\\\/www.autojm.fr\\\/blog\\\/\",\"logo\":{\"@type\":\"ImageObject\",\"inLanguage\":\"fr-FR\",\"@id\":\"https:\\\/\\\/www.autojm.fr\\\/blog\\\/#\\\/schema\\\/logo\\\/image\\\/\",\"url\":\"https:\\\/\\\/www.autojm.fr\\\/blog\\\/wp-content\\\/uploads\\\/2022\\\/12\\\/cropped-AutoJMag-png.png\",\"contentUrl\":\"https:\\\/\\\/www.autojm.fr\\\/blog\\\/wp-content\\\/uploads\\\/2022\\\/12\\\/cropped-AutoJMag-png.png\",\"width\":2834,\"height\":585,\"caption\":\"AutoJM Mag\"},\"image\":{\"@id\":\"https:\\\/\\\/www.autojm.fr\\\/blog\\\/#\\\/schema\\\/logo\\\/image\\\/\"},\"sameAs\":[\"https:\\\/\\\/www.facebook.com\\\/AutoJM25\"]},{\"@type\":\"Person\",\"@id\":\"https:\\\/\\\/www.autojm.fr\\\/blog\\\/#\\\/schema\\\/person\\\/9742bc77541853e0de81fc57f947e1a0\",\"name\":\"Autojm\",\"image\":{\"@type\":\"ImageObject\",\"inLanguage\":\"fr-FR\",\"@id\":\"https:\\\/\\\/secure.gravatar.com\\\/avatar\\\/9a959d52b758fcc232fe4b6aca7bab139182573297122cce7d6f2ee0e537b418?s=96&d=mm&r=g\",\"url\":\"https:\\\/\\\/secure.gravatar.com\\\/avatar\\\/9a959d52b758fcc232fe4b6aca7bab139182573297122cce7d6f2ee0e537b418?s=96&d=mm&r=g\",\"contentUrl\":\"https:\\\/\\\/secure.gravatar.com\\\/avatar\\\/9a959d52b758fcc232fe4b6aca7bab139182573297122cce7d6f2ee0e537b418?s=96&d=mm&r=g\",\"caption\":\"Autojm\"},\"sameAs\":[\"https:\\\/\\\/www.autojm.fr\\\/blog\"],\"url\":\"https:\\\/\\\/www.autojm.fr\\\/blog\\\/author\\\/bichoi\\\/\"}]}<\/script>\n<!-- \/ Yoast SEO plugin. -->","yoast_head_json":{"title":"Renault Captur et Renault Clio versions hybrides - AutoJM Mag","description":"C'est en 2012 que la marque au losange lance la production de la Renault Zoe, l'un des premiers v\u00e9hicules \u00e9lectriques du parc...","robots":{"index":"index","follow":"follow","max-snippet":"max-snippet:-1","max-image-preview":"max-image-preview:large","max-video-preview":"max-video-preview:-1"},"canonical":"https:\/\/www.autojm.fr\/blog\/renault-captur-et-renault-clio-versions-hybrides\/","og_locale":"fr_FR","og_type":"article","og_title":"Renault Captur et Renault Clio versions hybrides - AutoJM Mag","og_description":"C'est en 2012 que la marque au losange lance la production de la Renault Zoe, l'un des premiers v\u00e9hicules \u00e9lectriques du parc...","og_url":"https:\/\/www.autojm.fr\/blog\/renault-captur-et-renault-clio-versions-hybrides\/","og_site_name":"AutoJM Mag","article_publisher":"https:\/\/www.facebook.com\/AutoJM25","article_published_time":"2020-01-10T00:00:00+00:00","article_modified_time":"2023-04-18T12:52:20+00:00","og_image":[{"width":750,"height":340,"url":"https:\/\/www.autojm.fr\/blog\/wp-content\/uploads\/2022\/10\/507.jpg","type":"image\/jpeg"}],"author":"Autojm","twitter_card":"summary_large_image","twitter_misc":{"\u00c9crit par":"Autojm","Dur\u00e9e de lecture estim\u00e9e":"4 minutes"},"schema":{"@context":"https:\/\/schema.org","@graph":[{"@type":"Article","@id":"https:\/\/www.autojm.fr\/blog\/renault-captur-et-renault-clio-versions-hybrides\/#article","isPartOf":{"@id":"https:\/\/www.autojm.fr\/blog\/renault-captur-et-renault-clio-versions-hybrides\/"},"author":{"name":"Autojm","@id":"https:\/\/www.autojm.fr\/blog\/#\/schema\/person\/9742bc77541853e0de81fc57f947e1a0"},"headline":"Renault Captur et Renault Clio versions hybrides","datePublished":"2020-01-10T00:00:00+00:00","dateModified":"2023-04-18T12:52:20+00:00","mainEntityOfPage":{"@id":"https:\/\/www.autojm.fr\/blog\/renault-captur-et-renault-clio-versions-hybrides\/"},"wordCount":641,"commentCount":0,"publisher":{"@id":"https:\/\/www.autojm.fr\/blog\/#organization"},"image":{"@id":"https:\/\/www.autojm.fr\/blog\/renault-captur-et-renault-clio-versions-hybrides\/#primaryimage"},"thumbnailUrl":"https:\/\/www.autojm.fr\/blog\/wp-content\/uploads\/2022\/10\/507.jpg","keywords":["autojm","renault","Renault Captur","Renault Clio"],"articleSection":["Nouveaut\u00e9 Renault","Nouveaut\u00e9s Autos"],"inLanguage":"fr-FR","potentialAction":[{"@type":"CommentAction","name":"Comment","target":["https:\/\/www.autojm.fr\/blog\/renault-captur-et-renault-clio-versions-hybrides\/#respond"]}]},{"@type":"WebPage","@id":"https:\/\/www.autojm.fr\/blog\/renault-captur-et-renault-clio-versions-hybrides\/","url":"https:\/\/www.autojm.fr\/blog\/renault-captur-et-renault-clio-versions-hybrides\/","name":"Renault Captur et Renault Clio versions hybrides - AutoJM Mag","isPartOf":{"@id":"https:\/\/www.autojm.fr\/blog\/#website"},"primaryImageOfPage":{"@id":"https:\/\/www.autojm.fr\/blog\/renault-captur-et-renault-clio-versions-hybrides\/#primaryimage"},"image":{"@id":"https:\/\/www.autojm.fr\/blog\/renault-captur-et-renault-clio-versions-hybrides\/#primaryimage"},"thumbnailUrl":"https:\/\/www.autojm.fr\/blog\/wp-content\/uploads\/2022\/10\/507.jpg","datePublished":"2020-01-10T00:00:00+00:00","dateModified":"2023-04-18T12:52:20+00:00","description":"C'est en 2012 que la marque au losange lance la production de la Renault Zoe, l'un des premiers v\u00e9hicules \u00e9lectriques du parc...","breadcrumb":{"@id":"https:\/\/www.autojm.fr\/blog\/renault-captur-et-renault-clio-versions-hybrides\/#breadcrumb"},"inLanguage":"fr-FR","potentialAction":[{"@type":"ReadAction","target":["https:\/\/www.autojm.fr\/blog\/renault-captur-et-renault-clio-versions-hybrides\/"]}]},{"@type":"ImageObject","inLanguage":"fr-FR","@id":"https:\/\/www.autojm.fr\/blog\/renault-captur-et-renault-clio-versions-hybrides\/#primaryimage","url":"https:\/\/www.autojm.fr\/blog\/wp-content\/uploads\/2022\/10\/507.jpg","contentUrl":"https:\/\/www.autojm.fr\/blog\/wp-content\/uploads\/2022\/10\/507.jpg","width":750,"height":340,"caption":"Renault Captur et Renault Clio"},{"@type":"BreadcrumbList","@id":"https:\/\/www.autojm.fr\/blog\/renault-captur-et-renault-clio-versions-hybrides\/#breadcrumb","itemListElement":[{"@type":"ListItem","position":1,"name":"Accueil","item":"https:\/\/www.autojm.fr\/blog\/"},{"@type":"ListItem","position":2,"name":"Nouveaut\u00e9s Autos","item":"https:\/\/www.autojm.fr\/blog\/nouveautes-autos\/"},{"@type":"ListItem","position":3,"name":"Renault Captur et Renault Clio versions hybrides"}]},{"@type":"WebSite","@id":"https:\/\/www.autojm.fr\/blog\/#website","url":"https:\/\/www.autojm.fr\/blog\/","name":"AutoJM Mag","description":"Toute l&#039;actu auto en 1 clic !","publisher":{"@id":"https:\/\/www.autojm.fr\/blog\/#organization"},"potentialAction":[{"@type":"SearchAction","target":{"@type":"EntryPoint","urlTemplate":"https:\/\/www.autojm.fr\/blog\/?s={search_term_string}"},"query-input":{"@type":"PropertyValueSpecification","valueRequired":true,"valueName":"search_term_string"}}],"inLanguage":"fr-FR"},{"@type":"Organization","@id":"https:\/\/www.autojm.fr\/blog\/#organization","name":"AutoJM Mag","url":"https:\/\/www.autojm.fr\/blog\/","logo":{"@type":"ImageObject","inLanguage":"fr-FR","@id":"https:\/\/www.autojm.fr\/blog\/#\/schema\/logo\/image\/","url":"https:\/\/www.autojm.fr\/blog\/wp-content\/uploads\/2022\/12\/cropped-AutoJMag-png.png","contentUrl":"https:\/\/www.autojm.fr\/blog\/wp-content\/uploads\/2022\/12\/cropped-AutoJMag-png.png","width":2834,"height":585,"caption":"AutoJM Mag"},"image":{"@id":"https:\/\/www.autojm.fr\/blog\/#\/schema\/logo\/image\/"},"sameAs":["https:\/\/www.facebook.com\/AutoJM25"]},{"@type":"Person","@id":"https:\/\/www.autojm.fr\/blog\/#\/schema\/person\/9742bc77541853e0de81fc57f947e1a0","name":"Autojm","image":{"@type":"ImageObject","inLanguage":"fr-FR","@id":"https:\/\/secure.gravatar.com\/avatar\/9a959d52b758fcc232fe4b6aca7bab139182573297122cce7d6f2ee0e537b418?s=96&d=mm&r=g","url":"https:\/\/secure.gravatar.com\/avatar\/9a959d52b758fcc232fe4b6aca7bab139182573297122cce7d6f2ee0e537b418?s=96&d=mm&r=g","contentUrl":"https:\/\/secure.gravatar.com\/avatar\/9a959d52b758fcc232fe4b6aca7bab139182573297122cce7d6f2ee0e537b418?s=96&d=mm&r=g","caption":"Autojm"},"sameAs":["https:\/\/www.autojm.fr\/blog"],"url":"https:\/\/www.autojm.fr\/blog\/author\/bichoi\/"}]}},"_links":{"self":[{"href":"https:\/\/www.autojm.fr\/blog\/wp-json\/wp\/v2\/posts\/3782","targetHints":{"allow":["GET"]}}],"collection":[{"href":"https:\/\/www.autojm.fr\/blog\/wp-json\/wp\/v2\/posts"}],"about":[{"href":"https:\/\/www.autojm.fr\/blog\/wp-json\/wp\/v2\/types\/post"}],"author":[{"embeddable":true,"href":"https:\/\/www.autojm.fr\/blog\/wp-json\/wp\/v2\/users\/1"}],"replies":[{"embeddable":true,"href":"https:\/\/www.autojm.fr\/blog\/wp-json\/wp\/v2\/comments?post=3782"}],"version-history":[{"count":5,"href":"https:\/\/www.autojm.fr\/blog\/wp-json\/wp\/v2\/posts\/3782\/revisions"}],"predecessor-version":[{"id":9297,"href":"https:\/\/www.autojm.fr\/blog\/wp-json\/wp\/v2\/posts\/3782\/revisions\/9297"}],"wp:featuredmedia":[{"embeddable":true,"href":"https:\/\/www.autojm.fr\/blog\/wp-json\/wp\/v2\/media\/5842"}],"wp:attachment":[{"href":"https:\/\/www.autojm.fr\/blog\/wp-json\/wp\/v2\/media?parent=3782"}],"wp:term":[{"taxonomy":"category","embeddable":true,"href":"https:\/\/www.autojm.fr\/blog\/wp-json\/wp\/v2\/categories?post=3782"},{"taxonomy":"post_tag","embeddable":true,"href":"https:\/\/www.autojm.fr\/blog\/wp-json\/wp\/v2\/tags?post=3782"}],"curies":[{"name":"wp","href":"https:\/\/api.w.org\/{rel}","templated":true}]}}