{"id":3776,"date":"2019-12-23T00:00:00","date_gmt":"2019-12-23T00:00:00","guid":{"rendered":"https:\/\/www.autojm.fr\/blog\/les-voitures-cultes-des-films-francais\/"},"modified":"2023-04-19T07:08:06","modified_gmt":"2023-04-19T07:08:06","slug":"les-voitures-cultes-des-films-francais","status":"publish","type":"post","link":"https:\/\/www.autojm.fr\/blog\/les-voitures-cultes-des-films-francais\/","title":{"rendered":"Les voitures cultes des films fran\u00e7ais"},"content":{"rendered":"<p>S&rsquo;il y a bien un domaine dans lequel l&rsquo;automobile trouve sa place, c&rsquo;est le cin\u00e9ma. Sur petit ou grand \u00e9cran, de nombreux v\u00e9hicules aujourd&rsquo;hui l\u00e9gendaires ont servi d&rsquo;alli\u00e9 \u00e0 des acteurs de grande renomm\u00e9e. Le cin\u00e9ma Fran\u00e7ais n&rsquo;y \u00e9chappe pas ! Retour sur les v\u00e9hicules des films fran\u00e7ais cultes.<\/p>\n<h2>La 2CV de Citro\u00ebn<\/h2>\n<p>Culte dans de nombreux films, elle a souvent accompagn\u00e9 le c\u00e9l\u00e8bre<strong> Louis de Fun\u00e8s<\/strong> ou ses collaborateurs au gr\u00e9 de leurs aventures. Et elle fut mythique dans le film<strong> Le Corniaud<\/strong>, sorti en <strong>1965<\/strong>, pour la c\u00e9l\u00e8bre sc\u00e8ne o\u00f9 elle tombe litt\u00e9ralement en ruine (vid\u00e9o). Pour la petite histoire, elle a d\u00fb \u00eatre \u201cd\u00e9soss\u00e9e\u201d et pr\u00e9-d\u00e9coup\u00e9e en quelques <strong>250 morceaux<\/strong> avant d&rsquo;\u00eatre rassembl\u00e9e par de simples crochets. Le pare-choc contenait 250 boutons \u00e9lectriques qui, une fois enclench\u00e9s par le choc de l&rsquo;accident, provoquaient la chute &#8211; en une s\u00e9quence bien pr\u00e9cise &#8211; des pi\u00e8ces diff\u00e9rentes. La vitesse de marche de la voiture avait m\u00eame \u00e9t\u00e9 pr\u00e9-calcul\u00e9e pour que <strong>Bourvil<\/strong>, qui jouait l&rsquo;acteur et le cascadeur dans cette sc\u00e8ne, ne soit pas bless\u00e9. De cette sc\u00e8ne est d&rsquo;ailleurs apparue la phrase culte \u201c<strong>maintenant, elle va marcher beaucoup moins bien forc\u00e9ment<\/strong>\u201d.<\/p>\n<p style=\"text-align: center;\">\n<h2>La Cadillac Deville<\/h2>\n<p>Comme la pr\u00e9c\u00e9dente, cette voiture a \u00e9t\u00e9 l&rsquo;une des stars du film <strong>Le Corniaud<\/strong>. Le coup\u00e9 Deville est un d\u00e9riv\u00e9 du Club Coup\u00e9 de la s\u00e9rie 62, mais sans montant central. Ce mod\u00e8le de Cadillac appara\u00eet en <strong>1949<\/strong>, avec un moteur V8 de 5,4 litres et 160 chevaux. De nombreux restylages se sont succ\u00e9d\u00e9s : nouvelle carrosserie, nouveau ch\u00e2ssis, lignes plus tendues, capot plus long\u2026 Le moteur est devenu un 6,4 litres de 325 chevaux et la Deville a accueilli la bo\u00eete automatique Hydra-matic.<\/p>\n<p style=\"text-align: center;\">\n<h2>DS 19<\/h2>\n<p>Cette voiture mythique est apparue dans le film <strong>Le Cerveau<\/strong> de <strong>1969<\/strong> o\u00f9 <strong>Jean-Paul Belmondo<\/strong> et <strong>Bourvil<\/strong> se donnent la r\u00e9plique. On se rappelle notamment de la c\u00e9l\u00e8bre <strong>course poursuite<\/strong> lors de laquelle <strong>la DS 19 est coup\u00e9e en deux<\/strong>. Et si ce mod\u00e8le a plu en France, il a \u00e9galement \u00e9t\u00e9 utilis\u00e9 dans des <strong>films am\u00e9ricains &#8211; comme Retour vers le Futur 2 -, dans des s\u00e9ries am\u00e9ricaines &#8211; comme Mentalist &#8211; et dans d&rsquo;autres films fran\u00e7ais comme Les Tontons Flingueurs ou Fantomas<\/strong>. L\u00e0 encore, c&rsquo;est De Fun\u00e8s qui fut accompagn\u00e9 par ce mod\u00e8le. La DS 19 est appr\u00e9ci\u00e9e pour sa suspension hydropneumatique et la direction assist\u00e9e, un luxe \u00e0 cette \u00e9poque.<\/p>\n<p style=\"text-align: center;\">\n<h2>Renault 4 F4<\/h2>\n<p>Et qui de mieux que Godefroy et Jacquouille pour d\u00e9truire cette voiture populaire de <a href=\"https:\/\/www.autojm.fr\/mandataire-voitures-neuves-renault?part=blog&amp;utm_source=articleblog231219&amp;utm_medium=blog\">la marque au losange<\/a> ? Cette sc\u00e8ne mythique a donn\u00e9 un r\u00f4le de choix \u00e0 cette <strong>Renault 4<\/strong>, pass\u00e9e \u00e0 tabac par <strong>Christian Clavier<\/strong> (Jacquouille) et <strong>Jean Reno<\/strong> (Godefroy). Ce mod\u00e8le s&rsquo;est vendu \u00e0 plus de <strong>8 millions d&rsquo;exemplaires entre 1960 et 1980<\/strong>. A cette \u00e9poque, elle est d&rsquo;ailleurs le mod\u00e8le r\u00e9f\u00e9rent de nombreuses administrations comme les pompiers, les gendarmes et la poste\u2026 Mais dans la vraie vie, aucun facteur n&rsquo;a subi le m\u00eame sort que dans cette sc\u00e8ne du film <strong>Les Visiteurs<\/strong>, sorti en <strong>1993<\/strong>.<\/p>\n<p style=\"text-align: center;\">\n<h2>Peugeot 406<\/h2>\n<p>Si je vous dis vitesse, courses et <strong>Samy Naceri<\/strong>\u2026 C&rsquo;est bien \u00e9videmment au film <strong>Taxi<\/strong> que je fais allusion. Et quel film ! Tr\u00e8s appr\u00e9ci\u00e9 du public, le r\u00f4le le plus marquant reste sans aucun doute celui de la <strong>Peugeot 406<\/strong>, qui fait office de taxi un peu particulier qui peut se transformer en une vraie <strong>voiture de course<\/strong>. <a href=\"https:\/\/www.turbo.fr\/actualite-automobile\/la-peugeot-406-de-taxi-est-vendre-pour-seulement-3200-euros-155257\"><strong>La 406 est d&rsquo;ailleurs actuellement en vente en Russie pour pr\u00e8s de 3200 euros seulement<\/strong><\/a>. L\u00e9g\u00e8rement modifi\u00e9e, on peut lire dans son descriptif : 19 ans, 283 000 kilom\u00e8tres, moteur 4 cylindres 1,8 litres et 116 chevaux, direction assist\u00e9e, ESP, ABS, vitres \u00e9lectriques avant et r\u00e9troviseurs chauffants. Le plus ? Si quelqu&rsquo;un touche cette voiture, une alarme se d\u00e9clenche et pas n&rsquo;importe laquelle\u2026 Puisqu&rsquo;il s&rsquo;agit de la musique officielle du film.<\/p>\n<p style=\"text-align: center;\">\n<h2>Facel Vega Facellia<\/h2>\n<p>Cette voiture passe aux mains du tr\u00e8s grand Jean Dujardin qui joue l&rsquo;espion dans le film <strong>OSS 117 : Le Caire, Nid d&rsquo;Espions<\/strong> &#8211; sorti en <strong>2006<\/strong> &#8211; aux c\u00f4t\u00e9s de <strong>B\u00e9r\u00e9nice B\u00e9jo<\/strong>, elle aussi conductrice de la Facellia. Ce mod\u00e8le a \u00e9t\u00e9 reconnu notamment gr\u00e2ce aux<strong> courses<\/strong> dans lesquelles des <strong>pilotes<\/strong> l&rsquo;ont emmen\u00e9 sur le <strong>podium<\/strong> : en 1961, on l&rsquo;aper\u00e7oit sur le podium du Rallye Monte-Carlo, au Rallye Lorraine en t\u00eate des \u201cplus de 1600m3\u201d, et \u00e9galement au Tour de France Automobile. En 1962, \u00e0 nouveau, La Facel Vega Facellia se fait une place parmi les meilleures au Rallye Monte-Carlo.<\/p>\n<p style=\"text-align: center;\">\n<h2>Renault 4L<\/h2>\n<p>Pour terminer, on retrouve \u00e0 nouveau<strong> la marque au losange<\/strong>, quelques 40 ann\u00e9es plus tard, aux c\u00f4t\u00e9s de <strong>Dany Boon<\/strong> et <strong>Beno\u00eet Poelvoorde<\/strong> dans le c\u00e9l\u00e8bre film <strong>Rien \u00e0 d\u00e9clarer<\/strong>. Elle sera l&rsquo;outil du duo de douaniers le plus connu du cin\u00e9ma fran\u00e7ais, rassembl\u00e9s \u00e0 la fronti\u00e8re Belge. La 4L est dot\u00e9e de suspensions hydrauliques, et d&rsquo;une carrosserie sport avec ailes \u00e9largies, spoiler, prise d&rsquo;air et aileron.<\/p>\n","protected":false},"excerpt":{"rendered":"<p>S&rsquo;il y a bien un domaine dans lequel l&rsquo;automobile trouve sa place, c&rsquo;est le cin\u00e9ma. Sur petit ou grand \u00e9cran, de nombreux v\u00e9hicules aujourd&rsquo;hui l\u00e9gendaires ont servi d&rsquo;alli\u00e9 \u00e0 des acteurs de grande renomm\u00e9e. Le cin\u00e9ma Fran\u00e7ais n&rsquo;y \u00e9chappe pas ! Retour sur les v\u00e9hicules des films fran\u00e7ais cultes.<\/p>\n","protected":false},"author":1,"featured_media":5836,"comment_status":"open","ping_status":"open","sticky":false,"template":"","format":"standard","meta":{"_acf_changed":false,"content-type":"","footnotes":""},"categories":[22],"tags":[90,85,74,105,110,109,106,108,107,73,78,169,96],"class_list":["post-3776","post","type-post","status-publish","format-standard","has-post-thumbnail","hentry","category-conseils-astuces","tag-autojm","tag-citroen-2","tag-dacia","tag-ds","tag-fiat","tag-ford","tag-kia","tag-nissan","tag-opel","tag-peugeot","tag-renault","tag-toyota","tag-volkswagen"],"acf":[],"yoast_head":"<!-- This site is optimized with the Yoast SEO plugin v27.5 - https:\/\/yoast.com\/product\/yoast-seo-wordpress\/ -->\n<title>Les voitures cultes des films fran\u00e7ais - AutoJM Mag<\/title>\n<meta name=\"description\" content=\"S&#039;il y a bien un domaine dans lequel l&#039;automobile trouve sa place, c&#039;est le cin\u00e9ma. Sur petit ou grand \u00e9cran, de nombreux v\u00e9hicules...\" \/>\n<meta name=\"robots\" content=\"index, follow, max-snippet:-1, max-image-preview:large, max-video-preview:-1\" \/>\n<link rel=\"canonical\" href=\"https:\/\/www.autojm.fr\/blog\/les-voitures-cultes-des-films-francais\/\" \/>\n<meta property=\"og:locale\" content=\"fr_FR\" \/>\n<meta property=\"og:type\" content=\"article\" \/>\n<meta property=\"og:title\" content=\"Les voitures cultes des films fran\u00e7ais - AutoJM Mag\" \/>\n<meta property=\"og:description\" content=\"S&#039;il y a bien un domaine dans lequel l&#039;automobile trouve sa place, c&#039;est le cin\u00e9ma. Sur petit ou grand \u00e9cran, de nombreux v\u00e9hicules...\" \/>\n<meta property=\"og:url\" content=\"https:\/\/www.autojm.fr\/blog\/les-voitures-cultes-des-films-francais\/\" \/>\n<meta property=\"og:site_name\" content=\"AutoJM Mag\" \/>\n<meta property=\"article:publisher\" content=\"https:\/\/www.facebook.com\/AutoJM25\" \/>\n<meta property=\"article:published_time\" content=\"2019-12-23T00:00:00+00:00\" \/>\n<meta property=\"article:modified_time\" content=\"2023-04-19T07:08:06+00:00\" \/>\n<meta property=\"og:image\" content=\"https:\/\/www.autojm.fr\/blog\/wp-content\/uploads\/2022\/10\/501.jpg\" \/>\n\t<meta property=\"og:image:width\" content=\"1562\" \/>\n\t<meta property=\"og:image:height\" content=\"708\" \/>\n\t<meta property=\"og:image:type\" content=\"image\/jpeg\" \/>\n<meta name=\"author\" content=\"Autojm\" \/>\n<meta name=\"twitter:card\" content=\"summary_large_image\" \/>\n<meta name=\"twitter:label1\" content=\"\u00c9crit par\" \/>\n\t<meta name=\"twitter:data1\" content=\"Autojm\" \/>\n\t<meta name=\"twitter:label2\" content=\"Dur\u00e9e de lecture estim\u00e9e\" \/>\n\t<meta name=\"twitter:data2\" content=\"5 minutes\" \/>\n<script type=\"application\/ld+json\" class=\"yoast-schema-graph\">{\"@context\":\"https:\\\/\\\/schema.org\",\"@graph\":[{\"@type\":\"Article\",\"@id\":\"https:\\\/\\\/www.autojm.fr\\\/blog\\\/les-voitures-cultes-des-films-francais\\\/#article\",\"isPartOf\":{\"@id\":\"https:\\\/\\\/www.autojm.fr\\\/blog\\\/les-voitures-cultes-des-films-francais\\\/\"},\"author\":{\"name\":\"Autojm\",\"@id\":\"https:\\\/\\\/www.autojm.fr\\\/blog\\\/#\\\/schema\\\/person\\\/9742bc77541853e0de81fc57f947e1a0\"},\"headline\":\"Les voitures cultes des films fran\u00e7ais\",\"datePublished\":\"2019-12-23T00:00:00+00:00\",\"dateModified\":\"2023-04-19T07:08:06+00:00\",\"mainEntityOfPage\":{\"@id\":\"https:\\\/\\\/www.autojm.fr\\\/blog\\\/les-voitures-cultes-des-films-francais\\\/\"},\"wordCount\":860,\"commentCount\":0,\"publisher\":{\"@id\":\"https:\\\/\\\/www.autojm.fr\\\/blog\\\/#organization\"},\"image\":{\"@id\":\"https:\\\/\\\/www.autojm.fr\\\/blog\\\/les-voitures-cultes-des-films-francais\\\/#primaryimage\"},\"thumbnailUrl\":\"https:\\\/\\\/www.autojm.fr\\\/blog\\\/wp-content\\\/uploads\\\/2022\\\/10\\\/501.jpg\",\"keywords\":[\"autojm\",\"Citro\u00ebn\",\"dacia\",\"DS\",\"Fiat\",\"Ford\",\"Kia\",\"Nissan\",\"Opel\",\"peugeot\",\"renault\",\"Toyota\",\"Volkswagen\"],\"articleSection\":[\"Conseils &amp; Astuces\"],\"inLanguage\":\"fr-FR\",\"potentialAction\":[{\"@type\":\"CommentAction\",\"name\":\"Comment\",\"target\":[\"https:\\\/\\\/www.autojm.fr\\\/blog\\\/les-voitures-cultes-des-films-francais\\\/#respond\"]}]},{\"@type\":\"WebPage\",\"@id\":\"https:\\\/\\\/www.autojm.fr\\\/blog\\\/les-voitures-cultes-des-films-francais\\\/\",\"url\":\"https:\\\/\\\/www.autojm.fr\\\/blog\\\/les-voitures-cultes-des-films-francais\\\/\",\"name\":\"Les voitures cultes des films fran\u00e7ais - AutoJM Mag\",\"isPartOf\":{\"@id\":\"https:\\\/\\\/www.autojm.fr\\\/blog\\\/#website\"},\"primaryImageOfPage\":{\"@id\":\"https:\\\/\\\/www.autojm.fr\\\/blog\\\/les-voitures-cultes-des-films-francais\\\/#primaryimage\"},\"image\":{\"@id\":\"https:\\\/\\\/www.autojm.fr\\\/blog\\\/les-voitures-cultes-des-films-francais\\\/#primaryimage\"},\"thumbnailUrl\":\"https:\\\/\\\/www.autojm.fr\\\/blog\\\/wp-content\\\/uploads\\\/2022\\\/10\\\/501.jpg\",\"datePublished\":\"2019-12-23T00:00:00+00:00\",\"dateModified\":\"2023-04-19T07:08:06+00:00\",\"description\":\"S'il y a bien un domaine dans lequel l'automobile trouve sa place, c'est le cin\u00e9ma. Sur petit ou grand \u00e9cran, de nombreux v\u00e9hicules...\",\"breadcrumb\":{\"@id\":\"https:\\\/\\\/www.autojm.fr\\\/blog\\\/les-voitures-cultes-des-films-francais\\\/#breadcrumb\"},\"inLanguage\":\"fr-FR\",\"potentialAction\":[{\"@type\":\"ReadAction\",\"target\":[\"https:\\\/\\\/www.autojm.fr\\\/blog\\\/les-voitures-cultes-des-films-francais\\\/\"]}]},{\"@type\":\"ImageObject\",\"inLanguage\":\"fr-FR\",\"@id\":\"https:\\\/\\\/www.autojm.fr\\\/blog\\\/les-voitures-cultes-des-films-francais\\\/#primaryimage\",\"url\":\"https:\\\/\\\/www.autojm.fr\\\/blog\\\/wp-content\\\/uploads\\\/2022\\\/10\\\/501.jpg\",\"contentUrl\":\"https:\\\/\\\/www.autojm.fr\\\/blog\\\/wp-content\\\/uploads\\\/2022\\\/10\\\/501.jpg\",\"width\":1562,\"height\":708,\"caption\":\"Voitures cultes\"},{\"@type\":\"BreadcrumbList\",\"@id\":\"https:\\\/\\\/www.autojm.fr\\\/blog\\\/les-voitures-cultes-des-films-francais\\\/#breadcrumb\",\"itemListElement\":[{\"@type\":\"ListItem\",\"position\":1,\"name\":\"Accueil\",\"item\":\"https:\\\/\\\/www.autojm.fr\\\/blog\\\/\"},{\"@type\":\"ListItem\",\"position\":2,\"name\":\"Conseils &amp; Astuces\",\"item\":\"https:\\\/\\\/www.autojm.fr\\\/blog\\\/conseils-astuces\\\/\"},{\"@type\":\"ListItem\",\"position\":3,\"name\":\"Les voitures cultes des films fran\u00e7ais\"}]},{\"@type\":\"WebSite\",\"@id\":\"https:\\\/\\\/www.autojm.fr\\\/blog\\\/#website\",\"url\":\"https:\\\/\\\/www.autojm.fr\\\/blog\\\/\",\"name\":\"AutoJM Mag\",\"description\":\"Toute l&#039;actu auto en 1 clic !\",\"publisher\":{\"@id\":\"https:\\\/\\\/www.autojm.fr\\\/blog\\\/#organization\"},\"potentialAction\":[{\"@type\":\"SearchAction\",\"target\":{\"@type\":\"EntryPoint\",\"urlTemplate\":\"https:\\\/\\\/www.autojm.fr\\\/blog\\\/?s={search_term_string}\"},\"query-input\":{\"@type\":\"PropertyValueSpecification\",\"valueRequired\":true,\"valueName\":\"search_term_string\"}}],\"inLanguage\":\"fr-FR\"},{\"@type\":\"Organization\",\"@id\":\"https:\\\/\\\/www.autojm.fr\\\/blog\\\/#organization\",\"name\":\"AutoJM Mag\",\"url\":\"https:\\\/\\\/www.autojm.fr\\\/blog\\\/\",\"logo\":{\"@type\":\"ImageObject\",\"inLanguage\":\"fr-FR\",\"@id\":\"https:\\\/\\\/www.autojm.fr\\\/blog\\\/#\\\/schema\\\/logo\\\/image\\\/\",\"url\":\"https:\\\/\\\/www.autojm.fr\\\/blog\\\/wp-content\\\/uploads\\\/2022\\\/12\\\/cropped-AutoJMag-png.png\",\"contentUrl\":\"https:\\\/\\\/www.autojm.fr\\\/blog\\\/wp-content\\\/uploads\\\/2022\\\/12\\\/cropped-AutoJMag-png.png\",\"width\":2834,\"height\":585,\"caption\":\"AutoJM Mag\"},\"image\":{\"@id\":\"https:\\\/\\\/www.autojm.fr\\\/blog\\\/#\\\/schema\\\/logo\\\/image\\\/\"},\"sameAs\":[\"https:\\\/\\\/www.facebook.com\\\/AutoJM25\"]},{\"@type\":\"Person\",\"@id\":\"https:\\\/\\\/www.autojm.fr\\\/blog\\\/#\\\/schema\\\/person\\\/9742bc77541853e0de81fc57f947e1a0\",\"name\":\"Autojm\",\"image\":{\"@type\":\"ImageObject\",\"inLanguage\":\"fr-FR\",\"@id\":\"https:\\\/\\\/secure.gravatar.com\\\/avatar\\\/9a959d52b758fcc232fe4b6aca7bab139182573297122cce7d6f2ee0e537b418?s=96&d=mm&r=g\",\"url\":\"https:\\\/\\\/secure.gravatar.com\\\/avatar\\\/9a959d52b758fcc232fe4b6aca7bab139182573297122cce7d6f2ee0e537b418?s=96&d=mm&r=g\",\"contentUrl\":\"https:\\\/\\\/secure.gravatar.com\\\/avatar\\\/9a959d52b758fcc232fe4b6aca7bab139182573297122cce7d6f2ee0e537b418?s=96&d=mm&r=g\",\"caption\":\"Autojm\"},\"sameAs\":[\"https:\\\/\\\/www.autojm.fr\\\/blog\"],\"url\":\"https:\\\/\\\/www.autojm.fr\\\/blog\\\/author\\\/bichoi\\\/\"}]}<\/script>\n<!-- \/ Yoast SEO plugin. -->","yoast_head_json":{"title":"Les voitures cultes des films fran\u00e7ais - AutoJM Mag","description":"S'il y a bien un domaine dans lequel l'automobile trouve sa place, c'est le cin\u00e9ma. Sur petit ou grand \u00e9cran, de nombreux v\u00e9hicules...","robots":{"index":"index","follow":"follow","max-snippet":"max-snippet:-1","max-image-preview":"max-image-preview:large","max-video-preview":"max-video-preview:-1"},"canonical":"https:\/\/www.autojm.fr\/blog\/les-voitures-cultes-des-films-francais\/","og_locale":"fr_FR","og_type":"article","og_title":"Les voitures cultes des films fran\u00e7ais - AutoJM Mag","og_description":"S'il y a bien un domaine dans lequel l'automobile trouve sa place, c'est le cin\u00e9ma. Sur petit ou grand \u00e9cran, de nombreux v\u00e9hicules...","og_url":"https:\/\/www.autojm.fr\/blog\/les-voitures-cultes-des-films-francais\/","og_site_name":"AutoJM Mag","article_publisher":"https:\/\/www.facebook.com\/AutoJM25","article_published_time":"2019-12-23T00:00:00+00:00","article_modified_time":"2023-04-19T07:08:06+00:00","og_image":[{"width":1562,"height":708,"url":"https:\/\/www.autojm.fr\/blog\/wp-content\/uploads\/2022\/10\/501.jpg","type":"image\/jpeg"}],"author":"Autojm","twitter_card":"summary_large_image","twitter_misc":{"\u00c9crit par":"Autojm","Dur\u00e9e de lecture estim\u00e9e":"5 minutes"},"schema":{"@context":"https:\/\/schema.org","@graph":[{"@type":"Article","@id":"https:\/\/www.autojm.fr\/blog\/les-voitures-cultes-des-films-francais\/#article","isPartOf":{"@id":"https:\/\/www.autojm.fr\/blog\/les-voitures-cultes-des-films-francais\/"},"author":{"name":"Autojm","@id":"https:\/\/www.autojm.fr\/blog\/#\/schema\/person\/9742bc77541853e0de81fc57f947e1a0"},"headline":"Les voitures cultes des films fran\u00e7ais","datePublished":"2019-12-23T00:00:00+00:00","dateModified":"2023-04-19T07:08:06+00:00","mainEntityOfPage":{"@id":"https:\/\/www.autojm.fr\/blog\/les-voitures-cultes-des-films-francais\/"},"wordCount":860,"commentCount":0,"publisher":{"@id":"https:\/\/www.autojm.fr\/blog\/#organization"},"image":{"@id":"https:\/\/www.autojm.fr\/blog\/les-voitures-cultes-des-films-francais\/#primaryimage"},"thumbnailUrl":"https:\/\/www.autojm.fr\/blog\/wp-content\/uploads\/2022\/10\/501.jpg","keywords":["autojm","Citro\u00ebn","dacia","DS","Fiat","Ford","Kia","Nissan","Opel","peugeot","renault","Toyota","Volkswagen"],"articleSection":["Conseils &amp; Astuces"],"inLanguage":"fr-FR","potentialAction":[{"@type":"CommentAction","name":"Comment","target":["https:\/\/www.autojm.fr\/blog\/les-voitures-cultes-des-films-francais\/#respond"]}]},{"@type":"WebPage","@id":"https:\/\/www.autojm.fr\/blog\/les-voitures-cultes-des-films-francais\/","url":"https:\/\/www.autojm.fr\/blog\/les-voitures-cultes-des-films-francais\/","name":"Les voitures cultes des films fran\u00e7ais - AutoJM Mag","isPartOf":{"@id":"https:\/\/www.autojm.fr\/blog\/#website"},"primaryImageOfPage":{"@id":"https:\/\/www.autojm.fr\/blog\/les-voitures-cultes-des-films-francais\/#primaryimage"},"image":{"@id":"https:\/\/www.autojm.fr\/blog\/les-voitures-cultes-des-films-francais\/#primaryimage"},"thumbnailUrl":"https:\/\/www.autojm.fr\/blog\/wp-content\/uploads\/2022\/10\/501.jpg","datePublished":"2019-12-23T00:00:00+00:00","dateModified":"2023-04-19T07:08:06+00:00","description":"S'il y a bien un domaine dans lequel l'automobile trouve sa place, c'est le cin\u00e9ma. Sur petit ou grand \u00e9cran, de nombreux v\u00e9hicules...","breadcrumb":{"@id":"https:\/\/www.autojm.fr\/blog\/les-voitures-cultes-des-films-francais\/#breadcrumb"},"inLanguage":"fr-FR","potentialAction":[{"@type":"ReadAction","target":["https:\/\/www.autojm.fr\/blog\/les-voitures-cultes-des-films-francais\/"]}]},{"@type":"ImageObject","inLanguage":"fr-FR","@id":"https:\/\/www.autojm.fr\/blog\/les-voitures-cultes-des-films-francais\/#primaryimage","url":"https:\/\/www.autojm.fr\/blog\/wp-content\/uploads\/2022\/10\/501.jpg","contentUrl":"https:\/\/www.autojm.fr\/blog\/wp-content\/uploads\/2022\/10\/501.jpg","width":1562,"height":708,"caption":"Voitures cultes"},{"@type":"BreadcrumbList","@id":"https:\/\/www.autojm.fr\/blog\/les-voitures-cultes-des-films-francais\/#breadcrumb","itemListElement":[{"@type":"ListItem","position":1,"name":"Accueil","item":"https:\/\/www.autojm.fr\/blog\/"},{"@type":"ListItem","position":2,"name":"Conseils &amp; Astuces","item":"https:\/\/www.autojm.fr\/blog\/conseils-astuces\/"},{"@type":"ListItem","position":3,"name":"Les voitures cultes des films fran\u00e7ais"}]},{"@type":"WebSite","@id":"https:\/\/www.autojm.fr\/blog\/#website","url":"https:\/\/www.autojm.fr\/blog\/","name":"AutoJM Mag","description":"Toute l&#039;actu auto en 1 clic !","publisher":{"@id":"https:\/\/www.autojm.fr\/blog\/#organization"},"potentialAction":[{"@type":"SearchAction","target":{"@type":"EntryPoint","urlTemplate":"https:\/\/www.autojm.fr\/blog\/?s={search_term_string}"},"query-input":{"@type":"PropertyValueSpecification","valueRequired":true,"valueName":"search_term_string"}}],"inLanguage":"fr-FR"},{"@type":"Organization","@id":"https:\/\/www.autojm.fr\/blog\/#organization","name":"AutoJM Mag","url":"https:\/\/www.autojm.fr\/blog\/","logo":{"@type":"ImageObject","inLanguage":"fr-FR","@id":"https:\/\/www.autojm.fr\/blog\/#\/schema\/logo\/image\/","url":"https:\/\/www.autojm.fr\/blog\/wp-content\/uploads\/2022\/12\/cropped-AutoJMag-png.png","contentUrl":"https:\/\/www.autojm.fr\/blog\/wp-content\/uploads\/2022\/12\/cropped-AutoJMag-png.png","width":2834,"height":585,"caption":"AutoJM Mag"},"image":{"@id":"https:\/\/www.autojm.fr\/blog\/#\/schema\/logo\/image\/"},"sameAs":["https:\/\/www.facebook.com\/AutoJM25"]},{"@type":"Person","@id":"https:\/\/www.autojm.fr\/blog\/#\/schema\/person\/9742bc77541853e0de81fc57f947e1a0","name":"Autojm","image":{"@type":"ImageObject","inLanguage":"fr-FR","@id":"https:\/\/secure.gravatar.com\/avatar\/9a959d52b758fcc232fe4b6aca7bab139182573297122cce7d6f2ee0e537b418?s=96&d=mm&r=g","url":"https:\/\/secure.gravatar.com\/avatar\/9a959d52b758fcc232fe4b6aca7bab139182573297122cce7d6f2ee0e537b418?s=96&d=mm&r=g","contentUrl":"https:\/\/secure.gravatar.com\/avatar\/9a959d52b758fcc232fe4b6aca7bab139182573297122cce7d6f2ee0e537b418?s=96&d=mm&r=g","caption":"Autojm"},"sameAs":["https:\/\/www.autojm.fr\/blog"],"url":"https:\/\/www.autojm.fr\/blog\/author\/bichoi\/"}]}},"_links":{"self":[{"href":"https:\/\/www.autojm.fr\/blog\/wp-json\/wp\/v2\/posts\/3776","targetHints":{"allow":["GET"]}}],"collection":[{"href":"https:\/\/www.autojm.fr\/blog\/wp-json\/wp\/v2\/posts"}],"about":[{"href":"https:\/\/www.autojm.fr\/blog\/wp-json\/wp\/v2\/types\/post"}],"author":[{"embeddable":true,"href":"https:\/\/www.autojm.fr\/blog\/wp-json\/wp\/v2\/users\/1"}],"replies":[{"embeddable":true,"href":"https:\/\/www.autojm.fr\/blog\/wp-json\/wp\/v2\/comments?post=3776"}],"version-history":[{"count":5,"href":"https:\/\/www.autojm.fr\/blog\/wp-json\/wp\/v2\/posts\/3776\/revisions"}],"predecessor-version":[{"id":9444,"href":"https:\/\/www.autojm.fr\/blog\/wp-json\/wp\/v2\/posts\/3776\/revisions\/9444"}],"wp:featuredmedia":[{"embeddable":true,"href":"https:\/\/www.autojm.fr\/blog\/wp-json\/wp\/v2\/media\/5836"}],"wp:attachment":[{"href":"https:\/\/www.autojm.fr\/blog\/wp-json\/wp\/v2\/media?parent=3776"}],"wp:term":[{"taxonomy":"category","embeddable":true,"href":"https:\/\/www.autojm.fr\/blog\/wp-json\/wp\/v2\/categories?post=3776"},{"taxonomy":"post_tag","embeddable":true,"href":"https:\/\/www.autojm.fr\/blog\/wp-json\/wp\/v2\/tags?post=3776"}],"curies":[{"name":"wp","href":"https:\/\/api.w.org\/{rel}","templated":true}]}}