{"id":3774,"date":"2020-07-28T00:00:00","date_gmt":"2020-07-28T00:00:00","guid":{"rendered":"https:\/\/www.autojm.fr\/blog\/bonus-ecologique-et-prime-a-la-conversion-changements-pour-2020-2021-et-2022\/"},"modified":"2023-04-19T12:04:27","modified_gmt":"2023-04-19T12:04:27","slug":"bonus-ecologique-et-prime-a-la-conversion-changements-pour-2020-2021-et-2022","status":"publish","type":"post","link":"https:\/\/www.autojm.fr\/blog\/bonus-ecologique-et-prime-a-la-conversion-changements-pour-2020-2021-et-2022\/","title":{"rendered":"Bonus \u00e9cologique et prime \u00e0 la conversion : changements pour 2020, 2021 et 2022"},"content":{"rendered":"<p>Le gouvernement fran\u00e7ais est habit\u00e9 par un objectif clair en mati\u00e8re d&rsquo;automobiles : avoir un parc de v\u00e9hicules propres uniquement. La route est longue, et de nombreuses m\u00e9thodes ont \u00e9t\u00e9 d\u00e9ploy\u00e9es pour inciter les automobilistes \u00e0 changer leurs v\u00e9hicules anciens et polluants contre des v\u00e9hicules neufs \u00e0 \u00e9missions de CO2 r\u00e9duites. Parmi elles, la mise en place d&rsquo;un bonus \u00e9cologique et d&rsquo;une prime \u00e0 la conversion. Que sait-on sur ces aides ?<\/p>\n<h2>Le bonus \u00e9cologique<\/h2>\n<p>Le bonus \u00e9cologique est un moyen de pousser les automobilistes \u00e0 l&rsquo;<strong>achat d&rsquo;un v\u00e9hicule \u00e9lectrique<\/strong>, et pour cause, ces derniers ne rejettent pas du tout de CO2.Certaines <strong>conditions<\/strong> sont n\u00e9cessaires pour pouvoir b\u00e9n\u00e9ficier de cette aide :<br \/>\n&#8211; il faut \u00eatre une personne physique majeure domicili\u00e9e en France ou morale poss\u00e9dant un \u00e9tablissement en France<br \/>\n&#8211; il faut acheter un v\u00e9hicule neuf, passer par une location avec option d&rsquo;achat ou une location longue dur\u00e9e d&rsquo;un minimum de 2 ans<br \/>\n&#8211; le v\u00e9hicule doit \u00eatre un particulier, une camionnette, un v\u00e9hicule \u00e0 moteur de 2 ou 3 roues ou un quadricycle<\/p>\n<p><strong>Les voitures de particuliers ou camionnettes<\/strong> doivent \u00eatre obligatoirement <strong>neuves<\/strong>, avec un taux d&rsquo;\u00e9mission de<strong> &#8211; de 20 grammes de CO2 par kilom\u00e8tre<\/strong>, <strong>100% \u00e9lectrique<\/strong>, et elles ne devront <strong>pas \u00eatre c\u00e9d\u00e9es dans les 6 mois suivant l&rsquo;achat<\/strong> et <strong>avant d&rsquo;avoir atteint 6000 kilom\u00e8tres parcourus<\/strong>. Les v\u00e9hicules \u00e0 moteurs de<strong> 2 ou 3 roues ou quadricycles<\/strong> doivent \u00eatre <strong>neufs<\/strong>, <strong>\u00e9lectriques<\/strong>, avoir \u00e9t\u00e9 <strong>immatricul\u00e9s en France<\/strong>, ils ne doivent <strong>pas contenir de batterie au plomb<\/strong>, et <strong>ne peuvent \u00eatre c\u00e9d\u00e9s dans l&rsquo;ann\u00e9e suivant l&rsquo;achat<\/strong> et <strong>avant d&rsquo;avoir atteint les 2000 kilom\u00e8tres parcourus<\/strong>.<\/p>\n<p>Les bar\u00e8mes de l&rsquo;ann\u00e9e 2020 sont les suivants : les <strong>v\u00e9hicules de moins de 45 000\u20ac<\/strong> sont soumis \u00e0 un bonus \u00e9cologique de 7<strong>000\u20ac<\/strong>, et de <strong>45 000\u20ac \u00e0 60 000\u20ac<\/strong> le bonus \u00e9cologique est de 5<strong>000\u20ac<\/strong>. Au del\u00e0, les v\u00e9hicules ne sont plus consid\u00e9r\u00e9s comme \u00e9ligibles \u00e0 cette prime car le montant est trop \u00e9lev\u00e9 et t\u00e9moigne de moyens financiers suffisants de la part des acheteurs.<\/p>\n<p>Mais ces tarifs ne sont pas gel\u00e9s, et des baisses seront appliqu\u00e9es d\u00e8s 2021. Le bonus maximum en <strong>2021<\/strong> ne sera plus que de <strong>5000\u20ac<\/strong>, et passera \u00e0 <strong>4000\u20ac en 2022<\/strong>. Ce tarif concerne les particuliers, mais les entreprises ne seront pas en reste, et, l\u00e0 encore, le bonus \u00e9co sera revu \u00e0 la baisse dans les ann\u00e9es \u00e0 venir : le maximum sera de <strong>3000\u20ac en 2020<\/strong>, <strong>2000\u20ac en 2021<\/strong> puis <strong>1000\u20ac en 2022<\/strong>.<\/p>\n<h2>La prime \u00e0 la conversion<\/h2>\n<p>La <strong>prime \u00e0 la conversion<\/strong> incite particuli\u00e8rement la <strong>mise \u201chors service\u201d des v\u00e9hicules polluants<\/strong>, plus particuli\u00e8rement les Diesel. L&rsquo;id\u00e9e est de pousser les automobilistes \u00e0 l&rsquo;achat d&rsquo;un v\u00e9hicule neuf, pour les diriger vers un v\u00e9hicule moderne avec un moteur propre.<\/p>\n<p>Pour le calcul de cette prime, ce sont les<strong> imp\u00f4ts pay\u00e9s par le m\u00e9nage<\/strong> et le <strong>type de v\u00e9hicule achet\u00e9<\/strong> qui sont pris en compte. Selon les r\u00e8gles en vigueur d\u00e8s le <strong>3 ao\u00fbt 2020<\/strong>, la prime est comprise <strong>entre 1500\u20ac et 3000<span style=\"font-weight: bold;\">\u20ac <\/span><\/strong>pour l&rsquo;achat d&rsquo;un <span style=\"font-weight: bold;\">v\u00e9hicule neuf thermique portant l&rsquo;\u00e9tiquette Crit&rsquo;Air 1 ou Crit&rsquo;Air 2<\/span>\u00a0et <strong>entre 2500\u20ac et <span style=\"font-weight: bold;\">5000\u20ac <\/span><\/strong>pour l&rsquo;achat d&rsquo;une <span style=\"font-weight: bold;\">hybride rechargeable ou d&rsquo;une voiture \u00e9lectrique<\/span>. Les automobilistes concern\u00e9s par la prime \u00e0 la conversion et r\u00e9sidant dans des<strong> Zones \u00e0 Faibles Emissions <\/strong>peuvent b\u00e9n\u00e9ficier d&rsquo;une <strong>surprime de 1000\u20ac<\/strong> maximum. Le R\u00e9trofit permet \u00e9galement de b\u00e9n\u00e9ficier d&rsquo;une prime \u00e0 la conversion.<\/p>\n<p>Le succ\u00e8s de la <strong>prime \u00e0 la conversion<\/strong> a cr\u00e9\u00e9 la surprise au gouvernement, qui a d\u00e9cid\u00e9 de d\u00e9bloquer un budget plus important pour faire face aux nombreuses demandes. Ce budget s&rsquo;\u00e9l\u00e8ve \u00e0 pr\u00e8s de <strong>70 millions d&rsquo;euros<\/strong>.<br \/>\nLe v\u00e9hicule mis hors de route doit \u00eatre un<strong> diesel immatricul\u00e9 avant 2001<\/strong>, ou <strong>avant 2006<\/strong> pour les<strong> foyers aux revenus moins importants<\/strong>.<\/p>\n","protected":false},"excerpt":{"rendered":"<p>Le gouvernement fran\u00e7ais est habit\u00e9 par un objectif clair en mati\u00e8re d&rsquo;automobiles : avoir un parc de v\u00e9hicules propres uniquement. La route est longue, et de nombreuses m\u00e9thodes ont \u00e9t\u00e9 d\u00e9ploy\u00e9es pour inciter les automobilistes \u00e0 changer leurs v\u00e9hicules anciens et polluants contre des v\u00e9hicules neufs \u00e0 \u00e9missions de CO2 r\u00e9duites.<\/p>\n","protected":false},"author":1,"featured_media":5834,"comment_status":"open","ping_status":"open","sticky":false,"template":"","format":"standard","meta":{"_acf_changed":false,"content-type":"","footnotes":""},"categories":[5],"tags":[90,79,74,105,110,109,106,108,107,73,78,96],"class_list":["post-3774","post","type-post","status-publish","format-standard","has-post-thumbnail","hentry","category-actualite-automobile","tag-autojm","tag-citroen","tag-dacia","tag-ds","tag-fiat","tag-ford","tag-kia","tag-nissan","tag-opel","tag-peugeot","tag-renault","tag-volkswagen"],"acf":[],"yoast_head":"<!-- This site is optimized with the Yoast SEO plugin v27.5 - https:\/\/yoast.com\/product\/yoast-seo-wordpress\/ -->\n<title>AutoJM Mag<\/title>\n<meta name=\"description\" content=\"Le gouvernement fran\u00e7ais est habit\u00e9 par un objectif clair en mati\u00e8re d&#039;automobiles : avoir un parc de v\u00e9hicules propres uniquement.\" \/>\n<meta name=\"robots\" content=\"index, follow, max-snippet:-1, max-image-preview:large, max-video-preview:-1\" \/>\n<link rel=\"canonical\" href=\"https:\/\/www.autojm.fr\/blog\/bonus-ecologique-et-prime-a-la-conversion-changements-pour-2020-2021-et-2022\/\" \/>\n<meta property=\"og:locale\" content=\"fr_FR\" \/>\n<meta property=\"og:type\" content=\"article\" \/>\n<meta property=\"og:title\" content=\"AutoJM Mag\" \/>\n<meta property=\"og:description\" content=\"Le gouvernement fran\u00e7ais est habit\u00e9 par un objectif clair en mati\u00e8re d&#039;automobiles : avoir un parc de v\u00e9hicules propres uniquement.\" \/>\n<meta property=\"og:url\" content=\"https:\/\/www.autojm.fr\/blog\/bonus-ecologique-et-prime-a-la-conversion-changements-pour-2020-2021-et-2022\/\" \/>\n<meta property=\"og:site_name\" content=\"AutoJM Mag\" \/>\n<meta property=\"article:publisher\" content=\"https:\/\/www.facebook.com\/AutoJM25\" \/>\n<meta property=\"article:published_time\" content=\"2020-07-28T00:00:00+00:00\" \/>\n<meta property=\"article:modified_time\" content=\"2023-04-19T12:04:27+00:00\" \/>\n<meta property=\"og:image\" content=\"https:\/\/www.autojm.fr\/blog\/wp-content\/uploads\/2022\/10\/500.jpg\" \/>\n\t<meta property=\"og:image:width\" content=\"1562\" \/>\n\t<meta property=\"og:image:height\" content=\"708\" \/>\n\t<meta property=\"og:image:type\" content=\"image\/jpeg\" \/>\n<meta name=\"author\" content=\"Autojm\" \/>\n<meta name=\"twitter:card\" content=\"summary_large_image\" \/>\n<meta name=\"twitter:label1\" content=\"\u00c9crit par\" \/>\n\t<meta name=\"twitter:data1\" content=\"Autojm\" \/>\n\t<meta name=\"twitter:label2\" content=\"Dur\u00e9e de lecture estim\u00e9e\" \/>\n\t<meta name=\"twitter:data2\" content=\"4 minutes\" \/>\n<script type=\"application\/ld+json\" class=\"yoast-schema-graph\">{\"@context\":\"https:\\\/\\\/schema.org\",\"@graph\":[{\"@type\":\"Article\",\"@id\":\"https:\\\/\\\/www.autojm.fr\\\/blog\\\/bonus-ecologique-et-prime-a-la-conversion-changements-pour-2020-2021-et-2022\\\/#article\",\"isPartOf\":{\"@id\":\"https:\\\/\\\/www.autojm.fr\\\/blog\\\/bonus-ecologique-et-prime-a-la-conversion-changements-pour-2020-2021-et-2022\\\/\"},\"author\":{\"name\":\"Autojm\",\"@id\":\"https:\\\/\\\/www.autojm.fr\\\/blog\\\/#\\\/schema\\\/person\\\/9742bc77541853e0de81fc57f947e1a0\"},\"headline\":\"Bonus \u00e9cologique et prime \u00e0 la conversion : changements pour 2020, 2021 et 2022\",\"datePublished\":\"2020-07-28T00:00:00+00:00\",\"dateModified\":\"2023-04-19T12:04:27+00:00\",\"mainEntityOfPage\":{\"@id\":\"https:\\\/\\\/www.autojm.fr\\\/blog\\\/bonus-ecologique-et-prime-a-la-conversion-changements-pour-2020-2021-et-2022\\\/\"},\"wordCount\":632,\"commentCount\":0,\"publisher\":{\"@id\":\"https:\\\/\\\/www.autojm.fr\\\/blog\\\/#organization\"},\"image\":{\"@id\":\"https:\\\/\\\/www.autojm.fr\\\/blog\\\/bonus-ecologique-et-prime-a-la-conversion-changements-pour-2020-2021-et-2022\\\/#primaryimage\"},\"thumbnailUrl\":\"https:\\\/\\\/www.autojm.fr\\\/blog\\\/wp-content\\\/uploads\\\/2022\\\/10\\\/500.jpg\",\"keywords\":[\"autojm\",\"citroen\",\"dacia\",\"DS\",\"Fiat\",\"Ford\",\"Kia\",\"Nissan\",\"Opel\",\"peugeot\",\"renault\",\"Volkswagen\"],\"articleSection\":[\"Actualit\u00e9 Automobile\"],\"inLanguage\":\"fr-FR\",\"potentialAction\":[{\"@type\":\"CommentAction\",\"name\":\"Comment\",\"target\":[\"https:\\\/\\\/www.autojm.fr\\\/blog\\\/bonus-ecologique-et-prime-a-la-conversion-changements-pour-2020-2021-et-2022\\\/#respond\"]}]},{\"@type\":\"WebPage\",\"@id\":\"https:\\\/\\\/www.autojm.fr\\\/blog\\\/bonus-ecologique-et-prime-a-la-conversion-changements-pour-2020-2021-et-2022\\\/\",\"url\":\"https:\\\/\\\/www.autojm.fr\\\/blog\\\/bonus-ecologique-et-prime-a-la-conversion-changements-pour-2020-2021-et-2022\\\/\",\"name\":\"AutoJM Mag\",\"isPartOf\":{\"@id\":\"https:\\\/\\\/www.autojm.fr\\\/blog\\\/#website\"},\"primaryImageOfPage\":{\"@id\":\"https:\\\/\\\/www.autojm.fr\\\/blog\\\/bonus-ecologique-et-prime-a-la-conversion-changements-pour-2020-2021-et-2022\\\/#primaryimage\"},\"image\":{\"@id\":\"https:\\\/\\\/www.autojm.fr\\\/blog\\\/bonus-ecologique-et-prime-a-la-conversion-changements-pour-2020-2021-et-2022\\\/#primaryimage\"},\"thumbnailUrl\":\"https:\\\/\\\/www.autojm.fr\\\/blog\\\/wp-content\\\/uploads\\\/2022\\\/10\\\/500.jpg\",\"datePublished\":\"2020-07-28T00:00:00+00:00\",\"dateModified\":\"2023-04-19T12:04:27+00:00\",\"description\":\"Le gouvernement fran\u00e7ais est habit\u00e9 par un objectif clair en mati\u00e8re d'automobiles : avoir un parc de v\u00e9hicules propres uniquement.\",\"breadcrumb\":{\"@id\":\"https:\\\/\\\/www.autojm.fr\\\/blog\\\/bonus-ecologique-et-prime-a-la-conversion-changements-pour-2020-2021-et-2022\\\/#breadcrumb\"},\"inLanguage\":\"fr-FR\",\"potentialAction\":[{\"@type\":\"ReadAction\",\"target\":[\"https:\\\/\\\/www.autojm.fr\\\/blog\\\/bonus-ecologique-et-prime-a-la-conversion-changements-pour-2020-2021-et-2022\\\/\"]}]},{\"@type\":\"ImageObject\",\"inLanguage\":\"fr-FR\",\"@id\":\"https:\\\/\\\/www.autojm.fr\\\/blog\\\/bonus-ecologique-et-prime-a-la-conversion-changements-pour-2020-2021-et-2022\\\/#primaryimage\",\"url\":\"https:\\\/\\\/www.autojm.fr\\\/blog\\\/wp-content\\\/uploads\\\/2022\\\/10\\\/500.jpg\",\"contentUrl\":\"https:\\\/\\\/www.autojm.fr\\\/blog\\\/wp-content\\\/uploads\\\/2022\\\/10\\\/500.jpg\",\"width\":1562,\"height\":708,\"caption\":\"Bonus \u00e9cologique\"},{\"@type\":\"BreadcrumbList\",\"@id\":\"https:\\\/\\\/www.autojm.fr\\\/blog\\\/bonus-ecologique-et-prime-a-la-conversion-changements-pour-2020-2021-et-2022\\\/#breadcrumb\",\"itemListElement\":[{\"@type\":\"ListItem\",\"position\":1,\"name\":\"Accueil\",\"item\":\"https:\\\/\\\/www.autojm.fr\\\/blog\\\/\"},{\"@type\":\"ListItem\",\"position\":2,\"name\":\"Actualit\u00e9 Automobile\",\"item\":\"https:\\\/\\\/www.autojm.fr\\\/blog\\\/actualite-automobile\\\/\"},{\"@type\":\"ListItem\",\"position\":3,\"name\":\"Bonus \u00e9cologique et prime \u00e0 la conversion : changements pour 2020, 2021 et 2022\"}]},{\"@type\":\"WebSite\",\"@id\":\"https:\\\/\\\/www.autojm.fr\\\/blog\\\/#website\",\"url\":\"https:\\\/\\\/www.autojm.fr\\\/blog\\\/\",\"name\":\"AutoJM Mag\",\"description\":\"Toute l&#039;actu auto en 1 clic !\",\"publisher\":{\"@id\":\"https:\\\/\\\/www.autojm.fr\\\/blog\\\/#organization\"},\"potentialAction\":[{\"@type\":\"SearchAction\",\"target\":{\"@type\":\"EntryPoint\",\"urlTemplate\":\"https:\\\/\\\/www.autojm.fr\\\/blog\\\/?s={search_term_string}\"},\"query-input\":{\"@type\":\"PropertyValueSpecification\",\"valueRequired\":true,\"valueName\":\"search_term_string\"}}],\"inLanguage\":\"fr-FR\"},{\"@type\":\"Organization\",\"@id\":\"https:\\\/\\\/www.autojm.fr\\\/blog\\\/#organization\",\"name\":\"AutoJM Mag\",\"url\":\"https:\\\/\\\/www.autojm.fr\\\/blog\\\/\",\"logo\":{\"@type\":\"ImageObject\",\"inLanguage\":\"fr-FR\",\"@id\":\"https:\\\/\\\/www.autojm.fr\\\/blog\\\/#\\\/schema\\\/logo\\\/image\\\/\",\"url\":\"https:\\\/\\\/www.autojm.fr\\\/blog\\\/wp-content\\\/uploads\\\/2022\\\/12\\\/cropped-AutoJMag-png.png\",\"contentUrl\":\"https:\\\/\\\/www.autojm.fr\\\/blog\\\/wp-content\\\/uploads\\\/2022\\\/12\\\/cropped-AutoJMag-png.png\",\"width\":2834,\"height\":585,\"caption\":\"AutoJM Mag\"},\"image\":{\"@id\":\"https:\\\/\\\/www.autojm.fr\\\/blog\\\/#\\\/schema\\\/logo\\\/image\\\/\"},\"sameAs\":[\"https:\\\/\\\/www.facebook.com\\\/AutoJM25\"]},{\"@type\":\"Person\",\"@id\":\"https:\\\/\\\/www.autojm.fr\\\/blog\\\/#\\\/schema\\\/person\\\/9742bc77541853e0de81fc57f947e1a0\",\"name\":\"Autojm\",\"image\":{\"@type\":\"ImageObject\",\"inLanguage\":\"fr-FR\",\"@id\":\"https:\\\/\\\/secure.gravatar.com\\\/avatar\\\/9a959d52b758fcc232fe4b6aca7bab139182573297122cce7d6f2ee0e537b418?s=96&d=mm&r=g\",\"url\":\"https:\\\/\\\/secure.gravatar.com\\\/avatar\\\/9a959d52b758fcc232fe4b6aca7bab139182573297122cce7d6f2ee0e537b418?s=96&d=mm&r=g\",\"contentUrl\":\"https:\\\/\\\/secure.gravatar.com\\\/avatar\\\/9a959d52b758fcc232fe4b6aca7bab139182573297122cce7d6f2ee0e537b418?s=96&d=mm&r=g\",\"caption\":\"Autojm\"},\"sameAs\":[\"https:\\\/\\\/www.autojm.fr\\\/blog\"],\"url\":\"https:\\\/\\\/www.autojm.fr\\\/blog\\\/author\\\/bichoi\\\/\"}]}<\/script>\n<!-- \/ Yoast SEO plugin. -->","yoast_head_json":{"title":"AutoJM Mag","description":"Le gouvernement fran\u00e7ais est habit\u00e9 par un objectif clair en mati\u00e8re d'automobiles : avoir un parc de v\u00e9hicules propres uniquement.","robots":{"index":"index","follow":"follow","max-snippet":"max-snippet:-1","max-image-preview":"max-image-preview:large","max-video-preview":"max-video-preview:-1"},"canonical":"https:\/\/www.autojm.fr\/blog\/bonus-ecologique-et-prime-a-la-conversion-changements-pour-2020-2021-et-2022\/","og_locale":"fr_FR","og_type":"article","og_title":"AutoJM Mag","og_description":"Le gouvernement fran\u00e7ais est habit\u00e9 par un objectif clair en mati\u00e8re d'automobiles : avoir un parc de v\u00e9hicules propres uniquement.","og_url":"https:\/\/www.autojm.fr\/blog\/bonus-ecologique-et-prime-a-la-conversion-changements-pour-2020-2021-et-2022\/","og_site_name":"AutoJM Mag","article_publisher":"https:\/\/www.facebook.com\/AutoJM25","article_published_time":"2020-07-28T00:00:00+00:00","article_modified_time":"2023-04-19T12:04:27+00:00","og_image":[{"width":1562,"height":708,"url":"https:\/\/www.autojm.fr\/blog\/wp-content\/uploads\/2022\/10\/500.jpg","type":"image\/jpeg"}],"author":"Autojm","twitter_card":"summary_large_image","twitter_misc":{"\u00c9crit par":"Autojm","Dur\u00e9e de lecture estim\u00e9e":"4 minutes"},"schema":{"@context":"https:\/\/schema.org","@graph":[{"@type":"Article","@id":"https:\/\/www.autojm.fr\/blog\/bonus-ecologique-et-prime-a-la-conversion-changements-pour-2020-2021-et-2022\/#article","isPartOf":{"@id":"https:\/\/www.autojm.fr\/blog\/bonus-ecologique-et-prime-a-la-conversion-changements-pour-2020-2021-et-2022\/"},"author":{"name":"Autojm","@id":"https:\/\/www.autojm.fr\/blog\/#\/schema\/person\/9742bc77541853e0de81fc57f947e1a0"},"headline":"Bonus \u00e9cologique et prime \u00e0 la conversion : changements pour 2020, 2021 et 2022","datePublished":"2020-07-28T00:00:00+00:00","dateModified":"2023-04-19T12:04:27+00:00","mainEntityOfPage":{"@id":"https:\/\/www.autojm.fr\/blog\/bonus-ecologique-et-prime-a-la-conversion-changements-pour-2020-2021-et-2022\/"},"wordCount":632,"commentCount":0,"publisher":{"@id":"https:\/\/www.autojm.fr\/blog\/#organization"},"image":{"@id":"https:\/\/www.autojm.fr\/blog\/bonus-ecologique-et-prime-a-la-conversion-changements-pour-2020-2021-et-2022\/#primaryimage"},"thumbnailUrl":"https:\/\/www.autojm.fr\/blog\/wp-content\/uploads\/2022\/10\/500.jpg","keywords":["autojm","citroen","dacia","DS","Fiat","Ford","Kia","Nissan","Opel","peugeot","renault","Volkswagen"],"articleSection":["Actualit\u00e9 Automobile"],"inLanguage":"fr-FR","potentialAction":[{"@type":"CommentAction","name":"Comment","target":["https:\/\/www.autojm.fr\/blog\/bonus-ecologique-et-prime-a-la-conversion-changements-pour-2020-2021-et-2022\/#respond"]}]},{"@type":"WebPage","@id":"https:\/\/www.autojm.fr\/blog\/bonus-ecologique-et-prime-a-la-conversion-changements-pour-2020-2021-et-2022\/","url":"https:\/\/www.autojm.fr\/blog\/bonus-ecologique-et-prime-a-la-conversion-changements-pour-2020-2021-et-2022\/","name":"AutoJM Mag","isPartOf":{"@id":"https:\/\/www.autojm.fr\/blog\/#website"},"primaryImageOfPage":{"@id":"https:\/\/www.autojm.fr\/blog\/bonus-ecologique-et-prime-a-la-conversion-changements-pour-2020-2021-et-2022\/#primaryimage"},"image":{"@id":"https:\/\/www.autojm.fr\/blog\/bonus-ecologique-et-prime-a-la-conversion-changements-pour-2020-2021-et-2022\/#primaryimage"},"thumbnailUrl":"https:\/\/www.autojm.fr\/blog\/wp-content\/uploads\/2022\/10\/500.jpg","datePublished":"2020-07-28T00:00:00+00:00","dateModified":"2023-04-19T12:04:27+00:00","description":"Le gouvernement fran\u00e7ais est habit\u00e9 par un objectif clair en mati\u00e8re d'automobiles : avoir un parc de v\u00e9hicules propres uniquement.","breadcrumb":{"@id":"https:\/\/www.autojm.fr\/blog\/bonus-ecologique-et-prime-a-la-conversion-changements-pour-2020-2021-et-2022\/#breadcrumb"},"inLanguage":"fr-FR","potentialAction":[{"@type":"ReadAction","target":["https:\/\/www.autojm.fr\/blog\/bonus-ecologique-et-prime-a-la-conversion-changements-pour-2020-2021-et-2022\/"]}]},{"@type":"ImageObject","inLanguage":"fr-FR","@id":"https:\/\/www.autojm.fr\/blog\/bonus-ecologique-et-prime-a-la-conversion-changements-pour-2020-2021-et-2022\/#primaryimage","url":"https:\/\/www.autojm.fr\/blog\/wp-content\/uploads\/2022\/10\/500.jpg","contentUrl":"https:\/\/www.autojm.fr\/blog\/wp-content\/uploads\/2022\/10\/500.jpg","width":1562,"height":708,"caption":"Bonus \u00e9cologique"},{"@type":"BreadcrumbList","@id":"https:\/\/www.autojm.fr\/blog\/bonus-ecologique-et-prime-a-la-conversion-changements-pour-2020-2021-et-2022\/#breadcrumb","itemListElement":[{"@type":"ListItem","position":1,"name":"Accueil","item":"https:\/\/www.autojm.fr\/blog\/"},{"@type":"ListItem","position":2,"name":"Actualit\u00e9 Automobile","item":"https:\/\/www.autojm.fr\/blog\/actualite-automobile\/"},{"@type":"ListItem","position":3,"name":"Bonus \u00e9cologique et prime \u00e0 la conversion : changements pour 2020, 2021 et 2022"}]},{"@type":"WebSite","@id":"https:\/\/www.autojm.fr\/blog\/#website","url":"https:\/\/www.autojm.fr\/blog\/","name":"AutoJM Mag","description":"Toute l&#039;actu auto en 1 clic !","publisher":{"@id":"https:\/\/www.autojm.fr\/blog\/#organization"},"potentialAction":[{"@type":"SearchAction","target":{"@type":"EntryPoint","urlTemplate":"https:\/\/www.autojm.fr\/blog\/?s={search_term_string}"},"query-input":{"@type":"PropertyValueSpecification","valueRequired":true,"valueName":"search_term_string"}}],"inLanguage":"fr-FR"},{"@type":"Organization","@id":"https:\/\/www.autojm.fr\/blog\/#organization","name":"AutoJM Mag","url":"https:\/\/www.autojm.fr\/blog\/","logo":{"@type":"ImageObject","inLanguage":"fr-FR","@id":"https:\/\/www.autojm.fr\/blog\/#\/schema\/logo\/image\/","url":"https:\/\/www.autojm.fr\/blog\/wp-content\/uploads\/2022\/12\/cropped-AutoJMag-png.png","contentUrl":"https:\/\/www.autojm.fr\/blog\/wp-content\/uploads\/2022\/12\/cropped-AutoJMag-png.png","width":2834,"height":585,"caption":"AutoJM Mag"},"image":{"@id":"https:\/\/www.autojm.fr\/blog\/#\/schema\/logo\/image\/"},"sameAs":["https:\/\/www.facebook.com\/AutoJM25"]},{"@type":"Person","@id":"https:\/\/www.autojm.fr\/blog\/#\/schema\/person\/9742bc77541853e0de81fc57f947e1a0","name":"Autojm","image":{"@type":"ImageObject","inLanguage":"fr-FR","@id":"https:\/\/secure.gravatar.com\/avatar\/9a959d52b758fcc232fe4b6aca7bab139182573297122cce7d6f2ee0e537b418?s=96&d=mm&r=g","url":"https:\/\/secure.gravatar.com\/avatar\/9a959d52b758fcc232fe4b6aca7bab139182573297122cce7d6f2ee0e537b418?s=96&d=mm&r=g","contentUrl":"https:\/\/secure.gravatar.com\/avatar\/9a959d52b758fcc232fe4b6aca7bab139182573297122cce7d6f2ee0e537b418?s=96&d=mm&r=g","caption":"Autojm"},"sameAs":["https:\/\/www.autojm.fr\/blog"],"url":"https:\/\/www.autojm.fr\/blog\/author\/bichoi\/"}]}},"_links":{"self":[{"href":"https:\/\/www.autojm.fr\/blog\/wp-json\/wp\/v2\/posts\/3774","targetHints":{"allow":["GET"]}}],"collection":[{"href":"https:\/\/www.autojm.fr\/blog\/wp-json\/wp\/v2\/posts"}],"about":[{"href":"https:\/\/www.autojm.fr\/blog\/wp-json\/wp\/v2\/types\/post"}],"author":[{"embeddable":true,"href":"https:\/\/www.autojm.fr\/blog\/wp-json\/wp\/v2\/users\/1"}],"replies":[{"embeddable":true,"href":"https:\/\/www.autojm.fr\/blog\/wp-json\/wp\/v2\/comments?post=3774"}],"version-history":[{"count":6,"href":"https:\/\/www.autojm.fr\/blog\/wp-json\/wp\/v2\/posts\/3774\/revisions"}],"predecessor-version":[{"id":9543,"href":"https:\/\/www.autojm.fr\/blog\/wp-json\/wp\/v2\/posts\/3774\/revisions\/9543"}],"wp:featuredmedia":[{"embeddable":true,"href":"https:\/\/www.autojm.fr\/blog\/wp-json\/wp\/v2\/media\/5834"}],"wp:attachment":[{"href":"https:\/\/www.autojm.fr\/blog\/wp-json\/wp\/v2\/media?parent=3774"}],"wp:term":[{"taxonomy":"category","embeddable":true,"href":"https:\/\/www.autojm.fr\/blog\/wp-json\/wp\/v2\/categories?post=3774"},{"taxonomy":"post_tag","embeddable":true,"href":"https:\/\/www.autojm.fr\/blog\/wp-json\/wp\/v2\/tags?post=3774"}],"curies":[{"name":"wp","href":"https:\/\/api.w.org\/{rel}","templated":true}]}}