{"id":3773,"date":"2019-12-18T00:00:00","date_gmt":"2019-12-18T00:00:00","guid":{"rendered":"https:\/\/www.autojm.fr\/blog\/fusion-entre-les-groupes-psa-et-fiat-chrysler-automobiles\/"},"modified":"2023-04-19T12:14:58","modified_gmt":"2023-04-19T12:14:58","slug":"fusion-entre-les-groupes-psa-et-fiat-chrysler-automobiles","status":"publish","type":"post","link":"https:\/\/www.autojm.fr\/blog\/fusion-entre-les-groupes-psa-et-fiat-chrysler-automobiles\/","title":{"rendered":"Fusion entre les groupes PSA et Fiat Chrysler Automobiles"},"content":{"rendered":"<p style=\"text-align: center;\">\n<p>La fin de cette ann\u00e9e 2019 marque de nombreux changements dans l&rsquo;univers de l&rsquo;automobile, et parmi eux, une nouvelle association qui devrait bouleverser le march\u00e9 automobile : la fusion des groupes PSA et Fiat Chrysler Automobiles. Apr\u00e8s de longues conversations men\u00e9es par les deux pr\u00e9sidents des groupes, un accord a \u00e9t\u00e9 trouv\u00e9 et il marque le d\u00e9but d&rsquo;un nouveau groupe automobile. Que sait-on sur cette fusion ?<\/p>\n<h2>Les groupes PSA et FCA s&rsquo;associent<\/h2>\n<p>C&rsquo;est au <strong>mois d&rsquo;octobre<\/strong> que les discussions se sont d\u00e9roul\u00e9es entre PSA et FCA, mais la fusion ne sera r\u00e9elle que d&rsquo;ici <strong>12 mois minimum<\/strong>. Le groupe Fiat avait avant cela engag\u00e9 un processus de fusion avec le groupe <strong>Renault-Nissan<\/strong>, tomb\u00e9 \u00e0 l&rsquo;eau faute d&rsquo;accord de la part du g\u00e9rant de Nissan. C&rsquo;est donc PSA qui s&rsquo;associe \u00e0 eux, pour former un seul et m\u00eame groupe dont le nom demeure inconnu.<\/p>\n<p style=\"text-align: center;\">\n<p>L&rsquo;association PSA\/FCA cr\u00e9era un groupe automobile de <strong>14 marques<\/strong> : <a href=\"https:\/\/www.autojm.fr\/mandataire-voitures-neuves-peugeot?part=blog&amp;utm_source=articleblog181219&amp;utm_medium=blog\">Peugeot<\/a>, <a href=\"https:\/\/www.autojm.fr\/mandataire-voitures-neuves-citroen?part=blog&amp;utm_source=articleblog181219&amp;utm_medium=blog\">Citro\u00ebn<\/a>, <a href=\"https:\/\/www.autojm.fr\/mandataire-voitures-neuves-ds?part=blog&amp;utm_source=articleblog181219&amp;utm_medium=blog\">DS<\/a>, <a href=\"https:\/\/www.autojm.fr\/mandataire-voitures-neuves-opel?part=blog&amp;utm_source=articleblog181219&amp;utm_medium=blog\">Opel<\/a>, Vauxhall, <a href=\"https:\/\/www.autojm.fr\/mandataire-voitures-neuves-fiat?part=blog&amp;utm_source=articleblog181219&amp;utm_medium=blog\">Fiat<\/a>, Chrysler, Alfa Romeo, Jeep, Maserati, Abarth, Lancia et Dodge. Tout laisse \u00e0 penser que la r\u00e9ussite de ce nouveau groupe automobile pourrait faire des \u00e9tincelles : avec <strong>8,7 millions de ventes totales \u00e0 eux deux<\/strong>, <strong>184 milliards d&rsquo;euros de chiffre d&rsquo;affaire<\/strong> et <strong>400 000<\/strong> salari\u00e9s, il sera plac\u00e9 au 4\u00e8me rang des leaders mondiaux de l&rsquo;automobile.<\/p>\n<p>A la t\u00eate de ce groupement automobile on retrouve <strong>Carlos TAVARES<\/strong>, actuel Directeur G\u00e9n\u00e9ral du groupe PSA, qui prendra la direction pour 5 ans minimum par contrat. <strong>John ELKANN<\/strong>, Directeur G\u00e9n\u00e9ral du groupe Chrysler, gardera quant \u00e0 lui la direction des marques initialement attach\u00e9es \u00e0 son groupe. Le <strong>conseil d&rsquo;administration<\/strong> comptera <strong>11 membres<\/strong>, dont 6 du personnel PSA et 5 du personnel FCA. Le <strong>si\u00e8ge social<\/strong> sera situ\u00e9 en terrain neutre \u00e0 <strong>Amsterdam<\/strong> et 3 si\u00e8ges op\u00e9rationnels seront r\u00e9partis entre la <strong>France, l&rsquo;Italie et les Etats-Unis<\/strong>.<\/p>\n<h2>Les int\u00e9r\u00eats des deux groupes automobiles<\/h2>\n<p>Cette fusion profitera aux deux groupes ic\u00f4nes du march\u00e9 de l&rsquo;automobile : tandis que PSA profitera des parts de march\u00e9 situ\u00e9es <strong>hors Europe<\/strong> et acquises par le groupe Fiat, ce dernier profitera des <strong>derni\u00e8res technologies d\u00e9velopp\u00e9es<\/strong> par le groupe Fran\u00e7ais pour mettre \u00e0 jour sa gamme et entrer dans l&rsquo;\u00e8re de la voiture propre. En clair, les futurs v\u00e9hicules des marques du groupe Fiat Chrysler Automobiles pourront profiter des <strong>plateformes e-CMP ou CMP<\/strong> d\u00e9velopp\u00e9es sur la nouvelle 208, le nouveau 2008, l&rsquo;Opel Corsa et la DS3 Crossback, ou m\u00eame la <strong>plateforme EMP 2<\/strong> du tr\u00e8s populaire SUV 3008. Cette fusion permettra d&rsquo;\u00e9conomiser sur de nombreux investissements qui auraient \u00e9t\u00e9 faits en Recherche et D\u00e9veloppement, pour permettre le partage des technologies d\u00e9velopp\u00e9es dans chacun des groupes.<\/p>\n<p>De nombreux projets verront le jour une fois la fusion officialis\u00e9e, ce qui pourrait permettre un vrai rebond de la part de marques qui perdent en parts du march\u00e9 : l&rsquo;attention sera port\u00e9e sur le chiffre d&rsquo;affaire des marques <strong>DS et Alfa Rom\u00e9o<\/strong>, actuellement en baisse. De l&rsquo;autre c\u00f4t\u00e9, le groupe FCA\/PSA pourra profiter de l&rsquo;actuelle popularit\u00e9 de la marque <strong>Jeep<\/strong>, qui occupe 34% de part des ventes du groupe Fiat actuel.<\/p>\n<p>Le groupe FCA profitera de cette fusion pour int\u00e9grer \u00e0 sa gamme des <strong>voitures hybrides<\/strong> ou <strong>voitures \u00e9lectriques<\/strong>.<\/p>\n<p>Pas de fermeture d&rsquo;usines au programme, la future association <strong>FCA\/PSA<\/strong> devrait mettre au point de nombreux projets qui d\u00e9fieront la concurrence.<\/p>\n<p style=\"text-align: center;\"><iframe loading=\"lazy\" src=\"https:\/\/www.youtube.com\/embed\/t5O1Hf1HQ9E\" width=\"560\" height=\"315\" allowfullscreen=\"allowfullscreen\"><\/iframe><\/p>\n<p style=\"text-align: center;\">\n<p style=\"margin-top: 1.75em; margin-bottom: 1.75em; font-size: 0.813em; line-height: 1.5em; color: #666666; font-family: Arial, Helvetica, sans-serif;\"><span style=\"background-color: transparent; color: #000000; font-family: Arial; font-size: 14.66px; font-weight: bold; text-align: justify; white-space: pre-wrap;\">Cet article vous a int\u00e9ress\u00e9 ? N&rsquo;h\u00e9sitez pas \u00e0 commenter et \u00e0 le partager avec vos proches.<\/span><br style=\"font-size: 13.008px;\" \/><span style=\"font-variant-numeric: normal; font-variant-east-asian: normal; background-color: transparent; text-align: justify; color: #000000; font-family: Arial; font-size: 14.66px; font-weight: bold; vertical-align: baseline; white-space: pre-wrap;\">ET SURTOUT<\/span><span style=\"font-variant-numeric: normal; font-variant-east-asian: normal; background-color: transparent; text-align: justify; color: #000000; font-family: Arial; font-size: 14.66px; vertical-align: baseline; white-space: pre-wrap;\">\u2026 N&rsquo;oubliez-pas de nous suivre sur Facebook, Twitter, Instagram, Youtube et Snapchat !<\/span><\/p>\n","protected":false},"excerpt":{"rendered":"<p>La fin de cette ann\u00e9e 2019 marque de nombreux changements dans l&rsquo;univers de l&rsquo;automobile, et parmi eux, une nouvelle association qui devrait bouleverser le march\u00e9 automobile : la fusion des groupes PSA et Fiat Chrysler Automobiles. Apr\u00e8s de longues conversations men\u00e9es par les deux pr\u00e9sidents des groupes, un accord a \u00e9t\u00e9 trouv\u00e9 et il marque le d\u00e9but d&rsquo;un nouveau groupe automobile. Que sait-on sur cette fusion ?<\/p>\n","protected":false},"author":1,"featured_media":5833,"comment_status":"open","ping_status":"open","sticky":false,"template":"","format":"standard","meta":{"_acf_changed":false,"content-type":"","footnotes":""},"categories":[5],"tags":[90,79,74,105,110,109,106,108,107,73,78,169,96],"class_list":["post-3773","post","type-post","status-publish","format-standard","has-post-thumbnail","hentry","category-actualite-automobile","tag-autojm","tag-citroen","tag-dacia","tag-ds","tag-fiat","tag-ford","tag-kia","tag-nissan","tag-opel","tag-peugeot","tag-renault","tag-toyota","tag-volkswagen"],"acf":[],"yoast_head":"<!-- This site is optimized with the Yoast SEO plugin v27.5 - https:\/\/yoast.com\/product\/yoast-seo-wordpress\/ -->\n<title>Fusion entre les groupes PSA et Fiat Chrysler Automobiles AutoJM Mag<\/title>\n<meta name=\"description\" content=\"La fin de cette ann\u00e9e 2019 marque de nombreux changements dans l&#039;univers de l&#039;automobile, et parmi eux, une nouvelle association qui...\" \/>\n<meta name=\"robots\" content=\"index, follow, max-snippet:-1, max-image-preview:large, max-video-preview:-1\" \/>\n<link rel=\"canonical\" href=\"https:\/\/www.autojm.fr\/blog\/fusion-entre-les-groupes-psa-et-fiat-chrysler-automobiles\/\" \/>\n<meta property=\"og:locale\" content=\"fr_FR\" \/>\n<meta property=\"og:type\" content=\"article\" \/>\n<meta property=\"og:title\" content=\"Fusion entre les groupes PSA et Fiat Chrysler Automobiles AutoJM Mag\" \/>\n<meta property=\"og:description\" content=\"La fin de cette ann\u00e9e 2019 marque de nombreux changements dans l&#039;univers de l&#039;automobile, et parmi eux, une nouvelle association qui...\" \/>\n<meta property=\"og:url\" content=\"https:\/\/www.autojm.fr\/blog\/fusion-entre-les-groupes-psa-et-fiat-chrysler-automobiles\/\" \/>\n<meta property=\"og:site_name\" content=\"AutoJM Mag\" \/>\n<meta property=\"article:publisher\" content=\"https:\/\/www.facebook.com\/AutoJM25\" \/>\n<meta property=\"article:published_time\" content=\"2019-12-18T00:00:00+00:00\" \/>\n<meta property=\"article:modified_time\" content=\"2023-04-19T12:14:58+00:00\" \/>\n<meta property=\"og:image\" content=\"https:\/\/www.autojm.fr\/blog\/wp-content\/uploads\/2022\/10\/499.jpg\" \/>\n\t<meta property=\"og:image:width\" content=\"1562\" \/>\n\t<meta property=\"og:image:height\" content=\"708\" \/>\n\t<meta property=\"og:image:type\" content=\"image\/jpeg\" \/>\n<meta name=\"author\" content=\"Autojm\" \/>\n<meta name=\"twitter:card\" content=\"summary_large_image\" \/>\n<meta name=\"twitter:label1\" content=\"\u00c9crit par\" \/>\n\t<meta name=\"twitter:data1\" content=\"Autojm\" \/>\n\t<meta name=\"twitter:label2\" content=\"Dur\u00e9e de lecture estim\u00e9e\" \/>\n\t<meta name=\"twitter:data2\" content=\"3 minutes\" \/>\n<script type=\"application\/ld+json\" class=\"yoast-schema-graph\">{\"@context\":\"https:\\\/\\\/schema.org\",\"@graph\":[{\"@type\":\"Article\",\"@id\":\"https:\\\/\\\/www.autojm.fr\\\/blog\\\/fusion-entre-les-groupes-psa-et-fiat-chrysler-automobiles\\\/#article\",\"isPartOf\":{\"@id\":\"https:\\\/\\\/www.autojm.fr\\\/blog\\\/fusion-entre-les-groupes-psa-et-fiat-chrysler-automobiles\\\/\"},\"author\":{\"name\":\"Autojm\",\"@id\":\"https:\\\/\\\/www.autojm.fr\\\/blog\\\/#\\\/schema\\\/person\\\/9742bc77541853e0de81fc57f947e1a0\"},\"headline\":\"Fusion entre les groupes PSA et Fiat Chrysler Automobiles\",\"datePublished\":\"2019-12-18T00:00:00+00:00\",\"dateModified\":\"2023-04-19T12:14:58+00:00\",\"mainEntityOfPage\":{\"@id\":\"https:\\\/\\\/www.autojm.fr\\\/blog\\\/fusion-entre-les-groupes-psa-et-fiat-chrysler-automobiles\\\/\"},\"wordCount\":601,\"commentCount\":0,\"publisher\":{\"@id\":\"https:\\\/\\\/www.autojm.fr\\\/blog\\\/#organization\"},\"image\":{\"@id\":\"https:\\\/\\\/www.autojm.fr\\\/blog\\\/fusion-entre-les-groupes-psa-et-fiat-chrysler-automobiles\\\/#primaryimage\"},\"thumbnailUrl\":\"https:\\\/\\\/www.autojm.fr\\\/blog\\\/wp-content\\\/uploads\\\/2022\\\/10\\\/499.jpg\",\"keywords\":[\"autojm\",\"citroen\",\"dacia\",\"DS\",\"Fiat\",\"Ford\",\"Kia\",\"Nissan\",\"Opel\",\"peugeot\",\"renault\",\"Toyota\",\"Volkswagen\"],\"articleSection\":[\"Actualit\u00e9 Automobile\"],\"inLanguage\":\"fr-FR\",\"potentialAction\":[{\"@type\":\"CommentAction\",\"name\":\"Comment\",\"target\":[\"https:\\\/\\\/www.autojm.fr\\\/blog\\\/fusion-entre-les-groupes-psa-et-fiat-chrysler-automobiles\\\/#respond\"]}]},{\"@type\":\"WebPage\",\"@id\":\"https:\\\/\\\/www.autojm.fr\\\/blog\\\/fusion-entre-les-groupes-psa-et-fiat-chrysler-automobiles\\\/\",\"url\":\"https:\\\/\\\/www.autojm.fr\\\/blog\\\/fusion-entre-les-groupes-psa-et-fiat-chrysler-automobiles\\\/\",\"name\":\"Fusion entre les groupes PSA et Fiat Chrysler Automobiles AutoJM Mag\",\"isPartOf\":{\"@id\":\"https:\\\/\\\/www.autojm.fr\\\/blog\\\/#website\"},\"primaryImageOfPage\":{\"@id\":\"https:\\\/\\\/www.autojm.fr\\\/blog\\\/fusion-entre-les-groupes-psa-et-fiat-chrysler-automobiles\\\/#primaryimage\"},\"image\":{\"@id\":\"https:\\\/\\\/www.autojm.fr\\\/blog\\\/fusion-entre-les-groupes-psa-et-fiat-chrysler-automobiles\\\/#primaryimage\"},\"thumbnailUrl\":\"https:\\\/\\\/www.autojm.fr\\\/blog\\\/wp-content\\\/uploads\\\/2022\\\/10\\\/499.jpg\",\"datePublished\":\"2019-12-18T00:00:00+00:00\",\"dateModified\":\"2023-04-19T12:14:58+00:00\",\"description\":\"La fin de cette ann\u00e9e 2019 marque de nombreux changements dans l'univers de l'automobile, et parmi eux, une nouvelle association qui...\",\"breadcrumb\":{\"@id\":\"https:\\\/\\\/www.autojm.fr\\\/blog\\\/fusion-entre-les-groupes-psa-et-fiat-chrysler-automobiles\\\/#breadcrumb\"},\"inLanguage\":\"fr-FR\",\"potentialAction\":[{\"@type\":\"ReadAction\",\"target\":[\"https:\\\/\\\/www.autojm.fr\\\/blog\\\/fusion-entre-les-groupes-psa-et-fiat-chrysler-automobiles\\\/\"]}]},{\"@type\":\"ImageObject\",\"inLanguage\":\"fr-FR\",\"@id\":\"https:\\\/\\\/www.autojm.fr\\\/blog\\\/fusion-entre-les-groupes-psa-et-fiat-chrysler-automobiles\\\/#primaryimage\",\"url\":\"https:\\\/\\\/www.autojm.fr\\\/blog\\\/wp-content\\\/uploads\\\/2022\\\/10\\\/499.jpg\",\"contentUrl\":\"https:\\\/\\\/www.autojm.fr\\\/blog\\\/wp-content\\\/uploads\\\/2022\\\/10\\\/499.jpg\",\"width\":1562,\"height\":708,\"caption\":\"Fusion PSA FCA\"},{\"@type\":\"BreadcrumbList\",\"@id\":\"https:\\\/\\\/www.autojm.fr\\\/blog\\\/fusion-entre-les-groupes-psa-et-fiat-chrysler-automobiles\\\/#breadcrumb\",\"itemListElement\":[{\"@type\":\"ListItem\",\"position\":1,\"name\":\"Accueil\",\"item\":\"https:\\\/\\\/www.autojm.fr\\\/blog\\\/\"},{\"@type\":\"ListItem\",\"position\":2,\"name\":\"Actualit\u00e9 Automobile\",\"item\":\"https:\\\/\\\/www.autojm.fr\\\/blog\\\/actualite-automobile\\\/\"},{\"@type\":\"ListItem\",\"position\":3,\"name\":\"Fusion entre les groupes PSA et Fiat Chrysler Automobiles\"}]},{\"@type\":\"WebSite\",\"@id\":\"https:\\\/\\\/www.autojm.fr\\\/blog\\\/#website\",\"url\":\"https:\\\/\\\/www.autojm.fr\\\/blog\\\/\",\"name\":\"AutoJM Mag\",\"description\":\"Toute l&#039;actu auto en 1 clic !\",\"publisher\":{\"@id\":\"https:\\\/\\\/www.autojm.fr\\\/blog\\\/#organization\"},\"potentialAction\":[{\"@type\":\"SearchAction\",\"target\":{\"@type\":\"EntryPoint\",\"urlTemplate\":\"https:\\\/\\\/www.autojm.fr\\\/blog\\\/?s={search_term_string}\"},\"query-input\":{\"@type\":\"PropertyValueSpecification\",\"valueRequired\":true,\"valueName\":\"search_term_string\"}}],\"inLanguage\":\"fr-FR\"},{\"@type\":\"Organization\",\"@id\":\"https:\\\/\\\/www.autojm.fr\\\/blog\\\/#organization\",\"name\":\"AutoJM Mag\",\"url\":\"https:\\\/\\\/www.autojm.fr\\\/blog\\\/\",\"logo\":{\"@type\":\"ImageObject\",\"inLanguage\":\"fr-FR\",\"@id\":\"https:\\\/\\\/www.autojm.fr\\\/blog\\\/#\\\/schema\\\/logo\\\/image\\\/\",\"url\":\"https:\\\/\\\/www.autojm.fr\\\/blog\\\/wp-content\\\/uploads\\\/2022\\\/12\\\/cropped-AutoJMag-png.png\",\"contentUrl\":\"https:\\\/\\\/www.autojm.fr\\\/blog\\\/wp-content\\\/uploads\\\/2022\\\/12\\\/cropped-AutoJMag-png.png\",\"width\":2834,\"height\":585,\"caption\":\"AutoJM Mag\"},\"image\":{\"@id\":\"https:\\\/\\\/www.autojm.fr\\\/blog\\\/#\\\/schema\\\/logo\\\/image\\\/\"},\"sameAs\":[\"https:\\\/\\\/www.facebook.com\\\/AutoJM25\"]},{\"@type\":\"Person\",\"@id\":\"https:\\\/\\\/www.autojm.fr\\\/blog\\\/#\\\/schema\\\/person\\\/9742bc77541853e0de81fc57f947e1a0\",\"name\":\"Autojm\",\"image\":{\"@type\":\"ImageObject\",\"inLanguage\":\"fr-FR\",\"@id\":\"https:\\\/\\\/secure.gravatar.com\\\/avatar\\\/9a959d52b758fcc232fe4b6aca7bab139182573297122cce7d6f2ee0e537b418?s=96&d=mm&r=g\",\"url\":\"https:\\\/\\\/secure.gravatar.com\\\/avatar\\\/9a959d52b758fcc232fe4b6aca7bab139182573297122cce7d6f2ee0e537b418?s=96&d=mm&r=g\",\"contentUrl\":\"https:\\\/\\\/secure.gravatar.com\\\/avatar\\\/9a959d52b758fcc232fe4b6aca7bab139182573297122cce7d6f2ee0e537b418?s=96&d=mm&r=g\",\"caption\":\"Autojm\"},\"sameAs\":[\"https:\\\/\\\/www.autojm.fr\\\/blog\"],\"url\":\"https:\\\/\\\/www.autojm.fr\\\/blog\\\/author\\\/bichoi\\\/\"}]}<\/script>\n<!-- \/ Yoast SEO plugin. -->","yoast_head_json":{"title":"Fusion entre les groupes PSA et Fiat Chrysler Automobiles AutoJM Mag","description":"La fin de cette ann\u00e9e 2019 marque de nombreux changements dans l'univers de l'automobile, et parmi eux, une nouvelle association qui...","robots":{"index":"index","follow":"follow","max-snippet":"max-snippet:-1","max-image-preview":"max-image-preview:large","max-video-preview":"max-video-preview:-1"},"canonical":"https:\/\/www.autojm.fr\/blog\/fusion-entre-les-groupes-psa-et-fiat-chrysler-automobiles\/","og_locale":"fr_FR","og_type":"article","og_title":"Fusion entre les groupes PSA et Fiat Chrysler Automobiles AutoJM Mag","og_description":"La fin de cette ann\u00e9e 2019 marque de nombreux changements dans l'univers de l'automobile, et parmi eux, une nouvelle association qui...","og_url":"https:\/\/www.autojm.fr\/blog\/fusion-entre-les-groupes-psa-et-fiat-chrysler-automobiles\/","og_site_name":"AutoJM Mag","article_publisher":"https:\/\/www.facebook.com\/AutoJM25","article_published_time":"2019-12-18T00:00:00+00:00","article_modified_time":"2023-04-19T12:14:58+00:00","og_image":[{"width":1562,"height":708,"url":"https:\/\/www.autojm.fr\/blog\/wp-content\/uploads\/2022\/10\/499.jpg","type":"image\/jpeg"}],"author":"Autojm","twitter_card":"summary_large_image","twitter_misc":{"\u00c9crit par":"Autojm","Dur\u00e9e de lecture estim\u00e9e":"3 minutes"},"schema":{"@context":"https:\/\/schema.org","@graph":[{"@type":"Article","@id":"https:\/\/www.autojm.fr\/blog\/fusion-entre-les-groupes-psa-et-fiat-chrysler-automobiles\/#article","isPartOf":{"@id":"https:\/\/www.autojm.fr\/blog\/fusion-entre-les-groupes-psa-et-fiat-chrysler-automobiles\/"},"author":{"name":"Autojm","@id":"https:\/\/www.autojm.fr\/blog\/#\/schema\/person\/9742bc77541853e0de81fc57f947e1a0"},"headline":"Fusion entre les groupes PSA et Fiat Chrysler Automobiles","datePublished":"2019-12-18T00:00:00+00:00","dateModified":"2023-04-19T12:14:58+00:00","mainEntityOfPage":{"@id":"https:\/\/www.autojm.fr\/blog\/fusion-entre-les-groupes-psa-et-fiat-chrysler-automobiles\/"},"wordCount":601,"commentCount":0,"publisher":{"@id":"https:\/\/www.autojm.fr\/blog\/#organization"},"image":{"@id":"https:\/\/www.autojm.fr\/blog\/fusion-entre-les-groupes-psa-et-fiat-chrysler-automobiles\/#primaryimage"},"thumbnailUrl":"https:\/\/www.autojm.fr\/blog\/wp-content\/uploads\/2022\/10\/499.jpg","keywords":["autojm","citroen","dacia","DS","Fiat","Ford","Kia","Nissan","Opel","peugeot","renault","Toyota","Volkswagen"],"articleSection":["Actualit\u00e9 Automobile"],"inLanguage":"fr-FR","potentialAction":[{"@type":"CommentAction","name":"Comment","target":["https:\/\/www.autojm.fr\/blog\/fusion-entre-les-groupes-psa-et-fiat-chrysler-automobiles\/#respond"]}]},{"@type":"WebPage","@id":"https:\/\/www.autojm.fr\/blog\/fusion-entre-les-groupes-psa-et-fiat-chrysler-automobiles\/","url":"https:\/\/www.autojm.fr\/blog\/fusion-entre-les-groupes-psa-et-fiat-chrysler-automobiles\/","name":"Fusion entre les groupes PSA et Fiat Chrysler Automobiles AutoJM Mag","isPartOf":{"@id":"https:\/\/www.autojm.fr\/blog\/#website"},"primaryImageOfPage":{"@id":"https:\/\/www.autojm.fr\/blog\/fusion-entre-les-groupes-psa-et-fiat-chrysler-automobiles\/#primaryimage"},"image":{"@id":"https:\/\/www.autojm.fr\/blog\/fusion-entre-les-groupes-psa-et-fiat-chrysler-automobiles\/#primaryimage"},"thumbnailUrl":"https:\/\/www.autojm.fr\/blog\/wp-content\/uploads\/2022\/10\/499.jpg","datePublished":"2019-12-18T00:00:00+00:00","dateModified":"2023-04-19T12:14:58+00:00","description":"La fin de cette ann\u00e9e 2019 marque de nombreux changements dans l'univers de l'automobile, et parmi eux, une nouvelle association qui...","breadcrumb":{"@id":"https:\/\/www.autojm.fr\/blog\/fusion-entre-les-groupes-psa-et-fiat-chrysler-automobiles\/#breadcrumb"},"inLanguage":"fr-FR","potentialAction":[{"@type":"ReadAction","target":["https:\/\/www.autojm.fr\/blog\/fusion-entre-les-groupes-psa-et-fiat-chrysler-automobiles\/"]}]},{"@type":"ImageObject","inLanguage":"fr-FR","@id":"https:\/\/www.autojm.fr\/blog\/fusion-entre-les-groupes-psa-et-fiat-chrysler-automobiles\/#primaryimage","url":"https:\/\/www.autojm.fr\/blog\/wp-content\/uploads\/2022\/10\/499.jpg","contentUrl":"https:\/\/www.autojm.fr\/blog\/wp-content\/uploads\/2022\/10\/499.jpg","width":1562,"height":708,"caption":"Fusion PSA FCA"},{"@type":"BreadcrumbList","@id":"https:\/\/www.autojm.fr\/blog\/fusion-entre-les-groupes-psa-et-fiat-chrysler-automobiles\/#breadcrumb","itemListElement":[{"@type":"ListItem","position":1,"name":"Accueil","item":"https:\/\/www.autojm.fr\/blog\/"},{"@type":"ListItem","position":2,"name":"Actualit\u00e9 Automobile","item":"https:\/\/www.autojm.fr\/blog\/actualite-automobile\/"},{"@type":"ListItem","position":3,"name":"Fusion entre les groupes PSA et Fiat Chrysler Automobiles"}]},{"@type":"WebSite","@id":"https:\/\/www.autojm.fr\/blog\/#website","url":"https:\/\/www.autojm.fr\/blog\/","name":"AutoJM Mag","description":"Toute l&#039;actu auto en 1 clic !","publisher":{"@id":"https:\/\/www.autojm.fr\/blog\/#organization"},"potentialAction":[{"@type":"SearchAction","target":{"@type":"EntryPoint","urlTemplate":"https:\/\/www.autojm.fr\/blog\/?s={search_term_string}"},"query-input":{"@type":"PropertyValueSpecification","valueRequired":true,"valueName":"search_term_string"}}],"inLanguage":"fr-FR"},{"@type":"Organization","@id":"https:\/\/www.autojm.fr\/blog\/#organization","name":"AutoJM Mag","url":"https:\/\/www.autojm.fr\/blog\/","logo":{"@type":"ImageObject","inLanguage":"fr-FR","@id":"https:\/\/www.autojm.fr\/blog\/#\/schema\/logo\/image\/","url":"https:\/\/www.autojm.fr\/blog\/wp-content\/uploads\/2022\/12\/cropped-AutoJMag-png.png","contentUrl":"https:\/\/www.autojm.fr\/blog\/wp-content\/uploads\/2022\/12\/cropped-AutoJMag-png.png","width":2834,"height":585,"caption":"AutoJM Mag"},"image":{"@id":"https:\/\/www.autojm.fr\/blog\/#\/schema\/logo\/image\/"},"sameAs":["https:\/\/www.facebook.com\/AutoJM25"]},{"@type":"Person","@id":"https:\/\/www.autojm.fr\/blog\/#\/schema\/person\/9742bc77541853e0de81fc57f947e1a0","name":"Autojm","image":{"@type":"ImageObject","inLanguage":"fr-FR","@id":"https:\/\/secure.gravatar.com\/avatar\/9a959d52b758fcc232fe4b6aca7bab139182573297122cce7d6f2ee0e537b418?s=96&d=mm&r=g","url":"https:\/\/secure.gravatar.com\/avatar\/9a959d52b758fcc232fe4b6aca7bab139182573297122cce7d6f2ee0e537b418?s=96&d=mm&r=g","contentUrl":"https:\/\/secure.gravatar.com\/avatar\/9a959d52b758fcc232fe4b6aca7bab139182573297122cce7d6f2ee0e537b418?s=96&d=mm&r=g","caption":"Autojm"},"sameAs":["https:\/\/www.autojm.fr\/blog"],"url":"https:\/\/www.autojm.fr\/blog\/author\/bichoi\/"}]}},"_links":{"self":[{"href":"https:\/\/www.autojm.fr\/blog\/wp-json\/wp\/v2\/posts\/3773","targetHints":{"allow":["GET"]}}],"collection":[{"href":"https:\/\/www.autojm.fr\/blog\/wp-json\/wp\/v2\/posts"}],"about":[{"href":"https:\/\/www.autojm.fr\/blog\/wp-json\/wp\/v2\/types\/post"}],"author":[{"embeddable":true,"href":"https:\/\/www.autojm.fr\/blog\/wp-json\/wp\/v2\/users\/1"}],"replies":[{"embeddable":true,"href":"https:\/\/www.autojm.fr\/blog\/wp-json\/wp\/v2\/comments?post=3773"}],"version-history":[{"count":5,"href":"https:\/\/www.autojm.fr\/blog\/wp-json\/wp\/v2\/posts\/3773\/revisions"}],"predecessor-version":[{"id":9569,"href":"https:\/\/www.autojm.fr\/blog\/wp-json\/wp\/v2\/posts\/3773\/revisions\/9569"}],"wp:featuredmedia":[{"embeddable":true,"href":"https:\/\/www.autojm.fr\/blog\/wp-json\/wp\/v2\/media\/5833"}],"wp:attachment":[{"href":"https:\/\/www.autojm.fr\/blog\/wp-json\/wp\/v2\/media?parent=3773"}],"wp:term":[{"taxonomy":"category","embeddable":true,"href":"https:\/\/www.autojm.fr\/blog\/wp-json\/wp\/v2\/categories?post=3773"},{"taxonomy":"post_tag","embeddable":true,"href":"https:\/\/www.autojm.fr\/blog\/wp-json\/wp\/v2\/tags?post=3773"}],"curies":[{"name":"wp","href":"https:\/\/api.w.org\/{rel}","templated":true}]}}