{"id":3772,"date":"2019-12-16T00:00:00","date_gmt":"2019-12-16T00:00:00","guid":{"rendered":"https:\/\/www.autojm.fr\/blog\/le-retrofit-changez-votre-moteur-pour-avoir-un-vehicule-electrique\/"},"modified":"2023-04-19T07:10:00","modified_gmt":"2023-04-19T07:10:00","slug":"le-retrofit-changez-votre-moteur-pour-avoir-un-vehicule-electrique","status":"publish","type":"post","link":"https:\/\/www.autojm.fr\/blog\/le-retrofit-changez-votre-moteur-pour-avoir-un-vehicule-electrique\/","title":{"rendered":"Le r\u00e9trofit : changez votre moteur pour avoir un v\u00e9hicule \u00e9lectrique"},"content":{"rendered":"<p><em><span style=\"font-weight: bold;\">Vous \u00eates int\u00e9ress\u00e9 par l&rsquo;achat d&rsquo;un v\u00e9hicule hybride, hybride rechargeable ou \u00e9lectrique ? Consultez notre guide ici: <a tabindex=\"-1\" title=\"https:\/\/www.autojm.fr\/livre-blanc\" href=\"https:\/\/www.autojm.fr\/livre-blanc\" target=\"_blank\" rel=\"noreferrer noopener\">https:\/\/www.autojm.fr\/livre-blanc<\/a><\/span><\/em><\/p>\n<p>Le <strong>r\u00e9trofit<\/strong>, ou la nouvelle mode venue tout droit des Etats-Unis qui consiste \u00e0 <strong>transformer une voiture thermique en voiture \u00e9lectrique<\/strong>. C&rsquo;est en Californie qu&rsquo;est n\u00e9 ce syst\u00e8me de transformation destin\u00e9 \u00e0 redonner vie \u00e0 de vieilles voitures en respectant les pr\u00e9conisations prises par les gouvernements contre la pollution automobile. Explications en d\u00e9tails du r\u00e9trofit.<\/p>\n<h2>Le r\u00e9trofit en France<\/h2>\n<p>Le r\u00e9trofit est une m\u00e9thode peu connue dans notre pays, et pour cause : <strong>en France, on ne peut homologuer un v\u00e9hicule avec un moteur diff\u00e9rent de celui d&rsquo;origine<\/strong> sauf si une approbation \u00e9crite du constructeur automobile original est obtenue. Cette derni\u00e8re est impossible \u00e0 avoir. Seule solution pour les automobilistes ayant eu recours au r\u00e9trofit : proc\u00e9der \u00e0 l&rsquo;homologation \u00e0 l&rsquo;\u00e9tranger (ex : Allemagne), pour ensuite faire immatriculer leur voiture en France. Le processus complique la mise en route du v\u00e9hicule, et dissuade les automobilistes d&rsquo;avoir recours au r\u00e9trofit.<\/p>\n<p>Cette interdiction de seconde homologation est incomprise par les soci\u00e9t\u00e9s de r\u00e9trofit, notamment puisque l&rsquo;activit\u00e9 est courante chez nos voisins europ\u00e9ens comme l&rsquo;Allemagne et l&rsquo;Angleterre. Afin de pousser les politiciens \u00e0 aborder le sujet concr\u00e8tement, l&rsquo;association AIRE (Acteurs de l&rsquo;Industrie du R\u00e9trofit \u00e9lectrique) s&rsquo;est cr\u00e9\u00e9e \u00e0 la fin de l&rsquo;ann\u00e9e 2018. Apr\u00e8s des discussions avec le minist\u00e8re des transports et l&rsquo;UTAC &#8211; bureau en charge des homologations -, les membres de l&rsquo;association, qui sont g\u00e9rants de soci\u00e9t\u00e9s r\u00e9trofit, ont obtenu une attention particuli\u00e8re et <strong>le processus d&rsquo;homologation sp\u00e9cifique \u00e0 l&rsquo;activit\u00e9 du r\u00e9trofit devrait \u00eatre mis en place pour 2020<\/strong>.<\/p>\n<h2>Explications sur le r\u00e9trofit<\/h2>\n<p>La r\u00e9alisation du r\u00e9trofit sur une voiture doit tenir compte des crit\u00e8res suivants :<br \/>\n&#8211; la <strong>puissance du nouveau moteur<\/strong> ne devra pas exc\u00e9der celle indiqu\u00e9e sur l&rsquo;homologation avec l&rsquo;ancien moteur<br \/>\n&#8211; le <strong>poids de la batterie<\/strong> doit \u00eatre limit\u00e9 : le v\u00e9hicule ne peut pas accueillir plus de 10 \u00e0 15% de surpoids par essieu<\/p>\n<h3 style=\"text-align: center;\"><\/h3>\n<h3>En chiffres<\/h3>\n<p>Arnaud Pigounides, responsable de la soci\u00e9t\u00e9 Retrofuture, pense que <strong>d&rsquo;ici 2025<\/strong>, 40 000 emplois pourraient \u00eatre cr\u00e9\u00e9s, pour transformer 360 000 v\u00e9hicules et g\u00e9n\u00e9rer un chiffre d&rsquo;affaire de 5 milliards d&rsquo;euros. La soci\u00e9t\u00e9 AIRE a estim\u00e9 que 5500 emplois pourraient \u00eatre cr\u00e9\u00e9s, pour 65 000 v\u00e9hicules transform\u00e9s et 1 milliard d&rsquo;euros de chiffre d&rsquo;affaire.<\/p>\n<p>Les prix de la transformation varient selon le v\u00e9hicule : <strong>actuellement<\/strong>, il faut compter en moyenne <strong>20 000\u20ac<\/strong>.<\/p>\n<h3>Les automobilistes concern\u00e9s<\/h3>\n<p>Avec le d\u00e9veloppement de cette activit\u00e9, les soci\u00e9t\u00e9s esp\u00e8rent que les co\u00fbts pourront \u00eatre divis\u00e9s par deux, et ce pour une raison bien pr\u00e9cise : les m\u00e9nages qui sont concern\u00e9s par le retrofit sont ceux <strong>propri\u00e9taires d&rsquo;un ou plusieurs v\u00e9hicules \u00e2g\u00e9(s) de plus de 15 ans<\/strong>, avec des <strong>moyens modestes<\/strong> donc qui ne peuvent acheter un v\u00e9hicule neuf. Pour int\u00e9resser ces automobilistes, le prix de la transformation devra \u00eatre tr\u00e8s diff\u00e9rent du prix d&rsquo;un v\u00e9hicule neuf, et ne pas exc\u00e9der un montant raisonnable puisqu&rsquo;il s&rsquo;agit de retoucher un v\u00e9hicule d\u00e9j\u00e0 ancien. L&rsquo;\u00e9lectrique \u00e9tant une contrainte en terme d&rsquo;autonomie, les soci\u00e9t\u00e9s de r\u00e9trofit accueilleront ind\u00e9niablement plus de v\u00e9hicules de loisirs, ou peut-\u00eatre de collection, ces derniers \u00e9tant moins concern\u00e9s car leurs propri\u00e9taires sont attach\u00e9s \u00e0 l&rsquo;authenticit\u00e9 du v\u00e9hicule.<\/p>\n<h3>Notion de v\u00e9hicule propre<\/h3>\n<p>\u00c0 travers le r\u00e9trofit, l&rsquo;id\u00e9e est de toucher les automobilistes avec divers arguments comme <strong>l&rsquo;\u00e9conomie de carburant, ou l&rsquo;absence de pollution<\/strong>. Ce dernier argument aura son poids \u00e0 l&rsquo;heure actuelle o\u00f9 les v\u00e9hicules polluants constituent le point noir du gouvernement : avec les vignettes Crit&rsquo;Air, les restrictions de circulation des grandes villes ou le <strong>malus \u00e9cologique<\/strong>, les automobilistes fran\u00e7ais sont pouss\u00e9s vers l&rsquo;achat d&rsquo;une <strong>voiture \u00e9lectrique ou hybride<\/strong>, \u00e9mettant un minimum de CO2 par kilom\u00e8tre. L&rsquo;id\u00e9e des propri\u00e9taires de soci\u00e9t\u00e9s retrofit est de n\u00e9gocier avec le gouvernement pour appliquer le bonus \u00e9cologique sur les v\u00e9hicules transform\u00e9s, ce qui pourrait favoriser l&rsquo;activit\u00e9.<\/p>\n<p>2020 devrait donc \u00eatre une ann\u00e9e significative pour cette activit\u00e9 encore inconnue d&rsquo;un grand nombre d&rsquo;automobilistes. Une fois autoris\u00e9, le r\u00e9trofit constituera-t-il une r\u00e9volution dans le march\u00e9 automobile fran\u00e7ais ?<\/p>\n<p style=\"text-align: center;\"><iframe loading=\"lazy\" src=\"https:\/\/www.youtube.com\/embed\/0MxCeSoGM5o\" width=\"560\" height=\"315\" allowfullscreen=\"allowfullscreen\"><\/iframe><\/p>\n<p style=\"margin-top: 1.75em; margin-bottom: 1.75em; font-size: 0.813em; line-height: 1.5em; color: #666666; font-family: Arial, Helvetica, sans-serif;\">\n","protected":false},"excerpt":{"rendered":"<p>Le retrofit, ou la nouvelle mode venue tout droit des Etats-Unis qui consiste \u00e0 transformer une voiture thermique en voiture \u00e9lectrique. C&rsquo;est en Californie qu&rsquo;est n\u00e9 ce syst\u00e8me de transformation destin\u00e9 \u00e0 redonner vie \u00e0 de vieilles voitures en respectant les pr\u00e9conisations prises par les gouvernements contre la pollution automobile. Explications en d\u00e9tails du retrofit.<\/p>\n","protected":false},"author":1,"featured_media":5832,"comment_status":"open","ping_status":"open","sticky":false,"template":"","format":"standard","meta":{"_acf_changed":false,"content-type":"","footnotes":""},"categories":[22],"tags":[90,85,74,105,110,109,106,108,107,73,78,169,96],"class_list":["post-3772","post","type-post","status-publish","format-standard","has-post-thumbnail","hentry","category-conseils-astuces","tag-autojm","tag-citroen-2","tag-dacia","tag-ds","tag-fiat","tag-ford","tag-kia","tag-nissan","tag-opel","tag-peugeot","tag-renault","tag-toyota","tag-volkswagen"],"acf":[],"yoast_head":"<!-- This site is optimized with the Yoast SEO plugin v27.5 - https:\/\/yoast.com\/product\/yoast-seo-wordpress\/ -->\n<title>Le r\u00e9trofit : changez votre moteur pour avoir un v\u00e9hicule \u00e9lectrique<\/title>\n<meta name=\"description\" content=\"Le retrofit, ou la nouvelle mode venue tout droit des Etats-Unis qui consiste \u00e0 transformer une voiture thermique en voiture \u00e9lectrique.\" \/>\n<meta name=\"robots\" content=\"index, follow, max-snippet:-1, max-image-preview:large, max-video-preview:-1\" \/>\n<link rel=\"canonical\" href=\"https:\/\/www.autojm.fr\/blog\/le-retrofit-changez-votre-moteur-pour-avoir-un-vehicule-electrique\/\" \/>\n<meta property=\"og:locale\" content=\"fr_FR\" \/>\n<meta property=\"og:type\" content=\"article\" \/>\n<meta property=\"og:title\" content=\"Le r\u00e9trofit : changez votre moteur pour avoir un v\u00e9hicule \u00e9lectrique\" \/>\n<meta property=\"og:description\" content=\"Le retrofit, ou la nouvelle mode venue tout droit des Etats-Unis qui consiste \u00e0 transformer une voiture thermique en voiture \u00e9lectrique.\" \/>\n<meta property=\"og:url\" content=\"https:\/\/www.autojm.fr\/blog\/le-retrofit-changez-votre-moteur-pour-avoir-un-vehicule-electrique\/\" \/>\n<meta property=\"og:site_name\" content=\"AutoJM Mag\" \/>\n<meta property=\"article:publisher\" content=\"https:\/\/www.facebook.com\/AutoJM25\" \/>\n<meta property=\"article:published_time\" content=\"2019-12-16T00:00:00+00:00\" \/>\n<meta property=\"article:modified_time\" content=\"2023-04-19T07:10:00+00:00\" \/>\n<meta property=\"og:image\" content=\"https:\/\/www.autojm.fr\/blog\/wp-content\/uploads\/2022\/10\/498.jpg\" \/>\n\t<meta property=\"og:image:width\" content=\"1024\" \/>\n\t<meta property=\"og:image:height\" content=\"465\" \/>\n\t<meta property=\"og:image:type\" content=\"image\/jpeg\" \/>\n<meta name=\"author\" content=\"Autojm\" \/>\n<meta name=\"twitter:card\" content=\"summary_large_image\" \/>\n<meta name=\"twitter:label1\" content=\"\u00c9crit par\" \/>\n\t<meta name=\"twitter:data1\" content=\"Autojm\" \/>\n\t<meta name=\"twitter:label2\" content=\"Dur\u00e9e de lecture estim\u00e9e\" \/>\n\t<meta name=\"twitter:data2\" content=\"4 minutes\" \/>\n<script type=\"application\/ld+json\" class=\"yoast-schema-graph\">{\"@context\":\"https:\\\/\\\/schema.org\",\"@graph\":[{\"@type\":\"Article\",\"@id\":\"https:\\\/\\\/www.autojm.fr\\\/blog\\\/le-retrofit-changez-votre-moteur-pour-avoir-un-vehicule-electrique\\\/#article\",\"isPartOf\":{\"@id\":\"https:\\\/\\\/www.autojm.fr\\\/blog\\\/le-retrofit-changez-votre-moteur-pour-avoir-un-vehicule-electrique\\\/\"},\"author\":{\"name\":\"Autojm\",\"@id\":\"https:\\\/\\\/www.autojm.fr\\\/blog\\\/#\\\/schema\\\/person\\\/9742bc77541853e0de81fc57f947e1a0\"},\"headline\":\"Le r\u00e9trofit : changez votre moteur pour avoir un v\u00e9hicule \u00e9lectrique\",\"datePublished\":\"2019-12-16T00:00:00+00:00\",\"dateModified\":\"2023-04-19T07:10:00+00:00\",\"mainEntityOfPage\":{\"@id\":\"https:\\\/\\\/www.autojm.fr\\\/blog\\\/le-retrofit-changez-votre-moteur-pour-avoir-un-vehicule-electrique\\\/\"},\"wordCount\":743,\"commentCount\":0,\"publisher\":{\"@id\":\"https:\\\/\\\/www.autojm.fr\\\/blog\\\/#organization\"},\"image\":{\"@id\":\"https:\\\/\\\/www.autojm.fr\\\/blog\\\/le-retrofit-changez-votre-moteur-pour-avoir-un-vehicule-electrique\\\/#primaryimage\"},\"thumbnailUrl\":\"https:\\\/\\\/www.autojm.fr\\\/blog\\\/wp-content\\\/uploads\\\/2022\\\/10\\\/498.jpg\",\"keywords\":[\"autojm\",\"Citro\u00ebn\",\"dacia\",\"DS\",\"Fiat\",\"Ford\",\"Kia\",\"Nissan\",\"Opel\",\"peugeot\",\"renault\",\"Toyota\",\"Volkswagen\"],\"articleSection\":[\"Conseils &amp; Astuces\"],\"inLanguage\":\"fr-FR\",\"potentialAction\":[{\"@type\":\"CommentAction\",\"name\":\"Comment\",\"target\":[\"https:\\\/\\\/www.autojm.fr\\\/blog\\\/le-retrofit-changez-votre-moteur-pour-avoir-un-vehicule-electrique\\\/#respond\"]}]},{\"@type\":\"WebPage\",\"@id\":\"https:\\\/\\\/www.autojm.fr\\\/blog\\\/le-retrofit-changez-votre-moteur-pour-avoir-un-vehicule-electrique\\\/\",\"url\":\"https:\\\/\\\/www.autojm.fr\\\/blog\\\/le-retrofit-changez-votre-moteur-pour-avoir-un-vehicule-electrique\\\/\",\"name\":\"Le r\u00e9trofit : changez votre moteur pour avoir un v\u00e9hicule \u00e9lectrique\",\"isPartOf\":{\"@id\":\"https:\\\/\\\/www.autojm.fr\\\/blog\\\/#website\"},\"primaryImageOfPage\":{\"@id\":\"https:\\\/\\\/www.autojm.fr\\\/blog\\\/le-retrofit-changez-votre-moteur-pour-avoir-un-vehicule-electrique\\\/#primaryimage\"},\"image\":{\"@id\":\"https:\\\/\\\/www.autojm.fr\\\/blog\\\/le-retrofit-changez-votre-moteur-pour-avoir-un-vehicule-electrique\\\/#primaryimage\"},\"thumbnailUrl\":\"https:\\\/\\\/www.autojm.fr\\\/blog\\\/wp-content\\\/uploads\\\/2022\\\/10\\\/498.jpg\",\"datePublished\":\"2019-12-16T00:00:00+00:00\",\"dateModified\":\"2023-04-19T07:10:00+00:00\",\"description\":\"Le retrofit, ou la nouvelle mode venue tout droit des Etats-Unis qui consiste \u00e0 transformer une voiture thermique en voiture \u00e9lectrique.\",\"breadcrumb\":{\"@id\":\"https:\\\/\\\/www.autojm.fr\\\/blog\\\/le-retrofit-changez-votre-moteur-pour-avoir-un-vehicule-electrique\\\/#breadcrumb\"},\"inLanguage\":\"fr-FR\",\"potentialAction\":[{\"@type\":\"ReadAction\",\"target\":[\"https:\\\/\\\/www.autojm.fr\\\/blog\\\/le-retrofit-changez-votre-moteur-pour-avoir-un-vehicule-electrique\\\/\"]}]},{\"@type\":\"ImageObject\",\"inLanguage\":\"fr-FR\",\"@id\":\"https:\\\/\\\/www.autojm.fr\\\/blog\\\/le-retrofit-changez-votre-moteur-pour-avoir-un-vehicule-electrique\\\/#primaryimage\",\"url\":\"https:\\\/\\\/www.autojm.fr\\\/blog\\\/wp-content\\\/uploads\\\/2022\\\/10\\\/498.jpg\",\"contentUrl\":\"https:\\\/\\\/www.autojm.fr\\\/blog\\\/wp-content\\\/uploads\\\/2022\\\/10\\\/498.jpg\",\"width\":1024,\"height\":465,\"caption\":\"Retrofit\"},{\"@type\":\"BreadcrumbList\",\"@id\":\"https:\\\/\\\/www.autojm.fr\\\/blog\\\/le-retrofit-changez-votre-moteur-pour-avoir-un-vehicule-electrique\\\/#breadcrumb\",\"itemListElement\":[{\"@type\":\"ListItem\",\"position\":1,\"name\":\"Accueil\",\"item\":\"https:\\\/\\\/www.autojm.fr\\\/blog\\\/\"},{\"@type\":\"ListItem\",\"position\":2,\"name\":\"Conseils &amp; Astuces\",\"item\":\"https:\\\/\\\/www.autojm.fr\\\/blog\\\/conseils-astuces\\\/\"},{\"@type\":\"ListItem\",\"position\":3,\"name\":\"Le r\u00e9trofit : changez votre moteur pour avoir un v\u00e9hicule \u00e9lectrique\"}]},{\"@type\":\"WebSite\",\"@id\":\"https:\\\/\\\/www.autojm.fr\\\/blog\\\/#website\",\"url\":\"https:\\\/\\\/www.autojm.fr\\\/blog\\\/\",\"name\":\"AutoJM Mag\",\"description\":\"Toute l&#039;actu auto en 1 clic !\",\"publisher\":{\"@id\":\"https:\\\/\\\/www.autojm.fr\\\/blog\\\/#organization\"},\"potentialAction\":[{\"@type\":\"SearchAction\",\"target\":{\"@type\":\"EntryPoint\",\"urlTemplate\":\"https:\\\/\\\/www.autojm.fr\\\/blog\\\/?s={search_term_string}\"},\"query-input\":{\"@type\":\"PropertyValueSpecification\",\"valueRequired\":true,\"valueName\":\"search_term_string\"}}],\"inLanguage\":\"fr-FR\"},{\"@type\":\"Organization\",\"@id\":\"https:\\\/\\\/www.autojm.fr\\\/blog\\\/#organization\",\"name\":\"AutoJM Mag\",\"url\":\"https:\\\/\\\/www.autojm.fr\\\/blog\\\/\",\"logo\":{\"@type\":\"ImageObject\",\"inLanguage\":\"fr-FR\",\"@id\":\"https:\\\/\\\/www.autojm.fr\\\/blog\\\/#\\\/schema\\\/logo\\\/image\\\/\",\"url\":\"https:\\\/\\\/www.autojm.fr\\\/blog\\\/wp-content\\\/uploads\\\/2022\\\/12\\\/cropped-AutoJMag-png.png\",\"contentUrl\":\"https:\\\/\\\/www.autojm.fr\\\/blog\\\/wp-content\\\/uploads\\\/2022\\\/12\\\/cropped-AutoJMag-png.png\",\"width\":2834,\"height\":585,\"caption\":\"AutoJM Mag\"},\"image\":{\"@id\":\"https:\\\/\\\/www.autojm.fr\\\/blog\\\/#\\\/schema\\\/logo\\\/image\\\/\"},\"sameAs\":[\"https:\\\/\\\/www.facebook.com\\\/AutoJM25\"]},{\"@type\":\"Person\",\"@id\":\"https:\\\/\\\/www.autojm.fr\\\/blog\\\/#\\\/schema\\\/person\\\/9742bc77541853e0de81fc57f947e1a0\",\"name\":\"Autojm\",\"image\":{\"@type\":\"ImageObject\",\"inLanguage\":\"fr-FR\",\"@id\":\"https:\\\/\\\/secure.gravatar.com\\\/avatar\\\/9a959d52b758fcc232fe4b6aca7bab139182573297122cce7d6f2ee0e537b418?s=96&d=mm&r=g\",\"url\":\"https:\\\/\\\/secure.gravatar.com\\\/avatar\\\/9a959d52b758fcc232fe4b6aca7bab139182573297122cce7d6f2ee0e537b418?s=96&d=mm&r=g\",\"contentUrl\":\"https:\\\/\\\/secure.gravatar.com\\\/avatar\\\/9a959d52b758fcc232fe4b6aca7bab139182573297122cce7d6f2ee0e537b418?s=96&d=mm&r=g\",\"caption\":\"Autojm\"},\"sameAs\":[\"https:\\\/\\\/www.autojm.fr\\\/blog\"],\"url\":\"https:\\\/\\\/www.autojm.fr\\\/blog\\\/author\\\/bichoi\\\/\"}]}<\/script>\n<!-- \/ Yoast SEO plugin. -->","yoast_head_json":{"title":"Le r\u00e9trofit : changez votre moteur pour avoir un v\u00e9hicule \u00e9lectrique","description":"Le retrofit, ou la nouvelle mode venue tout droit des Etats-Unis qui consiste \u00e0 transformer une voiture thermique en voiture \u00e9lectrique.","robots":{"index":"index","follow":"follow","max-snippet":"max-snippet:-1","max-image-preview":"max-image-preview:large","max-video-preview":"max-video-preview:-1"},"canonical":"https:\/\/www.autojm.fr\/blog\/le-retrofit-changez-votre-moteur-pour-avoir-un-vehicule-electrique\/","og_locale":"fr_FR","og_type":"article","og_title":"Le r\u00e9trofit : changez votre moteur pour avoir un v\u00e9hicule \u00e9lectrique","og_description":"Le retrofit, ou la nouvelle mode venue tout droit des Etats-Unis qui consiste \u00e0 transformer une voiture thermique en voiture \u00e9lectrique.","og_url":"https:\/\/www.autojm.fr\/blog\/le-retrofit-changez-votre-moteur-pour-avoir-un-vehicule-electrique\/","og_site_name":"AutoJM Mag","article_publisher":"https:\/\/www.facebook.com\/AutoJM25","article_published_time":"2019-12-16T00:00:00+00:00","article_modified_time":"2023-04-19T07:10:00+00:00","og_image":[{"width":1024,"height":465,"url":"https:\/\/www.autojm.fr\/blog\/wp-content\/uploads\/2022\/10\/498.jpg","type":"image\/jpeg"}],"author":"Autojm","twitter_card":"summary_large_image","twitter_misc":{"\u00c9crit par":"Autojm","Dur\u00e9e de lecture estim\u00e9e":"4 minutes"},"schema":{"@context":"https:\/\/schema.org","@graph":[{"@type":"Article","@id":"https:\/\/www.autojm.fr\/blog\/le-retrofit-changez-votre-moteur-pour-avoir-un-vehicule-electrique\/#article","isPartOf":{"@id":"https:\/\/www.autojm.fr\/blog\/le-retrofit-changez-votre-moteur-pour-avoir-un-vehicule-electrique\/"},"author":{"name":"Autojm","@id":"https:\/\/www.autojm.fr\/blog\/#\/schema\/person\/9742bc77541853e0de81fc57f947e1a0"},"headline":"Le r\u00e9trofit : changez votre moteur pour avoir un v\u00e9hicule \u00e9lectrique","datePublished":"2019-12-16T00:00:00+00:00","dateModified":"2023-04-19T07:10:00+00:00","mainEntityOfPage":{"@id":"https:\/\/www.autojm.fr\/blog\/le-retrofit-changez-votre-moteur-pour-avoir-un-vehicule-electrique\/"},"wordCount":743,"commentCount":0,"publisher":{"@id":"https:\/\/www.autojm.fr\/blog\/#organization"},"image":{"@id":"https:\/\/www.autojm.fr\/blog\/le-retrofit-changez-votre-moteur-pour-avoir-un-vehicule-electrique\/#primaryimage"},"thumbnailUrl":"https:\/\/www.autojm.fr\/blog\/wp-content\/uploads\/2022\/10\/498.jpg","keywords":["autojm","Citro\u00ebn","dacia","DS","Fiat","Ford","Kia","Nissan","Opel","peugeot","renault","Toyota","Volkswagen"],"articleSection":["Conseils &amp; Astuces"],"inLanguage":"fr-FR","potentialAction":[{"@type":"CommentAction","name":"Comment","target":["https:\/\/www.autojm.fr\/blog\/le-retrofit-changez-votre-moteur-pour-avoir-un-vehicule-electrique\/#respond"]}]},{"@type":"WebPage","@id":"https:\/\/www.autojm.fr\/blog\/le-retrofit-changez-votre-moteur-pour-avoir-un-vehicule-electrique\/","url":"https:\/\/www.autojm.fr\/blog\/le-retrofit-changez-votre-moteur-pour-avoir-un-vehicule-electrique\/","name":"Le r\u00e9trofit : changez votre moteur pour avoir un v\u00e9hicule \u00e9lectrique","isPartOf":{"@id":"https:\/\/www.autojm.fr\/blog\/#website"},"primaryImageOfPage":{"@id":"https:\/\/www.autojm.fr\/blog\/le-retrofit-changez-votre-moteur-pour-avoir-un-vehicule-electrique\/#primaryimage"},"image":{"@id":"https:\/\/www.autojm.fr\/blog\/le-retrofit-changez-votre-moteur-pour-avoir-un-vehicule-electrique\/#primaryimage"},"thumbnailUrl":"https:\/\/www.autojm.fr\/blog\/wp-content\/uploads\/2022\/10\/498.jpg","datePublished":"2019-12-16T00:00:00+00:00","dateModified":"2023-04-19T07:10:00+00:00","description":"Le retrofit, ou la nouvelle mode venue tout droit des Etats-Unis qui consiste \u00e0 transformer une voiture thermique en voiture \u00e9lectrique.","breadcrumb":{"@id":"https:\/\/www.autojm.fr\/blog\/le-retrofit-changez-votre-moteur-pour-avoir-un-vehicule-electrique\/#breadcrumb"},"inLanguage":"fr-FR","potentialAction":[{"@type":"ReadAction","target":["https:\/\/www.autojm.fr\/blog\/le-retrofit-changez-votre-moteur-pour-avoir-un-vehicule-electrique\/"]}]},{"@type":"ImageObject","inLanguage":"fr-FR","@id":"https:\/\/www.autojm.fr\/blog\/le-retrofit-changez-votre-moteur-pour-avoir-un-vehicule-electrique\/#primaryimage","url":"https:\/\/www.autojm.fr\/blog\/wp-content\/uploads\/2022\/10\/498.jpg","contentUrl":"https:\/\/www.autojm.fr\/blog\/wp-content\/uploads\/2022\/10\/498.jpg","width":1024,"height":465,"caption":"Retrofit"},{"@type":"BreadcrumbList","@id":"https:\/\/www.autojm.fr\/blog\/le-retrofit-changez-votre-moteur-pour-avoir-un-vehicule-electrique\/#breadcrumb","itemListElement":[{"@type":"ListItem","position":1,"name":"Accueil","item":"https:\/\/www.autojm.fr\/blog\/"},{"@type":"ListItem","position":2,"name":"Conseils &amp; Astuces","item":"https:\/\/www.autojm.fr\/blog\/conseils-astuces\/"},{"@type":"ListItem","position":3,"name":"Le r\u00e9trofit : changez votre moteur pour avoir un v\u00e9hicule \u00e9lectrique"}]},{"@type":"WebSite","@id":"https:\/\/www.autojm.fr\/blog\/#website","url":"https:\/\/www.autojm.fr\/blog\/","name":"AutoJM Mag","description":"Toute l&#039;actu auto en 1 clic !","publisher":{"@id":"https:\/\/www.autojm.fr\/blog\/#organization"},"potentialAction":[{"@type":"SearchAction","target":{"@type":"EntryPoint","urlTemplate":"https:\/\/www.autojm.fr\/blog\/?s={search_term_string}"},"query-input":{"@type":"PropertyValueSpecification","valueRequired":true,"valueName":"search_term_string"}}],"inLanguage":"fr-FR"},{"@type":"Organization","@id":"https:\/\/www.autojm.fr\/blog\/#organization","name":"AutoJM Mag","url":"https:\/\/www.autojm.fr\/blog\/","logo":{"@type":"ImageObject","inLanguage":"fr-FR","@id":"https:\/\/www.autojm.fr\/blog\/#\/schema\/logo\/image\/","url":"https:\/\/www.autojm.fr\/blog\/wp-content\/uploads\/2022\/12\/cropped-AutoJMag-png.png","contentUrl":"https:\/\/www.autojm.fr\/blog\/wp-content\/uploads\/2022\/12\/cropped-AutoJMag-png.png","width":2834,"height":585,"caption":"AutoJM Mag"},"image":{"@id":"https:\/\/www.autojm.fr\/blog\/#\/schema\/logo\/image\/"},"sameAs":["https:\/\/www.facebook.com\/AutoJM25"]},{"@type":"Person","@id":"https:\/\/www.autojm.fr\/blog\/#\/schema\/person\/9742bc77541853e0de81fc57f947e1a0","name":"Autojm","image":{"@type":"ImageObject","inLanguage":"fr-FR","@id":"https:\/\/secure.gravatar.com\/avatar\/9a959d52b758fcc232fe4b6aca7bab139182573297122cce7d6f2ee0e537b418?s=96&d=mm&r=g","url":"https:\/\/secure.gravatar.com\/avatar\/9a959d52b758fcc232fe4b6aca7bab139182573297122cce7d6f2ee0e537b418?s=96&d=mm&r=g","contentUrl":"https:\/\/secure.gravatar.com\/avatar\/9a959d52b758fcc232fe4b6aca7bab139182573297122cce7d6f2ee0e537b418?s=96&d=mm&r=g","caption":"Autojm"},"sameAs":["https:\/\/www.autojm.fr\/blog"],"url":"https:\/\/www.autojm.fr\/blog\/author\/bichoi\/"}]}},"_links":{"self":[{"href":"https:\/\/www.autojm.fr\/blog\/wp-json\/wp\/v2\/posts\/3772","targetHints":{"allow":["GET"]}}],"collection":[{"href":"https:\/\/www.autojm.fr\/blog\/wp-json\/wp\/v2\/posts"}],"about":[{"href":"https:\/\/www.autojm.fr\/blog\/wp-json\/wp\/v2\/types\/post"}],"author":[{"embeddable":true,"href":"https:\/\/www.autojm.fr\/blog\/wp-json\/wp\/v2\/users\/1"}],"replies":[{"embeddable":true,"href":"https:\/\/www.autojm.fr\/blog\/wp-json\/wp\/v2\/comments?post=3772"}],"version-history":[{"count":5,"href":"https:\/\/www.autojm.fr\/blog\/wp-json\/wp\/v2\/posts\/3772\/revisions"}],"predecessor-version":[{"id":9448,"href":"https:\/\/www.autojm.fr\/blog\/wp-json\/wp\/v2\/posts\/3772\/revisions\/9448"}],"wp:featuredmedia":[{"embeddable":true,"href":"https:\/\/www.autojm.fr\/blog\/wp-json\/wp\/v2\/media\/5832"}],"wp:attachment":[{"href":"https:\/\/www.autojm.fr\/blog\/wp-json\/wp\/v2\/media?parent=3772"}],"wp:term":[{"taxonomy":"category","embeddable":true,"href":"https:\/\/www.autojm.fr\/blog\/wp-json\/wp\/v2\/categories?post=3772"},{"taxonomy":"post_tag","embeddable":true,"href":"https:\/\/www.autojm.fr\/blog\/wp-json\/wp\/v2\/tags?post=3772"}],"curies":[{"name":"wp","href":"https:\/\/api.w.org\/{rel}","templated":true}]}}