{"id":3771,"date":"2020-07-10T00:00:00","date_gmt":"2020-07-10T00:00:00","guid":{"rendered":"https:\/\/www.autojm.fr\/blog\/renault-espace-passage-par-un-restylage\/"},"modified":"2023-04-18T12:42:43","modified_gmt":"2023-04-18T12:42:43","slug":"renault-espace-passage-par-un-restylage","status":"publish","type":"post","link":"https:\/\/www.autojm.fr\/blog\/renault-espace-passage-par-un-restylage\/","title":{"rendered":"Renault Espace, passage par un restylage"},"content":{"rendered":"<p>Apr\u00e8s 35 ans d&rsquo;existence, la marque au losange continue d&rsquo;accorder une attention particuli\u00e8re \u00e0 son monospace attitr\u00e9. Le Renault Espace s&rsquo;offre un restylage pour revenir plus moderne en 2020,et marquer une derni\u00e8re fois les esprits. Car oui, la marque l&rsquo;a annonc\u00e9 : l&rsquo;Espace de Renault va tirer sa r\u00e9v\u00e9rence apr\u00e8s cette 5\u00e8me g\u00e9n\u00e9ration\u2026 Peut-\u00eatre pour laisser place \u00e0 un SUV. Mais quels sont les changements op\u00e9r\u00e9s pour cette nouvelle et derni\u00e8re version ?<\/p>\n<h2>Cr\u00e9ation du Renault Espace<\/h2>\n<p>Le Renault Espace est parmi les <strong>monospaces familiaux<\/strong> les plus populaires. Il s&rsquo;est fait une place p\u00e9renne au sein du march\u00e9 automobile fran\u00e7ais et est reconnu comme une automobile fiable pour les familles nombreuses et confortable sur courts et longs trajets. C&rsquo;est en <strong>1984<\/strong> que l&rsquo;Espace voit le jour, apr\u00e8s une id\u00e9e tout droit venu du PDG de Matra Philippe Gu\u00e9don. Il souhaitait importer sur le march\u00e9 Europ\u00e9en le <strong>concept de \u201cvan\u201d Am\u00e9ricain<\/strong>, et cr\u00e9er un v\u00e9hicule familiale spacieux et ludique \u00e0 la fois. L&rsquo;Espace fut l&rsquo;un des premiers de sa cat\u00e9gorie et connu un succ\u00e8s d\u00e8s son lancement. La machine \u00e9tait lanc\u00e9e, et pas des moindres, puisque ce sont pr\u00e8s de 5 g\u00e9n\u00e9rations d&rsquo;Espacequi se sont succ\u00e9d\u00e9es jusqu&rsquo;\u00e0 aujourd&rsquo;hui :<\/p>\n<p>&#8211; Espace 1 en 1984<br \/>\n&#8211; Espace 2 en 1991<br \/>\n&#8211; Espace 3 en 1996<br \/>\n&#8211; Espace 4 en 2002<br \/>\n&#8211; <strong><a href=\"https:\/\/www.autojm.fr\/mandataire-voitures-neuves-renault\">Espace 5 depuis 2015<\/a> <\/strong>(photo ci-dessous)<\/p>\n<p>Le restylage qui sera commercialis\u00e9 pour cette ann\u00e9e 2020 ne constitue pas une 6\u00e8me version mais une am\u00e9lioration de la g\u00e9n\u00e9ration en cours. Que sait-on sur ce nouvel Espace ?<\/p>\n<h2>Nouveau Renault Espace 2020<\/h2>\n<p>Esth\u00e9tiquement, rien d&rsquo;extravagant : la familiale se veut d\u00e9j\u00e0 moderne alors cette nouvelle version n&rsquo;accueille que des nouveaux <strong>feux de jour affin\u00e9s<\/strong>, un <strong>bouclier redessin\u00e9<\/strong>, et des <strong>canules d&rsquo;\u00e9chappement \u00e0 forme ovale<\/strong>. Elle inaugure une nouvelle couleur <strong>Rouge Mill\u00e9sime<\/strong>. A l&rsquo;int\u00e9rieur, la console centrale a \u00e9t\u00e9 redessin\u00e9e et offre d\u00e9sormais une <strong>nouvelle zone de rangement ferm\u00e9e, <\/strong>un <strong>chargeur \u00e0 induction <\/strong>situ\u00e9 sous le levier de vitesse, un nouvel <strong>\u00e9cran 9,3 pouces<\/strong> qui a engendr\u00e9 la r\u00e9organisation des touches autour, et une nouvelle<strong> instrumentation de 10 pouces num\u00e9rique<\/strong>.<\/p>\n<p>Si le design n&rsquo;arbore pas de changement capital, c&rsquo;est avec ses nouvelles technologies que le v\u00e9hicule pourrait bien se d\u00e9marquer et faire peur \u00e0 la concurrence : le <a href=\"https:\/\/www.autojm.fr\/mandataire-voitures-neuves-renault\">Renault Espace 5 II<\/a> adopte les <strong>feux de route adaptatifs \u00e0 LED Matrix<\/strong> <strong>Vision<\/strong> qui, coupl\u00e9s \u00e0 une cam\u00e9ra frontale d\u00e9tectant les v\u00e9hicules en approche, s&rsquo;ajustent automatiquement afin de garder une visibilit\u00e9 optimale sans besoin d&rsquo;intervention du conducteur.<\/p>\n<p>Le monospace entre dans l&rsquo;\u00e8re de la <strong>conduite autonome<\/strong> : \u00e0 l&rsquo;aide au maintien dans la voie s&rsquo;ajoute le r\u00e9gulateur de vitesse actif (utilisable de 0 \u00e0 160 km\/h), afin que le v\u00e9hicule garde le contr\u00f4le de la trajectoire et la vitesse notamment sur autoroute et dans les bouchons. Un plus qui ne devra pas emp\u00eacher le conducteur de surveiller la route, bien entendu. L&rsquo;aide au stationnement automatique est \u00e9galement plus autonome : le v\u00e9hicule peut se garer sans que le conducteur n&rsquo;ait \u00e0 toucher l&rsquo;acc\u00e9l\u00e9rateur ou le frein. La surveillance des angles morts est plus pr\u00e9cise gr\u00e2ce \u00e0 de nouveaux radars, qui alertent le conducteur sur le trafic lors des manoeuvres en marche arri\u00e8re. Enfin, on retrouve des aides \u00e0 la conduite telles que l&rsquo;<strong>alerte de franchissement de ligne<\/strong> et l&rsquo;<strong>alerte de somnolence.<\/strong><\/p>\n<p>Niveau motorisations, pas de changements : on retrouve le <strong>moteur essence 1,8 TCE 225 chevaux<\/strong>, mais \u00e9galement les <strong>moteurs diesel DCi 160 et 200 chevaux. <\/strong>Toutes les versions sont propos\u00e9es avec la bo\u00eete \u00e0 double embrayage EDC, \u00e0 7 rapports pour le moteur Essence et \u00e0 6 rapports pour les versions Diesel.<\/p>\n<p>Le coffre accueille <strong>2125 litres de volume<\/strong> de chargement \u00e0 son maximum, le monospace sera toujours disponible en <strong>5 et 7 places<\/strong>. Il dispose de <strong>3 si\u00e8ges individuels \u00e0 l&rsquo;arri\u00e8re<\/strong>, commandables \u00e9lectriquement depuis des boutons situ\u00e9s dans le coffre et qui permettent de rabattre les si\u00e8ges sans manipulation. En option, <strong>2 strapontins suppl\u00e9mentaires permettent d&rsquo;offrir 7 places<\/strong>. Bien que peu spacieuses, ces 2 places suppl\u00e9mentaires sont pens\u00e9es pour r\u00e9duire au minimum la place disponible dans le coffre.<\/p>\n<p>De nombreux journalistes automobiles ont pu se lancer dans les essais de ce Renault Espace. C&rsquo;est l<strong>&lsquo;Espace 5 en 2 litres DCi de 200 chevaux<\/strong> qui s&rsquo;est pr\u00eat\u00e9 \u00e0 l&rsquo;exp\u00e9rience de l&rsquo;essai :<\/p>\n<p>&#8211; Le journaliste de <a href=\"https:\/\/www.largus.fr\/actualite-automobile\/essai-renault-espace-2020-notre-avis-sur-lespace-5-restyle-10359410.html?ns_mchannel=EMAIL&amp;ns_source=ExtTarget&amp;ns_campaign=20200709NL&amp;ar_mchannel_payant=gratuit&amp;ar_typologie_campaign=newsletters&amp;ar_typologie_email=fidelisation&amp;ar_objectif_email=PV&amp;utm_source=AGSnewsletter&amp;utm_medium=email&amp;utm_campaign=20200709NL\">Largus<\/a> a appr\u00e9ci\u00e9 les <strong>larges surfaces vitr\u00e9es<\/strong> et montants de pare-brise fins qui offrent une visibilit\u00e9 maximale. L&rsquo;<strong>Assistant Autoroute et Trafic<\/strong> et efficace et sans \u00e0-coups. Le moteur est bruyant par moment, mais le Renault Espace reste agr\u00e9able \u00e0 conduire notamment gr\u00e2ce au <strong>system 4Control<\/strong> qui am\u00e9liore la maniabilit\u00e9 \u00e0 vitesse lente.<\/p>\n<p>&#8211; Du c\u00f4t\u00e9 de Caradisiac, le conducteur a relev\u00e9 la <strong>qualit\u00e9 de la suspension pilot\u00e9e, des 4 roues directrices et du ch\u00e2ssis<\/strong>. La <strong>bo\u00eete \u00e0 double embrayage<\/strong> peine quelques peu et entra\u00eene une surconsommation par moment. La <strong>garde au toit a \u00e9t\u00e9 r\u00e9duite de 5 cm<\/strong> et avec la position de conduite sur\u00e9lev\u00e9e, la marge entre sa t\u00eate et le pavillon est courte. Mais le confort reste plut\u00f4t un bon point.<\/p>\n<div style=\"position: relative; padding-bottom: 56.25%; height: 0; overflow: hidden;\"><iframe loading=\"lazy\" style=\"width: 100%; height: 100%; position: absolute; left: 0px; top: 0px; overflow: hidden;\" src=\"https:\/\/www.dailymotion.com\/embed\/video\/x7uj41l\" width=\"100%\" height=\"100%\" allowfullscreen=\"allowfullscreen\"><\/iframe><\/div>\n<p style=\"text-align: center;\"><a href=\"https:\/\/forms.gle\/3wBzAuDZyNk8JeLN7\"><input style=\"border: 0; line-height: 2.5; padding: 0 20px; font-size: 1rem; text-align: center; color: #fff; text-shadow: 1px 1px 1px #000; border-radius: 10px; background-color: #87cefa; background-image: linear-gradient(to top left,                                      rgba(0, 0, 0, .2),                                      rgba(0, 0, 0, .2) 30%,                                      rgba(0, 0, 0, 0)); box-shadow: inset 2px 2px 3px rgba(255, 255, 255, .6),                inset -2px -2px 3px rgba(0, 0, 0, .6);\" type=\"button\" value=\"Recevoir les remises en avant-premi\u00e8re !\" \/><\/a><\/p>\n<p style=\"margin-top: 1.75em; margin-bottom: 1.75em; font-size: 0.813em; line-height: 1.5em; color: #666666; font-family: Arial, Helvetica, sans-serif;\">\n","protected":false},"excerpt":{"rendered":"<p>Apr\u00e8s 35 ans d&rsquo;existence, la marque au losange continue d&rsquo;accorder une attention particuli\u00e8re \u00e0 son monospace attitr\u00e9. Le Renault Espace s&rsquo;offre un restylage pour revenir plus moderne en 2020,et marquer une derni\u00e8re fois les esprits. Car oui, la marque l&rsquo;a annonc\u00e9 : l&rsquo;Espace de Renault va tirer sa r\u00e9v\u00e9rence apr\u00e8s cette 5\u00e8me g\u00e9n\u00e9ration\u2026<\/p>\n","protected":false},"author":1,"featured_media":5831,"comment_status":"open","ping_status":"open","sticky":false,"template":"","format":"standard","meta":{"_acf_changed":false,"content-type":"","footnotes":""},"categories":[62,61],"tags":[90,78,177],"class_list":["post-3771","post","type-post","status-publish","format-standard","has-post-thumbnail","hentry","category-nouveaute-renault","category-nouveautes-autos","tag-autojm","tag-renault","tag-renault-espace"],"acf":[],"yoast_head":"<!-- This site is optimized with the Yoast SEO plugin v27.5 - https:\/\/yoast.com\/product\/yoast-seo-wordpress\/ -->\n<title>Renault Espace, passage par un restylage - AutoJM Mag<\/title>\n<meta name=\"description\" content=\"Apr\u00e8s 35 ans d&#039;existence, la marque au losange continue d&#039;accorder une attention particuli\u00e8re \u00e0 son monospace attitr\u00e9. Le Renault Espace...\" \/>\n<meta name=\"robots\" content=\"index, follow, max-snippet:-1, max-image-preview:large, max-video-preview:-1\" \/>\n<link rel=\"canonical\" href=\"https:\/\/www.autojm.fr\/blog\/renault-espace-passage-par-un-restylage\/\" \/>\n<meta property=\"og:locale\" content=\"fr_FR\" \/>\n<meta property=\"og:type\" content=\"article\" \/>\n<meta property=\"og:title\" content=\"Renault Espace, passage par un restylage - AutoJM Mag\" \/>\n<meta property=\"og:description\" content=\"Apr\u00e8s 35 ans d&#039;existence, la marque au losange continue d&#039;accorder une attention particuli\u00e8re \u00e0 son monospace attitr\u00e9. Le Renault Espace...\" \/>\n<meta property=\"og:url\" content=\"https:\/\/www.autojm.fr\/blog\/renault-espace-passage-par-un-restylage\/\" \/>\n<meta property=\"og:site_name\" content=\"AutoJM Mag\" \/>\n<meta property=\"article:publisher\" content=\"https:\/\/www.facebook.com\/AutoJM25\" \/>\n<meta property=\"article:published_time\" content=\"2020-07-10T00:00:00+00:00\" \/>\n<meta property=\"article:modified_time\" content=\"2023-04-18T12:42:43+00:00\" \/>\n<meta property=\"og:image\" content=\"https:\/\/www.autojm.fr\/blog\/wp-content\/uploads\/2022\/10\/497.jpg\" \/>\n\t<meta property=\"og:image:width\" content=\"1024\" \/>\n\t<meta property=\"og:image:height\" content=\"465\" \/>\n\t<meta property=\"og:image:type\" content=\"image\/jpeg\" \/>\n<meta name=\"author\" content=\"Autojm\" \/>\n<meta name=\"twitter:card\" content=\"summary_large_image\" \/>\n<meta name=\"twitter:label1\" content=\"\u00c9crit par\" \/>\n\t<meta name=\"twitter:data1\" content=\"Autojm\" \/>\n\t<meta name=\"twitter:label2\" content=\"Dur\u00e9e de lecture estim\u00e9e\" \/>\n\t<meta name=\"twitter:data2\" content=\"5 minutes\" \/>\n<script type=\"application\/ld+json\" class=\"yoast-schema-graph\">{\"@context\":\"https:\\\/\\\/schema.org\",\"@graph\":[{\"@type\":\"Article\",\"@id\":\"https:\\\/\\\/www.autojm.fr\\\/blog\\\/renault-espace-passage-par-un-restylage\\\/#article\",\"isPartOf\":{\"@id\":\"https:\\\/\\\/www.autojm.fr\\\/blog\\\/renault-espace-passage-par-un-restylage\\\/\"},\"author\":{\"name\":\"Autojm\",\"@id\":\"https:\\\/\\\/www.autojm.fr\\\/blog\\\/#\\\/schema\\\/person\\\/9742bc77541853e0de81fc57f947e1a0\"},\"headline\":\"Renault Espace, passage par un restylage\",\"datePublished\":\"2020-07-10T00:00:00+00:00\",\"dateModified\":\"2023-04-18T12:42:43+00:00\",\"mainEntityOfPage\":{\"@id\":\"https:\\\/\\\/www.autojm.fr\\\/blog\\\/renault-espace-passage-par-un-restylage\\\/\"},\"wordCount\":862,\"commentCount\":0,\"publisher\":{\"@id\":\"https:\\\/\\\/www.autojm.fr\\\/blog\\\/#organization\"},\"image\":{\"@id\":\"https:\\\/\\\/www.autojm.fr\\\/blog\\\/renault-espace-passage-par-un-restylage\\\/#primaryimage\"},\"thumbnailUrl\":\"https:\\\/\\\/www.autojm.fr\\\/blog\\\/wp-content\\\/uploads\\\/2022\\\/10\\\/497.jpg\",\"keywords\":[\"autojm\",\"renault\",\"Renault Espace\"],\"articleSection\":[\"Nouveaut\u00e9 Renault\",\"Nouveaut\u00e9s Autos\"],\"inLanguage\":\"fr-FR\",\"potentialAction\":[{\"@type\":\"CommentAction\",\"name\":\"Comment\",\"target\":[\"https:\\\/\\\/www.autojm.fr\\\/blog\\\/renault-espace-passage-par-un-restylage\\\/#respond\"]}]},{\"@type\":\"WebPage\",\"@id\":\"https:\\\/\\\/www.autojm.fr\\\/blog\\\/renault-espace-passage-par-un-restylage\\\/\",\"url\":\"https:\\\/\\\/www.autojm.fr\\\/blog\\\/renault-espace-passage-par-un-restylage\\\/\",\"name\":\"Renault Espace, passage par un restylage - AutoJM Mag\",\"isPartOf\":{\"@id\":\"https:\\\/\\\/www.autojm.fr\\\/blog\\\/#website\"},\"primaryImageOfPage\":{\"@id\":\"https:\\\/\\\/www.autojm.fr\\\/blog\\\/renault-espace-passage-par-un-restylage\\\/#primaryimage\"},\"image\":{\"@id\":\"https:\\\/\\\/www.autojm.fr\\\/blog\\\/renault-espace-passage-par-un-restylage\\\/#primaryimage\"},\"thumbnailUrl\":\"https:\\\/\\\/www.autojm.fr\\\/blog\\\/wp-content\\\/uploads\\\/2022\\\/10\\\/497.jpg\",\"datePublished\":\"2020-07-10T00:00:00+00:00\",\"dateModified\":\"2023-04-18T12:42:43+00:00\",\"description\":\"Apr\u00e8s 35 ans d'existence, la marque au losange continue d'accorder une attention particuli\u00e8re \u00e0 son monospace attitr\u00e9. Le Renault Espace...\",\"breadcrumb\":{\"@id\":\"https:\\\/\\\/www.autojm.fr\\\/blog\\\/renault-espace-passage-par-un-restylage\\\/#breadcrumb\"},\"inLanguage\":\"fr-FR\",\"potentialAction\":[{\"@type\":\"ReadAction\",\"target\":[\"https:\\\/\\\/www.autojm.fr\\\/blog\\\/renault-espace-passage-par-un-restylage\\\/\"]}]},{\"@type\":\"ImageObject\",\"inLanguage\":\"fr-FR\",\"@id\":\"https:\\\/\\\/www.autojm.fr\\\/blog\\\/renault-espace-passage-par-un-restylage\\\/#primaryimage\",\"url\":\"https:\\\/\\\/www.autojm.fr\\\/blog\\\/wp-content\\\/uploads\\\/2022\\\/10\\\/497.jpg\",\"contentUrl\":\"https:\\\/\\\/www.autojm.fr\\\/blog\\\/wp-content\\\/uploads\\\/2022\\\/10\\\/497.jpg\",\"width\":1024,\"height\":465,\"caption\":\"Renault Esapce\"},{\"@type\":\"BreadcrumbList\",\"@id\":\"https:\\\/\\\/www.autojm.fr\\\/blog\\\/renault-espace-passage-par-un-restylage\\\/#breadcrumb\",\"itemListElement\":[{\"@type\":\"ListItem\",\"position\":1,\"name\":\"Accueil\",\"item\":\"https:\\\/\\\/www.autojm.fr\\\/blog\\\/\"},{\"@type\":\"ListItem\",\"position\":2,\"name\":\"Nouveaut\u00e9s Autos\",\"item\":\"https:\\\/\\\/www.autojm.fr\\\/blog\\\/nouveautes-autos\\\/\"},{\"@type\":\"ListItem\",\"position\":3,\"name\":\"Renault Espace, passage par un restylage\"}]},{\"@type\":\"WebSite\",\"@id\":\"https:\\\/\\\/www.autojm.fr\\\/blog\\\/#website\",\"url\":\"https:\\\/\\\/www.autojm.fr\\\/blog\\\/\",\"name\":\"AutoJM Mag\",\"description\":\"Toute l&#039;actu auto en 1 clic !\",\"publisher\":{\"@id\":\"https:\\\/\\\/www.autojm.fr\\\/blog\\\/#organization\"},\"potentialAction\":[{\"@type\":\"SearchAction\",\"target\":{\"@type\":\"EntryPoint\",\"urlTemplate\":\"https:\\\/\\\/www.autojm.fr\\\/blog\\\/?s={search_term_string}\"},\"query-input\":{\"@type\":\"PropertyValueSpecification\",\"valueRequired\":true,\"valueName\":\"search_term_string\"}}],\"inLanguage\":\"fr-FR\"},{\"@type\":\"Organization\",\"@id\":\"https:\\\/\\\/www.autojm.fr\\\/blog\\\/#organization\",\"name\":\"AutoJM Mag\",\"url\":\"https:\\\/\\\/www.autojm.fr\\\/blog\\\/\",\"logo\":{\"@type\":\"ImageObject\",\"inLanguage\":\"fr-FR\",\"@id\":\"https:\\\/\\\/www.autojm.fr\\\/blog\\\/#\\\/schema\\\/logo\\\/image\\\/\",\"url\":\"https:\\\/\\\/www.autojm.fr\\\/blog\\\/wp-content\\\/uploads\\\/2022\\\/12\\\/cropped-AutoJMag-png.png\",\"contentUrl\":\"https:\\\/\\\/www.autojm.fr\\\/blog\\\/wp-content\\\/uploads\\\/2022\\\/12\\\/cropped-AutoJMag-png.png\",\"width\":2834,\"height\":585,\"caption\":\"AutoJM Mag\"},\"image\":{\"@id\":\"https:\\\/\\\/www.autojm.fr\\\/blog\\\/#\\\/schema\\\/logo\\\/image\\\/\"},\"sameAs\":[\"https:\\\/\\\/www.facebook.com\\\/AutoJM25\"]},{\"@type\":\"Person\",\"@id\":\"https:\\\/\\\/www.autojm.fr\\\/blog\\\/#\\\/schema\\\/person\\\/9742bc77541853e0de81fc57f947e1a0\",\"name\":\"Autojm\",\"image\":{\"@type\":\"ImageObject\",\"inLanguage\":\"fr-FR\",\"@id\":\"https:\\\/\\\/secure.gravatar.com\\\/avatar\\\/9a959d52b758fcc232fe4b6aca7bab139182573297122cce7d6f2ee0e537b418?s=96&d=mm&r=g\",\"url\":\"https:\\\/\\\/secure.gravatar.com\\\/avatar\\\/9a959d52b758fcc232fe4b6aca7bab139182573297122cce7d6f2ee0e537b418?s=96&d=mm&r=g\",\"contentUrl\":\"https:\\\/\\\/secure.gravatar.com\\\/avatar\\\/9a959d52b758fcc232fe4b6aca7bab139182573297122cce7d6f2ee0e537b418?s=96&d=mm&r=g\",\"caption\":\"Autojm\"},\"sameAs\":[\"https:\\\/\\\/www.autojm.fr\\\/blog\"],\"url\":\"https:\\\/\\\/www.autojm.fr\\\/blog\\\/author\\\/bichoi\\\/\"}]}<\/script>\n<!-- \/ Yoast SEO plugin. -->","yoast_head_json":{"title":"Renault Espace, passage par un restylage - AutoJM Mag","description":"Apr\u00e8s 35 ans d'existence, la marque au losange continue d'accorder une attention particuli\u00e8re \u00e0 son monospace attitr\u00e9. Le Renault Espace...","robots":{"index":"index","follow":"follow","max-snippet":"max-snippet:-1","max-image-preview":"max-image-preview:large","max-video-preview":"max-video-preview:-1"},"canonical":"https:\/\/www.autojm.fr\/blog\/renault-espace-passage-par-un-restylage\/","og_locale":"fr_FR","og_type":"article","og_title":"Renault Espace, passage par un restylage - AutoJM Mag","og_description":"Apr\u00e8s 35 ans d'existence, la marque au losange continue d'accorder une attention particuli\u00e8re \u00e0 son monospace attitr\u00e9. Le Renault Espace...","og_url":"https:\/\/www.autojm.fr\/blog\/renault-espace-passage-par-un-restylage\/","og_site_name":"AutoJM Mag","article_publisher":"https:\/\/www.facebook.com\/AutoJM25","article_published_time":"2020-07-10T00:00:00+00:00","article_modified_time":"2023-04-18T12:42:43+00:00","og_image":[{"width":1024,"height":465,"url":"https:\/\/www.autojm.fr\/blog\/wp-content\/uploads\/2022\/10\/497.jpg","type":"image\/jpeg"}],"author":"Autojm","twitter_card":"summary_large_image","twitter_misc":{"\u00c9crit par":"Autojm","Dur\u00e9e de lecture estim\u00e9e":"5 minutes"},"schema":{"@context":"https:\/\/schema.org","@graph":[{"@type":"Article","@id":"https:\/\/www.autojm.fr\/blog\/renault-espace-passage-par-un-restylage\/#article","isPartOf":{"@id":"https:\/\/www.autojm.fr\/blog\/renault-espace-passage-par-un-restylage\/"},"author":{"name":"Autojm","@id":"https:\/\/www.autojm.fr\/blog\/#\/schema\/person\/9742bc77541853e0de81fc57f947e1a0"},"headline":"Renault Espace, passage par un restylage","datePublished":"2020-07-10T00:00:00+00:00","dateModified":"2023-04-18T12:42:43+00:00","mainEntityOfPage":{"@id":"https:\/\/www.autojm.fr\/blog\/renault-espace-passage-par-un-restylage\/"},"wordCount":862,"commentCount":0,"publisher":{"@id":"https:\/\/www.autojm.fr\/blog\/#organization"},"image":{"@id":"https:\/\/www.autojm.fr\/blog\/renault-espace-passage-par-un-restylage\/#primaryimage"},"thumbnailUrl":"https:\/\/www.autojm.fr\/blog\/wp-content\/uploads\/2022\/10\/497.jpg","keywords":["autojm","renault","Renault Espace"],"articleSection":["Nouveaut\u00e9 Renault","Nouveaut\u00e9s Autos"],"inLanguage":"fr-FR","potentialAction":[{"@type":"CommentAction","name":"Comment","target":["https:\/\/www.autojm.fr\/blog\/renault-espace-passage-par-un-restylage\/#respond"]}]},{"@type":"WebPage","@id":"https:\/\/www.autojm.fr\/blog\/renault-espace-passage-par-un-restylage\/","url":"https:\/\/www.autojm.fr\/blog\/renault-espace-passage-par-un-restylage\/","name":"Renault Espace, passage par un restylage - AutoJM Mag","isPartOf":{"@id":"https:\/\/www.autojm.fr\/blog\/#website"},"primaryImageOfPage":{"@id":"https:\/\/www.autojm.fr\/blog\/renault-espace-passage-par-un-restylage\/#primaryimage"},"image":{"@id":"https:\/\/www.autojm.fr\/blog\/renault-espace-passage-par-un-restylage\/#primaryimage"},"thumbnailUrl":"https:\/\/www.autojm.fr\/blog\/wp-content\/uploads\/2022\/10\/497.jpg","datePublished":"2020-07-10T00:00:00+00:00","dateModified":"2023-04-18T12:42:43+00:00","description":"Apr\u00e8s 35 ans d'existence, la marque au losange continue d'accorder une attention particuli\u00e8re \u00e0 son monospace attitr\u00e9. Le Renault Espace...","breadcrumb":{"@id":"https:\/\/www.autojm.fr\/blog\/renault-espace-passage-par-un-restylage\/#breadcrumb"},"inLanguage":"fr-FR","potentialAction":[{"@type":"ReadAction","target":["https:\/\/www.autojm.fr\/blog\/renault-espace-passage-par-un-restylage\/"]}]},{"@type":"ImageObject","inLanguage":"fr-FR","@id":"https:\/\/www.autojm.fr\/blog\/renault-espace-passage-par-un-restylage\/#primaryimage","url":"https:\/\/www.autojm.fr\/blog\/wp-content\/uploads\/2022\/10\/497.jpg","contentUrl":"https:\/\/www.autojm.fr\/blog\/wp-content\/uploads\/2022\/10\/497.jpg","width":1024,"height":465,"caption":"Renault Esapce"},{"@type":"BreadcrumbList","@id":"https:\/\/www.autojm.fr\/blog\/renault-espace-passage-par-un-restylage\/#breadcrumb","itemListElement":[{"@type":"ListItem","position":1,"name":"Accueil","item":"https:\/\/www.autojm.fr\/blog\/"},{"@type":"ListItem","position":2,"name":"Nouveaut\u00e9s Autos","item":"https:\/\/www.autojm.fr\/blog\/nouveautes-autos\/"},{"@type":"ListItem","position":3,"name":"Renault Espace, passage par un restylage"}]},{"@type":"WebSite","@id":"https:\/\/www.autojm.fr\/blog\/#website","url":"https:\/\/www.autojm.fr\/blog\/","name":"AutoJM Mag","description":"Toute l&#039;actu auto en 1 clic !","publisher":{"@id":"https:\/\/www.autojm.fr\/blog\/#organization"},"potentialAction":[{"@type":"SearchAction","target":{"@type":"EntryPoint","urlTemplate":"https:\/\/www.autojm.fr\/blog\/?s={search_term_string}"},"query-input":{"@type":"PropertyValueSpecification","valueRequired":true,"valueName":"search_term_string"}}],"inLanguage":"fr-FR"},{"@type":"Organization","@id":"https:\/\/www.autojm.fr\/blog\/#organization","name":"AutoJM Mag","url":"https:\/\/www.autojm.fr\/blog\/","logo":{"@type":"ImageObject","inLanguage":"fr-FR","@id":"https:\/\/www.autojm.fr\/blog\/#\/schema\/logo\/image\/","url":"https:\/\/www.autojm.fr\/blog\/wp-content\/uploads\/2022\/12\/cropped-AutoJMag-png.png","contentUrl":"https:\/\/www.autojm.fr\/blog\/wp-content\/uploads\/2022\/12\/cropped-AutoJMag-png.png","width":2834,"height":585,"caption":"AutoJM Mag"},"image":{"@id":"https:\/\/www.autojm.fr\/blog\/#\/schema\/logo\/image\/"},"sameAs":["https:\/\/www.facebook.com\/AutoJM25"]},{"@type":"Person","@id":"https:\/\/www.autojm.fr\/blog\/#\/schema\/person\/9742bc77541853e0de81fc57f947e1a0","name":"Autojm","image":{"@type":"ImageObject","inLanguage":"fr-FR","@id":"https:\/\/secure.gravatar.com\/avatar\/9a959d52b758fcc232fe4b6aca7bab139182573297122cce7d6f2ee0e537b418?s=96&d=mm&r=g","url":"https:\/\/secure.gravatar.com\/avatar\/9a959d52b758fcc232fe4b6aca7bab139182573297122cce7d6f2ee0e537b418?s=96&d=mm&r=g","contentUrl":"https:\/\/secure.gravatar.com\/avatar\/9a959d52b758fcc232fe4b6aca7bab139182573297122cce7d6f2ee0e537b418?s=96&d=mm&r=g","caption":"Autojm"},"sameAs":["https:\/\/www.autojm.fr\/blog"],"url":"https:\/\/www.autojm.fr\/blog\/author\/bichoi\/"}]}},"_links":{"self":[{"href":"https:\/\/www.autojm.fr\/blog\/wp-json\/wp\/v2\/posts\/3771","targetHints":{"allow":["GET"]}}],"collection":[{"href":"https:\/\/www.autojm.fr\/blog\/wp-json\/wp\/v2\/posts"}],"about":[{"href":"https:\/\/www.autojm.fr\/blog\/wp-json\/wp\/v2\/types\/post"}],"author":[{"embeddable":true,"href":"https:\/\/www.autojm.fr\/blog\/wp-json\/wp\/v2\/users\/1"}],"replies":[{"embeddable":true,"href":"https:\/\/www.autojm.fr\/blog\/wp-json\/wp\/v2\/comments?post=3771"}],"version-history":[{"count":5,"href":"https:\/\/www.autojm.fr\/blog\/wp-json\/wp\/v2\/posts\/3771\/revisions"}],"predecessor-version":[{"id":9269,"href":"https:\/\/www.autojm.fr\/blog\/wp-json\/wp\/v2\/posts\/3771\/revisions\/9269"}],"wp:featuredmedia":[{"embeddable":true,"href":"https:\/\/www.autojm.fr\/blog\/wp-json\/wp\/v2\/media\/5831"}],"wp:attachment":[{"href":"https:\/\/www.autojm.fr\/blog\/wp-json\/wp\/v2\/media?parent=3771"}],"wp:term":[{"taxonomy":"category","embeddable":true,"href":"https:\/\/www.autojm.fr\/blog\/wp-json\/wp\/v2\/categories?post=3771"},{"taxonomy":"post_tag","embeddable":true,"href":"https:\/\/www.autojm.fr\/blog\/wp-json\/wp\/v2\/tags?post=3771"}],"curies":[{"name":"wp","href":"https:\/\/api.w.org\/{rel}","templated":true}]}}