{"id":3770,"date":"2020-02-13T00:00:00","date_gmt":"2020-02-13T00:00:00","guid":{"rendered":"https:\/\/www.autojm.fr\/blog\/citroen-c3-restylee-2020\/"},"modified":"2023-04-18T12:47:56","modified_gmt":"2023-04-18T12:47:56","slug":"citroen-c3-restylee-2020","status":"publish","type":"post","link":"https:\/\/www.autojm.fr\/blog\/citroen-c3-restylee-2020\/","title":{"rendered":"Citro\u00ebn C3 restyl\u00e9e 2020"},"content":{"rendered":"<p><strong>La <a href=\"https:\/\/www.autojm.fr\/achat-voitures-neuves-citroen-nouvelle-c3-5p?part=blog&amp;utm_source=articleblog130220&amp;utm_medium=blog\">Citro\u00ebn C3<\/a> s&rsquo;inscrit parmi les plus gros succ\u00e8s de la marque aux chevrons<\/strong>, et c&rsquo;est pour cette raison et pour s&rsquo;aligner sur les restylages de la Peugeot 208 et Renault Clio que <a href=\"https:\/\/www.autojm.fr\/mandataire-voitures-neuves-citroen?part=blog&amp;utm_source=articleblog130220&amp;utm_medium=blog\">Citro\u00ebn<\/a> a d\u00e9cid\u00e9 de lui donner un coup de neuf. Contrairement \u00e0 la <a href=\"https:\/\/www.autojm.fr\/achat-voitures-neuves-peugeot-208-2019-5p?part=blog&amp;utm_source=articleblog130220&amp;utm_medium=blog\">Peugeot 208 2<\/a> et la <a href=\"https:\/\/www.autojm.fr\/achat-voitures-neuves-renault-clio-5-5p?part=blog&amp;utm_source=articleblog130220&amp;utm_medium=blog\">Renault Clio 5<\/a>, la C3 n&rsquo;accueille pas une nouvelle version mais un simple restylage. Pas de changements radicaux \u00e0 l&rsquo;horizon, quelques am\u00e9liorations pour garder le charme de la version sortie en 2017.<\/p>\n<h2>Ext\u00e9rieur de la Citro\u00ebn C3 2020<\/h2>\n<p>La face avant reste fid\u00e8le \u00e0 la version pr\u00e9c\u00e9dente, mais adopte tout de m\u00eame quelques subtilit\u00e9s en terme de changements : la <strong>ligne chrom\u00e9e<\/strong> int\u00e9grant le logo Citro\u00ebn est d\u00e9sormais dessin\u00e9e de sorte \u00e0 souligner les phares, plus gros sur cette nouvelle C3. De <strong>nouveaux projecteurs \u00e0 LED<\/strong> sont int\u00e9gr\u00e9s, ainsi que de <strong>nouvelles jantes 16 et 17 pouces<\/strong> disponibles selon vos envies et deux <strong>nouvelles couleurs Rouge Elixir et Spring Blue<\/strong> qui permettent, entre autres, de faire grimper \u00e0 <strong>97 <\/strong>le nombre de combinaisons possibles ! Les <strong>airbumps sont d\u00e9sormais redessin\u00e9s<\/strong> pour appara\u00eetre plus gros et plus \u00e9pur\u00e9s. La face arri\u00e8re est inchang\u00e9e, tout comme les dimensions.<\/p>\n<h2>Int\u00e9rieur de la citadine C3<\/h2>\n<p>Si les nouveaut\u00e9s sont plut\u00f4t discr\u00e8tes sur la carrosserie de cette C3 restyl\u00e9e, elles sont presque invisibles lorsqu&rsquo;on regarde de plus pr\u00e8s l&rsquo;int\u00e9rieur : les<strong> si\u00e8ges sont plus \u00e9pais<\/strong> pour plus de confort, les <strong>suspensions et l&rsquo;acoustique <\/strong>sont h\u00e9rit\u00e9s du <strong>syst\u00e8me Advanced Comfort <\/strong>que l&rsquo;on retrouve donc en partie dans cette Citro\u00ebn C3, et <strong>deux nouvelles ambiances<\/strong> <strong>Emeraude<\/strong> (sombre avec des touches de couleur) et <strong>Techwood<\/strong> (impression de bois chaud, plus haut de gamme) sont disponibles. On retrouve l&rsquo;<strong>\u00e9cran tactile 7 pouces<\/strong> en plein centre du tableau de bord.<\/p>\n<h2>Technologies et motorisations inchang\u00e9es \u00e0 bord de la C3 restyl\u00e9e<\/h2>\n<p>La citadine restyl\u00e9e se pare, comme tous les v\u00e9hicules r\u00e9cents et comme sa version pr\u00e9c\u00e9dente, des <strong>aides \u00e0 la conduite<\/strong> de derni\u00e8re g\u00e9n\u00e9ration : aide au stationnement (version am\u00e9lior\u00e9e avec six capteurs), alerte de franchissement involontaire de ligne, aide au d\u00e9marrage en pente, reconnaissance des panneaux de signalisation, cam\u00e9ra de recul, coffee break alerte, alerte attention conducteur ou encore syst\u00e8me de surveillance d&rsquo;angles morts.<\/p>\n<p>C\u00f4t\u00e9 motorisations, on ne note aucun changement. La Citro\u00ebn C3 restyl\u00e9e embarque les <strong>moteurs essence 3 cylindres PureTech en version 82 ou 110 chevaux<\/strong>, et le <strong>diesel BlueHDi 100 chevaux<\/strong>. Du classique en configuration thermique, et <strong>pas de version hybride ou \u00e9lectrique<\/strong>\u2026 La marque aux chevrons devrait d\u00e9voiler \u00e0 la fin du mois de f\u00e9vrier un mod\u00e8le \u00e9lectrique, contrairement \u00e0 Peugeot qui a jusqu&rsquo;ici attribu\u00e9 des mod\u00e8les propres \u00e0 la majorit\u00e9 de sa gamme (ex : <a href=\"?part=blog&amp;utm_source=articleblog130220&amp;utm_medium=blog\">3008 hybride<\/a>).<\/p>\n<p>Afin de conserver une place de choix dans le palmar\u00e8s des citadines les plus vendues de l&rsquo;hexagone, Citro\u00ebn se devait de d\u00e9voiler un restylage pour mettre \u00e0 jour la C3. M\u00eame si les changements sont peu visibles, on note une personnalisation rendue encore plus extravagantes gr\u00e2ce \u00e0 <strong>97 combinaisons ext\u00e9rieures possibles<\/strong> ! De quoi en voir pour tous les go\u00fbts.<\/p>\n","protected":false},"excerpt":{"rendered":"<p>La Citro\u00ebn C3 s&rsquo;inscrit parmi les plus gros succ\u00e8s de la marque aux chevrons, et c&rsquo;est pour cette raison et pour s&rsquo;aligner sur les restylages de la Peugeot 208 et Renault Clio que Citro\u00ebn a d\u00e9cid\u00e9 de lui donner un coup de neuf.<\/p>\n","protected":false},"author":1,"featured_media":5830,"comment_status":"open","ping_status":"open","sticky":false,"template":"","format":"standard","meta":{"_acf_changed":false,"content-type":"","footnotes":""},"categories":[70,61],"tags":[90,85,197],"class_list":["post-3770","post","type-post","status-publish","format-standard","has-post-thumbnail","hentry","category-actualites-citroen","category-nouveautes-autos","tag-autojm","tag-citroen-2","tag-citroen-c3"],"acf":[],"yoast_head":"<!-- This site is optimized with the Yoast SEO plugin v27.5 - https:\/\/yoast.com\/product\/yoast-seo-wordpress\/ -->\n<title>Citro\u00ebn C3 restyl\u00e9e 2020 - AutoJM Mag<\/title>\n<meta name=\"description\" content=\"La Citro\u00ebn C3 s&#039;inscrit parmi les plus gros succ\u00e8s de la marque aux chevrons, et c&#039;est pour cette raison et pour s&#039;aligner sur les...\" \/>\n<meta name=\"robots\" content=\"index, follow, max-snippet:-1, max-image-preview:large, max-video-preview:-1\" \/>\n<link rel=\"canonical\" href=\"https:\/\/www.autojm.fr\/blog\/citroen-c3-restylee-2020\/\" \/>\n<meta property=\"og:locale\" content=\"fr_FR\" \/>\n<meta property=\"og:type\" content=\"article\" \/>\n<meta property=\"og:title\" content=\"Citro\u00ebn C3 restyl\u00e9e 2020 - AutoJM Mag\" \/>\n<meta property=\"og:description\" content=\"La Citro\u00ebn C3 s&#039;inscrit parmi les plus gros succ\u00e8s de la marque aux chevrons, et c&#039;est pour cette raison et pour s&#039;aligner sur les...\" \/>\n<meta property=\"og:url\" content=\"https:\/\/www.autojm.fr\/blog\/citroen-c3-restylee-2020\/\" \/>\n<meta property=\"og:site_name\" content=\"AutoJM Mag\" \/>\n<meta property=\"article:publisher\" content=\"https:\/\/www.facebook.com\/AutoJM25\" \/>\n<meta property=\"article:published_time\" content=\"2020-02-13T00:00:00+00:00\" \/>\n<meta property=\"article:modified_time\" content=\"2023-04-18T12:47:56+00:00\" \/>\n<meta property=\"og:image\" content=\"https:\/\/www.autojm.fr\/blog\/wp-content\/uploads\/2022\/10\/518.jpg\" \/>\n\t<meta property=\"og:image:width\" content=\"1024\" \/>\n\t<meta property=\"og:image:height\" content=\"465\" \/>\n\t<meta property=\"og:image:type\" content=\"image\/jpeg\" \/>\n<meta name=\"author\" content=\"Autojm\" \/>\n<meta name=\"twitter:card\" content=\"summary_large_image\" \/>\n<meta name=\"twitter:label1\" content=\"\u00c9crit par\" \/>\n\t<meta name=\"twitter:data1\" content=\"Autojm\" \/>\n\t<meta name=\"twitter:label2\" content=\"Dur\u00e9e de lecture estim\u00e9e\" \/>\n\t<meta name=\"twitter:data2\" content=\"3 minutes\" \/>\n<script type=\"application\/ld+json\" class=\"yoast-schema-graph\">{\"@context\":\"https:\\\/\\\/schema.org\",\"@graph\":[{\"@type\":\"Article\",\"@id\":\"https:\\\/\\\/www.autojm.fr\\\/blog\\\/citroen-c3-restylee-2020\\\/#article\",\"isPartOf\":{\"@id\":\"https:\\\/\\\/www.autojm.fr\\\/blog\\\/citroen-c3-restylee-2020\\\/\"},\"author\":{\"name\":\"Autojm\",\"@id\":\"https:\\\/\\\/www.autojm.fr\\\/blog\\\/#\\\/schema\\\/person\\\/9742bc77541853e0de81fc57f947e1a0\"},\"headline\":\"Citro\u00ebn C3 restyl\u00e9e 2020\",\"datePublished\":\"2020-02-13T00:00:00+00:00\",\"dateModified\":\"2023-04-18T12:47:56+00:00\",\"mainEntityOfPage\":{\"@id\":\"https:\\\/\\\/www.autojm.fr\\\/blog\\\/citroen-c3-restylee-2020\\\/\"},\"wordCount\":540,\"commentCount\":0,\"publisher\":{\"@id\":\"https:\\\/\\\/www.autojm.fr\\\/blog\\\/#organization\"},\"image\":{\"@id\":\"https:\\\/\\\/www.autojm.fr\\\/blog\\\/citroen-c3-restylee-2020\\\/#primaryimage\"},\"thumbnailUrl\":\"https:\\\/\\\/www.autojm.fr\\\/blog\\\/wp-content\\\/uploads\\\/2022\\\/10\\\/518.jpg\",\"keywords\":[\"autojm\",\"Citro\u00ebn\",\"Citro\u00ebn C3\"],\"articleSection\":[\"Actualit\u00e9s Citro\u00ebn\",\"Nouveaut\u00e9s Autos\"],\"inLanguage\":\"fr-FR\",\"potentialAction\":[{\"@type\":\"CommentAction\",\"name\":\"Comment\",\"target\":[\"https:\\\/\\\/www.autojm.fr\\\/blog\\\/citroen-c3-restylee-2020\\\/#respond\"]}]},{\"@type\":\"WebPage\",\"@id\":\"https:\\\/\\\/www.autojm.fr\\\/blog\\\/citroen-c3-restylee-2020\\\/\",\"url\":\"https:\\\/\\\/www.autojm.fr\\\/blog\\\/citroen-c3-restylee-2020\\\/\",\"name\":\"Citro\u00ebn C3 restyl\u00e9e 2020 - AutoJM Mag\",\"isPartOf\":{\"@id\":\"https:\\\/\\\/www.autojm.fr\\\/blog\\\/#website\"},\"primaryImageOfPage\":{\"@id\":\"https:\\\/\\\/www.autojm.fr\\\/blog\\\/citroen-c3-restylee-2020\\\/#primaryimage\"},\"image\":{\"@id\":\"https:\\\/\\\/www.autojm.fr\\\/blog\\\/citroen-c3-restylee-2020\\\/#primaryimage\"},\"thumbnailUrl\":\"https:\\\/\\\/www.autojm.fr\\\/blog\\\/wp-content\\\/uploads\\\/2022\\\/10\\\/518.jpg\",\"datePublished\":\"2020-02-13T00:00:00+00:00\",\"dateModified\":\"2023-04-18T12:47:56+00:00\",\"description\":\"La Citro\u00ebn C3 s'inscrit parmi les plus gros succ\u00e8s de la marque aux chevrons, et c'est pour cette raison et pour s'aligner sur les...\",\"breadcrumb\":{\"@id\":\"https:\\\/\\\/www.autojm.fr\\\/blog\\\/citroen-c3-restylee-2020\\\/#breadcrumb\"},\"inLanguage\":\"fr-FR\",\"potentialAction\":[{\"@type\":\"ReadAction\",\"target\":[\"https:\\\/\\\/www.autojm.fr\\\/blog\\\/citroen-c3-restylee-2020\\\/\"]}]},{\"@type\":\"ImageObject\",\"inLanguage\":\"fr-FR\",\"@id\":\"https:\\\/\\\/www.autojm.fr\\\/blog\\\/citroen-c3-restylee-2020\\\/#primaryimage\",\"url\":\"https:\\\/\\\/www.autojm.fr\\\/blog\\\/wp-content\\\/uploads\\\/2022\\\/10\\\/518.jpg\",\"contentUrl\":\"https:\\\/\\\/www.autojm.fr\\\/blog\\\/wp-content\\\/uploads\\\/2022\\\/10\\\/518.jpg\",\"width\":1024,\"height\":465,\"caption\":\"Citro\u00ebn C3\"},{\"@type\":\"BreadcrumbList\",\"@id\":\"https:\\\/\\\/www.autojm.fr\\\/blog\\\/citroen-c3-restylee-2020\\\/#breadcrumb\",\"itemListElement\":[{\"@type\":\"ListItem\",\"position\":1,\"name\":\"Accueil\",\"item\":\"https:\\\/\\\/www.autojm.fr\\\/blog\\\/\"},{\"@type\":\"ListItem\",\"position\":2,\"name\":\"Nouveaut\u00e9s Autos\",\"item\":\"https:\\\/\\\/www.autojm.fr\\\/blog\\\/nouveautes-autos\\\/\"},{\"@type\":\"ListItem\",\"position\":3,\"name\":\"Citro\u00ebn C3 restyl\u00e9e 2020\"}]},{\"@type\":\"WebSite\",\"@id\":\"https:\\\/\\\/www.autojm.fr\\\/blog\\\/#website\",\"url\":\"https:\\\/\\\/www.autojm.fr\\\/blog\\\/\",\"name\":\"AutoJM Mag\",\"description\":\"Toute l&#039;actu auto en 1 clic !\",\"publisher\":{\"@id\":\"https:\\\/\\\/www.autojm.fr\\\/blog\\\/#organization\"},\"potentialAction\":[{\"@type\":\"SearchAction\",\"target\":{\"@type\":\"EntryPoint\",\"urlTemplate\":\"https:\\\/\\\/www.autojm.fr\\\/blog\\\/?s={search_term_string}\"},\"query-input\":{\"@type\":\"PropertyValueSpecification\",\"valueRequired\":true,\"valueName\":\"search_term_string\"}}],\"inLanguage\":\"fr-FR\"},{\"@type\":\"Organization\",\"@id\":\"https:\\\/\\\/www.autojm.fr\\\/blog\\\/#organization\",\"name\":\"AutoJM Mag\",\"url\":\"https:\\\/\\\/www.autojm.fr\\\/blog\\\/\",\"logo\":{\"@type\":\"ImageObject\",\"inLanguage\":\"fr-FR\",\"@id\":\"https:\\\/\\\/www.autojm.fr\\\/blog\\\/#\\\/schema\\\/logo\\\/image\\\/\",\"url\":\"https:\\\/\\\/www.autojm.fr\\\/blog\\\/wp-content\\\/uploads\\\/2022\\\/12\\\/cropped-AutoJMag-png.png\",\"contentUrl\":\"https:\\\/\\\/www.autojm.fr\\\/blog\\\/wp-content\\\/uploads\\\/2022\\\/12\\\/cropped-AutoJMag-png.png\",\"width\":2834,\"height\":585,\"caption\":\"AutoJM Mag\"},\"image\":{\"@id\":\"https:\\\/\\\/www.autojm.fr\\\/blog\\\/#\\\/schema\\\/logo\\\/image\\\/\"},\"sameAs\":[\"https:\\\/\\\/www.facebook.com\\\/AutoJM25\"]},{\"@type\":\"Person\",\"@id\":\"https:\\\/\\\/www.autojm.fr\\\/blog\\\/#\\\/schema\\\/person\\\/9742bc77541853e0de81fc57f947e1a0\",\"name\":\"Autojm\",\"image\":{\"@type\":\"ImageObject\",\"inLanguage\":\"fr-FR\",\"@id\":\"https:\\\/\\\/secure.gravatar.com\\\/avatar\\\/9a959d52b758fcc232fe4b6aca7bab139182573297122cce7d6f2ee0e537b418?s=96&d=mm&r=g\",\"url\":\"https:\\\/\\\/secure.gravatar.com\\\/avatar\\\/9a959d52b758fcc232fe4b6aca7bab139182573297122cce7d6f2ee0e537b418?s=96&d=mm&r=g\",\"contentUrl\":\"https:\\\/\\\/secure.gravatar.com\\\/avatar\\\/9a959d52b758fcc232fe4b6aca7bab139182573297122cce7d6f2ee0e537b418?s=96&d=mm&r=g\",\"caption\":\"Autojm\"},\"sameAs\":[\"https:\\\/\\\/www.autojm.fr\\\/blog\"],\"url\":\"https:\\\/\\\/www.autojm.fr\\\/blog\\\/author\\\/bichoi\\\/\"}]}<\/script>\n<!-- \/ Yoast SEO plugin. -->","yoast_head_json":{"title":"Citro\u00ebn C3 restyl\u00e9e 2020 - AutoJM Mag","description":"La Citro\u00ebn C3 s'inscrit parmi les plus gros succ\u00e8s de la marque aux chevrons, et c'est pour cette raison et pour s'aligner sur les...","robots":{"index":"index","follow":"follow","max-snippet":"max-snippet:-1","max-image-preview":"max-image-preview:large","max-video-preview":"max-video-preview:-1"},"canonical":"https:\/\/www.autojm.fr\/blog\/citroen-c3-restylee-2020\/","og_locale":"fr_FR","og_type":"article","og_title":"Citro\u00ebn C3 restyl\u00e9e 2020 - AutoJM Mag","og_description":"La Citro\u00ebn C3 s'inscrit parmi les plus gros succ\u00e8s de la marque aux chevrons, et c'est pour cette raison et pour s'aligner sur les...","og_url":"https:\/\/www.autojm.fr\/blog\/citroen-c3-restylee-2020\/","og_site_name":"AutoJM Mag","article_publisher":"https:\/\/www.facebook.com\/AutoJM25","article_published_time":"2020-02-13T00:00:00+00:00","article_modified_time":"2023-04-18T12:47:56+00:00","og_image":[{"width":1024,"height":465,"url":"https:\/\/www.autojm.fr\/blog\/wp-content\/uploads\/2022\/10\/518.jpg","type":"image\/jpeg"}],"author":"Autojm","twitter_card":"summary_large_image","twitter_misc":{"\u00c9crit par":"Autojm","Dur\u00e9e de lecture estim\u00e9e":"3 minutes"},"schema":{"@context":"https:\/\/schema.org","@graph":[{"@type":"Article","@id":"https:\/\/www.autojm.fr\/blog\/citroen-c3-restylee-2020\/#article","isPartOf":{"@id":"https:\/\/www.autojm.fr\/blog\/citroen-c3-restylee-2020\/"},"author":{"name":"Autojm","@id":"https:\/\/www.autojm.fr\/blog\/#\/schema\/person\/9742bc77541853e0de81fc57f947e1a0"},"headline":"Citro\u00ebn C3 restyl\u00e9e 2020","datePublished":"2020-02-13T00:00:00+00:00","dateModified":"2023-04-18T12:47:56+00:00","mainEntityOfPage":{"@id":"https:\/\/www.autojm.fr\/blog\/citroen-c3-restylee-2020\/"},"wordCount":540,"commentCount":0,"publisher":{"@id":"https:\/\/www.autojm.fr\/blog\/#organization"},"image":{"@id":"https:\/\/www.autojm.fr\/blog\/citroen-c3-restylee-2020\/#primaryimage"},"thumbnailUrl":"https:\/\/www.autojm.fr\/blog\/wp-content\/uploads\/2022\/10\/518.jpg","keywords":["autojm","Citro\u00ebn","Citro\u00ebn C3"],"articleSection":["Actualit\u00e9s Citro\u00ebn","Nouveaut\u00e9s Autos"],"inLanguage":"fr-FR","potentialAction":[{"@type":"CommentAction","name":"Comment","target":["https:\/\/www.autojm.fr\/blog\/citroen-c3-restylee-2020\/#respond"]}]},{"@type":"WebPage","@id":"https:\/\/www.autojm.fr\/blog\/citroen-c3-restylee-2020\/","url":"https:\/\/www.autojm.fr\/blog\/citroen-c3-restylee-2020\/","name":"Citro\u00ebn C3 restyl\u00e9e 2020 - AutoJM Mag","isPartOf":{"@id":"https:\/\/www.autojm.fr\/blog\/#website"},"primaryImageOfPage":{"@id":"https:\/\/www.autojm.fr\/blog\/citroen-c3-restylee-2020\/#primaryimage"},"image":{"@id":"https:\/\/www.autojm.fr\/blog\/citroen-c3-restylee-2020\/#primaryimage"},"thumbnailUrl":"https:\/\/www.autojm.fr\/blog\/wp-content\/uploads\/2022\/10\/518.jpg","datePublished":"2020-02-13T00:00:00+00:00","dateModified":"2023-04-18T12:47:56+00:00","description":"La Citro\u00ebn C3 s'inscrit parmi les plus gros succ\u00e8s de la marque aux chevrons, et c'est pour cette raison et pour s'aligner sur les...","breadcrumb":{"@id":"https:\/\/www.autojm.fr\/blog\/citroen-c3-restylee-2020\/#breadcrumb"},"inLanguage":"fr-FR","potentialAction":[{"@type":"ReadAction","target":["https:\/\/www.autojm.fr\/blog\/citroen-c3-restylee-2020\/"]}]},{"@type":"ImageObject","inLanguage":"fr-FR","@id":"https:\/\/www.autojm.fr\/blog\/citroen-c3-restylee-2020\/#primaryimage","url":"https:\/\/www.autojm.fr\/blog\/wp-content\/uploads\/2022\/10\/518.jpg","contentUrl":"https:\/\/www.autojm.fr\/blog\/wp-content\/uploads\/2022\/10\/518.jpg","width":1024,"height":465,"caption":"Citro\u00ebn C3"},{"@type":"BreadcrumbList","@id":"https:\/\/www.autojm.fr\/blog\/citroen-c3-restylee-2020\/#breadcrumb","itemListElement":[{"@type":"ListItem","position":1,"name":"Accueil","item":"https:\/\/www.autojm.fr\/blog\/"},{"@type":"ListItem","position":2,"name":"Nouveaut\u00e9s Autos","item":"https:\/\/www.autojm.fr\/blog\/nouveautes-autos\/"},{"@type":"ListItem","position":3,"name":"Citro\u00ebn C3 restyl\u00e9e 2020"}]},{"@type":"WebSite","@id":"https:\/\/www.autojm.fr\/blog\/#website","url":"https:\/\/www.autojm.fr\/blog\/","name":"AutoJM Mag","description":"Toute l&#039;actu auto en 1 clic !","publisher":{"@id":"https:\/\/www.autojm.fr\/blog\/#organization"},"potentialAction":[{"@type":"SearchAction","target":{"@type":"EntryPoint","urlTemplate":"https:\/\/www.autojm.fr\/blog\/?s={search_term_string}"},"query-input":{"@type":"PropertyValueSpecification","valueRequired":true,"valueName":"search_term_string"}}],"inLanguage":"fr-FR"},{"@type":"Organization","@id":"https:\/\/www.autojm.fr\/blog\/#organization","name":"AutoJM Mag","url":"https:\/\/www.autojm.fr\/blog\/","logo":{"@type":"ImageObject","inLanguage":"fr-FR","@id":"https:\/\/www.autojm.fr\/blog\/#\/schema\/logo\/image\/","url":"https:\/\/www.autojm.fr\/blog\/wp-content\/uploads\/2022\/12\/cropped-AutoJMag-png.png","contentUrl":"https:\/\/www.autojm.fr\/blog\/wp-content\/uploads\/2022\/12\/cropped-AutoJMag-png.png","width":2834,"height":585,"caption":"AutoJM Mag"},"image":{"@id":"https:\/\/www.autojm.fr\/blog\/#\/schema\/logo\/image\/"},"sameAs":["https:\/\/www.facebook.com\/AutoJM25"]},{"@type":"Person","@id":"https:\/\/www.autojm.fr\/blog\/#\/schema\/person\/9742bc77541853e0de81fc57f947e1a0","name":"Autojm","image":{"@type":"ImageObject","inLanguage":"fr-FR","@id":"https:\/\/secure.gravatar.com\/avatar\/9a959d52b758fcc232fe4b6aca7bab139182573297122cce7d6f2ee0e537b418?s=96&d=mm&r=g","url":"https:\/\/secure.gravatar.com\/avatar\/9a959d52b758fcc232fe4b6aca7bab139182573297122cce7d6f2ee0e537b418?s=96&d=mm&r=g","contentUrl":"https:\/\/secure.gravatar.com\/avatar\/9a959d52b758fcc232fe4b6aca7bab139182573297122cce7d6f2ee0e537b418?s=96&d=mm&r=g","caption":"Autojm"},"sameAs":["https:\/\/www.autojm.fr\/blog"],"url":"https:\/\/www.autojm.fr\/blog\/author\/bichoi\/"}]}},"_links":{"self":[{"href":"https:\/\/www.autojm.fr\/blog\/wp-json\/wp\/v2\/posts\/3770","targetHints":{"allow":["GET"]}}],"collection":[{"href":"https:\/\/www.autojm.fr\/blog\/wp-json\/wp\/v2\/posts"}],"about":[{"href":"https:\/\/www.autojm.fr\/blog\/wp-json\/wp\/v2\/types\/post"}],"author":[{"embeddable":true,"href":"https:\/\/www.autojm.fr\/blog\/wp-json\/wp\/v2\/users\/1"}],"replies":[{"embeddable":true,"href":"https:\/\/www.autojm.fr\/blog\/wp-json\/wp\/v2\/comments?post=3770"}],"version-history":[{"count":5,"href":"https:\/\/www.autojm.fr\/blog\/wp-json\/wp\/v2\/posts\/3770\/revisions"}],"predecessor-version":[{"id":9285,"href":"https:\/\/www.autojm.fr\/blog\/wp-json\/wp\/v2\/posts\/3770\/revisions\/9285"}],"wp:featuredmedia":[{"embeddable":true,"href":"https:\/\/www.autojm.fr\/blog\/wp-json\/wp\/v2\/media\/5830"}],"wp:attachment":[{"href":"https:\/\/www.autojm.fr\/blog\/wp-json\/wp\/v2\/media?parent=3770"}],"wp:term":[{"taxonomy":"category","embeddable":true,"href":"https:\/\/www.autojm.fr\/blog\/wp-json\/wp\/v2\/categories?post=3770"},{"taxonomy":"post_tag","embeddable":true,"href":"https:\/\/www.autojm.fr\/blog\/wp-json\/wp\/v2\/tags?post=3770"}],"curies":[{"name":"wp","href":"https:\/\/api.w.org\/{rel}","templated":true}]}}