{"id":3769,"date":"2019-12-12T00:00:00","date_gmt":"2019-12-12T00:00:00","guid":{"rendered":"https:\/\/www.autojm.fr\/blog\/augmentation-des-peages-en-2020\/"},"modified":"2023-04-19T12:15:44","modified_gmt":"2023-04-19T12:15:44","slug":"augmentation-des-peages-en-2020","status":"publish","type":"post","link":"https:\/\/www.autojm.fr\/blog\/augmentation-des-peages-en-2020\/","title":{"rendered":"Augmentation des p\u00e9ages en 2020"},"content":{"rendered":"<p>C&rsquo;est officiel : apr\u00e8s la hausse du malus \u00e9cologique, les automobilistes continuent d&rsquo;\u00eatre touch\u00e9s financi\u00e8rement et cette fois-ci, ce sont les p\u00e9ages qui sont en cause. Le secr\u00e9taire d&rsquo;Etat en charge des transports a annonc\u00e9 une hausse des p\u00e9ages pour 2020, conform\u00e9ment aux contrats \u00e9tablis entre l&rsquo;Etat et les soci\u00e9t\u00e9s concessionnaires d&rsquo;autoroutes. Quelle hausse est envisag\u00e9e ? Retour sur l&rsquo;histoire des autoroutes et des p\u00e9ages.<\/p>\n<h2>Hausse du prix des p\u00e9ages<\/h2>\n<p>2020 sera l&rsquo;ann\u00e9e des hausses, et les tarifs des autoroutes n&rsquo;y \u00e9chapperont pas. <strong>une augmentation de 1 \u00e0 1,5%<\/strong> est annonc\u00e9e sur le prix des p\u00e9ages. De nombreuses raisons entrent en cause dans ces augmentations, et, entre autres, les <strong>op\u00e9rations autoroutes gratuites des gilets jaunes <\/strong>et le <strong>gel des augmentations en 2015<\/strong> op\u00e9r\u00e9 par S\u00e9gol\u00e8ne Royal et Emmanuel Macron. Le contrat \u00e9tabli entre l&rsquo;Etat et les soci\u00e9t\u00e9s concessionnaires d&rsquo;autoroutes pr\u00e9voient une <strong>augmentation des p\u00e9ages chaque ann\u00e9e<\/strong> pour combler l&rsquo;investissement initial fait pour la construction des autoroutes. Mais d&rsquo;o\u00f9 vient l&rsquo;id\u00e9e du p\u00e9age autoroutier ?<\/p>\n<h2>Historique du p\u00e9age<\/h2>\n<p>En 1955, l&rsquo;\u00c9tat, propri\u00e9taire des r\u00e9seaux routiers de France, confie la construction et l&rsquo;exploitation des autoroutes \u00e0 des <strong>soci\u00e9t\u00e9s concessionnaires d&rsquo;autoroutes<\/strong>. C&rsquo;est en <strong>juillet 1961<\/strong> que la <strong>premi\u00e8re autoroute payante<\/strong> voit le jour, aujourd&rsquo;hui appel\u00e9e l&rsquo;A8. Initialement, le syst\u00e8me de p\u00e9age avait \u00e9t\u00e9 \u00e9tabli pour <strong>combler les investissements op\u00e9r\u00e9s dans la cr\u00e9ation des autoroutes<\/strong>. Ce syst\u00e8me devait \u00eatre \u00e0 <strong>dur\u00e9e limit\u00e9<\/strong>, mais il a aujourd&rsquo;hui trouv\u00e9 sa <strong>place p\u00e9renne<\/strong> dans le r\u00e9seau autoroutier et ce, pour continuer des combler les d\u00e9penses faites par les concessionnaires d&rsquo;autoroutes.<\/p>\n<h3>Pourquoi le p\u00e9age perdure ?<\/h3>\n<p>De nombreux facteurs justifient l&rsquo;existence et la p\u00e9rennit\u00e9 des p\u00e9ages :<br \/>\n&#8211; Les travaux d&rsquo;<strong>entretien et d&rsquo;extension<\/strong> effectu\u00e9s sur les autoroutes ont un co\u00fbt consid\u00e9rables qui n\u00e9cessitent une participation de la part des usagers de l&rsquo;autoroute<br \/>\n&#8211; La cr\u00e9ation et l&rsquo;entretien des <strong>aires de repos<\/strong><br \/>\n-Le syst\u00e8me de <strong>t\u00e9l\u00e9p\u00e9age<\/strong> mis en place pour faciliter le passage aux p\u00e9ages<br \/>\n-Les <strong>15 000 salari\u00e9s<\/strong> du r\u00e9seau autoroutier qui assurent les travaux, la surveillance par cam\u00e9ras, les d\u00e9pannages\u2026<br \/>\n-Les <strong>parkings<\/strong> mis en place aux abords des autoroutes et d\u00e9di\u00e9s aux usagers pratiquant le <strong>covoiturage<\/strong>, qui sont financ\u00e9s par les concessionnaires<br \/>\n-Les <strong>bornes d&rsquo;appels d&rsquo;urgences<\/strong> pr\u00e9sentes le long de l&rsquo;autoroute<br \/>\n-La <strong>radio<\/strong> d\u00e9di\u00e9e aux informations trafic en temps r\u00e9el<br \/>\n-Les<strong> travaux d\u00e9di\u00e9s \u00e0 la biodiversit\u00e9<\/strong>, pour faciliter le passage des animaux peuplant les for\u00eats aux alentours des autoroutes<\/p>\n<h3>Comment le prix et les augmentations sont calcul\u00e9s ?<\/h3>\n<p>Le montant des p\u00e9ages d\u00e9pend des <strong>co\u00fbts de construction initiaux<\/strong>, de la <strong>situation g\u00e9ographique<\/strong> de l&rsquo;autoroute mais \u00e9galement des <strong>zones desservies<\/strong> par l&rsquo;autoroute concern\u00e9e.<br \/>\nLa hausse d\u00e9pend, elle, de <strong>l&rsquo;inflation<\/strong> &#8211; pour 2020, la hausse a \u00e9t\u00e9 calcul\u00e9e selon l&rsquo;inflation du mois d&rsquo;octobre 2019 &#8211; des investissements (travaux, agrandissements) et des <strong>taxes<\/strong> pay\u00e9es par les soci\u00e9t\u00e9s qui assurent la gestion des autoroutes.<\/p>\n<h3>Le p\u00e9age, un syst\u00e8me juste<\/h3>\n<p>Contrairement \u00e0 d&rsquo;autres syst\u00e8mes qui taxent les contribuables, le principe du p\u00e9age autoroutier se veut plus juste : seuls les <strong>utilisateurs<\/strong> du r\u00e9seau autoroutier sont concern\u00e9s par le <strong>paiement des p\u00e9ages<\/strong>.<\/p>\n<h3>Le r\u00e9seau autoroutier fran\u00e7ais, r\u00e9seau le plus s\u00fbr<\/h3>\n<p>Si l&rsquo;\u00e9tat pousse les conducteurs \u00e0 emprunter les autoroutes, ce n&rsquo;est pas seulement parce que les p\u00e9ages y sont pr\u00e9sents, mais parce que l&rsquo;autoroute est le r\u00e9seau le plus s\u00fbr pour rouler en France. En 2018, sur les 3488 d\u00e9c\u00e8s arriv\u00e9s sur les routes, seulement 279 ont \u00e9t\u00e9 constat\u00e9s sur des autoroutes.<\/p>\n<p style=\"margin-top: 1.75em; margin-bottom: 1.75em; font-size: 0.813em; line-height: 1.5em; color: #666666; font-family: Arial, Helvetica, sans-serif;\">\n","protected":false},"excerpt":{"rendered":"<p>C&rsquo;est officiel : apr\u00e8s la hausse du malus \u00e9cologique, les automobilistes continuent d&rsquo;\u00eatre touch\u00e9s financi\u00e8rement et cette fois-ci, ce sont les p\u00e9ages qui sont en cause. Le secr\u00e9taire d&rsquo;Etat en charge des transports a annonc\u00e9 une hausse des p\u00e9ages pour 2020, conform\u00e9ment aux contrats \u00e9tablis entre l&rsquo;Etat et les soci\u00e9t\u00e9s concessionnaires d&rsquo;autoroutes. Quelle hausse est envisag\u00e9e ? Retour sur l&rsquo;histoire des autoroutes et des p\u00e9ages.<\/p>\n","protected":false},"author":1,"featured_media":5829,"comment_status":"open","ping_status":"open","sticky":false,"template":"","format":"standard","meta":{"_acf_changed":false,"content-type":"","footnotes":""},"categories":[5],"tags":[90,79,74,105,110,109,106,108,107,73,78,169,96],"class_list":["post-3769","post","type-post","status-publish","format-standard","has-post-thumbnail","hentry","category-actualite-automobile","tag-autojm","tag-citroen","tag-dacia","tag-ds","tag-fiat","tag-ford","tag-kia","tag-nissan","tag-opel","tag-peugeot","tag-renault","tag-toyota","tag-volkswagen"],"acf":[],"yoast_head":"<!-- This site is optimized with the Yoast SEO plugin v27.5 - https:\/\/yoast.com\/product\/yoast-seo-wordpress\/ -->\n<title>Augmentation des p\u00e9ages en 2020 - AutoJM Mag<\/title>\n<meta name=\"description\" content=\"C&#039;est officiel : apr\u00e8s la hausse du malus \u00e9cologique, les automobilistes continuent d&#039;\u00eatre touch\u00e9s financi\u00e8rement et cette fois-ci, ce...\" \/>\n<meta name=\"robots\" content=\"index, follow, max-snippet:-1, max-image-preview:large, max-video-preview:-1\" \/>\n<link rel=\"canonical\" href=\"https:\/\/www.autojm.fr\/blog\/augmentation-des-peages-en-2020\/\" \/>\n<meta property=\"og:locale\" content=\"fr_FR\" \/>\n<meta property=\"og:type\" content=\"article\" \/>\n<meta property=\"og:title\" content=\"Augmentation des p\u00e9ages en 2020 - AutoJM Mag\" \/>\n<meta property=\"og:description\" content=\"C&#039;est officiel : apr\u00e8s la hausse du malus \u00e9cologique, les automobilistes continuent d&#039;\u00eatre touch\u00e9s financi\u00e8rement et cette fois-ci, ce...\" \/>\n<meta property=\"og:url\" content=\"https:\/\/www.autojm.fr\/blog\/augmentation-des-peages-en-2020\/\" \/>\n<meta property=\"og:site_name\" content=\"AutoJM Mag\" \/>\n<meta property=\"article:publisher\" content=\"https:\/\/www.facebook.com\/AutoJM25\" \/>\n<meta property=\"article:published_time\" content=\"2019-12-12T00:00:00+00:00\" \/>\n<meta property=\"article:modified_time\" content=\"2023-04-19T12:15:44+00:00\" \/>\n<meta property=\"og:image\" content=\"https:\/\/www.autojm.fr\/blog\/wp-content\/uploads\/2022\/10\/496.jpg\" \/>\n\t<meta property=\"og:image:width\" content=\"1024\" \/>\n\t<meta property=\"og:image:height\" content=\"465\" \/>\n\t<meta property=\"og:image:type\" content=\"image\/jpeg\" \/>\n<meta name=\"author\" content=\"Autojm\" \/>\n<meta name=\"twitter:card\" content=\"summary_large_image\" \/>\n<meta name=\"twitter:label1\" content=\"\u00c9crit par\" \/>\n\t<meta name=\"twitter:data1\" content=\"Autojm\" \/>\n\t<meta name=\"twitter:label2\" content=\"Dur\u00e9e de lecture estim\u00e9e\" \/>\n\t<meta name=\"twitter:data2\" content=\"4 minutes\" \/>\n<script type=\"application\/ld+json\" class=\"yoast-schema-graph\">{\"@context\":\"https:\\\/\\\/schema.org\",\"@graph\":[{\"@type\":\"Article\",\"@id\":\"https:\\\/\\\/www.autojm.fr\\\/blog\\\/augmentation-des-peages-en-2020\\\/#article\",\"isPartOf\":{\"@id\":\"https:\\\/\\\/www.autojm.fr\\\/blog\\\/augmentation-des-peages-en-2020\\\/\"},\"author\":{\"name\":\"Autojm\",\"@id\":\"https:\\\/\\\/www.autojm.fr\\\/blog\\\/#\\\/schema\\\/person\\\/9742bc77541853e0de81fc57f947e1a0\"},\"headline\":\"Augmentation des p\u00e9ages en 2020\",\"datePublished\":\"2019-12-12T00:00:00+00:00\",\"dateModified\":\"2023-04-19T12:15:44+00:00\",\"mainEntityOfPage\":{\"@id\":\"https:\\\/\\\/www.autojm.fr\\\/blog\\\/augmentation-des-peages-en-2020\\\/\"},\"wordCount\":640,\"commentCount\":0,\"publisher\":{\"@id\":\"https:\\\/\\\/www.autojm.fr\\\/blog\\\/#organization\"},\"image\":{\"@id\":\"https:\\\/\\\/www.autojm.fr\\\/blog\\\/augmentation-des-peages-en-2020\\\/#primaryimage\"},\"thumbnailUrl\":\"https:\\\/\\\/www.autojm.fr\\\/blog\\\/wp-content\\\/uploads\\\/2022\\\/10\\\/496.jpg\",\"keywords\":[\"autojm\",\"citroen\",\"dacia\",\"DS\",\"Fiat\",\"Ford\",\"Kia\",\"Nissan\",\"Opel\",\"peugeot\",\"renault\",\"Toyota\",\"Volkswagen\"],\"articleSection\":[\"Actualit\u00e9 Automobile\"],\"inLanguage\":\"fr-FR\",\"potentialAction\":[{\"@type\":\"CommentAction\",\"name\":\"Comment\",\"target\":[\"https:\\\/\\\/www.autojm.fr\\\/blog\\\/augmentation-des-peages-en-2020\\\/#respond\"]}]},{\"@type\":\"WebPage\",\"@id\":\"https:\\\/\\\/www.autojm.fr\\\/blog\\\/augmentation-des-peages-en-2020\\\/\",\"url\":\"https:\\\/\\\/www.autojm.fr\\\/blog\\\/augmentation-des-peages-en-2020\\\/\",\"name\":\"Augmentation des p\u00e9ages en 2020 - AutoJM Mag\",\"isPartOf\":{\"@id\":\"https:\\\/\\\/www.autojm.fr\\\/blog\\\/#website\"},\"primaryImageOfPage\":{\"@id\":\"https:\\\/\\\/www.autojm.fr\\\/blog\\\/augmentation-des-peages-en-2020\\\/#primaryimage\"},\"image\":{\"@id\":\"https:\\\/\\\/www.autojm.fr\\\/blog\\\/augmentation-des-peages-en-2020\\\/#primaryimage\"},\"thumbnailUrl\":\"https:\\\/\\\/www.autojm.fr\\\/blog\\\/wp-content\\\/uploads\\\/2022\\\/10\\\/496.jpg\",\"datePublished\":\"2019-12-12T00:00:00+00:00\",\"dateModified\":\"2023-04-19T12:15:44+00:00\",\"description\":\"C'est officiel : apr\u00e8s la hausse du malus \u00e9cologique, les automobilistes continuent d'\u00eatre touch\u00e9s financi\u00e8rement et cette fois-ci, ce...\",\"breadcrumb\":{\"@id\":\"https:\\\/\\\/www.autojm.fr\\\/blog\\\/augmentation-des-peages-en-2020\\\/#breadcrumb\"},\"inLanguage\":\"fr-FR\",\"potentialAction\":[{\"@type\":\"ReadAction\",\"target\":[\"https:\\\/\\\/www.autojm.fr\\\/blog\\\/augmentation-des-peages-en-2020\\\/\"]}]},{\"@type\":\"ImageObject\",\"inLanguage\":\"fr-FR\",\"@id\":\"https:\\\/\\\/www.autojm.fr\\\/blog\\\/augmentation-des-peages-en-2020\\\/#primaryimage\",\"url\":\"https:\\\/\\\/www.autojm.fr\\\/blog\\\/wp-content\\\/uploads\\\/2022\\\/10\\\/496.jpg\",\"contentUrl\":\"https:\\\/\\\/www.autojm.fr\\\/blog\\\/wp-content\\\/uploads\\\/2022\\\/10\\\/496.jpg\",\"width\":1024,\"height\":465,\"caption\":\"P\u00e9ages\"},{\"@type\":\"BreadcrumbList\",\"@id\":\"https:\\\/\\\/www.autojm.fr\\\/blog\\\/augmentation-des-peages-en-2020\\\/#breadcrumb\",\"itemListElement\":[{\"@type\":\"ListItem\",\"position\":1,\"name\":\"Accueil\",\"item\":\"https:\\\/\\\/www.autojm.fr\\\/blog\\\/\"},{\"@type\":\"ListItem\",\"position\":2,\"name\":\"Actualit\u00e9 Automobile\",\"item\":\"https:\\\/\\\/www.autojm.fr\\\/blog\\\/actualite-automobile\\\/\"},{\"@type\":\"ListItem\",\"position\":3,\"name\":\"Augmentation des p\u00e9ages en 2020\"}]},{\"@type\":\"WebSite\",\"@id\":\"https:\\\/\\\/www.autojm.fr\\\/blog\\\/#website\",\"url\":\"https:\\\/\\\/www.autojm.fr\\\/blog\\\/\",\"name\":\"AutoJM Mag\",\"description\":\"Toute l&#039;actu auto en 1 clic !\",\"publisher\":{\"@id\":\"https:\\\/\\\/www.autojm.fr\\\/blog\\\/#organization\"},\"potentialAction\":[{\"@type\":\"SearchAction\",\"target\":{\"@type\":\"EntryPoint\",\"urlTemplate\":\"https:\\\/\\\/www.autojm.fr\\\/blog\\\/?s={search_term_string}\"},\"query-input\":{\"@type\":\"PropertyValueSpecification\",\"valueRequired\":true,\"valueName\":\"search_term_string\"}}],\"inLanguage\":\"fr-FR\"},{\"@type\":\"Organization\",\"@id\":\"https:\\\/\\\/www.autojm.fr\\\/blog\\\/#organization\",\"name\":\"AutoJM Mag\",\"url\":\"https:\\\/\\\/www.autojm.fr\\\/blog\\\/\",\"logo\":{\"@type\":\"ImageObject\",\"inLanguage\":\"fr-FR\",\"@id\":\"https:\\\/\\\/www.autojm.fr\\\/blog\\\/#\\\/schema\\\/logo\\\/image\\\/\",\"url\":\"https:\\\/\\\/www.autojm.fr\\\/blog\\\/wp-content\\\/uploads\\\/2022\\\/12\\\/cropped-AutoJMag-png.png\",\"contentUrl\":\"https:\\\/\\\/www.autojm.fr\\\/blog\\\/wp-content\\\/uploads\\\/2022\\\/12\\\/cropped-AutoJMag-png.png\",\"width\":2834,\"height\":585,\"caption\":\"AutoJM Mag\"},\"image\":{\"@id\":\"https:\\\/\\\/www.autojm.fr\\\/blog\\\/#\\\/schema\\\/logo\\\/image\\\/\"},\"sameAs\":[\"https:\\\/\\\/www.facebook.com\\\/AutoJM25\"]},{\"@type\":\"Person\",\"@id\":\"https:\\\/\\\/www.autojm.fr\\\/blog\\\/#\\\/schema\\\/person\\\/9742bc77541853e0de81fc57f947e1a0\",\"name\":\"Autojm\",\"image\":{\"@type\":\"ImageObject\",\"inLanguage\":\"fr-FR\",\"@id\":\"https:\\\/\\\/secure.gravatar.com\\\/avatar\\\/9a959d52b758fcc232fe4b6aca7bab139182573297122cce7d6f2ee0e537b418?s=96&d=mm&r=g\",\"url\":\"https:\\\/\\\/secure.gravatar.com\\\/avatar\\\/9a959d52b758fcc232fe4b6aca7bab139182573297122cce7d6f2ee0e537b418?s=96&d=mm&r=g\",\"contentUrl\":\"https:\\\/\\\/secure.gravatar.com\\\/avatar\\\/9a959d52b758fcc232fe4b6aca7bab139182573297122cce7d6f2ee0e537b418?s=96&d=mm&r=g\",\"caption\":\"Autojm\"},\"sameAs\":[\"https:\\\/\\\/www.autojm.fr\\\/blog\"],\"url\":\"https:\\\/\\\/www.autojm.fr\\\/blog\\\/author\\\/bichoi\\\/\"}]}<\/script>\n<!-- \/ Yoast SEO plugin. -->","yoast_head_json":{"title":"Augmentation des p\u00e9ages en 2020 - AutoJM Mag","description":"C'est officiel : apr\u00e8s la hausse du malus \u00e9cologique, les automobilistes continuent d'\u00eatre touch\u00e9s financi\u00e8rement et cette fois-ci, ce...","robots":{"index":"index","follow":"follow","max-snippet":"max-snippet:-1","max-image-preview":"max-image-preview:large","max-video-preview":"max-video-preview:-1"},"canonical":"https:\/\/www.autojm.fr\/blog\/augmentation-des-peages-en-2020\/","og_locale":"fr_FR","og_type":"article","og_title":"Augmentation des p\u00e9ages en 2020 - AutoJM Mag","og_description":"C'est officiel : apr\u00e8s la hausse du malus \u00e9cologique, les automobilistes continuent d'\u00eatre touch\u00e9s financi\u00e8rement et cette fois-ci, ce...","og_url":"https:\/\/www.autojm.fr\/blog\/augmentation-des-peages-en-2020\/","og_site_name":"AutoJM Mag","article_publisher":"https:\/\/www.facebook.com\/AutoJM25","article_published_time":"2019-12-12T00:00:00+00:00","article_modified_time":"2023-04-19T12:15:44+00:00","og_image":[{"width":1024,"height":465,"url":"https:\/\/www.autojm.fr\/blog\/wp-content\/uploads\/2022\/10\/496.jpg","type":"image\/jpeg"}],"author":"Autojm","twitter_card":"summary_large_image","twitter_misc":{"\u00c9crit par":"Autojm","Dur\u00e9e de lecture estim\u00e9e":"4 minutes"},"schema":{"@context":"https:\/\/schema.org","@graph":[{"@type":"Article","@id":"https:\/\/www.autojm.fr\/blog\/augmentation-des-peages-en-2020\/#article","isPartOf":{"@id":"https:\/\/www.autojm.fr\/blog\/augmentation-des-peages-en-2020\/"},"author":{"name":"Autojm","@id":"https:\/\/www.autojm.fr\/blog\/#\/schema\/person\/9742bc77541853e0de81fc57f947e1a0"},"headline":"Augmentation des p\u00e9ages en 2020","datePublished":"2019-12-12T00:00:00+00:00","dateModified":"2023-04-19T12:15:44+00:00","mainEntityOfPage":{"@id":"https:\/\/www.autojm.fr\/blog\/augmentation-des-peages-en-2020\/"},"wordCount":640,"commentCount":0,"publisher":{"@id":"https:\/\/www.autojm.fr\/blog\/#organization"},"image":{"@id":"https:\/\/www.autojm.fr\/blog\/augmentation-des-peages-en-2020\/#primaryimage"},"thumbnailUrl":"https:\/\/www.autojm.fr\/blog\/wp-content\/uploads\/2022\/10\/496.jpg","keywords":["autojm","citroen","dacia","DS","Fiat","Ford","Kia","Nissan","Opel","peugeot","renault","Toyota","Volkswagen"],"articleSection":["Actualit\u00e9 Automobile"],"inLanguage":"fr-FR","potentialAction":[{"@type":"CommentAction","name":"Comment","target":["https:\/\/www.autojm.fr\/blog\/augmentation-des-peages-en-2020\/#respond"]}]},{"@type":"WebPage","@id":"https:\/\/www.autojm.fr\/blog\/augmentation-des-peages-en-2020\/","url":"https:\/\/www.autojm.fr\/blog\/augmentation-des-peages-en-2020\/","name":"Augmentation des p\u00e9ages en 2020 - AutoJM Mag","isPartOf":{"@id":"https:\/\/www.autojm.fr\/blog\/#website"},"primaryImageOfPage":{"@id":"https:\/\/www.autojm.fr\/blog\/augmentation-des-peages-en-2020\/#primaryimage"},"image":{"@id":"https:\/\/www.autojm.fr\/blog\/augmentation-des-peages-en-2020\/#primaryimage"},"thumbnailUrl":"https:\/\/www.autojm.fr\/blog\/wp-content\/uploads\/2022\/10\/496.jpg","datePublished":"2019-12-12T00:00:00+00:00","dateModified":"2023-04-19T12:15:44+00:00","description":"C'est officiel : apr\u00e8s la hausse du malus \u00e9cologique, les automobilistes continuent d'\u00eatre touch\u00e9s financi\u00e8rement et cette fois-ci, ce...","breadcrumb":{"@id":"https:\/\/www.autojm.fr\/blog\/augmentation-des-peages-en-2020\/#breadcrumb"},"inLanguage":"fr-FR","potentialAction":[{"@type":"ReadAction","target":["https:\/\/www.autojm.fr\/blog\/augmentation-des-peages-en-2020\/"]}]},{"@type":"ImageObject","inLanguage":"fr-FR","@id":"https:\/\/www.autojm.fr\/blog\/augmentation-des-peages-en-2020\/#primaryimage","url":"https:\/\/www.autojm.fr\/blog\/wp-content\/uploads\/2022\/10\/496.jpg","contentUrl":"https:\/\/www.autojm.fr\/blog\/wp-content\/uploads\/2022\/10\/496.jpg","width":1024,"height":465,"caption":"P\u00e9ages"},{"@type":"BreadcrumbList","@id":"https:\/\/www.autojm.fr\/blog\/augmentation-des-peages-en-2020\/#breadcrumb","itemListElement":[{"@type":"ListItem","position":1,"name":"Accueil","item":"https:\/\/www.autojm.fr\/blog\/"},{"@type":"ListItem","position":2,"name":"Actualit\u00e9 Automobile","item":"https:\/\/www.autojm.fr\/blog\/actualite-automobile\/"},{"@type":"ListItem","position":3,"name":"Augmentation des p\u00e9ages en 2020"}]},{"@type":"WebSite","@id":"https:\/\/www.autojm.fr\/blog\/#website","url":"https:\/\/www.autojm.fr\/blog\/","name":"AutoJM Mag","description":"Toute l&#039;actu auto en 1 clic !","publisher":{"@id":"https:\/\/www.autojm.fr\/blog\/#organization"},"potentialAction":[{"@type":"SearchAction","target":{"@type":"EntryPoint","urlTemplate":"https:\/\/www.autojm.fr\/blog\/?s={search_term_string}"},"query-input":{"@type":"PropertyValueSpecification","valueRequired":true,"valueName":"search_term_string"}}],"inLanguage":"fr-FR"},{"@type":"Organization","@id":"https:\/\/www.autojm.fr\/blog\/#organization","name":"AutoJM Mag","url":"https:\/\/www.autojm.fr\/blog\/","logo":{"@type":"ImageObject","inLanguage":"fr-FR","@id":"https:\/\/www.autojm.fr\/blog\/#\/schema\/logo\/image\/","url":"https:\/\/www.autojm.fr\/blog\/wp-content\/uploads\/2022\/12\/cropped-AutoJMag-png.png","contentUrl":"https:\/\/www.autojm.fr\/blog\/wp-content\/uploads\/2022\/12\/cropped-AutoJMag-png.png","width":2834,"height":585,"caption":"AutoJM Mag"},"image":{"@id":"https:\/\/www.autojm.fr\/blog\/#\/schema\/logo\/image\/"},"sameAs":["https:\/\/www.facebook.com\/AutoJM25"]},{"@type":"Person","@id":"https:\/\/www.autojm.fr\/blog\/#\/schema\/person\/9742bc77541853e0de81fc57f947e1a0","name":"Autojm","image":{"@type":"ImageObject","inLanguage":"fr-FR","@id":"https:\/\/secure.gravatar.com\/avatar\/9a959d52b758fcc232fe4b6aca7bab139182573297122cce7d6f2ee0e537b418?s=96&d=mm&r=g","url":"https:\/\/secure.gravatar.com\/avatar\/9a959d52b758fcc232fe4b6aca7bab139182573297122cce7d6f2ee0e537b418?s=96&d=mm&r=g","contentUrl":"https:\/\/secure.gravatar.com\/avatar\/9a959d52b758fcc232fe4b6aca7bab139182573297122cce7d6f2ee0e537b418?s=96&d=mm&r=g","caption":"Autojm"},"sameAs":["https:\/\/www.autojm.fr\/blog"],"url":"https:\/\/www.autojm.fr\/blog\/author\/bichoi\/"}]}},"_links":{"self":[{"href":"https:\/\/www.autojm.fr\/blog\/wp-json\/wp\/v2\/posts\/3769","targetHints":{"allow":["GET"]}}],"collection":[{"href":"https:\/\/www.autojm.fr\/blog\/wp-json\/wp\/v2\/posts"}],"about":[{"href":"https:\/\/www.autojm.fr\/blog\/wp-json\/wp\/v2\/types\/post"}],"author":[{"embeddable":true,"href":"https:\/\/www.autojm.fr\/blog\/wp-json\/wp\/v2\/users\/1"}],"replies":[{"embeddable":true,"href":"https:\/\/www.autojm.fr\/blog\/wp-json\/wp\/v2\/comments?post=3769"}],"version-history":[{"count":5,"href":"https:\/\/www.autojm.fr\/blog\/wp-json\/wp\/v2\/posts\/3769\/revisions"}],"predecessor-version":[{"id":9571,"href":"https:\/\/www.autojm.fr\/blog\/wp-json\/wp\/v2\/posts\/3769\/revisions\/9571"}],"wp:featuredmedia":[{"embeddable":true,"href":"https:\/\/www.autojm.fr\/blog\/wp-json\/wp\/v2\/media\/5829"}],"wp:attachment":[{"href":"https:\/\/www.autojm.fr\/blog\/wp-json\/wp\/v2\/media?parent=3769"}],"wp:term":[{"taxonomy":"category","embeddable":true,"href":"https:\/\/www.autojm.fr\/blog\/wp-json\/wp\/v2\/categories?post=3769"},{"taxonomy":"post_tag","embeddable":true,"href":"https:\/\/www.autojm.fr\/blog\/wp-json\/wp\/v2\/tags?post=3769"}],"curies":[{"name":"wp","href":"https:\/\/api.w.org\/{rel}","templated":true}]}}