{"id":3767,"date":"2019-12-09T00:00:00","date_gmt":"2019-12-09T00:00:00","guid":{"rendered":"https:\/\/www.autojm.fr\/blog\/nouveau-renault-captur-le-suv-revient-plus-muscle\/"},"modified":"2023-04-18T12:55:30","modified_gmt":"2023-04-18T12:55:30","slug":"nouveau-renault-captur-le-suv-revient-plus-muscle","status":"publish","type":"post","link":"https:\/\/www.autojm.fr\/blog\/nouveau-renault-captur-le-suv-revient-plus-muscle\/","title":{"rendered":"Nouveau Renault Captur, le SUV revient plus muscl\u00e9"},"content":{"rendered":"<p>Apr\u00e8s un succ\u00e8s reconnu pour le <a href=\"https:\/\/www.autojm.fr\/achat-voitures-neuves-renault-nouveau-captur-5p?part=blog&amp;utm_source=articleblog091219&amp;utm_medium=blog\">Renault Captur premi\u00e8re g\u00e9n\u00e9ration<\/a>, la marque au losange revient avec un restylage sur son SUV le plus populaire. Le Renault Captur 2 embarque des nouveaut\u00e9s en mati\u00e8re d&rsquo;esth\u00e9tique mais \u00e9galement sur les technologies int\u00e9gr\u00e9es. R\u00e9ussira-t-il \u00e0 se hisser en 2\u00e8me position des SUV les plus populaires en France comme son pr\u00e9d\u00e9cesseur ?<\/p>\n<h2>Finitions et motorisations du nouveau Captur<\/h2>\n<p>Le <a href=\"https:\/\/www.autojm.fr\/achat-voitures-neuves-renault-captur-2019-5p?part=blog&amp;utm_source=articleblog091219&amp;utm_medium=blog\">nouveau Captur<\/a> est disponible en finition <strong>Life, Zen, Intens ou Initiale Paris<\/strong>, et se d\u00e9cline sous <strong>5 motorisations<\/strong> diff\u00e9rentes :<br \/>\n&#8211; le moteur essence Tce 100, avec bo\u00eete manuelle 6 rapports, polyvalent et agr\u00e9able \u00e0 conduire<br \/>\n&#8211; le moteur essence Tce 130 FAP configurable avec une bo\u00eete manuelle \u00e0 6 rapports ou bo\u00eete automatique EDC \u00e0 7 rapports, sobre et dynamique<br \/>\n&#8211; le moteur diesel Tce 155 FAP uniquement en bo\u00eete automatique EDC 7 rapports, compatible avec le mode sport<br \/>\n&#8211; le moteur diesel Blue DCI 95 en bo\u00eete manuelle 6 rapports, \u00e9conomique et fluide<br \/>\n&#8211; le moteur diesel Blue DCI 115 en bo\u00eete manuelle 6 rapports ou automatique EDC 7 rapports, agr\u00e9able et sobre<\/p>\n<p>La bo\u00eete automatique <strong>EDC 7 rapports<\/strong> est \u00e0 double embrayage avec palettes au volant. Elle offre une conduite fluide \u00e0 basse consommation pour rouler en toute s\u00e9r\u00e9nit\u00e9 et en harmonie avec l&rsquo;environnement.<\/p>\n<h2>Le Crossover Captur fait peau neuve<\/h2>\n<p>Esth\u00e9tiquement, le nouveau SUV Captur est plus muscl\u00e9 que son pr\u00e9d\u00e9cesseur, plus imposant et il accueille des <strong>feux plus dominants avec un nouveau dessin<\/strong>. Il est configurable dans plus d&rsquo;une dizaine de coloris, et \u00e9galement en bi-ton pour conserver son modernisme et son \u00e9l\u00e9gance.<\/p>\n<p>Son design moderne et chic suit le conducteur \u00e0 l&rsquo;int\u00e9rieur avec un <strong>tableau de bord personnalisable<\/strong>, un <strong>compteur num\u00e9rique 7 pouces<\/strong>, un <strong>\u00e9cran tactile jusqu&rsquo;\u00e0 9,3 pouces<\/strong> &#8211; sur les meilleurs finitions &#8211; personnalisable et compatible Android Auto et Apple Car Play, une <strong>console haute<\/strong> et des <strong>si\u00e8ges en rev\u00eatement mouss\u00e9<\/strong> pour un confort optimal.<\/p>\n<p>Le Captur restyl\u00e9 est spacieux : il dispose de beaux volumes avec un <strong>coffre<\/strong> pouvant accueillir <strong>536 \u00e0 1275 litres<\/strong>, modulable gr\u00e2ce \u00e0 son plancher double position et la banquette arri\u00e8re coulissante. Le Tiroir easy Life du passager avant pourra contenir jusqu&rsquo;\u00e0 10 litres, et les <strong>rangements de l&rsquo;habitacle<\/strong> accueillent un total de <strong>27 litres<\/strong>.<\/p>\n<p>A bord du nouveau Captur, le conducteur et ses passagers pourront cr\u00e9er une ambiance int\u00e9rieure unique gr\u00e2ce \u00e0 un syst\u00e8me d&rsquo;\u00e9clairage contenant <strong>8 lumi\u00e8res d&rsquo;ambiance<\/strong>, le <strong>syst\u00e8me audio Bose<\/strong> avec 8 enceintes r\u00e9parties dans le v\u00e9hicule et le <strong>toit ouvrant semi-panoramique<\/strong> et ses 5 positions. Les passagers arri\u00e8res disposent de 2 ports USB et un chargeur 12 volts et pour les passagers avant, un chargeur \u00e0 induction pour t\u00e9l\u00e9phone.<\/p>\n<h2>Technologies embarqu\u00e9es dans le SUV Captur<\/h2>\n<p>Le Renault Captur 2019 accueille plusieurs \u00e9quipements et aides \u00e0 la conduite haut de gamme parmi lesquels un <strong>frein \u00e0 main \u00e9lectrique<\/strong> qui se serre automatique une fois le moteur coup\u00e9 (et se desserre une fois l&rsquo;acc\u00e9l\u00e9rateur utilis\u00e9), le syst\u00e8me de freinage d&rsquo;urgence automatique, l&rsquo;assistant de maintien de voie, la lecture des panneaux de signalisation et avertisseur d&rsquo;angles morts.<br \/>\nLe conducteur dispose \u00e9galement de l&rsquo;<strong>Assistant Autoroute Trafic<\/strong>: ce syst\u00e8me permet un maintien dans la voie et un ajustement automatique de la vitesse en cas de ralentissements ou embouteillages.<br \/>\nLe Captur II dispose de <strong>3 modes de conduite<\/strong> : Eco, pour une consommation optimis\u00e9e, My Sense, et Sport, pour des performances maximales.<\/p>\n<h2>Captur 2019 version Initiale Paris<\/h2>\n<p>Le Captur 2019 re\u00e7oit une version Initiale Paris qui se d\u00e9marque par son style : le SUV est configurable en couleur <strong>Noir Am\u00e9thyste avec toit blanc Alb\u00e2tre<\/strong> et accueille une grille de calandre \u00e9toil\u00e9e, des inserts chrom\u00e9s sur ailes avant et des <strong>jantes 18 pouces EXCLUSIVE<\/strong>. Le confort est de mise avec les si\u00e8ges avant et le volant chauffants, et les selleries aux tons clairs apportent chaleur et lumi\u00e8re. Enfin, on retrouve le c\u00f4t\u00e9 high-tech des Crossover actuels avec le syst\u00e8me audio bose sur 9 haut-parleurs, un tableau de bord num\u00e9rique et personnalisable 10 pouces et le <strong>E-shifter<\/strong> et sa console flottante.<\/p>\n<h2>Une version hybride sur le Renault Captur pour 2020<\/h2>\n<p>La technologie E-tech Plug-in Hybride devrait faire son entr\u00e9e sur le mod\u00e8le Captur courant 2020. Le syst\u00e8me MySense accueillera 2 nouveaux modes de conduite : Pure (pour une conduite 100% \u00e9lectrique) et Sport (avec un boost \u00e9lectrique). D&rsquo;esth\u00e9tique, le logo E-tech sera visible sur la carrosserie afin de diff\u00e9rencier ce mod\u00e8le des versions thermiques, et le coffre sera raccourci par la pr\u00e9sence de la batterie, mais conservera sa modularit\u00e9 avec la rang\u00e9e de si\u00e8ges arri\u00e8re coulissante. Le SUV phare de Renault recevra donc une version 1.6 Hybride Rechargeable avec l&rsquo;\u00e9quivalent de 160 chevaux. De quoi concurrencer le e-2008&#8230;<\/p>\n<p><strong>En attendant, le Captur 2019 est d\u00e9j\u00e0 disponible chez votre mandataire automobile AutoJM \u00e0 prix exceptionnels avec des remises allant jusqu&rsquo;\u00e0 -17,9% !<\/strong><\/p>\n<p style=\"margin-top: 1.75em; margin-bottom: 1.75em; font-size: 0.813em; line-height: 1.5em; color: #666666; font-family: Arial, Helvetica, sans-serif;\">\n<div><\/div>\n","protected":false},"excerpt":{"rendered":"<p>Apr\u00e8s un succ\u00e8s reconnu pour le Renault Captur premi\u00e8re g\u00e9n\u00e9ration, la marque au losange revient avec un restylage sur son SUV le plus populaire. Le Renault Captur 2 embarque des nouveaut\u00e9s en mati\u00e8re d&rsquo;esth\u00e9tique mais \u00e9galement sur les technologies int\u00e9gr\u00e9es. R\u00e9ussira-t-il \u00e0 se hisser en 2\u00e8me position des SUV les plus populaires en France comme son pr\u00e9d\u00e9cesseur ?<\/p>\n","protected":false},"author":1,"featured_media":5827,"comment_status":"open","ping_status":"open","sticky":false,"template":"","format":"standard","meta":{"_acf_changed":false,"content-type":"","footnotes":""},"categories":[62,61],"tags":[90,79,74,105,110,109,106,108,107,73,78,169,96],"class_list":["post-3767","post","type-post","status-publish","format-standard","has-post-thumbnail","hentry","category-nouveaute-renault","category-nouveautes-autos","tag-autojm","tag-citroen","tag-dacia","tag-ds","tag-fiat","tag-ford","tag-kia","tag-nissan","tag-opel","tag-peugeot","tag-renault","tag-toyota","tag-volkswagen"],"acf":[],"yoast_head":"<!-- This site is optimized with the Yoast SEO plugin v27.5 - https:\/\/yoast.com\/product\/yoast-seo-wordpress\/ -->\n<title>Nouveau Renault Captur, le SUV revient plus muscl\u00e9 - AutoJM Mag<\/title>\n<meta name=\"description\" content=\"Apr\u00e8s un succ\u00e8s reconnu pour le Renault Captur premi\u00e8re g\u00e9n\u00e9ration, la marque au losange revient avec un restylage sur son SUV le plus...\" \/>\n<meta name=\"robots\" content=\"index, follow, max-snippet:-1, max-image-preview:large, max-video-preview:-1\" \/>\n<link rel=\"canonical\" href=\"https:\/\/www.autojm.fr\/blog\/nouveau-renault-captur-le-suv-revient-plus-muscle\/\" \/>\n<meta property=\"og:locale\" content=\"fr_FR\" \/>\n<meta property=\"og:type\" content=\"article\" \/>\n<meta property=\"og:title\" content=\"Nouveau Renault Captur, le SUV revient plus muscl\u00e9 - AutoJM Mag\" \/>\n<meta property=\"og:description\" content=\"Apr\u00e8s un succ\u00e8s reconnu pour le Renault Captur premi\u00e8re g\u00e9n\u00e9ration, la marque au losange revient avec un restylage sur son SUV le plus...\" \/>\n<meta property=\"og:url\" content=\"https:\/\/www.autojm.fr\/blog\/nouveau-renault-captur-le-suv-revient-plus-muscle\/\" \/>\n<meta property=\"og:site_name\" content=\"AutoJM Mag\" \/>\n<meta property=\"article:publisher\" content=\"https:\/\/www.facebook.com\/AutoJM25\" \/>\n<meta property=\"article:published_time\" content=\"2019-12-09T00:00:00+00:00\" \/>\n<meta property=\"article:modified_time\" content=\"2023-04-18T12:55:30+00:00\" \/>\n<meta property=\"og:image\" content=\"https:\/\/www.autojm.fr\/blog\/wp-content\/uploads\/2022\/10\/493.jpg\" \/>\n\t<meta property=\"og:image:width\" content=\"1562\" \/>\n\t<meta property=\"og:image:height\" content=\"708\" \/>\n\t<meta property=\"og:image:type\" content=\"image\/jpeg\" \/>\n<meta name=\"author\" content=\"Autojm\" \/>\n<meta name=\"twitter:card\" content=\"summary_large_image\" \/>\n<meta name=\"twitter:label1\" content=\"\u00c9crit par\" \/>\n\t<meta name=\"twitter:data1\" content=\"Autojm\" \/>\n\t<meta name=\"twitter:label2\" content=\"Dur\u00e9e de lecture estim\u00e9e\" \/>\n\t<meta name=\"twitter:data2\" content=\"5 minutes\" \/>\n<script type=\"application\/ld+json\" class=\"yoast-schema-graph\">{\"@context\":\"https:\\\/\\\/schema.org\",\"@graph\":[{\"@type\":\"Article\",\"@id\":\"https:\\\/\\\/www.autojm.fr\\\/blog\\\/nouveau-renault-captur-le-suv-revient-plus-muscle\\\/#article\",\"isPartOf\":{\"@id\":\"https:\\\/\\\/www.autojm.fr\\\/blog\\\/nouveau-renault-captur-le-suv-revient-plus-muscle\\\/\"},\"author\":{\"name\":\"Autojm\",\"@id\":\"https:\\\/\\\/www.autojm.fr\\\/blog\\\/#\\\/schema\\\/person\\\/9742bc77541853e0de81fc57f947e1a0\"},\"headline\":\"Nouveau Renault Captur, le SUV revient plus muscl\u00e9\",\"datePublished\":\"2019-12-09T00:00:00+00:00\",\"dateModified\":\"2023-04-18T12:55:30+00:00\",\"mainEntityOfPage\":{\"@id\":\"https:\\\/\\\/www.autojm.fr\\\/blog\\\/nouveau-renault-captur-le-suv-revient-plus-muscle\\\/\"},\"wordCount\":819,\"commentCount\":0,\"publisher\":{\"@id\":\"https:\\\/\\\/www.autojm.fr\\\/blog\\\/#organization\"},\"image\":{\"@id\":\"https:\\\/\\\/www.autojm.fr\\\/blog\\\/nouveau-renault-captur-le-suv-revient-plus-muscle\\\/#primaryimage\"},\"thumbnailUrl\":\"https:\\\/\\\/www.autojm.fr\\\/blog\\\/wp-content\\\/uploads\\\/2022\\\/10\\\/493.jpg\",\"keywords\":[\"autojm\",\"citroen\",\"dacia\",\"DS\",\"Fiat\",\"Ford\",\"Kia\",\"Nissan\",\"Opel\",\"peugeot\",\"renault\",\"Toyota\",\"Volkswagen\"],\"articleSection\":[\"Nouveaut\u00e9 Renault\",\"Nouveaut\u00e9s Autos\"],\"inLanguage\":\"fr-FR\",\"potentialAction\":[{\"@type\":\"CommentAction\",\"name\":\"Comment\",\"target\":[\"https:\\\/\\\/www.autojm.fr\\\/blog\\\/nouveau-renault-captur-le-suv-revient-plus-muscle\\\/#respond\"]}]},{\"@type\":\"WebPage\",\"@id\":\"https:\\\/\\\/www.autojm.fr\\\/blog\\\/nouveau-renault-captur-le-suv-revient-plus-muscle\\\/\",\"url\":\"https:\\\/\\\/www.autojm.fr\\\/blog\\\/nouveau-renault-captur-le-suv-revient-plus-muscle\\\/\",\"name\":\"Nouveau Renault Captur, le SUV revient plus muscl\u00e9 - AutoJM Mag\",\"isPartOf\":{\"@id\":\"https:\\\/\\\/www.autojm.fr\\\/blog\\\/#website\"},\"primaryImageOfPage\":{\"@id\":\"https:\\\/\\\/www.autojm.fr\\\/blog\\\/nouveau-renault-captur-le-suv-revient-plus-muscle\\\/#primaryimage\"},\"image\":{\"@id\":\"https:\\\/\\\/www.autojm.fr\\\/blog\\\/nouveau-renault-captur-le-suv-revient-plus-muscle\\\/#primaryimage\"},\"thumbnailUrl\":\"https:\\\/\\\/www.autojm.fr\\\/blog\\\/wp-content\\\/uploads\\\/2022\\\/10\\\/493.jpg\",\"datePublished\":\"2019-12-09T00:00:00+00:00\",\"dateModified\":\"2023-04-18T12:55:30+00:00\",\"description\":\"Apr\u00e8s un succ\u00e8s reconnu pour le Renault Captur premi\u00e8re g\u00e9n\u00e9ration, la marque au losange revient avec un restylage sur son SUV le plus...\",\"breadcrumb\":{\"@id\":\"https:\\\/\\\/www.autojm.fr\\\/blog\\\/nouveau-renault-captur-le-suv-revient-plus-muscle\\\/#breadcrumb\"},\"inLanguage\":\"fr-FR\",\"potentialAction\":[{\"@type\":\"ReadAction\",\"target\":[\"https:\\\/\\\/www.autojm.fr\\\/blog\\\/nouveau-renault-captur-le-suv-revient-plus-muscle\\\/\"]}]},{\"@type\":\"ImageObject\",\"inLanguage\":\"fr-FR\",\"@id\":\"https:\\\/\\\/www.autojm.fr\\\/blog\\\/nouveau-renault-captur-le-suv-revient-plus-muscle\\\/#primaryimage\",\"url\":\"https:\\\/\\\/www.autojm.fr\\\/blog\\\/wp-content\\\/uploads\\\/2022\\\/10\\\/493.jpg\",\"contentUrl\":\"https:\\\/\\\/www.autojm.fr\\\/blog\\\/wp-content\\\/uploads\\\/2022\\\/10\\\/493.jpg\",\"width\":1562,\"height\":708,\"caption\":\"Renault Captur\"},{\"@type\":\"BreadcrumbList\",\"@id\":\"https:\\\/\\\/www.autojm.fr\\\/blog\\\/nouveau-renault-captur-le-suv-revient-plus-muscle\\\/#breadcrumb\",\"itemListElement\":[{\"@type\":\"ListItem\",\"position\":1,\"name\":\"Accueil\",\"item\":\"https:\\\/\\\/www.autojm.fr\\\/blog\\\/\"},{\"@type\":\"ListItem\",\"position\":2,\"name\":\"Nouveaut\u00e9s Autos\",\"item\":\"https:\\\/\\\/www.autojm.fr\\\/blog\\\/nouveautes-autos\\\/\"},{\"@type\":\"ListItem\",\"position\":3,\"name\":\"Nouveau Renault Captur, le SUV revient plus muscl\u00e9\"}]},{\"@type\":\"WebSite\",\"@id\":\"https:\\\/\\\/www.autojm.fr\\\/blog\\\/#website\",\"url\":\"https:\\\/\\\/www.autojm.fr\\\/blog\\\/\",\"name\":\"AutoJM Mag\",\"description\":\"Toute l&#039;actu auto en 1 clic !\",\"publisher\":{\"@id\":\"https:\\\/\\\/www.autojm.fr\\\/blog\\\/#organization\"},\"potentialAction\":[{\"@type\":\"SearchAction\",\"target\":{\"@type\":\"EntryPoint\",\"urlTemplate\":\"https:\\\/\\\/www.autojm.fr\\\/blog\\\/?s={search_term_string}\"},\"query-input\":{\"@type\":\"PropertyValueSpecification\",\"valueRequired\":true,\"valueName\":\"search_term_string\"}}],\"inLanguage\":\"fr-FR\"},{\"@type\":\"Organization\",\"@id\":\"https:\\\/\\\/www.autojm.fr\\\/blog\\\/#organization\",\"name\":\"AutoJM Mag\",\"url\":\"https:\\\/\\\/www.autojm.fr\\\/blog\\\/\",\"logo\":{\"@type\":\"ImageObject\",\"inLanguage\":\"fr-FR\",\"@id\":\"https:\\\/\\\/www.autojm.fr\\\/blog\\\/#\\\/schema\\\/logo\\\/image\\\/\",\"url\":\"https:\\\/\\\/www.autojm.fr\\\/blog\\\/wp-content\\\/uploads\\\/2022\\\/12\\\/cropped-AutoJMag-png.png\",\"contentUrl\":\"https:\\\/\\\/www.autojm.fr\\\/blog\\\/wp-content\\\/uploads\\\/2022\\\/12\\\/cropped-AutoJMag-png.png\",\"width\":2834,\"height\":585,\"caption\":\"AutoJM Mag\"},\"image\":{\"@id\":\"https:\\\/\\\/www.autojm.fr\\\/blog\\\/#\\\/schema\\\/logo\\\/image\\\/\"},\"sameAs\":[\"https:\\\/\\\/www.facebook.com\\\/AutoJM25\"]},{\"@type\":\"Person\",\"@id\":\"https:\\\/\\\/www.autojm.fr\\\/blog\\\/#\\\/schema\\\/person\\\/9742bc77541853e0de81fc57f947e1a0\",\"name\":\"Autojm\",\"image\":{\"@type\":\"ImageObject\",\"inLanguage\":\"fr-FR\",\"@id\":\"https:\\\/\\\/secure.gravatar.com\\\/avatar\\\/9a959d52b758fcc232fe4b6aca7bab139182573297122cce7d6f2ee0e537b418?s=96&d=mm&r=g\",\"url\":\"https:\\\/\\\/secure.gravatar.com\\\/avatar\\\/9a959d52b758fcc232fe4b6aca7bab139182573297122cce7d6f2ee0e537b418?s=96&d=mm&r=g\",\"contentUrl\":\"https:\\\/\\\/secure.gravatar.com\\\/avatar\\\/9a959d52b758fcc232fe4b6aca7bab139182573297122cce7d6f2ee0e537b418?s=96&d=mm&r=g\",\"caption\":\"Autojm\"},\"sameAs\":[\"https:\\\/\\\/www.autojm.fr\\\/blog\"],\"url\":\"https:\\\/\\\/www.autojm.fr\\\/blog\\\/author\\\/bichoi\\\/\"}]}<\/script>\n<!-- \/ Yoast SEO plugin. -->","yoast_head_json":{"title":"Nouveau Renault Captur, le SUV revient plus muscl\u00e9 - AutoJM Mag","description":"Apr\u00e8s un succ\u00e8s reconnu pour le Renault Captur premi\u00e8re g\u00e9n\u00e9ration, la marque au losange revient avec un restylage sur son SUV le plus...","robots":{"index":"index","follow":"follow","max-snippet":"max-snippet:-1","max-image-preview":"max-image-preview:large","max-video-preview":"max-video-preview:-1"},"canonical":"https:\/\/www.autojm.fr\/blog\/nouveau-renault-captur-le-suv-revient-plus-muscle\/","og_locale":"fr_FR","og_type":"article","og_title":"Nouveau Renault Captur, le SUV revient plus muscl\u00e9 - AutoJM Mag","og_description":"Apr\u00e8s un succ\u00e8s reconnu pour le Renault Captur premi\u00e8re g\u00e9n\u00e9ration, la marque au losange revient avec un restylage sur son SUV le plus...","og_url":"https:\/\/www.autojm.fr\/blog\/nouveau-renault-captur-le-suv-revient-plus-muscle\/","og_site_name":"AutoJM Mag","article_publisher":"https:\/\/www.facebook.com\/AutoJM25","article_published_time":"2019-12-09T00:00:00+00:00","article_modified_time":"2023-04-18T12:55:30+00:00","og_image":[{"width":1562,"height":708,"url":"https:\/\/www.autojm.fr\/blog\/wp-content\/uploads\/2022\/10\/493.jpg","type":"image\/jpeg"}],"author":"Autojm","twitter_card":"summary_large_image","twitter_misc":{"\u00c9crit par":"Autojm","Dur\u00e9e de lecture estim\u00e9e":"5 minutes"},"schema":{"@context":"https:\/\/schema.org","@graph":[{"@type":"Article","@id":"https:\/\/www.autojm.fr\/blog\/nouveau-renault-captur-le-suv-revient-plus-muscle\/#article","isPartOf":{"@id":"https:\/\/www.autojm.fr\/blog\/nouveau-renault-captur-le-suv-revient-plus-muscle\/"},"author":{"name":"Autojm","@id":"https:\/\/www.autojm.fr\/blog\/#\/schema\/person\/9742bc77541853e0de81fc57f947e1a0"},"headline":"Nouveau Renault Captur, le SUV revient plus muscl\u00e9","datePublished":"2019-12-09T00:00:00+00:00","dateModified":"2023-04-18T12:55:30+00:00","mainEntityOfPage":{"@id":"https:\/\/www.autojm.fr\/blog\/nouveau-renault-captur-le-suv-revient-plus-muscle\/"},"wordCount":819,"commentCount":0,"publisher":{"@id":"https:\/\/www.autojm.fr\/blog\/#organization"},"image":{"@id":"https:\/\/www.autojm.fr\/blog\/nouveau-renault-captur-le-suv-revient-plus-muscle\/#primaryimage"},"thumbnailUrl":"https:\/\/www.autojm.fr\/blog\/wp-content\/uploads\/2022\/10\/493.jpg","keywords":["autojm","citroen","dacia","DS","Fiat","Ford","Kia","Nissan","Opel","peugeot","renault","Toyota","Volkswagen"],"articleSection":["Nouveaut\u00e9 Renault","Nouveaut\u00e9s Autos"],"inLanguage":"fr-FR","potentialAction":[{"@type":"CommentAction","name":"Comment","target":["https:\/\/www.autojm.fr\/blog\/nouveau-renault-captur-le-suv-revient-plus-muscle\/#respond"]}]},{"@type":"WebPage","@id":"https:\/\/www.autojm.fr\/blog\/nouveau-renault-captur-le-suv-revient-plus-muscle\/","url":"https:\/\/www.autojm.fr\/blog\/nouveau-renault-captur-le-suv-revient-plus-muscle\/","name":"Nouveau Renault Captur, le SUV revient plus muscl\u00e9 - AutoJM Mag","isPartOf":{"@id":"https:\/\/www.autojm.fr\/blog\/#website"},"primaryImageOfPage":{"@id":"https:\/\/www.autojm.fr\/blog\/nouveau-renault-captur-le-suv-revient-plus-muscle\/#primaryimage"},"image":{"@id":"https:\/\/www.autojm.fr\/blog\/nouveau-renault-captur-le-suv-revient-plus-muscle\/#primaryimage"},"thumbnailUrl":"https:\/\/www.autojm.fr\/blog\/wp-content\/uploads\/2022\/10\/493.jpg","datePublished":"2019-12-09T00:00:00+00:00","dateModified":"2023-04-18T12:55:30+00:00","description":"Apr\u00e8s un succ\u00e8s reconnu pour le Renault Captur premi\u00e8re g\u00e9n\u00e9ration, la marque au losange revient avec un restylage sur son SUV le plus...","breadcrumb":{"@id":"https:\/\/www.autojm.fr\/blog\/nouveau-renault-captur-le-suv-revient-plus-muscle\/#breadcrumb"},"inLanguage":"fr-FR","potentialAction":[{"@type":"ReadAction","target":["https:\/\/www.autojm.fr\/blog\/nouveau-renault-captur-le-suv-revient-plus-muscle\/"]}]},{"@type":"ImageObject","inLanguage":"fr-FR","@id":"https:\/\/www.autojm.fr\/blog\/nouveau-renault-captur-le-suv-revient-plus-muscle\/#primaryimage","url":"https:\/\/www.autojm.fr\/blog\/wp-content\/uploads\/2022\/10\/493.jpg","contentUrl":"https:\/\/www.autojm.fr\/blog\/wp-content\/uploads\/2022\/10\/493.jpg","width":1562,"height":708,"caption":"Renault Captur"},{"@type":"BreadcrumbList","@id":"https:\/\/www.autojm.fr\/blog\/nouveau-renault-captur-le-suv-revient-plus-muscle\/#breadcrumb","itemListElement":[{"@type":"ListItem","position":1,"name":"Accueil","item":"https:\/\/www.autojm.fr\/blog\/"},{"@type":"ListItem","position":2,"name":"Nouveaut\u00e9s Autos","item":"https:\/\/www.autojm.fr\/blog\/nouveautes-autos\/"},{"@type":"ListItem","position":3,"name":"Nouveau Renault Captur, le SUV revient plus muscl\u00e9"}]},{"@type":"WebSite","@id":"https:\/\/www.autojm.fr\/blog\/#website","url":"https:\/\/www.autojm.fr\/blog\/","name":"AutoJM Mag","description":"Toute l&#039;actu auto en 1 clic !","publisher":{"@id":"https:\/\/www.autojm.fr\/blog\/#organization"},"potentialAction":[{"@type":"SearchAction","target":{"@type":"EntryPoint","urlTemplate":"https:\/\/www.autojm.fr\/blog\/?s={search_term_string}"},"query-input":{"@type":"PropertyValueSpecification","valueRequired":true,"valueName":"search_term_string"}}],"inLanguage":"fr-FR"},{"@type":"Organization","@id":"https:\/\/www.autojm.fr\/blog\/#organization","name":"AutoJM Mag","url":"https:\/\/www.autojm.fr\/blog\/","logo":{"@type":"ImageObject","inLanguage":"fr-FR","@id":"https:\/\/www.autojm.fr\/blog\/#\/schema\/logo\/image\/","url":"https:\/\/www.autojm.fr\/blog\/wp-content\/uploads\/2022\/12\/cropped-AutoJMag-png.png","contentUrl":"https:\/\/www.autojm.fr\/blog\/wp-content\/uploads\/2022\/12\/cropped-AutoJMag-png.png","width":2834,"height":585,"caption":"AutoJM Mag"},"image":{"@id":"https:\/\/www.autojm.fr\/blog\/#\/schema\/logo\/image\/"},"sameAs":["https:\/\/www.facebook.com\/AutoJM25"]},{"@type":"Person","@id":"https:\/\/www.autojm.fr\/blog\/#\/schema\/person\/9742bc77541853e0de81fc57f947e1a0","name":"Autojm","image":{"@type":"ImageObject","inLanguage":"fr-FR","@id":"https:\/\/secure.gravatar.com\/avatar\/9a959d52b758fcc232fe4b6aca7bab139182573297122cce7d6f2ee0e537b418?s=96&d=mm&r=g","url":"https:\/\/secure.gravatar.com\/avatar\/9a959d52b758fcc232fe4b6aca7bab139182573297122cce7d6f2ee0e537b418?s=96&d=mm&r=g","contentUrl":"https:\/\/secure.gravatar.com\/avatar\/9a959d52b758fcc232fe4b6aca7bab139182573297122cce7d6f2ee0e537b418?s=96&d=mm&r=g","caption":"Autojm"},"sameAs":["https:\/\/www.autojm.fr\/blog"],"url":"https:\/\/www.autojm.fr\/blog\/author\/bichoi\/"}]}},"_links":{"self":[{"href":"https:\/\/www.autojm.fr\/blog\/wp-json\/wp\/v2\/posts\/3767","targetHints":{"allow":["GET"]}}],"collection":[{"href":"https:\/\/www.autojm.fr\/blog\/wp-json\/wp\/v2\/posts"}],"about":[{"href":"https:\/\/www.autojm.fr\/blog\/wp-json\/wp\/v2\/types\/post"}],"author":[{"embeddable":true,"href":"https:\/\/www.autojm.fr\/blog\/wp-json\/wp\/v2\/users\/1"}],"replies":[{"embeddable":true,"href":"https:\/\/www.autojm.fr\/blog\/wp-json\/wp\/v2\/comments?post=3767"}],"version-history":[{"count":5,"href":"https:\/\/www.autojm.fr\/blog\/wp-json\/wp\/v2\/posts\/3767\/revisions"}],"predecessor-version":[{"id":9303,"href":"https:\/\/www.autojm.fr\/blog\/wp-json\/wp\/v2\/posts\/3767\/revisions\/9303"}],"wp:featuredmedia":[{"embeddable":true,"href":"https:\/\/www.autojm.fr\/blog\/wp-json\/wp\/v2\/media\/5827"}],"wp:attachment":[{"href":"https:\/\/www.autojm.fr\/blog\/wp-json\/wp\/v2\/media?parent=3767"}],"wp:term":[{"taxonomy":"category","embeddable":true,"href":"https:\/\/www.autojm.fr\/blog\/wp-json\/wp\/v2\/categories?post=3767"},{"taxonomy":"post_tag","embeddable":true,"href":"https:\/\/www.autojm.fr\/blog\/wp-json\/wp\/v2\/tags?post=3767"}],"curies":[{"name":"wp","href":"https:\/\/api.w.org\/{rel}","templated":true}]}}