{"id":3766,"date":"2019-12-11T00:00:00","date_gmt":"2019-12-11T00:00:00","guid":{"rendered":"https:\/\/www.autojm.fr\/blog\/golf-8-la-berline-de-volkswagen-encore-plus-moderne\/"},"modified":"2023-07-24T14:41:33","modified_gmt":"2023-07-24T14:41:33","slug":"golf-8-la-berline-de-volkswagen-encore-plus-moderne","status":"publish","type":"post","link":"https:\/\/www.autojm.fr\/blog\/golf-8-la-berline-de-volkswagen-encore-plus-moderne\/","title":{"rendered":"Golf 8, la berline de Volkswagen encore plus moderne"},"content":{"rendered":"<p>Depuis 1974, la Volkswagen Golf fait partie int\u00e9grante du march\u00e9 de l&rsquo;automobile. La berline d\u00e9tient d&rsquo;ailleurs le prix de la <strong>voiture la plus vendue en Europe<\/strong>. Et l&rsquo;ann\u00e9e 2020 marquera un nouveau tournant dans l&rsquo;histoire de la Golf, un restylage que l&rsquo;on d\u00e9couvrira plut\u00f4t du c\u00f4t\u00e9 des technologies int\u00e9gr\u00e9es que du design\u2026 Tour d&rsquo;horizon de la Golf 8.<\/p>\n<p>Depuis la cr\u00e9ation de la golf, tous les restylages ont \u00e9t\u00e9 r\u00e9alis\u00e9s avec pr\u00e9cautions. Afin de <strong>conserver l&rsquo;identit\u00e9 propre \u00e0 la berline<\/strong>et fid\u00e9liser les adeptes des versions pr\u00e9c\u00e9dentes, <strong>Volkswagen n&rsquo;op\u00e8re pas de gros changements<\/strong> mais s&rsquo;adapte aux nouveaut\u00e9s du monde automobile, en mati\u00e8re de technologies, aides \u00e0 la conduite, tableau de bord futuriste\u2026 etc.<\/p>\n<h2>Ext\u00e9rieur et int\u00e9rieur de la Golf 8<\/h2>\n<p>D&rsquo;ext\u00e9rieur, la<strong> Golf 8 <\/strong>est plus plongeante, plus imposante et son a\u00e9rodynamisme est am\u00e9lior\u00e9e. Le montant arri\u00e8re est \u00e9pais et son hayon garde sa verticalit\u00e9 propre au mod\u00e8le. La berline adopte les <strong>feux Matrix LED<\/strong>, pour une vision optimale.<\/p>\n<p>A l&rsquo;int\u00e9rieur, confort et modernit\u00e9 se compl\u00e8tent : le tableau de bord int\u00e8gre un <strong>\u00e9cran 10 pouces derri\u00e8re le volant<\/strong> &#8211; en syst\u00e8me d&rsquo;affichage t\u00eate haute &#8211; et un <strong>\u00e9cran tactile 8,25 pouces<\/strong> sur la console centrale. La planche de bord est en plastique mouss\u00e9, pour un toucher agr\u00e9able. Le <strong>syst\u00e8me d&rsquo;affichage t\u00eate haute<\/strong> permet de garder un oeil sur la route gr\u00e2ce aux informations visibles d&rsquo;un simple coup d&rsquo;oeil. Les si\u00e8ges sont r\u00e9glables en profondeur, et le niveau d&rsquo;insonorisation est optimal. Les passagers arri\u00e8res disposent, eux, de 3 vraies places.<\/p>\n<p>L&rsquo;espace au sein de la Golf est toujours un atout : ses <strong>4,28 m\u00e8tres de longueur<\/strong> permettent une habitabilit\u00e9 optimis\u00e9e, tout en gardant un volume au coffre suffisant de <strong>380 litres<\/strong>.<\/p>\n<h2>Technologies de pointe dans la berline Volkswagen<\/h2>\n<p>Si son design reprend beaucoup d&rsquo;\u00e9l\u00e9ments de sa pr\u00e9d\u00e9cesseure, des technologies de derni\u00e8re g\u00e9n\u00e9ration sont d\u00e9sormais int\u00e9gr\u00e9es. Le combin\u00e9 num\u00e9rique derri\u00e8re le volant est configurable sur 5 affichages diff\u00e9rents, et l&rsquo;\u00e9cran tactile s&rsquo;inspire des t\u00e9l\u00e9phones de la c\u00e9l\u00e8bre marque Apple avec une touche Home qui permet de naviguer via les diff\u00e9rents menus. La quasi-totalit\u00e9 des touches manuelles ont disparu pour laisser place \u00e0 des <strong>touches tactiles<\/strong>. La <strong>climatisation 3 zones<\/strong> est configurable avec la reconnaissance vocale : un simple \u201cj&rsquo;ai chaud aux mains\u201d permet une ventilation plus pouss\u00e9e au niveau des a\u00e9rations proches du volant. Tout est param\u00e9trable \u00e0 bord de la <strong><a href=\"https:\/\/www.autoplus.fr\/volkswagen\/golf\/actualite\/Volkswagen-Golf-2.0-TDI-150-1544811.html?fbclid=IwAR3pgy71X6fE0lLbO1PHo60mMSEB46lIwEtSk8_I4MtEPPY2k9mIS_tyglw\">Volkswagen Golf 8<\/a><\/strong> : les amortisseurs peuvent passer de souples \u00e0 tr\u00e8s souples, l&rsquo;<strong>ambiance lumineuse<\/strong> accueille plus de <strong>32 couleurs<\/strong>, et la berline dispose, en plus des <strong>3 modes de conduite traditionnels<\/strong>, d&rsquo;un mode personnalisable sauvegardable sur le Cloud.<\/p>\n<p>Sur la tablette tactile, le dispositif <strong>WeConnect<\/strong> offre un acc\u00e8s \u00e0 internet pour la radio ou le streaming, et votre musique sera jou\u00e9e sur le <strong>syst\u00e8me audio<\/strong> haut de gamme <strong>Harman Kardon<\/strong>. D\u00e8s l&rsquo;entr\u00e9e de gamme, la golf 8 int\u00e8gre le syst\u00e8me <strong>Front Assist<\/strong> de surveillance p\u00e9rim\u00e9trique, le <strong>Lane Assist<\/strong> pour un maintien dans la voie, et nouveaut\u00e9 : le <strong>Travel Assist<\/strong>, un assistant de braquage effectif entre 0 et 210 km\/h. Enfin, l&rsquo;option <strong>communication Car2X<\/strong> signale les dangers.<\/p>\n<h2>Motorisations et finitions de la nouvelle Golf 8<\/h2>\n<p>Niveau motorisations, la golf 8 est disponible en <strong>1,5 litres TSI 130 et 150 chevaux<\/strong>, disponibles en Mild Hybrid e-TSI (versions hybrides rechargeables), et en <strong>2.0 TDI avec 115 et 150 chevaux<\/strong>. Apr\u00e8s ces premi\u00e8res configurations, Volkswagen commercialisera des versions hybrides \u201cPlug-in\u201d en 204 et 245 chevaux, les versions GTI, GTD, et la version R en 300 chevaux ! Le plus de ce restylage est la bo\u00eete manuelle \u00e0 6 rapports, qui offre un confort de conduite sans pr\u00e9c\u00e9dent.<\/p>\n<h2>De l&rsquo;hybride sur la Nouvelle Golf ?<\/h2>\n<p>Apr\u00e8s la baisse de popularit\u00e9 due au DieselGate, Volkswagen tente de redorer son blason, et c&rsquo;est pour cette raison que la marque allemande d\u00e9cide et s&rsquo;impose de suivre la tendance de l&rsquo;<strong>hybridation<\/strong> sur ses moteurs.<\/p>\n<p>Sur les 8 moteurs qui seront disponibles \u00e0 son lancement, <strong>5 seront concern\u00e9s par l&rsquo;hybridation \u00ab\u00a0l\u00e9g\u00e8re\u00a0\u00bb<\/strong>. On la retrouvera par exemple sur son moteur de 110 chevaux qui sera dot\u00e9 d&rsquo;une batterie <strong>48 volts<\/strong> alimentant un \u00e9lectromoteur.<\/p>\n<p>Les nouvelles motorisations de la berline appel\u00e9es <strong>eTSI<\/strong> ne s&rsquo;inscriront donc pas dans le domaine de l&rsquo;\u00e9lectrique mais la Golf sera \u00e0 jour avec les <strong>normes anti-pollution<\/strong>. Elles seront disponibles sur le moteur <strong>3 cylindres 1.0 L 110 chevaux<\/strong> ainsi que les <strong>4 cylindres 1.5 L de 130 et 150 chevaux<\/strong>.<\/p>\n<p>Le syst\u00e8me de freinage est fait pour permettre au v\u00e9hicule de r\u00e9cup\u00e9rer jusqu&rsquo;\u00e0 <strong>40%<\/strong> de batterie avec la simple utilisation du frein, un atout majeur.<\/p>\n<h2>Prix de la future Golf 8 GTi, \u00e0 quoi s&rsquo;attendre ?<\/h2>\n<p>C&rsquo;est annonc\u00e9, les versions <strong>GTi <\/strong>et <strong>GTd<\/strong> de la Golf 8 feront leur apparition <strong>courant 2020<\/strong>.<\/p>\n<p>La version GTi est tr\u00e8s appr\u00e9ci\u00e9e de par son allure sportive et sa tenue de route exceptionnelle.<\/p>\n<p>Cette d\u00e9clinaison sportive de la berline devrait voir le jour \u00e0 l&rsquo;automne 2020 et les premi\u00e8res estimations lui donnent un ticket d&rsquo;entr\u00e9e avoisinant les <strong>42 000\u20ac.<\/strong><\/p>\n<h2>Nouvelle Volkswagen Golf 8 break, r\u00eave ou r\u00e9alit\u00e9 ?<\/h2>\n<p>La derni\u00e8re g\u00e9n\u00e9ration de la Golf a \u00e9t\u00e9 annonc\u00e9e en version compacte mais d\u00e9j\u00e0 les premi\u00e8res images d&rsquo;une \u00e9ventuelle Golf SW font leur apparition. La <strong>version SW<\/strong> serait identique \u00e0 la compacte d&rsquo;un point de vue ext\u00e9rieur, mais elle gagnerait quelques centim\u00e8tres pour un <strong>habitacle plus spacieux<\/strong>.<\/p>\n<p>Apr\u00e8s de nombreuses rumeurs sur la commercialisation possible de la version SW, Volkswagen a bel et bien <strong>confirm\u00e9 son arriv\u00e9e<\/strong> dans les prochains mois.<\/p>\n<p style=\"margin-top: 1.75em; margin-bottom: 1.75em; font-size: 0.813em; line-height: 1.5em; color: #666666; font-family: Arial, Helvetica, sans-serif;\">\n","protected":false},"excerpt":{"rendered":"<p>Depuis 1974, la Volkswagen Golf fait partie int\u00e9grante du march\u00e9 de l&rsquo;automobile. La berline d\u00e9tient d&rsquo;ailleurs le prix de la voiture la plus vendue en Europe. Et l&rsquo;ann\u00e9e 2020 marquera un nouveau tournant dans l&rsquo;histoire de la Golf, un restylage que l&rsquo;on d\u00e9couvrira plut\u00f4t du c\u00f4t\u00e9 des technologies int\u00e9gr\u00e9es que du design\u2026 Tour d&rsquo;horizon de la Golf 8.<\/p>\n","protected":false},"author":1,"featured_media":5826,"comment_status":"open","ping_status":"open","sticky":false,"template":"","format":"standard","meta":{"_acf_changed":false,"content-type":"","footnotes":""},"categories":[264,61],"tags":[90,207,96],"class_list":["post-3766","post","type-post","status-publish","format-standard","has-post-thumbnail","hentry","category-nouveaute-volkswagen","category-nouveautes-autos","tag-autojm","tag-golf-8","tag-volkswagen"],"acf":[],"yoast_head":"<!-- This site is optimized with the Yoast SEO plugin v27.5 - https:\/\/yoast.com\/product\/yoast-seo-wordpress\/ -->\n<title>Golf 8, la berline de Volkswagen encore plus moderne - AutoJM Mag<\/title>\n<meta name=\"description\" content=\"Depuis 1974, la Volkswagen Golf fait partie int\u00e9grante du march\u00e9 de l&#039;automobile. La berline d\u00e9tient d&#039;ailleurs le prix de la voiture la...\" \/>\n<meta name=\"robots\" content=\"index, follow, max-snippet:-1, max-image-preview:large, max-video-preview:-1\" \/>\n<link rel=\"canonical\" href=\"https:\/\/www.autojm.fr\/blog\/golf-8-la-berline-de-volkswagen-encore-plus-moderne\/\" \/>\n<meta property=\"og:locale\" content=\"fr_FR\" \/>\n<meta property=\"og:type\" content=\"article\" \/>\n<meta property=\"og:title\" content=\"Golf 8, la berline de Volkswagen encore plus moderne - AutoJM Mag\" \/>\n<meta property=\"og:description\" content=\"Depuis 1974, la Volkswagen Golf fait partie int\u00e9grante du march\u00e9 de l&#039;automobile. La berline d\u00e9tient d&#039;ailleurs le prix de la voiture la...\" \/>\n<meta property=\"og:url\" content=\"https:\/\/www.autojm.fr\/blog\/golf-8-la-berline-de-volkswagen-encore-plus-moderne\/\" \/>\n<meta property=\"og:site_name\" content=\"AutoJM Mag\" \/>\n<meta property=\"article:publisher\" content=\"https:\/\/www.facebook.com\/AutoJM25\" \/>\n<meta property=\"article:published_time\" content=\"2019-12-11T00:00:00+00:00\" \/>\n<meta property=\"article:modified_time\" content=\"2023-07-24T14:41:33+00:00\" \/>\n<meta property=\"og:image\" content=\"https:\/\/www.autojm.fr\/blog\/wp-content\/uploads\/2022\/10\/495.jpg\" \/>\n\t<meta property=\"og:image:width\" content=\"1562\" \/>\n\t<meta property=\"og:image:height\" content=\"708\" \/>\n\t<meta property=\"og:image:type\" content=\"image\/jpeg\" \/>\n<meta name=\"author\" content=\"Autojm\" \/>\n<meta name=\"twitter:card\" content=\"summary_large_image\" \/>\n<meta name=\"twitter:label1\" content=\"\u00c9crit par\" \/>\n\t<meta name=\"twitter:data1\" content=\"Autojm\" \/>\n\t<meta name=\"twitter:label2\" content=\"Dur\u00e9e de lecture estim\u00e9e\" \/>\n\t<meta name=\"twitter:data2\" content=\"5 minutes\" \/>\n<script type=\"application\/ld+json\" class=\"yoast-schema-graph\">{\"@context\":\"https:\\\/\\\/schema.org\",\"@graph\":[{\"@type\":\"Article\",\"@id\":\"https:\\\/\\\/www.autojm.fr\\\/blog\\\/golf-8-la-berline-de-volkswagen-encore-plus-moderne\\\/#article\",\"isPartOf\":{\"@id\":\"https:\\\/\\\/www.autojm.fr\\\/blog\\\/golf-8-la-berline-de-volkswagen-encore-plus-moderne\\\/\"},\"author\":{\"name\":\"Autojm\",\"@id\":\"https:\\\/\\\/www.autojm.fr\\\/blog\\\/#\\\/schema\\\/person\\\/9742bc77541853e0de81fc57f947e1a0\"},\"headline\":\"Golf 8, la berline de Volkswagen encore plus moderne\",\"datePublished\":\"2019-12-11T00:00:00+00:00\",\"dateModified\":\"2023-07-24T14:41:33+00:00\",\"mainEntityOfPage\":{\"@id\":\"https:\\\/\\\/www.autojm.fr\\\/blog\\\/golf-8-la-berline-de-volkswagen-encore-plus-moderne\\\/\"},\"wordCount\":946,\"commentCount\":0,\"publisher\":{\"@id\":\"https:\\\/\\\/www.autojm.fr\\\/blog\\\/#organization\"},\"image\":{\"@id\":\"https:\\\/\\\/www.autojm.fr\\\/blog\\\/golf-8-la-berline-de-volkswagen-encore-plus-moderne\\\/#primaryimage\"},\"thumbnailUrl\":\"https:\\\/\\\/www.autojm.fr\\\/blog\\\/wp-content\\\/uploads\\\/2022\\\/10\\\/495.jpg\",\"keywords\":[\"autojm\",\"Golf 8\",\"Volkswagen\"],\"articleSection\":[\"Nouveaut\u00e9 Volkswagen\",\"Nouveaut\u00e9s Autos\"],\"inLanguage\":\"fr-FR\",\"potentialAction\":[{\"@type\":\"CommentAction\",\"name\":\"Comment\",\"target\":[\"https:\\\/\\\/www.autojm.fr\\\/blog\\\/golf-8-la-berline-de-volkswagen-encore-plus-moderne\\\/#respond\"]}]},{\"@type\":\"WebPage\",\"@id\":\"https:\\\/\\\/www.autojm.fr\\\/blog\\\/golf-8-la-berline-de-volkswagen-encore-plus-moderne\\\/\",\"url\":\"https:\\\/\\\/www.autojm.fr\\\/blog\\\/golf-8-la-berline-de-volkswagen-encore-plus-moderne\\\/\",\"name\":\"Golf 8, la berline de Volkswagen encore plus moderne - AutoJM Mag\",\"isPartOf\":{\"@id\":\"https:\\\/\\\/www.autojm.fr\\\/blog\\\/#website\"},\"primaryImageOfPage\":{\"@id\":\"https:\\\/\\\/www.autojm.fr\\\/blog\\\/golf-8-la-berline-de-volkswagen-encore-plus-moderne\\\/#primaryimage\"},\"image\":{\"@id\":\"https:\\\/\\\/www.autojm.fr\\\/blog\\\/golf-8-la-berline-de-volkswagen-encore-plus-moderne\\\/#primaryimage\"},\"thumbnailUrl\":\"https:\\\/\\\/www.autojm.fr\\\/blog\\\/wp-content\\\/uploads\\\/2022\\\/10\\\/495.jpg\",\"datePublished\":\"2019-12-11T00:00:00+00:00\",\"dateModified\":\"2023-07-24T14:41:33+00:00\",\"description\":\"Depuis 1974, la Volkswagen Golf fait partie int\u00e9grante du march\u00e9 de l'automobile. La berline d\u00e9tient d'ailleurs le prix de la voiture la...\",\"breadcrumb\":{\"@id\":\"https:\\\/\\\/www.autojm.fr\\\/blog\\\/golf-8-la-berline-de-volkswagen-encore-plus-moderne\\\/#breadcrumb\"},\"inLanguage\":\"fr-FR\",\"potentialAction\":[{\"@type\":\"ReadAction\",\"target\":[\"https:\\\/\\\/www.autojm.fr\\\/blog\\\/golf-8-la-berline-de-volkswagen-encore-plus-moderne\\\/\"]}]},{\"@type\":\"ImageObject\",\"inLanguage\":\"fr-FR\",\"@id\":\"https:\\\/\\\/www.autojm.fr\\\/blog\\\/golf-8-la-berline-de-volkswagen-encore-plus-moderne\\\/#primaryimage\",\"url\":\"https:\\\/\\\/www.autojm.fr\\\/blog\\\/wp-content\\\/uploads\\\/2022\\\/10\\\/495.jpg\",\"contentUrl\":\"https:\\\/\\\/www.autojm.fr\\\/blog\\\/wp-content\\\/uploads\\\/2022\\\/10\\\/495.jpg\",\"width\":1562,\"height\":708,\"caption\":\"Golf 8\"},{\"@type\":\"BreadcrumbList\",\"@id\":\"https:\\\/\\\/www.autojm.fr\\\/blog\\\/golf-8-la-berline-de-volkswagen-encore-plus-moderne\\\/#breadcrumb\",\"itemListElement\":[{\"@type\":\"ListItem\",\"position\":1,\"name\":\"Accueil\",\"item\":\"https:\\\/\\\/www.autojm.fr\\\/blog\\\/\"},{\"@type\":\"ListItem\",\"position\":2,\"name\":\"Nouveaut\u00e9s Autos\",\"item\":\"https:\\\/\\\/www.autojm.fr\\\/blog\\\/nouveautes-autos\\\/\"},{\"@type\":\"ListItem\",\"position\":3,\"name\":\"Golf 8, la berline de Volkswagen encore plus moderne\"}]},{\"@type\":\"WebSite\",\"@id\":\"https:\\\/\\\/www.autojm.fr\\\/blog\\\/#website\",\"url\":\"https:\\\/\\\/www.autojm.fr\\\/blog\\\/\",\"name\":\"AutoJM Mag\",\"description\":\"Toute l&#039;actu auto en 1 clic !\",\"publisher\":{\"@id\":\"https:\\\/\\\/www.autojm.fr\\\/blog\\\/#organization\"},\"potentialAction\":[{\"@type\":\"SearchAction\",\"target\":{\"@type\":\"EntryPoint\",\"urlTemplate\":\"https:\\\/\\\/www.autojm.fr\\\/blog\\\/?s={search_term_string}\"},\"query-input\":{\"@type\":\"PropertyValueSpecification\",\"valueRequired\":true,\"valueName\":\"search_term_string\"}}],\"inLanguage\":\"fr-FR\"},{\"@type\":\"Organization\",\"@id\":\"https:\\\/\\\/www.autojm.fr\\\/blog\\\/#organization\",\"name\":\"AutoJM Mag\",\"url\":\"https:\\\/\\\/www.autojm.fr\\\/blog\\\/\",\"logo\":{\"@type\":\"ImageObject\",\"inLanguage\":\"fr-FR\",\"@id\":\"https:\\\/\\\/www.autojm.fr\\\/blog\\\/#\\\/schema\\\/logo\\\/image\\\/\",\"url\":\"https:\\\/\\\/www.autojm.fr\\\/blog\\\/wp-content\\\/uploads\\\/2022\\\/12\\\/cropped-AutoJMag-png.png\",\"contentUrl\":\"https:\\\/\\\/www.autojm.fr\\\/blog\\\/wp-content\\\/uploads\\\/2022\\\/12\\\/cropped-AutoJMag-png.png\",\"width\":2834,\"height\":585,\"caption\":\"AutoJM Mag\"},\"image\":{\"@id\":\"https:\\\/\\\/www.autojm.fr\\\/blog\\\/#\\\/schema\\\/logo\\\/image\\\/\"},\"sameAs\":[\"https:\\\/\\\/www.facebook.com\\\/AutoJM25\"]},{\"@type\":\"Person\",\"@id\":\"https:\\\/\\\/www.autojm.fr\\\/blog\\\/#\\\/schema\\\/person\\\/9742bc77541853e0de81fc57f947e1a0\",\"name\":\"Autojm\",\"image\":{\"@type\":\"ImageObject\",\"inLanguage\":\"fr-FR\",\"@id\":\"https:\\\/\\\/secure.gravatar.com\\\/avatar\\\/9a959d52b758fcc232fe4b6aca7bab139182573297122cce7d6f2ee0e537b418?s=96&d=mm&r=g\",\"url\":\"https:\\\/\\\/secure.gravatar.com\\\/avatar\\\/9a959d52b758fcc232fe4b6aca7bab139182573297122cce7d6f2ee0e537b418?s=96&d=mm&r=g\",\"contentUrl\":\"https:\\\/\\\/secure.gravatar.com\\\/avatar\\\/9a959d52b758fcc232fe4b6aca7bab139182573297122cce7d6f2ee0e537b418?s=96&d=mm&r=g\",\"caption\":\"Autojm\"},\"sameAs\":[\"https:\\\/\\\/www.autojm.fr\\\/blog\"],\"url\":\"https:\\\/\\\/www.autojm.fr\\\/blog\\\/author\\\/bichoi\\\/\"}]}<\/script>\n<!-- \/ Yoast SEO plugin. -->","yoast_head_json":{"title":"Golf 8, la berline de Volkswagen encore plus moderne - AutoJM Mag","description":"Depuis 1974, la Volkswagen Golf fait partie int\u00e9grante du march\u00e9 de l'automobile. La berline d\u00e9tient d'ailleurs le prix de la voiture la...","robots":{"index":"index","follow":"follow","max-snippet":"max-snippet:-1","max-image-preview":"max-image-preview:large","max-video-preview":"max-video-preview:-1"},"canonical":"https:\/\/www.autojm.fr\/blog\/golf-8-la-berline-de-volkswagen-encore-plus-moderne\/","og_locale":"fr_FR","og_type":"article","og_title":"Golf 8, la berline de Volkswagen encore plus moderne - AutoJM Mag","og_description":"Depuis 1974, la Volkswagen Golf fait partie int\u00e9grante du march\u00e9 de l'automobile. La berline d\u00e9tient d'ailleurs le prix de la voiture la...","og_url":"https:\/\/www.autojm.fr\/blog\/golf-8-la-berline-de-volkswagen-encore-plus-moderne\/","og_site_name":"AutoJM Mag","article_publisher":"https:\/\/www.facebook.com\/AutoJM25","article_published_time":"2019-12-11T00:00:00+00:00","article_modified_time":"2023-07-24T14:41:33+00:00","og_image":[{"width":1562,"height":708,"url":"https:\/\/www.autojm.fr\/blog\/wp-content\/uploads\/2022\/10\/495.jpg","type":"image\/jpeg"}],"author":"Autojm","twitter_card":"summary_large_image","twitter_misc":{"\u00c9crit par":"Autojm","Dur\u00e9e de lecture estim\u00e9e":"5 minutes"},"schema":{"@context":"https:\/\/schema.org","@graph":[{"@type":"Article","@id":"https:\/\/www.autojm.fr\/blog\/golf-8-la-berline-de-volkswagen-encore-plus-moderne\/#article","isPartOf":{"@id":"https:\/\/www.autojm.fr\/blog\/golf-8-la-berline-de-volkswagen-encore-plus-moderne\/"},"author":{"name":"Autojm","@id":"https:\/\/www.autojm.fr\/blog\/#\/schema\/person\/9742bc77541853e0de81fc57f947e1a0"},"headline":"Golf 8, la berline de Volkswagen encore plus moderne","datePublished":"2019-12-11T00:00:00+00:00","dateModified":"2023-07-24T14:41:33+00:00","mainEntityOfPage":{"@id":"https:\/\/www.autojm.fr\/blog\/golf-8-la-berline-de-volkswagen-encore-plus-moderne\/"},"wordCount":946,"commentCount":0,"publisher":{"@id":"https:\/\/www.autojm.fr\/blog\/#organization"},"image":{"@id":"https:\/\/www.autojm.fr\/blog\/golf-8-la-berline-de-volkswagen-encore-plus-moderne\/#primaryimage"},"thumbnailUrl":"https:\/\/www.autojm.fr\/blog\/wp-content\/uploads\/2022\/10\/495.jpg","keywords":["autojm","Golf 8","Volkswagen"],"articleSection":["Nouveaut\u00e9 Volkswagen","Nouveaut\u00e9s Autos"],"inLanguage":"fr-FR","potentialAction":[{"@type":"CommentAction","name":"Comment","target":["https:\/\/www.autojm.fr\/blog\/golf-8-la-berline-de-volkswagen-encore-plus-moderne\/#respond"]}]},{"@type":"WebPage","@id":"https:\/\/www.autojm.fr\/blog\/golf-8-la-berline-de-volkswagen-encore-plus-moderne\/","url":"https:\/\/www.autojm.fr\/blog\/golf-8-la-berline-de-volkswagen-encore-plus-moderne\/","name":"Golf 8, la berline de Volkswagen encore plus moderne - AutoJM Mag","isPartOf":{"@id":"https:\/\/www.autojm.fr\/blog\/#website"},"primaryImageOfPage":{"@id":"https:\/\/www.autojm.fr\/blog\/golf-8-la-berline-de-volkswagen-encore-plus-moderne\/#primaryimage"},"image":{"@id":"https:\/\/www.autojm.fr\/blog\/golf-8-la-berline-de-volkswagen-encore-plus-moderne\/#primaryimage"},"thumbnailUrl":"https:\/\/www.autojm.fr\/blog\/wp-content\/uploads\/2022\/10\/495.jpg","datePublished":"2019-12-11T00:00:00+00:00","dateModified":"2023-07-24T14:41:33+00:00","description":"Depuis 1974, la Volkswagen Golf fait partie int\u00e9grante du march\u00e9 de l'automobile. La berline d\u00e9tient d'ailleurs le prix de la voiture la...","breadcrumb":{"@id":"https:\/\/www.autojm.fr\/blog\/golf-8-la-berline-de-volkswagen-encore-plus-moderne\/#breadcrumb"},"inLanguage":"fr-FR","potentialAction":[{"@type":"ReadAction","target":["https:\/\/www.autojm.fr\/blog\/golf-8-la-berline-de-volkswagen-encore-plus-moderne\/"]}]},{"@type":"ImageObject","inLanguage":"fr-FR","@id":"https:\/\/www.autojm.fr\/blog\/golf-8-la-berline-de-volkswagen-encore-plus-moderne\/#primaryimage","url":"https:\/\/www.autojm.fr\/blog\/wp-content\/uploads\/2022\/10\/495.jpg","contentUrl":"https:\/\/www.autojm.fr\/blog\/wp-content\/uploads\/2022\/10\/495.jpg","width":1562,"height":708,"caption":"Golf 8"},{"@type":"BreadcrumbList","@id":"https:\/\/www.autojm.fr\/blog\/golf-8-la-berline-de-volkswagen-encore-plus-moderne\/#breadcrumb","itemListElement":[{"@type":"ListItem","position":1,"name":"Accueil","item":"https:\/\/www.autojm.fr\/blog\/"},{"@type":"ListItem","position":2,"name":"Nouveaut\u00e9s Autos","item":"https:\/\/www.autojm.fr\/blog\/nouveautes-autos\/"},{"@type":"ListItem","position":3,"name":"Golf 8, la berline de Volkswagen encore plus moderne"}]},{"@type":"WebSite","@id":"https:\/\/www.autojm.fr\/blog\/#website","url":"https:\/\/www.autojm.fr\/blog\/","name":"AutoJM Mag","description":"Toute l&#039;actu auto en 1 clic !","publisher":{"@id":"https:\/\/www.autojm.fr\/blog\/#organization"},"potentialAction":[{"@type":"SearchAction","target":{"@type":"EntryPoint","urlTemplate":"https:\/\/www.autojm.fr\/blog\/?s={search_term_string}"},"query-input":{"@type":"PropertyValueSpecification","valueRequired":true,"valueName":"search_term_string"}}],"inLanguage":"fr-FR"},{"@type":"Organization","@id":"https:\/\/www.autojm.fr\/blog\/#organization","name":"AutoJM Mag","url":"https:\/\/www.autojm.fr\/blog\/","logo":{"@type":"ImageObject","inLanguage":"fr-FR","@id":"https:\/\/www.autojm.fr\/blog\/#\/schema\/logo\/image\/","url":"https:\/\/www.autojm.fr\/blog\/wp-content\/uploads\/2022\/12\/cropped-AutoJMag-png.png","contentUrl":"https:\/\/www.autojm.fr\/blog\/wp-content\/uploads\/2022\/12\/cropped-AutoJMag-png.png","width":2834,"height":585,"caption":"AutoJM Mag"},"image":{"@id":"https:\/\/www.autojm.fr\/blog\/#\/schema\/logo\/image\/"},"sameAs":["https:\/\/www.facebook.com\/AutoJM25"]},{"@type":"Person","@id":"https:\/\/www.autojm.fr\/blog\/#\/schema\/person\/9742bc77541853e0de81fc57f947e1a0","name":"Autojm","image":{"@type":"ImageObject","inLanguage":"fr-FR","@id":"https:\/\/secure.gravatar.com\/avatar\/9a959d52b758fcc232fe4b6aca7bab139182573297122cce7d6f2ee0e537b418?s=96&d=mm&r=g","url":"https:\/\/secure.gravatar.com\/avatar\/9a959d52b758fcc232fe4b6aca7bab139182573297122cce7d6f2ee0e537b418?s=96&d=mm&r=g","contentUrl":"https:\/\/secure.gravatar.com\/avatar\/9a959d52b758fcc232fe4b6aca7bab139182573297122cce7d6f2ee0e537b418?s=96&d=mm&r=g","caption":"Autojm"},"sameAs":["https:\/\/www.autojm.fr\/blog"],"url":"https:\/\/www.autojm.fr\/blog\/author\/bichoi\/"}]}},"_links":{"self":[{"href":"https:\/\/www.autojm.fr\/blog\/wp-json\/wp\/v2\/posts\/3766","targetHints":{"allow":["GET"]}}],"collection":[{"href":"https:\/\/www.autojm.fr\/blog\/wp-json\/wp\/v2\/posts"}],"about":[{"href":"https:\/\/www.autojm.fr\/blog\/wp-json\/wp\/v2\/types\/post"}],"author":[{"embeddable":true,"href":"https:\/\/www.autojm.fr\/blog\/wp-json\/wp\/v2\/users\/1"}],"replies":[{"embeddable":true,"href":"https:\/\/www.autojm.fr\/blog\/wp-json\/wp\/v2\/comments?post=3766"}],"version-history":[{"count":7,"href":"https:\/\/www.autojm.fr\/blog\/wp-json\/wp\/v2\/posts\/3766\/revisions"}],"predecessor-version":[{"id":11753,"href":"https:\/\/www.autojm.fr\/blog\/wp-json\/wp\/v2\/posts\/3766\/revisions\/11753"}],"wp:featuredmedia":[{"embeddable":true,"href":"https:\/\/www.autojm.fr\/blog\/wp-json\/wp\/v2\/media\/5826"}],"wp:attachment":[{"href":"https:\/\/www.autojm.fr\/blog\/wp-json\/wp\/v2\/media?parent=3766"}],"wp:term":[{"taxonomy":"category","embeddable":true,"href":"https:\/\/www.autojm.fr\/blog\/wp-json\/wp\/v2\/categories?post=3766"},{"taxonomy":"post_tag","embeddable":true,"href":"https:\/\/www.autojm.fr\/blog\/wp-json\/wp\/v2\/tags?post=3766"}],"curies":[{"name":"wp","href":"https:\/\/api.w.org\/{rel}","templated":true}]}}