{"id":3763,"date":"2019-12-02T00:00:00","date_gmt":"2019-12-02T00:00:00","guid":{"rendered":"https:\/\/www.autojm.fr\/blog\/lhiver-arrive-quelles-aides-a-la-conduite-vous-seront-indispensables\/"},"modified":"2023-04-19T07:11:06","modified_gmt":"2023-04-19T07:11:06","slug":"lhiver-arrive-quelles-aides-a-la-conduite-vous-seront-indispensables","status":"publish","type":"post","link":"https:\/\/www.autojm.fr\/blog\/lhiver-arrive-quelles-aides-a-la-conduite-vous-seront-indispensables\/","title":{"rendered":"L\u2019hiver arrive : quelles aides \u00e0 la conduite vous seront indispensables ?"},"content":{"rendered":"<p>L&rsquo;hiver marque le d\u00e9but de la <strong>conduite \u00e0 risque<\/strong> : les journ\u00e9es sont moins longues et la nuit arrive plus t\u00f4t, ce qui fatigue les conducteurs et cr\u00e9e plus d&rsquo;accidents. Nous nous devons de redoubler de vigilance non seulement en ce qui concerne les usagers, mais \u00e9galement la route : avec l&rsquo;hiver, le retour de la pluie, du froid, de la neige\u2026 Et du verglas ! Rien de tel pour un petit moonwalk involontaire avec sa voiture. Mais pas de panique ! Si vous avez un v\u00e9hicule r\u00e9cent, vous disposez certainement d&rsquo;<strong>aides \u00e0 la conduite<\/strong>.<\/p>\n<h2>Les aides \u00e0 la conduite et \u00e9quipements sp\u00e9cial hiver<\/h2>\n<p>Ces derni\u00e8res ann\u00e9es, les constructeurs ont tent\u00e9 de tirer leur \u00e9pingle du jeu en \u00e9quipant leurs nouveaux mod\u00e8les des technologies les plus inattendues. Les v\u00e9hicules d&rsquo;aujourd&rsquo;hui sont de vraies bijoux en mati\u00e8re de nouvelles technologies, et jouent le r\u00f4le de copilote pour le conducteur. Et bon nombre de ces aides \u00e0 la conduite\/\u00e9quipements s&rsquo;av\u00e8rent \u00eatre indispensables, ou tout du moins tr\u00e8s confortables avec l&rsquo;arriv\u00e9e de l&rsquo;hiver.<\/p>\n<p>&#8211; <strong>Si\u00e8ges et volant chauffants<\/strong> : indispensable, peut-\u00eatre pas. Mais quel confort ! Rien de tel que d&rsquo;\u00eatre au chaud dans son v\u00e9hicule m\u00eame par temps glacial. Vos mains seront plus d\u00e9gourdies si elles ont chaud, ce qui peut am\u00e9liorer votre s\u00e9curit\u00e9.<\/p>\n<p>&#8211; <strong>R\u00e9troviseurs ext\u00e9rieur chauffants<\/strong> : votre visibilit\u00e9 est souvent att\u00e9nu\u00e9e par temps froid, avec la bu\u00e9e ou le givre. Gr\u00e2ce \u00e0 la chaleur, vous r\u00e9cup\u00e9rerez plus vite l&rsquo;\u00e9tat initial de vos r\u00e9troviseurs, indispensables pour vous permettre de voir les usagers de la route.<\/p>\n<p>&#8211; <strong>Le syst\u00e8me de stabilit\u00e9 (ESP, DSC, ou EBS)<\/strong> : obligatoire sur tous les v\u00e9hicules immatricul\u00e9es depuis le 1er janvier 2012. Ce syst\u00e8me permet, selon l&rsquo;\u00e9tat des routes, d&rsquo;ajuster la trajectoire via les pneus afin d&rsquo;\u00e9viter la perte de contr\u00f4le. C&rsquo;est un gain de confort pour plus de s\u00e9r\u00e9nit\u00e9.<\/p>\n<p>&#8211; <strong>L&rsquo;alerte somnolence<\/strong> : parce que l&rsquo;hiver est bien connu pour \u00eatre la saison o\u00f9 un pic de fatigue se fait sentir, et o\u00f9 le soleil se couche d\u00e8s la fin d&rsquo;apr\u00e8s-midi. Les conducteurs sont plus susceptibles de fermer les yeux, m\u00eame en pleine conduite. L&rsquo;alerte somnolence permet, par un signal sonore par exemple, de pr\u00e9venir le conducteur d&rsquo;une conduite risqu\u00e9e. Elle se d\u00e9clenche si la trajectoire est quelque peu d\u00e9vi\u00e9e, ou si le conducteur est en route depuis un certain temps.<\/p>\n<p>&#8211; <strong>La d\u00e9tection d&rsquo;obstacles<\/strong> : gr\u00e2ce \u00e0 cette aide \u00e0 la conduite, votre v\u00e9hicule vous pr\u00e9vient d&rsquo;un obstacle autour de<img decoding=\"async\" style=\"width: 50%; margin: 5px; float: right;\" src=\"\/assets\/kcfinder\/upload\/images\/bwm-ir-pieton.jpg\" alt=\"D\u00e9tection d'obstacle voitures\" \/> vous afin de vous laisser le temps de r\u00e9agir pour ne pas vous mettre en danger. Une aide qui peut s&rsquo;av\u00e9rer pr\u00e9cieuse quand la visibilit\u00e9 est r\u00e9duite par la nuit.<\/p>\n<p>&#8211; <strong>La commutation automatique des feux de route<\/strong> : le passage automatique des feux de croisement aux feux de route et inversement permet au conducteur de conserver son attention sur la route sans avoir \u00e0 \u00e9blouir d&rsquo;autres usagers de la route ou \u00e0 perdre en visibilit\u00e9.<\/p>\n<p>&#8211; <strong>L&rsquo;appel d&rsquo;urgence e-call<\/strong> : ce syst\u00e8me renseigne les urgences d&rsquo;un accident avec nombre de passagers \u00e0 bord et g\u00e9olocalisation. Cela peut vous permettre de privil\u00e9gier votre mise en s\u00e9curit\u00e9 pendant que le v\u00e9hicule pr\u00e9vient les urgences.<\/p>\n<p>Les aides \u00e0 la conduite sont nombreuses et tous les v\u00e9hicules modernes sont \u00e9quip\u00e9s, d\u00e8s la finition la moins ch\u00e8re, de plusieurs de ces technologies. Certains v\u00e9hicules savent se d\u00e9marquer en terme d&rsquo;adh\u00e9rence, comme le Jeep Renegade et sa version <strong>4 roues motrices<\/strong>, l&rsquo;<strong>Alfa Romeo Stelvio<\/strong> et sa <strong>transmission int\u00e9grale Q4<\/strong> coupl\u00e9e \u00e0 l&rsquo;a\u00e9rodynamisme parfait avec 50% du poids sur l&rsquo;essieu avant et 50% sur l&rsquo;essieu arri\u00e8re, ou encore le <strong><a href=\"https:\/\/www.autojm.fr\/mandataire-voitures-neuves-volkswagen\">Volkswagen T-Roc<\/a><\/strong> et son <strong>mode neige<\/strong> pour une meilleure garde au sol.<\/p>\n<p><span style=\"font-family: Ubuntu, sans-serif; font-size: 1.5em;\">Les astuces pour l&rsquo;hiver<\/span><\/p>\n<p>En terme d&rsquo;entretien du v\u00e9hicule, voici quelques astuces :<\/p>\n<p>&#8211; Si votre voiture doit passer l&rsquo;hiver dehors, optez pour une <strong>housse de protection, une b\u00e2che anti-givre, ou m\u00eame des housses de r\u00e9troviseurs<\/strong> : le froid peut provoquer de l\u00e9g\u00e8res rayures, et user plus vite votre pare-brise ou vos r\u00e9troviseurs. Plus votre voiture sera prot\u00e9g\u00e9e, plus longtemps vous la garderez en meilleur \u00e9tat.<\/p>\n<p>&#8211; Le pare-brise \u00e9tant votre vitrine sur la route, il sera essentiel qu&rsquo;il soit intacte pour que votre visibilit\u00e9 soit optimale : garder dans votre voiture une <strong>raclette<\/strong> pour enlever neige et givre si vous n&rsquo;avez pas de housse. De m\u00eame, optez pour un lave glace hiver, plus r\u00e9sistant au froid.<\/p>\n<p>&#8211; Parce que l&rsquo;adh\u00e9rence est le souci de tous les automobilistes en hiver, les <strong>pneus hiver<\/strong> sont OBLIGATOIRES : ils\u00a0vous permettront de freiner ou acc\u00e9l\u00e9rer plus librement sans risque de d\u00e9rapage.<\/p>\n<p>\u00e9viter les d\u00e9rapages et garder le contr\u00f4le de son v\u00e9hicule deviennent de v\u00e9ritables d\u00e9fis en hiver, et le mieux pour tout automobiliste est sans aucun doute de respecter les limitations de vitesse, et parfois m\u00eame de r\u00e9duire sa vitesse quand les conditions le n\u00e9cessitent.<\/p>\n<p>Si vous souhaitez adopter un nouveau v\u00e9hicule et vous \u00e9quiper pour les prochains hivers, adressez-vous \u00e0 nos \u00e9quipes, au 03 81 36 30 30, ou en consultant notre site <a href=\"https:\/\/www.autojm.fr\/\">autojm.fr<\/a>.<\/p>\n<p style=\"margin-top: 1.75em; margin-bottom: 1.75em; font-size: 0.813em; line-height: 1.5em; color: #666666; font-family: Arial, Helvetica, sans-serif;\">\n","protected":false},"excerpt":{"rendered":"<p>L&rsquo;hiver marque le d\u00e9but de la conduite \u00e0 risque : les journ\u00e9es sont moins longues et la nuit arrive plus t\u00f4t, ce qui fatigue les conducteurs et cr\u00e9e plus d&rsquo;accidents. Nous nous devons de redoubler de vigilance non seulement en ce qui concerne les usagers, mais \u00e9galement la route : avec l&rsquo;hiver, le retour de la pluie, du froid, de la neige\u2026 Et du verglas ! Rien de tel pour un petit moonwalk involontaire avec sa voiture.<\/p>\n","protected":false},"author":1,"featured_media":5823,"comment_status":"open","ping_status":"open","sticky":false,"template":"","format":"standard","meta":{"_acf_changed":false,"content-type":"","footnotes":""},"categories":[22],"tags":[90,85,74,105,110,109,106,108,107,73,78,169,96],"class_list":["post-3763","post","type-post","status-publish","format-standard","has-post-thumbnail","hentry","category-conseils-astuces","tag-autojm","tag-citroen-2","tag-dacia","tag-ds","tag-fiat","tag-ford","tag-kia","tag-nissan","tag-opel","tag-peugeot","tag-renault","tag-toyota","tag-volkswagen"],"acf":[],"yoast_head":"<!-- This site is optimized with the Yoast SEO plugin v27.5 - https:\/\/yoast.com\/product\/yoast-seo-wordpress\/ -->\n<title>AutoJM Mag<\/title>\n<meta name=\"description\" content=\"L&#039;hiver marque le d\u00e9but de la conduite \u00e0 risque : les journ\u00e9es sont moins longues et la nuit arrive plus t\u00f4t, ce qui fatigue les...\" \/>\n<meta name=\"robots\" content=\"index, follow, max-snippet:-1, max-image-preview:large, max-video-preview:-1\" \/>\n<link rel=\"canonical\" href=\"https:\/\/www.autojm.fr\/blog\/lhiver-arrive-quelles-aides-a-la-conduite-vous-seront-indispensables\/\" \/>\n<meta property=\"og:locale\" content=\"fr_FR\" \/>\n<meta property=\"og:type\" content=\"article\" \/>\n<meta property=\"og:title\" content=\"AutoJM Mag\" \/>\n<meta property=\"og:description\" content=\"L&#039;hiver marque le d\u00e9but de la conduite \u00e0 risque : les journ\u00e9es sont moins longues et la nuit arrive plus t\u00f4t, ce qui fatigue les...\" \/>\n<meta property=\"og:url\" content=\"https:\/\/www.autojm.fr\/blog\/lhiver-arrive-quelles-aides-a-la-conduite-vous-seront-indispensables\/\" \/>\n<meta property=\"og:site_name\" content=\"AutoJM Mag\" \/>\n<meta property=\"article:publisher\" content=\"https:\/\/www.facebook.com\/AutoJM25\" \/>\n<meta property=\"article:published_time\" content=\"2019-12-02T00:00:00+00:00\" \/>\n<meta property=\"article:modified_time\" content=\"2023-04-19T07:11:06+00:00\" \/>\n<meta property=\"og:image\" content=\"https:\/\/www.autojm.fr\/blog\/wp-content\/uploads\/2022\/10\/490.jpg\" \/>\n\t<meta property=\"og:image:width\" content=\"1562\" \/>\n\t<meta property=\"og:image:height\" content=\"708\" \/>\n\t<meta property=\"og:image:type\" content=\"image\/jpeg\" \/>\n<meta name=\"author\" content=\"Autojm\" \/>\n<meta name=\"twitter:card\" content=\"summary_large_image\" \/>\n<meta name=\"twitter:label1\" content=\"\u00c9crit par\" \/>\n\t<meta name=\"twitter:data1\" content=\"Autojm\" \/>\n\t<meta name=\"twitter:label2\" content=\"Dur\u00e9e de lecture estim\u00e9e\" \/>\n\t<meta name=\"twitter:data2\" content=\"5 minutes\" \/>\n<script type=\"application\/ld+json\" class=\"yoast-schema-graph\">{\"@context\":\"https:\\\/\\\/schema.org\",\"@graph\":[{\"@type\":\"Article\",\"@id\":\"https:\\\/\\\/www.autojm.fr\\\/blog\\\/lhiver-arrive-quelles-aides-a-la-conduite-vous-seront-indispensables\\\/#article\",\"isPartOf\":{\"@id\":\"https:\\\/\\\/www.autojm.fr\\\/blog\\\/lhiver-arrive-quelles-aides-a-la-conduite-vous-seront-indispensables\\\/\"},\"author\":{\"name\":\"Autojm\",\"@id\":\"https:\\\/\\\/www.autojm.fr\\\/blog\\\/#\\\/schema\\\/person\\\/9742bc77541853e0de81fc57f947e1a0\"},\"headline\":\"L\u2019hiver arrive : quelles aides \u00e0 la conduite vous seront indispensables ?\",\"datePublished\":\"2019-12-02T00:00:00+00:00\",\"dateModified\":\"2023-04-19T07:11:06+00:00\",\"mainEntityOfPage\":{\"@id\":\"https:\\\/\\\/www.autojm.fr\\\/blog\\\/lhiver-arrive-quelles-aides-a-la-conduite-vous-seront-indispensables\\\/\"},\"wordCount\":898,\"commentCount\":0,\"publisher\":{\"@id\":\"https:\\\/\\\/www.autojm.fr\\\/blog\\\/#organization\"},\"image\":{\"@id\":\"https:\\\/\\\/www.autojm.fr\\\/blog\\\/lhiver-arrive-quelles-aides-a-la-conduite-vous-seront-indispensables\\\/#primaryimage\"},\"thumbnailUrl\":\"https:\\\/\\\/www.autojm.fr\\\/blog\\\/wp-content\\\/uploads\\\/2022\\\/10\\\/490.jpg\",\"keywords\":[\"autojm\",\"Citro\u00ebn\",\"dacia\",\"DS\",\"Fiat\",\"Ford\",\"Kia\",\"Nissan\",\"Opel\",\"peugeot\",\"renault\",\"Toyota\",\"Volkswagen\"],\"articleSection\":[\"Conseils &amp; Astuces\"],\"inLanguage\":\"fr-FR\",\"potentialAction\":[{\"@type\":\"CommentAction\",\"name\":\"Comment\",\"target\":[\"https:\\\/\\\/www.autojm.fr\\\/blog\\\/lhiver-arrive-quelles-aides-a-la-conduite-vous-seront-indispensables\\\/#respond\"]}]},{\"@type\":\"WebPage\",\"@id\":\"https:\\\/\\\/www.autojm.fr\\\/blog\\\/lhiver-arrive-quelles-aides-a-la-conduite-vous-seront-indispensables\\\/\",\"url\":\"https:\\\/\\\/www.autojm.fr\\\/blog\\\/lhiver-arrive-quelles-aides-a-la-conduite-vous-seront-indispensables\\\/\",\"name\":\"AutoJM Mag\",\"isPartOf\":{\"@id\":\"https:\\\/\\\/www.autojm.fr\\\/blog\\\/#website\"},\"primaryImageOfPage\":{\"@id\":\"https:\\\/\\\/www.autojm.fr\\\/blog\\\/lhiver-arrive-quelles-aides-a-la-conduite-vous-seront-indispensables\\\/#primaryimage\"},\"image\":{\"@id\":\"https:\\\/\\\/www.autojm.fr\\\/blog\\\/lhiver-arrive-quelles-aides-a-la-conduite-vous-seront-indispensables\\\/#primaryimage\"},\"thumbnailUrl\":\"https:\\\/\\\/www.autojm.fr\\\/blog\\\/wp-content\\\/uploads\\\/2022\\\/10\\\/490.jpg\",\"datePublished\":\"2019-12-02T00:00:00+00:00\",\"dateModified\":\"2023-04-19T07:11:06+00:00\",\"description\":\"L'hiver marque le d\u00e9but de la conduite \u00e0 risque : les journ\u00e9es sont moins longues et la nuit arrive plus t\u00f4t, ce qui fatigue les...\",\"breadcrumb\":{\"@id\":\"https:\\\/\\\/www.autojm.fr\\\/blog\\\/lhiver-arrive-quelles-aides-a-la-conduite-vous-seront-indispensables\\\/#breadcrumb\"},\"inLanguage\":\"fr-FR\",\"potentialAction\":[{\"@type\":\"ReadAction\",\"target\":[\"https:\\\/\\\/www.autojm.fr\\\/blog\\\/lhiver-arrive-quelles-aides-a-la-conduite-vous-seront-indispensables\\\/\"]}]},{\"@type\":\"ImageObject\",\"inLanguage\":\"fr-FR\",\"@id\":\"https:\\\/\\\/www.autojm.fr\\\/blog\\\/lhiver-arrive-quelles-aides-a-la-conduite-vous-seront-indispensables\\\/#primaryimage\",\"url\":\"https:\\\/\\\/www.autojm.fr\\\/blog\\\/wp-content\\\/uploads\\\/2022\\\/10\\\/490.jpg\",\"contentUrl\":\"https:\\\/\\\/www.autojm.fr\\\/blog\\\/wp-content\\\/uploads\\\/2022\\\/10\\\/490.jpg\",\"width\":1562,\"height\":708,\"caption\":\"Hiver\"},{\"@type\":\"BreadcrumbList\",\"@id\":\"https:\\\/\\\/www.autojm.fr\\\/blog\\\/lhiver-arrive-quelles-aides-a-la-conduite-vous-seront-indispensables\\\/#breadcrumb\",\"itemListElement\":[{\"@type\":\"ListItem\",\"position\":1,\"name\":\"Accueil\",\"item\":\"https:\\\/\\\/www.autojm.fr\\\/blog\\\/\"},{\"@type\":\"ListItem\",\"position\":2,\"name\":\"Conseils &amp; Astuces\",\"item\":\"https:\\\/\\\/www.autojm.fr\\\/blog\\\/conseils-astuces\\\/\"},{\"@type\":\"ListItem\",\"position\":3,\"name\":\"L\u2019hiver arrive : quelles aides \u00e0 la conduite vous seront indispensables ?\"}]},{\"@type\":\"WebSite\",\"@id\":\"https:\\\/\\\/www.autojm.fr\\\/blog\\\/#website\",\"url\":\"https:\\\/\\\/www.autojm.fr\\\/blog\\\/\",\"name\":\"AutoJM Mag\",\"description\":\"Toute l&#039;actu auto en 1 clic !\",\"publisher\":{\"@id\":\"https:\\\/\\\/www.autojm.fr\\\/blog\\\/#organization\"},\"potentialAction\":[{\"@type\":\"SearchAction\",\"target\":{\"@type\":\"EntryPoint\",\"urlTemplate\":\"https:\\\/\\\/www.autojm.fr\\\/blog\\\/?s={search_term_string}\"},\"query-input\":{\"@type\":\"PropertyValueSpecification\",\"valueRequired\":true,\"valueName\":\"search_term_string\"}}],\"inLanguage\":\"fr-FR\"},{\"@type\":\"Organization\",\"@id\":\"https:\\\/\\\/www.autojm.fr\\\/blog\\\/#organization\",\"name\":\"AutoJM Mag\",\"url\":\"https:\\\/\\\/www.autojm.fr\\\/blog\\\/\",\"logo\":{\"@type\":\"ImageObject\",\"inLanguage\":\"fr-FR\",\"@id\":\"https:\\\/\\\/www.autojm.fr\\\/blog\\\/#\\\/schema\\\/logo\\\/image\\\/\",\"url\":\"https:\\\/\\\/www.autojm.fr\\\/blog\\\/wp-content\\\/uploads\\\/2022\\\/12\\\/cropped-AutoJMag-png.png\",\"contentUrl\":\"https:\\\/\\\/www.autojm.fr\\\/blog\\\/wp-content\\\/uploads\\\/2022\\\/12\\\/cropped-AutoJMag-png.png\",\"width\":2834,\"height\":585,\"caption\":\"AutoJM Mag\"},\"image\":{\"@id\":\"https:\\\/\\\/www.autojm.fr\\\/blog\\\/#\\\/schema\\\/logo\\\/image\\\/\"},\"sameAs\":[\"https:\\\/\\\/www.facebook.com\\\/AutoJM25\"]},{\"@type\":\"Person\",\"@id\":\"https:\\\/\\\/www.autojm.fr\\\/blog\\\/#\\\/schema\\\/person\\\/9742bc77541853e0de81fc57f947e1a0\",\"name\":\"Autojm\",\"image\":{\"@type\":\"ImageObject\",\"inLanguage\":\"fr-FR\",\"@id\":\"https:\\\/\\\/secure.gravatar.com\\\/avatar\\\/9a959d52b758fcc232fe4b6aca7bab139182573297122cce7d6f2ee0e537b418?s=96&d=mm&r=g\",\"url\":\"https:\\\/\\\/secure.gravatar.com\\\/avatar\\\/9a959d52b758fcc232fe4b6aca7bab139182573297122cce7d6f2ee0e537b418?s=96&d=mm&r=g\",\"contentUrl\":\"https:\\\/\\\/secure.gravatar.com\\\/avatar\\\/9a959d52b758fcc232fe4b6aca7bab139182573297122cce7d6f2ee0e537b418?s=96&d=mm&r=g\",\"caption\":\"Autojm\"},\"sameAs\":[\"https:\\\/\\\/www.autojm.fr\\\/blog\"],\"url\":\"https:\\\/\\\/www.autojm.fr\\\/blog\\\/author\\\/bichoi\\\/\"}]}<\/script>\n<!-- \/ Yoast SEO plugin. -->","yoast_head_json":{"title":"AutoJM Mag","description":"L'hiver marque le d\u00e9but de la conduite \u00e0 risque : les journ\u00e9es sont moins longues et la nuit arrive plus t\u00f4t, ce qui fatigue les...","robots":{"index":"index","follow":"follow","max-snippet":"max-snippet:-1","max-image-preview":"max-image-preview:large","max-video-preview":"max-video-preview:-1"},"canonical":"https:\/\/www.autojm.fr\/blog\/lhiver-arrive-quelles-aides-a-la-conduite-vous-seront-indispensables\/","og_locale":"fr_FR","og_type":"article","og_title":"AutoJM Mag","og_description":"L'hiver marque le d\u00e9but de la conduite \u00e0 risque : les journ\u00e9es sont moins longues et la nuit arrive plus t\u00f4t, ce qui fatigue les...","og_url":"https:\/\/www.autojm.fr\/blog\/lhiver-arrive-quelles-aides-a-la-conduite-vous-seront-indispensables\/","og_site_name":"AutoJM Mag","article_publisher":"https:\/\/www.facebook.com\/AutoJM25","article_published_time":"2019-12-02T00:00:00+00:00","article_modified_time":"2023-04-19T07:11:06+00:00","og_image":[{"width":1562,"height":708,"url":"https:\/\/www.autojm.fr\/blog\/wp-content\/uploads\/2022\/10\/490.jpg","type":"image\/jpeg"}],"author":"Autojm","twitter_card":"summary_large_image","twitter_misc":{"\u00c9crit par":"Autojm","Dur\u00e9e de lecture estim\u00e9e":"5 minutes"},"schema":{"@context":"https:\/\/schema.org","@graph":[{"@type":"Article","@id":"https:\/\/www.autojm.fr\/blog\/lhiver-arrive-quelles-aides-a-la-conduite-vous-seront-indispensables\/#article","isPartOf":{"@id":"https:\/\/www.autojm.fr\/blog\/lhiver-arrive-quelles-aides-a-la-conduite-vous-seront-indispensables\/"},"author":{"name":"Autojm","@id":"https:\/\/www.autojm.fr\/blog\/#\/schema\/person\/9742bc77541853e0de81fc57f947e1a0"},"headline":"L\u2019hiver arrive : quelles aides \u00e0 la conduite vous seront indispensables ?","datePublished":"2019-12-02T00:00:00+00:00","dateModified":"2023-04-19T07:11:06+00:00","mainEntityOfPage":{"@id":"https:\/\/www.autojm.fr\/blog\/lhiver-arrive-quelles-aides-a-la-conduite-vous-seront-indispensables\/"},"wordCount":898,"commentCount":0,"publisher":{"@id":"https:\/\/www.autojm.fr\/blog\/#organization"},"image":{"@id":"https:\/\/www.autojm.fr\/blog\/lhiver-arrive-quelles-aides-a-la-conduite-vous-seront-indispensables\/#primaryimage"},"thumbnailUrl":"https:\/\/www.autojm.fr\/blog\/wp-content\/uploads\/2022\/10\/490.jpg","keywords":["autojm","Citro\u00ebn","dacia","DS","Fiat","Ford","Kia","Nissan","Opel","peugeot","renault","Toyota","Volkswagen"],"articleSection":["Conseils &amp; Astuces"],"inLanguage":"fr-FR","potentialAction":[{"@type":"CommentAction","name":"Comment","target":["https:\/\/www.autojm.fr\/blog\/lhiver-arrive-quelles-aides-a-la-conduite-vous-seront-indispensables\/#respond"]}]},{"@type":"WebPage","@id":"https:\/\/www.autojm.fr\/blog\/lhiver-arrive-quelles-aides-a-la-conduite-vous-seront-indispensables\/","url":"https:\/\/www.autojm.fr\/blog\/lhiver-arrive-quelles-aides-a-la-conduite-vous-seront-indispensables\/","name":"AutoJM Mag","isPartOf":{"@id":"https:\/\/www.autojm.fr\/blog\/#website"},"primaryImageOfPage":{"@id":"https:\/\/www.autojm.fr\/blog\/lhiver-arrive-quelles-aides-a-la-conduite-vous-seront-indispensables\/#primaryimage"},"image":{"@id":"https:\/\/www.autojm.fr\/blog\/lhiver-arrive-quelles-aides-a-la-conduite-vous-seront-indispensables\/#primaryimage"},"thumbnailUrl":"https:\/\/www.autojm.fr\/blog\/wp-content\/uploads\/2022\/10\/490.jpg","datePublished":"2019-12-02T00:00:00+00:00","dateModified":"2023-04-19T07:11:06+00:00","description":"L'hiver marque le d\u00e9but de la conduite \u00e0 risque : les journ\u00e9es sont moins longues et la nuit arrive plus t\u00f4t, ce qui fatigue les...","breadcrumb":{"@id":"https:\/\/www.autojm.fr\/blog\/lhiver-arrive-quelles-aides-a-la-conduite-vous-seront-indispensables\/#breadcrumb"},"inLanguage":"fr-FR","potentialAction":[{"@type":"ReadAction","target":["https:\/\/www.autojm.fr\/blog\/lhiver-arrive-quelles-aides-a-la-conduite-vous-seront-indispensables\/"]}]},{"@type":"ImageObject","inLanguage":"fr-FR","@id":"https:\/\/www.autojm.fr\/blog\/lhiver-arrive-quelles-aides-a-la-conduite-vous-seront-indispensables\/#primaryimage","url":"https:\/\/www.autojm.fr\/blog\/wp-content\/uploads\/2022\/10\/490.jpg","contentUrl":"https:\/\/www.autojm.fr\/blog\/wp-content\/uploads\/2022\/10\/490.jpg","width":1562,"height":708,"caption":"Hiver"},{"@type":"BreadcrumbList","@id":"https:\/\/www.autojm.fr\/blog\/lhiver-arrive-quelles-aides-a-la-conduite-vous-seront-indispensables\/#breadcrumb","itemListElement":[{"@type":"ListItem","position":1,"name":"Accueil","item":"https:\/\/www.autojm.fr\/blog\/"},{"@type":"ListItem","position":2,"name":"Conseils &amp; Astuces","item":"https:\/\/www.autojm.fr\/blog\/conseils-astuces\/"},{"@type":"ListItem","position":3,"name":"L\u2019hiver arrive : quelles aides \u00e0 la conduite vous seront indispensables ?"}]},{"@type":"WebSite","@id":"https:\/\/www.autojm.fr\/blog\/#website","url":"https:\/\/www.autojm.fr\/blog\/","name":"AutoJM Mag","description":"Toute l&#039;actu auto en 1 clic !","publisher":{"@id":"https:\/\/www.autojm.fr\/blog\/#organization"},"potentialAction":[{"@type":"SearchAction","target":{"@type":"EntryPoint","urlTemplate":"https:\/\/www.autojm.fr\/blog\/?s={search_term_string}"},"query-input":{"@type":"PropertyValueSpecification","valueRequired":true,"valueName":"search_term_string"}}],"inLanguage":"fr-FR"},{"@type":"Organization","@id":"https:\/\/www.autojm.fr\/blog\/#organization","name":"AutoJM Mag","url":"https:\/\/www.autojm.fr\/blog\/","logo":{"@type":"ImageObject","inLanguage":"fr-FR","@id":"https:\/\/www.autojm.fr\/blog\/#\/schema\/logo\/image\/","url":"https:\/\/www.autojm.fr\/blog\/wp-content\/uploads\/2022\/12\/cropped-AutoJMag-png.png","contentUrl":"https:\/\/www.autojm.fr\/blog\/wp-content\/uploads\/2022\/12\/cropped-AutoJMag-png.png","width":2834,"height":585,"caption":"AutoJM Mag"},"image":{"@id":"https:\/\/www.autojm.fr\/blog\/#\/schema\/logo\/image\/"},"sameAs":["https:\/\/www.facebook.com\/AutoJM25"]},{"@type":"Person","@id":"https:\/\/www.autojm.fr\/blog\/#\/schema\/person\/9742bc77541853e0de81fc57f947e1a0","name":"Autojm","image":{"@type":"ImageObject","inLanguage":"fr-FR","@id":"https:\/\/secure.gravatar.com\/avatar\/9a959d52b758fcc232fe4b6aca7bab139182573297122cce7d6f2ee0e537b418?s=96&d=mm&r=g","url":"https:\/\/secure.gravatar.com\/avatar\/9a959d52b758fcc232fe4b6aca7bab139182573297122cce7d6f2ee0e537b418?s=96&d=mm&r=g","contentUrl":"https:\/\/secure.gravatar.com\/avatar\/9a959d52b758fcc232fe4b6aca7bab139182573297122cce7d6f2ee0e537b418?s=96&d=mm&r=g","caption":"Autojm"},"sameAs":["https:\/\/www.autojm.fr\/blog"],"url":"https:\/\/www.autojm.fr\/blog\/author\/bichoi\/"}]}},"_links":{"self":[{"href":"https:\/\/www.autojm.fr\/blog\/wp-json\/wp\/v2\/posts\/3763","targetHints":{"allow":["GET"]}}],"collection":[{"href":"https:\/\/www.autojm.fr\/blog\/wp-json\/wp\/v2\/posts"}],"about":[{"href":"https:\/\/www.autojm.fr\/blog\/wp-json\/wp\/v2\/types\/post"}],"author":[{"embeddable":true,"href":"https:\/\/www.autojm.fr\/blog\/wp-json\/wp\/v2\/users\/1"}],"replies":[{"embeddable":true,"href":"https:\/\/www.autojm.fr\/blog\/wp-json\/wp\/v2\/comments?post=3763"}],"version-history":[{"count":5,"href":"https:\/\/www.autojm.fr\/blog\/wp-json\/wp\/v2\/posts\/3763\/revisions"}],"predecessor-version":[{"id":9450,"href":"https:\/\/www.autojm.fr\/blog\/wp-json\/wp\/v2\/posts\/3763\/revisions\/9450"}],"wp:featuredmedia":[{"embeddable":true,"href":"https:\/\/www.autojm.fr\/blog\/wp-json\/wp\/v2\/media\/5823"}],"wp:attachment":[{"href":"https:\/\/www.autojm.fr\/blog\/wp-json\/wp\/v2\/media?parent=3763"}],"wp:term":[{"taxonomy":"category","embeddable":true,"href":"https:\/\/www.autojm.fr\/blog\/wp-json\/wp\/v2\/categories?post=3763"},{"taxonomy":"post_tag","embeddable":true,"href":"https:\/\/www.autojm.fr\/blog\/wp-json\/wp\/v2\/tags?post=3763"}],"curies":[{"name":"wp","href":"https:\/\/api.w.org\/{rel}","templated":true}]}}