{"id":3762,"date":"2019-11-29T00:00:00","date_gmt":"2019-11-29T00:00:00","guid":{"rendered":"https:\/\/www.autojm.fr\/blog\/lequipe-marketing-dautojm-a-teste-la-e-208\/"},"modified":"2023-12-21T15:32:58","modified_gmt":"2023-12-21T15:32:58","slug":"lequipe-marketing-dautojm-a-teste-la-e-208","status":"publish","type":"post","link":"https:\/\/www.autojm.fr\/blog\/lequipe-marketing-dautojm-a-teste-la-e-208\/","title":{"rendered":"L\u2019\u00e9quipe Marketing d\u2019AutoJM a test\u00e9 la e-208"},"content":{"rendered":"<p dir=\"ltr\" style=\"line-height: 1.38; margin-top: 12pt; margin-bottom: 12pt;\">La marque au Lion a lanc\u00e9, \u00e0 l&rsquo;occasion de la sortie de la <a href=\"https:\/\/www.autojm.fr\/achat-voitures-neuves-peugeot-208-2019-5p?part=blog&amp;utm_source=articleblog291119&amp;utm_medium=blog\">e-208<\/a>, le Peugeot Electric Tour : du 28 octobre au 10 d\u00e9cembre 2019, c&rsquo;est plus de 100 villes qui ont accueilli ou accueilleront, le temps d&rsquo;un week-end, la Nouvelle 208 en version \u00e9lectrique. Pour vous, <strong><a href=\"https:\/\/www.autojm.fr\/?part=blog&amp;utm_source=articleblog291119&amp;utm_medium=blog\">AutoJM<\/a> a test\u00e9 la e-208<\/strong> : Pauline, assistante e-marketing a jou\u00e9 la conductrice et Aur\u00e9lia, responsable marketing a pris la place de passag\u00e8re \u00e0 l&rsquo;arri\u00e8re. <strong>Voici leurs impressions<\/strong> :<\/p>\n<p dir=\"ltr\" style=\"line-height: 1.38; margin-top: 12pt; margin-bottom: 12pt;\">\n<h2 dir=\"ltr\" style=\"line-height: 1.38; margin-top: 12pt; margin-bottom: 12pt;\">Question : En tant que potentielles acqu\u00e9reuses, le physique de la 208 est-il un premier pas vers l&rsquo;achat ou un frein pour vous ?<\/h2>\n<p dir=\"ltr\" style=\"line-height: 1.38; margin-top: 12pt; margin-bottom: 12pt;\">Pauline : Esth\u00e9tiquement, la 208 a toujours \u00e9t\u00e9 une voiture plaisante. Son gabarit la rend modeste mais elle a des atouts physique certains sur ce restylage : des <strong>feux avant en forme de dents de Lion<\/strong>, une c<strong>alandre chrom\u00e9e<\/strong>, ou encore des courbes plus larges et marqu\u00e9es. Je suis s\u00e9duite par cette version.<\/p>\n<p dir=\"ltr\" style=\"line-height: 1.38; margin-top: 12pt; margin-bottom: 12pt;\">Aur\u00e9lia : La 208 est un v\u00e9hicule qui fonctionne bien, et c&rsquo;est s\u00fbrement parce qu&rsquo;elle a un caract\u00e8re physique propre \u00e0 elle. C&rsquo;est une citadine s\u00e9duisante et qui adopte les codes des autres v\u00e9hicules Peugeot. Si on aime la marque au Lion, on aime forc\u00e9ment la 208.<\/p>\n<p dir=\"ltr\" style=\"line-height: 1.38; margin-top: 12pt; margin-bottom: 12pt;\">\n<h2 dir=\"ltr\" style=\"line-height: 1.38; margin-top: 12pt; margin-bottom: 12pt;\">Question : Trouvez-vous que la 208 soit futuriste question d\u00e9coration int\u00e9rieure ?<\/h2>\n<p dir=\"ltr\" style=\"line-height: 1.38; margin-top: 12pt; margin-bottom: 12pt;\">Pauline : On appr\u00e9cie bien \u00e9videmment le <strong>I-cockpit<\/strong> de Peugeot que l&rsquo;on retrouve dans ce restylage de la 208, mais avec un <strong>compteur num\u00e9rique en 3D<\/strong> et une <strong>tablette 10 pouces<\/strong>. Le tableau de bord est plut\u00f4t agr\u00e9able, high-tech, bien qu&rsquo;il manque un petit quelque chose pour utiliser le terme futuriste.<\/p>\n<p dir=\"ltr\" style=\"line-height: 1.38; margin-top: 12pt; margin-bottom: 12pt;\">Aur\u00e9lia : De ce c\u00f4t\u00e9-l\u00e0, la Nouvelle 208 en version \u00e9lectrique ne m&rsquo;a pas impressionn\u00e9e : elle int\u00e8gre le m\u00eame I-cockpit que ses soeurs en version thermique, ce qui laisse penser que la version \u00e9lectrique n&rsquo;a pas demand\u00e9 un travail plus approfondie. Elle est bien s\u00fbr tr\u00e8s design, mais il lui manque des touches plus futuristes.<\/p>\n<p dir=\"ltr\" style=\"line-height: 1.38; margin-top: 12pt; margin-bottom: 12pt;\">\n<h2 dir=\"ltr\" style=\"line-height: 1.38; margin-top: 12pt; margin-bottom: 12pt;\">Question Pauline : La conduite a-t-elle \u00e9t\u00e9 agr\u00e9able ?<\/h2>\n<p dir=\"ltr\" style=\"line-height: 1.38; margin-top: 12pt; margin-bottom: 12pt;\">Pauline : C&rsquo;\u00e9tait riche en nouveaut\u00e9s pour moi ! Je n&rsquo;avais jamais conduis de voiture \u00e9lectrique, alors j&rsquo;avais tout \u00e0 d\u00e9couvrir, et le bilan est tr\u00e8s positif : le <strong>mode sport<\/strong> permet des acc\u00e9l\u00e9rations tr\u00e8s franches, l&rsquo;ambiance est ultra <strong>silencieuse<\/strong> mais c&rsquo;est vraiment agr\u00e9able, et le <strong>freinage<\/strong> se fait simplement en <strong>rel\u00e2chant l&rsquo;acc\u00e9l\u00e9rateur<\/strong>. C&rsquo;est une bonne chose pour palier \u00e0 l&rsquo;usure des plaquettes de frein par exemple, mais c&rsquo;est un coup \u00e0 prendre. Si on l\u00e2che trop vite l&rsquo;acc\u00e9l\u00e9rateur, \u00e7a cr\u00e9e un \u00e0-coup. Le seul b\u00e9mol pour moi est peut-\u00eatre le clignotant, un peu bruyant quand on s&rsquo;habitue \u00e0 l&rsquo;ambiance silencieuse d\u00fbe au moteur \u00e9lectrique.<\/p>\n<p dir=\"ltr\" style=\"line-height: 1.38; margin-top: 12pt; margin-bottom: 12pt;\">\n<h2 dir=\"ltr\" style=\"line-height: 1.38; margin-top: 12pt; margin-bottom: 12pt;\">Question Aur\u00e9lia : En tant que passag\u00e8re, que pensez-vous du confort g\u00e9n\u00e9ral ?<\/h2>\n<p dir=\"ltr\" style=\"line-height: 1.38; margin-top: 12pt; margin-bottom: 12pt;\">Aur\u00e9lia : Je dirais, comme l&rsquo;a soulign\u00e9 Pauline, que le silence est extr\u00eamement agr\u00e9able. En tant que passager, on communique de fa\u00e7on moins bruyante avec le conducteur qui est devant quand les bruits sont r\u00e9duits. Cependant, j&rsquo;\u00e9mets quelques points n\u00e9gatifs sur le confort : le <strong>toit panoramique teint\u00e9<\/strong> donne une ambiance plut\u00f4t sombre \u00e0 l&rsquo;arri\u00e8re, malgr\u00e9 l&rsquo;essai r\u00e9alis\u00e9 en plein apr\u00e8s-midi. A l&rsquo;arri\u00e8re, nous avons <strong>2 liseuses<\/strong>, mais pas bien plac\u00e9es : il faut se retourner pour les allumer et elle semble peu lumineuses. Hormis ces deux points, les <strong>si\u00e8ges <\/strong>sont plut\u00f4t <strong>confortables<\/strong>, l&rsquo;<strong>espace est suffisant<\/strong> et c&rsquo;est sans aucun doute un point essentiel.<\/p>\n<p dir=\"ltr\" style=\"line-height: 1.38; margin-top: 12pt; margin-bottom: 12pt;\">\n<h2 dir=\"ltr\" style=\"line-height: 1.38; margin-top: 12pt; margin-bottom: 12pt;\">Question : votre avis g\u00e9n\u00e9ral sur la e-208 ?<\/h2>\n<p dir=\"ltr\" style=\"line-height: 1.38; margin-top: 12pt; margin-bottom: 12pt;\">Pauline : C&rsquo;est une belle voiture, la conduite est agr\u00e9able, elle embarque toutes les technologies r\u00e9centes que les conducteurs appr\u00e9cient : des <strong>aides \u00e0 la conduite<\/strong> comme l&rsquo;<strong>alerte au franchissement involontaire de ligne<\/strong>, le <strong>compteur 3D int\u00e8gre la carte GPS<\/strong> avec les instructions et \u00e7a \u00e9vite de tourner la t\u00eate, et, en tant que conductrice d&rsquo;une <a href=\"https:\/\/www.autojm.fr\/achat-voitures-neuves-peugeot-208-5p?part=blog&amp;utm_source=articleblog291119&amp;utm_medium=blog\">Peugeot 208<\/a> version pr\u00e9c\u00e9dente, j&rsquo;ai remarqu\u00e9 que la <strong>cam\u00e9ra de recul<\/strong> \u00e9tait <strong>plus pr\u00e9cise<\/strong>, les lignes suivent les mouvements du volant, ce qui permet de se garer plus facilement !<\/p>\n<p dir=\"ltr\" style=\"line-height: 1.38; margin-top: 12pt; margin-bottom: 12pt;\">Aur\u00e9lia : C&rsquo;est une belle voiture, silencieuse, plut\u00f4t spacieuse, mais il y a quelques petites choses qui pourraient \u00eatre am\u00e9lior\u00e9es : le toit ouvrant poss\u00e8de un rideau que l&rsquo;on ouvre et ferme manuellement\u2026 Un comble pour une \u00e9lectrique, m\u00eame si ce n&rsquo;est qu&rsquo;un d\u00e9tail. Elle manque d&rsquo;un petit plus pour la rendre surprenante, mais \u00e7a ne change rien \u00e0 ses atouts : elle embarque de <strong>belles technologies<\/strong> et peut \u00eatre une <strong>concurrente de taille<\/strong> sur le march\u00e9 de l&rsquo;\u00e9lectrique.<\/p>\n<p style=\"margin-top: 1.75em; margin-bottom: 1.75em; font-size: 0.813em; line-height: 1.5em; color: #666666; font-family: Arial, Helvetica, sans-serif;\">\n","protected":false},"excerpt":{"rendered":"<p>La marque au Lion a lanc\u00e9, \u00e0 l&rsquo;occasion de la sortie de la e-208, le Peugeot Electric Tour : du 28 octobre au 10 d\u00e9cembre 2019, c&rsquo;est plus de 100 villes qui ont accueilli ou accueilleront, le temps d&rsquo;un week-end, la Nouvelle 208 en version \u00e9lectrique. Pour vous, AutoJM a test\u00e9 la e-208 : Pauline, assistante e-marketing a jou\u00e9 la conductrice et Aur\u00e9lia, responsable marketing a pris la place de passag\u00e8re \u00e0 l&rsquo;arri\u00e8re.<\/p>\n","protected":false},"author":1,"featured_media":5822,"comment_status":"open","ping_status":"open","sticky":false,"template":"","format":"standard","meta":{"_acf_changed":false,"content-type":"","footnotes":""},"categories":[52],"tags":[90,73,132],"class_list":["post-3762","post","type-post","status-publish","format-standard","has-post-thumbnail","hentry","category-essais-peugeot","tag-autojm","tag-peugeot","tag-peugeot-e-208"],"acf":[],"yoast_head":"<!-- This site is optimized with the Yoast SEO plugin v27.5 - https:\/\/yoast.com\/product\/yoast-seo-wordpress\/ -->\n<title>L\u2019\u00e9quipe Marketing d\u2019AutoJM a test\u00e9 la e-208 - AutoJM Mag<\/title>\n<meta name=\"description\" content=\"La marque au Lion a lanc\u00e9, \u00e0 l&#039;occasion de la sortie de la e-208, le Peugeot Electric Tour : du 28 octobre au 10 d\u00e9cembre 2019, c&#039;est plus...\" \/>\n<meta name=\"robots\" content=\"index, follow, max-snippet:-1, max-image-preview:large, max-video-preview:-1\" \/>\n<link rel=\"canonical\" href=\"https:\/\/www.autojm.fr\/blog\/lequipe-marketing-dautojm-a-teste-la-e-208\/\" \/>\n<meta property=\"og:locale\" content=\"fr_FR\" \/>\n<meta property=\"og:type\" content=\"article\" \/>\n<meta property=\"og:title\" content=\"L\u2019\u00e9quipe Marketing d\u2019AutoJM a test\u00e9 la e-208 - AutoJM Mag\" \/>\n<meta property=\"og:description\" content=\"La marque au Lion a lanc\u00e9, \u00e0 l&#039;occasion de la sortie de la e-208, le Peugeot Electric Tour : du 28 octobre au 10 d\u00e9cembre 2019, c&#039;est plus...\" \/>\n<meta property=\"og:url\" content=\"https:\/\/www.autojm.fr\/blog\/lequipe-marketing-dautojm-a-teste-la-e-208\/\" \/>\n<meta property=\"og:site_name\" content=\"AutoJM Mag\" \/>\n<meta property=\"article:publisher\" content=\"https:\/\/www.facebook.com\/AutoJM25\" \/>\n<meta property=\"article:published_time\" content=\"2019-11-29T00:00:00+00:00\" \/>\n<meta property=\"article:modified_time\" content=\"2023-12-21T15:32:58+00:00\" \/>\n<meta property=\"og:image\" content=\"https:\/\/www.autojm.fr\/blog\/wp-content\/uploads\/2022\/10\/489.jpg\" \/>\n\t<meta property=\"og:image:width\" content=\"1562\" \/>\n\t<meta property=\"og:image:height\" content=\"708\" \/>\n\t<meta property=\"og:image:type\" content=\"image\/jpeg\" \/>\n<meta name=\"author\" content=\"Autojm\" \/>\n<meta name=\"twitter:card\" content=\"summary_large_image\" \/>\n<meta name=\"twitter:label1\" content=\"\u00c9crit par\" \/>\n\t<meta name=\"twitter:data1\" content=\"Autojm\" \/>\n\t<meta name=\"twitter:label2\" content=\"Dur\u00e9e de lecture estim\u00e9e\" \/>\n\t<meta name=\"twitter:data2\" content=\"4 minutes\" \/>\n<script type=\"application\/ld+json\" class=\"yoast-schema-graph\">{\"@context\":\"https:\\\/\\\/schema.org\",\"@graph\":[{\"@type\":\"Article\",\"@id\":\"https:\\\/\\\/www.autojm.fr\\\/blog\\\/lequipe-marketing-dautojm-a-teste-la-e-208\\\/#article\",\"isPartOf\":{\"@id\":\"https:\\\/\\\/www.autojm.fr\\\/blog\\\/lequipe-marketing-dautojm-a-teste-la-e-208\\\/\"},\"author\":{\"name\":\"Autojm\",\"@id\":\"https:\\\/\\\/www.autojm.fr\\\/blog\\\/#\\\/schema\\\/person\\\/9742bc77541853e0de81fc57f947e1a0\"},\"headline\":\"L\u2019\u00e9quipe Marketing d\u2019AutoJM a test\u00e9 la e-208\",\"datePublished\":\"2019-11-29T00:00:00+00:00\",\"dateModified\":\"2023-12-21T15:32:58+00:00\",\"mainEntityOfPage\":{\"@id\":\"https:\\\/\\\/www.autojm.fr\\\/blog\\\/lequipe-marketing-dautojm-a-teste-la-e-208\\\/\"},\"wordCount\":765,\"commentCount\":0,\"publisher\":{\"@id\":\"https:\\\/\\\/www.autojm.fr\\\/blog\\\/#organization\"},\"image\":{\"@id\":\"https:\\\/\\\/www.autojm.fr\\\/blog\\\/lequipe-marketing-dautojm-a-teste-la-e-208\\\/#primaryimage\"},\"thumbnailUrl\":\"https:\\\/\\\/www.autojm.fr\\\/blog\\\/wp-content\\\/uploads\\\/2022\\\/10\\\/489.jpg\",\"keywords\":[\"autojm\",\"peugeot\",\"Peugeot e-208\"],\"articleSection\":[\"Essais Peugeot\"],\"inLanguage\":\"fr-FR\",\"potentialAction\":[{\"@type\":\"CommentAction\",\"name\":\"Comment\",\"target\":[\"https:\\\/\\\/www.autojm.fr\\\/blog\\\/lequipe-marketing-dautojm-a-teste-la-e-208\\\/#respond\"]}]},{\"@type\":\"WebPage\",\"@id\":\"https:\\\/\\\/www.autojm.fr\\\/blog\\\/lequipe-marketing-dautojm-a-teste-la-e-208\\\/\",\"url\":\"https:\\\/\\\/www.autojm.fr\\\/blog\\\/lequipe-marketing-dautojm-a-teste-la-e-208\\\/\",\"name\":\"L\u2019\u00e9quipe Marketing d\u2019AutoJM a test\u00e9 la e-208 - AutoJM Mag\",\"isPartOf\":{\"@id\":\"https:\\\/\\\/www.autojm.fr\\\/blog\\\/#website\"},\"primaryImageOfPage\":{\"@id\":\"https:\\\/\\\/www.autojm.fr\\\/blog\\\/lequipe-marketing-dautojm-a-teste-la-e-208\\\/#primaryimage\"},\"image\":{\"@id\":\"https:\\\/\\\/www.autojm.fr\\\/blog\\\/lequipe-marketing-dautojm-a-teste-la-e-208\\\/#primaryimage\"},\"thumbnailUrl\":\"https:\\\/\\\/www.autojm.fr\\\/blog\\\/wp-content\\\/uploads\\\/2022\\\/10\\\/489.jpg\",\"datePublished\":\"2019-11-29T00:00:00+00:00\",\"dateModified\":\"2023-12-21T15:32:58+00:00\",\"description\":\"La marque au Lion a lanc\u00e9, \u00e0 l'occasion de la sortie de la e-208, le Peugeot Electric Tour : du 28 octobre au 10 d\u00e9cembre 2019, c'est plus...\",\"breadcrumb\":{\"@id\":\"https:\\\/\\\/www.autojm.fr\\\/blog\\\/lequipe-marketing-dautojm-a-teste-la-e-208\\\/#breadcrumb\"},\"inLanguage\":\"fr-FR\",\"potentialAction\":[{\"@type\":\"ReadAction\",\"target\":[\"https:\\\/\\\/www.autojm.fr\\\/blog\\\/lequipe-marketing-dautojm-a-teste-la-e-208\\\/\"]}]},{\"@type\":\"ImageObject\",\"inLanguage\":\"fr-FR\",\"@id\":\"https:\\\/\\\/www.autojm.fr\\\/blog\\\/lequipe-marketing-dautojm-a-teste-la-e-208\\\/#primaryimage\",\"url\":\"https:\\\/\\\/www.autojm.fr\\\/blog\\\/wp-content\\\/uploads\\\/2022\\\/10\\\/489.jpg\",\"contentUrl\":\"https:\\\/\\\/www.autojm.fr\\\/blog\\\/wp-content\\\/uploads\\\/2022\\\/10\\\/489.jpg\",\"width\":1562,\"height\":708,\"caption\":\"Test e-208\"},{\"@type\":\"BreadcrumbList\",\"@id\":\"https:\\\/\\\/www.autojm.fr\\\/blog\\\/lequipe-marketing-dautojm-a-teste-la-e-208\\\/#breadcrumb\",\"itemListElement\":[{\"@type\":\"ListItem\",\"position\":1,\"name\":\"Accueil\",\"item\":\"https:\\\/\\\/www.autojm.fr\\\/blog\\\/\"},{\"@type\":\"ListItem\",\"position\":2,\"name\":\"Essais\",\"item\":\"https:\\\/\\\/www.autojm.fr\\\/blog\\\/essais\\\/\"},{\"@type\":\"ListItem\",\"position\":3,\"name\":\"Essais Peugeot\",\"item\":\"https:\\\/\\\/www.autojm.fr\\\/blog\\\/essais\\\/essais-peugeot\\\/\"},{\"@type\":\"ListItem\",\"position\":4,\"name\":\"L\u2019\u00e9quipe Marketing d\u2019AutoJM a test\u00e9 la e-208\"}]},{\"@type\":\"WebSite\",\"@id\":\"https:\\\/\\\/www.autojm.fr\\\/blog\\\/#website\",\"url\":\"https:\\\/\\\/www.autojm.fr\\\/blog\\\/\",\"name\":\"AutoJM Mag\",\"description\":\"Toute l&#039;actu auto en 1 clic !\",\"publisher\":{\"@id\":\"https:\\\/\\\/www.autojm.fr\\\/blog\\\/#organization\"},\"potentialAction\":[{\"@type\":\"SearchAction\",\"target\":{\"@type\":\"EntryPoint\",\"urlTemplate\":\"https:\\\/\\\/www.autojm.fr\\\/blog\\\/?s={search_term_string}\"},\"query-input\":{\"@type\":\"PropertyValueSpecification\",\"valueRequired\":true,\"valueName\":\"search_term_string\"}}],\"inLanguage\":\"fr-FR\"},{\"@type\":\"Organization\",\"@id\":\"https:\\\/\\\/www.autojm.fr\\\/blog\\\/#organization\",\"name\":\"AutoJM Mag\",\"url\":\"https:\\\/\\\/www.autojm.fr\\\/blog\\\/\",\"logo\":{\"@type\":\"ImageObject\",\"inLanguage\":\"fr-FR\",\"@id\":\"https:\\\/\\\/www.autojm.fr\\\/blog\\\/#\\\/schema\\\/logo\\\/image\\\/\",\"url\":\"https:\\\/\\\/www.autojm.fr\\\/blog\\\/wp-content\\\/uploads\\\/2022\\\/12\\\/cropped-AutoJMag-png.png\",\"contentUrl\":\"https:\\\/\\\/www.autojm.fr\\\/blog\\\/wp-content\\\/uploads\\\/2022\\\/12\\\/cropped-AutoJMag-png.png\",\"width\":2834,\"height\":585,\"caption\":\"AutoJM Mag\"},\"image\":{\"@id\":\"https:\\\/\\\/www.autojm.fr\\\/blog\\\/#\\\/schema\\\/logo\\\/image\\\/\"},\"sameAs\":[\"https:\\\/\\\/www.facebook.com\\\/AutoJM25\"]},{\"@type\":\"Person\",\"@id\":\"https:\\\/\\\/www.autojm.fr\\\/blog\\\/#\\\/schema\\\/person\\\/9742bc77541853e0de81fc57f947e1a0\",\"name\":\"Autojm\",\"image\":{\"@type\":\"ImageObject\",\"inLanguage\":\"fr-FR\",\"@id\":\"https:\\\/\\\/secure.gravatar.com\\\/avatar\\\/9a959d52b758fcc232fe4b6aca7bab139182573297122cce7d6f2ee0e537b418?s=96&d=mm&r=g\",\"url\":\"https:\\\/\\\/secure.gravatar.com\\\/avatar\\\/9a959d52b758fcc232fe4b6aca7bab139182573297122cce7d6f2ee0e537b418?s=96&d=mm&r=g\",\"contentUrl\":\"https:\\\/\\\/secure.gravatar.com\\\/avatar\\\/9a959d52b758fcc232fe4b6aca7bab139182573297122cce7d6f2ee0e537b418?s=96&d=mm&r=g\",\"caption\":\"Autojm\"},\"sameAs\":[\"https:\\\/\\\/www.autojm.fr\\\/blog\"],\"url\":\"https:\\\/\\\/www.autojm.fr\\\/blog\\\/author\\\/bichoi\\\/\"}]}<\/script>\n<!-- \/ Yoast SEO plugin. -->","yoast_head_json":{"title":"L\u2019\u00e9quipe Marketing d\u2019AutoJM a test\u00e9 la e-208 - AutoJM Mag","description":"La marque au Lion a lanc\u00e9, \u00e0 l'occasion de la sortie de la e-208, le Peugeot Electric Tour : du 28 octobre au 10 d\u00e9cembre 2019, c'est plus...","robots":{"index":"index","follow":"follow","max-snippet":"max-snippet:-1","max-image-preview":"max-image-preview:large","max-video-preview":"max-video-preview:-1"},"canonical":"https:\/\/www.autojm.fr\/blog\/lequipe-marketing-dautojm-a-teste-la-e-208\/","og_locale":"fr_FR","og_type":"article","og_title":"L\u2019\u00e9quipe Marketing d\u2019AutoJM a test\u00e9 la e-208 - AutoJM Mag","og_description":"La marque au Lion a lanc\u00e9, \u00e0 l'occasion de la sortie de la e-208, le Peugeot Electric Tour : du 28 octobre au 10 d\u00e9cembre 2019, c'est plus...","og_url":"https:\/\/www.autojm.fr\/blog\/lequipe-marketing-dautojm-a-teste-la-e-208\/","og_site_name":"AutoJM Mag","article_publisher":"https:\/\/www.facebook.com\/AutoJM25","article_published_time":"2019-11-29T00:00:00+00:00","article_modified_time":"2023-12-21T15:32:58+00:00","og_image":[{"width":1562,"height":708,"url":"https:\/\/www.autojm.fr\/blog\/wp-content\/uploads\/2022\/10\/489.jpg","type":"image\/jpeg"}],"author":"Autojm","twitter_card":"summary_large_image","twitter_misc":{"\u00c9crit par":"Autojm","Dur\u00e9e de lecture estim\u00e9e":"4 minutes"},"schema":{"@context":"https:\/\/schema.org","@graph":[{"@type":"Article","@id":"https:\/\/www.autojm.fr\/blog\/lequipe-marketing-dautojm-a-teste-la-e-208\/#article","isPartOf":{"@id":"https:\/\/www.autojm.fr\/blog\/lequipe-marketing-dautojm-a-teste-la-e-208\/"},"author":{"name":"Autojm","@id":"https:\/\/www.autojm.fr\/blog\/#\/schema\/person\/9742bc77541853e0de81fc57f947e1a0"},"headline":"L\u2019\u00e9quipe Marketing d\u2019AutoJM a test\u00e9 la e-208","datePublished":"2019-11-29T00:00:00+00:00","dateModified":"2023-12-21T15:32:58+00:00","mainEntityOfPage":{"@id":"https:\/\/www.autojm.fr\/blog\/lequipe-marketing-dautojm-a-teste-la-e-208\/"},"wordCount":765,"commentCount":0,"publisher":{"@id":"https:\/\/www.autojm.fr\/blog\/#organization"},"image":{"@id":"https:\/\/www.autojm.fr\/blog\/lequipe-marketing-dautojm-a-teste-la-e-208\/#primaryimage"},"thumbnailUrl":"https:\/\/www.autojm.fr\/blog\/wp-content\/uploads\/2022\/10\/489.jpg","keywords":["autojm","peugeot","Peugeot e-208"],"articleSection":["Essais Peugeot"],"inLanguage":"fr-FR","potentialAction":[{"@type":"CommentAction","name":"Comment","target":["https:\/\/www.autojm.fr\/blog\/lequipe-marketing-dautojm-a-teste-la-e-208\/#respond"]}]},{"@type":"WebPage","@id":"https:\/\/www.autojm.fr\/blog\/lequipe-marketing-dautojm-a-teste-la-e-208\/","url":"https:\/\/www.autojm.fr\/blog\/lequipe-marketing-dautojm-a-teste-la-e-208\/","name":"L\u2019\u00e9quipe Marketing d\u2019AutoJM a test\u00e9 la e-208 - AutoJM Mag","isPartOf":{"@id":"https:\/\/www.autojm.fr\/blog\/#website"},"primaryImageOfPage":{"@id":"https:\/\/www.autojm.fr\/blog\/lequipe-marketing-dautojm-a-teste-la-e-208\/#primaryimage"},"image":{"@id":"https:\/\/www.autojm.fr\/blog\/lequipe-marketing-dautojm-a-teste-la-e-208\/#primaryimage"},"thumbnailUrl":"https:\/\/www.autojm.fr\/blog\/wp-content\/uploads\/2022\/10\/489.jpg","datePublished":"2019-11-29T00:00:00+00:00","dateModified":"2023-12-21T15:32:58+00:00","description":"La marque au Lion a lanc\u00e9, \u00e0 l'occasion de la sortie de la e-208, le Peugeot Electric Tour : du 28 octobre au 10 d\u00e9cembre 2019, c'est plus...","breadcrumb":{"@id":"https:\/\/www.autojm.fr\/blog\/lequipe-marketing-dautojm-a-teste-la-e-208\/#breadcrumb"},"inLanguage":"fr-FR","potentialAction":[{"@type":"ReadAction","target":["https:\/\/www.autojm.fr\/blog\/lequipe-marketing-dautojm-a-teste-la-e-208\/"]}]},{"@type":"ImageObject","inLanguage":"fr-FR","@id":"https:\/\/www.autojm.fr\/blog\/lequipe-marketing-dautojm-a-teste-la-e-208\/#primaryimage","url":"https:\/\/www.autojm.fr\/blog\/wp-content\/uploads\/2022\/10\/489.jpg","contentUrl":"https:\/\/www.autojm.fr\/blog\/wp-content\/uploads\/2022\/10\/489.jpg","width":1562,"height":708,"caption":"Test e-208"},{"@type":"BreadcrumbList","@id":"https:\/\/www.autojm.fr\/blog\/lequipe-marketing-dautojm-a-teste-la-e-208\/#breadcrumb","itemListElement":[{"@type":"ListItem","position":1,"name":"Accueil","item":"https:\/\/www.autojm.fr\/blog\/"},{"@type":"ListItem","position":2,"name":"Essais","item":"https:\/\/www.autojm.fr\/blog\/essais\/"},{"@type":"ListItem","position":3,"name":"Essais Peugeot","item":"https:\/\/www.autojm.fr\/blog\/essais\/essais-peugeot\/"},{"@type":"ListItem","position":4,"name":"L\u2019\u00e9quipe Marketing d\u2019AutoJM a test\u00e9 la e-208"}]},{"@type":"WebSite","@id":"https:\/\/www.autojm.fr\/blog\/#website","url":"https:\/\/www.autojm.fr\/blog\/","name":"AutoJM Mag","description":"Toute l&#039;actu auto en 1 clic !","publisher":{"@id":"https:\/\/www.autojm.fr\/blog\/#organization"},"potentialAction":[{"@type":"SearchAction","target":{"@type":"EntryPoint","urlTemplate":"https:\/\/www.autojm.fr\/blog\/?s={search_term_string}"},"query-input":{"@type":"PropertyValueSpecification","valueRequired":true,"valueName":"search_term_string"}}],"inLanguage":"fr-FR"},{"@type":"Organization","@id":"https:\/\/www.autojm.fr\/blog\/#organization","name":"AutoJM Mag","url":"https:\/\/www.autojm.fr\/blog\/","logo":{"@type":"ImageObject","inLanguage":"fr-FR","@id":"https:\/\/www.autojm.fr\/blog\/#\/schema\/logo\/image\/","url":"https:\/\/www.autojm.fr\/blog\/wp-content\/uploads\/2022\/12\/cropped-AutoJMag-png.png","contentUrl":"https:\/\/www.autojm.fr\/blog\/wp-content\/uploads\/2022\/12\/cropped-AutoJMag-png.png","width":2834,"height":585,"caption":"AutoJM Mag"},"image":{"@id":"https:\/\/www.autojm.fr\/blog\/#\/schema\/logo\/image\/"},"sameAs":["https:\/\/www.facebook.com\/AutoJM25"]},{"@type":"Person","@id":"https:\/\/www.autojm.fr\/blog\/#\/schema\/person\/9742bc77541853e0de81fc57f947e1a0","name":"Autojm","image":{"@type":"ImageObject","inLanguage":"fr-FR","@id":"https:\/\/secure.gravatar.com\/avatar\/9a959d52b758fcc232fe4b6aca7bab139182573297122cce7d6f2ee0e537b418?s=96&d=mm&r=g","url":"https:\/\/secure.gravatar.com\/avatar\/9a959d52b758fcc232fe4b6aca7bab139182573297122cce7d6f2ee0e537b418?s=96&d=mm&r=g","contentUrl":"https:\/\/secure.gravatar.com\/avatar\/9a959d52b758fcc232fe4b6aca7bab139182573297122cce7d6f2ee0e537b418?s=96&d=mm&r=g","caption":"Autojm"},"sameAs":["https:\/\/www.autojm.fr\/blog"],"url":"https:\/\/www.autojm.fr\/blog\/author\/bichoi\/"}]}},"_links":{"self":[{"href":"https:\/\/www.autojm.fr\/blog\/wp-json\/wp\/v2\/posts\/3762","targetHints":{"allow":["GET"]}}],"collection":[{"href":"https:\/\/www.autojm.fr\/blog\/wp-json\/wp\/v2\/posts"}],"about":[{"href":"https:\/\/www.autojm.fr\/blog\/wp-json\/wp\/v2\/types\/post"}],"author":[{"embeddable":true,"href":"https:\/\/www.autojm.fr\/blog\/wp-json\/wp\/v2\/users\/1"}],"replies":[{"embeddable":true,"href":"https:\/\/www.autojm.fr\/blog\/wp-json\/wp\/v2\/comments?post=3762"}],"version-history":[{"count":6,"href":"https:\/\/www.autojm.fr\/blog\/wp-json\/wp\/v2\/posts\/3762\/revisions"}],"predecessor-version":[{"id":9224,"href":"https:\/\/www.autojm.fr\/blog\/wp-json\/wp\/v2\/posts\/3762\/revisions\/9224"}],"wp:featuredmedia":[{"embeddable":true,"href":"https:\/\/www.autojm.fr\/blog\/wp-json\/wp\/v2\/media\/5822"}],"wp:attachment":[{"href":"https:\/\/www.autojm.fr\/blog\/wp-json\/wp\/v2\/media?parent=3762"}],"wp:term":[{"taxonomy":"category","embeddable":true,"href":"https:\/\/www.autojm.fr\/blog\/wp-json\/wp\/v2\/categories?post=3762"},{"taxonomy":"post_tag","embeddable":true,"href":"https:\/\/www.autojm.fr\/blog\/wp-json\/wp\/v2\/tags?post=3762"}],"curies":[{"name":"wp","href":"https:\/\/api.w.org\/{rel}","templated":true}]}}