{"id":3760,"date":"2019-10-25T00:00:00","date_gmt":"2019-10-25T00:00:00","guid":{"rendered":"https:\/\/www.autojm.fr\/blog\/un-particulier-peut-il-acheter-un-vehicule-utilitaire\/"},"modified":"2022-12-08T08:33:58","modified_gmt":"2022-12-08T08:33:58","slug":"un-particulier-peut-il-acheter-un-vehicule-utilitaire","status":"publish","type":"post","link":"https:\/\/www.autojm.fr\/blog\/un-particulier-peut-il-acheter-un-vehicule-utilitaire\/","title":{"rendered":"Un particulier peut-il acheter un v\u00e9hicule utilitaire"},"content":{"rendered":"<div>De plus en plus de m\u00e9nages fran\u00e7ais ach\u00e8tent un v\u00e9hicule utilitaire l\u00e9ger, VUL, pour combler leur besoin. Acheter ce genre de v\u00e9hicule permet de r\u00e9pondre \u00e0 un besoin tel que la praticit\u00e9, l&rsquo;adaptabilit\u00e9 \u00e0 une activit\u00e9 mais encore pour le loisir : bricolage, p\u00eache, chasse etc\u2026<\/div>\n<h2>Quels documents \u00e0 fournir pour l&rsquo;achat d&rsquo;un v\u00e9hicule utilitaire ?<\/h2>\n<div><\/div>\n<div>D\u00e8s lors que vous achetez un v\u00e9hicule utilitaire, quelques documents vous sont demand\u00e9s.<\/div>\n<h3>Pour un utilitaire neuf, il faut vous munir :<\/h3>\n<ul>\n<li>D&rsquo;un certificat de vente en double exemplaire.<\/li>\n<li>D&rsquo;un formulaire de demande d&rsquo;immatriculation pour la d\u00e9livrance du certificat d&rsquo;immatriculation.<\/li>\n<\/ul>\n<h3><\/h3>\n<h3>D&rsquo;autres part, pour des <a href=\"https:\/\/www.truck1.fr\/vehicules-utilitaires\/fourgons-utilitaires\" target=\"_blank\" rel=\"noopener\">fourgons utilitaires occasions<\/a>, il faut :<\/h3>\n<ul>\n<li>Justificatif du contr\u00f4le technique et le contr\u00f4le compl\u00e9mentaire de pollution valide.<\/li>\n<li>Certificat de non-gage.<\/li>\n<\/ul>\n<div>Sans oublier l&rsquo;ancien certificat d&rsquo;immatriculation, celui-ci doit \u00eatre barr\u00e9 en diagonale avec la mention \u00ab vendu le\u2026 \u00e0 \u2026..\u00bb avec la signature du vendeur.<\/div>\n<div><\/div>\n<h2>Quels documents lors de la vente d&rsquo;un v\u00e9hicule utilitaire ?<\/h2>\n<div>Lorsque la vente s&rsquo;effectue entre particuliers, quelques documents sont \u00e0 fournir. Les documents les plus basiques sont : la carte grise, le permis de conduire recto verso ainsi que votre pi\u00e8ce d&rsquo;identit\u00e9.<\/div>\n<div>Certificat de cession : ce document se r\u00e9cup\u00e8re aupr\u00e8s de la pr\u00e9fecture. Un double exemplaire vous sera donn\u00e9, un pour le futur acheteur et le deuxi\u00e8me pour le vendeur.<\/div>\n<div>Certificat de non-gage : ce document est \u00e9galement \u00e0 r\u00e9cup\u00e9rer aupr\u00e8s de votre pr\u00e9fecture. Celle-ci vous d\u00e9livre une attestation de la r\u00e9gularit\u00e9 financi\u00e8re en rapport \u00e0 votre voiture utilitaire.<\/div>\n<div>Proc\u00e8s-verbal du contr\u00f4le technique : il est obligatoire de fournir le contr\u00f4le technique datant de moins de 6 mois. Dans le cas o\u00f9 votre utilitaire pr\u00e9sente des d\u00e9faillances, les r\u00e9parations devront \u00eatre faites.<\/div>\n<div>Rapport de visite compl\u00e9mentaire : si votre v\u00e9hicule est \u00e2g\u00e9 de plus de quatre ans, alors ce document vous concerne. En effet, il communique l&rsquo;\u00e9tat du contr\u00f4le antipollution.<\/div>\n<div>Certificat d&rsquo;agr\u00e9ment sanitaire et technique : votre utilitaire transporte des denr\u00e9es p\u00e9rissables ? Alors vous avez besoin de ce document<\/div>\n<div><\/div>\n<h2>Quelques conseils avant d&rsquo;acheter un utilitaire d&rsquo;occasion<\/h2>\n<ul>\n<li>D\u00e9terminer l&rsquo;utilisation de votre utilitaire : pour d\u00e9finir la charge utile ainsi que le volume utile<\/li>\n<li>Prenez la motorisation en fonction de vos trajets et de la charge \u00e0 l&rsquo;int\u00e9rieur<\/li>\n<li>V\u00e9rifiez-les \u00e9quipements pour optimiser le confort dans vos conduites<\/li>\n<li>Posez-vous les bonnes questions : quelles r\u00e9parations a-t-il eu, \u00e0 combien de personne a-t-il appartenu, \u00e0 quoi a-t-il servi etc\u2026<\/li>\n<li>Calculez tous les co\u00fbts d&rsquo;un utilitaire par rapport \u00e0 une voiture : contr\u00f4le technique 1 fois par an et le contr\u00f4le technique suppl\u00e9mentaire anti-pollution.<\/li>\n<li>V\u00e9rifiez l&rsquo;\u00e9tat des suspensions et les pneus<\/li>\n<\/ul>\n<div><\/div>\n<div>Il ne vous reste plus qu&rsquo;\u00e0 trouver votre utilitaire chez un sp\u00e9cialiste tel que <a href=\"https:\/\/www.truck1.fr\">Truck1 France<\/a> par exemple.<\/div>\n<div><\/div>\n","protected":false},"excerpt":{"rendered":"<p>De plus en plus de m\u00e9nages fran\u00e7ais ach\u00e8tent un v\u00e9hicule utilitaire l\u00e9ger, VUL, pour combler leur besoin. Acheter ce genre de v\u00e9hicule permet de r\u00e9pondre \u00e0 un besoin tel que la praticit\u00e9, l&rsquo;adaptabilit\u00e9 \u00e0 une activit\u00e9 mais encore pour le loisir : bricolage, p\u00eache, chasse etc\u2026<\/p>\n","protected":false},"author":1,"featured_media":5820,"comment_status":"open","ping_status":"open","sticky":false,"template":"","format":"standard","meta":{"_acf_changed":false,"content-type":"","footnotes":""},"categories":[22],"tags":[90,127,125,128,126,73,119,122,124,121,123],"class_list":["post-3760","post","type-post","status-publish","format-standard","has-post-thumbnail","hentry","category-conseils-astuces","tag-autojm","tag-citroen-berlingo-van","tag-citroen-jumper-fourgon-tole","tag-citroen-jumpy-cabine-approfondie","tag-citroen-jumpy-fg-tole","tag-peugeot","tag-peugeot-boxer-fg-tole","tag-peugeot-boxer-fourgon-tole","tag-peugeot-expert-fg-tole","tag-peugeot-expert-fourgon-tole","tag-peugeot-partner-fourgon-tole"],"acf":[],"yoast_head":"<!-- This site is optimized with the Yoast SEO plugin v27.5 - https:\/\/yoast.com\/product\/yoast-seo-wordpress\/ -->\n<title>Un particulier peut-il acheter un v\u00e9hicule utilitaire - AutoJM Mag<\/title>\n<meta name=\"description\" content=\"De plus en plus de m\u00e9nages fran\u00e7ais ach\u00e8tent un v\u00e9hicule utilitaire l\u00e9ger, VUL, pour combler leur besoin. Acheter ce genre de v\u00e9hicule....\" \/>\n<meta name=\"robots\" content=\"index, follow, max-snippet:-1, max-image-preview:large, max-video-preview:-1\" \/>\n<link rel=\"canonical\" href=\"https:\/\/www.autojm.fr\/blog\/un-particulier-peut-il-acheter-un-vehicule-utilitaire\/\" \/>\n<meta property=\"og:locale\" content=\"fr_FR\" \/>\n<meta property=\"og:type\" content=\"article\" \/>\n<meta property=\"og:title\" content=\"Un particulier peut-il acheter un v\u00e9hicule utilitaire - AutoJM Mag\" \/>\n<meta property=\"og:description\" content=\"De plus en plus de m\u00e9nages fran\u00e7ais ach\u00e8tent un v\u00e9hicule utilitaire l\u00e9ger, VUL, pour combler leur besoin. Acheter ce genre de v\u00e9hicule....\" \/>\n<meta property=\"og:url\" content=\"https:\/\/www.autojm.fr\/blog\/un-particulier-peut-il-acheter-un-vehicule-utilitaire\/\" \/>\n<meta property=\"og:site_name\" content=\"AutoJM Mag\" \/>\n<meta property=\"article:publisher\" content=\"https:\/\/www.facebook.com\/AutoJM25\" \/>\n<meta property=\"article:published_time\" content=\"2019-10-25T00:00:00+00:00\" \/>\n<meta property=\"article:modified_time\" content=\"2022-12-08T08:33:58+00:00\" \/>\n<meta property=\"og:image\" content=\"https:\/\/www.autojm.fr\/blog\/wp-content\/uploads\/2022\/10\/486.jpg\" \/>\n\t<meta property=\"og:image:width\" content=\"1124\" \/>\n\t<meta property=\"og:image:height\" content=\"416\" \/>\n\t<meta property=\"og:image:type\" content=\"image\/jpeg\" \/>\n<meta name=\"author\" content=\"Autojm\" \/>\n<meta name=\"twitter:card\" content=\"summary_large_image\" \/>\n<meta name=\"twitter:label1\" content=\"\u00c9crit par\" \/>\n\t<meta name=\"twitter:data1\" content=\"Autojm\" \/>\n\t<meta name=\"twitter:label2\" content=\"Dur\u00e9e de lecture estim\u00e9e\" \/>\n\t<meta name=\"twitter:data2\" content=\"3 minutes\" \/>\n<script type=\"application\/ld+json\" class=\"yoast-schema-graph\">{\"@context\":\"https:\\\/\\\/schema.org\",\"@graph\":[{\"@type\":\"Article\",\"@id\":\"https:\\\/\\\/www.autojm.fr\\\/blog\\\/un-particulier-peut-il-acheter-un-vehicule-utilitaire\\\/#article\",\"isPartOf\":{\"@id\":\"https:\\\/\\\/www.autojm.fr\\\/blog\\\/un-particulier-peut-il-acheter-un-vehicule-utilitaire\\\/\"},\"author\":{\"name\":\"Autojm\",\"@id\":\"https:\\\/\\\/www.autojm.fr\\\/blog\\\/#\\\/schema\\\/person\\\/9742bc77541853e0de81fc57f947e1a0\"},\"headline\":\"Un particulier peut-il acheter un v\u00e9hicule utilitaire\",\"datePublished\":\"2019-10-25T00:00:00+00:00\",\"dateModified\":\"2022-12-08T08:33:58+00:00\",\"mainEntityOfPage\":{\"@id\":\"https:\\\/\\\/www.autojm.fr\\\/blog\\\/un-particulier-peut-il-acheter-un-vehicule-utilitaire\\\/\"},\"wordCount\":473,\"commentCount\":0,\"publisher\":{\"@id\":\"https:\\\/\\\/www.autojm.fr\\\/blog\\\/#organization\"},\"image\":{\"@id\":\"https:\\\/\\\/www.autojm.fr\\\/blog\\\/un-particulier-peut-il-acheter-un-vehicule-utilitaire\\\/#primaryimage\"},\"thumbnailUrl\":\"https:\\\/\\\/www.autojm.fr\\\/blog\\\/wp-content\\\/uploads\\\/2022\\\/10\\\/486.jpg\",\"keywords\":[\"autojm\",\"Citro\u00ebn Berlingo Van\",\"Citro\u00ebn Jumper Fourgon Tole\",\"Citro\u00ebn Jumpy Cabine Approfondie\",\"Citro\u00ebn Jumpy FG Tole\",\"peugeot\",\"Peugeot Boxer FG Tole\",\"Peugeot Boxer Fourgon Tole\",\"Peugeot Expert FG Tole\",\"Peugeot Expert Fourgon Tole\",\"Peugeot Partner Fourgon Tole\"],\"articleSection\":[\"Conseils &amp; Astuces\"],\"inLanguage\":\"fr-FR\",\"potentialAction\":[{\"@type\":\"CommentAction\",\"name\":\"Comment\",\"target\":[\"https:\\\/\\\/www.autojm.fr\\\/blog\\\/un-particulier-peut-il-acheter-un-vehicule-utilitaire\\\/#respond\"]}]},{\"@type\":\"WebPage\",\"@id\":\"https:\\\/\\\/www.autojm.fr\\\/blog\\\/un-particulier-peut-il-acheter-un-vehicule-utilitaire\\\/\",\"url\":\"https:\\\/\\\/www.autojm.fr\\\/blog\\\/un-particulier-peut-il-acheter-un-vehicule-utilitaire\\\/\",\"name\":\"Un particulier peut-il acheter un v\u00e9hicule utilitaire - AutoJM Mag\",\"isPartOf\":{\"@id\":\"https:\\\/\\\/www.autojm.fr\\\/blog\\\/#website\"},\"primaryImageOfPage\":{\"@id\":\"https:\\\/\\\/www.autojm.fr\\\/blog\\\/un-particulier-peut-il-acheter-un-vehicule-utilitaire\\\/#primaryimage\"},\"image\":{\"@id\":\"https:\\\/\\\/www.autojm.fr\\\/blog\\\/un-particulier-peut-il-acheter-un-vehicule-utilitaire\\\/#primaryimage\"},\"thumbnailUrl\":\"https:\\\/\\\/www.autojm.fr\\\/blog\\\/wp-content\\\/uploads\\\/2022\\\/10\\\/486.jpg\",\"datePublished\":\"2019-10-25T00:00:00+00:00\",\"dateModified\":\"2022-12-08T08:33:58+00:00\",\"description\":\"De plus en plus de m\u00e9nages fran\u00e7ais ach\u00e8tent un v\u00e9hicule utilitaire l\u00e9ger, VUL, pour combler leur besoin. Acheter ce genre de v\u00e9hicule....\",\"breadcrumb\":{\"@id\":\"https:\\\/\\\/www.autojm.fr\\\/blog\\\/un-particulier-peut-il-acheter-un-vehicule-utilitaire\\\/#breadcrumb\"},\"inLanguage\":\"fr-FR\",\"potentialAction\":[{\"@type\":\"ReadAction\",\"target\":[\"https:\\\/\\\/www.autojm.fr\\\/blog\\\/un-particulier-peut-il-acheter-un-vehicule-utilitaire\\\/\"]}]},{\"@type\":\"ImageObject\",\"inLanguage\":\"fr-FR\",\"@id\":\"https:\\\/\\\/www.autojm.fr\\\/blog\\\/un-particulier-peut-il-acheter-un-vehicule-utilitaire\\\/#primaryimage\",\"url\":\"https:\\\/\\\/www.autojm.fr\\\/blog\\\/wp-content\\\/uploads\\\/2022\\\/10\\\/486.jpg\",\"contentUrl\":\"https:\\\/\\\/www.autojm.fr\\\/blog\\\/wp-content\\\/uploads\\\/2022\\\/10\\\/486.jpg\",\"width\":1124,\"height\":416,\"caption\":\"Utilitaire\"},{\"@type\":\"BreadcrumbList\",\"@id\":\"https:\\\/\\\/www.autojm.fr\\\/blog\\\/un-particulier-peut-il-acheter-un-vehicule-utilitaire\\\/#breadcrumb\",\"itemListElement\":[{\"@type\":\"ListItem\",\"position\":1,\"name\":\"Accueil\",\"item\":\"https:\\\/\\\/www.autojm.fr\\\/blog\\\/\"},{\"@type\":\"ListItem\",\"position\":2,\"name\":\"Conseils &amp; Astuces\",\"item\":\"https:\\\/\\\/www.autojm.fr\\\/blog\\\/conseils-astuces\\\/\"},{\"@type\":\"ListItem\",\"position\":3,\"name\":\"Un particulier peut-il acheter un v\u00e9hicule utilitaire\"}]},{\"@type\":\"WebSite\",\"@id\":\"https:\\\/\\\/www.autojm.fr\\\/blog\\\/#website\",\"url\":\"https:\\\/\\\/www.autojm.fr\\\/blog\\\/\",\"name\":\"AutoJM Mag\",\"description\":\"Toute l&#039;actu auto en 1 clic !\",\"publisher\":{\"@id\":\"https:\\\/\\\/www.autojm.fr\\\/blog\\\/#organization\"},\"potentialAction\":[{\"@type\":\"SearchAction\",\"target\":{\"@type\":\"EntryPoint\",\"urlTemplate\":\"https:\\\/\\\/www.autojm.fr\\\/blog\\\/?s={search_term_string}\"},\"query-input\":{\"@type\":\"PropertyValueSpecification\",\"valueRequired\":true,\"valueName\":\"search_term_string\"}}],\"inLanguage\":\"fr-FR\"},{\"@type\":\"Organization\",\"@id\":\"https:\\\/\\\/www.autojm.fr\\\/blog\\\/#organization\",\"name\":\"AutoJM Mag\",\"url\":\"https:\\\/\\\/www.autojm.fr\\\/blog\\\/\",\"logo\":{\"@type\":\"ImageObject\",\"inLanguage\":\"fr-FR\",\"@id\":\"https:\\\/\\\/www.autojm.fr\\\/blog\\\/#\\\/schema\\\/logo\\\/image\\\/\",\"url\":\"https:\\\/\\\/www.autojm.fr\\\/blog\\\/wp-content\\\/uploads\\\/2022\\\/12\\\/cropped-AutoJMag-png.png\",\"contentUrl\":\"https:\\\/\\\/www.autojm.fr\\\/blog\\\/wp-content\\\/uploads\\\/2022\\\/12\\\/cropped-AutoJMag-png.png\",\"width\":2834,\"height\":585,\"caption\":\"AutoJM Mag\"},\"image\":{\"@id\":\"https:\\\/\\\/www.autojm.fr\\\/blog\\\/#\\\/schema\\\/logo\\\/image\\\/\"},\"sameAs\":[\"https:\\\/\\\/www.facebook.com\\\/AutoJM25\"]},{\"@type\":\"Person\",\"@id\":\"https:\\\/\\\/www.autojm.fr\\\/blog\\\/#\\\/schema\\\/person\\\/9742bc77541853e0de81fc57f947e1a0\",\"name\":\"Autojm\",\"image\":{\"@type\":\"ImageObject\",\"inLanguage\":\"fr-FR\",\"@id\":\"https:\\\/\\\/secure.gravatar.com\\\/avatar\\\/9a959d52b758fcc232fe4b6aca7bab139182573297122cce7d6f2ee0e537b418?s=96&d=mm&r=g\",\"url\":\"https:\\\/\\\/secure.gravatar.com\\\/avatar\\\/9a959d52b758fcc232fe4b6aca7bab139182573297122cce7d6f2ee0e537b418?s=96&d=mm&r=g\",\"contentUrl\":\"https:\\\/\\\/secure.gravatar.com\\\/avatar\\\/9a959d52b758fcc232fe4b6aca7bab139182573297122cce7d6f2ee0e537b418?s=96&d=mm&r=g\",\"caption\":\"Autojm\"},\"sameAs\":[\"https:\\\/\\\/www.autojm.fr\\\/blog\"],\"url\":\"https:\\\/\\\/www.autojm.fr\\\/blog\\\/author\\\/bichoi\\\/\"}]}<\/script>\n<!-- \/ Yoast SEO plugin. -->","yoast_head_json":{"title":"Un particulier peut-il acheter un v\u00e9hicule utilitaire - AutoJM Mag","description":"De plus en plus de m\u00e9nages fran\u00e7ais ach\u00e8tent un v\u00e9hicule utilitaire l\u00e9ger, VUL, pour combler leur besoin. Acheter ce genre de v\u00e9hicule....","robots":{"index":"index","follow":"follow","max-snippet":"max-snippet:-1","max-image-preview":"max-image-preview:large","max-video-preview":"max-video-preview:-1"},"canonical":"https:\/\/www.autojm.fr\/blog\/un-particulier-peut-il-acheter-un-vehicule-utilitaire\/","og_locale":"fr_FR","og_type":"article","og_title":"Un particulier peut-il acheter un v\u00e9hicule utilitaire - AutoJM Mag","og_description":"De plus en plus de m\u00e9nages fran\u00e7ais ach\u00e8tent un v\u00e9hicule utilitaire l\u00e9ger, VUL, pour combler leur besoin. Acheter ce genre de v\u00e9hicule....","og_url":"https:\/\/www.autojm.fr\/blog\/un-particulier-peut-il-acheter-un-vehicule-utilitaire\/","og_site_name":"AutoJM Mag","article_publisher":"https:\/\/www.facebook.com\/AutoJM25","article_published_time":"2019-10-25T00:00:00+00:00","article_modified_time":"2022-12-08T08:33:58+00:00","og_image":[{"width":1124,"height":416,"url":"https:\/\/www.autojm.fr\/blog\/wp-content\/uploads\/2022\/10\/486.jpg","type":"image\/jpeg"}],"author":"Autojm","twitter_card":"summary_large_image","twitter_misc":{"\u00c9crit par":"Autojm","Dur\u00e9e de lecture estim\u00e9e":"3 minutes"},"schema":{"@context":"https:\/\/schema.org","@graph":[{"@type":"Article","@id":"https:\/\/www.autojm.fr\/blog\/un-particulier-peut-il-acheter-un-vehicule-utilitaire\/#article","isPartOf":{"@id":"https:\/\/www.autojm.fr\/blog\/un-particulier-peut-il-acheter-un-vehicule-utilitaire\/"},"author":{"name":"Autojm","@id":"https:\/\/www.autojm.fr\/blog\/#\/schema\/person\/9742bc77541853e0de81fc57f947e1a0"},"headline":"Un particulier peut-il acheter un v\u00e9hicule utilitaire","datePublished":"2019-10-25T00:00:00+00:00","dateModified":"2022-12-08T08:33:58+00:00","mainEntityOfPage":{"@id":"https:\/\/www.autojm.fr\/blog\/un-particulier-peut-il-acheter-un-vehicule-utilitaire\/"},"wordCount":473,"commentCount":0,"publisher":{"@id":"https:\/\/www.autojm.fr\/blog\/#organization"},"image":{"@id":"https:\/\/www.autojm.fr\/blog\/un-particulier-peut-il-acheter-un-vehicule-utilitaire\/#primaryimage"},"thumbnailUrl":"https:\/\/www.autojm.fr\/blog\/wp-content\/uploads\/2022\/10\/486.jpg","keywords":["autojm","Citro\u00ebn Berlingo Van","Citro\u00ebn Jumper Fourgon Tole","Citro\u00ebn Jumpy Cabine Approfondie","Citro\u00ebn Jumpy FG Tole","peugeot","Peugeot Boxer FG Tole","Peugeot Boxer Fourgon Tole","Peugeot Expert FG Tole","Peugeot Expert Fourgon Tole","Peugeot Partner Fourgon Tole"],"articleSection":["Conseils &amp; Astuces"],"inLanguage":"fr-FR","potentialAction":[{"@type":"CommentAction","name":"Comment","target":["https:\/\/www.autojm.fr\/blog\/un-particulier-peut-il-acheter-un-vehicule-utilitaire\/#respond"]}]},{"@type":"WebPage","@id":"https:\/\/www.autojm.fr\/blog\/un-particulier-peut-il-acheter-un-vehicule-utilitaire\/","url":"https:\/\/www.autojm.fr\/blog\/un-particulier-peut-il-acheter-un-vehicule-utilitaire\/","name":"Un particulier peut-il acheter un v\u00e9hicule utilitaire - AutoJM Mag","isPartOf":{"@id":"https:\/\/www.autojm.fr\/blog\/#website"},"primaryImageOfPage":{"@id":"https:\/\/www.autojm.fr\/blog\/un-particulier-peut-il-acheter-un-vehicule-utilitaire\/#primaryimage"},"image":{"@id":"https:\/\/www.autojm.fr\/blog\/un-particulier-peut-il-acheter-un-vehicule-utilitaire\/#primaryimage"},"thumbnailUrl":"https:\/\/www.autojm.fr\/blog\/wp-content\/uploads\/2022\/10\/486.jpg","datePublished":"2019-10-25T00:00:00+00:00","dateModified":"2022-12-08T08:33:58+00:00","description":"De plus en plus de m\u00e9nages fran\u00e7ais ach\u00e8tent un v\u00e9hicule utilitaire l\u00e9ger, VUL, pour combler leur besoin. Acheter ce genre de v\u00e9hicule....","breadcrumb":{"@id":"https:\/\/www.autojm.fr\/blog\/un-particulier-peut-il-acheter-un-vehicule-utilitaire\/#breadcrumb"},"inLanguage":"fr-FR","potentialAction":[{"@type":"ReadAction","target":["https:\/\/www.autojm.fr\/blog\/un-particulier-peut-il-acheter-un-vehicule-utilitaire\/"]}]},{"@type":"ImageObject","inLanguage":"fr-FR","@id":"https:\/\/www.autojm.fr\/blog\/un-particulier-peut-il-acheter-un-vehicule-utilitaire\/#primaryimage","url":"https:\/\/www.autojm.fr\/blog\/wp-content\/uploads\/2022\/10\/486.jpg","contentUrl":"https:\/\/www.autojm.fr\/blog\/wp-content\/uploads\/2022\/10\/486.jpg","width":1124,"height":416,"caption":"Utilitaire"},{"@type":"BreadcrumbList","@id":"https:\/\/www.autojm.fr\/blog\/un-particulier-peut-il-acheter-un-vehicule-utilitaire\/#breadcrumb","itemListElement":[{"@type":"ListItem","position":1,"name":"Accueil","item":"https:\/\/www.autojm.fr\/blog\/"},{"@type":"ListItem","position":2,"name":"Conseils &amp; Astuces","item":"https:\/\/www.autojm.fr\/blog\/conseils-astuces\/"},{"@type":"ListItem","position":3,"name":"Un particulier peut-il acheter un v\u00e9hicule utilitaire"}]},{"@type":"WebSite","@id":"https:\/\/www.autojm.fr\/blog\/#website","url":"https:\/\/www.autojm.fr\/blog\/","name":"AutoJM Mag","description":"Toute l&#039;actu auto en 1 clic !","publisher":{"@id":"https:\/\/www.autojm.fr\/blog\/#organization"},"potentialAction":[{"@type":"SearchAction","target":{"@type":"EntryPoint","urlTemplate":"https:\/\/www.autojm.fr\/blog\/?s={search_term_string}"},"query-input":{"@type":"PropertyValueSpecification","valueRequired":true,"valueName":"search_term_string"}}],"inLanguage":"fr-FR"},{"@type":"Organization","@id":"https:\/\/www.autojm.fr\/blog\/#organization","name":"AutoJM Mag","url":"https:\/\/www.autojm.fr\/blog\/","logo":{"@type":"ImageObject","inLanguage":"fr-FR","@id":"https:\/\/www.autojm.fr\/blog\/#\/schema\/logo\/image\/","url":"https:\/\/www.autojm.fr\/blog\/wp-content\/uploads\/2022\/12\/cropped-AutoJMag-png.png","contentUrl":"https:\/\/www.autojm.fr\/blog\/wp-content\/uploads\/2022\/12\/cropped-AutoJMag-png.png","width":2834,"height":585,"caption":"AutoJM Mag"},"image":{"@id":"https:\/\/www.autojm.fr\/blog\/#\/schema\/logo\/image\/"},"sameAs":["https:\/\/www.facebook.com\/AutoJM25"]},{"@type":"Person","@id":"https:\/\/www.autojm.fr\/blog\/#\/schema\/person\/9742bc77541853e0de81fc57f947e1a0","name":"Autojm","image":{"@type":"ImageObject","inLanguage":"fr-FR","@id":"https:\/\/secure.gravatar.com\/avatar\/9a959d52b758fcc232fe4b6aca7bab139182573297122cce7d6f2ee0e537b418?s=96&d=mm&r=g","url":"https:\/\/secure.gravatar.com\/avatar\/9a959d52b758fcc232fe4b6aca7bab139182573297122cce7d6f2ee0e537b418?s=96&d=mm&r=g","contentUrl":"https:\/\/secure.gravatar.com\/avatar\/9a959d52b758fcc232fe4b6aca7bab139182573297122cce7d6f2ee0e537b418?s=96&d=mm&r=g","caption":"Autojm"},"sameAs":["https:\/\/www.autojm.fr\/blog"],"url":"https:\/\/www.autojm.fr\/blog\/author\/bichoi\/"}]}},"_links":{"self":[{"href":"https:\/\/www.autojm.fr\/blog\/wp-json\/wp\/v2\/posts\/3760","targetHints":{"allow":["GET"]}}],"collection":[{"href":"https:\/\/www.autojm.fr\/blog\/wp-json\/wp\/v2\/posts"}],"about":[{"href":"https:\/\/www.autojm.fr\/blog\/wp-json\/wp\/v2\/types\/post"}],"author":[{"embeddable":true,"href":"https:\/\/www.autojm.fr\/blog\/wp-json\/wp\/v2\/users\/1"}],"replies":[{"embeddable":true,"href":"https:\/\/www.autojm.fr\/blog\/wp-json\/wp\/v2\/comments?post=3760"}],"version-history":[{"count":4,"href":"https:\/\/www.autojm.fr\/blog\/wp-json\/wp\/v2\/posts\/3760\/revisions"}],"predecessor-version":[{"id":7299,"href":"https:\/\/www.autojm.fr\/blog\/wp-json\/wp\/v2\/posts\/3760\/revisions\/7299"}],"wp:featuredmedia":[{"embeddable":true,"href":"https:\/\/www.autojm.fr\/blog\/wp-json\/wp\/v2\/media\/5820"}],"wp:attachment":[{"href":"https:\/\/www.autojm.fr\/blog\/wp-json\/wp\/v2\/media?parent=3760"}],"wp:term":[{"taxonomy":"category","embeddable":true,"href":"https:\/\/www.autojm.fr\/blog\/wp-json\/wp\/v2\/categories?post=3760"},{"taxonomy":"post_tag","embeddable":true,"href":"https:\/\/www.autojm.fr\/blog\/wp-json\/wp\/v2\/tags?post=3760"}],"curies":[{"name":"wp","href":"https:\/\/api.w.org\/{rel}","templated":true}]}}