{"id":3754,"date":"2019-07-24T00:00:00","date_gmt":"2019-07-24T00:00:00","guid":{"rendered":"https:\/\/www.autojm.fr\/blog\/renault-clio-5-la-citadine-la-plus-vendue-de-france\/"},"modified":"2023-04-18T12:56:39","modified_gmt":"2023-04-18T12:56:39","slug":"renault-clio-5-la-citadine-la-plus-vendue-de-france","status":"publish","type":"post","link":"https:\/\/www.autojm.fr\/blog\/renault-clio-5-la-citadine-la-plus-vendue-de-france\/","title":{"rendered":"Renault Clio 5, la citadine la plus vendue de France !"},"content":{"rendered":"<p><em>Elle \u00e9tait tr\u00e8s attendue par les amateurs de la marque au losange, la citadine phare du groupe fran\u00e7ais est d\u00e9sormais disponibles chez les revendeurs et les mandataires automobiles. Les diff\u00e9rences entre les 2 versions sont vraiment mineures mais regardez de plus pr\u00e8s, on va vous aider \u00e0 les trouver !<\/em><\/p>\n<h2>Evolution de la Clio 5, quels changements par rapport \u00e0 la Clio 4 ?<\/h2>\n<p>La 1\u00e8re diff\u00e9rence est le changement de la plateforme qui lui offre un soubassement in\u00e9dit et surtout qui permettra de supporter la motorisation hybride qui devrait voir le jour en 2020. A l&rsquo;int\u00e9rieur, l&rsquo;espace est optimis\u00e9 : il y a plus d&rsquo;espace pour les passagers et le coffre sera plus grand (91 litres de plus) alors que la longueur du v\u00e9hicule perd 14 mm.<\/p>\n<p>En regardant la face avant de plus pr\u00e8s, on s&rsquo;aper\u00e7oit que les optiques s&rsquo;allongent dot\u00e9es des feux signature avant C-shape LED . Cette technologie sera utilis\u00e9e sur le <a href=\"https:\/\/www.autojm.fr\/achat-voitures-neuves-renault-captur-2019-5p?part=blog&amp;utm_source=articleblog&amp;utm_medium=blog\">nouveau Captur<\/a> avec des feux C Shape \u00e0 l&rsquo;avant et \u00e0 l&rsquo;arri\u00e8re ! A l&rsquo;int\u00e9rieur, le grand changement est le choix des mat\u00e9riaux : on dira adieux au plastique dur et on verra apparaitre les plastiques mouss\u00e9s ou gain\u00e9s. La r\u00e9volution se trouve aussi au niveau du Smart Cockpit avec un \u00e9cran tactile vertical de 9.3 pouces de diagonale, la plus grande tablette propos\u00e9e par Renault \u00e0 ce jour. De plus, le compteur analogique sera d\u00e9sormais remplac\u00e9 par un \u00e9cran num\u00e9rique de 10 pouces selon les finitions.<\/p>\n<p>Il y a donc apparemment plus de changements qu&rsquo;on ne peut le penser, surtout avec la nouvelle motorisation hybride qui sera propos\u00e9e prochainement !<\/p>\n<h2>Quelles sont les finitions et motorisations disponibles sur Clio 5 ?<\/h2>\n<p>La <a href=\"https:\/\/www.autojm.fr\/achat-voitures-neuves-renault-clio-5-5p?part=blog&amp;utm_source=articleblog&amp;utm_medium=blog\">Renault clio 5<\/a> propose des motorisations Essence et Diesel pour sa sortie. Ces moteurs sont disponibles en 75, 100 et 130ch pour les Essence et en version Diesel, en Blue dci 85 et 115 ch. Une version RS avec plus de chevaux ne devrait voir le jour qu&rsquo;en 2021 certainement en version hybrid car les normes antipollution toujours plus intenses et le bar\u00e8me du malus \u00e9cologique ont eu raison des versions sportives.<\/p>\n<p>Une version Clio 5 comp\u00e9tition est propos\u00e9 pour les comp\u00e9titions officielles sur circuit avec des versions Clio 5 Cup, Rally et RX avec un moteur 1.3 tCe de 170 -180ch sur une base de Clio RS Line.<\/p>\n<p><iframe loading=\"lazy\" src=\"https:\/\/www.youtube.com\/embed\/Xya42ebnoLc\" width=\"100%\" height=\"315\" allowfullscreen=\"allowfullscreen\"><\/iframe><\/p>\n<p>En ce qui concerne les finitions, on retrouvera les m\u00eames que la Clio 4 : Life, Zen, Intens, RS Line et Initiale paris. Le tarif de d\u00e9part au 16\/07\/2019 annonc\u00e9 par Renault est de 17 800\u20ac.<\/p>\n<h2>Est-ce possible d&rsquo;acheter une Renault Clio 5 moins cher qu&rsquo;en concession ?<\/h2>\n<p>Comme annonc\u00e9 ci-dessus, le Constructeur fran\u00e7ais propose un tarif d&rsquo;entr\u00e9e de gamme avoisinant les 18 000\u20ac. Les importateurs et mandataires automobiles, sont capables de proposer des Remises pour l&rsquo;achat de votre voiture neuve et sous garantie constructeur 2 ans minimum. Les remises d\u00e9pendent du pays d&rsquo;exp\u00e9dition, des options du v\u00e9hicule, car attention, chez un mandataire les v\u00e9hicules sont tr\u00e8s souvent sur\u00e9quip\u00e9s par rapport \u00e0 son \u00e9quivalent en France !<\/p>\n<h2>Quelle est la diff\u00e9rence entre la nouvelle Clio 5 en concession et celle propos\u00e9e par les mandataires ?<\/h2>\n<p>La seule diff\u00e9rence est que la voiture est moins ch\u00e8re qu&rsquo;en concession pour un mod\u00e8le \u00e9quivalent. Les v\u00e9hicules sont bien \u00e9videmment sous garantie constructeur 2 ans minimum dans les concessions de la marque Bien que le v\u00e9hicule soit produit dans les m\u00eames usines que ceux vendus par le r\u00e9seau fran\u00e7ais , soit les usines de Turquie, Slov\u00e9nie ou Flins, ce v\u00e9hicule sera propos\u00e9 en version sur\u00e9quip\u00e9 et avec un prix moins important.<\/p>\n<h2>Quels sont les principaux concurrents de la Clio 5 ?<\/h2>\n<p>Si votre choix ne s&rsquo;arr\u00eate pas pour un achat d&rsquo;une clio 5 par mandataire, vous aurez le choix parmi ces concurrents du m\u00eame segment. La \u00ab tueuse \u00bb ou encore la <a href=\"https:\/\/www.autojm.fr\/achat-voitures-neuves-peugeot-208-5p?part=blog&amp;utm_source=articleblog&amp;utm_medium=blog\">nouvelle Peugeot 208<\/a> sera la principale concurrente de la citadine, de par ses \u00ab r\u00e9els changements \u00bb et surtout de son look qui est tr\u00e8s largement inspir\u00e9 de la Nouvelle 508 ou encore du nouveau 2008 qui va voir le jour en fin d&rsquo;ann\u00e9e 2019. Sinon, vous aurez le choix sur des v\u00e9hicules \u00ab \u00e9trangers \u00bb de type Polo qui de par sa \u00ab Deutsche Qualit\u00e4t \u00bb n&rsquo;a plus \u00e0 prouver sa qualit\u00e9 ou encore la Seat Ibiza qui est une alternative int\u00e9ressante \u00e0 la Polo dont la diff\u00e9rence de prix devient moins importante et surtout la carrosserie est plus agr\u00e9able. Il est donc fort probable que le match des citadines se fasse entre Clio 5 Vs nouvelle 208<\/p>\n<h2>Une version break pour la Clio 5 ?<\/h2>\n<p>Apr\u00e8s l&rsquo;arr\u00eat de la 3 portes sur la Clio 4, Renault parle d\u00e9sormais de ne pas sortir sa Clio 5 en version Break ! Le segment des familiales n&rsquo;ayant plus la c\u00f4te, le constructeur semble se d\u00e9vouer pleinement au SUV avec la sortie du nouveau Captur d&rsquo;ici quelques mois avec un gabarit qui passera de 4.12 m \u00e0 4.22m.<\/p>\n<h2>Essai et vid\u00e9o de Renault Clio 5<\/h2>\n<p>Les journalistes ont eu la chance de monter \u00e0 bord de cette citadine restyl\u00e9e, voici l&rsquo;aper\u00e7u de leur test en vid\u00e9o :<\/p>\n<p><iframe loading=\"lazy\" src=\"https:\/\/www.youtube.com\/embed\/3qw5nlA2dr8\" width=\"100%\" height=\"315\" allowfullscreen=\"allowfullscreen\"><\/iframe><\/p>\n","protected":false},"excerpt":{"rendered":"<p>Elle \u00e9tait tr\u00e8s attendue par les amateurs de la marque au losange, la citadine phare du groupe fran\u00e7ais est d\u00e9sormais disponibles chez les revendeurs et les mandataires automobiles. Les diff\u00e9rences entre les 2 versions sont vraiment mineures mais regardez de plus pr\u00e8s, on va vous aider \u00e0 les trouver !<\/p>\n","protected":false},"author":1,"featured_media":5814,"comment_status":"open","ping_status":"open","sticky":false,"template":"","format":"standard","meta":{"_acf_changed":false,"content-type":"","footnotes":""},"categories":[62,61],"tags":[90,78,140],"class_list":["post-3754","post","type-post","status-publish","format-standard","has-post-thumbnail","hentry","category-nouveaute-renault","category-nouveautes-autos","tag-autojm","tag-renault","tag-renault-clio-5"],"acf":[],"yoast_head":"<!-- This site is optimized with the Yoast SEO plugin v27.5 - https:\/\/yoast.com\/product\/yoast-seo-wordpress\/ -->\n<title>Renault Clio 5, la citadine la plus vendue de France ! - AutoJM Mag<\/title>\n<meta name=\"description\" content=\"Elle \u00e9tait tr\u00e8s attendue par les amateurs de la marque au losange, la citadine phare du groupe fran\u00e7ais est d\u00e9sormais disponibles chez...\" \/>\n<meta name=\"robots\" content=\"index, follow, max-snippet:-1, max-image-preview:large, max-video-preview:-1\" \/>\n<link rel=\"canonical\" href=\"https:\/\/www.autojm.fr\/blog\/renault-clio-5-la-citadine-la-plus-vendue-de-france\/\" \/>\n<meta property=\"og:locale\" content=\"fr_FR\" \/>\n<meta property=\"og:type\" content=\"article\" \/>\n<meta property=\"og:title\" content=\"Renault Clio 5, la citadine la plus vendue de France ! - AutoJM Mag\" \/>\n<meta property=\"og:description\" content=\"Elle \u00e9tait tr\u00e8s attendue par les amateurs de la marque au losange, la citadine phare du groupe fran\u00e7ais est d\u00e9sormais disponibles chez...\" \/>\n<meta property=\"og:url\" content=\"https:\/\/www.autojm.fr\/blog\/renault-clio-5-la-citadine-la-plus-vendue-de-france\/\" \/>\n<meta property=\"og:site_name\" content=\"AutoJM Mag\" \/>\n<meta property=\"article:publisher\" content=\"https:\/\/www.facebook.com\/AutoJM25\" \/>\n<meta property=\"article:published_time\" content=\"2019-07-24T00:00:00+00:00\" \/>\n<meta property=\"article:modified_time\" content=\"2023-04-18T12:56:39+00:00\" \/>\n<meta property=\"og:image\" content=\"https:\/\/www.autojm.fr\/blog\/wp-content\/uploads\/2022\/10\/481.jpg\" \/>\n\t<meta property=\"og:image:width\" content=\"1033\" \/>\n\t<meta property=\"og:image:height\" content=\"712\" \/>\n\t<meta property=\"og:image:type\" content=\"image\/jpeg\" \/>\n<meta name=\"author\" content=\"Autojm\" \/>\n<meta name=\"twitter:card\" content=\"summary_large_image\" \/>\n<meta name=\"twitter:label1\" content=\"\u00c9crit par\" \/>\n\t<meta name=\"twitter:data1\" content=\"Autojm\" \/>\n\t<meta name=\"twitter:label2\" content=\"Dur\u00e9e de lecture estim\u00e9e\" \/>\n\t<meta name=\"twitter:data2\" content=\"5 minutes\" \/>\n<script type=\"application\/ld+json\" class=\"yoast-schema-graph\">{\"@context\":\"https:\\\/\\\/schema.org\",\"@graph\":[{\"@type\":\"Article\",\"@id\":\"https:\\\/\\\/www.autojm.fr\\\/blog\\\/renault-clio-5-la-citadine-la-plus-vendue-de-france\\\/#article\",\"isPartOf\":{\"@id\":\"https:\\\/\\\/www.autojm.fr\\\/blog\\\/renault-clio-5-la-citadine-la-plus-vendue-de-france\\\/\"},\"author\":{\"name\":\"Autojm\",\"@id\":\"https:\\\/\\\/www.autojm.fr\\\/blog\\\/#\\\/schema\\\/person\\\/9742bc77541853e0de81fc57f947e1a0\"},\"headline\":\"Renault Clio 5, la citadine la plus vendue de France !\",\"datePublished\":\"2019-07-24T00:00:00+00:00\",\"dateModified\":\"2023-04-18T12:56:39+00:00\",\"mainEntityOfPage\":{\"@id\":\"https:\\\/\\\/www.autojm.fr\\\/blog\\\/renault-clio-5-la-citadine-la-plus-vendue-de-france\\\/\"},\"wordCount\":852,\"commentCount\":0,\"publisher\":{\"@id\":\"https:\\\/\\\/www.autojm.fr\\\/blog\\\/#organization\"},\"image\":{\"@id\":\"https:\\\/\\\/www.autojm.fr\\\/blog\\\/renault-clio-5-la-citadine-la-plus-vendue-de-france\\\/#primaryimage\"},\"thumbnailUrl\":\"https:\\\/\\\/www.autojm.fr\\\/blog\\\/wp-content\\\/uploads\\\/2022\\\/10\\\/481.jpg\",\"keywords\":[\"autojm\",\"renault\",\"Renault Clio 5\"],\"articleSection\":[\"Nouveaut\u00e9 Renault\",\"Nouveaut\u00e9s Autos\"],\"inLanguage\":\"fr-FR\",\"potentialAction\":[{\"@type\":\"CommentAction\",\"name\":\"Comment\",\"target\":[\"https:\\\/\\\/www.autojm.fr\\\/blog\\\/renault-clio-5-la-citadine-la-plus-vendue-de-france\\\/#respond\"]}]},{\"@type\":\"WebPage\",\"@id\":\"https:\\\/\\\/www.autojm.fr\\\/blog\\\/renault-clio-5-la-citadine-la-plus-vendue-de-france\\\/\",\"url\":\"https:\\\/\\\/www.autojm.fr\\\/blog\\\/renault-clio-5-la-citadine-la-plus-vendue-de-france\\\/\",\"name\":\"Renault Clio 5, la citadine la plus vendue de France ! - AutoJM Mag\",\"isPartOf\":{\"@id\":\"https:\\\/\\\/www.autojm.fr\\\/blog\\\/#website\"},\"primaryImageOfPage\":{\"@id\":\"https:\\\/\\\/www.autojm.fr\\\/blog\\\/renault-clio-5-la-citadine-la-plus-vendue-de-france\\\/#primaryimage\"},\"image\":{\"@id\":\"https:\\\/\\\/www.autojm.fr\\\/blog\\\/renault-clio-5-la-citadine-la-plus-vendue-de-france\\\/#primaryimage\"},\"thumbnailUrl\":\"https:\\\/\\\/www.autojm.fr\\\/blog\\\/wp-content\\\/uploads\\\/2022\\\/10\\\/481.jpg\",\"datePublished\":\"2019-07-24T00:00:00+00:00\",\"dateModified\":\"2023-04-18T12:56:39+00:00\",\"description\":\"Elle \u00e9tait tr\u00e8s attendue par les amateurs de la marque au losange, la citadine phare du groupe fran\u00e7ais est d\u00e9sormais disponibles chez...\",\"breadcrumb\":{\"@id\":\"https:\\\/\\\/www.autojm.fr\\\/blog\\\/renault-clio-5-la-citadine-la-plus-vendue-de-france\\\/#breadcrumb\"},\"inLanguage\":\"fr-FR\",\"potentialAction\":[{\"@type\":\"ReadAction\",\"target\":[\"https:\\\/\\\/www.autojm.fr\\\/blog\\\/renault-clio-5-la-citadine-la-plus-vendue-de-france\\\/\"]}]},{\"@type\":\"ImageObject\",\"inLanguage\":\"fr-FR\",\"@id\":\"https:\\\/\\\/www.autojm.fr\\\/blog\\\/renault-clio-5-la-citadine-la-plus-vendue-de-france\\\/#primaryimage\",\"url\":\"https:\\\/\\\/www.autojm.fr\\\/blog\\\/wp-content\\\/uploads\\\/2022\\\/10\\\/481.jpg\",\"contentUrl\":\"https:\\\/\\\/www.autojm.fr\\\/blog\\\/wp-content\\\/uploads\\\/2022\\\/10\\\/481.jpg\",\"width\":1033,\"height\":712,\"caption\":\"Renault Clio 5\"},{\"@type\":\"BreadcrumbList\",\"@id\":\"https:\\\/\\\/www.autojm.fr\\\/blog\\\/renault-clio-5-la-citadine-la-plus-vendue-de-france\\\/#breadcrumb\",\"itemListElement\":[{\"@type\":\"ListItem\",\"position\":1,\"name\":\"Accueil\",\"item\":\"https:\\\/\\\/www.autojm.fr\\\/blog\\\/\"},{\"@type\":\"ListItem\",\"position\":2,\"name\":\"Nouveaut\u00e9s Autos\",\"item\":\"https:\\\/\\\/www.autojm.fr\\\/blog\\\/nouveautes-autos\\\/\"},{\"@type\":\"ListItem\",\"position\":3,\"name\":\"Renault Clio 5, la citadine la plus vendue de France !\"}]},{\"@type\":\"WebSite\",\"@id\":\"https:\\\/\\\/www.autojm.fr\\\/blog\\\/#website\",\"url\":\"https:\\\/\\\/www.autojm.fr\\\/blog\\\/\",\"name\":\"AutoJM Mag\",\"description\":\"Toute l&#039;actu auto en 1 clic !\",\"publisher\":{\"@id\":\"https:\\\/\\\/www.autojm.fr\\\/blog\\\/#organization\"},\"potentialAction\":[{\"@type\":\"SearchAction\",\"target\":{\"@type\":\"EntryPoint\",\"urlTemplate\":\"https:\\\/\\\/www.autojm.fr\\\/blog\\\/?s={search_term_string}\"},\"query-input\":{\"@type\":\"PropertyValueSpecification\",\"valueRequired\":true,\"valueName\":\"search_term_string\"}}],\"inLanguage\":\"fr-FR\"},{\"@type\":\"Organization\",\"@id\":\"https:\\\/\\\/www.autojm.fr\\\/blog\\\/#organization\",\"name\":\"AutoJM Mag\",\"url\":\"https:\\\/\\\/www.autojm.fr\\\/blog\\\/\",\"logo\":{\"@type\":\"ImageObject\",\"inLanguage\":\"fr-FR\",\"@id\":\"https:\\\/\\\/www.autojm.fr\\\/blog\\\/#\\\/schema\\\/logo\\\/image\\\/\",\"url\":\"https:\\\/\\\/www.autojm.fr\\\/blog\\\/wp-content\\\/uploads\\\/2022\\\/12\\\/cropped-AutoJMag-png.png\",\"contentUrl\":\"https:\\\/\\\/www.autojm.fr\\\/blog\\\/wp-content\\\/uploads\\\/2022\\\/12\\\/cropped-AutoJMag-png.png\",\"width\":2834,\"height\":585,\"caption\":\"AutoJM Mag\"},\"image\":{\"@id\":\"https:\\\/\\\/www.autojm.fr\\\/blog\\\/#\\\/schema\\\/logo\\\/image\\\/\"},\"sameAs\":[\"https:\\\/\\\/www.facebook.com\\\/AutoJM25\"]},{\"@type\":\"Person\",\"@id\":\"https:\\\/\\\/www.autojm.fr\\\/blog\\\/#\\\/schema\\\/person\\\/9742bc77541853e0de81fc57f947e1a0\",\"name\":\"Autojm\",\"image\":{\"@type\":\"ImageObject\",\"inLanguage\":\"fr-FR\",\"@id\":\"https:\\\/\\\/secure.gravatar.com\\\/avatar\\\/9a959d52b758fcc232fe4b6aca7bab139182573297122cce7d6f2ee0e537b418?s=96&d=mm&r=g\",\"url\":\"https:\\\/\\\/secure.gravatar.com\\\/avatar\\\/9a959d52b758fcc232fe4b6aca7bab139182573297122cce7d6f2ee0e537b418?s=96&d=mm&r=g\",\"contentUrl\":\"https:\\\/\\\/secure.gravatar.com\\\/avatar\\\/9a959d52b758fcc232fe4b6aca7bab139182573297122cce7d6f2ee0e537b418?s=96&d=mm&r=g\",\"caption\":\"Autojm\"},\"sameAs\":[\"https:\\\/\\\/www.autojm.fr\\\/blog\"],\"url\":\"https:\\\/\\\/www.autojm.fr\\\/blog\\\/author\\\/bichoi\\\/\"}]}<\/script>\n<!-- \/ Yoast SEO plugin. -->","yoast_head_json":{"title":"Renault Clio 5, la citadine la plus vendue de France ! - AutoJM Mag","description":"Elle \u00e9tait tr\u00e8s attendue par les amateurs de la marque au losange, la citadine phare du groupe fran\u00e7ais est d\u00e9sormais disponibles chez...","robots":{"index":"index","follow":"follow","max-snippet":"max-snippet:-1","max-image-preview":"max-image-preview:large","max-video-preview":"max-video-preview:-1"},"canonical":"https:\/\/www.autojm.fr\/blog\/renault-clio-5-la-citadine-la-plus-vendue-de-france\/","og_locale":"fr_FR","og_type":"article","og_title":"Renault Clio 5, la citadine la plus vendue de France ! - AutoJM Mag","og_description":"Elle \u00e9tait tr\u00e8s attendue par les amateurs de la marque au losange, la citadine phare du groupe fran\u00e7ais est d\u00e9sormais disponibles chez...","og_url":"https:\/\/www.autojm.fr\/blog\/renault-clio-5-la-citadine-la-plus-vendue-de-france\/","og_site_name":"AutoJM Mag","article_publisher":"https:\/\/www.facebook.com\/AutoJM25","article_published_time":"2019-07-24T00:00:00+00:00","article_modified_time":"2023-04-18T12:56:39+00:00","og_image":[{"width":1033,"height":712,"url":"https:\/\/www.autojm.fr\/blog\/wp-content\/uploads\/2022\/10\/481.jpg","type":"image\/jpeg"}],"author":"Autojm","twitter_card":"summary_large_image","twitter_misc":{"\u00c9crit par":"Autojm","Dur\u00e9e de lecture estim\u00e9e":"5 minutes"},"schema":{"@context":"https:\/\/schema.org","@graph":[{"@type":"Article","@id":"https:\/\/www.autojm.fr\/blog\/renault-clio-5-la-citadine-la-plus-vendue-de-france\/#article","isPartOf":{"@id":"https:\/\/www.autojm.fr\/blog\/renault-clio-5-la-citadine-la-plus-vendue-de-france\/"},"author":{"name":"Autojm","@id":"https:\/\/www.autojm.fr\/blog\/#\/schema\/person\/9742bc77541853e0de81fc57f947e1a0"},"headline":"Renault Clio 5, la citadine la plus vendue de France !","datePublished":"2019-07-24T00:00:00+00:00","dateModified":"2023-04-18T12:56:39+00:00","mainEntityOfPage":{"@id":"https:\/\/www.autojm.fr\/blog\/renault-clio-5-la-citadine-la-plus-vendue-de-france\/"},"wordCount":852,"commentCount":0,"publisher":{"@id":"https:\/\/www.autojm.fr\/blog\/#organization"},"image":{"@id":"https:\/\/www.autojm.fr\/blog\/renault-clio-5-la-citadine-la-plus-vendue-de-france\/#primaryimage"},"thumbnailUrl":"https:\/\/www.autojm.fr\/blog\/wp-content\/uploads\/2022\/10\/481.jpg","keywords":["autojm","renault","Renault Clio 5"],"articleSection":["Nouveaut\u00e9 Renault","Nouveaut\u00e9s Autos"],"inLanguage":"fr-FR","potentialAction":[{"@type":"CommentAction","name":"Comment","target":["https:\/\/www.autojm.fr\/blog\/renault-clio-5-la-citadine-la-plus-vendue-de-france\/#respond"]}]},{"@type":"WebPage","@id":"https:\/\/www.autojm.fr\/blog\/renault-clio-5-la-citadine-la-plus-vendue-de-france\/","url":"https:\/\/www.autojm.fr\/blog\/renault-clio-5-la-citadine-la-plus-vendue-de-france\/","name":"Renault Clio 5, la citadine la plus vendue de France ! - AutoJM Mag","isPartOf":{"@id":"https:\/\/www.autojm.fr\/blog\/#website"},"primaryImageOfPage":{"@id":"https:\/\/www.autojm.fr\/blog\/renault-clio-5-la-citadine-la-plus-vendue-de-france\/#primaryimage"},"image":{"@id":"https:\/\/www.autojm.fr\/blog\/renault-clio-5-la-citadine-la-plus-vendue-de-france\/#primaryimage"},"thumbnailUrl":"https:\/\/www.autojm.fr\/blog\/wp-content\/uploads\/2022\/10\/481.jpg","datePublished":"2019-07-24T00:00:00+00:00","dateModified":"2023-04-18T12:56:39+00:00","description":"Elle \u00e9tait tr\u00e8s attendue par les amateurs de la marque au losange, la citadine phare du groupe fran\u00e7ais est d\u00e9sormais disponibles chez...","breadcrumb":{"@id":"https:\/\/www.autojm.fr\/blog\/renault-clio-5-la-citadine-la-plus-vendue-de-france\/#breadcrumb"},"inLanguage":"fr-FR","potentialAction":[{"@type":"ReadAction","target":["https:\/\/www.autojm.fr\/blog\/renault-clio-5-la-citadine-la-plus-vendue-de-france\/"]}]},{"@type":"ImageObject","inLanguage":"fr-FR","@id":"https:\/\/www.autojm.fr\/blog\/renault-clio-5-la-citadine-la-plus-vendue-de-france\/#primaryimage","url":"https:\/\/www.autojm.fr\/blog\/wp-content\/uploads\/2022\/10\/481.jpg","contentUrl":"https:\/\/www.autojm.fr\/blog\/wp-content\/uploads\/2022\/10\/481.jpg","width":1033,"height":712,"caption":"Renault Clio 5"},{"@type":"BreadcrumbList","@id":"https:\/\/www.autojm.fr\/blog\/renault-clio-5-la-citadine-la-plus-vendue-de-france\/#breadcrumb","itemListElement":[{"@type":"ListItem","position":1,"name":"Accueil","item":"https:\/\/www.autojm.fr\/blog\/"},{"@type":"ListItem","position":2,"name":"Nouveaut\u00e9s Autos","item":"https:\/\/www.autojm.fr\/blog\/nouveautes-autos\/"},{"@type":"ListItem","position":3,"name":"Renault Clio 5, la citadine la plus vendue de France !"}]},{"@type":"WebSite","@id":"https:\/\/www.autojm.fr\/blog\/#website","url":"https:\/\/www.autojm.fr\/blog\/","name":"AutoJM Mag","description":"Toute l&#039;actu auto en 1 clic !","publisher":{"@id":"https:\/\/www.autojm.fr\/blog\/#organization"},"potentialAction":[{"@type":"SearchAction","target":{"@type":"EntryPoint","urlTemplate":"https:\/\/www.autojm.fr\/blog\/?s={search_term_string}"},"query-input":{"@type":"PropertyValueSpecification","valueRequired":true,"valueName":"search_term_string"}}],"inLanguage":"fr-FR"},{"@type":"Organization","@id":"https:\/\/www.autojm.fr\/blog\/#organization","name":"AutoJM Mag","url":"https:\/\/www.autojm.fr\/blog\/","logo":{"@type":"ImageObject","inLanguage":"fr-FR","@id":"https:\/\/www.autojm.fr\/blog\/#\/schema\/logo\/image\/","url":"https:\/\/www.autojm.fr\/blog\/wp-content\/uploads\/2022\/12\/cropped-AutoJMag-png.png","contentUrl":"https:\/\/www.autojm.fr\/blog\/wp-content\/uploads\/2022\/12\/cropped-AutoJMag-png.png","width":2834,"height":585,"caption":"AutoJM Mag"},"image":{"@id":"https:\/\/www.autojm.fr\/blog\/#\/schema\/logo\/image\/"},"sameAs":["https:\/\/www.facebook.com\/AutoJM25"]},{"@type":"Person","@id":"https:\/\/www.autojm.fr\/blog\/#\/schema\/person\/9742bc77541853e0de81fc57f947e1a0","name":"Autojm","image":{"@type":"ImageObject","inLanguage":"fr-FR","@id":"https:\/\/secure.gravatar.com\/avatar\/9a959d52b758fcc232fe4b6aca7bab139182573297122cce7d6f2ee0e537b418?s=96&d=mm&r=g","url":"https:\/\/secure.gravatar.com\/avatar\/9a959d52b758fcc232fe4b6aca7bab139182573297122cce7d6f2ee0e537b418?s=96&d=mm&r=g","contentUrl":"https:\/\/secure.gravatar.com\/avatar\/9a959d52b758fcc232fe4b6aca7bab139182573297122cce7d6f2ee0e537b418?s=96&d=mm&r=g","caption":"Autojm"},"sameAs":["https:\/\/www.autojm.fr\/blog"],"url":"https:\/\/www.autojm.fr\/blog\/author\/bichoi\/"}]}},"_links":{"self":[{"href":"https:\/\/www.autojm.fr\/blog\/wp-json\/wp\/v2\/posts\/3754","targetHints":{"allow":["GET"]}}],"collection":[{"href":"https:\/\/www.autojm.fr\/blog\/wp-json\/wp\/v2\/posts"}],"about":[{"href":"https:\/\/www.autojm.fr\/blog\/wp-json\/wp\/v2\/types\/post"}],"author":[{"embeddable":true,"href":"https:\/\/www.autojm.fr\/blog\/wp-json\/wp\/v2\/users\/1"}],"replies":[{"embeddable":true,"href":"https:\/\/www.autojm.fr\/blog\/wp-json\/wp\/v2\/comments?post=3754"}],"version-history":[{"count":5,"href":"https:\/\/www.autojm.fr\/blog\/wp-json\/wp\/v2\/posts\/3754\/revisions"}],"predecessor-version":[{"id":9305,"href":"https:\/\/www.autojm.fr\/blog\/wp-json\/wp\/v2\/posts\/3754\/revisions\/9305"}],"wp:featuredmedia":[{"embeddable":true,"href":"https:\/\/www.autojm.fr\/blog\/wp-json\/wp\/v2\/media\/5814"}],"wp:attachment":[{"href":"https:\/\/www.autojm.fr\/blog\/wp-json\/wp\/v2\/media?parent=3754"}],"wp:term":[{"taxonomy":"category","embeddable":true,"href":"https:\/\/www.autojm.fr\/blog\/wp-json\/wp\/v2\/categories?post=3754"},{"taxonomy":"post_tag","embeddable":true,"href":"https:\/\/www.autojm.fr\/blog\/wp-json\/wp\/v2\/tags?post=3754"}],"curies":[{"name":"wp","href":"https:\/\/api.w.org\/{rel}","templated":true}]}}