{"id":3752,"date":"2019-05-16T00:00:00","date_gmt":"2019-05-16T00:00:00","guid":{"rendered":"https:\/\/www.autojm.fr\/blog\/nouvelle-peugeot-208-la-citadine-phare-de-lannee-2019\/"},"modified":"2023-04-19T12:17:39","modified_gmt":"2023-04-19T12:17:39","slug":"nouvelle-peugeot-208-la-citadine-phare-de-lannee-2019","status":"publish","type":"post","link":"https:\/\/www.autojm.fr\/blog\/nouvelle-peugeot-208-la-citadine-phare-de-lannee-2019\/","title":{"rendered":"Nouvelle Peugeot 208, la citadine phare de l&rsquo;ann\u00e9e 2019"},"content":{"rendered":"<p><em>La nouvelle Peugeot 208 se restylise avec son \u00e9dition 2019. Zoom sur les nouveaut\u00e9s et les \u00e9quipements de la future citadine de la marque au Lion.<\/em><\/p>\n<p>R\u00e9v\u00e9l\u00e9e au grand public lors du salon de Gen\u00e8ve en d\u00e9but mars, la version GT Line de la <a href=\"https:\/\/www.autojm.fr\/achat-voitures-neuves-peugeot-208-2019-5p?part=blog&amp;utm_source=articleblog&amp;utm_medium=blog\"><strong>nouvelle Peugeot 208 <\/strong><\/a>est disponible en pr\u00e9commande. \u00e0 ce jour, plus de <strong>1100 r\u00e9servations<\/strong> ont d\u00e9j\u00e0 \u00e9t\u00e9 effectu\u00e9es sur le site du constructeur fran\u00e7ais.<\/p>\n<h2>Un prix de d\u00e9part \u00e0 16 000\u20ac, son point fort face \u00e0 ses concurrentes !<\/h2>\n<p>Au 29 avril 2019, la grille tarifaire communiqu\u00e9e par Peugeot annonce la future<\/p>\n<p><em>La nouvelle Peugeot e-208 au salon de Gen\u00e8ve 2019.<\/em><\/p>\n<h2>Un design repens\u00e9<\/h2>\n<p>Dans l&rsquo;esprit actuel du design futuriste des v\u00e9hicules de la marque au Lion, la nouvelle Peugeot 208 b\u00e9n\u00e9ficie, elle aussi, d&rsquo;une l\u00e9g\u00e8re refonte.<br \/>\n<strong>Allong\u00e9e de 8cm<\/strong> par rapport au mod\u00e8le actuel, elle <strong>s&rsquo;abaisse \u00e9galement de 3cm<\/strong> afin de lui donner un air plus allong\u00e9, non pas s&rsquo;en rappeler la <a href=\"https:\/\/www.autojm.fr\/achat-voitures-neuves-peugeot-nouvelle-508-5p?part=blog&amp;utm_source=articleblog&amp;utm_medium=blog\">Peugeot 508<\/a>. La pr\u00e9sence du <strong>chiffre sur le capot<\/strong> ainsi que les <strong>feux arri\u00e8res \u00e0 3 griffes <\/strong>reli\u00e9s par un bandeau noir s&rsquo;inspire, une nouvelle fois, de la <strong>berline 508<\/strong>.<\/p>\n<h2>Des \u00e9quipements de s\u00e9ries int\u00e9ressants<\/h2>\n<p>La version GT Line, la seule pr\u00e9sent\u00e9e pour le moment, poss\u00e8de de nombreux \u00e9quipements, avec <strong>quelques nouveaut\u00e9s au niveau multim\u00e9dia<\/strong>.<br \/>\nLe principal changement se situe au niveau de son <strong>i-Cockpit<\/strong> avec l&rsquo;ajout d&rsquo;une <strong>fonction 3 dimensions sur l&rsquo;\u00e9cran num\u00e9rique<\/strong> cens\u00e9e am\u00e9liorer la lisibilit\u00e9 de l&rsquo;\u00e9cran.<br \/>\nOn retrouve d&rsquo;autres \u00e9quipements plus \u201cclassiques\u201d : Cam\u00e9ra de recul (Visiopark 1), feux arri\u00e8res \u00e0 LED, aide au d\u00e9marrage en c\u00f4te, Peugeot Connect SOS&amp;Assistance, r\u00e9troviseurs d\u00e9givrants et rabattables \u00e9lectriquement, navigation GPS 3D, frein \u00e0 main \u00e9lectrique \u2026<\/p>\n<p>Petit b\u00e9mol, le volume du <strong>coffre est de 265 litres<\/strong>, soit 20 de moins que le mod\u00e8le pr\u00e9c\u00e9dent et bien inf\u00e9rieur \u00e0 celui d&rsquo;une <strong><a href=\"https:\/\/www.autojm.fr\/mandataire-voitures-neuves-volkswagen\">Volkswagen Polo<\/a> qui en fait 350<\/strong>.<\/p>\n<h2><\/h2>\n","protected":false},"excerpt":{"rendered":"<p>R\u00e9v\u00e9l\u00e9e au grand public lors du salon de Gen\u00e8ve en d\u00e9but mars, la version GT Line de la nouvelle Peugeot 208 est disponible en pr\u00e9commande. \u00e0 ce jour, plus de 1100 r\u00e9servations ont d\u00e9j\u00e0 \u00e9t\u00e9 effectu\u00e9es sur le site du constructeur fran\u00e7ais.<\/p>\n","protected":false},"author":1,"featured_media":5812,"comment_status":"open","ping_status":"open","sticky":false,"template":"","format":"standard","meta":{"_acf_changed":false,"content-type":"","footnotes":""},"categories":[5],"tags":[90,73,114,136],"class_list":["post-3752","post","type-post","status-publish","format-standard","has-post-thumbnail","hentry","category-actualite-automobile","tag-autojm","tag-peugeot","tag-peugeot-208","tag-peugeot-508"],"acf":[],"yoast_head":"<!-- This site is optimized with the Yoast SEO plugin v27.5 - https:\/\/yoast.com\/product\/yoast-seo-wordpress\/ -->\n<title>Nouvelle Peugeot 208, la citadine phare de l&#039;ann\u00e9e 2019 - AutoJM Mag<\/title>\n<meta name=\"description\" content=\"La nouvelle Peugeot 208 se restylise avec son \u00e9dition 2019. Zoom sur les nouveaut\u00e9s et les \u00e9quipements de la future citadine de la...\" \/>\n<meta name=\"robots\" content=\"index, follow, max-snippet:-1, max-image-preview:large, max-video-preview:-1\" \/>\n<link rel=\"canonical\" href=\"https:\/\/www.autojm.fr\/blog\/nouvelle-peugeot-208-la-citadine-phare-de-lannee-2019\/\" \/>\n<meta property=\"og:locale\" content=\"fr_FR\" \/>\n<meta property=\"og:type\" content=\"article\" \/>\n<meta property=\"og:title\" content=\"Nouvelle Peugeot 208, la citadine phare de l&#039;ann\u00e9e 2019 - AutoJM Mag\" \/>\n<meta property=\"og:description\" content=\"La nouvelle Peugeot 208 se restylise avec son \u00e9dition 2019. Zoom sur les nouveaut\u00e9s et les \u00e9quipements de la future citadine de la...\" \/>\n<meta property=\"og:url\" content=\"https:\/\/www.autojm.fr\/blog\/nouvelle-peugeot-208-la-citadine-phare-de-lannee-2019\/\" \/>\n<meta property=\"og:site_name\" content=\"AutoJM Mag\" \/>\n<meta property=\"article:publisher\" content=\"https:\/\/www.facebook.com\/AutoJM25\" \/>\n<meta property=\"article:published_time\" content=\"2019-05-16T00:00:00+00:00\" \/>\n<meta property=\"article:modified_time\" content=\"2023-04-19T12:17:39+00:00\" \/>\n<meta property=\"og:image\" content=\"https:\/\/www.autojm.fr\/blog\/wp-content\/uploads\/2022\/10\/476.jpg\" \/>\n\t<meta property=\"og:image:width\" content=\"1024\" \/>\n\t<meta property=\"og:image:height\" content=\"478\" \/>\n\t<meta property=\"og:image:type\" content=\"image\/jpeg\" \/>\n<meta name=\"author\" content=\"Autojm\" \/>\n<meta name=\"twitter:card\" content=\"summary_large_image\" \/>\n<meta name=\"twitter:label1\" content=\"\u00c9crit par\" \/>\n\t<meta name=\"twitter:data1\" content=\"Autojm\" \/>\n\t<meta name=\"twitter:label2\" content=\"Dur\u00e9e de lecture estim\u00e9e\" \/>\n\t<meta name=\"twitter:data2\" content=\"2 minutes\" \/>\n<script type=\"application\/ld+json\" class=\"yoast-schema-graph\">{\"@context\":\"https:\\\/\\\/schema.org\",\"@graph\":[{\"@type\":\"Article\",\"@id\":\"https:\\\/\\\/www.autojm.fr\\\/blog\\\/nouvelle-peugeot-208-la-citadine-phare-de-lannee-2019\\\/#article\",\"isPartOf\":{\"@id\":\"https:\\\/\\\/www.autojm.fr\\\/blog\\\/nouvelle-peugeot-208-la-citadine-phare-de-lannee-2019\\\/\"},\"author\":{\"name\":\"Autojm\",\"@id\":\"https:\\\/\\\/www.autojm.fr\\\/blog\\\/#\\\/schema\\\/person\\\/9742bc77541853e0de81fc57f947e1a0\"},\"headline\":\"Nouvelle Peugeot 208, la citadine phare de l&rsquo;ann\u00e9e 2019\",\"datePublished\":\"2019-05-16T00:00:00+00:00\",\"dateModified\":\"2023-04-19T12:17:39+00:00\",\"mainEntityOfPage\":{\"@id\":\"https:\\\/\\\/www.autojm.fr\\\/blog\\\/nouvelle-peugeot-208-la-citadine-phare-de-lannee-2019\\\/\"},\"wordCount\":333,\"commentCount\":0,\"publisher\":{\"@id\":\"https:\\\/\\\/www.autojm.fr\\\/blog\\\/#organization\"},\"image\":{\"@id\":\"https:\\\/\\\/www.autojm.fr\\\/blog\\\/nouvelle-peugeot-208-la-citadine-phare-de-lannee-2019\\\/#primaryimage\"},\"thumbnailUrl\":\"https:\\\/\\\/www.autojm.fr\\\/blog\\\/wp-content\\\/uploads\\\/2022\\\/10\\\/476.jpg\",\"keywords\":[\"autojm\",\"peugeot\",\"Peugeot 208\",\"Peugeot 508\"],\"articleSection\":[\"Actualit\u00e9 Automobile\"],\"inLanguage\":\"fr-FR\",\"potentialAction\":[{\"@type\":\"CommentAction\",\"name\":\"Comment\",\"target\":[\"https:\\\/\\\/www.autojm.fr\\\/blog\\\/nouvelle-peugeot-208-la-citadine-phare-de-lannee-2019\\\/#respond\"]}]},{\"@type\":\"WebPage\",\"@id\":\"https:\\\/\\\/www.autojm.fr\\\/blog\\\/nouvelle-peugeot-208-la-citadine-phare-de-lannee-2019\\\/\",\"url\":\"https:\\\/\\\/www.autojm.fr\\\/blog\\\/nouvelle-peugeot-208-la-citadine-phare-de-lannee-2019\\\/\",\"name\":\"Nouvelle Peugeot 208, la citadine phare de l'ann\u00e9e 2019 - AutoJM Mag\",\"isPartOf\":{\"@id\":\"https:\\\/\\\/www.autojm.fr\\\/blog\\\/#website\"},\"primaryImageOfPage\":{\"@id\":\"https:\\\/\\\/www.autojm.fr\\\/blog\\\/nouvelle-peugeot-208-la-citadine-phare-de-lannee-2019\\\/#primaryimage\"},\"image\":{\"@id\":\"https:\\\/\\\/www.autojm.fr\\\/blog\\\/nouvelle-peugeot-208-la-citadine-phare-de-lannee-2019\\\/#primaryimage\"},\"thumbnailUrl\":\"https:\\\/\\\/www.autojm.fr\\\/blog\\\/wp-content\\\/uploads\\\/2022\\\/10\\\/476.jpg\",\"datePublished\":\"2019-05-16T00:00:00+00:00\",\"dateModified\":\"2023-04-19T12:17:39+00:00\",\"description\":\"La nouvelle Peugeot 208 se restylise avec son \u00e9dition 2019. Zoom sur les nouveaut\u00e9s et les \u00e9quipements de la future citadine de la...\",\"breadcrumb\":{\"@id\":\"https:\\\/\\\/www.autojm.fr\\\/blog\\\/nouvelle-peugeot-208-la-citadine-phare-de-lannee-2019\\\/#breadcrumb\"},\"inLanguage\":\"fr-FR\",\"potentialAction\":[{\"@type\":\"ReadAction\",\"target\":[\"https:\\\/\\\/www.autojm.fr\\\/blog\\\/nouvelle-peugeot-208-la-citadine-phare-de-lannee-2019\\\/\"]}]},{\"@type\":\"ImageObject\",\"inLanguage\":\"fr-FR\",\"@id\":\"https:\\\/\\\/www.autojm.fr\\\/blog\\\/nouvelle-peugeot-208-la-citadine-phare-de-lannee-2019\\\/#primaryimage\",\"url\":\"https:\\\/\\\/www.autojm.fr\\\/blog\\\/wp-content\\\/uploads\\\/2022\\\/10\\\/476.jpg\",\"contentUrl\":\"https:\\\/\\\/www.autojm.fr\\\/blog\\\/wp-content\\\/uploads\\\/2022\\\/10\\\/476.jpg\",\"width\":1024,\"height\":478,\"caption\":\"Nouvelle Peugeot 208\"},{\"@type\":\"BreadcrumbList\",\"@id\":\"https:\\\/\\\/www.autojm.fr\\\/blog\\\/nouvelle-peugeot-208-la-citadine-phare-de-lannee-2019\\\/#breadcrumb\",\"itemListElement\":[{\"@type\":\"ListItem\",\"position\":1,\"name\":\"Accueil\",\"item\":\"https:\\\/\\\/www.autojm.fr\\\/blog\\\/\"},{\"@type\":\"ListItem\",\"position\":2,\"name\":\"Actualit\u00e9 Automobile\",\"item\":\"https:\\\/\\\/www.autojm.fr\\\/blog\\\/actualite-automobile\\\/\"},{\"@type\":\"ListItem\",\"position\":3,\"name\":\"Nouvelle Peugeot 208, la citadine phare de l&rsquo;ann\u00e9e 2019\"}]},{\"@type\":\"WebSite\",\"@id\":\"https:\\\/\\\/www.autojm.fr\\\/blog\\\/#website\",\"url\":\"https:\\\/\\\/www.autojm.fr\\\/blog\\\/\",\"name\":\"AutoJM Mag\",\"description\":\"Toute l&#039;actu auto en 1 clic !\",\"publisher\":{\"@id\":\"https:\\\/\\\/www.autojm.fr\\\/blog\\\/#organization\"},\"potentialAction\":[{\"@type\":\"SearchAction\",\"target\":{\"@type\":\"EntryPoint\",\"urlTemplate\":\"https:\\\/\\\/www.autojm.fr\\\/blog\\\/?s={search_term_string}\"},\"query-input\":{\"@type\":\"PropertyValueSpecification\",\"valueRequired\":true,\"valueName\":\"search_term_string\"}}],\"inLanguage\":\"fr-FR\"},{\"@type\":\"Organization\",\"@id\":\"https:\\\/\\\/www.autojm.fr\\\/blog\\\/#organization\",\"name\":\"AutoJM Mag\",\"url\":\"https:\\\/\\\/www.autojm.fr\\\/blog\\\/\",\"logo\":{\"@type\":\"ImageObject\",\"inLanguage\":\"fr-FR\",\"@id\":\"https:\\\/\\\/www.autojm.fr\\\/blog\\\/#\\\/schema\\\/logo\\\/image\\\/\",\"url\":\"https:\\\/\\\/www.autojm.fr\\\/blog\\\/wp-content\\\/uploads\\\/2022\\\/12\\\/cropped-AutoJMag-png.png\",\"contentUrl\":\"https:\\\/\\\/www.autojm.fr\\\/blog\\\/wp-content\\\/uploads\\\/2022\\\/12\\\/cropped-AutoJMag-png.png\",\"width\":2834,\"height\":585,\"caption\":\"AutoJM Mag\"},\"image\":{\"@id\":\"https:\\\/\\\/www.autojm.fr\\\/blog\\\/#\\\/schema\\\/logo\\\/image\\\/\"},\"sameAs\":[\"https:\\\/\\\/www.facebook.com\\\/AutoJM25\"]},{\"@type\":\"Person\",\"@id\":\"https:\\\/\\\/www.autojm.fr\\\/blog\\\/#\\\/schema\\\/person\\\/9742bc77541853e0de81fc57f947e1a0\",\"name\":\"Autojm\",\"image\":{\"@type\":\"ImageObject\",\"inLanguage\":\"fr-FR\",\"@id\":\"https:\\\/\\\/secure.gravatar.com\\\/avatar\\\/9a959d52b758fcc232fe4b6aca7bab139182573297122cce7d6f2ee0e537b418?s=96&d=mm&r=g\",\"url\":\"https:\\\/\\\/secure.gravatar.com\\\/avatar\\\/9a959d52b758fcc232fe4b6aca7bab139182573297122cce7d6f2ee0e537b418?s=96&d=mm&r=g\",\"contentUrl\":\"https:\\\/\\\/secure.gravatar.com\\\/avatar\\\/9a959d52b758fcc232fe4b6aca7bab139182573297122cce7d6f2ee0e537b418?s=96&d=mm&r=g\",\"caption\":\"Autojm\"},\"sameAs\":[\"https:\\\/\\\/www.autojm.fr\\\/blog\"],\"url\":\"https:\\\/\\\/www.autojm.fr\\\/blog\\\/author\\\/bichoi\\\/\"}]}<\/script>\n<!-- \/ Yoast SEO plugin. -->","yoast_head_json":{"title":"Nouvelle Peugeot 208, la citadine phare de l'ann\u00e9e 2019 - AutoJM Mag","description":"La nouvelle Peugeot 208 se restylise avec son \u00e9dition 2019. Zoom sur les nouveaut\u00e9s et les \u00e9quipements de la future citadine de la...","robots":{"index":"index","follow":"follow","max-snippet":"max-snippet:-1","max-image-preview":"max-image-preview:large","max-video-preview":"max-video-preview:-1"},"canonical":"https:\/\/www.autojm.fr\/blog\/nouvelle-peugeot-208-la-citadine-phare-de-lannee-2019\/","og_locale":"fr_FR","og_type":"article","og_title":"Nouvelle Peugeot 208, la citadine phare de l'ann\u00e9e 2019 - AutoJM Mag","og_description":"La nouvelle Peugeot 208 se restylise avec son \u00e9dition 2019. Zoom sur les nouveaut\u00e9s et les \u00e9quipements de la future citadine de la...","og_url":"https:\/\/www.autojm.fr\/blog\/nouvelle-peugeot-208-la-citadine-phare-de-lannee-2019\/","og_site_name":"AutoJM Mag","article_publisher":"https:\/\/www.facebook.com\/AutoJM25","article_published_time":"2019-05-16T00:00:00+00:00","article_modified_time":"2023-04-19T12:17:39+00:00","og_image":[{"width":1024,"height":478,"url":"https:\/\/www.autojm.fr\/blog\/wp-content\/uploads\/2022\/10\/476.jpg","type":"image\/jpeg"}],"author":"Autojm","twitter_card":"summary_large_image","twitter_misc":{"\u00c9crit par":"Autojm","Dur\u00e9e de lecture estim\u00e9e":"2 minutes"},"schema":{"@context":"https:\/\/schema.org","@graph":[{"@type":"Article","@id":"https:\/\/www.autojm.fr\/blog\/nouvelle-peugeot-208-la-citadine-phare-de-lannee-2019\/#article","isPartOf":{"@id":"https:\/\/www.autojm.fr\/blog\/nouvelle-peugeot-208-la-citadine-phare-de-lannee-2019\/"},"author":{"name":"Autojm","@id":"https:\/\/www.autojm.fr\/blog\/#\/schema\/person\/9742bc77541853e0de81fc57f947e1a0"},"headline":"Nouvelle Peugeot 208, la citadine phare de l&rsquo;ann\u00e9e 2019","datePublished":"2019-05-16T00:00:00+00:00","dateModified":"2023-04-19T12:17:39+00:00","mainEntityOfPage":{"@id":"https:\/\/www.autojm.fr\/blog\/nouvelle-peugeot-208-la-citadine-phare-de-lannee-2019\/"},"wordCount":333,"commentCount":0,"publisher":{"@id":"https:\/\/www.autojm.fr\/blog\/#organization"},"image":{"@id":"https:\/\/www.autojm.fr\/blog\/nouvelle-peugeot-208-la-citadine-phare-de-lannee-2019\/#primaryimage"},"thumbnailUrl":"https:\/\/www.autojm.fr\/blog\/wp-content\/uploads\/2022\/10\/476.jpg","keywords":["autojm","peugeot","Peugeot 208","Peugeot 508"],"articleSection":["Actualit\u00e9 Automobile"],"inLanguage":"fr-FR","potentialAction":[{"@type":"CommentAction","name":"Comment","target":["https:\/\/www.autojm.fr\/blog\/nouvelle-peugeot-208-la-citadine-phare-de-lannee-2019\/#respond"]}]},{"@type":"WebPage","@id":"https:\/\/www.autojm.fr\/blog\/nouvelle-peugeot-208-la-citadine-phare-de-lannee-2019\/","url":"https:\/\/www.autojm.fr\/blog\/nouvelle-peugeot-208-la-citadine-phare-de-lannee-2019\/","name":"Nouvelle Peugeot 208, la citadine phare de l'ann\u00e9e 2019 - AutoJM Mag","isPartOf":{"@id":"https:\/\/www.autojm.fr\/blog\/#website"},"primaryImageOfPage":{"@id":"https:\/\/www.autojm.fr\/blog\/nouvelle-peugeot-208-la-citadine-phare-de-lannee-2019\/#primaryimage"},"image":{"@id":"https:\/\/www.autojm.fr\/blog\/nouvelle-peugeot-208-la-citadine-phare-de-lannee-2019\/#primaryimage"},"thumbnailUrl":"https:\/\/www.autojm.fr\/blog\/wp-content\/uploads\/2022\/10\/476.jpg","datePublished":"2019-05-16T00:00:00+00:00","dateModified":"2023-04-19T12:17:39+00:00","description":"La nouvelle Peugeot 208 se restylise avec son \u00e9dition 2019. Zoom sur les nouveaut\u00e9s et les \u00e9quipements de la future citadine de la...","breadcrumb":{"@id":"https:\/\/www.autojm.fr\/blog\/nouvelle-peugeot-208-la-citadine-phare-de-lannee-2019\/#breadcrumb"},"inLanguage":"fr-FR","potentialAction":[{"@type":"ReadAction","target":["https:\/\/www.autojm.fr\/blog\/nouvelle-peugeot-208-la-citadine-phare-de-lannee-2019\/"]}]},{"@type":"ImageObject","inLanguage":"fr-FR","@id":"https:\/\/www.autojm.fr\/blog\/nouvelle-peugeot-208-la-citadine-phare-de-lannee-2019\/#primaryimage","url":"https:\/\/www.autojm.fr\/blog\/wp-content\/uploads\/2022\/10\/476.jpg","contentUrl":"https:\/\/www.autojm.fr\/blog\/wp-content\/uploads\/2022\/10\/476.jpg","width":1024,"height":478,"caption":"Nouvelle Peugeot 208"},{"@type":"BreadcrumbList","@id":"https:\/\/www.autojm.fr\/blog\/nouvelle-peugeot-208-la-citadine-phare-de-lannee-2019\/#breadcrumb","itemListElement":[{"@type":"ListItem","position":1,"name":"Accueil","item":"https:\/\/www.autojm.fr\/blog\/"},{"@type":"ListItem","position":2,"name":"Actualit\u00e9 Automobile","item":"https:\/\/www.autojm.fr\/blog\/actualite-automobile\/"},{"@type":"ListItem","position":3,"name":"Nouvelle Peugeot 208, la citadine phare de l&rsquo;ann\u00e9e 2019"}]},{"@type":"WebSite","@id":"https:\/\/www.autojm.fr\/blog\/#website","url":"https:\/\/www.autojm.fr\/blog\/","name":"AutoJM Mag","description":"Toute l&#039;actu auto en 1 clic !","publisher":{"@id":"https:\/\/www.autojm.fr\/blog\/#organization"},"potentialAction":[{"@type":"SearchAction","target":{"@type":"EntryPoint","urlTemplate":"https:\/\/www.autojm.fr\/blog\/?s={search_term_string}"},"query-input":{"@type":"PropertyValueSpecification","valueRequired":true,"valueName":"search_term_string"}}],"inLanguage":"fr-FR"},{"@type":"Organization","@id":"https:\/\/www.autojm.fr\/blog\/#organization","name":"AutoJM Mag","url":"https:\/\/www.autojm.fr\/blog\/","logo":{"@type":"ImageObject","inLanguage":"fr-FR","@id":"https:\/\/www.autojm.fr\/blog\/#\/schema\/logo\/image\/","url":"https:\/\/www.autojm.fr\/blog\/wp-content\/uploads\/2022\/12\/cropped-AutoJMag-png.png","contentUrl":"https:\/\/www.autojm.fr\/blog\/wp-content\/uploads\/2022\/12\/cropped-AutoJMag-png.png","width":2834,"height":585,"caption":"AutoJM Mag"},"image":{"@id":"https:\/\/www.autojm.fr\/blog\/#\/schema\/logo\/image\/"},"sameAs":["https:\/\/www.facebook.com\/AutoJM25"]},{"@type":"Person","@id":"https:\/\/www.autojm.fr\/blog\/#\/schema\/person\/9742bc77541853e0de81fc57f947e1a0","name":"Autojm","image":{"@type":"ImageObject","inLanguage":"fr-FR","@id":"https:\/\/secure.gravatar.com\/avatar\/9a959d52b758fcc232fe4b6aca7bab139182573297122cce7d6f2ee0e537b418?s=96&d=mm&r=g","url":"https:\/\/secure.gravatar.com\/avatar\/9a959d52b758fcc232fe4b6aca7bab139182573297122cce7d6f2ee0e537b418?s=96&d=mm&r=g","contentUrl":"https:\/\/secure.gravatar.com\/avatar\/9a959d52b758fcc232fe4b6aca7bab139182573297122cce7d6f2ee0e537b418?s=96&d=mm&r=g","caption":"Autojm"},"sameAs":["https:\/\/www.autojm.fr\/blog"],"url":"https:\/\/www.autojm.fr\/blog\/author\/bichoi\/"}]}},"_links":{"self":[{"href":"https:\/\/www.autojm.fr\/blog\/wp-json\/wp\/v2\/posts\/3752","targetHints":{"allow":["GET"]}}],"collection":[{"href":"https:\/\/www.autojm.fr\/blog\/wp-json\/wp\/v2\/posts"}],"about":[{"href":"https:\/\/www.autojm.fr\/blog\/wp-json\/wp\/v2\/types\/post"}],"author":[{"embeddable":true,"href":"https:\/\/www.autojm.fr\/blog\/wp-json\/wp\/v2\/users\/1"}],"replies":[{"embeddable":true,"href":"https:\/\/www.autojm.fr\/blog\/wp-json\/wp\/v2\/comments?post=3752"}],"version-history":[{"count":5,"href":"https:\/\/www.autojm.fr\/blog\/wp-json\/wp\/v2\/posts\/3752\/revisions"}],"predecessor-version":[{"id":9575,"href":"https:\/\/www.autojm.fr\/blog\/wp-json\/wp\/v2\/posts\/3752\/revisions\/9575"}],"wp:featuredmedia":[{"embeddable":true,"href":"https:\/\/www.autojm.fr\/blog\/wp-json\/wp\/v2\/media\/5812"}],"wp:attachment":[{"href":"https:\/\/www.autojm.fr\/blog\/wp-json\/wp\/v2\/media?parent=3752"}],"wp:term":[{"taxonomy":"category","embeddable":true,"href":"https:\/\/www.autojm.fr\/blog\/wp-json\/wp\/v2\/categories?post=3752"},{"taxonomy":"post_tag","embeddable":true,"href":"https:\/\/www.autojm.fr\/blog\/wp-json\/wp\/v2\/tags?post=3752"}],"curies":[{"name":"wp","href":"https:\/\/api.w.org\/{rel}","templated":true}]}}