{"id":3749,"date":"2019-04-29T00:00:00","date_gmt":"2019-04-29T00:00:00","guid":{"rendered":"https:\/\/www.autojm.fr\/blog\/french-days-les-bonnes-affaires-de-lautomobile\/"},"modified":"2023-04-19T12:18:32","modified_gmt":"2023-04-19T12:18:32","slug":"french-days-les-bonnes-affaires-de-lautomobile","status":"publish","type":"post","link":"https:\/\/www.autojm.fr\/blog\/french-days-les-bonnes-affaires-de-lautomobile\/","title":{"rendered":"French Days, les bonnes affaires de l&rsquo;Automobile"},"content":{"rendered":"<p><strong>Qu&rsquo;est-ce que les French Days ?<\/strong><\/p>\n<p>Les French Days est une p\u00e9riode o\u00f9 les commer\u00e7ants et les e-commercants fran\u00e7ais proposent des remises suppl\u00e9mentaires sur des produits premium et populaires.<\/p>\n<p>Ces offres flash qui ont lieu entre fin avril et d\u00e9but mai et tr\u00e8s appr\u00e9ci\u00e9 des internautes fran\u00e7ais qui retrouvent l\u00e0 une nouvelle p\u00e9riode pour faire des \u00e9conomies.<\/p>\n<p><u><strong>Cette ann\u00e9e, les french Days 2019 ont lieu du 27 avril au 2 mai.<\/strong><\/u><\/p>\n<p><strong>Les French Days, nouvelle p\u00e9riode de soldes ?<\/strong><\/p>\n<p>Apr\u00e8s le Black Friday, le Cybermonday puis les soldes d&rsquo;hiver, on retrouve quelques mois apr\u00e8s les French Days.<br \/>\nLa troisi\u00e8me \u00e9dition des French Days accueil d\u00e9sormais cette ann\u00e9e le G\u00e9ant Amazon, qui de par son statut International, n&rsquo;\u00e9tait donc pas sollicit\u00e9 les ann\u00e9es pr\u00e9c\u00e9dentes.<\/p>\n<p><span style=\"font-weight: bold;\">Qui participent au French Days ?<\/span><\/p>\n<p>Cette ann\u00e9e, vous pouvez b\u00e9n\u00e9ficier de plus de 70% sur une s\u00e9lection d&rsquo;article chez les commercants tels que Amazon, Cdiscount, Fnac ou encore Darty.<\/p>\n<p>On retrouvera sur ces sites des offres limit\u00e9es dans le temps ou des offres valables jusqu&rsquo;\u00e0 \u00e9puisement des stocks<\/p>\n<p>Cette ann\u00e9e Amazon met la barre tr\u00e8s haut et propose d\u00e9j\u00e0 des remises \u00e0 couper le souffle sur Nintendo Switch, Iphone, Dyson ou encore des t\u00e9l\u00e9phones Samsung.<\/p>\n<p style=\"text-align: center;\"><span style=\"font-weight: bold;\"><a href=\"french days presse citron\" target=\"_blank\" rel=\"noopener\"><img decoding=\"async\" style=\"width: 30%;\" src=\"https:\/\/www.presse-citron.net\/wordpress_prod\/wp-content\/uploads\/2019\/04\/frenchdaysfrance.jpg\" alt=\"french days presse citron\" \/><\/a><\/span><\/p>\n<p style=\"text-align: center;\"><strong>Le site <a href=\"https:\/\/www.presse-citron.net\/french-days-7-deals-surtout-pas-rater-mardi-matin\/\">Presse Citron<\/a>, met \u00e0 jour quotidiennement les meilleures offres \u00e0 ne pas rater !<\/strong><\/p>\n<p><strong>Les French Days et l&rsquo;automobile ?<\/strong><\/p>\n<p>Dans l&rsquo;automobile, tr\u00e8s peu de commer\u00e7ants participent \u00e0 ses French Days mais on retrouvera<a href=\"https:\/\/www.autojm.fr\/meilleures-promotions-auto\"> jusqu&rsquo;\u00e0 40% de remise<\/a> chez le mandataire AutoJM !<\/p>\n<p>Nous n&rsquo;avons qu&rsquo;\u00e0 vous souhaiter de bonnes ventes !<\/p>\n","protected":false},"excerpt":{"rendered":"<p>Les French Days est une p\u00e9riode o\u00f9 les commer\u00e7ants et les e-commercants fran\u00e7ais proposent des remises suppl\u00e9mentaires sur des produits premium et populaires.<\/p>\n","protected":false},"author":1,"featured_media":5810,"comment_status":"open","ping_status":"open","sticky":false,"template":"","format":"standard","meta":{"_acf_changed":false,"content-type":"","footnotes":""},"categories":[5],"tags":[90,79,74,105,110,109,106,108,107,73,78,169,96],"class_list":["post-3749","post","type-post","status-publish","format-standard","has-post-thumbnail","hentry","category-actualite-automobile","tag-autojm","tag-citroen","tag-dacia","tag-ds","tag-fiat","tag-ford","tag-kia","tag-nissan","tag-opel","tag-peugeot","tag-renault","tag-toyota","tag-volkswagen"],"acf":[],"yoast_head":"<!-- This site is optimized with the Yoast SEO plugin v27.5 - https:\/\/yoast.com\/product\/yoast-seo-wordpress\/ -->\n<title>French Days, les bonnes affaires de l&#039;Automobile - AutoJM Mag<\/title>\n<meta name=\"description\" content=\"Les French Days est une p\u00e9riode o\u00f9 les commer\u00e7ants et les e-commercants fran\u00e7ais proposent des remises suppl\u00e9mentaires sur des produits...\" \/>\n<meta name=\"robots\" content=\"index, follow, max-snippet:-1, max-image-preview:large, max-video-preview:-1\" \/>\n<link rel=\"canonical\" href=\"https:\/\/www.autojm.fr\/blog\/french-days-les-bonnes-affaires-de-lautomobile\/\" \/>\n<meta property=\"og:locale\" content=\"fr_FR\" \/>\n<meta property=\"og:type\" content=\"article\" \/>\n<meta property=\"og:title\" content=\"French Days, les bonnes affaires de l&#039;Automobile - AutoJM Mag\" \/>\n<meta property=\"og:description\" content=\"Les French Days est une p\u00e9riode o\u00f9 les commer\u00e7ants et les e-commercants fran\u00e7ais proposent des remises suppl\u00e9mentaires sur des produits...\" \/>\n<meta property=\"og:url\" content=\"https:\/\/www.autojm.fr\/blog\/french-days-les-bonnes-affaires-de-lautomobile\/\" \/>\n<meta property=\"og:site_name\" content=\"AutoJM Mag\" \/>\n<meta property=\"article:publisher\" content=\"https:\/\/www.facebook.com\/AutoJM25\" \/>\n<meta property=\"article:published_time\" content=\"2019-04-29T00:00:00+00:00\" \/>\n<meta property=\"article:modified_time\" content=\"2023-04-19T12:18:32+00:00\" \/>\n<meta property=\"og:image\" content=\"https:\/\/www.autojm.fr\/blog\/wp-content\/uploads\/2022\/10\/473.jpg\" \/>\n\t<meta property=\"og:image:width\" content=\"1282\" \/>\n\t<meta property=\"og:image:height\" content=\"804\" \/>\n\t<meta property=\"og:image:type\" content=\"image\/jpeg\" \/>\n<meta name=\"author\" content=\"Autojm\" \/>\n<meta name=\"twitter:card\" content=\"summary_large_image\" \/>\n<meta name=\"twitter:label1\" content=\"\u00c9crit par\" \/>\n\t<meta name=\"twitter:data1\" content=\"Autojm\" \/>\n\t<meta name=\"twitter:label2\" content=\"Dur\u00e9e de lecture estim\u00e9e\" \/>\n\t<meta name=\"twitter:data2\" content=\"2 minutes\" \/>\n<script type=\"application\/ld+json\" class=\"yoast-schema-graph\">{\"@context\":\"https:\\\/\\\/schema.org\",\"@graph\":[{\"@type\":\"Article\",\"@id\":\"https:\\\/\\\/www.autojm.fr\\\/blog\\\/french-days-les-bonnes-affaires-de-lautomobile\\\/#article\",\"isPartOf\":{\"@id\":\"https:\\\/\\\/www.autojm.fr\\\/blog\\\/french-days-les-bonnes-affaires-de-lautomobile\\\/\"},\"author\":{\"name\":\"Autojm\",\"@id\":\"https:\\\/\\\/www.autojm.fr\\\/blog\\\/#\\\/schema\\\/person\\\/9742bc77541853e0de81fc57f947e1a0\"},\"headline\":\"French Days, les bonnes affaires de l&rsquo;Automobile\",\"datePublished\":\"2019-04-29T00:00:00+00:00\",\"dateModified\":\"2023-04-19T12:18:32+00:00\",\"mainEntityOfPage\":{\"@id\":\"https:\\\/\\\/www.autojm.fr\\\/blog\\\/french-days-les-bonnes-affaires-de-lautomobile\\\/\"},\"wordCount\":277,\"commentCount\":0,\"publisher\":{\"@id\":\"https:\\\/\\\/www.autojm.fr\\\/blog\\\/#organization\"},\"image\":{\"@id\":\"https:\\\/\\\/www.autojm.fr\\\/blog\\\/french-days-les-bonnes-affaires-de-lautomobile\\\/#primaryimage\"},\"thumbnailUrl\":\"https:\\\/\\\/www.autojm.fr\\\/blog\\\/wp-content\\\/uploads\\\/2022\\\/10\\\/473.jpg\",\"keywords\":[\"autojm\",\"citroen\",\"dacia\",\"DS\",\"Fiat\",\"Ford\",\"Kia\",\"Nissan\",\"Opel\",\"peugeot\",\"renault\",\"Toyota\",\"Volkswagen\"],\"articleSection\":[\"Actualit\u00e9 Automobile\"],\"inLanguage\":\"fr-FR\",\"potentialAction\":[{\"@type\":\"CommentAction\",\"name\":\"Comment\",\"target\":[\"https:\\\/\\\/www.autojm.fr\\\/blog\\\/french-days-les-bonnes-affaires-de-lautomobile\\\/#respond\"]}]},{\"@type\":\"WebPage\",\"@id\":\"https:\\\/\\\/www.autojm.fr\\\/blog\\\/french-days-les-bonnes-affaires-de-lautomobile\\\/\",\"url\":\"https:\\\/\\\/www.autojm.fr\\\/blog\\\/french-days-les-bonnes-affaires-de-lautomobile\\\/\",\"name\":\"French Days, les bonnes affaires de l'Automobile - AutoJM Mag\",\"isPartOf\":{\"@id\":\"https:\\\/\\\/www.autojm.fr\\\/blog\\\/#website\"},\"primaryImageOfPage\":{\"@id\":\"https:\\\/\\\/www.autojm.fr\\\/blog\\\/french-days-les-bonnes-affaires-de-lautomobile\\\/#primaryimage\"},\"image\":{\"@id\":\"https:\\\/\\\/www.autojm.fr\\\/blog\\\/french-days-les-bonnes-affaires-de-lautomobile\\\/#primaryimage\"},\"thumbnailUrl\":\"https:\\\/\\\/www.autojm.fr\\\/blog\\\/wp-content\\\/uploads\\\/2022\\\/10\\\/473.jpg\",\"datePublished\":\"2019-04-29T00:00:00+00:00\",\"dateModified\":\"2023-04-19T12:18:32+00:00\",\"description\":\"Les French Days est une p\u00e9riode o\u00f9 les commer\u00e7ants et les e-commercants fran\u00e7ais proposent des remises suppl\u00e9mentaires sur des produits...\",\"breadcrumb\":{\"@id\":\"https:\\\/\\\/www.autojm.fr\\\/blog\\\/french-days-les-bonnes-affaires-de-lautomobile\\\/#breadcrumb\"},\"inLanguage\":\"fr-FR\",\"potentialAction\":[{\"@type\":\"ReadAction\",\"target\":[\"https:\\\/\\\/www.autojm.fr\\\/blog\\\/french-days-les-bonnes-affaires-de-lautomobile\\\/\"]}]},{\"@type\":\"ImageObject\",\"inLanguage\":\"fr-FR\",\"@id\":\"https:\\\/\\\/www.autojm.fr\\\/blog\\\/french-days-les-bonnes-affaires-de-lautomobile\\\/#primaryimage\",\"url\":\"https:\\\/\\\/www.autojm.fr\\\/blog\\\/wp-content\\\/uploads\\\/2022\\\/10\\\/473.jpg\",\"contentUrl\":\"https:\\\/\\\/www.autojm.fr\\\/blog\\\/wp-content\\\/uploads\\\/2022\\\/10\\\/473.jpg\",\"width\":1282,\"height\":804,\"caption\":\"French Days\"},{\"@type\":\"BreadcrumbList\",\"@id\":\"https:\\\/\\\/www.autojm.fr\\\/blog\\\/french-days-les-bonnes-affaires-de-lautomobile\\\/#breadcrumb\",\"itemListElement\":[{\"@type\":\"ListItem\",\"position\":1,\"name\":\"Accueil\",\"item\":\"https:\\\/\\\/www.autojm.fr\\\/blog\\\/\"},{\"@type\":\"ListItem\",\"position\":2,\"name\":\"Actualit\u00e9 Automobile\",\"item\":\"https:\\\/\\\/www.autojm.fr\\\/blog\\\/actualite-automobile\\\/\"},{\"@type\":\"ListItem\",\"position\":3,\"name\":\"French Days, les bonnes affaires de l&rsquo;Automobile\"}]},{\"@type\":\"WebSite\",\"@id\":\"https:\\\/\\\/www.autojm.fr\\\/blog\\\/#website\",\"url\":\"https:\\\/\\\/www.autojm.fr\\\/blog\\\/\",\"name\":\"AutoJM Mag\",\"description\":\"Toute l&#039;actu auto en 1 clic !\",\"publisher\":{\"@id\":\"https:\\\/\\\/www.autojm.fr\\\/blog\\\/#organization\"},\"potentialAction\":[{\"@type\":\"SearchAction\",\"target\":{\"@type\":\"EntryPoint\",\"urlTemplate\":\"https:\\\/\\\/www.autojm.fr\\\/blog\\\/?s={search_term_string}\"},\"query-input\":{\"@type\":\"PropertyValueSpecification\",\"valueRequired\":true,\"valueName\":\"search_term_string\"}}],\"inLanguage\":\"fr-FR\"},{\"@type\":\"Organization\",\"@id\":\"https:\\\/\\\/www.autojm.fr\\\/blog\\\/#organization\",\"name\":\"AutoJM Mag\",\"url\":\"https:\\\/\\\/www.autojm.fr\\\/blog\\\/\",\"logo\":{\"@type\":\"ImageObject\",\"inLanguage\":\"fr-FR\",\"@id\":\"https:\\\/\\\/www.autojm.fr\\\/blog\\\/#\\\/schema\\\/logo\\\/image\\\/\",\"url\":\"https:\\\/\\\/www.autojm.fr\\\/blog\\\/wp-content\\\/uploads\\\/2022\\\/12\\\/cropped-AutoJMag-png.png\",\"contentUrl\":\"https:\\\/\\\/www.autojm.fr\\\/blog\\\/wp-content\\\/uploads\\\/2022\\\/12\\\/cropped-AutoJMag-png.png\",\"width\":2834,\"height\":585,\"caption\":\"AutoJM Mag\"},\"image\":{\"@id\":\"https:\\\/\\\/www.autojm.fr\\\/blog\\\/#\\\/schema\\\/logo\\\/image\\\/\"},\"sameAs\":[\"https:\\\/\\\/www.facebook.com\\\/AutoJM25\"]},{\"@type\":\"Person\",\"@id\":\"https:\\\/\\\/www.autojm.fr\\\/blog\\\/#\\\/schema\\\/person\\\/9742bc77541853e0de81fc57f947e1a0\",\"name\":\"Autojm\",\"image\":{\"@type\":\"ImageObject\",\"inLanguage\":\"fr-FR\",\"@id\":\"https:\\\/\\\/secure.gravatar.com\\\/avatar\\\/9a959d52b758fcc232fe4b6aca7bab139182573297122cce7d6f2ee0e537b418?s=96&d=mm&r=g\",\"url\":\"https:\\\/\\\/secure.gravatar.com\\\/avatar\\\/9a959d52b758fcc232fe4b6aca7bab139182573297122cce7d6f2ee0e537b418?s=96&d=mm&r=g\",\"contentUrl\":\"https:\\\/\\\/secure.gravatar.com\\\/avatar\\\/9a959d52b758fcc232fe4b6aca7bab139182573297122cce7d6f2ee0e537b418?s=96&d=mm&r=g\",\"caption\":\"Autojm\"},\"sameAs\":[\"https:\\\/\\\/www.autojm.fr\\\/blog\"],\"url\":\"https:\\\/\\\/www.autojm.fr\\\/blog\\\/author\\\/bichoi\\\/\"}]}<\/script>\n<!-- \/ Yoast SEO plugin. -->","yoast_head_json":{"title":"French Days, les bonnes affaires de l'Automobile - AutoJM Mag","description":"Les French Days est une p\u00e9riode o\u00f9 les commer\u00e7ants et les e-commercants fran\u00e7ais proposent des remises suppl\u00e9mentaires sur des produits...","robots":{"index":"index","follow":"follow","max-snippet":"max-snippet:-1","max-image-preview":"max-image-preview:large","max-video-preview":"max-video-preview:-1"},"canonical":"https:\/\/www.autojm.fr\/blog\/french-days-les-bonnes-affaires-de-lautomobile\/","og_locale":"fr_FR","og_type":"article","og_title":"French Days, les bonnes affaires de l'Automobile - AutoJM Mag","og_description":"Les French Days est une p\u00e9riode o\u00f9 les commer\u00e7ants et les e-commercants fran\u00e7ais proposent des remises suppl\u00e9mentaires sur des produits...","og_url":"https:\/\/www.autojm.fr\/blog\/french-days-les-bonnes-affaires-de-lautomobile\/","og_site_name":"AutoJM Mag","article_publisher":"https:\/\/www.facebook.com\/AutoJM25","article_published_time":"2019-04-29T00:00:00+00:00","article_modified_time":"2023-04-19T12:18:32+00:00","og_image":[{"width":1282,"height":804,"url":"https:\/\/www.autojm.fr\/blog\/wp-content\/uploads\/2022\/10\/473.jpg","type":"image\/jpeg"}],"author":"Autojm","twitter_card":"summary_large_image","twitter_misc":{"\u00c9crit par":"Autojm","Dur\u00e9e de lecture estim\u00e9e":"2 minutes"},"schema":{"@context":"https:\/\/schema.org","@graph":[{"@type":"Article","@id":"https:\/\/www.autojm.fr\/blog\/french-days-les-bonnes-affaires-de-lautomobile\/#article","isPartOf":{"@id":"https:\/\/www.autojm.fr\/blog\/french-days-les-bonnes-affaires-de-lautomobile\/"},"author":{"name":"Autojm","@id":"https:\/\/www.autojm.fr\/blog\/#\/schema\/person\/9742bc77541853e0de81fc57f947e1a0"},"headline":"French Days, les bonnes affaires de l&rsquo;Automobile","datePublished":"2019-04-29T00:00:00+00:00","dateModified":"2023-04-19T12:18:32+00:00","mainEntityOfPage":{"@id":"https:\/\/www.autojm.fr\/blog\/french-days-les-bonnes-affaires-de-lautomobile\/"},"wordCount":277,"commentCount":0,"publisher":{"@id":"https:\/\/www.autojm.fr\/blog\/#organization"},"image":{"@id":"https:\/\/www.autojm.fr\/blog\/french-days-les-bonnes-affaires-de-lautomobile\/#primaryimage"},"thumbnailUrl":"https:\/\/www.autojm.fr\/blog\/wp-content\/uploads\/2022\/10\/473.jpg","keywords":["autojm","citroen","dacia","DS","Fiat","Ford","Kia","Nissan","Opel","peugeot","renault","Toyota","Volkswagen"],"articleSection":["Actualit\u00e9 Automobile"],"inLanguage":"fr-FR","potentialAction":[{"@type":"CommentAction","name":"Comment","target":["https:\/\/www.autojm.fr\/blog\/french-days-les-bonnes-affaires-de-lautomobile\/#respond"]}]},{"@type":"WebPage","@id":"https:\/\/www.autojm.fr\/blog\/french-days-les-bonnes-affaires-de-lautomobile\/","url":"https:\/\/www.autojm.fr\/blog\/french-days-les-bonnes-affaires-de-lautomobile\/","name":"French Days, les bonnes affaires de l'Automobile - AutoJM Mag","isPartOf":{"@id":"https:\/\/www.autojm.fr\/blog\/#website"},"primaryImageOfPage":{"@id":"https:\/\/www.autojm.fr\/blog\/french-days-les-bonnes-affaires-de-lautomobile\/#primaryimage"},"image":{"@id":"https:\/\/www.autojm.fr\/blog\/french-days-les-bonnes-affaires-de-lautomobile\/#primaryimage"},"thumbnailUrl":"https:\/\/www.autojm.fr\/blog\/wp-content\/uploads\/2022\/10\/473.jpg","datePublished":"2019-04-29T00:00:00+00:00","dateModified":"2023-04-19T12:18:32+00:00","description":"Les French Days est une p\u00e9riode o\u00f9 les commer\u00e7ants et les e-commercants fran\u00e7ais proposent des remises suppl\u00e9mentaires sur des produits...","breadcrumb":{"@id":"https:\/\/www.autojm.fr\/blog\/french-days-les-bonnes-affaires-de-lautomobile\/#breadcrumb"},"inLanguage":"fr-FR","potentialAction":[{"@type":"ReadAction","target":["https:\/\/www.autojm.fr\/blog\/french-days-les-bonnes-affaires-de-lautomobile\/"]}]},{"@type":"ImageObject","inLanguage":"fr-FR","@id":"https:\/\/www.autojm.fr\/blog\/french-days-les-bonnes-affaires-de-lautomobile\/#primaryimage","url":"https:\/\/www.autojm.fr\/blog\/wp-content\/uploads\/2022\/10\/473.jpg","contentUrl":"https:\/\/www.autojm.fr\/blog\/wp-content\/uploads\/2022\/10\/473.jpg","width":1282,"height":804,"caption":"French Days"},{"@type":"BreadcrumbList","@id":"https:\/\/www.autojm.fr\/blog\/french-days-les-bonnes-affaires-de-lautomobile\/#breadcrumb","itemListElement":[{"@type":"ListItem","position":1,"name":"Accueil","item":"https:\/\/www.autojm.fr\/blog\/"},{"@type":"ListItem","position":2,"name":"Actualit\u00e9 Automobile","item":"https:\/\/www.autojm.fr\/blog\/actualite-automobile\/"},{"@type":"ListItem","position":3,"name":"French Days, les bonnes affaires de l&rsquo;Automobile"}]},{"@type":"WebSite","@id":"https:\/\/www.autojm.fr\/blog\/#website","url":"https:\/\/www.autojm.fr\/blog\/","name":"AutoJM Mag","description":"Toute l&#039;actu auto en 1 clic !","publisher":{"@id":"https:\/\/www.autojm.fr\/blog\/#organization"},"potentialAction":[{"@type":"SearchAction","target":{"@type":"EntryPoint","urlTemplate":"https:\/\/www.autojm.fr\/blog\/?s={search_term_string}"},"query-input":{"@type":"PropertyValueSpecification","valueRequired":true,"valueName":"search_term_string"}}],"inLanguage":"fr-FR"},{"@type":"Organization","@id":"https:\/\/www.autojm.fr\/blog\/#organization","name":"AutoJM Mag","url":"https:\/\/www.autojm.fr\/blog\/","logo":{"@type":"ImageObject","inLanguage":"fr-FR","@id":"https:\/\/www.autojm.fr\/blog\/#\/schema\/logo\/image\/","url":"https:\/\/www.autojm.fr\/blog\/wp-content\/uploads\/2022\/12\/cropped-AutoJMag-png.png","contentUrl":"https:\/\/www.autojm.fr\/blog\/wp-content\/uploads\/2022\/12\/cropped-AutoJMag-png.png","width":2834,"height":585,"caption":"AutoJM Mag"},"image":{"@id":"https:\/\/www.autojm.fr\/blog\/#\/schema\/logo\/image\/"},"sameAs":["https:\/\/www.facebook.com\/AutoJM25"]},{"@type":"Person","@id":"https:\/\/www.autojm.fr\/blog\/#\/schema\/person\/9742bc77541853e0de81fc57f947e1a0","name":"Autojm","image":{"@type":"ImageObject","inLanguage":"fr-FR","@id":"https:\/\/secure.gravatar.com\/avatar\/9a959d52b758fcc232fe4b6aca7bab139182573297122cce7d6f2ee0e537b418?s=96&d=mm&r=g","url":"https:\/\/secure.gravatar.com\/avatar\/9a959d52b758fcc232fe4b6aca7bab139182573297122cce7d6f2ee0e537b418?s=96&d=mm&r=g","contentUrl":"https:\/\/secure.gravatar.com\/avatar\/9a959d52b758fcc232fe4b6aca7bab139182573297122cce7d6f2ee0e537b418?s=96&d=mm&r=g","caption":"Autojm"},"sameAs":["https:\/\/www.autojm.fr\/blog"],"url":"https:\/\/www.autojm.fr\/blog\/author\/bichoi\/"}]}},"_links":{"self":[{"href":"https:\/\/www.autojm.fr\/blog\/wp-json\/wp\/v2\/posts\/3749","targetHints":{"allow":["GET"]}}],"collection":[{"href":"https:\/\/www.autojm.fr\/blog\/wp-json\/wp\/v2\/posts"}],"about":[{"href":"https:\/\/www.autojm.fr\/blog\/wp-json\/wp\/v2\/types\/post"}],"author":[{"embeddable":true,"href":"https:\/\/www.autojm.fr\/blog\/wp-json\/wp\/v2\/users\/1"}],"replies":[{"embeddable":true,"href":"https:\/\/www.autojm.fr\/blog\/wp-json\/wp\/v2\/comments?post=3749"}],"version-history":[{"count":5,"href":"https:\/\/www.autojm.fr\/blog\/wp-json\/wp\/v2\/posts\/3749\/revisions"}],"predecessor-version":[{"id":9577,"href":"https:\/\/www.autojm.fr\/blog\/wp-json\/wp\/v2\/posts\/3749\/revisions\/9577"}],"wp:featuredmedia":[{"embeddable":true,"href":"https:\/\/www.autojm.fr\/blog\/wp-json\/wp\/v2\/media\/5810"}],"wp:attachment":[{"href":"https:\/\/www.autojm.fr\/blog\/wp-json\/wp\/v2\/media?parent=3749"}],"wp:term":[{"taxonomy":"category","embeddable":true,"href":"https:\/\/www.autojm.fr\/blog\/wp-json\/wp\/v2\/categories?post=3749"},{"taxonomy":"post_tag","embeddable":true,"href":"https:\/\/www.autojm.fr\/blog\/wp-json\/wp\/v2\/tags?post=3749"}],"curies":[{"name":"wp","href":"https:\/\/api.w.org\/{rel}","templated":true}]}}