{"id":3747,"date":"2021-06-11T00:00:00","date_gmt":"2021-06-11T00:00:00","guid":{"rendered":"https:\/\/www.autojm.fr\/blog\/comment-preparer-sa-voiture-pour-les-vacances\/"},"modified":"2023-04-19T06:40:14","modified_gmt":"2023-04-19T06:40:14","slug":"comment-preparer-sa-voiture-pour-les-vacances","status":"publish","type":"post","link":"https:\/\/www.autojm.fr\/blog\/comment-preparer-sa-voiture-pour-les-vacances\/","title":{"rendered":"Comment pr\u00e9parer sa voiture pour les vacances ?"},"content":{"rendered":"\n<p>Avec le virus du Covid, les fran\u00e7ais privil\u00e9gient la voiture pour les d\u00e9parts en vacances de cet \u00e9t\u00e9, \u00e0 39%. D\u00e9crite comme plus conviviale mais surtout plus adapt\u00e9e aux normes sanitaires dont la distanciation sociale (plus difficile \u00e0 respecter dans les transports en commun), la voiture est donc le mode de transport le plus emprunt\u00e9. Mais il est important de rappeler \u00e0 chaque automobiliste que pour un trajet en toute s\u00e9r\u00e9nit\u00e9, le v\u00e9hicule doit \u00eatre contr\u00f4l\u00e9. Voici quelques points \u00e0 v\u00e9rifier.<\/p>\n\n\n\n<p><iframe loading=\"lazy\" title=\"YouTube video player\" src=\"https:\/\/www.youtube.com\/embed\/kpoK3rlgdsQ\" width=\"100%\" height=\"315\" allowfullscreen=\"allowfullscreen\"><\/iframe><\/p>\n\n\n\n<h2 class=\"wp-block-heading\">V\u00e9rifier la date du contr\u00f4le technique<\/h2>\n\n\n\n<p>Pour un v\u00e9hicule neuf, le contr\u00f4le devra \u00eatre fait dans les 6 mois pr\u00e9c\u00e9dant la premi\u00e8re mise en circulation du v\u00e9hicule. Sinon, le d\u00e9lai d\u00e9pend du pr\u00e9c\u00e9dent contr\u00f4le technique et des d\u00e9faillances relev\u00e9es : 2 mois en cas de d\u00e9faillance majeure, et 2 ans si absence de d\u00e9faillances. Si toutefois vous devez faire le contr\u00f4le technique du v\u00e9hicule avant le d\u00e9part en vacances, veillez \u00e0 prendre votre rendez-vous \u00e0 l&rsquo;avance, cette p\u00e9riode de l&rsquo;ann\u00e9e \u00e9tant particuli\u00e8rement charg\u00e9e pour les centres de contr\u00f4le technique.<\/p>\n\n\n\n<h2 class=\"wp-block-heading\">V\u00e9rifier l&rsquo;\u00e9tat des pneus<\/h2>\n\n\n\n<p>Vos pneus vont \u00eatre plus sollicit\u00e9s que jamais (long trajet, charge importante). V\u00e9rifiez qu&rsquo;ils sont en bon \u00e9tat gr\u00e2ce au t\u00e9moin d&rsquo;usure : chaque pneu en comporte plusieurs. S&rsquo; ils sont \u00e0 taille \u00e9gale avec le contour du pneu, il est temps de le changer ! V\u00e9rifiez \u00e9galement la pression des pneus : ni trop, ni trop peu gonfl\u00e9.<\/p>\n\n\n\n<h2 class=\"wp-block-heading\">Contr\u00f4ler les niveaux<\/h2>\n\n\n\n<p>Primordial : tous les liquides doivent \u00eatre \u00e0 bon niveau. Pensez donc \u00e0 v\u00e9rifier le liquide de refroidissement, le liquide de frein, l&rsquo;huile moteur et m\u00eame le liquide lave-glace.<\/p>\n\n\n\n<h2 class=\"wp-block-heading\">Contr\u00f4ler le bon fonctionnement de la climatisation<\/h2>\n\n\n\n<p>Si l&rsquo;air froid met du temps \u00e0 sortir ou que les a\u00e9rateurs pr\u00e9sentent des signes d&rsquo;humidit\u00e9, il est recommand\u00e9 de faire v\u00e9rifier votre syst\u00e8me par un garagiste. D&rsquo;ailleurs, il est conseill\u00e9 de se rendre tous les ans chez un garagiste pour le changement du fluide frigorig\u00e8ne.<\/p>\n\n\n\n<h2 class=\"wp-block-heading\">V\u00e9rifier l&rsquo;\u00e9tat du pare-brise et des essuie-glace<\/h2>\n\n\n\n<p>Il faut notamment pr\u00eater attention aux \u00e9ventuelles traces d&rsquo;impacts ou d&rsquo;\u00e9clats pr\u00e9sentes sur le pare-brise et qui pourraient se transformer en fissure avec les effets d&rsquo;une chauss\u00e9e d\u00e9form\u00e9e ou ab\u00eem\u00e9e.<\/p>\n\n\n\n<h2 class=\"wp-block-heading\">Faites attention au chargement de vos bagages<\/h2>\n\n\n\n<p>Votre v\u00e9hicule va \u00eatre soumis \u00e0 un poids total sup\u00e9rieur \u00e0 la normale d\u00fb \u00e0 la pr\u00e9sence des passagers et des bagages cons\u00e9quents. Veillez \u00e0 bien r\u00e9partir le poids afin d&rsquo;\u00e9viter un d\u00e9s\u00e9quilibre qui pourrait entra\u00eener une usure des pneus plus rapide ou plus importante (\u00e0 l&rsquo;arri\u00e8re par exemple avec le poids des bagages).<\/p>\n\n\n\n<h2 class=\"wp-block-heading\">V\u00e9rifiez la signalisation<\/h2>\n\n\n\n<p>Assurez-vous que vos phares et clignotants fonctionnent bien, mais \u00e9galement que votre plaque d&rsquo;immatriculation est bien visible notamment si vous utilisez une remorque ou un porte-v\u00e9los.<\/p>\n\n\n\n<h2 class=\"wp-block-heading\">Pr\u00e9voyez des outils<\/h2>\n\n\n\n<p>Pour les petits p\u00e9pins, il vaut mieux \u00eatre \u00e9quip\u00e9 de quelques outils basiques qui vous aideront \u00e0 faire face. Vous pouvez \u00e9galement voir avec votre assureur pour souscrire au d\u00e9pannage 0 kilom\u00e8tres, qui vous permettra plus de s\u00e9r\u00e9nit\u00e9 en cas de panne.<\/p>\n\n\n\n<h2 class=\"wp-block-heading\">Emportez vos papiers<\/h2>\n\n\n\n<p>En cas de changement de conducteur, assurez-vous que votre assurance prend en charge les autres conducteurs, et que chacun ait son permis sur lui !<\/p>\n\n\n\n<h2 class=\"wp-block-heading\">Ne pas oublier le double des cl\u00e9s<\/h2>\n\n\n\n<p>Pr\u00e9voyez un double de vos cl\u00e9s au cas o\u00f9 les v\u00f4tres se perdraient dans le sable ou en cas d&rsquo;oubli dans la voiture.<\/p>\n","protected":false},"excerpt":{"rendered":"<p>Avec le virus du Covid, les fran\u00e7ais privil\u00e9gient la voiture pour les d\u00e9parts en vacances de cet \u00e9t\u00e9, \u00e0 39%. D\u00e9crite comme plus conviviale mais surtout plus adapt\u00e9e aux normes sanitaires dont la distanciation sociale (plus difficile \u00e0 respecter dans les transports en commun), la voiture est donc le mode de transport le plus emprunt\u00e9.<\/p>\n","protected":false},"author":1,"featured_media":5808,"comment_status":"open","ping_status":"open","sticky":false,"template":"","format":"standard","meta":{"_acf_changed":false,"content-type":"","footnotes":""},"categories":[22],"tags":[90,85,74,105,110,109,106,108,107,73,78,96],"class_list":["post-3747","post","type-post","status-publish","format-standard","has-post-thumbnail","hentry","category-conseils-astuces","tag-autojm","tag-citroen-2","tag-dacia","tag-ds","tag-fiat","tag-ford","tag-kia","tag-nissan","tag-opel","tag-peugeot","tag-renault","tag-volkswagen"],"acf":[],"yoast_head":"<!-- This site is optimized with the Yoast SEO plugin v27.5 - https:\/\/yoast.com\/product\/yoast-seo-wordpress\/ -->\n<title>Comment pr\u00e9parer sa voiture pour les vacances ? - AutoJM Mag<\/title>\n<meta name=\"description\" content=\"Avec le virus du Covid, les fran\u00e7ais privil\u00e9gient la voiture pour les d\u00e9parts en vacances de cet \u00e9t\u00e9, \u00e0 39%. D\u00e9crite comme plus...\" \/>\n<meta name=\"robots\" content=\"index, follow, max-snippet:-1, max-image-preview:large, max-video-preview:-1\" \/>\n<link rel=\"canonical\" href=\"https:\/\/www.autojm.fr\/blog\/comment-preparer-sa-voiture-pour-les-vacances\/\" \/>\n<meta property=\"og:locale\" content=\"fr_FR\" \/>\n<meta property=\"og:type\" content=\"article\" \/>\n<meta property=\"og:title\" content=\"Comment pr\u00e9parer sa voiture pour les vacances ? - AutoJM Mag\" \/>\n<meta property=\"og:description\" content=\"Avec le virus du Covid, les fran\u00e7ais privil\u00e9gient la voiture pour les d\u00e9parts en vacances de cet \u00e9t\u00e9, \u00e0 39%. D\u00e9crite comme plus...\" \/>\n<meta property=\"og:url\" content=\"https:\/\/www.autojm.fr\/blog\/comment-preparer-sa-voiture-pour-les-vacances\/\" \/>\n<meta property=\"og:site_name\" content=\"AutoJM Mag\" \/>\n<meta property=\"article:publisher\" content=\"https:\/\/www.facebook.com\/AutoJM25\" \/>\n<meta property=\"article:published_time\" content=\"2021-06-11T00:00:00+00:00\" \/>\n<meta property=\"article:modified_time\" content=\"2023-04-19T06:40:14+00:00\" \/>\n<meta property=\"og:image\" content=\"https:\/\/www.autojm.fr\/blog\/wp-content\/uploads\/2022\/10\/479-scaled.jpg\" \/>\n\t<meta property=\"og:image:width\" content=\"2560\" \/>\n\t<meta property=\"og:image:height\" content=\"1160\" \/>\n\t<meta property=\"og:image:type\" content=\"image\/jpeg\" \/>\n<meta name=\"author\" content=\"Autojm\" \/>\n<meta name=\"twitter:card\" content=\"summary_large_image\" \/>\n<meta name=\"twitter:label1\" content=\"\u00c9crit par\" \/>\n\t<meta name=\"twitter:data1\" content=\"Autojm\" \/>\n\t<meta name=\"twitter:label2\" content=\"Dur\u00e9e de lecture estim\u00e9e\" \/>\n\t<meta name=\"twitter:data2\" content=\"3 minutes\" \/>\n<script type=\"application\/ld+json\" class=\"yoast-schema-graph\">{\"@context\":\"https:\\\/\\\/schema.org\",\"@graph\":[{\"@type\":\"Article\",\"@id\":\"https:\\\/\\\/www.autojm.fr\\\/blog\\\/comment-preparer-sa-voiture-pour-les-vacances\\\/#article\",\"isPartOf\":{\"@id\":\"https:\\\/\\\/www.autojm.fr\\\/blog\\\/comment-preparer-sa-voiture-pour-les-vacances\\\/\"},\"author\":{\"name\":\"Autojm\",\"@id\":\"https:\\\/\\\/www.autojm.fr\\\/blog\\\/#\\\/schema\\\/person\\\/9742bc77541853e0de81fc57f947e1a0\"},\"headline\":\"Comment pr\u00e9parer sa voiture pour les vacances ?\",\"datePublished\":\"2021-06-11T00:00:00+00:00\",\"dateModified\":\"2023-04-19T06:40:14+00:00\",\"mainEntityOfPage\":{\"@id\":\"https:\\\/\\\/www.autojm.fr\\\/blog\\\/comment-preparer-sa-voiture-pour-les-vacances\\\/\"},\"wordCount\":612,\"commentCount\":0,\"publisher\":{\"@id\":\"https:\\\/\\\/www.autojm.fr\\\/blog\\\/#organization\"},\"image\":{\"@id\":\"https:\\\/\\\/www.autojm.fr\\\/blog\\\/comment-preparer-sa-voiture-pour-les-vacances\\\/#primaryimage\"},\"thumbnailUrl\":\"https:\\\/\\\/www.autojm.fr\\\/blog\\\/wp-content\\\/uploads\\\/2022\\\/10\\\/479-scaled.jpg\",\"keywords\":[\"autojm\",\"Citro\u00ebn\",\"dacia\",\"DS\",\"Fiat\",\"Ford\",\"Kia\",\"Nissan\",\"Opel\",\"peugeot\",\"renault\",\"Volkswagen\"],\"articleSection\":[\"Conseils &amp; Astuces\"],\"inLanguage\":\"fr-FR\",\"potentialAction\":[{\"@type\":\"CommentAction\",\"name\":\"Comment\",\"target\":[\"https:\\\/\\\/www.autojm.fr\\\/blog\\\/comment-preparer-sa-voiture-pour-les-vacances\\\/#respond\"]}]},{\"@type\":\"WebPage\",\"@id\":\"https:\\\/\\\/www.autojm.fr\\\/blog\\\/comment-preparer-sa-voiture-pour-les-vacances\\\/\",\"url\":\"https:\\\/\\\/www.autojm.fr\\\/blog\\\/comment-preparer-sa-voiture-pour-les-vacances\\\/\",\"name\":\"Comment pr\u00e9parer sa voiture pour les vacances ? - AutoJM Mag\",\"isPartOf\":{\"@id\":\"https:\\\/\\\/www.autojm.fr\\\/blog\\\/#website\"},\"primaryImageOfPage\":{\"@id\":\"https:\\\/\\\/www.autojm.fr\\\/blog\\\/comment-preparer-sa-voiture-pour-les-vacances\\\/#primaryimage\"},\"image\":{\"@id\":\"https:\\\/\\\/www.autojm.fr\\\/blog\\\/comment-preparer-sa-voiture-pour-les-vacances\\\/#primaryimage\"},\"thumbnailUrl\":\"https:\\\/\\\/www.autojm.fr\\\/blog\\\/wp-content\\\/uploads\\\/2022\\\/10\\\/479-scaled.jpg\",\"datePublished\":\"2021-06-11T00:00:00+00:00\",\"dateModified\":\"2023-04-19T06:40:14+00:00\",\"description\":\"Avec le virus du Covid, les fran\u00e7ais privil\u00e9gient la voiture pour les d\u00e9parts en vacances de cet \u00e9t\u00e9, \u00e0 39%. D\u00e9crite comme plus...\",\"breadcrumb\":{\"@id\":\"https:\\\/\\\/www.autojm.fr\\\/blog\\\/comment-preparer-sa-voiture-pour-les-vacances\\\/#breadcrumb\"},\"inLanguage\":\"fr-FR\",\"potentialAction\":[{\"@type\":\"ReadAction\",\"target\":[\"https:\\\/\\\/www.autojm.fr\\\/blog\\\/comment-preparer-sa-voiture-pour-les-vacances\\\/\"]}]},{\"@type\":\"ImageObject\",\"inLanguage\":\"fr-FR\",\"@id\":\"https:\\\/\\\/www.autojm.fr\\\/blog\\\/comment-preparer-sa-voiture-pour-les-vacances\\\/#primaryimage\",\"url\":\"https:\\\/\\\/www.autojm.fr\\\/blog\\\/wp-content\\\/uploads\\\/2022\\\/10\\\/479-scaled.jpg\",\"contentUrl\":\"https:\\\/\\\/www.autojm.fr\\\/blog\\\/wp-content\\\/uploads\\\/2022\\\/10\\\/479-scaled.jpg\",\"width\":2560,\"height\":1160,\"caption\":\"Voiture vacances\"},{\"@type\":\"BreadcrumbList\",\"@id\":\"https:\\\/\\\/www.autojm.fr\\\/blog\\\/comment-preparer-sa-voiture-pour-les-vacances\\\/#breadcrumb\",\"itemListElement\":[{\"@type\":\"ListItem\",\"position\":1,\"name\":\"Accueil\",\"item\":\"https:\\\/\\\/www.autojm.fr\\\/blog\\\/\"},{\"@type\":\"ListItem\",\"position\":2,\"name\":\"Conseils &amp; Astuces\",\"item\":\"https:\\\/\\\/www.autojm.fr\\\/blog\\\/conseils-astuces\\\/\"},{\"@type\":\"ListItem\",\"position\":3,\"name\":\"Comment pr\u00e9parer sa voiture pour les vacances ?\"}]},{\"@type\":\"WebSite\",\"@id\":\"https:\\\/\\\/www.autojm.fr\\\/blog\\\/#website\",\"url\":\"https:\\\/\\\/www.autojm.fr\\\/blog\\\/\",\"name\":\"AutoJM Mag\",\"description\":\"Toute l&#039;actu auto en 1 clic !\",\"publisher\":{\"@id\":\"https:\\\/\\\/www.autojm.fr\\\/blog\\\/#organization\"},\"potentialAction\":[{\"@type\":\"SearchAction\",\"target\":{\"@type\":\"EntryPoint\",\"urlTemplate\":\"https:\\\/\\\/www.autojm.fr\\\/blog\\\/?s={search_term_string}\"},\"query-input\":{\"@type\":\"PropertyValueSpecification\",\"valueRequired\":true,\"valueName\":\"search_term_string\"}}],\"inLanguage\":\"fr-FR\"},{\"@type\":\"Organization\",\"@id\":\"https:\\\/\\\/www.autojm.fr\\\/blog\\\/#organization\",\"name\":\"AutoJM Mag\",\"url\":\"https:\\\/\\\/www.autojm.fr\\\/blog\\\/\",\"logo\":{\"@type\":\"ImageObject\",\"inLanguage\":\"fr-FR\",\"@id\":\"https:\\\/\\\/www.autojm.fr\\\/blog\\\/#\\\/schema\\\/logo\\\/image\\\/\",\"url\":\"https:\\\/\\\/www.autojm.fr\\\/blog\\\/wp-content\\\/uploads\\\/2022\\\/12\\\/cropped-AutoJMag-png.png\",\"contentUrl\":\"https:\\\/\\\/www.autojm.fr\\\/blog\\\/wp-content\\\/uploads\\\/2022\\\/12\\\/cropped-AutoJMag-png.png\",\"width\":2834,\"height\":585,\"caption\":\"AutoJM Mag\"},\"image\":{\"@id\":\"https:\\\/\\\/www.autojm.fr\\\/blog\\\/#\\\/schema\\\/logo\\\/image\\\/\"},\"sameAs\":[\"https:\\\/\\\/www.facebook.com\\\/AutoJM25\"]},{\"@type\":\"Person\",\"@id\":\"https:\\\/\\\/www.autojm.fr\\\/blog\\\/#\\\/schema\\\/person\\\/9742bc77541853e0de81fc57f947e1a0\",\"name\":\"Autojm\",\"image\":{\"@type\":\"ImageObject\",\"inLanguage\":\"fr-FR\",\"@id\":\"https:\\\/\\\/secure.gravatar.com\\\/avatar\\\/9a959d52b758fcc232fe4b6aca7bab139182573297122cce7d6f2ee0e537b418?s=96&d=mm&r=g\",\"url\":\"https:\\\/\\\/secure.gravatar.com\\\/avatar\\\/9a959d52b758fcc232fe4b6aca7bab139182573297122cce7d6f2ee0e537b418?s=96&d=mm&r=g\",\"contentUrl\":\"https:\\\/\\\/secure.gravatar.com\\\/avatar\\\/9a959d52b758fcc232fe4b6aca7bab139182573297122cce7d6f2ee0e537b418?s=96&d=mm&r=g\",\"caption\":\"Autojm\"},\"sameAs\":[\"https:\\\/\\\/www.autojm.fr\\\/blog\"],\"url\":\"https:\\\/\\\/www.autojm.fr\\\/blog\\\/author\\\/bichoi\\\/\"}]}<\/script>\n<!-- \/ Yoast SEO plugin. -->","yoast_head_json":{"title":"Comment pr\u00e9parer sa voiture pour les vacances ? - AutoJM Mag","description":"Avec le virus du Covid, les fran\u00e7ais privil\u00e9gient la voiture pour les d\u00e9parts en vacances de cet \u00e9t\u00e9, \u00e0 39%. D\u00e9crite comme plus...","robots":{"index":"index","follow":"follow","max-snippet":"max-snippet:-1","max-image-preview":"max-image-preview:large","max-video-preview":"max-video-preview:-1"},"canonical":"https:\/\/www.autojm.fr\/blog\/comment-preparer-sa-voiture-pour-les-vacances\/","og_locale":"fr_FR","og_type":"article","og_title":"Comment pr\u00e9parer sa voiture pour les vacances ? - AutoJM Mag","og_description":"Avec le virus du Covid, les fran\u00e7ais privil\u00e9gient la voiture pour les d\u00e9parts en vacances de cet \u00e9t\u00e9, \u00e0 39%. D\u00e9crite comme plus...","og_url":"https:\/\/www.autojm.fr\/blog\/comment-preparer-sa-voiture-pour-les-vacances\/","og_site_name":"AutoJM Mag","article_publisher":"https:\/\/www.facebook.com\/AutoJM25","article_published_time":"2021-06-11T00:00:00+00:00","article_modified_time":"2023-04-19T06:40:14+00:00","og_image":[{"width":2560,"height":1160,"url":"https:\/\/www.autojm.fr\/blog\/wp-content\/uploads\/2022\/10\/479-scaled.jpg","type":"image\/jpeg"}],"author":"Autojm","twitter_card":"summary_large_image","twitter_misc":{"\u00c9crit par":"Autojm","Dur\u00e9e de lecture estim\u00e9e":"3 minutes"},"schema":{"@context":"https:\/\/schema.org","@graph":[{"@type":"Article","@id":"https:\/\/www.autojm.fr\/blog\/comment-preparer-sa-voiture-pour-les-vacances\/#article","isPartOf":{"@id":"https:\/\/www.autojm.fr\/blog\/comment-preparer-sa-voiture-pour-les-vacances\/"},"author":{"name":"Autojm","@id":"https:\/\/www.autojm.fr\/blog\/#\/schema\/person\/9742bc77541853e0de81fc57f947e1a0"},"headline":"Comment pr\u00e9parer sa voiture pour les vacances ?","datePublished":"2021-06-11T00:00:00+00:00","dateModified":"2023-04-19T06:40:14+00:00","mainEntityOfPage":{"@id":"https:\/\/www.autojm.fr\/blog\/comment-preparer-sa-voiture-pour-les-vacances\/"},"wordCount":612,"commentCount":0,"publisher":{"@id":"https:\/\/www.autojm.fr\/blog\/#organization"},"image":{"@id":"https:\/\/www.autojm.fr\/blog\/comment-preparer-sa-voiture-pour-les-vacances\/#primaryimage"},"thumbnailUrl":"https:\/\/www.autojm.fr\/blog\/wp-content\/uploads\/2022\/10\/479-scaled.jpg","keywords":["autojm","Citro\u00ebn","dacia","DS","Fiat","Ford","Kia","Nissan","Opel","peugeot","renault","Volkswagen"],"articleSection":["Conseils &amp; Astuces"],"inLanguage":"fr-FR","potentialAction":[{"@type":"CommentAction","name":"Comment","target":["https:\/\/www.autojm.fr\/blog\/comment-preparer-sa-voiture-pour-les-vacances\/#respond"]}]},{"@type":"WebPage","@id":"https:\/\/www.autojm.fr\/blog\/comment-preparer-sa-voiture-pour-les-vacances\/","url":"https:\/\/www.autojm.fr\/blog\/comment-preparer-sa-voiture-pour-les-vacances\/","name":"Comment pr\u00e9parer sa voiture pour les vacances ? - AutoJM Mag","isPartOf":{"@id":"https:\/\/www.autojm.fr\/blog\/#website"},"primaryImageOfPage":{"@id":"https:\/\/www.autojm.fr\/blog\/comment-preparer-sa-voiture-pour-les-vacances\/#primaryimage"},"image":{"@id":"https:\/\/www.autojm.fr\/blog\/comment-preparer-sa-voiture-pour-les-vacances\/#primaryimage"},"thumbnailUrl":"https:\/\/www.autojm.fr\/blog\/wp-content\/uploads\/2022\/10\/479-scaled.jpg","datePublished":"2021-06-11T00:00:00+00:00","dateModified":"2023-04-19T06:40:14+00:00","description":"Avec le virus du Covid, les fran\u00e7ais privil\u00e9gient la voiture pour les d\u00e9parts en vacances de cet \u00e9t\u00e9, \u00e0 39%. D\u00e9crite comme plus...","breadcrumb":{"@id":"https:\/\/www.autojm.fr\/blog\/comment-preparer-sa-voiture-pour-les-vacances\/#breadcrumb"},"inLanguage":"fr-FR","potentialAction":[{"@type":"ReadAction","target":["https:\/\/www.autojm.fr\/blog\/comment-preparer-sa-voiture-pour-les-vacances\/"]}]},{"@type":"ImageObject","inLanguage":"fr-FR","@id":"https:\/\/www.autojm.fr\/blog\/comment-preparer-sa-voiture-pour-les-vacances\/#primaryimage","url":"https:\/\/www.autojm.fr\/blog\/wp-content\/uploads\/2022\/10\/479-scaled.jpg","contentUrl":"https:\/\/www.autojm.fr\/blog\/wp-content\/uploads\/2022\/10\/479-scaled.jpg","width":2560,"height":1160,"caption":"Voiture vacances"},{"@type":"BreadcrumbList","@id":"https:\/\/www.autojm.fr\/blog\/comment-preparer-sa-voiture-pour-les-vacances\/#breadcrumb","itemListElement":[{"@type":"ListItem","position":1,"name":"Accueil","item":"https:\/\/www.autojm.fr\/blog\/"},{"@type":"ListItem","position":2,"name":"Conseils &amp; Astuces","item":"https:\/\/www.autojm.fr\/blog\/conseils-astuces\/"},{"@type":"ListItem","position":3,"name":"Comment pr\u00e9parer sa voiture pour les vacances ?"}]},{"@type":"WebSite","@id":"https:\/\/www.autojm.fr\/blog\/#website","url":"https:\/\/www.autojm.fr\/blog\/","name":"AutoJM Mag","description":"Toute l&#039;actu auto en 1 clic !","publisher":{"@id":"https:\/\/www.autojm.fr\/blog\/#organization"},"potentialAction":[{"@type":"SearchAction","target":{"@type":"EntryPoint","urlTemplate":"https:\/\/www.autojm.fr\/blog\/?s={search_term_string}"},"query-input":{"@type":"PropertyValueSpecification","valueRequired":true,"valueName":"search_term_string"}}],"inLanguage":"fr-FR"},{"@type":"Organization","@id":"https:\/\/www.autojm.fr\/blog\/#organization","name":"AutoJM Mag","url":"https:\/\/www.autojm.fr\/blog\/","logo":{"@type":"ImageObject","inLanguage":"fr-FR","@id":"https:\/\/www.autojm.fr\/blog\/#\/schema\/logo\/image\/","url":"https:\/\/www.autojm.fr\/blog\/wp-content\/uploads\/2022\/12\/cropped-AutoJMag-png.png","contentUrl":"https:\/\/www.autojm.fr\/blog\/wp-content\/uploads\/2022\/12\/cropped-AutoJMag-png.png","width":2834,"height":585,"caption":"AutoJM Mag"},"image":{"@id":"https:\/\/www.autojm.fr\/blog\/#\/schema\/logo\/image\/"},"sameAs":["https:\/\/www.facebook.com\/AutoJM25"]},{"@type":"Person","@id":"https:\/\/www.autojm.fr\/blog\/#\/schema\/person\/9742bc77541853e0de81fc57f947e1a0","name":"Autojm","image":{"@type":"ImageObject","inLanguage":"fr-FR","@id":"https:\/\/secure.gravatar.com\/avatar\/9a959d52b758fcc232fe4b6aca7bab139182573297122cce7d6f2ee0e537b418?s=96&d=mm&r=g","url":"https:\/\/secure.gravatar.com\/avatar\/9a959d52b758fcc232fe4b6aca7bab139182573297122cce7d6f2ee0e537b418?s=96&d=mm&r=g","contentUrl":"https:\/\/secure.gravatar.com\/avatar\/9a959d52b758fcc232fe4b6aca7bab139182573297122cce7d6f2ee0e537b418?s=96&d=mm&r=g","caption":"Autojm"},"sameAs":["https:\/\/www.autojm.fr\/blog"],"url":"https:\/\/www.autojm.fr\/blog\/author\/bichoi\/"}]}},"_links":{"self":[{"href":"https:\/\/www.autojm.fr\/blog\/wp-json\/wp\/v2\/posts\/3747","targetHints":{"allow":["GET"]}}],"collection":[{"href":"https:\/\/www.autojm.fr\/blog\/wp-json\/wp\/v2\/posts"}],"about":[{"href":"https:\/\/www.autojm.fr\/blog\/wp-json\/wp\/v2\/types\/post"}],"author":[{"embeddable":true,"href":"https:\/\/www.autojm.fr\/blog\/wp-json\/wp\/v2\/users\/1"}],"replies":[{"embeddable":true,"href":"https:\/\/www.autojm.fr\/blog\/wp-json\/wp\/v2\/comments?post=3747"}],"version-history":[{"count":6,"href":"https:\/\/www.autojm.fr\/blog\/wp-json\/wp\/v2\/posts\/3747\/revisions"}],"predecessor-version":[{"id":9402,"href":"https:\/\/www.autojm.fr\/blog\/wp-json\/wp\/v2\/posts\/3747\/revisions\/9402"}],"wp:featuredmedia":[{"embeddable":true,"href":"https:\/\/www.autojm.fr\/blog\/wp-json\/wp\/v2\/media\/5808"}],"wp:attachment":[{"href":"https:\/\/www.autojm.fr\/blog\/wp-json\/wp\/v2\/media?parent=3747"}],"wp:term":[{"taxonomy":"category","embeddable":true,"href":"https:\/\/www.autojm.fr\/blog\/wp-json\/wp\/v2\/categories?post=3747"},{"taxonomy":"post_tag","embeddable":true,"href":"https:\/\/www.autojm.fr\/blog\/wp-json\/wp\/v2\/tags?post=3747"}],"curies":[{"name":"wp","href":"https:\/\/api.w.org\/{rel}","templated":true}]}}