{"id":3746,"date":"2020-01-29T00:00:00","date_gmt":"2020-01-29T00:00:00","guid":{"rendered":"https:\/\/www.autojm.fr\/blog\/citroen-c5-aircross-suv-ultra-personnalisable\/"},"modified":"2023-04-18T12:50:30","modified_gmt":"2023-04-18T12:50:30","slug":"citroen-c5-aircross-suv-ultra-personnalisable","status":"publish","type":"post","link":"https:\/\/www.autojm.fr\/blog\/citroen-c5-aircross-suv-ultra-personnalisable\/","title":{"rendered":"Citro\u00ebn C5 Aircross, SUV ultra-personnalisable"},"content":{"rendered":"<p>Le Citro\u00ebn C5 Aircross existe en 6 finitions : Start, Feel, Shine, Live, Business, et Business+. Il est disponible chez AutoJM avec des remises actuelles atteignant -21,5% et <strong><a href=\"https:\/\/www.autojm.fr\/mandataire-voitures-neuves-citroen\">de nombreux mod\u00e8les sont disponibles rapidement en finition Shine Blue HDI 180 EAT8<\/a><\/strong>.<\/p>\n<h2>\nDesign unique et familier de Citro\u00ebn<\/h2>\n<p>Le C5 Aircross adopte tous les codes stylistiques des v\u00e9hicules de la marque Citro\u00ebn. On retrouve les <strong>airbumps<\/strong> c\u00e9l\u00e8bres &#8211; d\u00e9j\u00e0 observ\u00e9s sur le C4 cactus ou la Citro\u00ebn C3 derni\u00e8re g\u00e9n\u00e9ration &#8211; avec un insert color\u00e9, les optiques arri\u00e8res en 3D, les protections de bas de caisse, et la personnalisation quasi-illimit\u00e9e avec 30 combinaisons ext\u00e9rieures possibles et 5 ambiances int\u00e9rieures. Les barres de toit sont \u00e9galement personnalisables en bi-colores. Sur ce SUV, la <strong>surface vitr\u00e9e \u00e0 360\u00b0<\/strong> coupl\u00e9e \u00e0 un toit panoramique ouvrant offrent une luminosit\u00e9 plus que satisfaisante au sein de l&rsquo;habitacle. Le SUV est muscl\u00e9, dominant gr\u00e2ce \u00e0 une garde au sol de 230 mm et des <strong>roues de 720 mm<\/strong>. Enfin, Citro\u00ebn marque d&rsquo;un C chrom\u00e9 les vitres qui d\u00e9limitent l&rsquo;habitacle, pour offrir une finition ext\u00e9rieure unique.<\/p>\n<h2>\u00c0 l&rsquo;int\u00e9rieur du C5 Aircross<\/h2>\n<p>A l&rsquo;int\u00e9rieur, c&rsquo;est le confort qui domine l&rsquo;ambiance g\u00e9n\u00e9rale : les si\u00e8ges avant, si\u00e8ges advanced comfort qui peuvent \u00eatre chauffants, accueillent \u00e9galement une option <strong>si\u00e8ges massants<\/strong> pour laquelle le conducteur dispose de 5 programmes. Ils sont fait d&rsquo;une mousse haute densit\u00e9 coupl\u00e9e \u00e0 une mousse textur\u00e9e \u00e9paissie de 15 mm en surface pour une protection du dos et des lombaires. Les assises sont hautes pour une visibilit\u00e9 optimale sur toute la route.<br \/>\nA l&rsquo;arri\u00e8re, on retrouve 3 vraies places avec une <strong>rang\u00e9e de si\u00e8ges individuels coulissants, escamotables et m\u00eame extractibles<\/strong> pour laisser place \u00e0 un plancher plat qui permet un chargement pratique et un volume augment\u00e9. Le coffre dispose de <strong>580 litres de chargement en configuration classique<\/strong> et d&rsquo;un plancher ajustable sur 2 hauteurs. C\u00f4t\u00e9 rangements, le C5 Aircross est pourvu d&rsquo;une console centrale avec un rangement r\u00e9frig\u00e9r\u00e9 et un vide poche large avec chargeur sans fil int\u00e9gr\u00e9. On retrouve \u00e9galement de l&rsquo;espace pour ranger dans la bo\u00eete \u00e0 gants, et les rangements de portes.<br \/>\nLa planche de bord adopte un style particulier avec un bandeau thermogain\u00e9 sur toute la longueur, et les diff\u00e9rentes ambiances int\u00e9rieures qui donnent un c\u00f4t\u00e9 plus chaleureux ou plus \u00e9l\u00e9gant au poste de conduite. Le <strong>combin\u00e9 num\u00e9rique 12,3 pouces<\/strong> situ\u00e9 derri\u00e8re le volant permet une projection des diff\u00e9rentes informations pr\u00e9-s\u00e9lectionn\u00e9es par le conducteur, et accessibles depuis l&rsquo;<strong>\u00e9cran central tactile 8 pouces<\/strong>. Sur cet \u00e9cran, on retrouve la climatisation, le syst\u00e8me Mirror Screen avec Android Auto\/Apple Car Play\/Mirror Link, et la navigation connect\u00e9e.<\/p>\n<h2>Aides \u00e0 la conduite du SUV C5 Aircross<\/h2>\n<p>Le <a href=\"https:\/\/www.autojm.fr\/mandataire-voitures-neuves-citroen\">SUV C5 Aircross<\/a> est dot\u00e9 des <strong>suspensions avec but\u00e9es hydrauliques progressives<\/strong> qui permettent de filtrer et absorber les gros d\u00e9fauts de la route tout comme les petites irr\u00e9gularit\u00e9s. Le conducteur gagne en confort et peut rouler plus sereinement sans risquer la perte de contr\u00f4le du v\u00e9hicule. Et c\u00f4t\u00e9 s\u00e9curit\u00e9, le Citro\u00ebn C5 Aircross est plut\u00f4t bien \u00e9quip\u00e9. <strong>De nombreuses aides \u00e0 la conduite<\/strong> sont disponibles : alerte de franchissement involontaire de ligne, Park Assist, alerte de risque de collision, vision 360\u00b0, aide au d\u00e9marrage en pente, syst\u00e8me de surveillance des angles morts, grip control, reconnaissance des panneaux avec recommandations de vitesse\u2026 etc. Enfin, le conducteur dispose de la Citro\u00ebn Connect Box avec pack SOS &amp; assistance en cas de panne ou accident, et de la Citro\u00ebn Connected Cam.<\/p>\n<p>Le voici face \u00e0 son plus gros concurrent, le Peugeot 3008&#8230;<\/p>\n<p><iframe loading=\"lazy\" src=\"https:\/\/www.youtube.com\/embed\/-Tpk56ogPmY\" width=\"100%\" height=\"315\" allowfullscreen=\"allowfullscreen\"><\/iframe><\/p>\n<p>Le C5 Aircross adopte tous les codes d&rsquo;un SUV moderne : un gabarit muscl\u00e9, une position de conduite haute, des \u00e9quipements dernier cri&#8230; Et vous, allez-vous l&rsquo;adopter ?<\/p>\n","protected":false},"excerpt":{"rendered":"<p>Le Citro\u00ebn C5 Aircross existe en 6 finitions : Start, Feel, Shine, Live, Business, et Business+. Il est disponible chez AutoJM avec des remises actuelles atteignant -21,5% et de nombreux mod\u00e8les sont disponibles rapidement en finition Shine Blue HDI 180 EAT8.<\/p>\n","protected":false},"author":1,"featured_media":5807,"comment_status":"open","ping_status":"open","sticky":false,"template":"","format":"standard","meta":{"_acf_changed":false,"content-type":"","footnotes":""},"categories":[236,61],"tags":[90,79,173],"class_list":["post-3746","post","type-post","status-publish","format-standard","has-post-thumbnail","hentry","category-nouveaute-citroen","category-nouveautes-autos","tag-autojm","tag-citroen","tag-citroen-c5-aircross"],"acf":[],"yoast_head":"<!-- This site is optimized with the Yoast SEO plugin v27.5 - https:\/\/yoast.com\/product\/yoast-seo-wordpress\/ -->\n<title>Citro\u00ebn C5 Aircross, SUV ultra-personnalisable - AutoJM Mag<\/title>\n<meta name=\"description\" content=\"Le Citro\u00ebn C5 Aircross existe en 6 finitions : Start, Feel, Shine, Live, Business, et Business+. Il est disponible chez AutoJM avec des...\" \/>\n<meta name=\"robots\" content=\"index, follow, max-snippet:-1, max-image-preview:large, max-video-preview:-1\" \/>\n<link rel=\"canonical\" href=\"https:\/\/www.autojm.fr\/blog\/citroen-c5-aircross-suv-ultra-personnalisable\/\" \/>\n<meta property=\"og:locale\" content=\"fr_FR\" \/>\n<meta property=\"og:type\" content=\"article\" \/>\n<meta property=\"og:title\" content=\"Citro\u00ebn C5 Aircross, SUV ultra-personnalisable - AutoJM Mag\" \/>\n<meta property=\"og:description\" content=\"Le Citro\u00ebn C5 Aircross existe en 6 finitions : Start, Feel, Shine, Live, Business, et Business+. Il est disponible chez AutoJM avec des...\" \/>\n<meta property=\"og:url\" content=\"https:\/\/www.autojm.fr\/blog\/citroen-c5-aircross-suv-ultra-personnalisable\/\" \/>\n<meta property=\"og:site_name\" content=\"AutoJM Mag\" \/>\n<meta property=\"article:publisher\" content=\"https:\/\/www.facebook.com\/AutoJM25\" \/>\n<meta property=\"article:published_time\" content=\"2020-01-29T00:00:00+00:00\" \/>\n<meta property=\"article:modified_time\" content=\"2023-04-18T12:50:30+00:00\" \/>\n<meta property=\"og:image\" content=\"https:\/\/www.autojm.fr\/blog\/wp-content\/uploads\/2022\/10\/471-scaled.jpg\" \/>\n\t<meta property=\"og:image:width\" content=\"2560\" \/>\n\t<meta property=\"og:image:height\" content=\"1160\" \/>\n\t<meta property=\"og:image:type\" content=\"image\/jpeg\" \/>\n<meta name=\"author\" content=\"Autojm\" \/>\n<meta name=\"twitter:card\" content=\"summary_large_image\" \/>\n<meta name=\"twitter:label1\" content=\"\u00c9crit par\" \/>\n\t<meta name=\"twitter:data1\" content=\"Autojm\" \/>\n\t<meta name=\"twitter:label2\" content=\"Dur\u00e9e de lecture estim\u00e9e\" \/>\n\t<meta name=\"twitter:data2\" content=\"4 minutes\" \/>\n<script type=\"application\/ld+json\" class=\"yoast-schema-graph\">{\"@context\":\"https:\\\/\\\/schema.org\",\"@graph\":[{\"@type\":\"Article\",\"@id\":\"https:\\\/\\\/www.autojm.fr\\\/blog\\\/citroen-c5-aircross-suv-ultra-personnalisable\\\/#article\",\"isPartOf\":{\"@id\":\"https:\\\/\\\/www.autojm.fr\\\/blog\\\/citroen-c5-aircross-suv-ultra-personnalisable\\\/\"},\"author\":{\"name\":\"Autojm\",\"@id\":\"https:\\\/\\\/www.autojm.fr\\\/blog\\\/#\\\/schema\\\/person\\\/9742bc77541853e0de81fc57f947e1a0\"},\"headline\":\"Citro\u00ebn C5 Aircross, SUV ultra-personnalisable\",\"datePublished\":\"2020-01-29T00:00:00+00:00\",\"dateModified\":\"2023-04-18T12:50:30+00:00\",\"mainEntityOfPage\":{\"@id\":\"https:\\\/\\\/www.autojm.fr\\\/blog\\\/citroen-c5-aircross-suv-ultra-personnalisable\\\/\"},\"wordCount\":651,\"commentCount\":0,\"publisher\":{\"@id\":\"https:\\\/\\\/www.autojm.fr\\\/blog\\\/#organization\"},\"image\":{\"@id\":\"https:\\\/\\\/www.autojm.fr\\\/blog\\\/citroen-c5-aircross-suv-ultra-personnalisable\\\/#primaryimage\"},\"thumbnailUrl\":\"https:\\\/\\\/www.autojm.fr\\\/blog\\\/wp-content\\\/uploads\\\/2022\\\/10\\\/471-scaled.jpg\",\"keywords\":[\"autojm\",\"citroen\",\"Citro\u00ebn C5 Aircross\"],\"articleSection\":[\"Nouveaut\u00e9 Citro\u00ebn\",\"Nouveaut\u00e9s Autos\"],\"inLanguage\":\"fr-FR\",\"potentialAction\":[{\"@type\":\"CommentAction\",\"name\":\"Comment\",\"target\":[\"https:\\\/\\\/www.autojm.fr\\\/blog\\\/citroen-c5-aircross-suv-ultra-personnalisable\\\/#respond\"]}]},{\"@type\":\"WebPage\",\"@id\":\"https:\\\/\\\/www.autojm.fr\\\/blog\\\/citroen-c5-aircross-suv-ultra-personnalisable\\\/\",\"url\":\"https:\\\/\\\/www.autojm.fr\\\/blog\\\/citroen-c5-aircross-suv-ultra-personnalisable\\\/\",\"name\":\"Citro\u00ebn C5 Aircross, SUV ultra-personnalisable - AutoJM Mag\",\"isPartOf\":{\"@id\":\"https:\\\/\\\/www.autojm.fr\\\/blog\\\/#website\"},\"primaryImageOfPage\":{\"@id\":\"https:\\\/\\\/www.autojm.fr\\\/blog\\\/citroen-c5-aircross-suv-ultra-personnalisable\\\/#primaryimage\"},\"image\":{\"@id\":\"https:\\\/\\\/www.autojm.fr\\\/blog\\\/citroen-c5-aircross-suv-ultra-personnalisable\\\/#primaryimage\"},\"thumbnailUrl\":\"https:\\\/\\\/www.autojm.fr\\\/blog\\\/wp-content\\\/uploads\\\/2022\\\/10\\\/471-scaled.jpg\",\"datePublished\":\"2020-01-29T00:00:00+00:00\",\"dateModified\":\"2023-04-18T12:50:30+00:00\",\"description\":\"Le Citro\u00ebn C5 Aircross existe en 6 finitions : Start, Feel, Shine, Live, Business, et Business+. Il est disponible chez AutoJM avec des...\",\"breadcrumb\":{\"@id\":\"https:\\\/\\\/www.autojm.fr\\\/blog\\\/citroen-c5-aircross-suv-ultra-personnalisable\\\/#breadcrumb\"},\"inLanguage\":\"fr-FR\",\"potentialAction\":[{\"@type\":\"ReadAction\",\"target\":[\"https:\\\/\\\/www.autojm.fr\\\/blog\\\/citroen-c5-aircross-suv-ultra-personnalisable\\\/\"]}]},{\"@type\":\"ImageObject\",\"inLanguage\":\"fr-FR\",\"@id\":\"https:\\\/\\\/www.autojm.fr\\\/blog\\\/citroen-c5-aircross-suv-ultra-personnalisable\\\/#primaryimage\",\"url\":\"https:\\\/\\\/www.autojm.fr\\\/blog\\\/wp-content\\\/uploads\\\/2022\\\/10\\\/471-scaled.jpg\",\"contentUrl\":\"https:\\\/\\\/www.autojm.fr\\\/blog\\\/wp-content\\\/uploads\\\/2022\\\/10\\\/471-scaled.jpg\",\"width\":2560,\"height\":1160,\"caption\":\"Citro\u00ebn C5 Aircross\"},{\"@type\":\"BreadcrumbList\",\"@id\":\"https:\\\/\\\/www.autojm.fr\\\/blog\\\/citroen-c5-aircross-suv-ultra-personnalisable\\\/#breadcrumb\",\"itemListElement\":[{\"@type\":\"ListItem\",\"position\":1,\"name\":\"Accueil\",\"item\":\"https:\\\/\\\/www.autojm.fr\\\/blog\\\/\"},{\"@type\":\"ListItem\",\"position\":2,\"name\":\"Nouveaut\u00e9s Autos\",\"item\":\"https:\\\/\\\/www.autojm.fr\\\/blog\\\/nouveautes-autos\\\/\"},{\"@type\":\"ListItem\",\"position\":3,\"name\":\"Citro\u00ebn C5 Aircross, SUV ultra-personnalisable\"}]},{\"@type\":\"WebSite\",\"@id\":\"https:\\\/\\\/www.autojm.fr\\\/blog\\\/#website\",\"url\":\"https:\\\/\\\/www.autojm.fr\\\/blog\\\/\",\"name\":\"AutoJM Mag\",\"description\":\"Toute l&#039;actu auto en 1 clic !\",\"publisher\":{\"@id\":\"https:\\\/\\\/www.autojm.fr\\\/blog\\\/#organization\"},\"potentialAction\":[{\"@type\":\"SearchAction\",\"target\":{\"@type\":\"EntryPoint\",\"urlTemplate\":\"https:\\\/\\\/www.autojm.fr\\\/blog\\\/?s={search_term_string}\"},\"query-input\":{\"@type\":\"PropertyValueSpecification\",\"valueRequired\":true,\"valueName\":\"search_term_string\"}}],\"inLanguage\":\"fr-FR\"},{\"@type\":\"Organization\",\"@id\":\"https:\\\/\\\/www.autojm.fr\\\/blog\\\/#organization\",\"name\":\"AutoJM Mag\",\"url\":\"https:\\\/\\\/www.autojm.fr\\\/blog\\\/\",\"logo\":{\"@type\":\"ImageObject\",\"inLanguage\":\"fr-FR\",\"@id\":\"https:\\\/\\\/www.autojm.fr\\\/blog\\\/#\\\/schema\\\/logo\\\/image\\\/\",\"url\":\"https:\\\/\\\/www.autojm.fr\\\/blog\\\/wp-content\\\/uploads\\\/2022\\\/12\\\/cropped-AutoJMag-png.png\",\"contentUrl\":\"https:\\\/\\\/www.autojm.fr\\\/blog\\\/wp-content\\\/uploads\\\/2022\\\/12\\\/cropped-AutoJMag-png.png\",\"width\":2834,\"height\":585,\"caption\":\"AutoJM Mag\"},\"image\":{\"@id\":\"https:\\\/\\\/www.autojm.fr\\\/blog\\\/#\\\/schema\\\/logo\\\/image\\\/\"},\"sameAs\":[\"https:\\\/\\\/www.facebook.com\\\/AutoJM25\"]},{\"@type\":\"Person\",\"@id\":\"https:\\\/\\\/www.autojm.fr\\\/blog\\\/#\\\/schema\\\/person\\\/9742bc77541853e0de81fc57f947e1a0\",\"name\":\"Autojm\",\"image\":{\"@type\":\"ImageObject\",\"inLanguage\":\"fr-FR\",\"@id\":\"https:\\\/\\\/secure.gravatar.com\\\/avatar\\\/9a959d52b758fcc232fe4b6aca7bab139182573297122cce7d6f2ee0e537b418?s=96&d=mm&r=g\",\"url\":\"https:\\\/\\\/secure.gravatar.com\\\/avatar\\\/9a959d52b758fcc232fe4b6aca7bab139182573297122cce7d6f2ee0e537b418?s=96&d=mm&r=g\",\"contentUrl\":\"https:\\\/\\\/secure.gravatar.com\\\/avatar\\\/9a959d52b758fcc232fe4b6aca7bab139182573297122cce7d6f2ee0e537b418?s=96&d=mm&r=g\",\"caption\":\"Autojm\"},\"sameAs\":[\"https:\\\/\\\/www.autojm.fr\\\/blog\"],\"url\":\"https:\\\/\\\/www.autojm.fr\\\/blog\\\/author\\\/bichoi\\\/\"}]}<\/script>\n<!-- \/ Yoast SEO plugin. -->","yoast_head_json":{"title":"Citro\u00ebn C5 Aircross, SUV ultra-personnalisable - AutoJM Mag","description":"Le Citro\u00ebn C5 Aircross existe en 6 finitions : Start, Feel, Shine, Live, Business, et Business+. Il est disponible chez AutoJM avec des...","robots":{"index":"index","follow":"follow","max-snippet":"max-snippet:-1","max-image-preview":"max-image-preview:large","max-video-preview":"max-video-preview:-1"},"canonical":"https:\/\/www.autojm.fr\/blog\/citroen-c5-aircross-suv-ultra-personnalisable\/","og_locale":"fr_FR","og_type":"article","og_title":"Citro\u00ebn C5 Aircross, SUV ultra-personnalisable - AutoJM Mag","og_description":"Le Citro\u00ebn C5 Aircross existe en 6 finitions : Start, Feel, Shine, Live, Business, et Business+. Il est disponible chez AutoJM avec des...","og_url":"https:\/\/www.autojm.fr\/blog\/citroen-c5-aircross-suv-ultra-personnalisable\/","og_site_name":"AutoJM Mag","article_publisher":"https:\/\/www.facebook.com\/AutoJM25","article_published_time":"2020-01-29T00:00:00+00:00","article_modified_time":"2023-04-18T12:50:30+00:00","og_image":[{"width":2560,"height":1160,"url":"https:\/\/www.autojm.fr\/blog\/wp-content\/uploads\/2022\/10\/471-scaled.jpg","type":"image\/jpeg"}],"author":"Autojm","twitter_card":"summary_large_image","twitter_misc":{"\u00c9crit par":"Autojm","Dur\u00e9e de lecture estim\u00e9e":"4 minutes"},"schema":{"@context":"https:\/\/schema.org","@graph":[{"@type":"Article","@id":"https:\/\/www.autojm.fr\/blog\/citroen-c5-aircross-suv-ultra-personnalisable\/#article","isPartOf":{"@id":"https:\/\/www.autojm.fr\/blog\/citroen-c5-aircross-suv-ultra-personnalisable\/"},"author":{"name":"Autojm","@id":"https:\/\/www.autojm.fr\/blog\/#\/schema\/person\/9742bc77541853e0de81fc57f947e1a0"},"headline":"Citro\u00ebn C5 Aircross, SUV ultra-personnalisable","datePublished":"2020-01-29T00:00:00+00:00","dateModified":"2023-04-18T12:50:30+00:00","mainEntityOfPage":{"@id":"https:\/\/www.autojm.fr\/blog\/citroen-c5-aircross-suv-ultra-personnalisable\/"},"wordCount":651,"commentCount":0,"publisher":{"@id":"https:\/\/www.autojm.fr\/blog\/#organization"},"image":{"@id":"https:\/\/www.autojm.fr\/blog\/citroen-c5-aircross-suv-ultra-personnalisable\/#primaryimage"},"thumbnailUrl":"https:\/\/www.autojm.fr\/blog\/wp-content\/uploads\/2022\/10\/471-scaled.jpg","keywords":["autojm","citroen","Citro\u00ebn C5 Aircross"],"articleSection":["Nouveaut\u00e9 Citro\u00ebn","Nouveaut\u00e9s Autos"],"inLanguage":"fr-FR","potentialAction":[{"@type":"CommentAction","name":"Comment","target":["https:\/\/www.autojm.fr\/blog\/citroen-c5-aircross-suv-ultra-personnalisable\/#respond"]}]},{"@type":"WebPage","@id":"https:\/\/www.autojm.fr\/blog\/citroen-c5-aircross-suv-ultra-personnalisable\/","url":"https:\/\/www.autojm.fr\/blog\/citroen-c5-aircross-suv-ultra-personnalisable\/","name":"Citro\u00ebn C5 Aircross, SUV ultra-personnalisable - AutoJM Mag","isPartOf":{"@id":"https:\/\/www.autojm.fr\/blog\/#website"},"primaryImageOfPage":{"@id":"https:\/\/www.autojm.fr\/blog\/citroen-c5-aircross-suv-ultra-personnalisable\/#primaryimage"},"image":{"@id":"https:\/\/www.autojm.fr\/blog\/citroen-c5-aircross-suv-ultra-personnalisable\/#primaryimage"},"thumbnailUrl":"https:\/\/www.autojm.fr\/blog\/wp-content\/uploads\/2022\/10\/471-scaled.jpg","datePublished":"2020-01-29T00:00:00+00:00","dateModified":"2023-04-18T12:50:30+00:00","description":"Le Citro\u00ebn C5 Aircross existe en 6 finitions : Start, Feel, Shine, Live, Business, et Business+. Il est disponible chez AutoJM avec des...","breadcrumb":{"@id":"https:\/\/www.autojm.fr\/blog\/citroen-c5-aircross-suv-ultra-personnalisable\/#breadcrumb"},"inLanguage":"fr-FR","potentialAction":[{"@type":"ReadAction","target":["https:\/\/www.autojm.fr\/blog\/citroen-c5-aircross-suv-ultra-personnalisable\/"]}]},{"@type":"ImageObject","inLanguage":"fr-FR","@id":"https:\/\/www.autojm.fr\/blog\/citroen-c5-aircross-suv-ultra-personnalisable\/#primaryimage","url":"https:\/\/www.autojm.fr\/blog\/wp-content\/uploads\/2022\/10\/471-scaled.jpg","contentUrl":"https:\/\/www.autojm.fr\/blog\/wp-content\/uploads\/2022\/10\/471-scaled.jpg","width":2560,"height":1160,"caption":"Citro\u00ebn C5 Aircross"},{"@type":"BreadcrumbList","@id":"https:\/\/www.autojm.fr\/blog\/citroen-c5-aircross-suv-ultra-personnalisable\/#breadcrumb","itemListElement":[{"@type":"ListItem","position":1,"name":"Accueil","item":"https:\/\/www.autojm.fr\/blog\/"},{"@type":"ListItem","position":2,"name":"Nouveaut\u00e9s Autos","item":"https:\/\/www.autojm.fr\/blog\/nouveautes-autos\/"},{"@type":"ListItem","position":3,"name":"Citro\u00ebn C5 Aircross, SUV ultra-personnalisable"}]},{"@type":"WebSite","@id":"https:\/\/www.autojm.fr\/blog\/#website","url":"https:\/\/www.autojm.fr\/blog\/","name":"AutoJM Mag","description":"Toute l&#039;actu auto en 1 clic !","publisher":{"@id":"https:\/\/www.autojm.fr\/blog\/#organization"},"potentialAction":[{"@type":"SearchAction","target":{"@type":"EntryPoint","urlTemplate":"https:\/\/www.autojm.fr\/blog\/?s={search_term_string}"},"query-input":{"@type":"PropertyValueSpecification","valueRequired":true,"valueName":"search_term_string"}}],"inLanguage":"fr-FR"},{"@type":"Organization","@id":"https:\/\/www.autojm.fr\/blog\/#organization","name":"AutoJM Mag","url":"https:\/\/www.autojm.fr\/blog\/","logo":{"@type":"ImageObject","inLanguage":"fr-FR","@id":"https:\/\/www.autojm.fr\/blog\/#\/schema\/logo\/image\/","url":"https:\/\/www.autojm.fr\/blog\/wp-content\/uploads\/2022\/12\/cropped-AutoJMag-png.png","contentUrl":"https:\/\/www.autojm.fr\/blog\/wp-content\/uploads\/2022\/12\/cropped-AutoJMag-png.png","width":2834,"height":585,"caption":"AutoJM Mag"},"image":{"@id":"https:\/\/www.autojm.fr\/blog\/#\/schema\/logo\/image\/"},"sameAs":["https:\/\/www.facebook.com\/AutoJM25"]},{"@type":"Person","@id":"https:\/\/www.autojm.fr\/blog\/#\/schema\/person\/9742bc77541853e0de81fc57f947e1a0","name":"Autojm","image":{"@type":"ImageObject","inLanguage":"fr-FR","@id":"https:\/\/secure.gravatar.com\/avatar\/9a959d52b758fcc232fe4b6aca7bab139182573297122cce7d6f2ee0e537b418?s=96&d=mm&r=g","url":"https:\/\/secure.gravatar.com\/avatar\/9a959d52b758fcc232fe4b6aca7bab139182573297122cce7d6f2ee0e537b418?s=96&d=mm&r=g","contentUrl":"https:\/\/secure.gravatar.com\/avatar\/9a959d52b758fcc232fe4b6aca7bab139182573297122cce7d6f2ee0e537b418?s=96&d=mm&r=g","caption":"Autojm"},"sameAs":["https:\/\/www.autojm.fr\/blog"],"url":"https:\/\/www.autojm.fr\/blog\/author\/bichoi\/"}]}},"_links":{"self":[{"href":"https:\/\/www.autojm.fr\/blog\/wp-json\/wp\/v2\/posts\/3746","targetHints":{"allow":["GET"]}}],"collection":[{"href":"https:\/\/www.autojm.fr\/blog\/wp-json\/wp\/v2\/posts"}],"about":[{"href":"https:\/\/www.autojm.fr\/blog\/wp-json\/wp\/v2\/types\/post"}],"author":[{"embeddable":true,"href":"https:\/\/www.autojm.fr\/blog\/wp-json\/wp\/v2\/users\/1"}],"replies":[{"embeddable":true,"href":"https:\/\/www.autojm.fr\/blog\/wp-json\/wp\/v2\/comments?post=3746"}],"version-history":[{"count":6,"href":"https:\/\/www.autojm.fr\/blog\/wp-json\/wp\/v2\/posts\/3746\/revisions"}],"predecessor-version":[{"id":9293,"href":"https:\/\/www.autojm.fr\/blog\/wp-json\/wp\/v2\/posts\/3746\/revisions\/9293"}],"wp:featuredmedia":[{"embeddable":true,"href":"https:\/\/www.autojm.fr\/blog\/wp-json\/wp\/v2\/media\/5807"}],"wp:attachment":[{"href":"https:\/\/www.autojm.fr\/blog\/wp-json\/wp\/v2\/media?parent=3746"}],"wp:term":[{"taxonomy":"category","embeddable":true,"href":"https:\/\/www.autojm.fr\/blog\/wp-json\/wp\/v2\/categories?post=3746"},{"taxonomy":"post_tag","embeddable":true,"href":"https:\/\/www.autojm.fr\/blog\/wp-json\/wp\/v2\/tags?post=3746"}],"curies":[{"name":"wp","href":"https:\/\/api.w.org\/{rel}","templated":true}]}}