{"id":3745,"date":"2019-02-08T00:00:00","date_gmt":"2019-02-08T00:00:00","guid":{"rendered":"https:\/\/www.autojm.fr\/blog\/citroen-c5-aircross-nouveau-produit-star-du-groupe-psa\/"},"modified":"2022-12-09T15:34:35","modified_gmt":"2022-12-09T15:34:35","slug":"citroen-c5-aircross-nouveau-produit-star-du-groupe-psa","status":"publish","type":"post","link":"https:\/\/www.autojm.fr\/blog\/citroen-c5-aircross-nouveau-produit-star-du-groupe-psa\/","title":{"rendered":"Citro\u00ebn C5 Aircross, nouveau produit star du groupe PSA ?"},"content":{"rendered":"<p>Il est enfin l\u00e0 ! Le nouveau bijou du groupe PSA est arriv\u00e9 en France pour le plus grand bonheur des fran\u00e7ais !<\/p>\n<p>Depuis d\u00e9but 2019, la nouvelle Citro\u00ebn C5 Aircross ne cesse d&rsquo;\u00eatre commercialis\u00e9e et avec toutes ses nouvelles options int\u00e9gr\u00e9es, elle a toutes ses chances de plaire aux fran\u00e7ais.<\/p>\n<p>Pour ce mod\u00e8le de voiture, le groupe PSA a choisi de miser sur le confort, ce qui est originale, puisque la plupart des producteurs de voitures omissent cette option qui est tr\u00e8s demand\u00e9e par les fran\u00e7ais.<\/p>\n<p>La Citro\u00ebn C5 Aircross existe en 6 finitions ; Start, Feel, Shine, Live, Business et Business+.<\/p>\n<h2>Design unique et familier de Citro\u00ebn<\/h2>\n<p>Pour que la voiture reste ancr\u00e9e dans la m\u00e9moire des fran\u00e7ais, Citro\u00ebn s&rsquo;est inspir\u00e9 de ses nombreux autres mod\u00e8les comme la C4 PICASSO pour faire le design de la voiture. De plus, le design lui donne un aspect agressif et impressionnant, ce qui est un MUST pour les mod\u00e8les SUV !<\/p>\n<p>Pour suivre dans la famille Aircross Concept, il est possible lors du choix de la couleur d&rsquo;avoir un colori diff\u00e9rent pour le toit.<\/p>\n<h2>Des caract\u00e9ristiques originales et adapt\u00e9es pour un SUV<\/h2>\n<p>Le nouveau produit du groupe PSA poss\u00e8de beaucoup d&rsquo;options et parmi elles nous pouvons retrouver : Citro\u00ebn Connect radio sur tablette tactile, des feux arri\u00e8re 3D \u00e0 LED, des r\u00e9troviseurs \u00e9lectriques et d\u00e9givrants, un Pack Safety, Elargisseurs d&rsquo;aile et bas de caisse, mais \u00e9galement des suspensions avec but\u00e9es hydraulique progressives et bien d&rsquo;autre encore.<\/p>\n<p>Et pour les adeptes de voyage, la CITROEN C5 AIRCROSS, dispose d&rsquo;un grand coffre de 590 litres.<\/p>\n<p>Enfin, contrairement \u00e0 son fr\u00e8re chinois, qui est commercialis\u00e9 depuis 1 an environ, elle dispose de 3 si\u00e8ges arri\u00e8res ind\u00e9pendants et coulissants<\/p>\n<p><span style=\"font-family: Ubuntu, sans-serif; font-size: 1.5em;\">Tarifs<\/span><\/p>\n<p>Pour ce qui est des prix, ils sont comparables au prix de la Peugeot 3008, mais les prix finale va varier selon les finitions du Citro\u00ebn C5 Aircross et des options choisies. Cependant nous vous proposons des prix plus attractifs et des offres exclusives.<\/p>\n<p>Apr\u00e8s avoir participer au Mondiale de l&rsquo;Auto 2018, on peut la retrouver aujourd&rsquo;hui dans la plupart des concessions fran\u00e7aises. On souhaite \u00e0 Citro\u00ebn une heureuse prosp\u00e9rit\u00e9 avec sa C5 Aircross qui est d\u00e9j\u00e0 bien entam\u00e9e puisque d&rsquo;ici mi-2019 la production de C5 Aircross devrait augmenter.<\/p>\n","protected":false},"excerpt":{"rendered":"<p>Depuis d\u00e9but 2019, la nouvelle Citro\u00ebn C5 Aircross ne cesse d&rsquo;\u00eatre commercialis\u00e9e et avec toutes ses nouvelles options int\u00e9gr\u00e9es, elle a toutes ses chances de plaire aux fran\u00e7ais.<\/p>\n","protected":false},"author":1,"featured_media":7141,"comment_status":"open","ping_status":"open","sticky":false,"template":"","format":"standard","meta":{"_acf_changed":false,"content-type":"","footnotes":""},"categories":[236,61],"tags":[90,79,173],"class_list":["post-3745","post","type-post","status-publish","format-standard","has-post-thumbnail","hentry","category-nouveaute-citroen","category-nouveautes-autos","tag-autojm","tag-citroen","tag-citroen-c5-aircross"],"acf":[],"yoast_head":"<!-- This site is optimized with the Yoast SEO plugin v27.5 - https:\/\/yoast.com\/product\/yoast-seo-wordpress\/ -->\n<title>Citro\u00ebn C5 Aircross, nouveau produit star du groupe PSA ?<\/title>\n<meta name=\"description\" content=\"Depuis d\u00e9but 2019, la nouvelle Citro\u00ebn C5 Aircross ne cesse d&#039;\u00eatre commercialis\u00e9e et avec toutes ses nouvelles options int\u00e9gr\u00e9es, elle a...\" \/>\n<meta name=\"robots\" content=\"index, follow, max-snippet:-1, max-image-preview:large, max-video-preview:-1\" \/>\n<link rel=\"canonical\" href=\"https:\/\/www.autojm.fr\/blog\/citroen-c5-aircross-nouveau-produit-star-du-groupe-psa\/\" \/>\n<meta property=\"og:locale\" content=\"fr_FR\" \/>\n<meta property=\"og:type\" content=\"article\" \/>\n<meta property=\"og:title\" content=\"Citro\u00ebn C5 Aircross, nouveau produit star du groupe PSA ?\" \/>\n<meta property=\"og:description\" content=\"Depuis d\u00e9but 2019, la nouvelle Citro\u00ebn C5 Aircross ne cesse d&#039;\u00eatre commercialis\u00e9e et avec toutes ses nouvelles options int\u00e9gr\u00e9es, elle a...\" \/>\n<meta property=\"og:url\" content=\"https:\/\/www.autojm.fr\/blog\/citroen-c5-aircross-nouveau-produit-star-du-groupe-psa\/\" \/>\n<meta property=\"og:site_name\" content=\"AutoJM Mag\" \/>\n<meta property=\"article:publisher\" content=\"https:\/\/www.facebook.com\/AutoJM25\" \/>\n<meta property=\"article:published_time\" content=\"2019-02-08T00:00:00+00:00\" \/>\n<meta property=\"article:modified_time\" content=\"2022-12-09T15:34:35+00:00\" \/>\n<meta property=\"og:image\" content=\"https:\/\/www.autojm.fr\/blog\/wp-content\/uploads\/2019\/02\/C5ok.jpg\" \/>\n\t<meta property=\"og:image:width\" content=\"1210\" \/>\n\t<meta property=\"og:image:height\" content=\"908\" \/>\n\t<meta property=\"og:image:type\" content=\"image\/jpeg\" \/>\n<meta name=\"author\" content=\"Autojm\" \/>\n<meta name=\"twitter:card\" content=\"summary_large_image\" \/>\n<meta name=\"twitter:label1\" content=\"\u00c9crit par\" \/>\n\t<meta name=\"twitter:data1\" content=\"Autojm\" \/>\n\t<meta name=\"twitter:label2\" content=\"Dur\u00e9e de lecture estim\u00e9e\" \/>\n\t<meta name=\"twitter:data2\" content=\"2 minutes\" \/>\n<script type=\"application\/ld+json\" class=\"yoast-schema-graph\">{\"@context\":\"https:\\\/\\\/schema.org\",\"@graph\":[{\"@type\":\"Article\",\"@id\":\"https:\\\/\\\/www.autojm.fr\\\/blog\\\/citroen-c5-aircross-nouveau-produit-star-du-groupe-psa\\\/#article\",\"isPartOf\":{\"@id\":\"https:\\\/\\\/www.autojm.fr\\\/blog\\\/citroen-c5-aircross-nouveau-produit-star-du-groupe-psa\\\/\"},\"author\":{\"name\":\"Autojm\",\"@id\":\"https:\\\/\\\/www.autojm.fr\\\/blog\\\/#\\\/schema\\\/person\\\/9742bc77541853e0de81fc57f947e1a0\"},\"headline\":\"Citro\u00ebn C5 Aircross, nouveau produit star du groupe PSA ?\",\"datePublished\":\"2019-02-08T00:00:00+00:00\",\"dateModified\":\"2022-12-09T15:34:35+00:00\",\"mainEntityOfPage\":{\"@id\":\"https:\\\/\\\/www.autojm.fr\\\/blog\\\/citroen-c5-aircross-nouveau-produit-star-du-groupe-psa\\\/\"},\"wordCount\":409,\"commentCount\":0,\"publisher\":{\"@id\":\"https:\\\/\\\/www.autojm.fr\\\/blog\\\/#organization\"},\"image\":{\"@id\":\"https:\\\/\\\/www.autojm.fr\\\/blog\\\/citroen-c5-aircross-nouveau-produit-star-du-groupe-psa\\\/#primaryimage\"},\"thumbnailUrl\":\"https:\\\/\\\/www.autojm.fr\\\/blog\\\/wp-content\\\/uploads\\\/2019\\\/02\\\/C5ok.jpg\",\"keywords\":[\"autojm\",\"citroen\",\"Citro\u00ebn C5 Aircross\"],\"articleSection\":[\"Nouveaut\u00e9 Citro\u00ebn\",\"Nouveaut\u00e9s Autos\"],\"inLanguage\":\"fr-FR\",\"potentialAction\":[{\"@type\":\"CommentAction\",\"name\":\"Comment\",\"target\":[\"https:\\\/\\\/www.autojm.fr\\\/blog\\\/citroen-c5-aircross-nouveau-produit-star-du-groupe-psa\\\/#respond\"]}]},{\"@type\":\"WebPage\",\"@id\":\"https:\\\/\\\/www.autojm.fr\\\/blog\\\/citroen-c5-aircross-nouveau-produit-star-du-groupe-psa\\\/\",\"url\":\"https:\\\/\\\/www.autojm.fr\\\/blog\\\/citroen-c5-aircross-nouveau-produit-star-du-groupe-psa\\\/\",\"name\":\"Citro\u00ebn C5 Aircross, nouveau produit star du groupe PSA ?\",\"isPartOf\":{\"@id\":\"https:\\\/\\\/www.autojm.fr\\\/blog\\\/#website\"},\"primaryImageOfPage\":{\"@id\":\"https:\\\/\\\/www.autojm.fr\\\/blog\\\/citroen-c5-aircross-nouveau-produit-star-du-groupe-psa\\\/#primaryimage\"},\"image\":{\"@id\":\"https:\\\/\\\/www.autojm.fr\\\/blog\\\/citroen-c5-aircross-nouveau-produit-star-du-groupe-psa\\\/#primaryimage\"},\"thumbnailUrl\":\"https:\\\/\\\/www.autojm.fr\\\/blog\\\/wp-content\\\/uploads\\\/2019\\\/02\\\/C5ok.jpg\",\"datePublished\":\"2019-02-08T00:00:00+00:00\",\"dateModified\":\"2022-12-09T15:34:35+00:00\",\"description\":\"Depuis d\u00e9but 2019, la nouvelle Citro\u00ebn C5 Aircross ne cesse d'\u00eatre commercialis\u00e9e et avec toutes ses nouvelles options int\u00e9gr\u00e9es, elle a...\",\"breadcrumb\":{\"@id\":\"https:\\\/\\\/www.autojm.fr\\\/blog\\\/citroen-c5-aircross-nouveau-produit-star-du-groupe-psa\\\/#breadcrumb\"},\"inLanguage\":\"fr-FR\",\"potentialAction\":[{\"@type\":\"ReadAction\",\"target\":[\"https:\\\/\\\/www.autojm.fr\\\/blog\\\/citroen-c5-aircross-nouveau-produit-star-du-groupe-psa\\\/\"]}]},{\"@type\":\"ImageObject\",\"inLanguage\":\"fr-FR\",\"@id\":\"https:\\\/\\\/www.autojm.fr\\\/blog\\\/citroen-c5-aircross-nouveau-produit-star-du-groupe-psa\\\/#primaryimage\",\"url\":\"https:\\\/\\\/www.autojm.fr\\\/blog\\\/wp-content\\\/uploads\\\/2019\\\/02\\\/C5ok.jpg\",\"contentUrl\":\"https:\\\/\\\/www.autojm.fr\\\/blog\\\/wp-content\\\/uploads\\\/2019\\\/02\\\/C5ok.jpg\",\"width\":1210,\"height\":908,\"caption\":\"Citro\u00ebn C5 Aircross\"},{\"@type\":\"BreadcrumbList\",\"@id\":\"https:\\\/\\\/www.autojm.fr\\\/blog\\\/citroen-c5-aircross-nouveau-produit-star-du-groupe-psa\\\/#breadcrumb\",\"itemListElement\":[{\"@type\":\"ListItem\",\"position\":1,\"name\":\"Accueil\",\"item\":\"https:\\\/\\\/www.autojm.fr\\\/blog\\\/\"},{\"@type\":\"ListItem\",\"position\":2,\"name\":\"Nouveaut\u00e9s Autos\",\"item\":\"https:\\\/\\\/www.autojm.fr\\\/blog\\\/nouveautes-autos\\\/\"},{\"@type\":\"ListItem\",\"position\":3,\"name\":\"Nouveaut\u00e9 Citro\u00ebn\",\"item\":\"https:\\\/\\\/www.autojm.fr\\\/blog\\\/nouveautes-autos\\\/nouveaute-citroen\\\/\"},{\"@type\":\"ListItem\",\"position\":4,\"name\":\"Citro\u00ebn C5 Aircross, nouveau produit star du groupe PSA ?\"}]},{\"@type\":\"WebSite\",\"@id\":\"https:\\\/\\\/www.autojm.fr\\\/blog\\\/#website\",\"url\":\"https:\\\/\\\/www.autojm.fr\\\/blog\\\/\",\"name\":\"AutoJM Mag\",\"description\":\"Toute l&#039;actu auto en 1 clic !\",\"publisher\":{\"@id\":\"https:\\\/\\\/www.autojm.fr\\\/blog\\\/#organization\"},\"potentialAction\":[{\"@type\":\"SearchAction\",\"target\":{\"@type\":\"EntryPoint\",\"urlTemplate\":\"https:\\\/\\\/www.autojm.fr\\\/blog\\\/?s={search_term_string}\"},\"query-input\":{\"@type\":\"PropertyValueSpecification\",\"valueRequired\":true,\"valueName\":\"search_term_string\"}}],\"inLanguage\":\"fr-FR\"},{\"@type\":\"Organization\",\"@id\":\"https:\\\/\\\/www.autojm.fr\\\/blog\\\/#organization\",\"name\":\"AutoJM Mag\",\"url\":\"https:\\\/\\\/www.autojm.fr\\\/blog\\\/\",\"logo\":{\"@type\":\"ImageObject\",\"inLanguage\":\"fr-FR\",\"@id\":\"https:\\\/\\\/www.autojm.fr\\\/blog\\\/#\\\/schema\\\/logo\\\/image\\\/\",\"url\":\"https:\\\/\\\/www.autojm.fr\\\/blog\\\/wp-content\\\/uploads\\\/2022\\\/12\\\/cropped-AutoJMag-png.png\",\"contentUrl\":\"https:\\\/\\\/www.autojm.fr\\\/blog\\\/wp-content\\\/uploads\\\/2022\\\/12\\\/cropped-AutoJMag-png.png\",\"width\":2834,\"height\":585,\"caption\":\"AutoJM Mag\"},\"image\":{\"@id\":\"https:\\\/\\\/www.autojm.fr\\\/blog\\\/#\\\/schema\\\/logo\\\/image\\\/\"},\"sameAs\":[\"https:\\\/\\\/www.facebook.com\\\/AutoJM25\"]},{\"@type\":\"Person\",\"@id\":\"https:\\\/\\\/www.autojm.fr\\\/blog\\\/#\\\/schema\\\/person\\\/9742bc77541853e0de81fc57f947e1a0\",\"name\":\"Autojm\",\"image\":{\"@type\":\"ImageObject\",\"inLanguage\":\"fr-FR\",\"@id\":\"https:\\\/\\\/secure.gravatar.com\\\/avatar\\\/9a959d52b758fcc232fe4b6aca7bab139182573297122cce7d6f2ee0e537b418?s=96&d=mm&r=g\",\"url\":\"https:\\\/\\\/secure.gravatar.com\\\/avatar\\\/9a959d52b758fcc232fe4b6aca7bab139182573297122cce7d6f2ee0e537b418?s=96&d=mm&r=g\",\"contentUrl\":\"https:\\\/\\\/secure.gravatar.com\\\/avatar\\\/9a959d52b758fcc232fe4b6aca7bab139182573297122cce7d6f2ee0e537b418?s=96&d=mm&r=g\",\"caption\":\"Autojm\"},\"sameAs\":[\"https:\\\/\\\/www.autojm.fr\\\/blog\"],\"url\":\"https:\\\/\\\/www.autojm.fr\\\/blog\\\/author\\\/bichoi\\\/\"}]}<\/script>\n<!-- \/ Yoast SEO plugin. -->","yoast_head_json":{"title":"Citro\u00ebn C5 Aircross, nouveau produit star du groupe PSA ?","description":"Depuis d\u00e9but 2019, la nouvelle Citro\u00ebn C5 Aircross ne cesse d'\u00eatre commercialis\u00e9e et avec toutes ses nouvelles options int\u00e9gr\u00e9es, elle a...","robots":{"index":"index","follow":"follow","max-snippet":"max-snippet:-1","max-image-preview":"max-image-preview:large","max-video-preview":"max-video-preview:-1"},"canonical":"https:\/\/www.autojm.fr\/blog\/citroen-c5-aircross-nouveau-produit-star-du-groupe-psa\/","og_locale":"fr_FR","og_type":"article","og_title":"Citro\u00ebn C5 Aircross, nouveau produit star du groupe PSA ?","og_description":"Depuis d\u00e9but 2019, la nouvelle Citro\u00ebn C5 Aircross ne cesse d'\u00eatre commercialis\u00e9e et avec toutes ses nouvelles options int\u00e9gr\u00e9es, elle a...","og_url":"https:\/\/www.autojm.fr\/blog\/citroen-c5-aircross-nouveau-produit-star-du-groupe-psa\/","og_site_name":"AutoJM Mag","article_publisher":"https:\/\/www.facebook.com\/AutoJM25","article_published_time":"2019-02-08T00:00:00+00:00","article_modified_time":"2022-12-09T15:34:35+00:00","og_image":[{"width":1210,"height":908,"url":"https:\/\/www.autojm.fr\/blog\/wp-content\/uploads\/2019\/02\/C5ok.jpg","type":"image\/jpeg"}],"author":"Autojm","twitter_card":"summary_large_image","twitter_misc":{"\u00c9crit par":"Autojm","Dur\u00e9e de lecture estim\u00e9e":"2 minutes"},"schema":{"@context":"https:\/\/schema.org","@graph":[{"@type":"Article","@id":"https:\/\/www.autojm.fr\/blog\/citroen-c5-aircross-nouveau-produit-star-du-groupe-psa\/#article","isPartOf":{"@id":"https:\/\/www.autojm.fr\/blog\/citroen-c5-aircross-nouveau-produit-star-du-groupe-psa\/"},"author":{"name":"Autojm","@id":"https:\/\/www.autojm.fr\/blog\/#\/schema\/person\/9742bc77541853e0de81fc57f947e1a0"},"headline":"Citro\u00ebn C5 Aircross, nouveau produit star du groupe PSA ?","datePublished":"2019-02-08T00:00:00+00:00","dateModified":"2022-12-09T15:34:35+00:00","mainEntityOfPage":{"@id":"https:\/\/www.autojm.fr\/blog\/citroen-c5-aircross-nouveau-produit-star-du-groupe-psa\/"},"wordCount":409,"commentCount":0,"publisher":{"@id":"https:\/\/www.autojm.fr\/blog\/#organization"},"image":{"@id":"https:\/\/www.autojm.fr\/blog\/citroen-c5-aircross-nouveau-produit-star-du-groupe-psa\/#primaryimage"},"thumbnailUrl":"https:\/\/www.autojm.fr\/blog\/wp-content\/uploads\/2019\/02\/C5ok.jpg","keywords":["autojm","citroen","Citro\u00ebn C5 Aircross"],"articleSection":["Nouveaut\u00e9 Citro\u00ebn","Nouveaut\u00e9s Autos"],"inLanguage":"fr-FR","potentialAction":[{"@type":"CommentAction","name":"Comment","target":["https:\/\/www.autojm.fr\/blog\/citroen-c5-aircross-nouveau-produit-star-du-groupe-psa\/#respond"]}]},{"@type":"WebPage","@id":"https:\/\/www.autojm.fr\/blog\/citroen-c5-aircross-nouveau-produit-star-du-groupe-psa\/","url":"https:\/\/www.autojm.fr\/blog\/citroen-c5-aircross-nouveau-produit-star-du-groupe-psa\/","name":"Citro\u00ebn C5 Aircross, nouveau produit star du groupe PSA ?","isPartOf":{"@id":"https:\/\/www.autojm.fr\/blog\/#website"},"primaryImageOfPage":{"@id":"https:\/\/www.autojm.fr\/blog\/citroen-c5-aircross-nouveau-produit-star-du-groupe-psa\/#primaryimage"},"image":{"@id":"https:\/\/www.autojm.fr\/blog\/citroen-c5-aircross-nouveau-produit-star-du-groupe-psa\/#primaryimage"},"thumbnailUrl":"https:\/\/www.autojm.fr\/blog\/wp-content\/uploads\/2019\/02\/C5ok.jpg","datePublished":"2019-02-08T00:00:00+00:00","dateModified":"2022-12-09T15:34:35+00:00","description":"Depuis d\u00e9but 2019, la nouvelle Citro\u00ebn C5 Aircross ne cesse d'\u00eatre commercialis\u00e9e et avec toutes ses nouvelles options int\u00e9gr\u00e9es, elle a...","breadcrumb":{"@id":"https:\/\/www.autojm.fr\/blog\/citroen-c5-aircross-nouveau-produit-star-du-groupe-psa\/#breadcrumb"},"inLanguage":"fr-FR","potentialAction":[{"@type":"ReadAction","target":["https:\/\/www.autojm.fr\/blog\/citroen-c5-aircross-nouveau-produit-star-du-groupe-psa\/"]}]},{"@type":"ImageObject","inLanguage":"fr-FR","@id":"https:\/\/www.autojm.fr\/blog\/citroen-c5-aircross-nouveau-produit-star-du-groupe-psa\/#primaryimage","url":"https:\/\/www.autojm.fr\/blog\/wp-content\/uploads\/2019\/02\/C5ok.jpg","contentUrl":"https:\/\/www.autojm.fr\/blog\/wp-content\/uploads\/2019\/02\/C5ok.jpg","width":1210,"height":908,"caption":"Citro\u00ebn C5 Aircross"},{"@type":"BreadcrumbList","@id":"https:\/\/www.autojm.fr\/blog\/citroen-c5-aircross-nouveau-produit-star-du-groupe-psa\/#breadcrumb","itemListElement":[{"@type":"ListItem","position":1,"name":"Accueil","item":"https:\/\/www.autojm.fr\/blog\/"},{"@type":"ListItem","position":2,"name":"Nouveaut\u00e9s Autos","item":"https:\/\/www.autojm.fr\/blog\/nouveautes-autos\/"},{"@type":"ListItem","position":3,"name":"Nouveaut\u00e9 Citro\u00ebn","item":"https:\/\/www.autojm.fr\/blog\/nouveautes-autos\/nouveaute-citroen\/"},{"@type":"ListItem","position":4,"name":"Citro\u00ebn C5 Aircross, nouveau produit star du groupe PSA ?"}]},{"@type":"WebSite","@id":"https:\/\/www.autojm.fr\/blog\/#website","url":"https:\/\/www.autojm.fr\/blog\/","name":"AutoJM Mag","description":"Toute l&#039;actu auto en 1 clic !","publisher":{"@id":"https:\/\/www.autojm.fr\/blog\/#organization"},"potentialAction":[{"@type":"SearchAction","target":{"@type":"EntryPoint","urlTemplate":"https:\/\/www.autojm.fr\/blog\/?s={search_term_string}"},"query-input":{"@type":"PropertyValueSpecification","valueRequired":true,"valueName":"search_term_string"}}],"inLanguage":"fr-FR"},{"@type":"Organization","@id":"https:\/\/www.autojm.fr\/blog\/#organization","name":"AutoJM Mag","url":"https:\/\/www.autojm.fr\/blog\/","logo":{"@type":"ImageObject","inLanguage":"fr-FR","@id":"https:\/\/www.autojm.fr\/blog\/#\/schema\/logo\/image\/","url":"https:\/\/www.autojm.fr\/blog\/wp-content\/uploads\/2022\/12\/cropped-AutoJMag-png.png","contentUrl":"https:\/\/www.autojm.fr\/blog\/wp-content\/uploads\/2022\/12\/cropped-AutoJMag-png.png","width":2834,"height":585,"caption":"AutoJM Mag"},"image":{"@id":"https:\/\/www.autojm.fr\/blog\/#\/schema\/logo\/image\/"},"sameAs":["https:\/\/www.facebook.com\/AutoJM25"]},{"@type":"Person","@id":"https:\/\/www.autojm.fr\/blog\/#\/schema\/person\/9742bc77541853e0de81fc57f947e1a0","name":"Autojm","image":{"@type":"ImageObject","inLanguage":"fr-FR","@id":"https:\/\/secure.gravatar.com\/avatar\/9a959d52b758fcc232fe4b6aca7bab139182573297122cce7d6f2ee0e537b418?s=96&d=mm&r=g","url":"https:\/\/secure.gravatar.com\/avatar\/9a959d52b758fcc232fe4b6aca7bab139182573297122cce7d6f2ee0e537b418?s=96&d=mm&r=g","contentUrl":"https:\/\/secure.gravatar.com\/avatar\/9a959d52b758fcc232fe4b6aca7bab139182573297122cce7d6f2ee0e537b418?s=96&d=mm&r=g","caption":"Autojm"},"sameAs":["https:\/\/www.autojm.fr\/blog"],"url":"https:\/\/www.autojm.fr\/blog\/author\/bichoi\/"}]}},"_links":{"self":[{"href":"https:\/\/www.autojm.fr\/blog\/wp-json\/wp\/v2\/posts\/3745","targetHints":{"allow":["GET"]}}],"collection":[{"href":"https:\/\/www.autojm.fr\/blog\/wp-json\/wp\/v2\/posts"}],"about":[{"href":"https:\/\/www.autojm.fr\/blog\/wp-json\/wp\/v2\/types\/post"}],"author":[{"embeddable":true,"href":"https:\/\/www.autojm.fr\/blog\/wp-json\/wp\/v2\/users\/1"}],"replies":[{"embeddable":true,"href":"https:\/\/www.autojm.fr\/blog\/wp-json\/wp\/v2\/comments?post=3745"}],"version-history":[{"count":4,"href":"https:\/\/www.autojm.fr\/blog\/wp-json\/wp\/v2\/posts\/3745\/revisions"}],"predecessor-version":[{"id":7140,"href":"https:\/\/www.autojm.fr\/blog\/wp-json\/wp\/v2\/posts\/3745\/revisions\/7140"}],"wp:featuredmedia":[{"embeddable":true,"href":"https:\/\/www.autojm.fr\/blog\/wp-json\/wp\/v2\/media\/7141"}],"wp:attachment":[{"href":"https:\/\/www.autojm.fr\/blog\/wp-json\/wp\/v2\/media?parent=3745"}],"wp:term":[{"taxonomy":"category","embeddable":true,"href":"https:\/\/www.autojm.fr\/blog\/wp-json\/wp\/v2\/categories?post=3745"},{"taxonomy":"post_tag","embeddable":true,"href":"https:\/\/www.autojm.fr\/blog\/wp-json\/wp\/v2\/tags?post=3745"}],"curies":[{"name":"wp","href":"https:\/\/api.w.org\/{rel}","templated":true}]}}