{"id":3744,"date":"2019-01-11T00:00:00","date_gmt":"2019-01-11T00:00:00","guid":{"rendered":"https:\/\/www.autojm.fr\/blog\/c5-aircross-vs-peugeot-3008-le-combat-des-suv\/"},"modified":"2023-04-19T07:16:27","modified_gmt":"2023-04-19T07:16:27","slug":"c5-aircross-vs-peugeot-3008-le-combat-des-suv","status":"publish","type":"post","link":"https:\/\/www.autojm.fr\/blog\/c5-aircross-vs-peugeot-3008-le-combat-des-suv\/","title":{"rendered":"C5 Aircross VS Peugeot 3008 : le combat des SUV"},"content":{"rendered":"<p style=\"text-align: justify;\"><em>Bien que ces deux mod\u00e8les appartiennent au groupe PSA, quelques diff\u00e9rences laissent para\u00eetre. Citro\u00ebn souhaite jouer la carte du confort contrairement \u00e0 Peugeot qui pr\u00e9f\u00e8re jouer que l&rsquo;agressivit\u00e9 et la sportivit\u00e9.<\/em><\/p>\n<h2 style=\"text-align: justify;\">Design int\u00e9rieur et ext\u00e9rieur des SUV du groupe PSA<\/h2>\n<h3 style=\"text-align: justify;\">Int\u00e9rieur distinct<\/h3>\n<p style=\"text-align: justify;\">Citro\u00ebn a opt\u00e9 pour un mobilier aux courbes douces, une organisation classique, plus massive et avec un look plus 4&#215;4. Contrairement \u00e0 la <a href=\"https:\/\/www.autojm.fr\/achat-voitures-neuves-peugeot-nouveau-3008-suv-2021-5p\">Peugeot 3008<\/a> qui propose un tableau de bord plus moderne, soign\u00e9, avec un petit volant et un \u00e9cran multim\u00e9dia tourn\u00e9 vers le conducteur. Quel que soit le mod\u00e8le, les instrumentations sont 100% num\u00e9rique ! Chez Peugeot, cet \u00e9quipement est de s\u00e9rie alors que pour son rival, celui-ci est disponible qu&rsquo;\u00e0 partir du second niveau de finition.<\/p>\n<p style=\"text-align: justify;\">On remarque quelques avantages pour la nouvelle Citro\u00ebn\u2026 En effet, le <a href=\"https:\/\/www.autojm.fr\/mandataire-voitures-neuves-citroen\">C5 Aircross<\/a> b\u00e9n\u00e9ficie de 3 si\u00e8ges coulissants \u00e0 l&rsquo;arri\u00e8re contrairement \u00e0 la banquette fixe du 3008. De plus, le coffre du C5 Aircross est plus g\u00e9n\u00e9reux : 1630 litres au maximum contre 1482 litres. Le plus petit coffre du 3008 est tout de m\u00eame avantageux pour rabattre les si\u00e8ges depuis le coffre, ce qui est impossible pour son concurrent.<\/p>\n<p style=\"text-align: justify;\">\n<h3 style=\"text-align: justify;\">Ext\u00e9rieur divergent<\/h3>\n<p style=\"text-align: justify;\">Ces deux voitures du groupe PSA se distinctes gr\u00e2ce \u00e0 leurs traits de caract\u00e8re bien diff\u00e9rents. D&rsquo;un c\u00f4t\u00e9 nous avons le C5 Aircross qui affirme ses rondeurs sous une trentaine de combinaisons de couleurs et de l&rsquo;autre c\u00f4t\u00e9, la Peugeot 3008 renforce sa forte identit\u00e9 avec des lignes tendues et s\u00e9duisantes.<\/p>\n<p style=\"text-align: justify;\">Le C5 Aircross, aux lignes douces, vise sur la personnalisation du pavillon, des barres de toit, du cerclage au niveau du bouclier avant et des airbump. La marque aux chevrons se distingue par sa calandre, ses optiques \u00e0 double \u00e9tage, l&rsquo;arche chrom\u00e9e qui encadrent les vitres de portes\u2026 Face \u00e0 lui, la Peugeot 3008 adopte un look plus agressif et semble plus chic gr\u00e2ce \u00e0 ces nombreux d\u00e9tails chrom\u00e9s avec la calandre, le pavillon et le bouclier arri\u00e8re\u2026<\/p>\n<p style=\"text-align: justify;\"><span style=\"font-family: Ubuntu, sans-serif; font-size: 1.5em;\">\u00c9quipement Citro\u00ebn C5 Aircross VS Peugeot 3008<\/span><\/p>\n<p style=\"text-align: justify;\">2 ans s\u00e9parent le C5 Aircross \u00e0 la Peugeot 3008. Malgr\u00e9 leurs nombreux points communs, ces deux ann\u00e9es suffisent pour remarquer une diff\u00e9rence en termes d&rsquo;\u00e9quipement. Effectivement, le C5 Aircross poss\u00e8de d&rsquo;un syst\u00e8me de conduite semi-autonome (Highway Drive Assist), de suspensions avec But\u00e9es Hydrauliques Progressives, du ConnectedCAM Citro\u00ebn et de si\u00e8ges Advanced Comfort. Ces \u00e9quipements sont absents chez son compatriote sochalien.<\/p>\n<p style=\"text-align: justify;\">\n<h2 style=\"text-align: justify;\">Motorisations \u00e9quivalentes<\/h2>\n<p style=\"text-align: justify;\">En ce qui concerne la motorisation, les mod\u00e8les sont assez proches. En effet, les puissances varient entre 130 et 180ch. La Peugeot 3008 propose une large palette de moteurs tandis que les motorisations du C5 Aircross sont plus modernes et plus ax\u00e9s sur la bo\u00eete auto EAT8.<\/p>\n<div dir=\"ltr\" style=\"margin-left: 0pt;\">\n<table style=\"border: none; border-collapse: collapse; width: 451.27559055118115pt;\">\n<colgroup>\n<col style=\"text-align: justify;\" width=\"*\" \/>\n<col style=\"text-align: justify;\" width=\"*\" \/> <\/colgroup>\n<tbody>\n<tr style=\"height: 0pt;\">\n<td style=\"border-right: solid #000000 0.75pt; vertical-align: top; padding: 5pt 5pt 5pt 5pt;\">\n<p style=\"text-align: center;\"><strong>C5 Aircross<\/strong><\/p>\n<p><strong> Diesel :<\/strong><br \/>\nBlueHDi 180 S&amp;S EAT8<br \/>\nBlueHDi 130 S&amp;S EAT8<br \/>\nBlueHDi 130 S&amp;S BVM6<\/p>\n<p style=\"text-align: center;\"><strong>Essence :<\/strong><br \/>\nPureTech 180 S&amp;S EAT8<br \/>\nPureTech 130 S&amp;S BVM6<\/p>\n<\/td>\n<td style=\"border-left: solid #000000 0.75pt; vertical-align: top; padding: 5pt 5pt 5pt 5pt;\">\n<p dir=\"ltr\" style=\"line-height: 1.2; margin-top: 0pt; margin-bottom: 0pt; text-align: center;\">\n<p dir=\"ltr\" style=\"line-height: 1.2; margin-top: 0pt; margin-bottom: 0pt; text-align: center;\"><strong>Peugeot 3008<\/strong><\/p>\n<p><strong> Diesel :<\/strong><br \/>\nBlueHDi 180 S&amp;S EAT8<br \/>\nBlueHDi 130 S&amp;S EAT8<br \/>\nBlueHDi 130 S&amp;S BVM6<\/p>\n<p style=\"text-align: center;\"><strong>Essence :<\/strong><br \/>\nPureTech 180 S&amp;S EAT8<br \/>\nPureTech 130 S&amp;S EAT8<br \/>\nPureTech 130 S&amp;S BVM6<\/p>\n<\/td>\n<\/tr>\n<\/tbody>\n<\/table>\n<\/div>\n<p style=\"text-align: justify;\"><span style=\"font-family: Ubuntu, sans-serif; font-size: 1.5em;\">Tarif concurrentiels<\/span><\/p>\n<p style=\"text-align: justify;\">Affich\u00e9 <strong>\u00e0 partir de 24 700\u20ac<\/strong>, le <strong>Citro\u00ebn C5 Aircross<\/strong> est le plus abordable face \u00e0 la<strong> Peugeot 3008 qui d\u00e9bute \u00e0 26 400\u20ac<\/strong>.<\/p>\n<p style=\"text-align: justify;\">\n<p style=\"text-align: justify;\"><strong>Finalement, est-ce que ces deux mod\u00e8les sont totalement diff\u00e9rents ?<\/strong> On vous laisse faire votre propre choix. Sachez que ces deux mod\u00e8les partagent tout de m\u00eame <strong>60% de pi\u00e8ces communes<\/strong> (ch\u00e2ssis, moteur, transmission et certaines commandes dans l&rsquo;habitacle\u2026).<\/p>\n<p style=\"text-align: justify;\">\n<p style=\"text-align: justify;\"><strong>Le combat <a href=\"https:\/\/www.autojm.fr\/mandataire-voitures-neuves-citroen\">Citro\u00ebn C3 Aircross<\/a> VS <a href=\"https:\/\/www.autojm.fr\/achat-voitures-neuves-peugeot-nouveau-suv-2008-5p\">nouvelle Peugeot 2008<\/a> vous int\u00e9resse ? Encore un peu de patience&#8230; \ud83d\ude09<\/strong><\/p>\n","protected":false},"excerpt":{"rendered":"<p>Bien que ces deux mod\u00e8les appartiennent au groupe PSA, quelques diff\u00e9rences laissent para\u00eetre. Citro\u00ebn souhaite jouer la carte du confort contrairement \u00e0 Peugeot qui pr\u00e9f\u00e8re jouer que l&rsquo;agressivit\u00e9 et la sportivit\u00e9.<\/p>\n","protected":false},"author":1,"featured_media":5806,"comment_status":"open","ping_status":"open","sticky":false,"template":"","format":"standard","meta":{"_acf_changed":false,"content-type":"","footnotes":""},"categories":[53],"tags":[90,188,85,73,159],"class_list":["post-3744","post","type-post","status-publish","format-standard","has-post-thumbnail","hentry","category-comparatifs","tag-autojm","tag-c5-aircross","tag-citroen-2","tag-peugeot","tag-peugeot-3008"],"acf":[],"yoast_head":"<!-- This site is optimized with the Yoast SEO plugin v27.5 - https:\/\/yoast.com\/product\/yoast-seo-wordpress\/ -->\n<title>C5 Aircross VS Peugeot 3008 : le combat des SUV - AutoJM Mag<\/title>\n<meta name=\"description\" content=\"Bien que ces deux mod\u00e8les appartiennent au groupe PSA, quelques diff\u00e9rences laissent para\u00eetre. Citro\u00ebn souhaite jouer la carte du confort...\" \/>\n<meta name=\"robots\" content=\"index, follow, max-snippet:-1, max-image-preview:large, max-video-preview:-1\" \/>\n<link rel=\"canonical\" href=\"https:\/\/www.autojm.fr\/blog\/c5-aircross-vs-peugeot-3008-le-combat-des-suv\/\" \/>\n<meta property=\"og:locale\" content=\"fr_FR\" \/>\n<meta property=\"og:type\" content=\"article\" \/>\n<meta property=\"og:title\" content=\"C5 Aircross VS Peugeot 3008 : le combat des SUV - AutoJM Mag\" \/>\n<meta property=\"og:description\" content=\"Bien que ces deux mod\u00e8les appartiennent au groupe PSA, quelques diff\u00e9rences laissent para\u00eetre. Citro\u00ebn souhaite jouer la carte du confort...\" \/>\n<meta property=\"og:url\" content=\"https:\/\/www.autojm.fr\/blog\/c5-aircross-vs-peugeot-3008-le-combat-des-suv\/\" \/>\n<meta property=\"og:site_name\" content=\"AutoJM Mag\" \/>\n<meta property=\"article:publisher\" content=\"https:\/\/www.facebook.com\/AutoJM25\" \/>\n<meta property=\"article:published_time\" content=\"2019-01-11T00:00:00+00:00\" \/>\n<meta property=\"article:modified_time\" content=\"2023-04-19T07:16:27+00:00\" \/>\n<meta property=\"og:image\" content=\"https:\/\/www.autojm.fr\/blog\/wp-content\/uploads\/2022\/10\/468.jpg\" \/>\n\t<meta property=\"og:image:width\" content=\"750\" \/>\n\t<meta property=\"og:image:height\" content=\"410\" \/>\n\t<meta property=\"og:image:type\" content=\"image\/jpeg\" \/>\n<meta name=\"author\" content=\"Autojm\" \/>\n<meta name=\"twitter:card\" content=\"summary_large_image\" \/>\n<meta name=\"twitter:label1\" content=\"\u00c9crit par\" \/>\n\t<meta name=\"twitter:data1\" content=\"Autojm\" \/>\n\t<meta name=\"twitter:label2\" content=\"Dur\u00e9e de lecture estim\u00e9e\" \/>\n\t<meta name=\"twitter:data2\" content=\"3 minutes\" \/>\n<script type=\"application\/ld+json\" class=\"yoast-schema-graph\">{\"@context\":\"https:\\\/\\\/schema.org\",\"@graph\":[{\"@type\":\"Article\",\"@id\":\"https:\\\/\\\/www.autojm.fr\\\/blog\\\/c5-aircross-vs-peugeot-3008-le-combat-des-suv\\\/#article\",\"isPartOf\":{\"@id\":\"https:\\\/\\\/www.autojm.fr\\\/blog\\\/c5-aircross-vs-peugeot-3008-le-combat-des-suv\\\/\"},\"author\":{\"name\":\"Autojm\",\"@id\":\"https:\\\/\\\/www.autojm.fr\\\/blog\\\/#\\\/schema\\\/person\\\/9742bc77541853e0de81fc57f947e1a0\"},\"headline\":\"C5 Aircross VS Peugeot 3008 : le combat des SUV\",\"datePublished\":\"2019-01-11T00:00:00+00:00\",\"dateModified\":\"2023-04-19T07:16:27+00:00\",\"mainEntityOfPage\":{\"@id\":\"https:\\\/\\\/www.autojm.fr\\\/blog\\\/c5-aircross-vs-peugeot-3008-le-combat-des-suv\\\/\"},\"wordCount\":611,\"commentCount\":0,\"publisher\":{\"@id\":\"https:\\\/\\\/www.autojm.fr\\\/blog\\\/#organization\"},\"image\":{\"@id\":\"https:\\\/\\\/www.autojm.fr\\\/blog\\\/c5-aircross-vs-peugeot-3008-le-combat-des-suv\\\/#primaryimage\"},\"thumbnailUrl\":\"https:\\\/\\\/www.autojm.fr\\\/blog\\\/wp-content\\\/uploads\\\/2022\\\/10\\\/468.jpg\",\"keywords\":[\"autojm\",\"C5 Aircross\",\"Citro\u00ebn\",\"peugeot\",\"Peugeot 3008\"],\"articleSection\":[\"Comparatifs\"],\"inLanguage\":\"fr-FR\",\"potentialAction\":[{\"@type\":\"CommentAction\",\"name\":\"Comment\",\"target\":[\"https:\\\/\\\/www.autojm.fr\\\/blog\\\/c5-aircross-vs-peugeot-3008-le-combat-des-suv\\\/#respond\"]}]},{\"@type\":\"WebPage\",\"@id\":\"https:\\\/\\\/www.autojm.fr\\\/blog\\\/c5-aircross-vs-peugeot-3008-le-combat-des-suv\\\/\",\"url\":\"https:\\\/\\\/www.autojm.fr\\\/blog\\\/c5-aircross-vs-peugeot-3008-le-combat-des-suv\\\/\",\"name\":\"C5 Aircross VS Peugeot 3008 : le combat des SUV - AutoJM Mag\",\"isPartOf\":{\"@id\":\"https:\\\/\\\/www.autojm.fr\\\/blog\\\/#website\"},\"primaryImageOfPage\":{\"@id\":\"https:\\\/\\\/www.autojm.fr\\\/blog\\\/c5-aircross-vs-peugeot-3008-le-combat-des-suv\\\/#primaryimage\"},\"image\":{\"@id\":\"https:\\\/\\\/www.autojm.fr\\\/blog\\\/c5-aircross-vs-peugeot-3008-le-combat-des-suv\\\/#primaryimage\"},\"thumbnailUrl\":\"https:\\\/\\\/www.autojm.fr\\\/blog\\\/wp-content\\\/uploads\\\/2022\\\/10\\\/468.jpg\",\"datePublished\":\"2019-01-11T00:00:00+00:00\",\"dateModified\":\"2023-04-19T07:16:27+00:00\",\"description\":\"Bien que ces deux mod\u00e8les appartiennent au groupe PSA, quelques diff\u00e9rences laissent para\u00eetre. Citro\u00ebn souhaite jouer la carte du confort...\",\"breadcrumb\":{\"@id\":\"https:\\\/\\\/www.autojm.fr\\\/blog\\\/c5-aircross-vs-peugeot-3008-le-combat-des-suv\\\/#breadcrumb\"},\"inLanguage\":\"fr-FR\",\"potentialAction\":[{\"@type\":\"ReadAction\",\"target\":[\"https:\\\/\\\/www.autojm.fr\\\/blog\\\/c5-aircross-vs-peugeot-3008-le-combat-des-suv\\\/\"]}]},{\"@type\":\"ImageObject\",\"inLanguage\":\"fr-FR\",\"@id\":\"https:\\\/\\\/www.autojm.fr\\\/blog\\\/c5-aircross-vs-peugeot-3008-le-combat-des-suv\\\/#primaryimage\",\"url\":\"https:\\\/\\\/www.autojm.fr\\\/blog\\\/wp-content\\\/uploads\\\/2022\\\/10\\\/468.jpg\",\"contentUrl\":\"https:\\\/\\\/www.autojm.fr\\\/blog\\\/wp-content\\\/uploads\\\/2022\\\/10\\\/468.jpg\",\"width\":750,\"height\":410,\"caption\":\"C5 Aircross VS Peugeot 3008\"},{\"@type\":\"BreadcrumbList\",\"@id\":\"https:\\\/\\\/www.autojm.fr\\\/blog\\\/c5-aircross-vs-peugeot-3008-le-combat-des-suv\\\/#breadcrumb\",\"itemListElement\":[{\"@type\":\"ListItem\",\"position\":1,\"name\":\"Accueil\",\"item\":\"https:\\\/\\\/www.autojm.fr\\\/blog\\\/\"},{\"@type\":\"ListItem\",\"position\":2,\"name\":\"Comparatifs\",\"item\":\"https:\\\/\\\/www.autojm.fr\\\/blog\\\/comparatifs\\\/\"},{\"@type\":\"ListItem\",\"position\":3,\"name\":\"C5 Aircross VS Peugeot 3008 : le combat des SUV\"}]},{\"@type\":\"WebSite\",\"@id\":\"https:\\\/\\\/www.autojm.fr\\\/blog\\\/#website\",\"url\":\"https:\\\/\\\/www.autojm.fr\\\/blog\\\/\",\"name\":\"AutoJM Mag\",\"description\":\"Toute l&#039;actu auto en 1 clic !\",\"publisher\":{\"@id\":\"https:\\\/\\\/www.autojm.fr\\\/blog\\\/#organization\"},\"potentialAction\":[{\"@type\":\"SearchAction\",\"target\":{\"@type\":\"EntryPoint\",\"urlTemplate\":\"https:\\\/\\\/www.autojm.fr\\\/blog\\\/?s={search_term_string}\"},\"query-input\":{\"@type\":\"PropertyValueSpecification\",\"valueRequired\":true,\"valueName\":\"search_term_string\"}}],\"inLanguage\":\"fr-FR\"},{\"@type\":\"Organization\",\"@id\":\"https:\\\/\\\/www.autojm.fr\\\/blog\\\/#organization\",\"name\":\"AutoJM Mag\",\"url\":\"https:\\\/\\\/www.autojm.fr\\\/blog\\\/\",\"logo\":{\"@type\":\"ImageObject\",\"inLanguage\":\"fr-FR\",\"@id\":\"https:\\\/\\\/www.autojm.fr\\\/blog\\\/#\\\/schema\\\/logo\\\/image\\\/\",\"url\":\"https:\\\/\\\/www.autojm.fr\\\/blog\\\/wp-content\\\/uploads\\\/2022\\\/12\\\/cropped-AutoJMag-png.png\",\"contentUrl\":\"https:\\\/\\\/www.autojm.fr\\\/blog\\\/wp-content\\\/uploads\\\/2022\\\/12\\\/cropped-AutoJMag-png.png\",\"width\":2834,\"height\":585,\"caption\":\"AutoJM Mag\"},\"image\":{\"@id\":\"https:\\\/\\\/www.autojm.fr\\\/blog\\\/#\\\/schema\\\/logo\\\/image\\\/\"},\"sameAs\":[\"https:\\\/\\\/www.facebook.com\\\/AutoJM25\"]},{\"@type\":\"Person\",\"@id\":\"https:\\\/\\\/www.autojm.fr\\\/blog\\\/#\\\/schema\\\/person\\\/9742bc77541853e0de81fc57f947e1a0\",\"name\":\"Autojm\",\"image\":{\"@type\":\"ImageObject\",\"inLanguage\":\"fr-FR\",\"@id\":\"https:\\\/\\\/secure.gravatar.com\\\/avatar\\\/9a959d52b758fcc232fe4b6aca7bab139182573297122cce7d6f2ee0e537b418?s=96&d=mm&r=g\",\"url\":\"https:\\\/\\\/secure.gravatar.com\\\/avatar\\\/9a959d52b758fcc232fe4b6aca7bab139182573297122cce7d6f2ee0e537b418?s=96&d=mm&r=g\",\"contentUrl\":\"https:\\\/\\\/secure.gravatar.com\\\/avatar\\\/9a959d52b758fcc232fe4b6aca7bab139182573297122cce7d6f2ee0e537b418?s=96&d=mm&r=g\",\"caption\":\"Autojm\"},\"sameAs\":[\"https:\\\/\\\/www.autojm.fr\\\/blog\"],\"url\":\"https:\\\/\\\/www.autojm.fr\\\/blog\\\/author\\\/bichoi\\\/\"}]}<\/script>\n<!-- \/ Yoast SEO plugin. -->","yoast_head_json":{"title":"C5 Aircross VS Peugeot 3008 : le combat des SUV - AutoJM Mag","description":"Bien que ces deux mod\u00e8les appartiennent au groupe PSA, quelques diff\u00e9rences laissent para\u00eetre. Citro\u00ebn souhaite jouer la carte du confort...","robots":{"index":"index","follow":"follow","max-snippet":"max-snippet:-1","max-image-preview":"max-image-preview:large","max-video-preview":"max-video-preview:-1"},"canonical":"https:\/\/www.autojm.fr\/blog\/c5-aircross-vs-peugeot-3008-le-combat-des-suv\/","og_locale":"fr_FR","og_type":"article","og_title":"C5 Aircross VS Peugeot 3008 : le combat des SUV - AutoJM Mag","og_description":"Bien que ces deux mod\u00e8les appartiennent au groupe PSA, quelques diff\u00e9rences laissent para\u00eetre. Citro\u00ebn souhaite jouer la carte du confort...","og_url":"https:\/\/www.autojm.fr\/blog\/c5-aircross-vs-peugeot-3008-le-combat-des-suv\/","og_site_name":"AutoJM Mag","article_publisher":"https:\/\/www.facebook.com\/AutoJM25","article_published_time":"2019-01-11T00:00:00+00:00","article_modified_time":"2023-04-19T07:16:27+00:00","og_image":[{"width":750,"height":410,"url":"https:\/\/www.autojm.fr\/blog\/wp-content\/uploads\/2022\/10\/468.jpg","type":"image\/jpeg"}],"author":"Autojm","twitter_card":"summary_large_image","twitter_misc":{"\u00c9crit par":"Autojm","Dur\u00e9e de lecture estim\u00e9e":"3 minutes"},"schema":{"@context":"https:\/\/schema.org","@graph":[{"@type":"Article","@id":"https:\/\/www.autojm.fr\/blog\/c5-aircross-vs-peugeot-3008-le-combat-des-suv\/#article","isPartOf":{"@id":"https:\/\/www.autojm.fr\/blog\/c5-aircross-vs-peugeot-3008-le-combat-des-suv\/"},"author":{"name":"Autojm","@id":"https:\/\/www.autojm.fr\/blog\/#\/schema\/person\/9742bc77541853e0de81fc57f947e1a0"},"headline":"C5 Aircross VS Peugeot 3008 : le combat des SUV","datePublished":"2019-01-11T00:00:00+00:00","dateModified":"2023-04-19T07:16:27+00:00","mainEntityOfPage":{"@id":"https:\/\/www.autojm.fr\/blog\/c5-aircross-vs-peugeot-3008-le-combat-des-suv\/"},"wordCount":611,"commentCount":0,"publisher":{"@id":"https:\/\/www.autojm.fr\/blog\/#organization"},"image":{"@id":"https:\/\/www.autojm.fr\/blog\/c5-aircross-vs-peugeot-3008-le-combat-des-suv\/#primaryimage"},"thumbnailUrl":"https:\/\/www.autojm.fr\/blog\/wp-content\/uploads\/2022\/10\/468.jpg","keywords":["autojm","C5 Aircross","Citro\u00ebn","peugeot","Peugeot 3008"],"articleSection":["Comparatifs"],"inLanguage":"fr-FR","potentialAction":[{"@type":"CommentAction","name":"Comment","target":["https:\/\/www.autojm.fr\/blog\/c5-aircross-vs-peugeot-3008-le-combat-des-suv\/#respond"]}]},{"@type":"WebPage","@id":"https:\/\/www.autojm.fr\/blog\/c5-aircross-vs-peugeot-3008-le-combat-des-suv\/","url":"https:\/\/www.autojm.fr\/blog\/c5-aircross-vs-peugeot-3008-le-combat-des-suv\/","name":"C5 Aircross VS Peugeot 3008 : le combat des SUV - AutoJM Mag","isPartOf":{"@id":"https:\/\/www.autojm.fr\/blog\/#website"},"primaryImageOfPage":{"@id":"https:\/\/www.autojm.fr\/blog\/c5-aircross-vs-peugeot-3008-le-combat-des-suv\/#primaryimage"},"image":{"@id":"https:\/\/www.autojm.fr\/blog\/c5-aircross-vs-peugeot-3008-le-combat-des-suv\/#primaryimage"},"thumbnailUrl":"https:\/\/www.autojm.fr\/blog\/wp-content\/uploads\/2022\/10\/468.jpg","datePublished":"2019-01-11T00:00:00+00:00","dateModified":"2023-04-19T07:16:27+00:00","description":"Bien que ces deux mod\u00e8les appartiennent au groupe PSA, quelques diff\u00e9rences laissent para\u00eetre. Citro\u00ebn souhaite jouer la carte du confort...","breadcrumb":{"@id":"https:\/\/www.autojm.fr\/blog\/c5-aircross-vs-peugeot-3008-le-combat-des-suv\/#breadcrumb"},"inLanguage":"fr-FR","potentialAction":[{"@type":"ReadAction","target":["https:\/\/www.autojm.fr\/blog\/c5-aircross-vs-peugeot-3008-le-combat-des-suv\/"]}]},{"@type":"ImageObject","inLanguage":"fr-FR","@id":"https:\/\/www.autojm.fr\/blog\/c5-aircross-vs-peugeot-3008-le-combat-des-suv\/#primaryimage","url":"https:\/\/www.autojm.fr\/blog\/wp-content\/uploads\/2022\/10\/468.jpg","contentUrl":"https:\/\/www.autojm.fr\/blog\/wp-content\/uploads\/2022\/10\/468.jpg","width":750,"height":410,"caption":"C5 Aircross VS Peugeot 3008"},{"@type":"BreadcrumbList","@id":"https:\/\/www.autojm.fr\/blog\/c5-aircross-vs-peugeot-3008-le-combat-des-suv\/#breadcrumb","itemListElement":[{"@type":"ListItem","position":1,"name":"Accueil","item":"https:\/\/www.autojm.fr\/blog\/"},{"@type":"ListItem","position":2,"name":"Comparatifs","item":"https:\/\/www.autojm.fr\/blog\/comparatifs\/"},{"@type":"ListItem","position":3,"name":"C5 Aircross VS Peugeot 3008 : le combat des SUV"}]},{"@type":"WebSite","@id":"https:\/\/www.autojm.fr\/blog\/#website","url":"https:\/\/www.autojm.fr\/blog\/","name":"AutoJM Mag","description":"Toute l&#039;actu auto en 1 clic !","publisher":{"@id":"https:\/\/www.autojm.fr\/blog\/#organization"},"potentialAction":[{"@type":"SearchAction","target":{"@type":"EntryPoint","urlTemplate":"https:\/\/www.autojm.fr\/blog\/?s={search_term_string}"},"query-input":{"@type":"PropertyValueSpecification","valueRequired":true,"valueName":"search_term_string"}}],"inLanguage":"fr-FR"},{"@type":"Organization","@id":"https:\/\/www.autojm.fr\/blog\/#organization","name":"AutoJM Mag","url":"https:\/\/www.autojm.fr\/blog\/","logo":{"@type":"ImageObject","inLanguage":"fr-FR","@id":"https:\/\/www.autojm.fr\/blog\/#\/schema\/logo\/image\/","url":"https:\/\/www.autojm.fr\/blog\/wp-content\/uploads\/2022\/12\/cropped-AutoJMag-png.png","contentUrl":"https:\/\/www.autojm.fr\/blog\/wp-content\/uploads\/2022\/12\/cropped-AutoJMag-png.png","width":2834,"height":585,"caption":"AutoJM Mag"},"image":{"@id":"https:\/\/www.autojm.fr\/blog\/#\/schema\/logo\/image\/"},"sameAs":["https:\/\/www.facebook.com\/AutoJM25"]},{"@type":"Person","@id":"https:\/\/www.autojm.fr\/blog\/#\/schema\/person\/9742bc77541853e0de81fc57f947e1a0","name":"Autojm","image":{"@type":"ImageObject","inLanguage":"fr-FR","@id":"https:\/\/secure.gravatar.com\/avatar\/9a959d52b758fcc232fe4b6aca7bab139182573297122cce7d6f2ee0e537b418?s=96&d=mm&r=g","url":"https:\/\/secure.gravatar.com\/avatar\/9a959d52b758fcc232fe4b6aca7bab139182573297122cce7d6f2ee0e537b418?s=96&d=mm&r=g","contentUrl":"https:\/\/secure.gravatar.com\/avatar\/9a959d52b758fcc232fe4b6aca7bab139182573297122cce7d6f2ee0e537b418?s=96&d=mm&r=g","caption":"Autojm"},"sameAs":["https:\/\/www.autojm.fr\/blog"],"url":"https:\/\/www.autojm.fr\/blog\/author\/bichoi\/"}]}},"_links":{"self":[{"href":"https:\/\/www.autojm.fr\/blog\/wp-json\/wp\/v2\/posts\/3744","targetHints":{"allow":["GET"]}}],"collection":[{"href":"https:\/\/www.autojm.fr\/blog\/wp-json\/wp\/v2\/posts"}],"about":[{"href":"https:\/\/www.autojm.fr\/blog\/wp-json\/wp\/v2\/types\/post"}],"author":[{"embeddable":true,"href":"https:\/\/www.autojm.fr\/blog\/wp-json\/wp\/v2\/users\/1"}],"replies":[{"embeddable":true,"href":"https:\/\/www.autojm.fr\/blog\/wp-json\/wp\/v2\/comments?post=3744"}],"version-history":[{"count":5,"href":"https:\/\/www.autojm.fr\/blog\/wp-json\/wp\/v2\/posts\/3744\/revisions"}],"predecessor-version":[{"id":9458,"href":"https:\/\/www.autojm.fr\/blog\/wp-json\/wp\/v2\/posts\/3744\/revisions\/9458"}],"wp:featuredmedia":[{"embeddable":true,"href":"https:\/\/www.autojm.fr\/blog\/wp-json\/wp\/v2\/media\/5806"}],"wp:attachment":[{"href":"https:\/\/www.autojm.fr\/blog\/wp-json\/wp\/v2\/media?parent=3744"}],"wp:term":[{"taxonomy":"category","embeddable":true,"href":"https:\/\/www.autojm.fr\/blog\/wp-json\/wp\/v2\/categories?post=3744"},{"taxonomy":"post_tag","embeddable":true,"href":"https:\/\/www.autojm.fr\/blog\/wp-json\/wp\/v2\/tags?post=3744"}],"curies":[{"name":"wp","href":"https:\/\/api.w.org\/{rel}","templated":true}]}}