{"id":3743,"date":"2018-12-26T00:00:00","date_gmt":"2018-12-26T00:00:00","guid":{"rendered":"https:\/\/www.autojm.fr\/blog\/nouvelle-renault-clio-5-prix-interieur-exterieur-hybride\/"},"modified":"2023-04-18T12:59:39","modified_gmt":"2023-04-18T12:59:39","slug":"nouvelle-renault-clio-5-prix-interieur-exterieur-hybride","status":"publish","type":"post","link":"https:\/\/www.autojm.fr\/blog\/nouvelle-renault-clio-5-prix-interieur-exterieur-hybride\/","title":{"rendered":"Nouvelle Renault Clio 5 : prix, int\u00e9rieur, ext\u00e9rieur, hybride&#8230;"},"content":{"rendered":"<p><em>C&rsquo;est en mars 2019 que la citadine la plus vendue de France a fait son apparition au salon de l&rsquo;automobile de Gen\u00e8ve. En effet, la Clio sera commercialis\u00e9e courant 2019 et mettra toutes les chances de son c\u00f4t\u00e9 pour rester N\u00b01 des ventes en France devant sa rivale la Peugeot 208 en proposant de nouvelles motorisations et une version hybride 1.6 e-tech, ainsi qu&rsquo;une conduite plus autonome avec un habitacle high-tech.<\/em><\/p>\n<h2>Clio 5 : Un style nouveau<\/h2>\n<p><strong>La nouvelle Clio<\/strong>, 5\u00e8me de son nom, adopte un style proche de l&rsquo;actuelle <a href=\"https:\/\/www.autojm.fr\/mandataire-voitures-neuves-renault\"><strong>Clio 4<\/strong><\/a> tout en lui apportant une mise \u00e0 jour cons\u00e9quente. Contrairement \u00e0 Peugeot avec <a href=\"https:\/\/www.autojm.fr\/achat-voitures-neuves-peugeot-208-5p?part=blog&amp;utm_source=articleblog&amp;utm_medium=blog\"><strong>sa nouvelle 208<\/strong><\/a> qui a opt\u00e9 pour une lourde refonte et un design plus futuriste, <strong>la Clio <\/strong>fait dans la discr\u00e9tion et modernise son design actuel. A l&rsquo;ext\u00e9rieur,<strong> la signature lumineuse C-Shape<\/strong>, que l&rsquo;on a d\u00e9j\u00e0 pu apercevoir sur les r\u00e9cents mod\u00e8les du constructeurs, et un<strong> nouveau pli de carrosserie<\/strong> font partie des l\u00e9gers changements. Pour ce qui est de l&rsquo;int\u00e9rieur, de <strong>nombreuses \u00e9volutions<\/strong> sont \u00e0 relever. Longtemps critiqu\u00e9 pour son habitacle et notamment ses plastiques durs, le directeur du design<strong> Laurens van den Acker<\/strong> avait promis de changer les choses. <strong>La planche de bord<\/strong> qui gagne en qualit\u00e9 ou encore l<strong>&lsquo;ajout de plastiques mouss\u00e9s<\/strong> laisse penser que le designer n\u00e9erlandais a tenu parole.<\/p>\n<h2>Zoom technique sur la nouvelle Clio 5 2019<\/h2>\n<p>La nouvelle citadine inaugurera la <strong>plateforme CMF\/B<\/strong>. Malgr\u00e9 un gabarit plus court, cette plateforme lui permettra d&rsquo;optimiser son habitabilit\u00e9 et son volume de coffre avec plus de <strong>390 litres<\/strong>.<br \/>\nC\u00f4t\u00e9 motorisation, il n&rsquo;y a pas de grandes surprises. La nouvelle citadine s&rsquo;\u00e9quipera de nouveau du bloc TCE et plus particuli\u00e8rement du nouveau quatre-cylindres <strong>1.3 TCE de 130 ch<\/strong>. Elle ajoutera \u00e9galement une <strong>motorisation hybride essence nomm\u00e9 E-TECH<\/strong>, disponible \u00e0 partir de 2020.<br \/>\nAu niveau multim\u00e9dia, la Clio r\u00e9pond \u00e0 sa concurrente sochalienne et son i-Cockpit en mettant en avant son <strong>Smart Cockpit<\/strong> (dalle num\u00e9rique et \u00e9cran tactile de 9,3\u201d). De plus, le syst\u00e8me R-Link est remplac\u00e9 par le nouveau Easy Link, plus performant.<\/p>\n<h2>Le point fort de la Clio 5 : une conduite partiellement autonome<\/h2>\n<p><strong>La Renault Clio 5 <\/strong>devrait s&rsquo;\u00e9quiper de la conduite autonome de niveau 2, une premi\u00e8re pour Renault. Bien que le conducteur reste le superviseur du v\u00e9hicule, cette technologie am\u00e8ne \u00e0 une automatisation partielle de la conduite. Ces fonctions de <strong>conduite autonome<\/strong> seront disponibles et accessibles facilement depuis le Smart Cockpit.<\/p>\n<h2>Les premiers prix de la Clio 5<\/h2>\n<p>La future Clio 5 devrait co\u00fbter au minimum<strong> 15 500 \u20ac<\/strong> \u00e0 son lancement et jusqu&rsquo;\u00e0<strong> 26 000 \u20ac <\/strong>pour la version la plus on\u00e9reuse. Il reste encore du myst\u00e8re quant au prix de la version hybride pr\u00e9vue pour<strong> 2020.<\/strong><\/p>\n","protected":false},"excerpt":{"rendered":"<p>C&rsquo;est en mars 2019 que la citadine la plus vendue de France a fait son apparition au salon de l&rsquo;automobile de Gen\u00e8ve. En effet, la Clio sera commercialis\u00e9e courant 2019 et mettra toutes les chances de son c\u00f4t\u00e9 pour rester N\u00b01 des ventes en France devant sa rivale la Peugeot 208 en proposant de nouvelles motorisations et une version hybride 1.6 e-tech, ainsi qu&rsquo;une conduite plus autonome avec un habitacle high-tech.<\/p>\n","protected":false},"author":1,"featured_media":5805,"comment_status":"open","ping_status":"open","sticky":false,"template":"","format":"standard","meta":{"_acf_changed":false,"content-type":"","footnotes":""},"categories":[62,61],"tags":[90,78,140],"class_list":["post-3743","post","type-post","status-publish","format-standard","has-post-thumbnail","hentry","category-nouveaute-renault","category-nouveautes-autos","tag-autojm","tag-renault","tag-renault-clio-5"],"acf":[],"yoast_head":"<!-- This site is optimized with the Yoast SEO plugin v27.5 - https:\/\/yoast.com\/product\/yoast-seo-wordpress\/ -->\n<title>Nouvelle Renault Clio 5 : prix, int\u00e9rieur, ext\u00e9rieur, hybride... AutoJM Mag<\/title>\n<meta name=\"description\" content=\"C&#039;est en mars 2019 que la citadine la plus vendue de France a fait son apparition au salon de l&#039;automobile de Gen\u00e8ve. En effet, la Clio 5...\" \/>\n<meta name=\"robots\" content=\"index, follow, max-snippet:-1, max-image-preview:large, max-video-preview:-1\" \/>\n<link rel=\"canonical\" href=\"https:\/\/www.autojm.fr\/blog\/nouvelle-renault-clio-5-prix-interieur-exterieur-hybride\/\" \/>\n<meta property=\"og:locale\" content=\"fr_FR\" \/>\n<meta property=\"og:type\" content=\"article\" \/>\n<meta property=\"og:title\" content=\"Nouvelle Renault Clio 5 : prix, int\u00e9rieur, ext\u00e9rieur, hybride... AutoJM Mag\" \/>\n<meta property=\"og:description\" content=\"C&#039;est en mars 2019 que la citadine la plus vendue de France a fait son apparition au salon de l&#039;automobile de Gen\u00e8ve. En effet, la Clio 5...\" \/>\n<meta property=\"og:url\" content=\"https:\/\/www.autojm.fr\/blog\/nouvelle-renault-clio-5-prix-interieur-exterieur-hybride\/\" \/>\n<meta property=\"og:site_name\" content=\"AutoJM Mag\" \/>\n<meta property=\"article:publisher\" content=\"https:\/\/www.facebook.com\/AutoJM25\" \/>\n<meta property=\"article:published_time\" content=\"2018-12-26T00:00:00+00:00\" \/>\n<meta property=\"article:modified_time\" content=\"2023-04-18T12:59:39+00:00\" \/>\n<meta property=\"og:image\" content=\"https:\/\/www.autojm.fr\/blog\/wp-content\/uploads\/2022\/10\/465.jpg\" \/>\n\t<meta property=\"og:image:width\" content=\"1240\" \/>\n\t<meta property=\"og:image:height\" content=\"930\" \/>\n\t<meta property=\"og:image:type\" content=\"image\/jpeg\" \/>\n<meta name=\"author\" content=\"Autojm\" \/>\n<meta name=\"twitter:card\" content=\"summary_large_image\" \/>\n<meta name=\"twitter:label1\" content=\"\u00c9crit par\" \/>\n\t<meta name=\"twitter:data1\" content=\"Autojm\" \/>\n\t<meta name=\"twitter:label2\" content=\"Dur\u00e9e de lecture estim\u00e9e\" \/>\n\t<meta name=\"twitter:data2\" content=\"3 minutes\" \/>\n<script type=\"application\/ld+json\" class=\"yoast-schema-graph\">{\"@context\":\"https:\\\/\\\/schema.org\",\"@graph\":[{\"@type\":\"Article\",\"@id\":\"https:\\\/\\\/www.autojm.fr\\\/blog\\\/nouvelle-renault-clio-5-prix-interieur-exterieur-hybride\\\/#article\",\"isPartOf\":{\"@id\":\"https:\\\/\\\/www.autojm.fr\\\/blog\\\/nouvelle-renault-clio-5-prix-interieur-exterieur-hybride\\\/\"},\"author\":{\"name\":\"Autojm\",\"@id\":\"https:\\\/\\\/www.autojm.fr\\\/blog\\\/#\\\/schema\\\/person\\\/9742bc77541853e0de81fc57f947e1a0\"},\"headline\":\"Nouvelle Renault Clio 5 : prix, int\u00e9rieur, ext\u00e9rieur, hybride&#8230;\",\"datePublished\":\"2018-12-26T00:00:00+00:00\",\"dateModified\":\"2023-04-18T12:59:39+00:00\",\"mainEntityOfPage\":{\"@id\":\"https:\\\/\\\/www.autojm.fr\\\/blog\\\/nouvelle-renault-clio-5-prix-interieur-exterieur-hybride\\\/\"},\"wordCount\":452,\"commentCount\":0,\"publisher\":{\"@id\":\"https:\\\/\\\/www.autojm.fr\\\/blog\\\/#organization\"},\"image\":{\"@id\":\"https:\\\/\\\/www.autojm.fr\\\/blog\\\/nouvelle-renault-clio-5-prix-interieur-exterieur-hybride\\\/#primaryimage\"},\"thumbnailUrl\":\"https:\\\/\\\/www.autojm.fr\\\/blog\\\/wp-content\\\/uploads\\\/2022\\\/10\\\/465.jpg\",\"keywords\":[\"autojm\",\"renault\",\"Renault Clio 5\"],\"articleSection\":[\"Nouveaut\u00e9 Renault\",\"Nouveaut\u00e9s Autos\"],\"inLanguage\":\"fr-FR\",\"potentialAction\":[{\"@type\":\"CommentAction\",\"name\":\"Comment\",\"target\":[\"https:\\\/\\\/www.autojm.fr\\\/blog\\\/nouvelle-renault-clio-5-prix-interieur-exterieur-hybride\\\/#respond\"]}]},{\"@type\":\"WebPage\",\"@id\":\"https:\\\/\\\/www.autojm.fr\\\/blog\\\/nouvelle-renault-clio-5-prix-interieur-exterieur-hybride\\\/\",\"url\":\"https:\\\/\\\/www.autojm.fr\\\/blog\\\/nouvelle-renault-clio-5-prix-interieur-exterieur-hybride\\\/\",\"name\":\"Nouvelle Renault Clio 5 : prix, int\u00e9rieur, ext\u00e9rieur, hybride... AutoJM Mag\",\"isPartOf\":{\"@id\":\"https:\\\/\\\/www.autojm.fr\\\/blog\\\/#website\"},\"primaryImageOfPage\":{\"@id\":\"https:\\\/\\\/www.autojm.fr\\\/blog\\\/nouvelle-renault-clio-5-prix-interieur-exterieur-hybride\\\/#primaryimage\"},\"image\":{\"@id\":\"https:\\\/\\\/www.autojm.fr\\\/blog\\\/nouvelle-renault-clio-5-prix-interieur-exterieur-hybride\\\/#primaryimage\"},\"thumbnailUrl\":\"https:\\\/\\\/www.autojm.fr\\\/blog\\\/wp-content\\\/uploads\\\/2022\\\/10\\\/465.jpg\",\"datePublished\":\"2018-12-26T00:00:00+00:00\",\"dateModified\":\"2023-04-18T12:59:39+00:00\",\"description\":\"C'est en mars 2019 que la citadine la plus vendue de France a fait son apparition au salon de l'automobile de Gen\u00e8ve. En effet, la Clio 5...\",\"breadcrumb\":{\"@id\":\"https:\\\/\\\/www.autojm.fr\\\/blog\\\/nouvelle-renault-clio-5-prix-interieur-exterieur-hybride\\\/#breadcrumb\"},\"inLanguage\":\"fr-FR\",\"potentialAction\":[{\"@type\":\"ReadAction\",\"target\":[\"https:\\\/\\\/www.autojm.fr\\\/blog\\\/nouvelle-renault-clio-5-prix-interieur-exterieur-hybride\\\/\"]}]},{\"@type\":\"ImageObject\",\"inLanguage\":\"fr-FR\",\"@id\":\"https:\\\/\\\/www.autojm.fr\\\/blog\\\/nouvelle-renault-clio-5-prix-interieur-exterieur-hybride\\\/#primaryimage\",\"url\":\"https:\\\/\\\/www.autojm.fr\\\/blog\\\/wp-content\\\/uploads\\\/2022\\\/10\\\/465.jpg\",\"contentUrl\":\"https:\\\/\\\/www.autojm.fr\\\/blog\\\/wp-content\\\/uploads\\\/2022\\\/10\\\/465.jpg\",\"width\":1240,\"height\":930,\"caption\":\"Renault Clio 5\"},{\"@type\":\"BreadcrumbList\",\"@id\":\"https:\\\/\\\/www.autojm.fr\\\/blog\\\/nouvelle-renault-clio-5-prix-interieur-exterieur-hybride\\\/#breadcrumb\",\"itemListElement\":[{\"@type\":\"ListItem\",\"position\":1,\"name\":\"Accueil\",\"item\":\"https:\\\/\\\/www.autojm.fr\\\/blog\\\/\"},{\"@type\":\"ListItem\",\"position\":2,\"name\":\"Nouveaut\u00e9s Autos\",\"item\":\"https:\\\/\\\/www.autojm.fr\\\/blog\\\/nouveautes-autos\\\/\"},{\"@type\":\"ListItem\",\"position\":3,\"name\":\"Nouvelle Renault Clio 5 : prix, int\u00e9rieur, ext\u00e9rieur, hybride&#8230;\"}]},{\"@type\":\"WebSite\",\"@id\":\"https:\\\/\\\/www.autojm.fr\\\/blog\\\/#website\",\"url\":\"https:\\\/\\\/www.autojm.fr\\\/blog\\\/\",\"name\":\"AutoJM Mag\",\"description\":\"Toute l&#039;actu auto en 1 clic !\",\"publisher\":{\"@id\":\"https:\\\/\\\/www.autojm.fr\\\/blog\\\/#organization\"},\"potentialAction\":[{\"@type\":\"SearchAction\",\"target\":{\"@type\":\"EntryPoint\",\"urlTemplate\":\"https:\\\/\\\/www.autojm.fr\\\/blog\\\/?s={search_term_string}\"},\"query-input\":{\"@type\":\"PropertyValueSpecification\",\"valueRequired\":true,\"valueName\":\"search_term_string\"}}],\"inLanguage\":\"fr-FR\"},{\"@type\":\"Organization\",\"@id\":\"https:\\\/\\\/www.autojm.fr\\\/blog\\\/#organization\",\"name\":\"AutoJM Mag\",\"url\":\"https:\\\/\\\/www.autojm.fr\\\/blog\\\/\",\"logo\":{\"@type\":\"ImageObject\",\"inLanguage\":\"fr-FR\",\"@id\":\"https:\\\/\\\/www.autojm.fr\\\/blog\\\/#\\\/schema\\\/logo\\\/image\\\/\",\"url\":\"https:\\\/\\\/www.autojm.fr\\\/blog\\\/wp-content\\\/uploads\\\/2022\\\/12\\\/cropped-AutoJMag-png.png\",\"contentUrl\":\"https:\\\/\\\/www.autojm.fr\\\/blog\\\/wp-content\\\/uploads\\\/2022\\\/12\\\/cropped-AutoJMag-png.png\",\"width\":2834,\"height\":585,\"caption\":\"AutoJM Mag\"},\"image\":{\"@id\":\"https:\\\/\\\/www.autojm.fr\\\/blog\\\/#\\\/schema\\\/logo\\\/image\\\/\"},\"sameAs\":[\"https:\\\/\\\/www.facebook.com\\\/AutoJM25\"]},{\"@type\":\"Person\",\"@id\":\"https:\\\/\\\/www.autojm.fr\\\/blog\\\/#\\\/schema\\\/person\\\/9742bc77541853e0de81fc57f947e1a0\",\"name\":\"Autojm\",\"image\":{\"@type\":\"ImageObject\",\"inLanguage\":\"fr-FR\",\"@id\":\"https:\\\/\\\/secure.gravatar.com\\\/avatar\\\/9a959d52b758fcc232fe4b6aca7bab139182573297122cce7d6f2ee0e537b418?s=96&d=mm&r=g\",\"url\":\"https:\\\/\\\/secure.gravatar.com\\\/avatar\\\/9a959d52b758fcc232fe4b6aca7bab139182573297122cce7d6f2ee0e537b418?s=96&d=mm&r=g\",\"contentUrl\":\"https:\\\/\\\/secure.gravatar.com\\\/avatar\\\/9a959d52b758fcc232fe4b6aca7bab139182573297122cce7d6f2ee0e537b418?s=96&d=mm&r=g\",\"caption\":\"Autojm\"},\"sameAs\":[\"https:\\\/\\\/www.autojm.fr\\\/blog\"],\"url\":\"https:\\\/\\\/www.autojm.fr\\\/blog\\\/author\\\/bichoi\\\/\"}]}<\/script>\n<!-- \/ Yoast SEO plugin. -->","yoast_head_json":{"title":"Nouvelle Renault Clio 5 : prix, int\u00e9rieur, ext\u00e9rieur, hybride... AutoJM Mag","description":"C'est en mars 2019 que la citadine la plus vendue de France a fait son apparition au salon de l'automobile de Gen\u00e8ve. En effet, la Clio 5...","robots":{"index":"index","follow":"follow","max-snippet":"max-snippet:-1","max-image-preview":"max-image-preview:large","max-video-preview":"max-video-preview:-1"},"canonical":"https:\/\/www.autojm.fr\/blog\/nouvelle-renault-clio-5-prix-interieur-exterieur-hybride\/","og_locale":"fr_FR","og_type":"article","og_title":"Nouvelle Renault Clio 5 : prix, int\u00e9rieur, ext\u00e9rieur, hybride... AutoJM Mag","og_description":"C'est en mars 2019 que la citadine la plus vendue de France a fait son apparition au salon de l'automobile de Gen\u00e8ve. En effet, la Clio 5...","og_url":"https:\/\/www.autojm.fr\/blog\/nouvelle-renault-clio-5-prix-interieur-exterieur-hybride\/","og_site_name":"AutoJM Mag","article_publisher":"https:\/\/www.facebook.com\/AutoJM25","article_published_time":"2018-12-26T00:00:00+00:00","article_modified_time":"2023-04-18T12:59:39+00:00","og_image":[{"width":1240,"height":930,"url":"https:\/\/www.autojm.fr\/blog\/wp-content\/uploads\/2022\/10\/465.jpg","type":"image\/jpeg"}],"author":"Autojm","twitter_card":"summary_large_image","twitter_misc":{"\u00c9crit par":"Autojm","Dur\u00e9e de lecture estim\u00e9e":"3 minutes"},"schema":{"@context":"https:\/\/schema.org","@graph":[{"@type":"Article","@id":"https:\/\/www.autojm.fr\/blog\/nouvelle-renault-clio-5-prix-interieur-exterieur-hybride\/#article","isPartOf":{"@id":"https:\/\/www.autojm.fr\/blog\/nouvelle-renault-clio-5-prix-interieur-exterieur-hybride\/"},"author":{"name":"Autojm","@id":"https:\/\/www.autojm.fr\/blog\/#\/schema\/person\/9742bc77541853e0de81fc57f947e1a0"},"headline":"Nouvelle Renault Clio 5 : prix, int\u00e9rieur, ext\u00e9rieur, hybride&#8230;","datePublished":"2018-12-26T00:00:00+00:00","dateModified":"2023-04-18T12:59:39+00:00","mainEntityOfPage":{"@id":"https:\/\/www.autojm.fr\/blog\/nouvelle-renault-clio-5-prix-interieur-exterieur-hybride\/"},"wordCount":452,"commentCount":0,"publisher":{"@id":"https:\/\/www.autojm.fr\/blog\/#organization"},"image":{"@id":"https:\/\/www.autojm.fr\/blog\/nouvelle-renault-clio-5-prix-interieur-exterieur-hybride\/#primaryimage"},"thumbnailUrl":"https:\/\/www.autojm.fr\/blog\/wp-content\/uploads\/2022\/10\/465.jpg","keywords":["autojm","renault","Renault Clio 5"],"articleSection":["Nouveaut\u00e9 Renault","Nouveaut\u00e9s Autos"],"inLanguage":"fr-FR","potentialAction":[{"@type":"CommentAction","name":"Comment","target":["https:\/\/www.autojm.fr\/blog\/nouvelle-renault-clio-5-prix-interieur-exterieur-hybride\/#respond"]}]},{"@type":"WebPage","@id":"https:\/\/www.autojm.fr\/blog\/nouvelle-renault-clio-5-prix-interieur-exterieur-hybride\/","url":"https:\/\/www.autojm.fr\/blog\/nouvelle-renault-clio-5-prix-interieur-exterieur-hybride\/","name":"Nouvelle Renault Clio 5 : prix, int\u00e9rieur, ext\u00e9rieur, hybride... AutoJM Mag","isPartOf":{"@id":"https:\/\/www.autojm.fr\/blog\/#website"},"primaryImageOfPage":{"@id":"https:\/\/www.autojm.fr\/blog\/nouvelle-renault-clio-5-prix-interieur-exterieur-hybride\/#primaryimage"},"image":{"@id":"https:\/\/www.autojm.fr\/blog\/nouvelle-renault-clio-5-prix-interieur-exterieur-hybride\/#primaryimage"},"thumbnailUrl":"https:\/\/www.autojm.fr\/blog\/wp-content\/uploads\/2022\/10\/465.jpg","datePublished":"2018-12-26T00:00:00+00:00","dateModified":"2023-04-18T12:59:39+00:00","description":"C'est en mars 2019 que la citadine la plus vendue de France a fait son apparition au salon de l'automobile de Gen\u00e8ve. En effet, la Clio 5...","breadcrumb":{"@id":"https:\/\/www.autojm.fr\/blog\/nouvelle-renault-clio-5-prix-interieur-exterieur-hybride\/#breadcrumb"},"inLanguage":"fr-FR","potentialAction":[{"@type":"ReadAction","target":["https:\/\/www.autojm.fr\/blog\/nouvelle-renault-clio-5-prix-interieur-exterieur-hybride\/"]}]},{"@type":"ImageObject","inLanguage":"fr-FR","@id":"https:\/\/www.autojm.fr\/blog\/nouvelle-renault-clio-5-prix-interieur-exterieur-hybride\/#primaryimage","url":"https:\/\/www.autojm.fr\/blog\/wp-content\/uploads\/2022\/10\/465.jpg","contentUrl":"https:\/\/www.autojm.fr\/blog\/wp-content\/uploads\/2022\/10\/465.jpg","width":1240,"height":930,"caption":"Renault Clio 5"},{"@type":"BreadcrumbList","@id":"https:\/\/www.autojm.fr\/blog\/nouvelle-renault-clio-5-prix-interieur-exterieur-hybride\/#breadcrumb","itemListElement":[{"@type":"ListItem","position":1,"name":"Accueil","item":"https:\/\/www.autojm.fr\/blog\/"},{"@type":"ListItem","position":2,"name":"Nouveaut\u00e9s Autos","item":"https:\/\/www.autojm.fr\/blog\/nouveautes-autos\/"},{"@type":"ListItem","position":3,"name":"Nouvelle Renault Clio 5 : prix, int\u00e9rieur, ext\u00e9rieur, hybride&#8230;"}]},{"@type":"WebSite","@id":"https:\/\/www.autojm.fr\/blog\/#website","url":"https:\/\/www.autojm.fr\/blog\/","name":"AutoJM Mag","description":"Toute l&#039;actu auto en 1 clic !","publisher":{"@id":"https:\/\/www.autojm.fr\/blog\/#organization"},"potentialAction":[{"@type":"SearchAction","target":{"@type":"EntryPoint","urlTemplate":"https:\/\/www.autojm.fr\/blog\/?s={search_term_string}"},"query-input":{"@type":"PropertyValueSpecification","valueRequired":true,"valueName":"search_term_string"}}],"inLanguage":"fr-FR"},{"@type":"Organization","@id":"https:\/\/www.autojm.fr\/blog\/#organization","name":"AutoJM Mag","url":"https:\/\/www.autojm.fr\/blog\/","logo":{"@type":"ImageObject","inLanguage":"fr-FR","@id":"https:\/\/www.autojm.fr\/blog\/#\/schema\/logo\/image\/","url":"https:\/\/www.autojm.fr\/blog\/wp-content\/uploads\/2022\/12\/cropped-AutoJMag-png.png","contentUrl":"https:\/\/www.autojm.fr\/blog\/wp-content\/uploads\/2022\/12\/cropped-AutoJMag-png.png","width":2834,"height":585,"caption":"AutoJM Mag"},"image":{"@id":"https:\/\/www.autojm.fr\/blog\/#\/schema\/logo\/image\/"},"sameAs":["https:\/\/www.facebook.com\/AutoJM25"]},{"@type":"Person","@id":"https:\/\/www.autojm.fr\/blog\/#\/schema\/person\/9742bc77541853e0de81fc57f947e1a0","name":"Autojm","image":{"@type":"ImageObject","inLanguage":"fr-FR","@id":"https:\/\/secure.gravatar.com\/avatar\/9a959d52b758fcc232fe4b6aca7bab139182573297122cce7d6f2ee0e537b418?s=96&d=mm&r=g","url":"https:\/\/secure.gravatar.com\/avatar\/9a959d52b758fcc232fe4b6aca7bab139182573297122cce7d6f2ee0e537b418?s=96&d=mm&r=g","contentUrl":"https:\/\/secure.gravatar.com\/avatar\/9a959d52b758fcc232fe4b6aca7bab139182573297122cce7d6f2ee0e537b418?s=96&d=mm&r=g","caption":"Autojm"},"sameAs":["https:\/\/www.autojm.fr\/blog"],"url":"https:\/\/www.autojm.fr\/blog\/author\/bichoi\/"}]}},"_links":{"self":[{"href":"https:\/\/www.autojm.fr\/blog\/wp-json\/wp\/v2\/posts\/3743","targetHints":{"allow":["GET"]}}],"collection":[{"href":"https:\/\/www.autojm.fr\/blog\/wp-json\/wp\/v2\/posts"}],"about":[{"href":"https:\/\/www.autojm.fr\/blog\/wp-json\/wp\/v2\/types\/post"}],"author":[{"embeddable":true,"href":"https:\/\/www.autojm.fr\/blog\/wp-json\/wp\/v2\/users\/1"}],"replies":[{"embeddable":true,"href":"https:\/\/www.autojm.fr\/blog\/wp-json\/wp\/v2\/comments?post=3743"}],"version-history":[{"count":5,"href":"https:\/\/www.autojm.fr\/blog\/wp-json\/wp\/v2\/posts\/3743\/revisions"}],"predecessor-version":[{"id":9307,"href":"https:\/\/www.autojm.fr\/blog\/wp-json\/wp\/v2\/posts\/3743\/revisions\/9307"}],"wp:featuredmedia":[{"embeddable":true,"href":"https:\/\/www.autojm.fr\/blog\/wp-json\/wp\/v2\/media\/5805"}],"wp:attachment":[{"href":"https:\/\/www.autojm.fr\/blog\/wp-json\/wp\/v2\/media?parent=3743"}],"wp:term":[{"taxonomy":"category","embeddable":true,"href":"https:\/\/www.autojm.fr\/blog\/wp-json\/wp\/v2\/categories?post=3743"},{"taxonomy":"post_tag","embeddable":true,"href":"https:\/\/www.autojm.fr\/blog\/wp-json\/wp\/v2\/tags?post=3743"}],"curies":[{"name":"wp","href":"https:\/\/api.w.org\/{rel}","templated":true}]}}