{"id":3740,"date":"2018-12-21T00:00:00","date_gmt":"2018-12-21T00:00:00","guid":{"rendered":"https:\/\/www.autojm.fr\/blog\/pick-up-5-places-soumis-au-malus-et-a-la-tvs\/"},"modified":"2022-12-13T09:17:04","modified_gmt":"2022-12-13T09:17:04","slug":"pick-up-5-places-soumis-au-malus-et-a-la-tvs","status":"publish","type":"post","link":"https:\/\/www.autojm.fr\/blog\/pick-up-5-places-soumis-au-malus-et-a-la-tvs\/","title":{"rendered":"Pick-up 5 places : soumis au malus et \u00e0 la TVS"},"content":{"rendered":"<p><em>D\u00e9sormais, \u00e0 compter du 1er Juillet 2019 : seuls les pick-up 5 places seront redevables du malus \u00e9cologique et de la TVS. Initialement, cette taxe devait s&rsquo;appliquer d\u00e8s janvier 2019 mais aux derni\u00e8res nouvelles, elle a \u00e9t\u00e9 repouss\u00e9 de quelques mois. Profitons-en !<\/em><\/p>\n<h2>Qu&rsquo;est-ce que la TVS ?<\/h2>\n<p>Les soci\u00e9t\u00e9s doivent payer chaque ann\u00e9e la taxe sur les v\u00e9hicules de soci\u00e9t\u00e9 (TVS) pour les voitures particuli\u00e8res (destin\u00e9es au transport de passagers) ou \u00e0 usage multiple (destin\u00e9es principalement au transport de personnes) qu&rsquo;elles poss\u00e8dent ou utilisent en France. Le montant de la taxe diff\u00e8re selon le type de v\u00e9hicules.<\/p>\n<p>Apr\u00e8s plusieurs d\u00e9cisions, la Commission des Finances de l&rsquo;Assembl\u00e9e nationale a enfin tranch\u00e9e concernant la taxation du pick-up ( article 33 bis de la loi des finances).Finalement les v\u00e9hicules de type \u201cpick-up\u201d n&rsquo;\u00e9tant pas destin\u00e9s \u00e0 un usage professionnel seront effectivement soumis \u00e0 la taxe sur les v\u00e9hicules de soci\u00e9t\u00e9 d\u00e8s le 1er Juillet 2019. Un bonus \u00e9cologique \u00e0 compter du 1er Juillet 2019 sera \u00e9galement mis en place.<\/p>\n<h2>Sur quel crit\u00e8re est bas\u00e9 les d\u00e9cisions ?<\/h2>\n<p>Pour ce qui est des crit\u00e8res, le nombre de porti\u00e8res est d\u00e9laiss\u00e9, pour prendre en compte le nombre de places assises. Ce nouveau changement devrait attirer la col\u00e8re des populations montagneuses qui utilisent beaucoup ce type de v\u00e9hicule pour transporter des personnes ou du mat\u00e9riel.<\/p>\n<p>Nous tenons \u00e0 pr\u00e9ciser que l&rsquo;objectif de cette mesure prise par la Commission des finances de l&rsquo;assembl\u00e9e nationale est de limiter l&rsquo;achat de pick-up par les citadins pour \u00e9viter davantage de pollution.<br \/>\nLes usagers de pick-up ont pens\u00e9s \u00e0 un effet gilet jaune qui aurait pu \u00e9carter la taxation (qui \u00e9tait pr\u00e9vu) mais malheureusement ils n&rsquo;ont pas pu passer \u00e0 c\u00f4t\u00e9.<\/p>\n<p>Anciennement le crit\u00e8re sur lequel reposait le malus et la TVS \u00e9tait li\u00e9 au nombre de porti\u00e8res, ce crit\u00e8re a \u00e9t\u00e9 d\u00e9laiss\u00e9, d\u00e9sormais seul le nombre de places assises compte.<\/p>\n","protected":false},"excerpt":{"rendered":"<p>D\u00e9sormais, \u00e0 compter du 1er Juillet 2019 : seuls les pick-up 5 places seront redevables du malus \u00e9cologique et de la TVS. Initialement, cette taxe devait s&rsquo;appliquer d\u00e8s janvier 2019 mais aux derni\u00e8res nouvelles, elle a \u00e9t\u00e9 repouss\u00e9 de quelques mois. Profitons-en !<\/p>\n","protected":false},"author":1,"featured_media":5802,"comment_status":"open","ping_status":"open","sticky":false,"template":"","format":"standard","meta":{"_acf_changed":false,"content-type":"","footnotes":""},"categories":[5],"tags":[90,79,74,105,108,107,73,78,96],"class_list":["post-3740","post","type-post","status-publish","format-standard","has-post-thumbnail","hentry","category-actualite-automobile","tag-autojm","tag-citroen","tag-dacia","tag-ds","tag-nissan","tag-opel","tag-peugeot","tag-renault","tag-volkswagen"],"acf":[],"yoast_head":"<!-- This site is optimized with the Yoast SEO plugin v27.5 - https:\/\/yoast.com\/product\/yoast-seo-wordpress\/ -->\n<title>Pick-up 5 places : soumis au malus et \u00e0 la TVS - AutoJM Mag<\/title>\n<meta name=\"description\" content=\"D\u00e9sormais, \u00e0 compter du 1er Juillet 2019 : seuls les pick-up 5 places seront redevables du malus \u00e9cologique et de la TVS. Initialement...\" \/>\n<meta name=\"robots\" content=\"index, follow, max-snippet:-1, max-image-preview:large, max-video-preview:-1\" \/>\n<link rel=\"canonical\" href=\"https:\/\/www.autojm.fr\/blog\/pick-up-5-places-soumis-au-malus-et-a-la-tvs\/\" \/>\n<meta property=\"og:locale\" content=\"fr_FR\" \/>\n<meta property=\"og:type\" content=\"article\" \/>\n<meta property=\"og:title\" content=\"Pick-up 5 places : soumis au malus et \u00e0 la TVS - AutoJM Mag\" \/>\n<meta property=\"og:description\" content=\"D\u00e9sormais, \u00e0 compter du 1er Juillet 2019 : seuls les pick-up 5 places seront redevables du malus \u00e9cologique et de la TVS. Initialement...\" \/>\n<meta property=\"og:url\" content=\"https:\/\/www.autojm.fr\/blog\/pick-up-5-places-soumis-au-malus-et-a-la-tvs\/\" \/>\n<meta property=\"og:site_name\" content=\"AutoJM Mag\" \/>\n<meta property=\"article:publisher\" content=\"https:\/\/www.facebook.com\/AutoJM25\" \/>\n<meta property=\"article:published_time\" content=\"2018-12-21T00:00:00+00:00\" \/>\n<meta property=\"article:modified_time\" content=\"2022-12-13T09:17:04+00:00\" \/>\n<meta property=\"og:image\" content=\"https:\/\/www.autojm.fr\/blog\/wp-content\/uploads\/2022\/10\/463.jpg\" \/>\n\t<meta property=\"og:image:width\" content=\"1000\" \/>\n\t<meta property=\"og:image:height\" content=\"750\" \/>\n\t<meta property=\"og:image:type\" content=\"image\/jpeg\" \/>\n<meta name=\"author\" content=\"Autojm\" \/>\n<meta name=\"twitter:card\" content=\"summary_large_image\" \/>\n<meta name=\"twitter:label1\" content=\"\u00c9crit par\" \/>\n\t<meta name=\"twitter:data1\" content=\"Autojm\" \/>\n\t<meta name=\"twitter:label2\" content=\"Dur\u00e9e de lecture estim\u00e9e\" \/>\n\t<meta name=\"twitter:data2\" content=\"2 minutes\" \/>\n<script type=\"application\/ld+json\" class=\"yoast-schema-graph\">{\"@context\":\"https:\\\/\\\/schema.org\",\"@graph\":[{\"@type\":\"Article\",\"@id\":\"https:\\\/\\\/www.autojm.fr\\\/blog\\\/pick-up-5-places-soumis-au-malus-et-a-la-tvs\\\/#article\",\"isPartOf\":{\"@id\":\"https:\\\/\\\/www.autojm.fr\\\/blog\\\/pick-up-5-places-soumis-au-malus-et-a-la-tvs\\\/\"},\"author\":{\"name\":\"Autojm\",\"@id\":\"https:\\\/\\\/www.autojm.fr\\\/blog\\\/#\\\/schema\\\/person\\\/9742bc77541853e0de81fc57f947e1a0\"},\"headline\":\"Pick-up 5 places : soumis au malus et \u00e0 la TVS\",\"datePublished\":\"2018-12-21T00:00:00+00:00\",\"dateModified\":\"2022-12-13T09:17:04+00:00\",\"mainEntityOfPage\":{\"@id\":\"https:\\\/\\\/www.autojm.fr\\\/blog\\\/pick-up-5-places-soumis-au-malus-et-a-la-tvs\\\/\"},\"wordCount\":343,\"commentCount\":0,\"publisher\":{\"@id\":\"https:\\\/\\\/www.autojm.fr\\\/blog\\\/#organization\"},\"image\":{\"@id\":\"https:\\\/\\\/www.autojm.fr\\\/blog\\\/pick-up-5-places-soumis-au-malus-et-a-la-tvs\\\/#primaryimage\"},\"thumbnailUrl\":\"https:\\\/\\\/www.autojm.fr\\\/blog\\\/wp-content\\\/uploads\\\/2022\\\/10\\\/463.jpg\",\"keywords\":[\"autojm\",\"citroen\",\"dacia\",\"DS\",\"Nissan\",\"Opel\",\"peugeot\",\"renault\",\"Volkswagen\"],\"articleSection\":[\"Actualit\u00e9 Automobile\"],\"inLanguage\":\"fr-FR\",\"potentialAction\":[{\"@type\":\"CommentAction\",\"name\":\"Comment\",\"target\":[\"https:\\\/\\\/www.autojm.fr\\\/blog\\\/pick-up-5-places-soumis-au-malus-et-a-la-tvs\\\/#respond\"]}]},{\"@type\":\"WebPage\",\"@id\":\"https:\\\/\\\/www.autojm.fr\\\/blog\\\/pick-up-5-places-soumis-au-malus-et-a-la-tvs\\\/\",\"url\":\"https:\\\/\\\/www.autojm.fr\\\/blog\\\/pick-up-5-places-soumis-au-malus-et-a-la-tvs\\\/\",\"name\":\"Pick-up 5 places : soumis au malus et \u00e0 la TVS - AutoJM Mag\",\"isPartOf\":{\"@id\":\"https:\\\/\\\/www.autojm.fr\\\/blog\\\/#website\"},\"primaryImageOfPage\":{\"@id\":\"https:\\\/\\\/www.autojm.fr\\\/blog\\\/pick-up-5-places-soumis-au-malus-et-a-la-tvs\\\/#primaryimage\"},\"image\":{\"@id\":\"https:\\\/\\\/www.autojm.fr\\\/blog\\\/pick-up-5-places-soumis-au-malus-et-a-la-tvs\\\/#primaryimage\"},\"thumbnailUrl\":\"https:\\\/\\\/www.autojm.fr\\\/blog\\\/wp-content\\\/uploads\\\/2022\\\/10\\\/463.jpg\",\"datePublished\":\"2018-12-21T00:00:00+00:00\",\"dateModified\":\"2022-12-13T09:17:04+00:00\",\"description\":\"D\u00e9sormais, \u00e0 compter du 1er Juillet 2019 : seuls les pick-up 5 places seront redevables du malus \u00e9cologique et de la TVS. Initialement...\",\"breadcrumb\":{\"@id\":\"https:\\\/\\\/www.autojm.fr\\\/blog\\\/pick-up-5-places-soumis-au-malus-et-a-la-tvs\\\/#breadcrumb\"},\"inLanguage\":\"fr-FR\",\"potentialAction\":[{\"@type\":\"ReadAction\",\"target\":[\"https:\\\/\\\/www.autojm.fr\\\/blog\\\/pick-up-5-places-soumis-au-malus-et-a-la-tvs\\\/\"]}]},{\"@type\":\"ImageObject\",\"inLanguage\":\"fr-FR\",\"@id\":\"https:\\\/\\\/www.autojm.fr\\\/blog\\\/pick-up-5-places-soumis-au-malus-et-a-la-tvs\\\/#primaryimage\",\"url\":\"https:\\\/\\\/www.autojm.fr\\\/blog\\\/wp-content\\\/uploads\\\/2022\\\/10\\\/463.jpg\",\"contentUrl\":\"https:\\\/\\\/www.autojm.fr\\\/blog\\\/wp-content\\\/uploads\\\/2022\\\/10\\\/463.jpg\",\"width\":1000,\"height\":750,\"caption\":\"Malus auto\"},{\"@type\":\"BreadcrumbList\",\"@id\":\"https:\\\/\\\/www.autojm.fr\\\/blog\\\/pick-up-5-places-soumis-au-malus-et-a-la-tvs\\\/#breadcrumb\",\"itemListElement\":[{\"@type\":\"ListItem\",\"position\":1,\"name\":\"Accueil\",\"item\":\"https:\\\/\\\/www.autojm.fr\\\/blog\\\/\"},{\"@type\":\"ListItem\",\"position\":2,\"name\":\"Actualit\u00e9 Automobile\",\"item\":\"https:\\\/\\\/www.autojm.fr\\\/blog\\\/actualite-automobile\\\/\"},{\"@type\":\"ListItem\",\"position\":3,\"name\":\"Pick-up 5 places : soumis au malus et \u00e0 la TVS\"}]},{\"@type\":\"WebSite\",\"@id\":\"https:\\\/\\\/www.autojm.fr\\\/blog\\\/#website\",\"url\":\"https:\\\/\\\/www.autojm.fr\\\/blog\\\/\",\"name\":\"AutoJM Mag\",\"description\":\"Toute l&#039;actu auto en 1 clic !\",\"publisher\":{\"@id\":\"https:\\\/\\\/www.autojm.fr\\\/blog\\\/#organization\"},\"potentialAction\":[{\"@type\":\"SearchAction\",\"target\":{\"@type\":\"EntryPoint\",\"urlTemplate\":\"https:\\\/\\\/www.autojm.fr\\\/blog\\\/?s={search_term_string}\"},\"query-input\":{\"@type\":\"PropertyValueSpecification\",\"valueRequired\":true,\"valueName\":\"search_term_string\"}}],\"inLanguage\":\"fr-FR\"},{\"@type\":\"Organization\",\"@id\":\"https:\\\/\\\/www.autojm.fr\\\/blog\\\/#organization\",\"name\":\"AutoJM Mag\",\"url\":\"https:\\\/\\\/www.autojm.fr\\\/blog\\\/\",\"logo\":{\"@type\":\"ImageObject\",\"inLanguage\":\"fr-FR\",\"@id\":\"https:\\\/\\\/www.autojm.fr\\\/blog\\\/#\\\/schema\\\/logo\\\/image\\\/\",\"url\":\"https:\\\/\\\/www.autojm.fr\\\/blog\\\/wp-content\\\/uploads\\\/2022\\\/12\\\/cropped-AutoJMag-png.png\",\"contentUrl\":\"https:\\\/\\\/www.autojm.fr\\\/blog\\\/wp-content\\\/uploads\\\/2022\\\/12\\\/cropped-AutoJMag-png.png\",\"width\":2834,\"height\":585,\"caption\":\"AutoJM Mag\"},\"image\":{\"@id\":\"https:\\\/\\\/www.autojm.fr\\\/blog\\\/#\\\/schema\\\/logo\\\/image\\\/\"},\"sameAs\":[\"https:\\\/\\\/www.facebook.com\\\/AutoJM25\"]},{\"@type\":\"Person\",\"@id\":\"https:\\\/\\\/www.autojm.fr\\\/blog\\\/#\\\/schema\\\/person\\\/9742bc77541853e0de81fc57f947e1a0\",\"name\":\"Autojm\",\"image\":{\"@type\":\"ImageObject\",\"inLanguage\":\"fr-FR\",\"@id\":\"https:\\\/\\\/secure.gravatar.com\\\/avatar\\\/9a959d52b758fcc232fe4b6aca7bab139182573297122cce7d6f2ee0e537b418?s=96&d=mm&r=g\",\"url\":\"https:\\\/\\\/secure.gravatar.com\\\/avatar\\\/9a959d52b758fcc232fe4b6aca7bab139182573297122cce7d6f2ee0e537b418?s=96&d=mm&r=g\",\"contentUrl\":\"https:\\\/\\\/secure.gravatar.com\\\/avatar\\\/9a959d52b758fcc232fe4b6aca7bab139182573297122cce7d6f2ee0e537b418?s=96&d=mm&r=g\",\"caption\":\"Autojm\"},\"sameAs\":[\"https:\\\/\\\/www.autojm.fr\\\/blog\"],\"url\":\"https:\\\/\\\/www.autojm.fr\\\/blog\\\/author\\\/bichoi\\\/\"}]}<\/script>\n<!-- \/ Yoast SEO plugin. -->","yoast_head_json":{"title":"Pick-up 5 places : soumis au malus et \u00e0 la TVS - AutoJM Mag","description":"D\u00e9sormais, \u00e0 compter du 1er Juillet 2019 : seuls les pick-up 5 places seront redevables du malus \u00e9cologique et de la TVS. Initialement...","robots":{"index":"index","follow":"follow","max-snippet":"max-snippet:-1","max-image-preview":"max-image-preview:large","max-video-preview":"max-video-preview:-1"},"canonical":"https:\/\/www.autojm.fr\/blog\/pick-up-5-places-soumis-au-malus-et-a-la-tvs\/","og_locale":"fr_FR","og_type":"article","og_title":"Pick-up 5 places : soumis au malus et \u00e0 la TVS - AutoJM Mag","og_description":"D\u00e9sormais, \u00e0 compter du 1er Juillet 2019 : seuls les pick-up 5 places seront redevables du malus \u00e9cologique et de la TVS. Initialement...","og_url":"https:\/\/www.autojm.fr\/blog\/pick-up-5-places-soumis-au-malus-et-a-la-tvs\/","og_site_name":"AutoJM Mag","article_publisher":"https:\/\/www.facebook.com\/AutoJM25","article_published_time":"2018-12-21T00:00:00+00:00","article_modified_time":"2022-12-13T09:17:04+00:00","og_image":[{"width":1000,"height":750,"url":"https:\/\/www.autojm.fr\/blog\/wp-content\/uploads\/2022\/10\/463.jpg","type":"image\/jpeg"}],"author":"Autojm","twitter_card":"summary_large_image","twitter_misc":{"\u00c9crit par":"Autojm","Dur\u00e9e de lecture estim\u00e9e":"2 minutes"},"schema":{"@context":"https:\/\/schema.org","@graph":[{"@type":"Article","@id":"https:\/\/www.autojm.fr\/blog\/pick-up-5-places-soumis-au-malus-et-a-la-tvs\/#article","isPartOf":{"@id":"https:\/\/www.autojm.fr\/blog\/pick-up-5-places-soumis-au-malus-et-a-la-tvs\/"},"author":{"name":"Autojm","@id":"https:\/\/www.autojm.fr\/blog\/#\/schema\/person\/9742bc77541853e0de81fc57f947e1a0"},"headline":"Pick-up 5 places : soumis au malus et \u00e0 la TVS","datePublished":"2018-12-21T00:00:00+00:00","dateModified":"2022-12-13T09:17:04+00:00","mainEntityOfPage":{"@id":"https:\/\/www.autojm.fr\/blog\/pick-up-5-places-soumis-au-malus-et-a-la-tvs\/"},"wordCount":343,"commentCount":0,"publisher":{"@id":"https:\/\/www.autojm.fr\/blog\/#organization"},"image":{"@id":"https:\/\/www.autojm.fr\/blog\/pick-up-5-places-soumis-au-malus-et-a-la-tvs\/#primaryimage"},"thumbnailUrl":"https:\/\/www.autojm.fr\/blog\/wp-content\/uploads\/2022\/10\/463.jpg","keywords":["autojm","citroen","dacia","DS","Nissan","Opel","peugeot","renault","Volkswagen"],"articleSection":["Actualit\u00e9 Automobile"],"inLanguage":"fr-FR","potentialAction":[{"@type":"CommentAction","name":"Comment","target":["https:\/\/www.autojm.fr\/blog\/pick-up-5-places-soumis-au-malus-et-a-la-tvs\/#respond"]}]},{"@type":"WebPage","@id":"https:\/\/www.autojm.fr\/blog\/pick-up-5-places-soumis-au-malus-et-a-la-tvs\/","url":"https:\/\/www.autojm.fr\/blog\/pick-up-5-places-soumis-au-malus-et-a-la-tvs\/","name":"Pick-up 5 places : soumis au malus et \u00e0 la TVS - AutoJM Mag","isPartOf":{"@id":"https:\/\/www.autojm.fr\/blog\/#website"},"primaryImageOfPage":{"@id":"https:\/\/www.autojm.fr\/blog\/pick-up-5-places-soumis-au-malus-et-a-la-tvs\/#primaryimage"},"image":{"@id":"https:\/\/www.autojm.fr\/blog\/pick-up-5-places-soumis-au-malus-et-a-la-tvs\/#primaryimage"},"thumbnailUrl":"https:\/\/www.autojm.fr\/blog\/wp-content\/uploads\/2022\/10\/463.jpg","datePublished":"2018-12-21T00:00:00+00:00","dateModified":"2022-12-13T09:17:04+00:00","description":"D\u00e9sormais, \u00e0 compter du 1er Juillet 2019 : seuls les pick-up 5 places seront redevables du malus \u00e9cologique et de la TVS. Initialement...","breadcrumb":{"@id":"https:\/\/www.autojm.fr\/blog\/pick-up-5-places-soumis-au-malus-et-a-la-tvs\/#breadcrumb"},"inLanguage":"fr-FR","potentialAction":[{"@type":"ReadAction","target":["https:\/\/www.autojm.fr\/blog\/pick-up-5-places-soumis-au-malus-et-a-la-tvs\/"]}]},{"@type":"ImageObject","inLanguage":"fr-FR","@id":"https:\/\/www.autojm.fr\/blog\/pick-up-5-places-soumis-au-malus-et-a-la-tvs\/#primaryimage","url":"https:\/\/www.autojm.fr\/blog\/wp-content\/uploads\/2022\/10\/463.jpg","contentUrl":"https:\/\/www.autojm.fr\/blog\/wp-content\/uploads\/2022\/10\/463.jpg","width":1000,"height":750,"caption":"Malus auto"},{"@type":"BreadcrumbList","@id":"https:\/\/www.autojm.fr\/blog\/pick-up-5-places-soumis-au-malus-et-a-la-tvs\/#breadcrumb","itemListElement":[{"@type":"ListItem","position":1,"name":"Accueil","item":"https:\/\/www.autojm.fr\/blog\/"},{"@type":"ListItem","position":2,"name":"Actualit\u00e9 Automobile","item":"https:\/\/www.autojm.fr\/blog\/actualite-automobile\/"},{"@type":"ListItem","position":3,"name":"Pick-up 5 places : soumis au malus et \u00e0 la TVS"}]},{"@type":"WebSite","@id":"https:\/\/www.autojm.fr\/blog\/#website","url":"https:\/\/www.autojm.fr\/blog\/","name":"AutoJM Mag","description":"Toute l&#039;actu auto en 1 clic !","publisher":{"@id":"https:\/\/www.autojm.fr\/blog\/#organization"},"potentialAction":[{"@type":"SearchAction","target":{"@type":"EntryPoint","urlTemplate":"https:\/\/www.autojm.fr\/blog\/?s={search_term_string}"},"query-input":{"@type":"PropertyValueSpecification","valueRequired":true,"valueName":"search_term_string"}}],"inLanguage":"fr-FR"},{"@type":"Organization","@id":"https:\/\/www.autojm.fr\/blog\/#organization","name":"AutoJM Mag","url":"https:\/\/www.autojm.fr\/blog\/","logo":{"@type":"ImageObject","inLanguage":"fr-FR","@id":"https:\/\/www.autojm.fr\/blog\/#\/schema\/logo\/image\/","url":"https:\/\/www.autojm.fr\/blog\/wp-content\/uploads\/2022\/12\/cropped-AutoJMag-png.png","contentUrl":"https:\/\/www.autojm.fr\/blog\/wp-content\/uploads\/2022\/12\/cropped-AutoJMag-png.png","width":2834,"height":585,"caption":"AutoJM Mag"},"image":{"@id":"https:\/\/www.autojm.fr\/blog\/#\/schema\/logo\/image\/"},"sameAs":["https:\/\/www.facebook.com\/AutoJM25"]},{"@type":"Person","@id":"https:\/\/www.autojm.fr\/blog\/#\/schema\/person\/9742bc77541853e0de81fc57f947e1a0","name":"Autojm","image":{"@type":"ImageObject","inLanguage":"fr-FR","@id":"https:\/\/secure.gravatar.com\/avatar\/9a959d52b758fcc232fe4b6aca7bab139182573297122cce7d6f2ee0e537b418?s=96&d=mm&r=g","url":"https:\/\/secure.gravatar.com\/avatar\/9a959d52b758fcc232fe4b6aca7bab139182573297122cce7d6f2ee0e537b418?s=96&d=mm&r=g","contentUrl":"https:\/\/secure.gravatar.com\/avatar\/9a959d52b758fcc232fe4b6aca7bab139182573297122cce7d6f2ee0e537b418?s=96&d=mm&r=g","caption":"Autojm"},"sameAs":["https:\/\/www.autojm.fr\/blog"],"url":"https:\/\/www.autojm.fr\/blog\/author\/bichoi\/"}]}},"_links":{"self":[{"href":"https:\/\/www.autojm.fr\/blog\/wp-json\/wp\/v2\/posts\/3740","targetHints":{"allow":["GET"]}}],"collection":[{"href":"https:\/\/www.autojm.fr\/blog\/wp-json\/wp\/v2\/posts"}],"about":[{"href":"https:\/\/www.autojm.fr\/blog\/wp-json\/wp\/v2\/types\/post"}],"author":[{"embeddable":true,"href":"https:\/\/www.autojm.fr\/blog\/wp-json\/wp\/v2\/users\/1"}],"replies":[{"embeddable":true,"href":"https:\/\/www.autojm.fr\/blog\/wp-json\/wp\/v2\/comments?post=3740"}],"version-history":[{"count":3,"href":"https:\/\/www.autojm.fr\/blog\/wp-json\/wp\/v2\/posts\/3740\/revisions"}],"predecessor-version":[{"id":7321,"href":"https:\/\/www.autojm.fr\/blog\/wp-json\/wp\/v2\/posts\/3740\/revisions\/7321"}],"wp:featuredmedia":[{"embeddable":true,"href":"https:\/\/www.autojm.fr\/blog\/wp-json\/wp\/v2\/media\/5802"}],"wp:attachment":[{"href":"https:\/\/www.autojm.fr\/blog\/wp-json\/wp\/v2\/media?parent=3740"}],"wp:term":[{"taxonomy":"category","embeddable":true,"href":"https:\/\/www.autojm.fr\/blog\/wp-json\/wp\/v2\/categories?post=3740"},{"taxonomy":"post_tag","embeddable":true,"href":"https:\/\/www.autojm.fr\/blog\/wp-json\/wp\/v2\/tags?post=3740"}],"curies":[{"name":"wp","href":"https:\/\/api.w.org\/{rel}","templated":true}]}}