{"id":3736,"date":"2018-12-12T10:00:00","date_gmt":"2018-12-12T10:00:00","guid":{"rendered":"https:\/\/www.autojm.fr\/blog\/prime-a-la-conversion-2019-une-surprime-pour-les-foyers-les-plus-modestes\/"},"modified":"2023-04-19T12:19:20","modified_gmt":"2023-04-19T12:19:20","slug":"prime-a-la-conversion-2019-une-surprime-pour-les-foyers-les-plus-modestes","status":"publish","type":"post","link":"https:\/\/www.autojm.fr\/blog\/prime-a-la-conversion-2019-une-surprime-pour-les-foyers-les-plus-modestes\/","title":{"rendered":"Prime \u00e0 la conversion 2019 : une surprime pour les foyers les plus modestes"},"content":{"rendered":"<p><em>Reconduite en 2019 apr\u00e8s avoir chang\u00e9 de nom (anciennement \u201cPrime \u00e0 la casse\u201d), la<strong> prime \u00e0 la conversion<\/strong> veut rendre plus accessible les v\u00e9hicules les moins polluants. Cette ann\u00e9e, une <strong>super prime \u00e0 la conversion<\/strong> est disponible pour les foyers les plus modestes.<\/em><\/p>\n<h2>Quelles conditions pour profiter de la prime \u00e0 la conversion version 2019 ?<\/h2>\n<p>Les conditions et les montants de la prime \u00e0 la conversion varient en fonction du type de v\u00e9hicule dont on se \u201cd\u00e9barrasse\u201d, du type de v\u00e9hicule achet\u00e9 ainsi que des niveaux de revenus.<\/p>\n<p>Pour un<strong> foyer imposable<\/strong> :<\/p>\n<ul>\n<li>Le v\u00e9hicule <strong>d\u00e9truit<\/strong> doit \u00eatre un<strong> diesel <\/strong>immatricul\u00e9 avant 2001 ou un <strong>essence<\/strong> immatricul\u00e9 avant 1997.<\/li>\n<\/ul>\n<p>Le v\u00e9hicule <strong>achet\u00e9<\/strong> peut \u00eatre :<\/p>\n<ul>\n<li>Un v\u00e9hicule <strong>\u00e9lectrique<\/strong> ou <strong>hybride rechargeable d&rsquo;occasion<\/strong> ou un v\u00e9hicule <strong>essence Crit&rsquo;air 1<\/strong>, neuf ou d&rsquo;occasion (prime de 1000\u20ac).<\/li>\n<li>Un v\u00e9hicule<strong> \u00e9lectrique<\/strong> ou <strong>hybride rechargeable neuf<\/strong> (prime de 2500\u20ac).<\/li>\n<\/ul>\n<p>Pour un foyer<strong> non imposable<\/strong> :<\/p>\n<ul>\n<li>Le v\u00e9hicule <strong>d\u00e9truit<\/strong> doit \u00eatre un <strong>diesel <\/strong>immatricul\u00e9 avant 2006 ou <strong>essence<\/strong> immatricul\u00e9 avant 1997.<\/li>\n<\/ul>\n<p>Le v\u00e9hicule <strong>achet\u00e9<\/strong> peut \u00eatre :<\/p>\n<ul>\n<li>Un v\u00e9hicule <strong>essence\/diesel Crit&rsquo;Air 1 ou 2<\/strong>, neuf ou d&rsquo;occasion (prime de 2000\u20ac).<\/li>\n<li>Un v\u00e9hicule <strong>\u00e9lectrique<\/strong> ou<strong> hybride rechargeable<\/strong>, neuf ou d&rsquo;occasion (prime de 2500\u20ac).<\/li>\n<\/ul>\n<h2>Une prime doubl\u00e9e pour les foyers les plus modestes<\/h2>\n<p>La<a href=\"https:\/\/www.autojm.fr\/prime-a-la-casse\"> prime \u00e0 la conversion<\/a>, qui a connu une forte hausse en 2018 avec plus de 250 000 demandes, se voit aujourd&rsquo;hui doubl\u00e9e dans certains cas.<\/p>\n<p>L&rsquo;augmentation de la prime est uniquement d\u00e9di\u00e9e aux <strong>foyers non imposables<\/strong> qui ont un revenu fiscal de r\u00e9f\u00e9rence par part inf\u00e9rieur ou \u00e9gal \u00e0 6300\u20ac ou qui effectuent plus de 60 kilom\u00e8tres pour se rendre sur leur lieu de travail. Elle passe d\u00e9sormais de 2000\u20ac \u00e0 4000\u20ac pour l&rsquo;achat d&rsquo;un<strong> v\u00e9hicule thermique <\/strong>peu polluant et de 2500\u20ac \u00e0 5000\u20ac pour les v\u00e9hicules \u00e9lectriques et hybrides rechargeables. Rappelons \u00e9galement que cette ann\u00e9e, la prime pour les foyers <strong>non imposables<\/strong> souhaitant acqu\u00e9rir un v\u00e9hicule hybride s&rsquo;\u00e9l\u00e8ve \u00e0 2500\u20ac contre 2000\u20ac en 2018.<\/p>\n<p>Cette d\u00e9cision de l&rsquo;\u00e9tat, qui peine n\u00e9anmoins \u00e0 rattraper son retard dans le<strong> remboursement <\/strong>de l&rsquo;ann\u00e9e pass\u00e9e, devrait donner un r\u00e9el coup de pouce aux personnes souhaitant se procurer un v\u00e9hicule <strong>moins polluant<\/strong> et plus \u00e9conomique.<br \/>\nSelon des estimations, cette revalorisation de<a href=\"https:\/\/www.autojm.fr\/prime-a-la-casse\"> la prime de conversion<\/a> ne devrait toucher \u201cque\u201d 20% des m\u00e9nages actifs les plus modestes.<\/p>\n","protected":false},"excerpt":{"rendered":"<p>Reconduite en 2019 apr\u00e8s avoir chang\u00e9 de nom (anciennement \u201cPrime \u00e0 la casse\u201d), la prime \u00e0 la conversion veut rendre plus accessible les v\u00e9hicules les moins polluants. Cette ann\u00e9e, une super prime \u00e0 la conversion est disponible pour les foyers les plus modestes.<\/p>\n","protected":false},"author":1,"featured_media":5798,"comment_status":"open","ping_status":"open","sticky":false,"template":"","format":"standard","meta":{"_acf_changed":false,"content-type":"","footnotes":""},"categories":[5],"tags":[90,79,74,105,110,109,106,108,107,73,78,169,96],"class_list":["post-3736","post","type-post","status-publish","format-standard","has-post-thumbnail","hentry","category-actualite-automobile","tag-autojm","tag-citroen","tag-dacia","tag-ds","tag-fiat","tag-ford","tag-kia","tag-nissan","tag-opel","tag-peugeot","tag-renault","tag-toyota","tag-volkswagen"],"acf":[],"yoast_head":"<!-- This site is optimized with the Yoast SEO plugin v27.5 - https:\/\/yoast.com\/product\/yoast-seo-wordpress\/ -->\n<title>Prime \u00e0 la conversion 2019 : surprime pour les foyers modestes<\/title>\n<meta name=\"description\" content=\"Reconduite en 2019 apr\u00e8s avoir chang\u00e9 de nom (anciennement \u201cPrime \u00e0 la casse\u201d), la prime \u00e0 la conversion veut rendre plus accessible les...\" \/>\n<meta name=\"robots\" content=\"index, follow, max-snippet:-1, max-image-preview:large, max-video-preview:-1\" \/>\n<link rel=\"canonical\" href=\"https:\/\/www.autojm.fr\/blog\/prime-a-la-conversion-2019-une-surprime-pour-les-foyers-les-plus-modestes\/\" \/>\n<meta property=\"og:locale\" content=\"fr_FR\" \/>\n<meta property=\"og:type\" content=\"article\" \/>\n<meta property=\"og:title\" content=\"Prime \u00e0 la conversion 2019 : surprime pour les foyers modestes\" \/>\n<meta property=\"og:description\" content=\"Reconduite en 2019 apr\u00e8s avoir chang\u00e9 de nom (anciennement \u201cPrime \u00e0 la casse\u201d), la prime \u00e0 la conversion veut rendre plus accessible les...\" \/>\n<meta property=\"og:url\" content=\"https:\/\/www.autojm.fr\/blog\/prime-a-la-conversion-2019-une-surprime-pour-les-foyers-les-plus-modestes\/\" \/>\n<meta property=\"og:site_name\" content=\"AutoJM Mag\" \/>\n<meta property=\"article:publisher\" content=\"https:\/\/www.facebook.com\/AutoJM25\" \/>\n<meta property=\"article:published_time\" content=\"2018-12-12T10:00:00+00:00\" \/>\n<meta property=\"article:modified_time\" content=\"2023-04-19T12:19:20+00:00\" \/>\n<meta property=\"og:image\" content=\"https:\/\/www.autojm.fr\/blog\/wp-content\/uploads\/2022\/10\/459.jpg\" \/>\n\t<meta property=\"og:image:width\" content=\"550\" \/>\n\t<meta property=\"og:image:height\" content=\"320\" \/>\n\t<meta property=\"og:image:type\" content=\"image\/jpeg\" \/>\n<meta name=\"author\" content=\"Autojm\" \/>\n<meta name=\"twitter:card\" content=\"summary_large_image\" \/>\n<meta name=\"twitter:label1\" content=\"\u00c9crit par\" \/>\n\t<meta name=\"twitter:data1\" content=\"Autojm\" \/>\n\t<meta name=\"twitter:label2\" content=\"Dur\u00e9e de lecture estim\u00e9e\" \/>\n\t<meta name=\"twitter:data2\" content=\"3 minutes\" \/>\n<script type=\"application\/ld+json\" class=\"yoast-schema-graph\">{\"@context\":\"https:\\\/\\\/schema.org\",\"@graph\":[{\"@type\":\"Article\",\"@id\":\"https:\\\/\\\/www.autojm.fr\\\/blog\\\/prime-a-la-conversion-2019-une-surprime-pour-les-foyers-les-plus-modestes\\\/#article\",\"isPartOf\":{\"@id\":\"https:\\\/\\\/www.autojm.fr\\\/blog\\\/prime-a-la-conversion-2019-une-surprime-pour-les-foyers-les-plus-modestes\\\/\"},\"author\":{\"name\":\"Autojm\",\"@id\":\"https:\\\/\\\/www.autojm.fr\\\/blog\\\/#\\\/schema\\\/person\\\/9742bc77541853e0de81fc57f947e1a0\"},\"headline\":\"Prime \u00e0 la conversion 2019 : une surprime pour les foyers les plus modestes\",\"datePublished\":\"2018-12-12T10:00:00+00:00\",\"dateModified\":\"2023-04-19T12:19:20+00:00\",\"mainEntityOfPage\":{\"@id\":\"https:\\\/\\\/www.autojm.fr\\\/blog\\\/prime-a-la-conversion-2019-une-surprime-pour-les-foyers-les-plus-modestes\\\/\"},\"wordCount\":390,\"commentCount\":0,\"publisher\":{\"@id\":\"https:\\\/\\\/www.autojm.fr\\\/blog\\\/#organization\"},\"image\":{\"@id\":\"https:\\\/\\\/www.autojm.fr\\\/blog\\\/prime-a-la-conversion-2019-une-surprime-pour-les-foyers-les-plus-modestes\\\/#primaryimage\"},\"thumbnailUrl\":\"https:\\\/\\\/www.autojm.fr\\\/blog\\\/wp-content\\\/uploads\\\/2022\\\/10\\\/459.jpg\",\"keywords\":[\"autojm\",\"citroen\",\"dacia\",\"DS\",\"Fiat\",\"Ford\",\"Kia\",\"Nissan\",\"Opel\",\"peugeot\",\"renault\",\"Toyota\",\"Volkswagen\"],\"articleSection\":[\"Actualit\u00e9 Automobile\"],\"inLanguage\":\"fr-FR\",\"potentialAction\":[{\"@type\":\"CommentAction\",\"name\":\"Comment\",\"target\":[\"https:\\\/\\\/www.autojm.fr\\\/blog\\\/prime-a-la-conversion-2019-une-surprime-pour-les-foyers-les-plus-modestes\\\/#respond\"]}]},{\"@type\":\"WebPage\",\"@id\":\"https:\\\/\\\/www.autojm.fr\\\/blog\\\/prime-a-la-conversion-2019-une-surprime-pour-les-foyers-les-plus-modestes\\\/\",\"url\":\"https:\\\/\\\/www.autojm.fr\\\/blog\\\/prime-a-la-conversion-2019-une-surprime-pour-les-foyers-les-plus-modestes\\\/\",\"name\":\"Prime \u00e0 la conversion 2019 : surprime pour les foyers modestes\",\"isPartOf\":{\"@id\":\"https:\\\/\\\/www.autojm.fr\\\/blog\\\/#website\"},\"primaryImageOfPage\":{\"@id\":\"https:\\\/\\\/www.autojm.fr\\\/blog\\\/prime-a-la-conversion-2019-une-surprime-pour-les-foyers-les-plus-modestes\\\/#primaryimage\"},\"image\":{\"@id\":\"https:\\\/\\\/www.autojm.fr\\\/blog\\\/prime-a-la-conversion-2019-une-surprime-pour-les-foyers-les-plus-modestes\\\/#primaryimage\"},\"thumbnailUrl\":\"https:\\\/\\\/www.autojm.fr\\\/blog\\\/wp-content\\\/uploads\\\/2022\\\/10\\\/459.jpg\",\"datePublished\":\"2018-12-12T10:00:00+00:00\",\"dateModified\":\"2023-04-19T12:19:20+00:00\",\"description\":\"Reconduite en 2019 apr\u00e8s avoir chang\u00e9 de nom (anciennement \u201cPrime \u00e0 la casse\u201d), la prime \u00e0 la conversion veut rendre plus accessible les...\",\"breadcrumb\":{\"@id\":\"https:\\\/\\\/www.autojm.fr\\\/blog\\\/prime-a-la-conversion-2019-une-surprime-pour-les-foyers-les-plus-modestes\\\/#breadcrumb\"},\"inLanguage\":\"fr-FR\",\"potentialAction\":[{\"@type\":\"ReadAction\",\"target\":[\"https:\\\/\\\/www.autojm.fr\\\/blog\\\/prime-a-la-conversion-2019-une-surprime-pour-les-foyers-les-plus-modestes\\\/\"]}]},{\"@type\":\"ImageObject\",\"inLanguage\":\"fr-FR\",\"@id\":\"https:\\\/\\\/www.autojm.fr\\\/blog\\\/prime-a-la-conversion-2019-une-surprime-pour-les-foyers-les-plus-modestes\\\/#primaryimage\",\"url\":\"https:\\\/\\\/www.autojm.fr\\\/blog\\\/wp-content\\\/uploads\\\/2022\\\/10\\\/459.jpg\",\"contentUrl\":\"https:\\\/\\\/www.autojm.fr\\\/blog\\\/wp-content\\\/uploads\\\/2022\\\/10\\\/459.jpg\",\"width\":550,\"height\":320,\"caption\":\"Prime \u00e0 la conversion\"},{\"@type\":\"BreadcrumbList\",\"@id\":\"https:\\\/\\\/www.autojm.fr\\\/blog\\\/prime-a-la-conversion-2019-une-surprime-pour-les-foyers-les-plus-modestes\\\/#breadcrumb\",\"itemListElement\":[{\"@type\":\"ListItem\",\"position\":1,\"name\":\"Accueil\",\"item\":\"https:\\\/\\\/www.autojm.fr\\\/blog\\\/\"},{\"@type\":\"ListItem\",\"position\":2,\"name\":\"Actualit\u00e9 Automobile\",\"item\":\"https:\\\/\\\/www.autojm.fr\\\/blog\\\/actualite-automobile\\\/\"},{\"@type\":\"ListItem\",\"position\":3,\"name\":\"Prime \u00e0 la conversion 2019 : une surprime pour les foyers les plus modestes\"}]},{\"@type\":\"WebSite\",\"@id\":\"https:\\\/\\\/www.autojm.fr\\\/blog\\\/#website\",\"url\":\"https:\\\/\\\/www.autojm.fr\\\/blog\\\/\",\"name\":\"AutoJM Mag\",\"description\":\"Toute l&#039;actu auto en 1 clic !\",\"publisher\":{\"@id\":\"https:\\\/\\\/www.autojm.fr\\\/blog\\\/#organization\"},\"potentialAction\":[{\"@type\":\"SearchAction\",\"target\":{\"@type\":\"EntryPoint\",\"urlTemplate\":\"https:\\\/\\\/www.autojm.fr\\\/blog\\\/?s={search_term_string}\"},\"query-input\":{\"@type\":\"PropertyValueSpecification\",\"valueRequired\":true,\"valueName\":\"search_term_string\"}}],\"inLanguage\":\"fr-FR\"},{\"@type\":\"Organization\",\"@id\":\"https:\\\/\\\/www.autojm.fr\\\/blog\\\/#organization\",\"name\":\"AutoJM Mag\",\"url\":\"https:\\\/\\\/www.autojm.fr\\\/blog\\\/\",\"logo\":{\"@type\":\"ImageObject\",\"inLanguage\":\"fr-FR\",\"@id\":\"https:\\\/\\\/www.autojm.fr\\\/blog\\\/#\\\/schema\\\/logo\\\/image\\\/\",\"url\":\"https:\\\/\\\/www.autojm.fr\\\/blog\\\/wp-content\\\/uploads\\\/2022\\\/12\\\/cropped-AutoJMag-png.png\",\"contentUrl\":\"https:\\\/\\\/www.autojm.fr\\\/blog\\\/wp-content\\\/uploads\\\/2022\\\/12\\\/cropped-AutoJMag-png.png\",\"width\":2834,\"height\":585,\"caption\":\"AutoJM Mag\"},\"image\":{\"@id\":\"https:\\\/\\\/www.autojm.fr\\\/blog\\\/#\\\/schema\\\/logo\\\/image\\\/\"},\"sameAs\":[\"https:\\\/\\\/www.facebook.com\\\/AutoJM25\"]},{\"@type\":\"Person\",\"@id\":\"https:\\\/\\\/www.autojm.fr\\\/blog\\\/#\\\/schema\\\/person\\\/9742bc77541853e0de81fc57f947e1a0\",\"name\":\"Autojm\",\"image\":{\"@type\":\"ImageObject\",\"inLanguage\":\"fr-FR\",\"@id\":\"https:\\\/\\\/secure.gravatar.com\\\/avatar\\\/9a959d52b758fcc232fe4b6aca7bab139182573297122cce7d6f2ee0e537b418?s=96&d=mm&r=g\",\"url\":\"https:\\\/\\\/secure.gravatar.com\\\/avatar\\\/9a959d52b758fcc232fe4b6aca7bab139182573297122cce7d6f2ee0e537b418?s=96&d=mm&r=g\",\"contentUrl\":\"https:\\\/\\\/secure.gravatar.com\\\/avatar\\\/9a959d52b758fcc232fe4b6aca7bab139182573297122cce7d6f2ee0e537b418?s=96&d=mm&r=g\",\"caption\":\"Autojm\"},\"sameAs\":[\"https:\\\/\\\/www.autojm.fr\\\/blog\"],\"url\":\"https:\\\/\\\/www.autojm.fr\\\/blog\\\/author\\\/bichoi\\\/\"}]}<\/script>\n<!-- \/ Yoast SEO plugin. -->","yoast_head_json":{"title":"Prime \u00e0 la conversion 2019 : surprime pour les foyers modestes","description":"Reconduite en 2019 apr\u00e8s avoir chang\u00e9 de nom (anciennement \u201cPrime \u00e0 la casse\u201d), la prime \u00e0 la conversion veut rendre plus accessible les...","robots":{"index":"index","follow":"follow","max-snippet":"max-snippet:-1","max-image-preview":"max-image-preview:large","max-video-preview":"max-video-preview:-1"},"canonical":"https:\/\/www.autojm.fr\/blog\/prime-a-la-conversion-2019-une-surprime-pour-les-foyers-les-plus-modestes\/","og_locale":"fr_FR","og_type":"article","og_title":"Prime \u00e0 la conversion 2019 : surprime pour les foyers modestes","og_description":"Reconduite en 2019 apr\u00e8s avoir chang\u00e9 de nom (anciennement \u201cPrime \u00e0 la casse\u201d), la prime \u00e0 la conversion veut rendre plus accessible les...","og_url":"https:\/\/www.autojm.fr\/blog\/prime-a-la-conversion-2019-une-surprime-pour-les-foyers-les-plus-modestes\/","og_site_name":"AutoJM Mag","article_publisher":"https:\/\/www.facebook.com\/AutoJM25","article_published_time":"2018-12-12T10:00:00+00:00","article_modified_time":"2023-04-19T12:19:20+00:00","og_image":[{"width":550,"height":320,"url":"https:\/\/www.autojm.fr\/blog\/wp-content\/uploads\/2022\/10\/459.jpg","type":"image\/jpeg"}],"author":"Autojm","twitter_card":"summary_large_image","twitter_misc":{"\u00c9crit par":"Autojm","Dur\u00e9e de lecture estim\u00e9e":"3 minutes"},"schema":{"@context":"https:\/\/schema.org","@graph":[{"@type":"Article","@id":"https:\/\/www.autojm.fr\/blog\/prime-a-la-conversion-2019-une-surprime-pour-les-foyers-les-plus-modestes\/#article","isPartOf":{"@id":"https:\/\/www.autojm.fr\/blog\/prime-a-la-conversion-2019-une-surprime-pour-les-foyers-les-plus-modestes\/"},"author":{"name":"Autojm","@id":"https:\/\/www.autojm.fr\/blog\/#\/schema\/person\/9742bc77541853e0de81fc57f947e1a0"},"headline":"Prime \u00e0 la conversion 2019 : une surprime pour les foyers les plus modestes","datePublished":"2018-12-12T10:00:00+00:00","dateModified":"2023-04-19T12:19:20+00:00","mainEntityOfPage":{"@id":"https:\/\/www.autojm.fr\/blog\/prime-a-la-conversion-2019-une-surprime-pour-les-foyers-les-plus-modestes\/"},"wordCount":390,"commentCount":0,"publisher":{"@id":"https:\/\/www.autojm.fr\/blog\/#organization"},"image":{"@id":"https:\/\/www.autojm.fr\/blog\/prime-a-la-conversion-2019-une-surprime-pour-les-foyers-les-plus-modestes\/#primaryimage"},"thumbnailUrl":"https:\/\/www.autojm.fr\/blog\/wp-content\/uploads\/2022\/10\/459.jpg","keywords":["autojm","citroen","dacia","DS","Fiat","Ford","Kia","Nissan","Opel","peugeot","renault","Toyota","Volkswagen"],"articleSection":["Actualit\u00e9 Automobile"],"inLanguage":"fr-FR","potentialAction":[{"@type":"CommentAction","name":"Comment","target":["https:\/\/www.autojm.fr\/blog\/prime-a-la-conversion-2019-une-surprime-pour-les-foyers-les-plus-modestes\/#respond"]}]},{"@type":"WebPage","@id":"https:\/\/www.autojm.fr\/blog\/prime-a-la-conversion-2019-une-surprime-pour-les-foyers-les-plus-modestes\/","url":"https:\/\/www.autojm.fr\/blog\/prime-a-la-conversion-2019-une-surprime-pour-les-foyers-les-plus-modestes\/","name":"Prime \u00e0 la conversion 2019 : surprime pour les foyers modestes","isPartOf":{"@id":"https:\/\/www.autojm.fr\/blog\/#website"},"primaryImageOfPage":{"@id":"https:\/\/www.autojm.fr\/blog\/prime-a-la-conversion-2019-une-surprime-pour-les-foyers-les-plus-modestes\/#primaryimage"},"image":{"@id":"https:\/\/www.autojm.fr\/blog\/prime-a-la-conversion-2019-une-surprime-pour-les-foyers-les-plus-modestes\/#primaryimage"},"thumbnailUrl":"https:\/\/www.autojm.fr\/blog\/wp-content\/uploads\/2022\/10\/459.jpg","datePublished":"2018-12-12T10:00:00+00:00","dateModified":"2023-04-19T12:19:20+00:00","description":"Reconduite en 2019 apr\u00e8s avoir chang\u00e9 de nom (anciennement \u201cPrime \u00e0 la casse\u201d), la prime \u00e0 la conversion veut rendre plus accessible les...","breadcrumb":{"@id":"https:\/\/www.autojm.fr\/blog\/prime-a-la-conversion-2019-une-surprime-pour-les-foyers-les-plus-modestes\/#breadcrumb"},"inLanguage":"fr-FR","potentialAction":[{"@type":"ReadAction","target":["https:\/\/www.autojm.fr\/blog\/prime-a-la-conversion-2019-une-surprime-pour-les-foyers-les-plus-modestes\/"]}]},{"@type":"ImageObject","inLanguage":"fr-FR","@id":"https:\/\/www.autojm.fr\/blog\/prime-a-la-conversion-2019-une-surprime-pour-les-foyers-les-plus-modestes\/#primaryimage","url":"https:\/\/www.autojm.fr\/blog\/wp-content\/uploads\/2022\/10\/459.jpg","contentUrl":"https:\/\/www.autojm.fr\/blog\/wp-content\/uploads\/2022\/10\/459.jpg","width":550,"height":320,"caption":"Prime \u00e0 la conversion"},{"@type":"BreadcrumbList","@id":"https:\/\/www.autojm.fr\/blog\/prime-a-la-conversion-2019-une-surprime-pour-les-foyers-les-plus-modestes\/#breadcrumb","itemListElement":[{"@type":"ListItem","position":1,"name":"Accueil","item":"https:\/\/www.autojm.fr\/blog\/"},{"@type":"ListItem","position":2,"name":"Actualit\u00e9 Automobile","item":"https:\/\/www.autojm.fr\/blog\/actualite-automobile\/"},{"@type":"ListItem","position":3,"name":"Prime \u00e0 la conversion 2019 : une surprime pour les foyers les plus modestes"}]},{"@type":"WebSite","@id":"https:\/\/www.autojm.fr\/blog\/#website","url":"https:\/\/www.autojm.fr\/blog\/","name":"AutoJM Mag","description":"Toute l&#039;actu auto en 1 clic !","publisher":{"@id":"https:\/\/www.autojm.fr\/blog\/#organization"},"potentialAction":[{"@type":"SearchAction","target":{"@type":"EntryPoint","urlTemplate":"https:\/\/www.autojm.fr\/blog\/?s={search_term_string}"},"query-input":{"@type":"PropertyValueSpecification","valueRequired":true,"valueName":"search_term_string"}}],"inLanguage":"fr-FR"},{"@type":"Organization","@id":"https:\/\/www.autojm.fr\/blog\/#organization","name":"AutoJM Mag","url":"https:\/\/www.autojm.fr\/blog\/","logo":{"@type":"ImageObject","inLanguage":"fr-FR","@id":"https:\/\/www.autojm.fr\/blog\/#\/schema\/logo\/image\/","url":"https:\/\/www.autojm.fr\/blog\/wp-content\/uploads\/2022\/12\/cropped-AutoJMag-png.png","contentUrl":"https:\/\/www.autojm.fr\/blog\/wp-content\/uploads\/2022\/12\/cropped-AutoJMag-png.png","width":2834,"height":585,"caption":"AutoJM Mag"},"image":{"@id":"https:\/\/www.autojm.fr\/blog\/#\/schema\/logo\/image\/"},"sameAs":["https:\/\/www.facebook.com\/AutoJM25"]},{"@type":"Person","@id":"https:\/\/www.autojm.fr\/blog\/#\/schema\/person\/9742bc77541853e0de81fc57f947e1a0","name":"Autojm","image":{"@type":"ImageObject","inLanguage":"fr-FR","@id":"https:\/\/secure.gravatar.com\/avatar\/9a959d52b758fcc232fe4b6aca7bab139182573297122cce7d6f2ee0e537b418?s=96&d=mm&r=g","url":"https:\/\/secure.gravatar.com\/avatar\/9a959d52b758fcc232fe4b6aca7bab139182573297122cce7d6f2ee0e537b418?s=96&d=mm&r=g","contentUrl":"https:\/\/secure.gravatar.com\/avatar\/9a959d52b758fcc232fe4b6aca7bab139182573297122cce7d6f2ee0e537b418?s=96&d=mm&r=g","caption":"Autojm"},"sameAs":["https:\/\/www.autojm.fr\/blog"],"url":"https:\/\/www.autojm.fr\/blog\/author\/bichoi\/"}]}},"_links":{"self":[{"href":"https:\/\/www.autojm.fr\/blog\/wp-json\/wp\/v2\/posts\/3736","targetHints":{"allow":["GET"]}}],"collection":[{"href":"https:\/\/www.autojm.fr\/blog\/wp-json\/wp\/v2\/posts"}],"about":[{"href":"https:\/\/www.autojm.fr\/blog\/wp-json\/wp\/v2\/types\/post"}],"author":[{"embeddable":true,"href":"https:\/\/www.autojm.fr\/blog\/wp-json\/wp\/v2\/users\/1"}],"replies":[{"embeddable":true,"href":"https:\/\/www.autojm.fr\/blog\/wp-json\/wp\/v2\/comments?post=3736"}],"version-history":[{"count":5,"href":"https:\/\/www.autojm.fr\/blog\/wp-json\/wp\/v2\/posts\/3736\/revisions"}],"predecessor-version":[{"id":9579,"href":"https:\/\/www.autojm.fr\/blog\/wp-json\/wp\/v2\/posts\/3736\/revisions\/9579"}],"wp:featuredmedia":[{"embeddable":true,"href":"https:\/\/www.autojm.fr\/blog\/wp-json\/wp\/v2\/media\/5798"}],"wp:attachment":[{"href":"https:\/\/www.autojm.fr\/blog\/wp-json\/wp\/v2\/media?parent=3736"}],"wp:term":[{"taxonomy":"category","embeddable":true,"href":"https:\/\/www.autojm.fr\/blog\/wp-json\/wp\/v2\/categories?post=3736"},{"taxonomy":"post_tag","embeddable":true,"href":"https:\/\/www.autojm.fr\/blog\/wp-json\/wp\/v2\/tags?post=3736"}],"curies":[{"name":"wp","href":"https:\/\/api.w.org\/{rel}","templated":true}]}}