{"id":3733,"date":"2018-12-10T00:00:00","date_gmt":"2018-12-10T00:00:00","guid":{"rendered":"https:\/\/www.autojm.fr\/blog\/la-couleur-de-votre-voiture-influence-le-prix-de-votre-assurance\/"},"modified":"2023-04-19T14:51:34","modified_gmt":"2023-04-19T14:51:34","slug":"la-couleur-de-votre-voiture-influence-le-prix-de-votre-assurance","status":"publish","type":"post","link":"https:\/\/www.autojm.fr\/blog\/la-couleur-de-votre-voiture-influence-le-prix-de-votre-assurance\/","title":{"rendered":"La couleur de votre voiture influence le prix de votre assurance"},"content":{"rendered":"<h2>Ce n&rsquo;est malheureusement pas une l\u00e9gende\u2026 Les couleurs criardes peuvent faire augmenter le prix de votre assurances !<\/h2>\n<h3>Quelles sont les couleurs \u00e0 \u00e9viter ?<\/h3>\n<p>Les couleurs vives ou trop \u201ctape \u00e0 l&rsquo;oeil\u201d sont \u00e0 proscrire si vous ne souhaitez pas payer un surplus dans votre assurance automobile. Pr\u00e9f\u00e9rez des coloris neutres tel que le gris, le blanc ou le noir.<\/p>\n<h3>Pourquoi une potentielle hausse du co\u00fbt de l&rsquo;assurance ?<\/h3>\n<p>Ces \u00e9tats de faits ne d\u00e9coulent pas des assureurs mais bien des statistiques. Selon ces derni\u00e8res, les voitures aux couleurs criardes ont enregistr\u00e9es plus de sinistres que les voitures aux couleurs plus neutres. Est-ce que les conducteurs de voitures vives sont de moins bons pilotes que les conducteurs de voitures au coloris neutre ?<\/p>\n<p>N\u00e9anmoins, les assurances se fient de moins en moins \u00e0 la couleur du v\u00e9hicule et se limite \u00e0 la marque, mod\u00e8le et surtout la puissance du v\u00e9hicule.<\/p>\n<p>Renseignez-vous, il se peut que votre assureur ne fasse pas de diff\u00e9rence entre votre Peugeot 3008 blanche et votre <a href=\"https:\/\/www.autojm.fr\/mandataire-voitures-neuves-renault\">Renault Sc\u00e9nic<\/a> Rouge \ud83d\ude42<\/p>\n","protected":false},"excerpt":{"rendered":"<p>Les couleurs vives ou trop \u201ctape \u00e0 l&rsquo;oeil\u201d sont \u00e0 proscrire si vous ne souhaitez pas payer un surplus dans votre assurance automobile. Pr\u00e9f\u00e9rez des coloris neutres tel que le gris, le blanc ou le noir.<\/p>\n","protected":false},"author":1,"featured_media":5795,"comment_status":"open","ping_status":"open","sticky":false,"template":"","format":"standard","meta":{"_acf_changed":false,"content-type":"","footnotes":""},"categories":[22],"tags":[90,85,74,105,110,109,106,108,107,73,78,169,96],"class_list":["post-3733","post","type-post","status-publish","format-standard","has-post-thumbnail","hentry","category-conseils-astuces","tag-autojm","tag-citroen-2","tag-dacia","tag-ds","tag-fiat","tag-ford","tag-kia","tag-nissan","tag-opel","tag-peugeot","tag-renault","tag-toyota","tag-volkswagen"],"acf":[],"yoast_head":"<!-- This site is optimized with the Yoast SEO plugin v27.5 - https:\/\/yoast.com\/product\/yoast-seo-wordpress\/ -->\n<title>La couleur de votre voiture influence le prix de votre assurance<\/title>\n<meta name=\"description\" content=\"Les couleurs vives ou trop \u201ctape \u00e0 l&#039;oeil\u201d sont \u00e0 proscrire si vous ne souhaitez pas payer un surplus dans votre assurance automobile.\" \/>\n<meta name=\"robots\" content=\"index, follow, max-snippet:-1, max-image-preview:large, max-video-preview:-1\" \/>\n<link rel=\"canonical\" href=\"https:\/\/www.autojm.fr\/blog\/la-couleur-de-votre-voiture-influence-le-prix-de-votre-assurance\/\" \/>\n<meta property=\"og:locale\" content=\"fr_FR\" \/>\n<meta property=\"og:type\" content=\"article\" \/>\n<meta property=\"og:title\" content=\"La couleur de votre voiture influence le prix de votre assurance\" \/>\n<meta property=\"og:description\" content=\"Les couleurs vives ou trop \u201ctape \u00e0 l&#039;oeil\u201d sont \u00e0 proscrire si vous ne souhaitez pas payer un surplus dans votre assurance automobile.\" \/>\n<meta property=\"og:url\" content=\"https:\/\/www.autojm.fr\/blog\/la-couleur-de-votre-voiture-influence-le-prix-de-votre-assurance\/\" \/>\n<meta property=\"og:site_name\" content=\"AutoJM Mag\" \/>\n<meta property=\"article:publisher\" content=\"https:\/\/www.facebook.com\/AutoJM25\" \/>\n<meta property=\"article:published_time\" content=\"2018-12-10T00:00:00+00:00\" \/>\n<meta property=\"article:modified_time\" content=\"2023-04-19T14:51:34+00:00\" \/>\n<meta property=\"og:image\" content=\"https:\/\/www.autojm.fr\/blog\/wp-content\/uploads\/2022\/10\/456.jpg\" \/>\n\t<meta property=\"og:image:width\" content=\"800\" \/>\n\t<meta property=\"og:image:height\" content=\"800\" \/>\n\t<meta property=\"og:image:type\" content=\"image\/jpeg\" \/>\n<meta name=\"author\" content=\"Autojm\" \/>\n<meta name=\"twitter:card\" content=\"summary_large_image\" \/>\n<meta name=\"twitter:label1\" content=\"\u00c9crit par\" \/>\n\t<meta name=\"twitter:data1\" content=\"Autojm\" \/>\n\t<meta name=\"twitter:label2\" content=\"Dur\u00e9e de lecture estim\u00e9e\" \/>\n\t<meta name=\"twitter:data2\" content=\"1 minute\" \/>\n<script type=\"application\/ld+json\" class=\"yoast-schema-graph\">{\"@context\":\"https:\\\/\\\/schema.org\",\"@graph\":[{\"@type\":\"Article\",\"@id\":\"https:\\\/\\\/www.autojm.fr\\\/blog\\\/la-couleur-de-votre-voiture-influence-le-prix-de-votre-assurance\\\/#article\",\"isPartOf\":{\"@id\":\"https:\\\/\\\/www.autojm.fr\\\/blog\\\/la-couleur-de-votre-voiture-influence-le-prix-de-votre-assurance\\\/\"},\"author\":{\"name\":\"Autojm\",\"@id\":\"https:\\\/\\\/www.autojm.fr\\\/blog\\\/#\\\/schema\\\/person\\\/9742bc77541853e0de81fc57f947e1a0\"},\"headline\":\"La couleur de votre voiture influence le prix de votre assurance\",\"datePublished\":\"2018-12-10T00:00:00+00:00\",\"dateModified\":\"2023-04-19T14:51:34+00:00\",\"mainEntityOfPage\":{\"@id\":\"https:\\\/\\\/www.autojm.fr\\\/blog\\\/la-couleur-de-votre-voiture-influence-le-prix-de-votre-assurance\\\/\"},\"wordCount\":187,\"commentCount\":0,\"publisher\":{\"@id\":\"https:\\\/\\\/www.autojm.fr\\\/blog\\\/#organization\"},\"image\":{\"@id\":\"https:\\\/\\\/www.autojm.fr\\\/blog\\\/la-couleur-de-votre-voiture-influence-le-prix-de-votre-assurance\\\/#primaryimage\"},\"thumbnailUrl\":\"https:\\\/\\\/www.autojm.fr\\\/blog\\\/wp-content\\\/uploads\\\/2022\\\/10\\\/456.jpg\",\"keywords\":[\"autojm\",\"Citro\u00ebn\",\"dacia\",\"DS\",\"Fiat\",\"Ford\",\"Kia\",\"Nissan\",\"Opel\",\"peugeot\",\"renault\",\"Toyota\",\"Volkswagen\"],\"articleSection\":[\"Conseils &amp; Astuces\"],\"inLanguage\":\"fr-FR\",\"potentialAction\":[{\"@type\":\"CommentAction\",\"name\":\"Comment\",\"target\":[\"https:\\\/\\\/www.autojm.fr\\\/blog\\\/la-couleur-de-votre-voiture-influence-le-prix-de-votre-assurance\\\/#respond\"]}]},{\"@type\":\"WebPage\",\"@id\":\"https:\\\/\\\/www.autojm.fr\\\/blog\\\/la-couleur-de-votre-voiture-influence-le-prix-de-votre-assurance\\\/\",\"url\":\"https:\\\/\\\/www.autojm.fr\\\/blog\\\/la-couleur-de-votre-voiture-influence-le-prix-de-votre-assurance\\\/\",\"name\":\"La couleur de votre voiture influence le prix de votre assurance\",\"isPartOf\":{\"@id\":\"https:\\\/\\\/www.autojm.fr\\\/blog\\\/#website\"},\"primaryImageOfPage\":{\"@id\":\"https:\\\/\\\/www.autojm.fr\\\/blog\\\/la-couleur-de-votre-voiture-influence-le-prix-de-votre-assurance\\\/#primaryimage\"},\"image\":{\"@id\":\"https:\\\/\\\/www.autojm.fr\\\/blog\\\/la-couleur-de-votre-voiture-influence-le-prix-de-votre-assurance\\\/#primaryimage\"},\"thumbnailUrl\":\"https:\\\/\\\/www.autojm.fr\\\/blog\\\/wp-content\\\/uploads\\\/2022\\\/10\\\/456.jpg\",\"datePublished\":\"2018-12-10T00:00:00+00:00\",\"dateModified\":\"2023-04-19T14:51:34+00:00\",\"description\":\"Les couleurs vives ou trop \u201ctape \u00e0 l'oeil\u201d sont \u00e0 proscrire si vous ne souhaitez pas payer un surplus dans votre assurance automobile.\",\"breadcrumb\":{\"@id\":\"https:\\\/\\\/www.autojm.fr\\\/blog\\\/la-couleur-de-votre-voiture-influence-le-prix-de-votre-assurance\\\/#breadcrumb\"},\"inLanguage\":\"fr-FR\",\"potentialAction\":[{\"@type\":\"ReadAction\",\"target\":[\"https:\\\/\\\/www.autojm.fr\\\/blog\\\/la-couleur-de-votre-voiture-influence-le-prix-de-votre-assurance\\\/\"]}]},{\"@type\":\"ImageObject\",\"inLanguage\":\"fr-FR\",\"@id\":\"https:\\\/\\\/www.autojm.fr\\\/blog\\\/la-couleur-de-votre-voiture-influence-le-prix-de-votre-assurance\\\/#primaryimage\",\"url\":\"https:\\\/\\\/www.autojm.fr\\\/blog\\\/wp-content\\\/uploads\\\/2022\\\/10\\\/456.jpg\",\"contentUrl\":\"https:\\\/\\\/www.autojm.fr\\\/blog\\\/wp-content\\\/uploads\\\/2022\\\/10\\\/456.jpg\",\"width\":800,\"height\":800,\"caption\":\"Couleur voiture\"},{\"@type\":\"BreadcrumbList\",\"@id\":\"https:\\\/\\\/www.autojm.fr\\\/blog\\\/la-couleur-de-votre-voiture-influence-le-prix-de-votre-assurance\\\/#breadcrumb\",\"itemListElement\":[{\"@type\":\"ListItem\",\"position\":1,\"name\":\"Accueil\",\"item\":\"https:\\\/\\\/www.autojm.fr\\\/blog\\\/\"},{\"@type\":\"ListItem\",\"position\":2,\"name\":\"Conseils &amp; Astuces\",\"item\":\"https:\\\/\\\/www.autojm.fr\\\/blog\\\/conseils-astuces\\\/\"},{\"@type\":\"ListItem\",\"position\":3,\"name\":\"La couleur de votre voiture influence le prix de votre assurance\"}]},{\"@type\":\"WebSite\",\"@id\":\"https:\\\/\\\/www.autojm.fr\\\/blog\\\/#website\",\"url\":\"https:\\\/\\\/www.autojm.fr\\\/blog\\\/\",\"name\":\"AutoJM Mag\",\"description\":\"Toute l&#039;actu auto en 1 clic !\",\"publisher\":{\"@id\":\"https:\\\/\\\/www.autojm.fr\\\/blog\\\/#organization\"},\"potentialAction\":[{\"@type\":\"SearchAction\",\"target\":{\"@type\":\"EntryPoint\",\"urlTemplate\":\"https:\\\/\\\/www.autojm.fr\\\/blog\\\/?s={search_term_string}\"},\"query-input\":{\"@type\":\"PropertyValueSpecification\",\"valueRequired\":true,\"valueName\":\"search_term_string\"}}],\"inLanguage\":\"fr-FR\"},{\"@type\":\"Organization\",\"@id\":\"https:\\\/\\\/www.autojm.fr\\\/blog\\\/#organization\",\"name\":\"AutoJM Mag\",\"url\":\"https:\\\/\\\/www.autojm.fr\\\/blog\\\/\",\"logo\":{\"@type\":\"ImageObject\",\"inLanguage\":\"fr-FR\",\"@id\":\"https:\\\/\\\/www.autojm.fr\\\/blog\\\/#\\\/schema\\\/logo\\\/image\\\/\",\"url\":\"https:\\\/\\\/www.autojm.fr\\\/blog\\\/wp-content\\\/uploads\\\/2022\\\/12\\\/cropped-AutoJMag-png.png\",\"contentUrl\":\"https:\\\/\\\/www.autojm.fr\\\/blog\\\/wp-content\\\/uploads\\\/2022\\\/12\\\/cropped-AutoJMag-png.png\",\"width\":2834,\"height\":585,\"caption\":\"AutoJM Mag\"},\"image\":{\"@id\":\"https:\\\/\\\/www.autojm.fr\\\/blog\\\/#\\\/schema\\\/logo\\\/image\\\/\"},\"sameAs\":[\"https:\\\/\\\/www.facebook.com\\\/AutoJM25\"]},{\"@type\":\"Person\",\"@id\":\"https:\\\/\\\/www.autojm.fr\\\/blog\\\/#\\\/schema\\\/person\\\/9742bc77541853e0de81fc57f947e1a0\",\"name\":\"Autojm\",\"image\":{\"@type\":\"ImageObject\",\"inLanguage\":\"fr-FR\",\"@id\":\"https:\\\/\\\/secure.gravatar.com\\\/avatar\\\/9a959d52b758fcc232fe4b6aca7bab139182573297122cce7d6f2ee0e537b418?s=96&d=mm&r=g\",\"url\":\"https:\\\/\\\/secure.gravatar.com\\\/avatar\\\/9a959d52b758fcc232fe4b6aca7bab139182573297122cce7d6f2ee0e537b418?s=96&d=mm&r=g\",\"contentUrl\":\"https:\\\/\\\/secure.gravatar.com\\\/avatar\\\/9a959d52b758fcc232fe4b6aca7bab139182573297122cce7d6f2ee0e537b418?s=96&d=mm&r=g\",\"caption\":\"Autojm\"},\"sameAs\":[\"https:\\\/\\\/www.autojm.fr\\\/blog\"],\"url\":\"https:\\\/\\\/www.autojm.fr\\\/blog\\\/author\\\/bichoi\\\/\"}]}<\/script>\n<!-- \/ Yoast SEO plugin. -->","yoast_head_json":{"title":"La couleur de votre voiture influence le prix de votre assurance","description":"Les couleurs vives ou trop \u201ctape \u00e0 l'oeil\u201d sont \u00e0 proscrire si vous ne souhaitez pas payer un surplus dans votre assurance automobile.","robots":{"index":"index","follow":"follow","max-snippet":"max-snippet:-1","max-image-preview":"max-image-preview:large","max-video-preview":"max-video-preview:-1"},"canonical":"https:\/\/www.autojm.fr\/blog\/la-couleur-de-votre-voiture-influence-le-prix-de-votre-assurance\/","og_locale":"fr_FR","og_type":"article","og_title":"La couleur de votre voiture influence le prix de votre assurance","og_description":"Les couleurs vives ou trop \u201ctape \u00e0 l'oeil\u201d sont \u00e0 proscrire si vous ne souhaitez pas payer un surplus dans votre assurance automobile.","og_url":"https:\/\/www.autojm.fr\/blog\/la-couleur-de-votre-voiture-influence-le-prix-de-votre-assurance\/","og_site_name":"AutoJM Mag","article_publisher":"https:\/\/www.facebook.com\/AutoJM25","article_published_time":"2018-12-10T00:00:00+00:00","article_modified_time":"2023-04-19T14:51:34+00:00","og_image":[{"width":800,"height":800,"url":"https:\/\/www.autojm.fr\/blog\/wp-content\/uploads\/2022\/10\/456.jpg","type":"image\/jpeg"}],"author":"Autojm","twitter_card":"summary_large_image","twitter_misc":{"\u00c9crit par":"Autojm","Dur\u00e9e de lecture estim\u00e9e":"1 minute"},"schema":{"@context":"https:\/\/schema.org","@graph":[{"@type":"Article","@id":"https:\/\/www.autojm.fr\/blog\/la-couleur-de-votre-voiture-influence-le-prix-de-votre-assurance\/#article","isPartOf":{"@id":"https:\/\/www.autojm.fr\/blog\/la-couleur-de-votre-voiture-influence-le-prix-de-votre-assurance\/"},"author":{"name":"Autojm","@id":"https:\/\/www.autojm.fr\/blog\/#\/schema\/person\/9742bc77541853e0de81fc57f947e1a0"},"headline":"La couleur de votre voiture influence le prix de votre assurance","datePublished":"2018-12-10T00:00:00+00:00","dateModified":"2023-04-19T14:51:34+00:00","mainEntityOfPage":{"@id":"https:\/\/www.autojm.fr\/blog\/la-couleur-de-votre-voiture-influence-le-prix-de-votre-assurance\/"},"wordCount":187,"commentCount":0,"publisher":{"@id":"https:\/\/www.autojm.fr\/blog\/#organization"},"image":{"@id":"https:\/\/www.autojm.fr\/blog\/la-couleur-de-votre-voiture-influence-le-prix-de-votre-assurance\/#primaryimage"},"thumbnailUrl":"https:\/\/www.autojm.fr\/blog\/wp-content\/uploads\/2022\/10\/456.jpg","keywords":["autojm","Citro\u00ebn","dacia","DS","Fiat","Ford","Kia","Nissan","Opel","peugeot","renault","Toyota","Volkswagen"],"articleSection":["Conseils &amp; Astuces"],"inLanguage":"fr-FR","potentialAction":[{"@type":"CommentAction","name":"Comment","target":["https:\/\/www.autojm.fr\/blog\/la-couleur-de-votre-voiture-influence-le-prix-de-votre-assurance\/#respond"]}]},{"@type":"WebPage","@id":"https:\/\/www.autojm.fr\/blog\/la-couleur-de-votre-voiture-influence-le-prix-de-votre-assurance\/","url":"https:\/\/www.autojm.fr\/blog\/la-couleur-de-votre-voiture-influence-le-prix-de-votre-assurance\/","name":"La couleur de votre voiture influence le prix de votre assurance","isPartOf":{"@id":"https:\/\/www.autojm.fr\/blog\/#website"},"primaryImageOfPage":{"@id":"https:\/\/www.autojm.fr\/blog\/la-couleur-de-votre-voiture-influence-le-prix-de-votre-assurance\/#primaryimage"},"image":{"@id":"https:\/\/www.autojm.fr\/blog\/la-couleur-de-votre-voiture-influence-le-prix-de-votre-assurance\/#primaryimage"},"thumbnailUrl":"https:\/\/www.autojm.fr\/blog\/wp-content\/uploads\/2022\/10\/456.jpg","datePublished":"2018-12-10T00:00:00+00:00","dateModified":"2023-04-19T14:51:34+00:00","description":"Les couleurs vives ou trop \u201ctape \u00e0 l'oeil\u201d sont \u00e0 proscrire si vous ne souhaitez pas payer un surplus dans votre assurance automobile.","breadcrumb":{"@id":"https:\/\/www.autojm.fr\/blog\/la-couleur-de-votre-voiture-influence-le-prix-de-votre-assurance\/#breadcrumb"},"inLanguage":"fr-FR","potentialAction":[{"@type":"ReadAction","target":["https:\/\/www.autojm.fr\/blog\/la-couleur-de-votre-voiture-influence-le-prix-de-votre-assurance\/"]}]},{"@type":"ImageObject","inLanguage":"fr-FR","@id":"https:\/\/www.autojm.fr\/blog\/la-couleur-de-votre-voiture-influence-le-prix-de-votre-assurance\/#primaryimage","url":"https:\/\/www.autojm.fr\/blog\/wp-content\/uploads\/2022\/10\/456.jpg","contentUrl":"https:\/\/www.autojm.fr\/blog\/wp-content\/uploads\/2022\/10\/456.jpg","width":800,"height":800,"caption":"Couleur voiture"},{"@type":"BreadcrumbList","@id":"https:\/\/www.autojm.fr\/blog\/la-couleur-de-votre-voiture-influence-le-prix-de-votre-assurance\/#breadcrumb","itemListElement":[{"@type":"ListItem","position":1,"name":"Accueil","item":"https:\/\/www.autojm.fr\/blog\/"},{"@type":"ListItem","position":2,"name":"Conseils &amp; Astuces","item":"https:\/\/www.autojm.fr\/blog\/conseils-astuces\/"},{"@type":"ListItem","position":3,"name":"La couleur de votre voiture influence le prix de votre assurance"}]},{"@type":"WebSite","@id":"https:\/\/www.autojm.fr\/blog\/#website","url":"https:\/\/www.autojm.fr\/blog\/","name":"AutoJM Mag","description":"Toute l&#039;actu auto en 1 clic !","publisher":{"@id":"https:\/\/www.autojm.fr\/blog\/#organization"},"potentialAction":[{"@type":"SearchAction","target":{"@type":"EntryPoint","urlTemplate":"https:\/\/www.autojm.fr\/blog\/?s={search_term_string}"},"query-input":{"@type":"PropertyValueSpecification","valueRequired":true,"valueName":"search_term_string"}}],"inLanguage":"fr-FR"},{"@type":"Organization","@id":"https:\/\/www.autojm.fr\/blog\/#organization","name":"AutoJM Mag","url":"https:\/\/www.autojm.fr\/blog\/","logo":{"@type":"ImageObject","inLanguage":"fr-FR","@id":"https:\/\/www.autojm.fr\/blog\/#\/schema\/logo\/image\/","url":"https:\/\/www.autojm.fr\/blog\/wp-content\/uploads\/2022\/12\/cropped-AutoJMag-png.png","contentUrl":"https:\/\/www.autojm.fr\/blog\/wp-content\/uploads\/2022\/12\/cropped-AutoJMag-png.png","width":2834,"height":585,"caption":"AutoJM Mag"},"image":{"@id":"https:\/\/www.autojm.fr\/blog\/#\/schema\/logo\/image\/"},"sameAs":["https:\/\/www.facebook.com\/AutoJM25"]},{"@type":"Person","@id":"https:\/\/www.autojm.fr\/blog\/#\/schema\/person\/9742bc77541853e0de81fc57f947e1a0","name":"Autojm","image":{"@type":"ImageObject","inLanguage":"fr-FR","@id":"https:\/\/secure.gravatar.com\/avatar\/9a959d52b758fcc232fe4b6aca7bab139182573297122cce7d6f2ee0e537b418?s=96&d=mm&r=g","url":"https:\/\/secure.gravatar.com\/avatar\/9a959d52b758fcc232fe4b6aca7bab139182573297122cce7d6f2ee0e537b418?s=96&d=mm&r=g","contentUrl":"https:\/\/secure.gravatar.com\/avatar\/9a959d52b758fcc232fe4b6aca7bab139182573297122cce7d6f2ee0e537b418?s=96&d=mm&r=g","caption":"Autojm"},"sameAs":["https:\/\/www.autojm.fr\/blog"],"url":"https:\/\/www.autojm.fr\/blog\/author\/bichoi\/"}]}},"_links":{"self":[{"href":"https:\/\/www.autojm.fr\/blog\/wp-json\/wp\/v2\/posts\/3733","targetHints":{"allow":["GET"]}}],"collection":[{"href":"https:\/\/www.autojm.fr\/blog\/wp-json\/wp\/v2\/posts"}],"about":[{"href":"https:\/\/www.autojm.fr\/blog\/wp-json\/wp\/v2\/types\/post"}],"author":[{"embeddable":true,"href":"https:\/\/www.autojm.fr\/blog\/wp-json\/wp\/v2\/users\/1"}],"replies":[{"embeddable":true,"href":"https:\/\/www.autojm.fr\/blog\/wp-json\/wp\/v2\/comments?post=3733"}],"version-history":[{"count":6,"href":"https:\/\/www.autojm.fr\/blog\/wp-json\/wp\/v2\/posts\/3733\/revisions"}],"predecessor-version":[{"id":9689,"href":"https:\/\/www.autojm.fr\/blog\/wp-json\/wp\/v2\/posts\/3733\/revisions\/9689"}],"wp:featuredmedia":[{"embeddable":true,"href":"https:\/\/www.autojm.fr\/blog\/wp-json\/wp\/v2\/media\/5795"}],"wp:attachment":[{"href":"https:\/\/www.autojm.fr\/blog\/wp-json\/wp\/v2\/media?parent=3733"}],"wp:term":[{"taxonomy":"category","embeddable":true,"href":"https:\/\/www.autojm.fr\/blog\/wp-json\/wp\/v2\/categories?post=3733"},{"taxonomy":"post_tag","embeddable":true,"href":"https:\/\/www.autojm.fr\/blog\/wp-json\/wp\/v2\/tags?post=3733"}],"curies":[{"name":"wp","href":"https:\/\/api.w.org\/{rel}","templated":true}]}}