{"id":3731,"date":"2018-12-04T00:00:00","date_gmt":"2018-12-04T00:00:00","guid":{"rendered":"https:\/\/www.autojm.fr\/blog\/renault-megane-gtline-nouvelle-finition-disponible\/"},"modified":"2023-04-18T13:00:31","modified_gmt":"2023-04-18T13:00:31","slug":"renault-megane-gtline-nouvelle-finition-disponible","status":"publish","type":"post","link":"https:\/\/www.autojm.fr\/blog\/renault-megane-gtline-nouvelle-finition-disponible\/","title":{"rendered":"Renault Megane GT Line : nouvelle finition disponible !"},"content":{"rendered":"<h2>Renault propose d\u00e9sormais la finition GT Line sur la berline, Renault Megane.<\/h2>\n<p>Renault vient de l&rsquo;annoncer, la Nouvelle Megane agrandit sa gamme et propose d\u00e9sormais la finition GT Line, cette finition sportive fait son grand retour sur la berline de la marque au losange et remplace donc la finition GT qui ne r\u00e9pondait plus aux nouvelles normes d&rsquo;homologation WLTP.<\/p>\n<h3>La finition GT Line sur Megane, qu&rsquo;est-ce que c&rsquo;est ?<\/h3>\n<p>Cette finition GT Line se joue plus sportive gr\u00e2ce \u00e0 son bouclier avant ainsi que l&rsquo;arri\u00e8re sp\u00e9cifiques \u00e0 la finition GT. Cette finition sera dot\u00e9e de jantes Grand Tour Black Shadow 18 pouces, si\u00e8ges baquets Alcantara et chauffants et badges GT Line.<\/p>\n<p>Cette nouvelle finition qui est donc un mix entre la finition Intens et la finition GT est dot\u00e9e de nombreuses aides \u00e0 la conduite tel que le r\u00e9gulateur adaptatif et la d\u00e9tection d&rsquo;angles morts.<\/p>\n<p>Trois motorisations sont disponibles sur cette s\u00e9rie :1.3 TCE 140 et 160 ainsi que Blue dCi 150.<\/p>\n<p><u><strong>La finition GT Line chez AutoJM<\/strong><\/u><\/p>\n<p>La <a href=\"https:\/\/www.autojm.fr\/mandataire-voitures-neuves-renault\">Megane GT Line<\/a> est disponible \u00e0 partir de 19 790\u20ac pour la motorisation TCE 130 en boite manuelle.<\/p>\n","protected":false},"excerpt":{"rendered":"<p>Renault vient de l&rsquo;annoncer, la Nouvelle Megane agrandit sa gamme et propose d\u00e9sormais la finition GT Line, cette finition sportive fait son grand retour sur la berline de la marque au losange et remplace donc la finition GT qui ne r\u00e9pondait plus aux nouvelles normes d&rsquo;homologation WLTP.<\/p>\n","protected":false},"author":1,"featured_media":5793,"comment_status":"open","ping_status":"open","sticky":false,"template":"","format":"standard","meta":{"_acf_changed":false,"content-type":"","footnotes":""},"categories":[62,61],"tags":[90,78,141],"class_list":["post-3731","post","type-post","status-publish","format-standard","has-post-thumbnail","hentry","category-nouveaute-renault","category-nouveautes-autos","tag-autojm","tag-renault","tag-renault-megane"],"acf":[],"yoast_head":"<!-- This site is optimized with the Yoast SEO plugin v27.5 - https:\/\/yoast.com\/product\/yoast-seo-wordpress\/ -->\n<title>Renault Megane GT Line : nouvelle finition disponible ! - AutoJM Mag<\/title>\n<meta name=\"description\" content=\"Renault vient de l&#039;annoncer, la Nouvelle Megane agrandit sa gamme et propose d\u00e9sormais la finition GT Line, cette finition sportive fait...\" \/>\n<meta name=\"robots\" content=\"index, follow, max-snippet:-1, max-image-preview:large, max-video-preview:-1\" \/>\n<link rel=\"canonical\" href=\"https:\/\/www.autojm.fr\/blog\/renault-megane-gtline-nouvelle-finition-disponible\/\" \/>\n<meta property=\"og:locale\" content=\"fr_FR\" \/>\n<meta property=\"og:type\" content=\"article\" \/>\n<meta property=\"og:title\" content=\"Renault Megane GT Line : nouvelle finition disponible ! - AutoJM Mag\" \/>\n<meta property=\"og:description\" content=\"Renault vient de l&#039;annoncer, la Nouvelle Megane agrandit sa gamme et propose d\u00e9sormais la finition GT Line, cette finition sportive fait...\" \/>\n<meta property=\"og:url\" content=\"https:\/\/www.autojm.fr\/blog\/renault-megane-gtline-nouvelle-finition-disponible\/\" \/>\n<meta property=\"og:site_name\" content=\"AutoJM Mag\" \/>\n<meta property=\"article:publisher\" content=\"https:\/\/www.facebook.com\/AutoJM25\" \/>\n<meta property=\"article:published_time\" content=\"2018-12-04T00:00:00+00:00\" \/>\n<meta property=\"article:modified_time\" content=\"2023-04-18T13:00:31+00:00\" \/>\n<meta property=\"og:image\" content=\"https:\/\/www.autojm.fr\/blog\/wp-content\/uploads\/2022\/10\/454.jpg\" \/>\n\t<meta property=\"og:image:width\" content=\"705\" \/>\n\t<meta property=\"og:image:height\" content=\"529\" \/>\n\t<meta property=\"og:image:type\" content=\"image\/jpeg\" \/>\n<meta name=\"author\" content=\"Autojm\" \/>\n<meta name=\"twitter:card\" content=\"summary_large_image\" \/>\n<meta name=\"twitter:label1\" content=\"\u00c9crit par\" \/>\n\t<meta name=\"twitter:data1\" content=\"Autojm\" \/>\n\t<meta name=\"twitter:label2\" content=\"Dur\u00e9e de lecture estim\u00e9e\" \/>\n\t<meta name=\"twitter:data2\" content=\"1 minute\" \/>\n<script type=\"application\/ld+json\" class=\"yoast-schema-graph\">{\"@context\":\"https:\\\/\\\/schema.org\",\"@graph\":[{\"@type\":\"Article\",\"@id\":\"https:\\\/\\\/www.autojm.fr\\\/blog\\\/renault-megane-gtline-nouvelle-finition-disponible\\\/#article\",\"isPartOf\":{\"@id\":\"https:\\\/\\\/www.autojm.fr\\\/blog\\\/renault-megane-gtline-nouvelle-finition-disponible\\\/\"},\"author\":{\"name\":\"Autojm\",\"@id\":\"https:\\\/\\\/www.autojm.fr\\\/blog\\\/#\\\/schema\\\/person\\\/9742bc77541853e0de81fc57f947e1a0\"},\"headline\":\"Renault Megane GT Line : nouvelle finition disponible !\",\"datePublished\":\"2018-12-04T00:00:00+00:00\",\"dateModified\":\"2023-04-18T13:00:31+00:00\",\"mainEntityOfPage\":{\"@id\":\"https:\\\/\\\/www.autojm.fr\\\/blog\\\/renault-megane-gtline-nouvelle-finition-disponible\\\/\"},\"wordCount\":193,\"commentCount\":0,\"publisher\":{\"@id\":\"https:\\\/\\\/www.autojm.fr\\\/blog\\\/#organization\"},\"image\":{\"@id\":\"https:\\\/\\\/www.autojm.fr\\\/blog\\\/renault-megane-gtline-nouvelle-finition-disponible\\\/#primaryimage\"},\"thumbnailUrl\":\"https:\\\/\\\/www.autojm.fr\\\/blog\\\/wp-content\\\/uploads\\\/2022\\\/10\\\/454.jpg\",\"keywords\":[\"autojm\",\"renault\",\"Renault Megane\"],\"articleSection\":[\"Nouveaut\u00e9 Renault\",\"Nouveaut\u00e9s Autos\"],\"inLanguage\":\"fr-FR\",\"potentialAction\":[{\"@type\":\"CommentAction\",\"name\":\"Comment\",\"target\":[\"https:\\\/\\\/www.autojm.fr\\\/blog\\\/renault-megane-gtline-nouvelle-finition-disponible\\\/#respond\"]}]},{\"@type\":\"WebPage\",\"@id\":\"https:\\\/\\\/www.autojm.fr\\\/blog\\\/renault-megane-gtline-nouvelle-finition-disponible\\\/\",\"url\":\"https:\\\/\\\/www.autojm.fr\\\/blog\\\/renault-megane-gtline-nouvelle-finition-disponible\\\/\",\"name\":\"Renault Megane GT Line : nouvelle finition disponible ! - AutoJM Mag\",\"isPartOf\":{\"@id\":\"https:\\\/\\\/www.autojm.fr\\\/blog\\\/#website\"},\"primaryImageOfPage\":{\"@id\":\"https:\\\/\\\/www.autojm.fr\\\/blog\\\/renault-megane-gtline-nouvelle-finition-disponible\\\/#primaryimage\"},\"image\":{\"@id\":\"https:\\\/\\\/www.autojm.fr\\\/blog\\\/renault-megane-gtline-nouvelle-finition-disponible\\\/#primaryimage\"},\"thumbnailUrl\":\"https:\\\/\\\/www.autojm.fr\\\/blog\\\/wp-content\\\/uploads\\\/2022\\\/10\\\/454.jpg\",\"datePublished\":\"2018-12-04T00:00:00+00:00\",\"dateModified\":\"2023-04-18T13:00:31+00:00\",\"description\":\"Renault vient de l'annoncer, la Nouvelle Megane agrandit sa gamme et propose d\u00e9sormais la finition GT Line, cette finition sportive fait...\",\"breadcrumb\":{\"@id\":\"https:\\\/\\\/www.autojm.fr\\\/blog\\\/renault-megane-gtline-nouvelle-finition-disponible\\\/#breadcrumb\"},\"inLanguage\":\"fr-FR\",\"potentialAction\":[{\"@type\":\"ReadAction\",\"target\":[\"https:\\\/\\\/www.autojm.fr\\\/blog\\\/renault-megane-gtline-nouvelle-finition-disponible\\\/\"]}]},{\"@type\":\"ImageObject\",\"inLanguage\":\"fr-FR\",\"@id\":\"https:\\\/\\\/www.autojm.fr\\\/blog\\\/renault-megane-gtline-nouvelle-finition-disponible\\\/#primaryimage\",\"url\":\"https:\\\/\\\/www.autojm.fr\\\/blog\\\/wp-content\\\/uploads\\\/2022\\\/10\\\/454.jpg\",\"contentUrl\":\"https:\\\/\\\/www.autojm.fr\\\/blog\\\/wp-content\\\/uploads\\\/2022\\\/10\\\/454.jpg\",\"width\":705,\"height\":529,\"caption\":\"Renault Megane GT Line\"},{\"@type\":\"BreadcrumbList\",\"@id\":\"https:\\\/\\\/www.autojm.fr\\\/blog\\\/renault-megane-gtline-nouvelle-finition-disponible\\\/#breadcrumb\",\"itemListElement\":[{\"@type\":\"ListItem\",\"position\":1,\"name\":\"Accueil\",\"item\":\"https:\\\/\\\/www.autojm.fr\\\/blog\\\/\"},{\"@type\":\"ListItem\",\"position\":2,\"name\":\"Nouveaut\u00e9s Autos\",\"item\":\"https:\\\/\\\/www.autojm.fr\\\/blog\\\/nouveautes-autos\\\/\"},{\"@type\":\"ListItem\",\"position\":3,\"name\":\"Renault Megane GT Line : nouvelle finition disponible !\"}]},{\"@type\":\"WebSite\",\"@id\":\"https:\\\/\\\/www.autojm.fr\\\/blog\\\/#website\",\"url\":\"https:\\\/\\\/www.autojm.fr\\\/blog\\\/\",\"name\":\"AutoJM Mag\",\"description\":\"Toute l&#039;actu auto en 1 clic !\",\"publisher\":{\"@id\":\"https:\\\/\\\/www.autojm.fr\\\/blog\\\/#organization\"},\"potentialAction\":[{\"@type\":\"SearchAction\",\"target\":{\"@type\":\"EntryPoint\",\"urlTemplate\":\"https:\\\/\\\/www.autojm.fr\\\/blog\\\/?s={search_term_string}\"},\"query-input\":{\"@type\":\"PropertyValueSpecification\",\"valueRequired\":true,\"valueName\":\"search_term_string\"}}],\"inLanguage\":\"fr-FR\"},{\"@type\":\"Organization\",\"@id\":\"https:\\\/\\\/www.autojm.fr\\\/blog\\\/#organization\",\"name\":\"AutoJM Mag\",\"url\":\"https:\\\/\\\/www.autojm.fr\\\/blog\\\/\",\"logo\":{\"@type\":\"ImageObject\",\"inLanguage\":\"fr-FR\",\"@id\":\"https:\\\/\\\/www.autojm.fr\\\/blog\\\/#\\\/schema\\\/logo\\\/image\\\/\",\"url\":\"https:\\\/\\\/www.autojm.fr\\\/blog\\\/wp-content\\\/uploads\\\/2022\\\/12\\\/cropped-AutoJMag-png.png\",\"contentUrl\":\"https:\\\/\\\/www.autojm.fr\\\/blog\\\/wp-content\\\/uploads\\\/2022\\\/12\\\/cropped-AutoJMag-png.png\",\"width\":2834,\"height\":585,\"caption\":\"AutoJM Mag\"},\"image\":{\"@id\":\"https:\\\/\\\/www.autojm.fr\\\/blog\\\/#\\\/schema\\\/logo\\\/image\\\/\"},\"sameAs\":[\"https:\\\/\\\/www.facebook.com\\\/AutoJM25\"]},{\"@type\":\"Person\",\"@id\":\"https:\\\/\\\/www.autojm.fr\\\/blog\\\/#\\\/schema\\\/person\\\/9742bc77541853e0de81fc57f947e1a0\",\"name\":\"Autojm\",\"image\":{\"@type\":\"ImageObject\",\"inLanguage\":\"fr-FR\",\"@id\":\"https:\\\/\\\/secure.gravatar.com\\\/avatar\\\/9a959d52b758fcc232fe4b6aca7bab139182573297122cce7d6f2ee0e537b418?s=96&d=mm&r=g\",\"url\":\"https:\\\/\\\/secure.gravatar.com\\\/avatar\\\/9a959d52b758fcc232fe4b6aca7bab139182573297122cce7d6f2ee0e537b418?s=96&d=mm&r=g\",\"contentUrl\":\"https:\\\/\\\/secure.gravatar.com\\\/avatar\\\/9a959d52b758fcc232fe4b6aca7bab139182573297122cce7d6f2ee0e537b418?s=96&d=mm&r=g\",\"caption\":\"Autojm\"},\"sameAs\":[\"https:\\\/\\\/www.autojm.fr\\\/blog\"],\"url\":\"https:\\\/\\\/www.autojm.fr\\\/blog\\\/author\\\/bichoi\\\/\"}]}<\/script>\n<!-- \/ Yoast SEO plugin. -->","yoast_head_json":{"title":"Renault Megane GT Line : nouvelle finition disponible ! - AutoJM Mag","description":"Renault vient de l'annoncer, la Nouvelle Megane agrandit sa gamme et propose d\u00e9sormais la finition GT Line, cette finition sportive fait...","robots":{"index":"index","follow":"follow","max-snippet":"max-snippet:-1","max-image-preview":"max-image-preview:large","max-video-preview":"max-video-preview:-1"},"canonical":"https:\/\/www.autojm.fr\/blog\/renault-megane-gtline-nouvelle-finition-disponible\/","og_locale":"fr_FR","og_type":"article","og_title":"Renault Megane GT Line : nouvelle finition disponible ! - AutoJM Mag","og_description":"Renault vient de l'annoncer, la Nouvelle Megane agrandit sa gamme et propose d\u00e9sormais la finition GT Line, cette finition sportive fait...","og_url":"https:\/\/www.autojm.fr\/blog\/renault-megane-gtline-nouvelle-finition-disponible\/","og_site_name":"AutoJM Mag","article_publisher":"https:\/\/www.facebook.com\/AutoJM25","article_published_time":"2018-12-04T00:00:00+00:00","article_modified_time":"2023-04-18T13:00:31+00:00","og_image":[{"width":705,"height":529,"url":"https:\/\/www.autojm.fr\/blog\/wp-content\/uploads\/2022\/10\/454.jpg","type":"image\/jpeg"}],"author":"Autojm","twitter_card":"summary_large_image","twitter_misc":{"\u00c9crit par":"Autojm","Dur\u00e9e de lecture estim\u00e9e":"1 minute"},"schema":{"@context":"https:\/\/schema.org","@graph":[{"@type":"Article","@id":"https:\/\/www.autojm.fr\/blog\/renault-megane-gtline-nouvelle-finition-disponible\/#article","isPartOf":{"@id":"https:\/\/www.autojm.fr\/blog\/renault-megane-gtline-nouvelle-finition-disponible\/"},"author":{"name":"Autojm","@id":"https:\/\/www.autojm.fr\/blog\/#\/schema\/person\/9742bc77541853e0de81fc57f947e1a0"},"headline":"Renault Megane GT Line : nouvelle finition disponible !","datePublished":"2018-12-04T00:00:00+00:00","dateModified":"2023-04-18T13:00:31+00:00","mainEntityOfPage":{"@id":"https:\/\/www.autojm.fr\/blog\/renault-megane-gtline-nouvelle-finition-disponible\/"},"wordCount":193,"commentCount":0,"publisher":{"@id":"https:\/\/www.autojm.fr\/blog\/#organization"},"image":{"@id":"https:\/\/www.autojm.fr\/blog\/renault-megane-gtline-nouvelle-finition-disponible\/#primaryimage"},"thumbnailUrl":"https:\/\/www.autojm.fr\/blog\/wp-content\/uploads\/2022\/10\/454.jpg","keywords":["autojm","renault","Renault Megane"],"articleSection":["Nouveaut\u00e9 Renault","Nouveaut\u00e9s Autos"],"inLanguage":"fr-FR","potentialAction":[{"@type":"CommentAction","name":"Comment","target":["https:\/\/www.autojm.fr\/blog\/renault-megane-gtline-nouvelle-finition-disponible\/#respond"]}]},{"@type":"WebPage","@id":"https:\/\/www.autojm.fr\/blog\/renault-megane-gtline-nouvelle-finition-disponible\/","url":"https:\/\/www.autojm.fr\/blog\/renault-megane-gtline-nouvelle-finition-disponible\/","name":"Renault Megane GT Line : nouvelle finition disponible ! - AutoJM Mag","isPartOf":{"@id":"https:\/\/www.autojm.fr\/blog\/#website"},"primaryImageOfPage":{"@id":"https:\/\/www.autojm.fr\/blog\/renault-megane-gtline-nouvelle-finition-disponible\/#primaryimage"},"image":{"@id":"https:\/\/www.autojm.fr\/blog\/renault-megane-gtline-nouvelle-finition-disponible\/#primaryimage"},"thumbnailUrl":"https:\/\/www.autojm.fr\/blog\/wp-content\/uploads\/2022\/10\/454.jpg","datePublished":"2018-12-04T00:00:00+00:00","dateModified":"2023-04-18T13:00:31+00:00","description":"Renault vient de l'annoncer, la Nouvelle Megane agrandit sa gamme et propose d\u00e9sormais la finition GT Line, cette finition sportive fait...","breadcrumb":{"@id":"https:\/\/www.autojm.fr\/blog\/renault-megane-gtline-nouvelle-finition-disponible\/#breadcrumb"},"inLanguage":"fr-FR","potentialAction":[{"@type":"ReadAction","target":["https:\/\/www.autojm.fr\/blog\/renault-megane-gtline-nouvelle-finition-disponible\/"]}]},{"@type":"ImageObject","inLanguage":"fr-FR","@id":"https:\/\/www.autojm.fr\/blog\/renault-megane-gtline-nouvelle-finition-disponible\/#primaryimage","url":"https:\/\/www.autojm.fr\/blog\/wp-content\/uploads\/2022\/10\/454.jpg","contentUrl":"https:\/\/www.autojm.fr\/blog\/wp-content\/uploads\/2022\/10\/454.jpg","width":705,"height":529,"caption":"Renault Megane GT Line"},{"@type":"BreadcrumbList","@id":"https:\/\/www.autojm.fr\/blog\/renault-megane-gtline-nouvelle-finition-disponible\/#breadcrumb","itemListElement":[{"@type":"ListItem","position":1,"name":"Accueil","item":"https:\/\/www.autojm.fr\/blog\/"},{"@type":"ListItem","position":2,"name":"Nouveaut\u00e9s Autos","item":"https:\/\/www.autojm.fr\/blog\/nouveautes-autos\/"},{"@type":"ListItem","position":3,"name":"Renault Megane GT Line : nouvelle finition disponible !"}]},{"@type":"WebSite","@id":"https:\/\/www.autojm.fr\/blog\/#website","url":"https:\/\/www.autojm.fr\/blog\/","name":"AutoJM Mag","description":"Toute l&#039;actu auto en 1 clic !","publisher":{"@id":"https:\/\/www.autojm.fr\/blog\/#organization"},"potentialAction":[{"@type":"SearchAction","target":{"@type":"EntryPoint","urlTemplate":"https:\/\/www.autojm.fr\/blog\/?s={search_term_string}"},"query-input":{"@type":"PropertyValueSpecification","valueRequired":true,"valueName":"search_term_string"}}],"inLanguage":"fr-FR"},{"@type":"Organization","@id":"https:\/\/www.autojm.fr\/blog\/#organization","name":"AutoJM Mag","url":"https:\/\/www.autojm.fr\/blog\/","logo":{"@type":"ImageObject","inLanguage":"fr-FR","@id":"https:\/\/www.autojm.fr\/blog\/#\/schema\/logo\/image\/","url":"https:\/\/www.autojm.fr\/blog\/wp-content\/uploads\/2022\/12\/cropped-AutoJMag-png.png","contentUrl":"https:\/\/www.autojm.fr\/blog\/wp-content\/uploads\/2022\/12\/cropped-AutoJMag-png.png","width":2834,"height":585,"caption":"AutoJM Mag"},"image":{"@id":"https:\/\/www.autojm.fr\/blog\/#\/schema\/logo\/image\/"},"sameAs":["https:\/\/www.facebook.com\/AutoJM25"]},{"@type":"Person","@id":"https:\/\/www.autojm.fr\/blog\/#\/schema\/person\/9742bc77541853e0de81fc57f947e1a0","name":"Autojm","image":{"@type":"ImageObject","inLanguage":"fr-FR","@id":"https:\/\/secure.gravatar.com\/avatar\/9a959d52b758fcc232fe4b6aca7bab139182573297122cce7d6f2ee0e537b418?s=96&d=mm&r=g","url":"https:\/\/secure.gravatar.com\/avatar\/9a959d52b758fcc232fe4b6aca7bab139182573297122cce7d6f2ee0e537b418?s=96&d=mm&r=g","contentUrl":"https:\/\/secure.gravatar.com\/avatar\/9a959d52b758fcc232fe4b6aca7bab139182573297122cce7d6f2ee0e537b418?s=96&d=mm&r=g","caption":"Autojm"},"sameAs":["https:\/\/www.autojm.fr\/blog"],"url":"https:\/\/www.autojm.fr\/blog\/author\/bichoi\/"}]}},"_links":{"self":[{"href":"https:\/\/www.autojm.fr\/blog\/wp-json\/wp\/v2\/posts\/3731","targetHints":{"allow":["GET"]}}],"collection":[{"href":"https:\/\/www.autojm.fr\/blog\/wp-json\/wp\/v2\/posts"}],"about":[{"href":"https:\/\/www.autojm.fr\/blog\/wp-json\/wp\/v2\/types\/post"}],"author":[{"embeddable":true,"href":"https:\/\/www.autojm.fr\/blog\/wp-json\/wp\/v2\/users\/1"}],"replies":[{"embeddable":true,"href":"https:\/\/www.autojm.fr\/blog\/wp-json\/wp\/v2\/comments?post=3731"}],"version-history":[{"count":5,"href":"https:\/\/www.autojm.fr\/blog\/wp-json\/wp\/v2\/posts\/3731\/revisions"}],"predecessor-version":[{"id":9309,"href":"https:\/\/www.autojm.fr\/blog\/wp-json\/wp\/v2\/posts\/3731\/revisions\/9309"}],"wp:featuredmedia":[{"embeddable":true,"href":"https:\/\/www.autojm.fr\/blog\/wp-json\/wp\/v2\/media\/5793"}],"wp:attachment":[{"href":"https:\/\/www.autojm.fr\/blog\/wp-json\/wp\/v2\/media?parent=3731"}],"wp:term":[{"taxonomy":"category","embeddable":true,"href":"https:\/\/www.autojm.fr\/blog\/wp-json\/wp\/v2\/categories?post=3731"},{"taxonomy":"post_tag","embeddable":true,"href":"https:\/\/www.autojm.fr\/blog\/wp-json\/wp\/v2\/tags?post=3731"}],"curies":[{"name":"wp","href":"https:\/\/api.w.org\/{rel}","templated":true}]}}