{"id":3727,"date":"2018-11-23T00:00:00","date_gmt":"2018-11-23T00:00:00","guid":{"rendered":"https:\/\/www.autojm.fr\/blog\/renault-clio-5-la-n1-des-citadines-en-france-soffre-un-rafraichissement\/"},"modified":"2023-04-18T13:17:27","modified_gmt":"2023-04-18T13:17:27","slug":"renault-clio-5-la-n1-des-citadines-en-france-soffre-un-rafraichissement","status":"publish","type":"post","link":"https:\/\/www.autojm.fr\/blog\/renault-clio-5-la-n1-des-citadines-en-france-soffre-un-rafraichissement\/","title":{"rendered":"Renault Clio 5 : la N\u00b01 des citadines en France s\u2019offre un rafra\u00eechissement !"},"content":{"rendered":"<p><em>C&rsquo;est tomb\u00e9, Renault pr\u00e9sentera la nouvelle mouture de sa l\u00e9gendaire Clio lors du prochain salon de l&rsquo;automobile de Gen\u00e8ve, en mars 2019. C&rsquo;est d&rsquo;ailleurs \u00e0 cette occasion que Peugeot d\u00e9voilera \u00e9galement sa principale concurrente, la Peugeot 208 2019 restyl\u00e9e.<\/em><\/p>\n<h2><span style=\"font-family: Ubuntu, sans-serif; font-size: 1.25em;\">Un changement discret \u2026<\/span><\/h2>\n<p>D&rsquo;apr\u00e8s les derni\u00e8res r\u00e9v\u00e9lations de Renault, la nouvelle g\u00e9n\u00e9ration de la citadine conna\u00eetra de tr\u00e8s l\u00e9g\u00e8res modifications physiques avec la calandre arbor\u00e9e sur les derniers v\u00e9hicules de la marque.<\/p>\n<h2>Mais plus haut de gamme \u2026<\/h2>\n<p>Au niveau de l&rsquo;habitacle, les mat\u00e9riaux utilis\u00e9s devraient \u00eatre plus haut de gamme et les plastiques durs devraient laisser place \u00e0 des mat\u00e9riaux plus \u201cdoux\u201d.<\/p>\n<h2>100% \u00e9lectrique ou hybride ?<\/h2>\n<p>Automoto rapporte que Renault proposera un mod\u00e8le hybride contrairement \u00e0 la nouvelle citadine de la marque du lion, qui elle , sera en 100% \u00e9lectrique. Il semblerait que le co\u00fbt de revente qui ne peut, par le march\u00e9 actuel, d\u00e9passer les 20 000\u20ac.<br \/>\nDe ce fait, et afin qu&rsquo;elle reste toujours num\u00e9ro 1 des ventes, Renault jouera la carte de la prudence et proposera un moteur Hybride de 128 chevaux sur un moteur de 1,6l et une batterie de 1.2kWh.<\/p>\n<p>Cette derni\u00e8re devrait donc permettre \u00e0 ses usagers de r\u00e9aliser une \u00e9conomie d&rsquo;environ 40% sur le carburant.<\/p>\n<p>Renault promet donc, \u00e0 travers la <a href=\"https:\/\/www.autojm.fr\/mandataire-voitures-neuves-renault\">nouvelle Clio 2019<\/a>, de proposer un v\u00e9hicule plus haut de gamme pour un tarif avoisinant les 20 000\u20ac.<\/p>\n","protected":false},"excerpt":{"rendered":"<p>C&rsquo;est tomb\u00e9, Renault pr\u00e9sentera la nouvelle mouture de sa l\u00e9gendaire Clio lors du prochain salon de l&rsquo;automobile de Gen\u00e8ve, en mars 2019. C&rsquo;est d&rsquo;ailleurs \u00e0 cette occasion que Peugeot d\u00e9voilera \u00e9galement sa principale concurrente, la Peugeot 208 2019 restyl\u00e9e.<\/p>\n","protected":false},"author":1,"featured_media":5789,"comment_status":"open","ping_status":"open","sticky":false,"template":"","format":"standard","meta":{"_acf_changed":false,"content-type":"","footnotes":""},"categories":[62,61],"tags":[90,78,140],"class_list":["post-3727","post","type-post","status-publish","format-standard","has-post-thumbnail","hentry","category-nouveaute-renault","category-nouveautes-autos","tag-autojm","tag-renault","tag-renault-clio-5"],"acf":[],"yoast_head":"<!-- This site is optimized with the Yoast SEO plugin v27.5 - https:\/\/yoast.com\/product\/yoast-seo-wordpress\/ -->\n<title>Renault Clio 5 : rafraichissement pour la N\u00b01 des citadines<\/title>\n<meta name=\"description\" content=\"C&#039;est tomb\u00e9, Renault pr\u00e9sentera la nouvelle mouture de sa l\u00e9gendaire Clio lors du prochain salon de l&#039;automobile de Gen\u00e8ve, en mars 2019.\" \/>\n<meta name=\"robots\" content=\"index, follow, max-snippet:-1, max-image-preview:large, max-video-preview:-1\" \/>\n<link rel=\"canonical\" href=\"https:\/\/www.autojm.fr\/blog\/renault-clio-5-la-n1-des-citadines-en-france-soffre-un-rafraichissement\/\" \/>\n<meta property=\"og:locale\" content=\"fr_FR\" \/>\n<meta property=\"og:type\" content=\"article\" \/>\n<meta property=\"og:title\" content=\"Renault Clio 5 : rafraichissement pour la N\u00b01 des citadines\" \/>\n<meta property=\"og:description\" content=\"C&#039;est tomb\u00e9, Renault pr\u00e9sentera la nouvelle mouture de sa l\u00e9gendaire Clio lors du prochain salon de l&#039;automobile de Gen\u00e8ve, en mars 2019.\" \/>\n<meta property=\"og:url\" content=\"https:\/\/www.autojm.fr\/blog\/renault-clio-5-la-n1-des-citadines-en-france-soffre-un-rafraichissement\/\" \/>\n<meta property=\"og:site_name\" content=\"AutoJM Mag\" \/>\n<meta property=\"article:publisher\" content=\"https:\/\/www.facebook.com\/AutoJM25\" \/>\n<meta property=\"article:published_time\" content=\"2018-11-23T00:00:00+00:00\" \/>\n<meta property=\"article:modified_time\" content=\"2023-04-18T13:17:27+00:00\" \/>\n<meta property=\"og:image\" content=\"https:\/\/www.autojm.fr\/blog\/wp-content\/uploads\/2022\/10\/450.jpg\" \/>\n\t<meta property=\"og:image:width\" content=\"750\" \/>\n\t<meta property=\"og:image:height\" content=\"410\" \/>\n\t<meta property=\"og:image:type\" content=\"image\/jpeg\" \/>\n<meta name=\"author\" content=\"Autojm\" \/>\n<meta name=\"twitter:card\" content=\"summary_large_image\" \/>\n<meta name=\"twitter:label1\" content=\"\u00c9crit par\" \/>\n\t<meta name=\"twitter:data1\" content=\"Autojm\" \/>\n\t<meta name=\"twitter:label2\" content=\"Dur\u00e9e de lecture estim\u00e9e\" \/>\n\t<meta name=\"twitter:data2\" content=\"2 minutes\" \/>\n<script type=\"application\/ld+json\" class=\"yoast-schema-graph\">{\"@context\":\"https:\\\/\\\/schema.org\",\"@graph\":[{\"@type\":\"Article\",\"@id\":\"https:\\\/\\\/www.autojm.fr\\\/blog\\\/renault-clio-5-la-n1-des-citadines-en-france-soffre-un-rafraichissement\\\/#article\",\"isPartOf\":{\"@id\":\"https:\\\/\\\/www.autojm.fr\\\/blog\\\/renault-clio-5-la-n1-des-citadines-en-france-soffre-un-rafraichissement\\\/\"},\"author\":{\"name\":\"Autojm\",\"@id\":\"https:\\\/\\\/www.autojm.fr\\\/blog\\\/#\\\/schema\\\/person\\\/9742bc77541853e0de81fc57f947e1a0\"},\"headline\":\"Renault Clio 5 : la N\u00b01 des citadines en France s\u2019offre un rafra\u00eechissement !\",\"datePublished\":\"2018-11-23T00:00:00+00:00\",\"dateModified\":\"2023-04-18T13:17:27+00:00\",\"mainEntityOfPage\":{\"@id\":\"https:\\\/\\\/www.autojm.fr\\\/blog\\\/renault-clio-5-la-n1-des-citadines-en-france-soffre-un-rafraichissement\\\/\"},\"wordCount\":247,\"commentCount\":0,\"publisher\":{\"@id\":\"https:\\\/\\\/www.autojm.fr\\\/blog\\\/#organization\"},\"image\":{\"@id\":\"https:\\\/\\\/www.autojm.fr\\\/blog\\\/renault-clio-5-la-n1-des-citadines-en-france-soffre-un-rafraichissement\\\/#primaryimage\"},\"thumbnailUrl\":\"https:\\\/\\\/www.autojm.fr\\\/blog\\\/wp-content\\\/uploads\\\/2022\\\/10\\\/450.jpg\",\"keywords\":[\"autojm\",\"renault\",\"Renault Clio 5\"],\"articleSection\":[\"Nouveaut\u00e9 Renault\",\"Nouveaut\u00e9s Autos\"],\"inLanguage\":\"fr-FR\",\"potentialAction\":[{\"@type\":\"CommentAction\",\"name\":\"Comment\",\"target\":[\"https:\\\/\\\/www.autojm.fr\\\/blog\\\/renault-clio-5-la-n1-des-citadines-en-france-soffre-un-rafraichissement\\\/#respond\"]}]},{\"@type\":\"WebPage\",\"@id\":\"https:\\\/\\\/www.autojm.fr\\\/blog\\\/renault-clio-5-la-n1-des-citadines-en-france-soffre-un-rafraichissement\\\/\",\"url\":\"https:\\\/\\\/www.autojm.fr\\\/blog\\\/renault-clio-5-la-n1-des-citadines-en-france-soffre-un-rafraichissement\\\/\",\"name\":\"Renault Clio 5 : rafraichissement pour la N\u00b01 des citadines\",\"isPartOf\":{\"@id\":\"https:\\\/\\\/www.autojm.fr\\\/blog\\\/#website\"},\"primaryImageOfPage\":{\"@id\":\"https:\\\/\\\/www.autojm.fr\\\/blog\\\/renault-clio-5-la-n1-des-citadines-en-france-soffre-un-rafraichissement\\\/#primaryimage\"},\"image\":{\"@id\":\"https:\\\/\\\/www.autojm.fr\\\/blog\\\/renault-clio-5-la-n1-des-citadines-en-france-soffre-un-rafraichissement\\\/#primaryimage\"},\"thumbnailUrl\":\"https:\\\/\\\/www.autojm.fr\\\/blog\\\/wp-content\\\/uploads\\\/2022\\\/10\\\/450.jpg\",\"datePublished\":\"2018-11-23T00:00:00+00:00\",\"dateModified\":\"2023-04-18T13:17:27+00:00\",\"description\":\"C'est tomb\u00e9, Renault pr\u00e9sentera la nouvelle mouture de sa l\u00e9gendaire Clio lors du prochain salon de l'automobile de Gen\u00e8ve, en mars 2019.\",\"breadcrumb\":{\"@id\":\"https:\\\/\\\/www.autojm.fr\\\/blog\\\/renault-clio-5-la-n1-des-citadines-en-france-soffre-un-rafraichissement\\\/#breadcrumb\"},\"inLanguage\":\"fr-FR\",\"potentialAction\":[{\"@type\":\"ReadAction\",\"target\":[\"https:\\\/\\\/www.autojm.fr\\\/blog\\\/renault-clio-5-la-n1-des-citadines-en-france-soffre-un-rafraichissement\\\/\"]}]},{\"@type\":\"ImageObject\",\"inLanguage\":\"fr-FR\",\"@id\":\"https:\\\/\\\/www.autojm.fr\\\/blog\\\/renault-clio-5-la-n1-des-citadines-en-france-soffre-un-rafraichissement\\\/#primaryimage\",\"url\":\"https:\\\/\\\/www.autojm.fr\\\/blog\\\/wp-content\\\/uploads\\\/2022\\\/10\\\/450.jpg\",\"contentUrl\":\"https:\\\/\\\/www.autojm.fr\\\/blog\\\/wp-content\\\/uploads\\\/2022\\\/10\\\/450.jpg\",\"width\":750,\"height\":410,\"caption\":\"Renault Clio 5\"},{\"@type\":\"BreadcrumbList\",\"@id\":\"https:\\\/\\\/www.autojm.fr\\\/blog\\\/renault-clio-5-la-n1-des-citadines-en-france-soffre-un-rafraichissement\\\/#breadcrumb\",\"itemListElement\":[{\"@type\":\"ListItem\",\"position\":1,\"name\":\"Accueil\",\"item\":\"https:\\\/\\\/www.autojm.fr\\\/blog\\\/\"},{\"@type\":\"ListItem\",\"position\":2,\"name\":\"Nouveaut\u00e9s Autos\",\"item\":\"https:\\\/\\\/www.autojm.fr\\\/blog\\\/nouveautes-autos\\\/\"},{\"@type\":\"ListItem\",\"position\":3,\"name\":\"Renault Clio 5 : la N\u00b01 des citadines en France s\u2019offre un rafra\u00eechissement !\"}]},{\"@type\":\"WebSite\",\"@id\":\"https:\\\/\\\/www.autojm.fr\\\/blog\\\/#website\",\"url\":\"https:\\\/\\\/www.autojm.fr\\\/blog\\\/\",\"name\":\"AutoJM Mag\",\"description\":\"Toute l&#039;actu auto en 1 clic !\",\"publisher\":{\"@id\":\"https:\\\/\\\/www.autojm.fr\\\/blog\\\/#organization\"},\"potentialAction\":[{\"@type\":\"SearchAction\",\"target\":{\"@type\":\"EntryPoint\",\"urlTemplate\":\"https:\\\/\\\/www.autojm.fr\\\/blog\\\/?s={search_term_string}\"},\"query-input\":{\"@type\":\"PropertyValueSpecification\",\"valueRequired\":true,\"valueName\":\"search_term_string\"}}],\"inLanguage\":\"fr-FR\"},{\"@type\":\"Organization\",\"@id\":\"https:\\\/\\\/www.autojm.fr\\\/blog\\\/#organization\",\"name\":\"AutoJM Mag\",\"url\":\"https:\\\/\\\/www.autojm.fr\\\/blog\\\/\",\"logo\":{\"@type\":\"ImageObject\",\"inLanguage\":\"fr-FR\",\"@id\":\"https:\\\/\\\/www.autojm.fr\\\/blog\\\/#\\\/schema\\\/logo\\\/image\\\/\",\"url\":\"https:\\\/\\\/www.autojm.fr\\\/blog\\\/wp-content\\\/uploads\\\/2022\\\/12\\\/cropped-AutoJMag-png.png\",\"contentUrl\":\"https:\\\/\\\/www.autojm.fr\\\/blog\\\/wp-content\\\/uploads\\\/2022\\\/12\\\/cropped-AutoJMag-png.png\",\"width\":2834,\"height\":585,\"caption\":\"AutoJM Mag\"},\"image\":{\"@id\":\"https:\\\/\\\/www.autojm.fr\\\/blog\\\/#\\\/schema\\\/logo\\\/image\\\/\"},\"sameAs\":[\"https:\\\/\\\/www.facebook.com\\\/AutoJM25\"]},{\"@type\":\"Person\",\"@id\":\"https:\\\/\\\/www.autojm.fr\\\/blog\\\/#\\\/schema\\\/person\\\/9742bc77541853e0de81fc57f947e1a0\",\"name\":\"Autojm\",\"image\":{\"@type\":\"ImageObject\",\"inLanguage\":\"fr-FR\",\"@id\":\"https:\\\/\\\/secure.gravatar.com\\\/avatar\\\/9a959d52b758fcc232fe4b6aca7bab139182573297122cce7d6f2ee0e537b418?s=96&d=mm&r=g\",\"url\":\"https:\\\/\\\/secure.gravatar.com\\\/avatar\\\/9a959d52b758fcc232fe4b6aca7bab139182573297122cce7d6f2ee0e537b418?s=96&d=mm&r=g\",\"contentUrl\":\"https:\\\/\\\/secure.gravatar.com\\\/avatar\\\/9a959d52b758fcc232fe4b6aca7bab139182573297122cce7d6f2ee0e537b418?s=96&d=mm&r=g\",\"caption\":\"Autojm\"},\"sameAs\":[\"https:\\\/\\\/www.autojm.fr\\\/blog\"],\"url\":\"https:\\\/\\\/www.autojm.fr\\\/blog\\\/author\\\/bichoi\\\/\"}]}<\/script>\n<!-- \/ Yoast SEO plugin. -->","yoast_head_json":{"title":"Renault Clio 5 : rafraichissement pour la N\u00b01 des citadines","description":"C'est tomb\u00e9, Renault pr\u00e9sentera la nouvelle mouture de sa l\u00e9gendaire Clio lors du prochain salon de l'automobile de Gen\u00e8ve, en mars 2019.","robots":{"index":"index","follow":"follow","max-snippet":"max-snippet:-1","max-image-preview":"max-image-preview:large","max-video-preview":"max-video-preview:-1"},"canonical":"https:\/\/www.autojm.fr\/blog\/renault-clio-5-la-n1-des-citadines-en-france-soffre-un-rafraichissement\/","og_locale":"fr_FR","og_type":"article","og_title":"Renault Clio 5 : rafraichissement pour la N\u00b01 des citadines","og_description":"C'est tomb\u00e9, Renault pr\u00e9sentera la nouvelle mouture de sa l\u00e9gendaire Clio lors du prochain salon de l'automobile de Gen\u00e8ve, en mars 2019.","og_url":"https:\/\/www.autojm.fr\/blog\/renault-clio-5-la-n1-des-citadines-en-france-soffre-un-rafraichissement\/","og_site_name":"AutoJM Mag","article_publisher":"https:\/\/www.facebook.com\/AutoJM25","article_published_time":"2018-11-23T00:00:00+00:00","article_modified_time":"2023-04-18T13:17:27+00:00","og_image":[{"width":750,"height":410,"url":"https:\/\/www.autojm.fr\/blog\/wp-content\/uploads\/2022\/10\/450.jpg","type":"image\/jpeg"}],"author":"Autojm","twitter_card":"summary_large_image","twitter_misc":{"\u00c9crit par":"Autojm","Dur\u00e9e de lecture estim\u00e9e":"2 minutes"},"schema":{"@context":"https:\/\/schema.org","@graph":[{"@type":"Article","@id":"https:\/\/www.autojm.fr\/blog\/renault-clio-5-la-n1-des-citadines-en-france-soffre-un-rafraichissement\/#article","isPartOf":{"@id":"https:\/\/www.autojm.fr\/blog\/renault-clio-5-la-n1-des-citadines-en-france-soffre-un-rafraichissement\/"},"author":{"name":"Autojm","@id":"https:\/\/www.autojm.fr\/blog\/#\/schema\/person\/9742bc77541853e0de81fc57f947e1a0"},"headline":"Renault Clio 5 : la N\u00b01 des citadines en France s\u2019offre un rafra\u00eechissement !","datePublished":"2018-11-23T00:00:00+00:00","dateModified":"2023-04-18T13:17:27+00:00","mainEntityOfPage":{"@id":"https:\/\/www.autojm.fr\/blog\/renault-clio-5-la-n1-des-citadines-en-france-soffre-un-rafraichissement\/"},"wordCount":247,"commentCount":0,"publisher":{"@id":"https:\/\/www.autojm.fr\/blog\/#organization"},"image":{"@id":"https:\/\/www.autojm.fr\/blog\/renault-clio-5-la-n1-des-citadines-en-france-soffre-un-rafraichissement\/#primaryimage"},"thumbnailUrl":"https:\/\/www.autojm.fr\/blog\/wp-content\/uploads\/2022\/10\/450.jpg","keywords":["autojm","renault","Renault Clio 5"],"articleSection":["Nouveaut\u00e9 Renault","Nouveaut\u00e9s Autos"],"inLanguage":"fr-FR","potentialAction":[{"@type":"CommentAction","name":"Comment","target":["https:\/\/www.autojm.fr\/blog\/renault-clio-5-la-n1-des-citadines-en-france-soffre-un-rafraichissement\/#respond"]}]},{"@type":"WebPage","@id":"https:\/\/www.autojm.fr\/blog\/renault-clio-5-la-n1-des-citadines-en-france-soffre-un-rafraichissement\/","url":"https:\/\/www.autojm.fr\/blog\/renault-clio-5-la-n1-des-citadines-en-france-soffre-un-rafraichissement\/","name":"Renault Clio 5 : rafraichissement pour la N\u00b01 des citadines","isPartOf":{"@id":"https:\/\/www.autojm.fr\/blog\/#website"},"primaryImageOfPage":{"@id":"https:\/\/www.autojm.fr\/blog\/renault-clio-5-la-n1-des-citadines-en-france-soffre-un-rafraichissement\/#primaryimage"},"image":{"@id":"https:\/\/www.autojm.fr\/blog\/renault-clio-5-la-n1-des-citadines-en-france-soffre-un-rafraichissement\/#primaryimage"},"thumbnailUrl":"https:\/\/www.autojm.fr\/blog\/wp-content\/uploads\/2022\/10\/450.jpg","datePublished":"2018-11-23T00:00:00+00:00","dateModified":"2023-04-18T13:17:27+00:00","description":"C'est tomb\u00e9, Renault pr\u00e9sentera la nouvelle mouture de sa l\u00e9gendaire Clio lors du prochain salon de l'automobile de Gen\u00e8ve, en mars 2019.","breadcrumb":{"@id":"https:\/\/www.autojm.fr\/blog\/renault-clio-5-la-n1-des-citadines-en-france-soffre-un-rafraichissement\/#breadcrumb"},"inLanguage":"fr-FR","potentialAction":[{"@type":"ReadAction","target":["https:\/\/www.autojm.fr\/blog\/renault-clio-5-la-n1-des-citadines-en-france-soffre-un-rafraichissement\/"]}]},{"@type":"ImageObject","inLanguage":"fr-FR","@id":"https:\/\/www.autojm.fr\/blog\/renault-clio-5-la-n1-des-citadines-en-france-soffre-un-rafraichissement\/#primaryimage","url":"https:\/\/www.autojm.fr\/blog\/wp-content\/uploads\/2022\/10\/450.jpg","contentUrl":"https:\/\/www.autojm.fr\/blog\/wp-content\/uploads\/2022\/10\/450.jpg","width":750,"height":410,"caption":"Renault Clio 5"},{"@type":"BreadcrumbList","@id":"https:\/\/www.autojm.fr\/blog\/renault-clio-5-la-n1-des-citadines-en-france-soffre-un-rafraichissement\/#breadcrumb","itemListElement":[{"@type":"ListItem","position":1,"name":"Accueil","item":"https:\/\/www.autojm.fr\/blog\/"},{"@type":"ListItem","position":2,"name":"Nouveaut\u00e9s Autos","item":"https:\/\/www.autojm.fr\/blog\/nouveautes-autos\/"},{"@type":"ListItem","position":3,"name":"Renault Clio 5 : la N\u00b01 des citadines en France s\u2019offre un rafra\u00eechissement !"}]},{"@type":"WebSite","@id":"https:\/\/www.autojm.fr\/blog\/#website","url":"https:\/\/www.autojm.fr\/blog\/","name":"AutoJM Mag","description":"Toute l&#039;actu auto en 1 clic !","publisher":{"@id":"https:\/\/www.autojm.fr\/blog\/#organization"},"potentialAction":[{"@type":"SearchAction","target":{"@type":"EntryPoint","urlTemplate":"https:\/\/www.autojm.fr\/blog\/?s={search_term_string}"},"query-input":{"@type":"PropertyValueSpecification","valueRequired":true,"valueName":"search_term_string"}}],"inLanguage":"fr-FR"},{"@type":"Organization","@id":"https:\/\/www.autojm.fr\/blog\/#organization","name":"AutoJM Mag","url":"https:\/\/www.autojm.fr\/blog\/","logo":{"@type":"ImageObject","inLanguage":"fr-FR","@id":"https:\/\/www.autojm.fr\/blog\/#\/schema\/logo\/image\/","url":"https:\/\/www.autojm.fr\/blog\/wp-content\/uploads\/2022\/12\/cropped-AutoJMag-png.png","contentUrl":"https:\/\/www.autojm.fr\/blog\/wp-content\/uploads\/2022\/12\/cropped-AutoJMag-png.png","width":2834,"height":585,"caption":"AutoJM Mag"},"image":{"@id":"https:\/\/www.autojm.fr\/blog\/#\/schema\/logo\/image\/"},"sameAs":["https:\/\/www.facebook.com\/AutoJM25"]},{"@type":"Person","@id":"https:\/\/www.autojm.fr\/blog\/#\/schema\/person\/9742bc77541853e0de81fc57f947e1a0","name":"Autojm","image":{"@type":"ImageObject","inLanguage":"fr-FR","@id":"https:\/\/secure.gravatar.com\/avatar\/9a959d52b758fcc232fe4b6aca7bab139182573297122cce7d6f2ee0e537b418?s=96&d=mm&r=g","url":"https:\/\/secure.gravatar.com\/avatar\/9a959d52b758fcc232fe4b6aca7bab139182573297122cce7d6f2ee0e537b418?s=96&d=mm&r=g","contentUrl":"https:\/\/secure.gravatar.com\/avatar\/9a959d52b758fcc232fe4b6aca7bab139182573297122cce7d6f2ee0e537b418?s=96&d=mm&r=g","caption":"Autojm"},"sameAs":["https:\/\/www.autojm.fr\/blog"],"url":"https:\/\/www.autojm.fr\/blog\/author\/bichoi\/"}]}},"_links":{"self":[{"href":"https:\/\/www.autojm.fr\/blog\/wp-json\/wp\/v2\/posts\/3727","targetHints":{"allow":["GET"]}}],"collection":[{"href":"https:\/\/www.autojm.fr\/blog\/wp-json\/wp\/v2\/posts"}],"about":[{"href":"https:\/\/www.autojm.fr\/blog\/wp-json\/wp\/v2\/types\/post"}],"author":[{"embeddable":true,"href":"https:\/\/www.autojm.fr\/blog\/wp-json\/wp\/v2\/users\/1"}],"replies":[{"embeddable":true,"href":"https:\/\/www.autojm.fr\/blog\/wp-json\/wp\/v2\/comments?post=3727"}],"version-history":[{"count":5,"href":"https:\/\/www.autojm.fr\/blog\/wp-json\/wp\/v2\/posts\/3727\/revisions"}],"predecessor-version":[{"id":9311,"href":"https:\/\/www.autojm.fr\/blog\/wp-json\/wp\/v2\/posts\/3727\/revisions\/9311"}],"wp:featuredmedia":[{"embeddable":true,"href":"https:\/\/www.autojm.fr\/blog\/wp-json\/wp\/v2\/media\/5789"}],"wp:attachment":[{"href":"https:\/\/www.autojm.fr\/blog\/wp-json\/wp\/v2\/media?parent=3727"}],"wp:term":[{"taxonomy":"category","embeddable":true,"href":"https:\/\/www.autojm.fr\/blog\/wp-json\/wp\/v2\/categories?post=3727"},{"taxonomy":"post_tag","embeddable":true,"href":"https:\/\/www.autojm.fr\/blog\/wp-json\/wp\/v2\/tags?post=3727"}],"curies":[{"name":"wp","href":"https:\/\/api.w.org\/{rel}","templated":true}]}}