{"id":3712,"date":"2018-02-15T00:00:00","date_gmt":"2018-02-15T00:00:00","guid":{"rendered":"https:\/\/www.autojm.fr\/blog\/preparer-sa-voiture-pour-lhiver-6-points-a-verifier\/"},"modified":"2023-04-19T14:50:21","modified_gmt":"2023-04-19T14:50:21","slug":"preparer-sa-voiture-pour-lhiver-6-points-a-verifier","status":"publish","type":"post","link":"https:\/\/www.autojm.fr\/blog\/preparer-sa-voiture-pour-lhiver-6-points-a-verifier\/","title":{"rendered":"Pr\u00e9parer sa voiture pour l&rsquo;hiver : 6 points \u00e0 v\u00e9rifier"},"content":{"rendered":"<div style=\"text-align: justify;\"><\/div>\n<div style=\"text-align: justify;\">Vacances, montagnes, ski, neige\u2026 Vous voyez o\u00f9 l&rsquo;on veut en venir\u2026 A l&rsquo;approche des d\u00e9parts en vacances, il est indispensable de bien pr\u00e9parer votre voiture aux grands froids et aux chutes de temp\u00e9ratures. Et pour cela, Andr\u00e9 du <a href=\"http:\/\/www.garagejm.fr\/?part=blog&amp;utm_source=articleblog150218&amp;utm_medium=blog\"><strong>Garage JM<\/strong><\/a> vous montre comment faire. Comme on dit, mieux vaut pr\u00e9venir que gu\u00e9rir !<\/p>\n<p>Retrouvez cet article <strong>\u00ab\u00a0<a href=\"https:\/\/youtu.be\/p4kF2bj0o0I?part=blog&amp;utm_source=articleblog150218&amp;utm_medium=blog\">Pr\u00e9parer sa voiture pour l&rsquo;hiver : 6 points \u00e0 v\u00e9rifier<\/a>\u00ab\u00a0<\/strong> en vid\u00e9o sur notre <a href=\"https:\/\/www.youtube.com\/channel\/UCA6btt4N-NZaw1zUJ-VsbBQ?view_as=subscriber?part=blog&amp;utm_source=articleblog150218&amp;utm_medium=blog\"><strong>chaine Youtube<\/strong><\/a> ou en bas de cette page !<br \/>\n<strong>UN BONUS VOUS ATTEND A LA FIN \ud83d\ude09<\/strong><\/p>\n<\/div>\n<div style=\"text-align: justify;\"><\/div>\n<div style=\"text-align: justify;\"><\/div>\n<div style=\"text-align: justify;\"><strong>1. Contr\u00f4lez vos pneus<\/strong><\/div>\n<div style=\"text-align: justify;\"><\/div>\n<div style=\"text-align: justify;\"><\/div>\n<div style=\"text-align: justify;\">La pression de vos pneus diminue lorsque la temp\u00e9rature baisse. Ainsi, vous pouvez effectuer un surgonflage pour une meilleure adh\u00e9rence sur la pluie et route gel\u00e9e si votre v\u00e9hicule est tr\u00e8s charg\u00e9. L&rsquo;indicateur de pression des pneus se situe dans le passage de porte, derri\u00e8re la trappe \u00e0 carburant ou bien dans le manuel d&rsquo;utilisation.<\/div>\n<div><\/div>\n<div style=\"background-color: transparent; color: #333333; font-family: sans-serif,Arial,Verdana,;\"><strong>2. Lubrifiez les joints<\/strong><\/div>\n<div style=\"text-align: justify;\"><\/div>\n<div style=\"text-align: justify;\"><\/div>\n<div style=\"text-align: justify;\">Avec le gel, il est n\u00e9cessaire d&rsquo;enduire les joints de portes et de coffre d&rsquo;un produit sp\u00e9cifique pour \u00e9viter d&rsquo;arracher les joints \u00e0 l&rsquo;ouverture. Vous devez vous \u00e9quiper d&rsquo;un chiffon de papier et d&rsquo;un produit tel que le WD-40. Si vous ne poss\u00e9dez pas ce mat\u00e9riel, le liquide de refroidissement fera l&rsquo;affaire. N&rsquo;oubliez pas d&rsquo;en mettre sur la serrure de la trappe \u00e0 carburant et les serrures de portes, \u00e7a peut toujours servir !<\/p>\n<p><strong>3. V\u00e9rifiez la batterie<\/strong><\/p>\n<\/div>\n<div style=\"text-align: justify;\"><\/div>\n<div style=\"text-align: justify;\">La chute du thermom\u00e8tre met la batterie \u00e0 rude \u00e9preuve \u00e0 cette p\u00e9riode de l&rsquo;ann\u00e9e. En effet, le froid r\u00e9duit consid\u00e9rablement sa capacit\u00e9 car la batterie est davantage sollicit\u00e9e par les feux de croisement, le chauffage, le d\u00e9givrage de la lunette arri\u00e8re\u2026 A cet effet, il est important de v\u00e9rifier votre batterie avant le d\u00e9part. Nous vous pr\u00e9conisons de brancher chaque soir pendant 1 semaine un chargeur. Mieux encore, un d\u00e9sulfateur \u00e0 impulsion \u00e9lectrique. Votre batterie vous remerciera.<\/div>\n<div style=\"text-align: justify;\"><\/div>\n<div style=\"text-align: justify;\"><strong>4. Ajoutez du <\/strong><strong>liquide de refroidissement<\/strong><\/div>\n<div style=\"text-align: justify;\"><\/div>\n<div style=\"text-align: justify;\"><\/div>\n<div style=\"text-align: justify;\"><\/div>\n<div style=\"text-align: justify;\">En hiver, ne n\u00e9gligez pas le liquide de refroidissement ! Le moteur \u00e9tant davantage sollicit\u00e9, ce liquide permettra d&rsquo;extraire le surplus de chaleur d\u00e9gag\u00e9 par votre moteur. A cet effet, il est imp\u00e9ratif de v\u00e9rifier le niveau du liquide de refroidissement.<\/div>\n<div style=\"text-align: justify;\"><\/div>\n<div style=\"text-align: justify;\">\n<div style=\"text-align: justify;\"><span style=\"font-weight: bold;\">5. Compl\u00e9tez le liquide lave glace<\/span><\/div>\n<div style=\"text-align: justify;\"><\/div>\n<div style=\"text-align: justify;\"><\/div>\n<div style=\"text-align: justify;\"><\/div>\n<div style=\"text-align: justify;\">Pour votre s\u00e9curit\u00e9, il est important de remplir la nourrice avec un liquide lave glace antigel (-20\u00b0C, -25\u00b0C\u2026 not\u00e9 sur l&rsquo;\u00e9tiquette). Ainsi, vous pouvez laisser votre voiture dormir \u00e0 l&rsquo;ext\u00e9rieur sans vous soucier de retrouver votre lave-glace gel\u00e9 \u00e0 cause du froid.<\/div>\n<\/div>\n<div style=\"text-align: justify;\"><\/div>\n<div style=\"text-align: justify;\"><strong>6. Pr\u00e9voyez l&rsquo;essentiel \u00e0 port\u00e9e de main<\/strong><\/div>\n<div style=\"text-align: justify;\"><\/div>\n<div style=\"text-align: justify;\"><\/div>\n<div style=\"text-align: justify;\">On ne pr\u00e9voit pas l&rsquo;impr\u00e9vu et par un temps hivernal, mieux vaut se munir de l&rsquo;essentiel !<\/div>\n<ul>\n<li style=\"text-align: justify;\">Kit s\u00e9curit\u00e9 (gilet fluorescent + triangle de signalisation)<\/li>\n<li style=\"text-align: justify;\">Lampe torche (avec pile de rechange)<\/li>\n<li style=\"text-align: justify;\">Spray d\u00e9givrant<\/li>\n<li style=\"text-align: justify;\">Racloir \u00e0 glace<\/li>\n<li style=\"text-align: justify;\">Gants<\/li>\n<li style=\"text-align: justify;\">Kit d&rsquo;ampoule de rechange<\/li>\n<li style=\"text-align: justify;\">Cha\u00eenes \u00e0 neige<\/li>\n<li style=\"text-align: justify;\">Couverture + bouteille d&rsquo;eau<\/li>\n<\/ul>\n<div style=\"text-align: justify;\"><\/div>\n<div style=\"text-align: justify;\"><strong>Vous avez tous les outils pour passer un bon voyage sur les routes enneig\u00e9es ! La balle est dans votre camps\u2026 Bonnes vacances !<\/strong><\/div>\n<div style=\"text-align: justify;\"><\/div>\n<p><iframe loading=\"lazy\" src=\"https:\/\/www.youtube.com\/embed\/FzBli4Jz-fE\" width=\"560\" height=\"315\" allowfullscreen=\"allowfullscreen\"><\/iframe><\/p>\n<div style=\"text-align: justify;\"><\/div>\n","protected":false},"excerpt":{"rendered":"<p>Vacances, montagnes, ski, neige\u2026 Vous voyez o\u00f9 l&rsquo;on veut en venir\u2026 A l&rsquo;approche des d\u00e9parts en vacances, il est indispensable de bien pr\u00e9parer votre voiture aux grands froids et aux chutes de temp\u00e9ratures. Et pour cela, Andr\u00e9 du Garage JM vous montre comment faire. Comme on dit, mieux vaut pr\u00e9venir que gu\u00e9rir !<\/p>\n","protected":false},"author":1,"featured_media":5772,"comment_status":"open","ping_status":"open","sticky":false,"template":"","format":"standard","meta":{"_acf_changed":false,"content-type":"","footnotes":""},"categories":[22],"tags":[90,85,74,105,110,109,106,108,107,73,78,169,96],"class_list":["post-3712","post","type-post","status-publish","format-standard","has-post-thumbnail","hentry","category-conseils-astuces","tag-autojm","tag-citroen-2","tag-dacia","tag-ds","tag-fiat","tag-ford","tag-kia","tag-nissan","tag-opel","tag-peugeot","tag-renault","tag-toyota","tag-volkswagen"],"acf":[],"yoast_head":"<!-- This site is optimized with the Yoast SEO plugin v27.5 - https:\/\/yoast.com\/product\/yoast-seo-wordpress\/ -->\n<title>Pr\u00e9parer sa voiture pour l&#039;hiver : 6 points \u00e0 v\u00e9rifier - AutoJM Mag<\/title>\n<meta name=\"description\" content=\"Vacances, montagnes, ski, neige\u2026 Vous voyez o\u00f9 l&#039;on veut en venir\u2026 A l&#039;approche des d\u00e9parts en vacances, il est indispensable de bien...\" \/>\n<meta name=\"robots\" content=\"index, follow, max-snippet:-1, max-image-preview:large, max-video-preview:-1\" \/>\n<link rel=\"canonical\" href=\"https:\/\/www.autojm.fr\/blog\/preparer-sa-voiture-pour-lhiver-6-points-a-verifier\/\" \/>\n<meta property=\"og:locale\" content=\"fr_FR\" \/>\n<meta property=\"og:type\" content=\"article\" \/>\n<meta property=\"og:title\" content=\"Pr\u00e9parer sa voiture pour l&#039;hiver : 6 points \u00e0 v\u00e9rifier - AutoJM Mag\" \/>\n<meta property=\"og:description\" content=\"Vacances, montagnes, ski, neige\u2026 Vous voyez o\u00f9 l&#039;on veut en venir\u2026 A l&#039;approche des d\u00e9parts en vacances, il est indispensable de bien...\" \/>\n<meta property=\"og:url\" content=\"https:\/\/www.autojm.fr\/blog\/preparer-sa-voiture-pour-lhiver-6-points-a-verifier\/\" \/>\n<meta property=\"og:site_name\" content=\"AutoJM Mag\" \/>\n<meta property=\"article:publisher\" content=\"https:\/\/www.facebook.com\/AutoJM25\" \/>\n<meta property=\"article:published_time\" content=\"2018-02-15T00:00:00+00:00\" \/>\n<meta property=\"article:modified_time\" content=\"2023-04-19T14:50:21+00:00\" \/>\n<meta property=\"og:image\" content=\"https:\/\/www.autojm.fr\/blog\/wp-content\/uploads\/2022\/10\/433.jpg\" \/>\n\t<meta property=\"og:image:width\" content=\"1840\" \/>\n\t<meta property=\"og:image:height\" content=\"1200\" \/>\n\t<meta property=\"og:image:type\" content=\"image\/jpeg\" \/>\n<meta name=\"author\" content=\"Autojm\" \/>\n<meta name=\"twitter:card\" content=\"summary_large_image\" \/>\n<meta name=\"twitter:label1\" content=\"\u00c9crit par\" \/>\n\t<meta name=\"twitter:data1\" content=\"Autojm\" \/>\n\t<meta name=\"twitter:label2\" content=\"Dur\u00e9e de lecture estim\u00e9e\" \/>\n\t<meta name=\"twitter:data2\" content=\"4 minutes\" \/>\n<script type=\"application\/ld+json\" class=\"yoast-schema-graph\">{\"@context\":\"https:\\\/\\\/schema.org\",\"@graph\":[{\"@type\":\"Article\",\"@id\":\"https:\\\/\\\/www.autojm.fr\\\/blog\\\/preparer-sa-voiture-pour-lhiver-6-points-a-verifier\\\/#article\",\"isPartOf\":{\"@id\":\"https:\\\/\\\/www.autojm.fr\\\/blog\\\/preparer-sa-voiture-pour-lhiver-6-points-a-verifier\\\/\"},\"author\":{\"name\":\"Autojm\",\"@id\":\"https:\\\/\\\/www.autojm.fr\\\/blog\\\/#\\\/schema\\\/person\\\/9742bc77541853e0de81fc57f947e1a0\"},\"headline\":\"Pr\u00e9parer sa voiture pour l&rsquo;hiver : 6 points \u00e0 v\u00e9rifier\",\"datePublished\":\"2018-02-15T00:00:00+00:00\",\"dateModified\":\"2023-04-19T14:50:21+00:00\",\"mainEntityOfPage\":{\"@id\":\"https:\\\/\\\/www.autojm.fr\\\/blog\\\/preparer-sa-voiture-pour-lhiver-6-points-a-verifier\\\/\"},\"wordCount\":508,\"commentCount\":0,\"publisher\":{\"@id\":\"https:\\\/\\\/www.autojm.fr\\\/blog\\\/#organization\"},\"image\":{\"@id\":\"https:\\\/\\\/www.autojm.fr\\\/blog\\\/preparer-sa-voiture-pour-lhiver-6-points-a-verifier\\\/#primaryimage\"},\"thumbnailUrl\":\"https:\\\/\\\/www.autojm.fr\\\/blog\\\/wp-content\\\/uploads\\\/2022\\\/10\\\/433.jpg\",\"keywords\":[\"autojm\",\"Citro\u00ebn\",\"dacia\",\"DS\",\"Fiat\",\"Ford\",\"Kia\",\"Nissan\",\"Opel\",\"peugeot\",\"renault\",\"Toyota\",\"Volkswagen\"],\"articleSection\":[\"Conseils &amp; Astuces\"],\"inLanguage\":\"fr-FR\",\"potentialAction\":[{\"@type\":\"CommentAction\",\"name\":\"Comment\",\"target\":[\"https:\\\/\\\/www.autojm.fr\\\/blog\\\/preparer-sa-voiture-pour-lhiver-6-points-a-verifier\\\/#respond\"]}]},{\"@type\":\"WebPage\",\"@id\":\"https:\\\/\\\/www.autojm.fr\\\/blog\\\/preparer-sa-voiture-pour-lhiver-6-points-a-verifier\\\/\",\"url\":\"https:\\\/\\\/www.autojm.fr\\\/blog\\\/preparer-sa-voiture-pour-lhiver-6-points-a-verifier\\\/\",\"name\":\"Pr\u00e9parer sa voiture pour l'hiver : 6 points \u00e0 v\u00e9rifier - AutoJM Mag\",\"isPartOf\":{\"@id\":\"https:\\\/\\\/www.autojm.fr\\\/blog\\\/#website\"},\"primaryImageOfPage\":{\"@id\":\"https:\\\/\\\/www.autojm.fr\\\/blog\\\/preparer-sa-voiture-pour-lhiver-6-points-a-verifier\\\/#primaryimage\"},\"image\":{\"@id\":\"https:\\\/\\\/www.autojm.fr\\\/blog\\\/preparer-sa-voiture-pour-lhiver-6-points-a-verifier\\\/#primaryimage\"},\"thumbnailUrl\":\"https:\\\/\\\/www.autojm.fr\\\/blog\\\/wp-content\\\/uploads\\\/2022\\\/10\\\/433.jpg\",\"datePublished\":\"2018-02-15T00:00:00+00:00\",\"dateModified\":\"2023-04-19T14:50:21+00:00\",\"description\":\"Vacances, montagnes, ski, neige\u2026 Vous voyez o\u00f9 l'on veut en venir\u2026 A l'approche des d\u00e9parts en vacances, il est indispensable de bien...\",\"breadcrumb\":{\"@id\":\"https:\\\/\\\/www.autojm.fr\\\/blog\\\/preparer-sa-voiture-pour-lhiver-6-points-a-verifier\\\/#breadcrumb\"},\"inLanguage\":\"fr-FR\",\"potentialAction\":[{\"@type\":\"ReadAction\",\"target\":[\"https:\\\/\\\/www.autojm.fr\\\/blog\\\/preparer-sa-voiture-pour-lhiver-6-points-a-verifier\\\/\"]}]},{\"@type\":\"ImageObject\",\"inLanguage\":\"fr-FR\",\"@id\":\"https:\\\/\\\/www.autojm.fr\\\/blog\\\/preparer-sa-voiture-pour-lhiver-6-points-a-verifier\\\/#primaryimage\",\"url\":\"https:\\\/\\\/www.autojm.fr\\\/blog\\\/wp-content\\\/uploads\\\/2022\\\/10\\\/433.jpg\",\"contentUrl\":\"https:\\\/\\\/www.autojm.fr\\\/blog\\\/wp-content\\\/uploads\\\/2022\\\/10\\\/433.jpg\",\"width\":1840,\"height\":1200,\"caption\":\"Hiver\"},{\"@type\":\"BreadcrumbList\",\"@id\":\"https:\\\/\\\/www.autojm.fr\\\/blog\\\/preparer-sa-voiture-pour-lhiver-6-points-a-verifier\\\/#breadcrumb\",\"itemListElement\":[{\"@type\":\"ListItem\",\"position\":1,\"name\":\"Accueil\",\"item\":\"https:\\\/\\\/www.autojm.fr\\\/blog\\\/\"},{\"@type\":\"ListItem\",\"position\":2,\"name\":\"Conseils &amp; Astuces\",\"item\":\"https:\\\/\\\/www.autojm.fr\\\/blog\\\/conseils-astuces\\\/\"},{\"@type\":\"ListItem\",\"position\":3,\"name\":\"Pr\u00e9parer sa voiture pour l&rsquo;hiver : 6 points \u00e0 v\u00e9rifier\"}]},{\"@type\":\"WebSite\",\"@id\":\"https:\\\/\\\/www.autojm.fr\\\/blog\\\/#website\",\"url\":\"https:\\\/\\\/www.autojm.fr\\\/blog\\\/\",\"name\":\"AutoJM Mag\",\"description\":\"Toute l&#039;actu auto en 1 clic !\",\"publisher\":{\"@id\":\"https:\\\/\\\/www.autojm.fr\\\/blog\\\/#organization\"},\"potentialAction\":[{\"@type\":\"SearchAction\",\"target\":{\"@type\":\"EntryPoint\",\"urlTemplate\":\"https:\\\/\\\/www.autojm.fr\\\/blog\\\/?s={search_term_string}\"},\"query-input\":{\"@type\":\"PropertyValueSpecification\",\"valueRequired\":true,\"valueName\":\"search_term_string\"}}],\"inLanguage\":\"fr-FR\"},{\"@type\":\"Organization\",\"@id\":\"https:\\\/\\\/www.autojm.fr\\\/blog\\\/#organization\",\"name\":\"AutoJM Mag\",\"url\":\"https:\\\/\\\/www.autojm.fr\\\/blog\\\/\",\"logo\":{\"@type\":\"ImageObject\",\"inLanguage\":\"fr-FR\",\"@id\":\"https:\\\/\\\/www.autojm.fr\\\/blog\\\/#\\\/schema\\\/logo\\\/image\\\/\",\"url\":\"https:\\\/\\\/www.autojm.fr\\\/blog\\\/wp-content\\\/uploads\\\/2022\\\/12\\\/cropped-AutoJMag-png.png\",\"contentUrl\":\"https:\\\/\\\/www.autojm.fr\\\/blog\\\/wp-content\\\/uploads\\\/2022\\\/12\\\/cropped-AutoJMag-png.png\",\"width\":2834,\"height\":585,\"caption\":\"AutoJM Mag\"},\"image\":{\"@id\":\"https:\\\/\\\/www.autojm.fr\\\/blog\\\/#\\\/schema\\\/logo\\\/image\\\/\"},\"sameAs\":[\"https:\\\/\\\/www.facebook.com\\\/AutoJM25\"]},{\"@type\":\"Person\",\"@id\":\"https:\\\/\\\/www.autojm.fr\\\/blog\\\/#\\\/schema\\\/person\\\/9742bc77541853e0de81fc57f947e1a0\",\"name\":\"Autojm\",\"image\":{\"@type\":\"ImageObject\",\"inLanguage\":\"fr-FR\",\"@id\":\"https:\\\/\\\/secure.gravatar.com\\\/avatar\\\/9a959d52b758fcc232fe4b6aca7bab139182573297122cce7d6f2ee0e537b418?s=96&d=mm&r=g\",\"url\":\"https:\\\/\\\/secure.gravatar.com\\\/avatar\\\/9a959d52b758fcc232fe4b6aca7bab139182573297122cce7d6f2ee0e537b418?s=96&d=mm&r=g\",\"contentUrl\":\"https:\\\/\\\/secure.gravatar.com\\\/avatar\\\/9a959d52b758fcc232fe4b6aca7bab139182573297122cce7d6f2ee0e537b418?s=96&d=mm&r=g\",\"caption\":\"Autojm\"},\"sameAs\":[\"https:\\\/\\\/www.autojm.fr\\\/blog\"],\"url\":\"https:\\\/\\\/www.autojm.fr\\\/blog\\\/author\\\/bichoi\\\/\"}]}<\/script>\n<!-- \/ Yoast SEO plugin. -->","yoast_head_json":{"title":"Pr\u00e9parer sa voiture pour l'hiver : 6 points \u00e0 v\u00e9rifier - AutoJM Mag","description":"Vacances, montagnes, ski, neige\u2026 Vous voyez o\u00f9 l'on veut en venir\u2026 A l'approche des d\u00e9parts en vacances, il est indispensable de bien...","robots":{"index":"index","follow":"follow","max-snippet":"max-snippet:-1","max-image-preview":"max-image-preview:large","max-video-preview":"max-video-preview:-1"},"canonical":"https:\/\/www.autojm.fr\/blog\/preparer-sa-voiture-pour-lhiver-6-points-a-verifier\/","og_locale":"fr_FR","og_type":"article","og_title":"Pr\u00e9parer sa voiture pour l'hiver : 6 points \u00e0 v\u00e9rifier - AutoJM Mag","og_description":"Vacances, montagnes, ski, neige\u2026 Vous voyez o\u00f9 l'on veut en venir\u2026 A l'approche des d\u00e9parts en vacances, il est indispensable de bien...","og_url":"https:\/\/www.autojm.fr\/blog\/preparer-sa-voiture-pour-lhiver-6-points-a-verifier\/","og_site_name":"AutoJM Mag","article_publisher":"https:\/\/www.facebook.com\/AutoJM25","article_published_time":"2018-02-15T00:00:00+00:00","article_modified_time":"2023-04-19T14:50:21+00:00","og_image":[{"width":1840,"height":1200,"url":"https:\/\/www.autojm.fr\/blog\/wp-content\/uploads\/2022\/10\/433.jpg","type":"image\/jpeg"}],"author":"Autojm","twitter_card":"summary_large_image","twitter_misc":{"\u00c9crit par":"Autojm","Dur\u00e9e de lecture estim\u00e9e":"4 minutes"},"schema":{"@context":"https:\/\/schema.org","@graph":[{"@type":"Article","@id":"https:\/\/www.autojm.fr\/blog\/preparer-sa-voiture-pour-lhiver-6-points-a-verifier\/#article","isPartOf":{"@id":"https:\/\/www.autojm.fr\/blog\/preparer-sa-voiture-pour-lhiver-6-points-a-verifier\/"},"author":{"name":"Autojm","@id":"https:\/\/www.autojm.fr\/blog\/#\/schema\/person\/9742bc77541853e0de81fc57f947e1a0"},"headline":"Pr\u00e9parer sa voiture pour l&rsquo;hiver : 6 points \u00e0 v\u00e9rifier","datePublished":"2018-02-15T00:00:00+00:00","dateModified":"2023-04-19T14:50:21+00:00","mainEntityOfPage":{"@id":"https:\/\/www.autojm.fr\/blog\/preparer-sa-voiture-pour-lhiver-6-points-a-verifier\/"},"wordCount":508,"commentCount":0,"publisher":{"@id":"https:\/\/www.autojm.fr\/blog\/#organization"},"image":{"@id":"https:\/\/www.autojm.fr\/blog\/preparer-sa-voiture-pour-lhiver-6-points-a-verifier\/#primaryimage"},"thumbnailUrl":"https:\/\/www.autojm.fr\/blog\/wp-content\/uploads\/2022\/10\/433.jpg","keywords":["autojm","Citro\u00ebn","dacia","DS","Fiat","Ford","Kia","Nissan","Opel","peugeot","renault","Toyota","Volkswagen"],"articleSection":["Conseils &amp; Astuces"],"inLanguage":"fr-FR","potentialAction":[{"@type":"CommentAction","name":"Comment","target":["https:\/\/www.autojm.fr\/blog\/preparer-sa-voiture-pour-lhiver-6-points-a-verifier\/#respond"]}]},{"@type":"WebPage","@id":"https:\/\/www.autojm.fr\/blog\/preparer-sa-voiture-pour-lhiver-6-points-a-verifier\/","url":"https:\/\/www.autojm.fr\/blog\/preparer-sa-voiture-pour-lhiver-6-points-a-verifier\/","name":"Pr\u00e9parer sa voiture pour l'hiver : 6 points \u00e0 v\u00e9rifier - AutoJM Mag","isPartOf":{"@id":"https:\/\/www.autojm.fr\/blog\/#website"},"primaryImageOfPage":{"@id":"https:\/\/www.autojm.fr\/blog\/preparer-sa-voiture-pour-lhiver-6-points-a-verifier\/#primaryimage"},"image":{"@id":"https:\/\/www.autojm.fr\/blog\/preparer-sa-voiture-pour-lhiver-6-points-a-verifier\/#primaryimage"},"thumbnailUrl":"https:\/\/www.autojm.fr\/blog\/wp-content\/uploads\/2022\/10\/433.jpg","datePublished":"2018-02-15T00:00:00+00:00","dateModified":"2023-04-19T14:50:21+00:00","description":"Vacances, montagnes, ski, neige\u2026 Vous voyez o\u00f9 l'on veut en venir\u2026 A l'approche des d\u00e9parts en vacances, il est indispensable de bien...","breadcrumb":{"@id":"https:\/\/www.autojm.fr\/blog\/preparer-sa-voiture-pour-lhiver-6-points-a-verifier\/#breadcrumb"},"inLanguage":"fr-FR","potentialAction":[{"@type":"ReadAction","target":["https:\/\/www.autojm.fr\/blog\/preparer-sa-voiture-pour-lhiver-6-points-a-verifier\/"]}]},{"@type":"ImageObject","inLanguage":"fr-FR","@id":"https:\/\/www.autojm.fr\/blog\/preparer-sa-voiture-pour-lhiver-6-points-a-verifier\/#primaryimage","url":"https:\/\/www.autojm.fr\/blog\/wp-content\/uploads\/2022\/10\/433.jpg","contentUrl":"https:\/\/www.autojm.fr\/blog\/wp-content\/uploads\/2022\/10\/433.jpg","width":1840,"height":1200,"caption":"Hiver"},{"@type":"BreadcrumbList","@id":"https:\/\/www.autojm.fr\/blog\/preparer-sa-voiture-pour-lhiver-6-points-a-verifier\/#breadcrumb","itemListElement":[{"@type":"ListItem","position":1,"name":"Accueil","item":"https:\/\/www.autojm.fr\/blog\/"},{"@type":"ListItem","position":2,"name":"Conseils &amp; Astuces","item":"https:\/\/www.autojm.fr\/blog\/conseils-astuces\/"},{"@type":"ListItem","position":3,"name":"Pr\u00e9parer sa voiture pour l&rsquo;hiver : 6 points \u00e0 v\u00e9rifier"}]},{"@type":"WebSite","@id":"https:\/\/www.autojm.fr\/blog\/#website","url":"https:\/\/www.autojm.fr\/blog\/","name":"AutoJM Mag","description":"Toute l&#039;actu auto en 1 clic !","publisher":{"@id":"https:\/\/www.autojm.fr\/blog\/#organization"},"potentialAction":[{"@type":"SearchAction","target":{"@type":"EntryPoint","urlTemplate":"https:\/\/www.autojm.fr\/blog\/?s={search_term_string}"},"query-input":{"@type":"PropertyValueSpecification","valueRequired":true,"valueName":"search_term_string"}}],"inLanguage":"fr-FR"},{"@type":"Organization","@id":"https:\/\/www.autojm.fr\/blog\/#organization","name":"AutoJM Mag","url":"https:\/\/www.autojm.fr\/blog\/","logo":{"@type":"ImageObject","inLanguage":"fr-FR","@id":"https:\/\/www.autojm.fr\/blog\/#\/schema\/logo\/image\/","url":"https:\/\/www.autojm.fr\/blog\/wp-content\/uploads\/2022\/12\/cropped-AutoJMag-png.png","contentUrl":"https:\/\/www.autojm.fr\/blog\/wp-content\/uploads\/2022\/12\/cropped-AutoJMag-png.png","width":2834,"height":585,"caption":"AutoJM Mag"},"image":{"@id":"https:\/\/www.autojm.fr\/blog\/#\/schema\/logo\/image\/"},"sameAs":["https:\/\/www.facebook.com\/AutoJM25"]},{"@type":"Person","@id":"https:\/\/www.autojm.fr\/blog\/#\/schema\/person\/9742bc77541853e0de81fc57f947e1a0","name":"Autojm","image":{"@type":"ImageObject","inLanguage":"fr-FR","@id":"https:\/\/secure.gravatar.com\/avatar\/9a959d52b758fcc232fe4b6aca7bab139182573297122cce7d6f2ee0e537b418?s=96&d=mm&r=g","url":"https:\/\/secure.gravatar.com\/avatar\/9a959d52b758fcc232fe4b6aca7bab139182573297122cce7d6f2ee0e537b418?s=96&d=mm&r=g","contentUrl":"https:\/\/secure.gravatar.com\/avatar\/9a959d52b758fcc232fe4b6aca7bab139182573297122cce7d6f2ee0e537b418?s=96&d=mm&r=g","caption":"Autojm"},"sameAs":["https:\/\/www.autojm.fr\/blog"],"url":"https:\/\/www.autojm.fr\/blog\/author\/bichoi\/"}]}},"_links":{"self":[{"href":"https:\/\/www.autojm.fr\/blog\/wp-json\/wp\/v2\/posts\/3712","targetHints":{"allow":["GET"]}}],"collection":[{"href":"https:\/\/www.autojm.fr\/blog\/wp-json\/wp\/v2\/posts"}],"about":[{"href":"https:\/\/www.autojm.fr\/blog\/wp-json\/wp\/v2\/types\/post"}],"author":[{"embeddable":true,"href":"https:\/\/www.autojm.fr\/blog\/wp-json\/wp\/v2\/users\/1"}],"replies":[{"embeddable":true,"href":"https:\/\/www.autojm.fr\/blog\/wp-json\/wp\/v2\/comments?post=3712"}],"version-history":[{"count":6,"href":"https:\/\/www.autojm.fr\/blog\/wp-json\/wp\/v2\/posts\/3712\/revisions"}],"predecessor-version":[{"id":9685,"href":"https:\/\/www.autojm.fr\/blog\/wp-json\/wp\/v2\/posts\/3712\/revisions\/9685"}],"wp:featuredmedia":[{"embeddable":true,"href":"https:\/\/www.autojm.fr\/blog\/wp-json\/wp\/v2\/media\/5772"}],"wp:attachment":[{"href":"https:\/\/www.autojm.fr\/blog\/wp-json\/wp\/v2\/media?parent=3712"}],"wp:term":[{"taxonomy":"category","embeddable":true,"href":"https:\/\/www.autojm.fr\/blog\/wp-json\/wp\/v2\/categories?post=3712"},{"taxonomy":"post_tag","embeddable":true,"href":"https:\/\/www.autojm.fr\/blog\/wp-json\/wp\/v2\/tags?post=3712"}],"curies":[{"name":"wp","href":"https:\/\/api.w.org\/{rel}","templated":true}]}}