{"id":3710,"date":"2018-01-15T00:00:00","date_gmt":"2018-01-15T00:00:00","guid":{"rendered":"https:\/\/www.autojm.fr\/blog\/ds7-crossback-le-nouveau-suv-compact-de-ds\/"},"modified":"2023-09-15T09:54:43","modified_gmt":"2023-09-15T09:54:43","slug":"ds7-crossback-le-nouveau-suv-compact-de-ds","status":"publish","type":"post","link":"https:\/\/www.autojm.fr\/blog\/ds7-crossback-le-nouveau-suv-compact-de-ds\/","title":{"rendered":"DS7 Crossback, le nouveau SUV compact de DS"},"content":{"rendered":"<p dir=\"ltr\" style=\"line-height: 1.38; margin-top: 8pt; margin-bottom: 0pt; text-align: justify;\"><span id=\"docs-internal-guid-94e99832-f96b-6938-df5c-a31b49764161\"><span style=\"font-size: 10pt; font-family: Arial; color: #000000; font-variant-numeric: normal; font-variant-east-asian: normal; vertical-align: baseline; white-space: pre-wrap;\"><strong><a href=\"https:\/\/www.autojm.fr\/mandataire-voitures-neuves-ds\">DS Automobiles<\/a><\/strong>, devenue marque \u00e0 part enti\u00e8re en 2014, met la barre haute en termes de qualit\u00e9 de fabrication et de confort. Avec ce nouveau SUV Crossback, la marque se place au sommet des productions fran\u00e7aises. Ainsi, son mod\u00e8le, d\u00e9velopp\u00e9 100% en interne, offre de nombreuses innovations qui sauront ravir les clients les plus ais\u00e9s. Son int\u00e9rieur r\u00e9ussi, ses tarifs attractifs et ses qualit\u00e9s dynamiques aideront la<strong> DS7 Crossback<\/strong> \u00e0 se faire une place sur le march\u00e9 des <strong>SUV premium<\/strong>.<\/span><\/span><\/p>\n<p dir=\"ltr\" style=\"line-height: 1.38; margin-top: 8pt; margin-bottom: 0pt; text-align: justify;\"><span id=\"docs-internal-guid-94e99832-f96b-6938-df5c-a31b49764161\"><span style=\"font-size: 10pt; font-family: Arial; color: #000000; font-weight: bold; font-variant-numeric: normal; font-variant-east-asian: normal; vertical-align: baseline; white-space: pre-wrap;\">Reconnaissable de jour comme de nuit, \u00e0 l&rsquo;avant comme \u00e0 l&rsquo;arri\u00e8re<\/span><\/span><\/p>\n<p dir=\"ltr\" style=\"line-height: 1.38; margin-top: 8pt; margin-bottom: 0pt; text-align: justify;\"><span id=\"docs-internal-guid-94e99832-f96b-6938-df5c-a31b49764161\"><span style=\"font-size: 10pt; font-family: Arial; color: #000000; font-variant-numeric: normal; font-variant-east-asian: normal; vertical-align: baseline; white-space: pre-wrap;\">\u00ab Dans toutes les \u00e9tapes de sa conception, notre volont\u00e9 avec DS7 CROSSBACK a \u00e9t\u00e9 d&rsquo;exprimer le raffinement, l&rsquo;excellence et l&rsquo;exigence des meilleurs savoir-faire. Le r\u00e9sultat est l\u00e0 avec une voiture charismatique et une silhouette id\u00e9alement proportionn\u00e9e. Une parfaite alchimie entre force et raffinement. \u00bb Thierry Metroz, Directeur du Design DS.<\/span><\/span><\/p>\n<p dir=\"ltr\" style=\"line-height: 1.38; margin-top: 8pt; margin-bottom: 0pt; text-align: justify;\"><span id=\"docs-internal-guid-94e99832-f96b-6938-df5c-a31b49764161\"><span style=\"font-size: 10pt; font-family: Arial; color: #000000; font-variant-numeric: normal; font-variant-east-asian: normal; vertical-align: baseline; white-space: pre-wrap;\">Longue de <strong>4 m\u00e8tres 57<\/strong>, cet SUV sait se d\u00e9marquer de toute concurrence avec la mise en sc\u00e8ne d&rsquo;une <strong>signature lumineuse raffin\u00e9e<\/strong>. D\u00e8s l&rsquo;ouverture du v\u00e9hicule, une lumi\u00e8re pourpre puis pivotant \u00e0 <strong>180\u00b0 s&rsquo;illumine comme des pi\u00e8ces de joaillerie<\/strong>. Un vrai plaisir visuel ainsi qu&rsquo;une performance technologique haut de gamme. Les feux arri\u00e8re avec un <strong>motif tridimensionnel en forme d&rsquo;\u00e9cailles<\/strong> contribuent \u00e9galement \u00e0 la force et \u00e0 l&rsquo;originalit\u00e9 de la signature lumineuse de cette DS7 Crossback.<\/span><\/span><\/p>\n<div dir=\"ltr\" style=\"margin-left: 0pt;\"><\/div>\n<p><span style=\"color: #000000; font-family: Arial; font-size: 10pt; font-weight: bold; white-space: pre-wrap; text-align: justify;\">La vie \u00e0 bord<\/span><\/p>\n<p dir=\"ltr\" style=\"line-height: 1.38; margin-top: 8pt; margin-bottom: 0pt; text-align: justify;\"><span id=\"docs-internal-guid-94e99832-f96b-6938-df5c-a31b49764161\"><span style=\"font-size: 10pt; font-family: Arial; color: #000000; font-variant-numeric: normal; font-variant-east-asian: normal; vertical-align: baseline; white-space: pre-wrap;\">En prime d&rsquo;\u00eatre agr\u00e9able \u00e0 l&rsquo;\u0153il, l&rsquo;habitacle de la DS7 Crossback est aussi agr\u00e9able \u00e0 vivre. Le constructeur fran\u00e7ais fait la diff\u00e9rence gr\u00e2ce \u00e0 son impressionnante <strong>planche de bord habill\u00e9e de cuir<\/strong>, sa <strong>montre r\u00e9tractable fabriqu\u00e9e par l&rsquo;horloger BRM<\/strong> et ses <strong>deux \u00e9crans HD 12 pouces<\/strong>. Le premier \u00e9cran pour le syst\u00e8me d&rsquo;info-divertissement et le second remplace sur les versions les plus haut de gamme, le combin\u00e9 d&rsquo;instrumentation et ses compteurs pour y int\u00e9grer la vision nocturne, les infos GPS et tous les autres param\u00e8tres n\u00e9cessaires \u00e0 la conduite. Au total, DS Automobiles a recrut\u00e9 pr\u00e8s de 60 personnes pour d\u00e9velopper les interfaces.<\/span><\/span><\/p>\n<p dir=\"ltr\" style=\"line-height: 1.38; margin-top: 8pt; margin-bottom: 0pt; text-align: justify;\"><span id=\"docs-internal-guid-94e99832-f96b-6938-df5c-a31b49764161\"><span style=\"font-size: 10pt; font-family: Arial; color: #000000; font-variant-numeric: normal; font-variant-east-asian: normal; vertical-align: baseline; white-space: pre-wrap;\">Les proportions de la DS7 <\/span><\/span><span style=\"color: #000000; font-family: Arial; font-size: 13.3333px; text-align: justify; white-space: pre-wrap;\">Crossback<\/span><span style=\"font-size: 10pt; font-family: Arial; color: #000000; font-variant-numeric: normal; font-variant-east-asian: normal; vertical-align: baseline; white-space: pre-wrap;\"> placent ce mod\u00e8le dans la cat\u00e9gorie des SUV, la silhouette la plus pris\u00e9e \u00e0 l&rsquo;heure actuelle ! En comparaison \u00e0 ces rivaux de la classe inf\u00e9rieure, cet SUV b\u00e9n\u00e9ficie d&rsquo;un tr\u00e8s grand coffre de <strong>555 litre en configuration 5 places<\/strong>. Ce chiffre peut grimper \u00e0 <strong>1 752 litres en rabattant les si\u00e8ges arri\u00e8re<\/strong> en obtenant un plancher plat.<\/span><\/p>\n<p dir=\"ltr\" style=\"line-height: 1.38; margin-top: 8pt; margin-bottom: 0pt; text-align: justify;\"><span id=\"docs-internal-guid-94e99832-f96b-6938-df5c-a31b49764161\"><span style=\"font-size: 10pt; font-family: Arial; color: #000000; font-variant-numeric: normal; font-variant-east-asian: normal; vertical-align: baseline; white-space: pre-wrap;\">A l&rsquo;arri\u00e8re, les passagers disposent d&rsquo;un espace cons\u00e9quent gr\u00e2ce \u00e0 l&rsquo;<strong>allongement de la plateforme EMP2<\/strong>. Et contrairement \u00e0 ses concurrents allemands, la DS7 <\/span><\/span><span style=\"color: #000000; font-family: Arial; font-size: 13.3333px; text-align: justify; white-space: pre-wrap;\">Crossback <\/span><span style=\"font-size: 10pt; font-family: Arial; color: #000000; font-variant-numeric: normal; font-variant-east-asian: normal; vertical-align: baseline; white-space: pre-wrap;\">ne dispose <strong>pas de tunnel de transmission<\/strong> imposant qui handicapait la place centrale puisque ce mod\u00e8le est exclusivement vendu en <strong>deux roues motrices pour le moment !<\/strong><\/span><\/p>\n<p dir=\"ltr\" style=\"line-height: 1.38; margin-top: 8pt; margin-bottom: 0pt; text-align: justify;\"><span id=\"docs-internal-guid-94e99832-f96b-6938-df5c-a31b49764161\"><span style=\"font-size: 10pt; font-family: Arial; color: #000000; font-weight: bold; font-variant-numeric: normal; font-variant-east-asian: normal; vertical-align: baseline; white-space: pre-wrap;\">Des \u00e9quipements innovants<\/span><\/span><\/p>\n<p dir=\"ltr\" style=\"line-height: 1.38; margin-top: 8pt; margin-bottom: 0pt; text-align: justify;\"><span id=\"docs-internal-guid-94e99832-f96b-6938-df5c-a31b49764161\"><span style=\"font-size: 10pt; font-family: Arial; color: #000000; font-variant-numeric: normal; font-variant-east-asian: normal; vertical-align: baseline; white-space: pre-wrap;\"><strong>DS Connected Pilot :<\/strong> le groupe PSA s&rsquo;oriente vers la conduite semi-autonome avec l&rsquo;aide au maintien sur la voie de circulation, le r\u00e9gulateur adaptatif, gestion des distances de s\u00e9curit\u00e9 et de conserver la position du v\u00e9hicule dans la voie.<\/span><\/span><\/p>\n<p dir=\"ltr\" style=\"line-height: 1.38; margin-top: 8pt; margin-bottom: 0pt; text-align: justify;\"><span id=\"docs-internal-guid-94e99832-f96b-6938-df5c-a31b49764161\"><span style=\"font-size: 10pt; font-family: Arial; color: #000000; font-variant-numeric: normal; font-variant-east-asian: normal; vertical-align: baseline; white-space: pre-wrap;\"><strong>DS Night Vision :<\/strong> la conduite de nuit ne sera plus un fardeau pour vous. Une cam\u00e9ra dans la calandre permet d&rsquo;identifier des personnes non rep\u00e9rables de nuit et les obstacles les plus marquants marqu\u00e9s par des carr\u00e9s rouges.<\/span><\/span><\/p>\n<p dir=\"ltr\" style=\"line-height: 1.38; margin-top: 8pt; margin-bottom: 0pt; text-align: justify;\"><span id=\"docs-internal-guid-94e99832-f96b-6938-df5c-a31b49764161\"><span style=\"font-size: 10pt; font-family: Arial; color: #000000; font-variant-numeric: normal; font-variant-east-asian: normal; vertical-align: baseline; white-space: pre-wrap;\"><strong>DS Active Scan Suspension :<\/strong> capable d&rsquo;anticiper les imperfections de la route gr\u00e2ce \u00e0 une cam\u00e9ra situ\u00e9e \u00e0 l&rsquo;avant du v\u00e9hicule. La cam\u00e9ra reli\u00e9e au logiciel adapte l&rsquo;amortissement en cons\u00e9quence.<\/span><\/span><\/p>\n<p dir=\"ltr\" style=\"line-height: 1.38; margin-top: 8pt; margin-bottom: 0pt; text-align: justify;\"><span id=\"docs-internal-guid-94e99832-f96b-6938-df5c-a31b49764161\"><span style=\"font-size: 10pt; font-family: Arial; color: #000000; font-variant-numeric: normal; font-variant-east-asian: normal; vertical-align: baseline; white-space: pre-wrap;\"><strong>Active LED Vision :<\/strong> des faisceaux de feux intelligents s&rsquo;adaptent en fonction de la conduite de nuit : condition de route et vitesse de circulation de la voiture.<\/span><\/span><\/p>\n<p dir=\"ltr\" style=\"line-height: 1.38; margin-top: 8pt; margin-bottom: 0pt; text-align: justify;\"><span id=\"docs-internal-guid-94e99832-f96b-6938-df5c-a31b49764161\"><span style=\"font-size: 10pt; font-family: Arial; color: #000000; font-variant-numeric: normal; font-variant-east-asian: normal; vertical-align: baseline; white-space: pre-wrap;\"><strong>Driver Attention Monitoring :<\/strong> souriez, vous \u00eates film\u00e9 ! Une cam\u00e9ra est situ\u00e9e pr\u00e8s du volant pour d\u00e9tecter des clignements des yeux et des signes de distractions. A cet effet, une alerte se d\u00e9clenche.<\/span><\/span><\/p>\n<p><span style=\"color: #000000; font-family: Arial; font-size: 10pt; font-weight: bold; white-space: pre-wrap; text-align: justify;\">Trois essence et deux diesel<\/span><\/p>\n<p dir=\"ltr\" style=\"line-height: 1.38; margin-top: 8pt; margin-bottom: 0pt; text-align: justify;\"><span id=\"docs-internal-guid-94e99832-f96b-6938-df5c-a31b49764161\"><span style=\"font-size: 10pt; font-family: Arial; color: #000000; font-variant-numeric: normal; font-variant-east-asian: normal; vertical-align: baseline; white-space: pre-wrap;\">B\u00e2ti sur la plate-forme modulaire EMP2, la marque DS Automobiles propose cinq moteurs diff\u00e9rents sur le DS7 Crossback : trois essence et deux diesel.<\/span><\/span><\/p>\n<p dir=\"ltr\" style=\"line-height: 1.38; margin-top: 8pt; margin-bottom: 0pt; text-align: justify;\"><span id=\"docs-internal-guid-94e99832-f96b-6938-df5c-a31b49764161\"><span style=\"font-size: 10pt; font-family: Arial; color: #000000; font-variant-numeric: normal; font-variant-east-asian: normal; vertical-align: baseline; white-space: pre-wrap;\">En essence, on retrouve le <strong>3-cylindres PureTech 130<\/strong>, accoupl\u00e9 \u00e0 une <strong>bo\u00eete de vitesses manuelle \u00e0 6 rapports<\/strong>. Un bloc tr\u00e8s appr\u00e9ci\u00e9 pour sa consommation raisonnable lors d&rsquo;une conduite douce. Cette motorisation est d\u00e9j\u00e0 pr\u00e9sente sous de nombreux capots de voitures du groupe PSA tel que la Peugeot 308, la Peugeot 3008 et la Citro\u00ebn C4 Picasso. De plus, la nouvelle DS b\u00e9n\u00e9ficiera d&rsquo;un <strong>4-cylindres THP en version 180ch et 225ch<\/strong> dot\u00e9 d&rsquo;une <strong>bo\u00eete de vitesses automatique \u00e0 8 rapports<\/strong>. Cet SUV est le <strong>premier membre du groupe PSA \u00e0 en b\u00e9n\u00e9ficier !<\/strong><\/span><\/span><\/p>\n<p dir=\"ltr\" style=\"line-height: 1.38; margin-top: 8pt; margin-bottom: 0pt; text-align: justify;\"><span id=\"docs-internal-guid-94e99832-f96b-6938-df5c-a31b49764161\"><span style=\"font-size: 10pt; font-family: Arial; color: #000000; font-variant-numeric: normal; font-variant-east-asian: normal; vertical-align: baseline; white-space: pre-wrap;\">Concernant les diesel, le moteur <strong>4 cylindres 1.6-litre BlueHDI<\/strong> sont pr\u00e9sents sur la nouvelle DS7 Crossback. Elle sera d\u00e9clin\u00e9e en <strong>version 130ch avec transmission manuelle<\/strong> et <strong>180ch avec une bo\u00eete de vitesses automatique \u00e0 8 rapports<\/strong>. Rassurez-vous, le bloc est accompagn\u00e9 d&rsquo;un filtre \u00e0 particule et d&rsquo;un syst\u00e8me SCR permettant de limiter les \u00e9missions de NOx.<\/span><\/span><\/p>\n<p dir=\"ltr\" style=\"line-height: 1.38; margin-top: 8pt; margin-bottom: 0pt; text-align: justify;\"><span id=\"docs-internal-guid-94e99832-f96b-6938-df5c-a31b49764161\"><span style=\"font-size: 10pt; font-family: Arial; color: #000000; font-weight: bold; font-variant-numeric: normal; font-variant-east-asian: normal; vertical-align: baseline; white-space: pre-wrap;\">Une s\u00e9curit\u00e9 optimale<\/span><\/span><\/p>\n<p dir=\"ltr\" style=\"line-height: 1.38; margin-top: 8pt; margin-bottom: 0pt; text-align: justify;\"><span id=\"docs-internal-guid-94e99832-f96b-6938-df5c-a31b49764161\"><span style=\"font-size: 10pt; font-family: Arial; color: #000000; font-variant-numeric: normal; font-variant-east-asian: normal; vertical-align: baseline; white-space: pre-wrap;\">DS Automobiles, soucieux de la s\u00e9curit\u00e9 de ses passagers, con\u00e7oit un mod\u00e8le qui a su faire un <strong>sans-faute aux crash tests Euro NCAP.<\/strong> En effet, la marque doit ses<strong> 5 \u00e9toiles<\/strong> aux nombreuses solutions technologiques embarqu\u00e9es et, parfois, in\u00e9dites sur ce segment. Ainsi, la nouvelle DS7 Crossback se procure des <strong>\u00e9quipements incontournables de s\u00e9curit\u00e9<\/strong>. Plus de 10 \u00e9quipements en s\u00e9rie d\u00e8s le premier niveau, dont le freinage d&rsquo;urgence automatique, le syst\u00e8me de vision de nuit, la surveillance de la vigilance du conducteur, la surveillance des angles morts, l&rsquo;alerte active de franchissement involontaire de ligne, la reconnaissance des panneaux de signalisation\u2026<\/span><\/span><\/p>\n<p><span style=\"color: #000000; font-family: Arial; font-size: 10pt; font-weight: bold; white-space: pre-wrap; text-align: justify;\">Euro NCAP Crash Test de la DS7 Crossback<\/span><\/p>\n<p dir=\"ltr\" style=\"line-height: 1.38; margin-top: 8pt; margin-bottom: 0pt; text-align: justify;\"><iframe loading=\"lazy\" src=\"https:\/\/www.youtube.com\/embed\/ZIewvVZ4Ma0\" width=\"560\" height=\"315\" allowfullscreen=\"allowfullscreen\"><\/iframe><\/p>\n<p dir=\"ltr\" style=\"line-height: 1.38; margin-top: 8pt; margin-bottom: 0pt; text-align: justify;\"><span id=\"docs-internal-guid-94e99832-f96b-6938-df5c-a31b49764161\"><span style=\"font-size: 10pt; font-family: Arial; color: #000000; font-variant-numeric: normal; font-variant-east-asian: normal; vertical-align: baseline; white-space: pre-wrap;\">De tr\u00e8s bons r\u00e9sultats pour la protection des adultes (91%) et des enfants (87%). Cet SUV reste dans la moyenne des concurrents test\u00e9s en 2017, tous not\u00e9s cinq \u00e9toiles.<\/span><\/span><\/p>\n<div dir=\"ltr\" style=\"margin-left: 0pt;\">\n<table style=\"border: none; border-collapse: collapse;\">\n<colgroup>\n<col width=\"300\" \/>\n<col width=\"301\" \/> <\/colgroup>\n<tbody>\n<tr style=\"height: 155.25pt;\">\n<td style=\"border-right: solid #000000 0.9960975000000001pt; vertical-align: top; padding: 5pt 5pt 5pt 5pt;\">\n<p dir=\"ltr\" style=\"line-height: 1.38; margin-top: 0pt; margin-bottom: 0pt; text-align: center;\"><span id=\"docs-internal-guid-94e99832-f96b-6938-df5c-a31b49764161\"><span style=\"font-size: 10pt; font-family: Arial; color: #000000; font-weight: bold; font-variant-numeric: normal; font-variant-east-asian: normal; vertical-align: baseline; white-space: pre-wrap;\">Les +<\/span><\/span><\/p>\n<p dir=\"ltr\" style=\"line-height: 1.38; margin-top: 8pt; margin-bottom: 0pt; text-align: center;\"><span id=\"docs-internal-guid-94e99832-f96b-6938-df5c-a31b49764161\"><span style=\"font-size: 10pt; font-family: Arial; color: #000000; font-variant-numeric: normal; font-variant-east-asian: normal; vertical-align: baseline; white-space: pre-wrap;\">Confort<\/span><\/span><\/p>\n<p dir=\"ltr\" style=\"line-height: 1.38; margin-top: 8pt; margin-bottom: 0pt; text-align: center;\"><span id=\"docs-internal-guid-94e99832-f96b-6938-df5c-a31b49764161\"><span style=\"font-size: 10pt; font-family: Arial; color: #000000; font-variant-numeric: normal; font-variant-east-asian: normal; vertical-align: baseline; white-space: pre-wrap;\">Qualit\u00e9 de fabrication et de finition<\/span><\/span><\/p>\n<p dir=\"ltr\" style=\"line-height: 1.38; margin-top: 8pt; margin-bottom: 0pt; text-align: center;\"><span id=\"docs-internal-guid-94e99832-f96b-6938-df5c-a31b49764161\"><span style=\"font-size: 10pt; font-family: Arial; color: #000000; font-variant-numeric: normal; font-variant-east-asian: normal; vertical-align: baseline; white-space: pre-wrap;\">Habitabilit\u00e9<\/span><\/span><\/p>\n<p dir=\"ltr\" style=\"line-height: 1.38; margin-top: 8pt; margin-bottom: 0pt; text-align: center;\"><span id=\"docs-internal-guid-94e99832-f96b-6938-df5c-a31b49764161\"><span style=\"font-size: 10pt; font-family: Arial; color: #000000; font-variant-numeric: normal; font-variant-east-asian: normal; vertical-align: baseline; white-space: pre-wrap;\">Volume de coffre<\/span><\/span><\/p>\n<p dir=\"ltr\" style=\"line-height: 1.38; margin-top: 8pt; margin-bottom: 0pt; text-align: center;\"><span id=\"docs-internal-guid-94e99832-f96b-6938-df5c-a31b49764161\"><span style=\"font-size: 10pt; font-family: Arial; color: #000000; font-variant-numeric: normal; font-variant-east-asian: normal; vertical-align: baseline; white-space: pre-wrap;\">Agr\u00e9ment de conduite<\/span><\/span><\/p>\n<p dir=\"ltr\" style=\"line-height: 1.38; margin-top: 8pt; margin-bottom: 0pt; text-align: center;\"><span id=\"docs-internal-guid-94e99832-f96b-6938-df5c-a31b49764161\"><span style=\"font-size: 10pt; font-family: Arial; color: #000000; font-variant-numeric: normal; font-variant-east-asian: normal; vertical-align: baseline; white-space: pre-wrap;\">Le contenu technologique<\/span><\/span><\/p>\n<p dir=\"ltr\" style=\"line-height: 1.38; margin-top: 8pt; margin-bottom: 0pt; text-align: center;\"><span id=\"docs-internal-guid-94e99832-f96b-6938-df5c-a31b49764161\"><span style=\"font-size: 10pt; font-family: Arial; color: #000000; font-variant-numeric: normal; font-variant-east-asian: normal; vertical-align: baseline; white-space: pre-wrap;\">Le rapport prix\/\u00e9quipement<\/span><\/span><\/p>\n<\/td>\n<td style=\"border-left: solid #000000 0.9960975000000001pt; vertical-align: top; padding: 5pt 5pt 5pt 5pt;\">\n<p dir=\"ltr\" style=\"line-height: 1.38; margin-top: 0pt; margin-bottom: 0pt; text-align: center;\"><span id=\"docs-internal-guid-94e99832-f96b-6938-df5c-a31b49764161\"><span style=\"font-size: 10pt; font-family: Arial; color: #000000; font-weight: bold; font-variant-numeric: normal; font-variant-east-asian: normal; vertical-align: baseline; white-space: pre-wrap;\">Les &#8211;<\/span><\/span><\/p>\n<p dir=\"ltr\" style=\"line-height: 1.38; margin-top: 8pt; margin-bottom: 0pt; text-align: center;\"><span id=\"docs-internal-guid-94e99832-f96b-6938-df5c-a31b49764161\"><span style=\"font-size: 10pt; font-family: Arial; color: #000000; font-variant-numeric: normal; font-variant-east-asian: normal; vertical-align: baseline; white-space: pre-wrap;\">Visibilit\u00e9 perfectible<\/span><\/span><\/p>\n<p dir=\"ltr\" style=\"line-height: 1.38; margin-top: 8pt; margin-bottom: 0pt; text-align: center;\"><span id=\"docs-internal-guid-94e99832-f96b-6938-df5c-a31b49764161\"><span style=\"font-size: 10pt; font-family: Arial; color: #000000; font-variant-numeric: normal; font-variant-east-asian: normal; vertical-align: baseline; white-space: pre-wrap;\">Lisibilit\u00e9 de certaines commandes<\/span><\/span><\/p>\n<p dir=\"ltr\" style=\"line-height: 1.38; margin-top: 8pt; margin-bottom: 0pt; text-align: center;\"><span id=\"docs-internal-guid-94e99832-f96b-6938-df5c-a31b49764161\"><span style=\"font-size: 10pt; font-family: Arial; color: #000000; font-variant-numeric: normal; font-variant-east-asian: normal; vertical-align: baseline; white-space: pre-wrap;\">Sur-assistance de freinage<\/span><\/span><\/p>\n<\/td>\n<\/tr>\n<\/tbody>\n<\/table>\n<\/div>\n<p dir=\"ltr\" style=\"line-height: 1.38; margin-top: 0pt; margin-bottom: 0pt; text-align: justify;\"><span id=\"docs-internal-guid-94e99832-f96b-6938-df5c-a31b49764161\"><span style=\"font-size: 10pt; font-family: Arial; color: #000000; font-variant-numeric: normal; font-variant-east-asian: normal; vertical-align: baseline; white-space: pre-wrap;\">La gamme DS se lance dans un <strong>mod\u00e8le hybride rechargeable fort de 300ch<\/strong> (en puissance cumul\u00e9e). Dot\u00e9 d&rsquo;un <strong>moteur \u00e0 essence 1.6THP de 200ch<\/strong>, cette version sera dot\u00e9e de deux <strong>moteurs \u00e9lectriques de 80 kW<\/strong>, un \u00e0 l&rsquo;avant, situ\u00e9 dans la bo\u00eete de vitesses, et le second \u00e0 l&rsquo;arri\u00e8re. Le tout pour une <strong>autonomie de 50km<\/strong> en mode tout-\u00e9lectrique selon le nouveau cycle WLTP. Pied au plancher, ce SUV compact passe de <strong>0 \u00e0 100km\/h en 7 secondes<\/strong> seulement gr\u00e2ce \u00e0 la combinaison des moteurs ! Apr\u00e8s cette petite mise en bouche, les plus \u00e9colos d&rsquo;entre nous se demandent : \u00e0 quand la version hybride ? Soyez patient, ce mod\u00e8le disponible sur catalogue en <strong>septembre 2019 pour 65 000<\/strong>\u20ac. A ce prix, elle sera la voiture fran\u00e7aise la plus ch\u00e8re !<\/span><\/span><\/p>\n<p dir=\"ltr\" style=\"line-height: 1.38; margin-top: 0pt; margin-bottom: 0pt; text-align: justify;\"><span id=\"docs-internal-guid-94e99832-f96b-6938-df5c-a31b49764161\"><span style=\"font-size: 10pt; font-family: Arial; color: #000000; font-variant-numeric: normal; font-variant-east-asian: normal; vertical-align: baseline; white-space: pre-wrap;\"><strong>Plus d&rsquo;informations techniques sur cette belle <a href=\"http:\/\/www.autojm.fr\/achat-voitures-neuves-ds-ds-7-crossback,386.html\">DS7 Crossback par ici<\/a><\/strong> !<\/span><\/span><\/p>\n","protected":false},"excerpt":{"rendered":"<p>DS Automobiles, devenue marque \u00e0 part enti\u00e8re en 2014, met la barre haute en termes de qualit\u00e9 de fabrication et de confort. Avec ce nouveau SUV Crossback, la marque se place au sommet des productions fran\u00e7aises. Ainsi, son mod\u00e8le, d\u00e9velopp\u00e9 100% en interne, offre de nombreuses innovations qui sauront ravir les clients les plus ais\u00e9s.<\/p>\n","protected":false},"author":1,"featured_media":5770,"comment_status":"open","ping_status":"open","sticky":false,"template":"","format":"standard","meta":{"_acf_changed":false,"content-type":"","footnotes":""},"categories":[234,61],"tags":[90,105,150],"class_list":["post-3710","post","type-post","status-publish","format-standard","has-post-thumbnail","hentry","category-nouveaute-ds","category-nouveautes-autos","tag-autojm","tag-ds","tag-ds7-crossback"],"acf":[],"yoast_head":"<!-- This site is optimized with the Yoast SEO plugin v27.5 - https:\/\/yoast.com\/product\/yoast-seo-wordpress\/ -->\n<title>DS7 Crossback, le nouveau SUV compact de DS - AutoJM Mag<\/title>\n<meta name=\"description\" content=\"DS Automobiles, devenue marque \u00e0 part enti\u00e8re en 2014, met la barre haute en termes de qualit\u00e9 de fabrication et de confort.\" \/>\n<meta name=\"robots\" content=\"index, follow, max-snippet:-1, max-image-preview:large, max-video-preview:-1\" \/>\n<link rel=\"canonical\" href=\"https:\/\/www.autojm.fr\/blog\/ds7-crossback-le-nouveau-suv-compact-de-ds\/\" \/>\n<meta property=\"og:locale\" content=\"fr_FR\" \/>\n<meta property=\"og:type\" content=\"article\" \/>\n<meta property=\"og:title\" content=\"DS7 Crossback, le nouveau SUV compact de DS - AutoJM Mag\" \/>\n<meta property=\"og:description\" content=\"DS Automobiles, devenue marque \u00e0 part enti\u00e8re en 2014, met la barre haute en termes de qualit\u00e9 de fabrication et de confort.\" \/>\n<meta property=\"og:url\" content=\"https:\/\/www.autojm.fr\/blog\/ds7-crossback-le-nouveau-suv-compact-de-ds\/\" \/>\n<meta property=\"og:site_name\" content=\"AutoJM Mag\" \/>\n<meta property=\"article:publisher\" content=\"https:\/\/www.facebook.com\/AutoJM25\" \/>\n<meta property=\"article:published_time\" content=\"2018-01-15T00:00:00+00:00\" \/>\n<meta property=\"article:modified_time\" content=\"2023-09-15T09:54:43+00:00\" \/>\n<meta property=\"og:image\" content=\"https:\/\/www.autojm.fr\/blog\/wp-content\/uploads\/2022\/10\/431.jpg\" \/>\n\t<meta property=\"og:image:width\" content=\"1024\" \/>\n\t<meta property=\"og:image:height\" content=\"564\" \/>\n\t<meta property=\"og:image:type\" content=\"image\/jpeg\" \/>\n<meta name=\"author\" content=\"Autojm\" \/>\n<meta name=\"twitter:card\" content=\"summary_large_image\" \/>\n<meta name=\"twitter:label1\" content=\"\u00c9crit par\" \/>\n\t<meta name=\"twitter:data1\" content=\"Autojm\" \/>\n\t<meta name=\"twitter:label2\" content=\"Dur\u00e9e de lecture estim\u00e9e\" \/>\n\t<meta name=\"twitter:data2\" content=\"6 minutes\" \/>\n<script type=\"application\/ld+json\" class=\"yoast-schema-graph\">{\"@context\":\"https:\\\/\\\/schema.org\",\"@graph\":[{\"@type\":\"Article\",\"@id\":\"https:\\\/\\\/www.autojm.fr\\\/blog\\\/ds7-crossback-le-nouveau-suv-compact-de-ds\\\/#article\",\"isPartOf\":{\"@id\":\"https:\\\/\\\/www.autojm.fr\\\/blog\\\/ds7-crossback-le-nouveau-suv-compact-de-ds\\\/\"},\"author\":{\"name\":\"Autojm\",\"@id\":\"https:\\\/\\\/www.autojm.fr\\\/blog\\\/#\\\/schema\\\/person\\\/9742bc77541853e0de81fc57f947e1a0\"},\"headline\":\"DS7 Crossback, le nouveau SUV compact de DS\",\"datePublished\":\"2018-01-15T00:00:00+00:00\",\"dateModified\":\"2023-09-15T09:54:43+00:00\",\"mainEntityOfPage\":{\"@id\":\"https:\\\/\\\/www.autojm.fr\\\/blog\\\/ds7-crossback-le-nouveau-suv-compact-de-ds\\\/\"},\"wordCount\":1151,\"commentCount\":0,\"publisher\":{\"@id\":\"https:\\\/\\\/www.autojm.fr\\\/blog\\\/#organization\"},\"image\":{\"@id\":\"https:\\\/\\\/www.autojm.fr\\\/blog\\\/ds7-crossback-le-nouveau-suv-compact-de-ds\\\/#primaryimage\"},\"thumbnailUrl\":\"https:\\\/\\\/www.autojm.fr\\\/blog\\\/wp-content\\\/uploads\\\/2022\\\/10\\\/431.jpg\",\"keywords\":[\"autojm\",\"DS\",\"DS7 Crossback\"],\"articleSection\":[\"Nouveaut\u00e9 DS\",\"Nouveaut\u00e9s Autos\"],\"inLanguage\":\"fr-FR\",\"potentialAction\":[{\"@type\":\"CommentAction\",\"name\":\"Comment\",\"target\":[\"https:\\\/\\\/www.autojm.fr\\\/blog\\\/ds7-crossback-le-nouveau-suv-compact-de-ds\\\/#respond\"]}]},{\"@type\":\"WebPage\",\"@id\":\"https:\\\/\\\/www.autojm.fr\\\/blog\\\/ds7-crossback-le-nouveau-suv-compact-de-ds\\\/\",\"url\":\"https:\\\/\\\/www.autojm.fr\\\/blog\\\/ds7-crossback-le-nouveau-suv-compact-de-ds\\\/\",\"name\":\"DS7 Crossback, le nouveau SUV compact de DS - AutoJM Mag\",\"isPartOf\":{\"@id\":\"https:\\\/\\\/www.autojm.fr\\\/blog\\\/#website\"},\"primaryImageOfPage\":{\"@id\":\"https:\\\/\\\/www.autojm.fr\\\/blog\\\/ds7-crossback-le-nouveau-suv-compact-de-ds\\\/#primaryimage\"},\"image\":{\"@id\":\"https:\\\/\\\/www.autojm.fr\\\/blog\\\/ds7-crossback-le-nouveau-suv-compact-de-ds\\\/#primaryimage\"},\"thumbnailUrl\":\"https:\\\/\\\/www.autojm.fr\\\/blog\\\/wp-content\\\/uploads\\\/2022\\\/10\\\/431.jpg\",\"datePublished\":\"2018-01-15T00:00:00+00:00\",\"dateModified\":\"2023-09-15T09:54:43+00:00\",\"description\":\"DS Automobiles, devenue marque \u00e0 part enti\u00e8re en 2014, met la barre haute en termes de qualit\u00e9 de fabrication et de confort.\",\"breadcrumb\":{\"@id\":\"https:\\\/\\\/www.autojm.fr\\\/blog\\\/ds7-crossback-le-nouveau-suv-compact-de-ds\\\/#breadcrumb\"},\"inLanguage\":\"fr-FR\",\"potentialAction\":[{\"@type\":\"ReadAction\",\"target\":[\"https:\\\/\\\/www.autojm.fr\\\/blog\\\/ds7-crossback-le-nouveau-suv-compact-de-ds\\\/\"]}]},{\"@type\":\"ImageObject\",\"inLanguage\":\"fr-FR\",\"@id\":\"https:\\\/\\\/www.autojm.fr\\\/blog\\\/ds7-crossback-le-nouveau-suv-compact-de-ds\\\/#primaryimage\",\"url\":\"https:\\\/\\\/www.autojm.fr\\\/blog\\\/wp-content\\\/uploads\\\/2022\\\/10\\\/431.jpg\",\"contentUrl\":\"https:\\\/\\\/www.autojm.fr\\\/blog\\\/wp-content\\\/uploads\\\/2022\\\/10\\\/431.jpg\",\"width\":1024,\"height\":564,\"caption\":\"DS 7 Crossback\"},{\"@type\":\"BreadcrumbList\",\"@id\":\"https:\\\/\\\/www.autojm.fr\\\/blog\\\/ds7-crossback-le-nouveau-suv-compact-de-ds\\\/#breadcrumb\",\"itemListElement\":[{\"@type\":\"ListItem\",\"position\":1,\"name\":\"Accueil\",\"item\":\"https:\\\/\\\/www.autojm.fr\\\/blog\\\/\"},{\"@type\":\"ListItem\",\"position\":2,\"name\":\"Nouveaut\u00e9s Autos\",\"item\":\"https:\\\/\\\/www.autojm.fr\\\/blog\\\/nouveautes-autos\\\/\"},{\"@type\":\"ListItem\",\"position\":3,\"name\":\"DS7 Crossback, le nouveau SUV compact de DS\"}]},{\"@type\":\"WebSite\",\"@id\":\"https:\\\/\\\/www.autojm.fr\\\/blog\\\/#website\",\"url\":\"https:\\\/\\\/www.autojm.fr\\\/blog\\\/\",\"name\":\"AutoJM Mag\",\"description\":\"Toute l&#039;actu auto en 1 clic !\",\"publisher\":{\"@id\":\"https:\\\/\\\/www.autojm.fr\\\/blog\\\/#organization\"},\"potentialAction\":[{\"@type\":\"SearchAction\",\"target\":{\"@type\":\"EntryPoint\",\"urlTemplate\":\"https:\\\/\\\/www.autojm.fr\\\/blog\\\/?s={search_term_string}\"},\"query-input\":{\"@type\":\"PropertyValueSpecification\",\"valueRequired\":true,\"valueName\":\"search_term_string\"}}],\"inLanguage\":\"fr-FR\"},{\"@type\":\"Organization\",\"@id\":\"https:\\\/\\\/www.autojm.fr\\\/blog\\\/#organization\",\"name\":\"AutoJM Mag\",\"url\":\"https:\\\/\\\/www.autojm.fr\\\/blog\\\/\",\"logo\":{\"@type\":\"ImageObject\",\"inLanguage\":\"fr-FR\",\"@id\":\"https:\\\/\\\/www.autojm.fr\\\/blog\\\/#\\\/schema\\\/logo\\\/image\\\/\",\"url\":\"https:\\\/\\\/www.autojm.fr\\\/blog\\\/wp-content\\\/uploads\\\/2022\\\/12\\\/cropped-AutoJMag-png.png\",\"contentUrl\":\"https:\\\/\\\/www.autojm.fr\\\/blog\\\/wp-content\\\/uploads\\\/2022\\\/12\\\/cropped-AutoJMag-png.png\",\"width\":2834,\"height\":585,\"caption\":\"AutoJM Mag\"},\"image\":{\"@id\":\"https:\\\/\\\/www.autojm.fr\\\/blog\\\/#\\\/schema\\\/logo\\\/image\\\/\"},\"sameAs\":[\"https:\\\/\\\/www.facebook.com\\\/AutoJM25\"]},{\"@type\":\"Person\",\"@id\":\"https:\\\/\\\/www.autojm.fr\\\/blog\\\/#\\\/schema\\\/person\\\/9742bc77541853e0de81fc57f947e1a0\",\"name\":\"Autojm\",\"image\":{\"@type\":\"ImageObject\",\"inLanguage\":\"fr-FR\",\"@id\":\"https:\\\/\\\/secure.gravatar.com\\\/avatar\\\/9a959d52b758fcc232fe4b6aca7bab139182573297122cce7d6f2ee0e537b418?s=96&d=mm&r=g\",\"url\":\"https:\\\/\\\/secure.gravatar.com\\\/avatar\\\/9a959d52b758fcc232fe4b6aca7bab139182573297122cce7d6f2ee0e537b418?s=96&d=mm&r=g\",\"contentUrl\":\"https:\\\/\\\/secure.gravatar.com\\\/avatar\\\/9a959d52b758fcc232fe4b6aca7bab139182573297122cce7d6f2ee0e537b418?s=96&d=mm&r=g\",\"caption\":\"Autojm\"},\"sameAs\":[\"https:\\\/\\\/www.autojm.fr\\\/blog\"],\"url\":\"https:\\\/\\\/www.autojm.fr\\\/blog\\\/author\\\/bichoi\\\/\"}]}<\/script>\n<!-- \/ Yoast SEO plugin. -->","yoast_head_json":{"title":"DS7 Crossback, le nouveau SUV compact de DS - AutoJM Mag","description":"DS Automobiles, devenue marque \u00e0 part enti\u00e8re en 2014, met la barre haute en termes de qualit\u00e9 de fabrication et de confort.","robots":{"index":"index","follow":"follow","max-snippet":"max-snippet:-1","max-image-preview":"max-image-preview:large","max-video-preview":"max-video-preview:-1"},"canonical":"https:\/\/www.autojm.fr\/blog\/ds7-crossback-le-nouveau-suv-compact-de-ds\/","og_locale":"fr_FR","og_type":"article","og_title":"DS7 Crossback, le nouveau SUV compact de DS - AutoJM Mag","og_description":"DS Automobiles, devenue marque \u00e0 part enti\u00e8re en 2014, met la barre haute en termes de qualit\u00e9 de fabrication et de confort.","og_url":"https:\/\/www.autojm.fr\/blog\/ds7-crossback-le-nouveau-suv-compact-de-ds\/","og_site_name":"AutoJM Mag","article_publisher":"https:\/\/www.facebook.com\/AutoJM25","article_published_time":"2018-01-15T00:00:00+00:00","article_modified_time":"2023-09-15T09:54:43+00:00","og_image":[{"width":1024,"height":564,"url":"https:\/\/www.autojm.fr\/blog\/wp-content\/uploads\/2022\/10\/431.jpg","type":"image\/jpeg"}],"author":"Autojm","twitter_card":"summary_large_image","twitter_misc":{"\u00c9crit par":"Autojm","Dur\u00e9e de lecture estim\u00e9e":"6 minutes"},"schema":{"@context":"https:\/\/schema.org","@graph":[{"@type":"Article","@id":"https:\/\/www.autojm.fr\/blog\/ds7-crossback-le-nouveau-suv-compact-de-ds\/#article","isPartOf":{"@id":"https:\/\/www.autojm.fr\/blog\/ds7-crossback-le-nouveau-suv-compact-de-ds\/"},"author":{"name":"Autojm","@id":"https:\/\/www.autojm.fr\/blog\/#\/schema\/person\/9742bc77541853e0de81fc57f947e1a0"},"headline":"DS7 Crossback, le nouveau SUV compact de DS","datePublished":"2018-01-15T00:00:00+00:00","dateModified":"2023-09-15T09:54:43+00:00","mainEntityOfPage":{"@id":"https:\/\/www.autojm.fr\/blog\/ds7-crossback-le-nouveau-suv-compact-de-ds\/"},"wordCount":1151,"commentCount":0,"publisher":{"@id":"https:\/\/www.autojm.fr\/blog\/#organization"},"image":{"@id":"https:\/\/www.autojm.fr\/blog\/ds7-crossback-le-nouveau-suv-compact-de-ds\/#primaryimage"},"thumbnailUrl":"https:\/\/www.autojm.fr\/blog\/wp-content\/uploads\/2022\/10\/431.jpg","keywords":["autojm","DS","DS7 Crossback"],"articleSection":["Nouveaut\u00e9 DS","Nouveaut\u00e9s Autos"],"inLanguage":"fr-FR","potentialAction":[{"@type":"CommentAction","name":"Comment","target":["https:\/\/www.autojm.fr\/blog\/ds7-crossback-le-nouveau-suv-compact-de-ds\/#respond"]}]},{"@type":"WebPage","@id":"https:\/\/www.autojm.fr\/blog\/ds7-crossback-le-nouveau-suv-compact-de-ds\/","url":"https:\/\/www.autojm.fr\/blog\/ds7-crossback-le-nouveau-suv-compact-de-ds\/","name":"DS7 Crossback, le nouveau SUV compact de DS - AutoJM Mag","isPartOf":{"@id":"https:\/\/www.autojm.fr\/blog\/#website"},"primaryImageOfPage":{"@id":"https:\/\/www.autojm.fr\/blog\/ds7-crossback-le-nouveau-suv-compact-de-ds\/#primaryimage"},"image":{"@id":"https:\/\/www.autojm.fr\/blog\/ds7-crossback-le-nouveau-suv-compact-de-ds\/#primaryimage"},"thumbnailUrl":"https:\/\/www.autojm.fr\/blog\/wp-content\/uploads\/2022\/10\/431.jpg","datePublished":"2018-01-15T00:00:00+00:00","dateModified":"2023-09-15T09:54:43+00:00","description":"DS Automobiles, devenue marque \u00e0 part enti\u00e8re en 2014, met la barre haute en termes de qualit\u00e9 de fabrication et de confort.","breadcrumb":{"@id":"https:\/\/www.autojm.fr\/blog\/ds7-crossback-le-nouveau-suv-compact-de-ds\/#breadcrumb"},"inLanguage":"fr-FR","potentialAction":[{"@type":"ReadAction","target":["https:\/\/www.autojm.fr\/blog\/ds7-crossback-le-nouveau-suv-compact-de-ds\/"]}]},{"@type":"ImageObject","inLanguage":"fr-FR","@id":"https:\/\/www.autojm.fr\/blog\/ds7-crossback-le-nouveau-suv-compact-de-ds\/#primaryimage","url":"https:\/\/www.autojm.fr\/blog\/wp-content\/uploads\/2022\/10\/431.jpg","contentUrl":"https:\/\/www.autojm.fr\/blog\/wp-content\/uploads\/2022\/10\/431.jpg","width":1024,"height":564,"caption":"DS 7 Crossback"},{"@type":"BreadcrumbList","@id":"https:\/\/www.autojm.fr\/blog\/ds7-crossback-le-nouveau-suv-compact-de-ds\/#breadcrumb","itemListElement":[{"@type":"ListItem","position":1,"name":"Accueil","item":"https:\/\/www.autojm.fr\/blog\/"},{"@type":"ListItem","position":2,"name":"Nouveaut\u00e9s Autos","item":"https:\/\/www.autojm.fr\/blog\/nouveautes-autos\/"},{"@type":"ListItem","position":3,"name":"DS7 Crossback, le nouveau SUV compact de DS"}]},{"@type":"WebSite","@id":"https:\/\/www.autojm.fr\/blog\/#website","url":"https:\/\/www.autojm.fr\/blog\/","name":"AutoJM Mag","description":"Toute l&#039;actu auto en 1 clic !","publisher":{"@id":"https:\/\/www.autojm.fr\/blog\/#organization"},"potentialAction":[{"@type":"SearchAction","target":{"@type":"EntryPoint","urlTemplate":"https:\/\/www.autojm.fr\/blog\/?s={search_term_string}"},"query-input":{"@type":"PropertyValueSpecification","valueRequired":true,"valueName":"search_term_string"}}],"inLanguage":"fr-FR"},{"@type":"Organization","@id":"https:\/\/www.autojm.fr\/blog\/#organization","name":"AutoJM Mag","url":"https:\/\/www.autojm.fr\/blog\/","logo":{"@type":"ImageObject","inLanguage":"fr-FR","@id":"https:\/\/www.autojm.fr\/blog\/#\/schema\/logo\/image\/","url":"https:\/\/www.autojm.fr\/blog\/wp-content\/uploads\/2022\/12\/cropped-AutoJMag-png.png","contentUrl":"https:\/\/www.autojm.fr\/blog\/wp-content\/uploads\/2022\/12\/cropped-AutoJMag-png.png","width":2834,"height":585,"caption":"AutoJM Mag"},"image":{"@id":"https:\/\/www.autojm.fr\/blog\/#\/schema\/logo\/image\/"},"sameAs":["https:\/\/www.facebook.com\/AutoJM25"]},{"@type":"Person","@id":"https:\/\/www.autojm.fr\/blog\/#\/schema\/person\/9742bc77541853e0de81fc57f947e1a0","name":"Autojm","image":{"@type":"ImageObject","inLanguage":"fr-FR","@id":"https:\/\/secure.gravatar.com\/avatar\/9a959d52b758fcc232fe4b6aca7bab139182573297122cce7d6f2ee0e537b418?s=96&d=mm&r=g","url":"https:\/\/secure.gravatar.com\/avatar\/9a959d52b758fcc232fe4b6aca7bab139182573297122cce7d6f2ee0e537b418?s=96&d=mm&r=g","contentUrl":"https:\/\/secure.gravatar.com\/avatar\/9a959d52b758fcc232fe4b6aca7bab139182573297122cce7d6f2ee0e537b418?s=96&d=mm&r=g","caption":"Autojm"},"sameAs":["https:\/\/www.autojm.fr\/blog"],"url":"https:\/\/www.autojm.fr\/blog\/author\/bichoi\/"}]}},"_links":{"self":[{"href":"https:\/\/www.autojm.fr\/blog\/wp-json\/wp\/v2\/posts\/3710","targetHints":{"allow":["GET"]}}],"collection":[{"href":"https:\/\/www.autojm.fr\/blog\/wp-json\/wp\/v2\/posts"}],"about":[{"href":"https:\/\/www.autojm.fr\/blog\/wp-json\/wp\/v2\/types\/post"}],"author":[{"embeddable":true,"href":"https:\/\/www.autojm.fr\/blog\/wp-json\/wp\/v2\/users\/1"}],"replies":[{"embeddable":true,"href":"https:\/\/www.autojm.fr\/blog\/wp-json\/wp\/v2\/comments?post=3710"}],"version-history":[{"count":6,"href":"https:\/\/www.autojm.fr\/blog\/wp-json\/wp\/v2\/posts\/3710\/revisions"}],"predecessor-version":[{"id":12686,"href":"https:\/\/www.autojm.fr\/blog\/wp-json\/wp\/v2\/posts\/3710\/revisions\/12686"}],"wp:featuredmedia":[{"embeddable":true,"href":"https:\/\/www.autojm.fr\/blog\/wp-json\/wp\/v2\/media\/5770"}],"wp:attachment":[{"href":"https:\/\/www.autojm.fr\/blog\/wp-json\/wp\/v2\/media?parent=3710"}],"wp:term":[{"taxonomy":"category","embeddable":true,"href":"https:\/\/www.autojm.fr\/blog\/wp-json\/wp\/v2\/categories?post=3710"},{"taxonomy":"post_tag","embeddable":true,"href":"https:\/\/www.autojm.fr\/blog\/wp-json\/wp\/v2\/tags?post=3710"}],"curies":[{"name":"wp","href":"https:\/\/api.w.org\/{rel}","templated":true}]}}