{"id":3709,"date":"2018-01-09T00:00:00","date_gmt":"2018-01-09T00:00:00","guid":{"rendered":"https:\/\/www.autojm.fr\/blog\/nouveau-moteur-essence-1-3-disponible-pour-la-gamme-scenic-et-grand-scenic\/"},"modified":"2023-04-18T13:20:16","modified_gmt":"2023-04-18T13:20:16","slug":"nouveau-moteur-essence-1-3-disponible-pour-la-gamme-scenic-et-grand-scenic","status":"publish","type":"post","link":"https:\/\/www.autojm.fr\/blog\/nouveau-moteur-essence-1-3-disponible-pour-la-gamme-scenic-et-grand-scenic\/","title":{"rendered":"Nouveau moteur essence 1.3 disponible pour la gamme Scenic et Grand Scenic"},"content":{"rendered":"<div style=\"text-align: justify;\"><\/div>\n<div style=\"text-align: justify;\"><strong><a href=\"https:\/\/www.autojm.fr\/mandataire-voitures-neuves-renault\">Renault<\/a><\/strong> lance un <strong>moteur de nouvelle g\u00e9n\u00e9ration<\/strong> pour cette nouvelle ann\u00e9e! Produit dans l&rsquo;usine Renault de Valladolid, en Espagne, le <strong><a href=\"https:\/\/www.autojm.fr\/mandataire-voitures-neuves-renault\">Scenic<\/a><\/strong> et <a href=\"https:\/\/www.autojm.fr\/mandataire-voitures-neuves-renault\"><strong>Grand Scenic<\/strong><\/a> inaugure ce nouveau <strong>moteur 1.3L Energy TCe<\/strong>. Il vient<strong> remplacer le 1.2 TCe de 115 et 130 ch<\/strong> et peut \u00eatre associ\u00e9 \u00e0 une bo\u00eete de vitesses manuelle \u00e0 6 rapports ou \u00e0 une transmission automatique EDC7 \u00e0 double embrayage. Co-d\u00e9velopp\u00e9 en partenariat entre l&rsquo;Alliance Renault-Nissanet Daimler, ce moteur essence turbo \u00e0 injection directe sera progressivement <strong>\u00e9tendu sur d&rsquo;autres mod\u00e8les de la gamme<\/strong>.<\/div>\n<div style=\"text-align: justify;\"><\/div>\n<div style=\"text-align: justify;\"><em>\u00ab\u00a0Cette nouvelle motorisation offre un gain significatif en termes d&rsquo;agr\u00e9ment de conduite, avec un meilleur couple \u00e0 bas r\u00e9gime et une disponibilit\u00e9 plus importante et constante \u00e0 haut r\u00e9gime tout en r\u00e9duisant les consommations et \u00e9missions de CO2\u00a0\u00bb, prometRenault.<\/em><\/div>\n<div style=\"text-align: justify;\"><\/div>\n<div style=\"text-align: justify;\"><em>\u00ab\u00a0Ce moteur (&#8230;) a n\u00e9cessit\u00e9 plus de 40.000 heures d&rsquo;essais. Compar\u00e9 au moteur Energy TCe 130, le nouveau moteur Energy TCe 140 offre un couple maxi de plus 35 Nm. Et il est disponible sur une plage deux fois plus importante, d\u00e8s 1.500 tr\/min et jusqu&rsquo;\u00e0 3.500 tr\/min\u00a0\u00bb, ajoute le dirigeant.<\/em><\/div>\n<div style=\"text-align: justify;\"><\/div>\n<div style=\"text-align: justify;\"><strong>Trois niveaux de puissance seront propos\u00e9s sur le moteur TCe :<\/strong><\/div>\n<div style=\"margin-left: 36pt; text-align: justify;\">&#8211; 115 ch en bo\u00eete manuelle<\/div>\n<div style=\"margin-left: 36pt; text-align: justify;\">&#8211; 140ch en bo\u00eete manuelle ou bo\u00eete automatique EDC<\/div>\n<div style=\"margin-left: 36pt; text-align: justify;\">&#8211; 160 ch en bo\u00eete manuelle ou bo\u00eete automatique EDC<\/div>\n<div style=\"text-align: justify;\">Renault annonce pour ces 5 d\u00e9clinaisons une <strong>consommation mixte de 5,4l\/100 km et des rejets de CO2 de 122g\/km.<\/strong><\/div>\n<div><\/div>\n<div style=\"text-align: justify;\"><strong>Le Renault Sc\u00e9nic TCe 115 <\/strong>acc\u00e9l\u00e8re de 0 \u00e0 100 km\/h en 11,3 secondes et atteint 182 km\/h en vitesse de pointe. Le couple de cette version est de 220 Nm \u00e0 1500 tr\/min.<\/div>\n<div style=\"text-align: justify;\"><\/div>\n<div style=\"text-align: justify;\"><strong>Le Renault Sc\u00e9nic TCe 140<\/strong>dispose donc de 25 ch de plus et d&rsquo;un couple de 240 Nm \u00e0 1600 tr\/min. Il atteint 195 km\/h en pointe et r\u00e9alise le 0 \u00e0 100 km\/h en 10,1 secondes seulement. La version EDC acc\u00e9l\u00e8re de 0 \u00e0 100 km\/h en 10,2 secondes, soit 1 seconde suppl\u00e9mentaire.<\/div>\n<div style=\"text-align: justify;\"><\/div>\n<div style=\"text-align: justify;\"><strong>Le Renault Sc\u00e9nic TCe 160<\/strong> atteint 200 km\/h! Le 0 \u00e0 100 km\/h est effectu\u00e9 en 9,9 s et la conso n&rsquo;est pas sup\u00e9rieure \u00e0 celle des mod\u00e8les pr\u00e9c\u00e9dents. La bo\u00eete EDC effectue des performances similaires.<\/div>\n<div><\/div>\n<div style=\"text-align: justify;\"><\/div>\n","protected":false},"excerpt":{"rendered":"<p>Renault lance un moteur de nouvelle g\u00e9n\u00e9ration pour cette nouvelle ann\u00e9e! Produit dans l&rsquo;usine Renault de Valladolid, en Espagne, le Scenic et Grand Scenic inaugure ce nouveau moteur 1.3L Energy TCe.<\/p>\n","protected":false},"author":1,"featured_media":5769,"comment_status":"open","ping_status":"open","sticky":false,"template":"","format":"standard","meta":{"_acf_changed":false,"content-type":"","footnotes":""},"categories":[62,61],"tags":[90,78,181,180],"class_list":["post-3709","post","type-post","status-publish","format-standard","has-post-thumbnail","hentry","category-nouveaute-renault","category-nouveautes-autos","tag-autojm","tag-renault","tag-renault-grand-scenic","tag-renault-scenic"],"acf":[],"yoast_head":"<!-- This site is optimized with the Yoast SEO plugin v27.5 - https:\/\/yoast.com\/product\/yoast-seo-wordpress\/ -->\n<title>Le nouveau moteur de la marque au losange produit en Espagne<\/title>\n<meta name=\"description\" content=\"Renault lance un moteur de nouvelle g\u00e9n\u00e9ration pour cette nouvelle ann\u00e9e! Produit dans l&#039;usine Renault de Valladolid, en Espagne, le Scenic...\" \/>\n<meta name=\"robots\" content=\"index, follow, max-snippet:-1, max-image-preview:large, max-video-preview:-1\" \/>\n<link rel=\"canonical\" href=\"https:\/\/www.autojm.fr\/blog\/nouveau-moteur-essence-1-3-disponible-pour-la-gamme-scenic-et-grand-scenic\/\" \/>\n<meta property=\"og:locale\" content=\"fr_FR\" \/>\n<meta property=\"og:type\" content=\"article\" \/>\n<meta property=\"og:title\" content=\"Le nouveau moteur de la marque au losange produit en Espagne\" \/>\n<meta property=\"og:description\" content=\"Renault lance un moteur de nouvelle g\u00e9n\u00e9ration pour cette nouvelle ann\u00e9e! Produit dans l&#039;usine Renault de Valladolid, en Espagne, le Scenic...\" \/>\n<meta property=\"og:url\" content=\"https:\/\/www.autojm.fr\/blog\/nouveau-moteur-essence-1-3-disponible-pour-la-gamme-scenic-et-grand-scenic\/\" \/>\n<meta property=\"og:site_name\" content=\"AutoJM Mag\" \/>\n<meta property=\"article:publisher\" content=\"https:\/\/www.facebook.com\/AutoJM25\" \/>\n<meta property=\"article:published_time\" content=\"2018-01-09T00:00:00+00:00\" \/>\n<meta property=\"article:modified_time\" content=\"2023-04-18T13:20:16+00:00\" \/>\n<meta property=\"og:image\" content=\"https:\/\/www.autojm.fr\/blog\/wp-content\/uploads\/2022\/10\/430.jpg\" \/>\n\t<meta property=\"og:image:width\" content=\"1200\" \/>\n\t<meta property=\"og:image:height\" content=\"800\" \/>\n\t<meta property=\"og:image:type\" content=\"image\/jpeg\" \/>\n<meta name=\"author\" content=\"Autojm\" \/>\n<meta name=\"twitter:card\" content=\"summary_large_image\" \/>\n<meta name=\"twitter:label1\" content=\"\u00c9crit par\" \/>\n\t<meta name=\"twitter:data1\" content=\"Autojm\" \/>\n\t<meta name=\"twitter:label2\" content=\"Dur\u00e9e de lecture estim\u00e9e\" \/>\n\t<meta name=\"twitter:data2\" content=\"2 minutes\" \/>\n<script type=\"application\/ld+json\" class=\"yoast-schema-graph\">{\"@context\":\"https:\\\/\\\/schema.org\",\"@graph\":[{\"@type\":\"Article\",\"@id\":\"https:\\\/\\\/www.autojm.fr\\\/blog\\\/nouveau-moteur-essence-1-3-disponible-pour-la-gamme-scenic-et-grand-scenic\\\/#article\",\"isPartOf\":{\"@id\":\"https:\\\/\\\/www.autojm.fr\\\/blog\\\/nouveau-moteur-essence-1-3-disponible-pour-la-gamme-scenic-et-grand-scenic\\\/\"},\"author\":{\"name\":\"Autojm\",\"@id\":\"https:\\\/\\\/www.autojm.fr\\\/blog\\\/#\\\/schema\\\/person\\\/9742bc77541853e0de81fc57f947e1a0\"},\"headline\":\"Nouveau moteur essence 1.3 disponible pour la gamme Scenic et Grand Scenic\",\"datePublished\":\"2018-01-09T00:00:00+00:00\",\"dateModified\":\"2023-04-18T13:20:16+00:00\",\"mainEntityOfPage\":{\"@id\":\"https:\\\/\\\/www.autojm.fr\\\/blog\\\/nouveau-moteur-essence-1-3-disponible-pour-la-gamme-scenic-et-grand-scenic\\\/\"},\"wordCount\":359,\"commentCount\":0,\"publisher\":{\"@id\":\"https:\\\/\\\/www.autojm.fr\\\/blog\\\/#organization\"},\"image\":{\"@id\":\"https:\\\/\\\/www.autojm.fr\\\/blog\\\/nouveau-moteur-essence-1-3-disponible-pour-la-gamme-scenic-et-grand-scenic\\\/#primaryimage\"},\"thumbnailUrl\":\"https:\\\/\\\/www.autojm.fr\\\/blog\\\/wp-content\\\/uploads\\\/2022\\\/10\\\/430.jpg\",\"keywords\":[\"autojm\",\"renault\",\"Renault Grand Scenic\",\"Renault Scenic\"],\"articleSection\":[\"Nouveaut\u00e9 Renault\",\"Nouveaut\u00e9s Autos\"],\"inLanguage\":\"fr-FR\",\"potentialAction\":[{\"@type\":\"CommentAction\",\"name\":\"Comment\",\"target\":[\"https:\\\/\\\/www.autojm.fr\\\/blog\\\/nouveau-moteur-essence-1-3-disponible-pour-la-gamme-scenic-et-grand-scenic\\\/#respond\"]}]},{\"@type\":\"WebPage\",\"@id\":\"https:\\\/\\\/www.autojm.fr\\\/blog\\\/nouveau-moteur-essence-1-3-disponible-pour-la-gamme-scenic-et-grand-scenic\\\/\",\"url\":\"https:\\\/\\\/www.autojm.fr\\\/blog\\\/nouveau-moteur-essence-1-3-disponible-pour-la-gamme-scenic-et-grand-scenic\\\/\",\"name\":\"Le nouveau moteur de la marque au losange produit en Espagne\",\"isPartOf\":{\"@id\":\"https:\\\/\\\/www.autojm.fr\\\/blog\\\/#website\"},\"primaryImageOfPage\":{\"@id\":\"https:\\\/\\\/www.autojm.fr\\\/blog\\\/nouveau-moteur-essence-1-3-disponible-pour-la-gamme-scenic-et-grand-scenic\\\/#primaryimage\"},\"image\":{\"@id\":\"https:\\\/\\\/www.autojm.fr\\\/blog\\\/nouveau-moteur-essence-1-3-disponible-pour-la-gamme-scenic-et-grand-scenic\\\/#primaryimage\"},\"thumbnailUrl\":\"https:\\\/\\\/www.autojm.fr\\\/blog\\\/wp-content\\\/uploads\\\/2022\\\/10\\\/430.jpg\",\"datePublished\":\"2018-01-09T00:00:00+00:00\",\"dateModified\":\"2023-04-18T13:20:16+00:00\",\"description\":\"Renault lance un moteur de nouvelle g\u00e9n\u00e9ration pour cette nouvelle ann\u00e9e! Produit dans l'usine Renault de Valladolid, en Espagne, le Scenic...\",\"breadcrumb\":{\"@id\":\"https:\\\/\\\/www.autojm.fr\\\/blog\\\/nouveau-moteur-essence-1-3-disponible-pour-la-gamme-scenic-et-grand-scenic\\\/#breadcrumb\"},\"inLanguage\":\"fr-FR\",\"potentialAction\":[{\"@type\":\"ReadAction\",\"target\":[\"https:\\\/\\\/www.autojm.fr\\\/blog\\\/nouveau-moteur-essence-1-3-disponible-pour-la-gamme-scenic-et-grand-scenic\\\/\"]}]},{\"@type\":\"ImageObject\",\"inLanguage\":\"fr-FR\",\"@id\":\"https:\\\/\\\/www.autojm.fr\\\/blog\\\/nouveau-moteur-essence-1-3-disponible-pour-la-gamme-scenic-et-grand-scenic\\\/#primaryimage\",\"url\":\"https:\\\/\\\/www.autojm.fr\\\/blog\\\/wp-content\\\/uploads\\\/2022\\\/10\\\/430.jpg\",\"contentUrl\":\"https:\\\/\\\/www.autojm.fr\\\/blog\\\/wp-content\\\/uploads\\\/2022\\\/10\\\/430.jpg\",\"width\":1200,\"height\":800,\"caption\":\"Renault Scenic\"},{\"@type\":\"BreadcrumbList\",\"@id\":\"https:\\\/\\\/www.autojm.fr\\\/blog\\\/nouveau-moteur-essence-1-3-disponible-pour-la-gamme-scenic-et-grand-scenic\\\/#breadcrumb\",\"itemListElement\":[{\"@type\":\"ListItem\",\"position\":1,\"name\":\"Accueil\",\"item\":\"https:\\\/\\\/www.autojm.fr\\\/blog\\\/\"},{\"@type\":\"ListItem\",\"position\":2,\"name\":\"Nouveaut\u00e9s Autos\",\"item\":\"https:\\\/\\\/www.autojm.fr\\\/blog\\\/nouveautes-autos\\\/\"},{\"@type\":\"ListItem\",\"position\":3,\"name\":\"Nouveau moteur essence 1.3 disponible pour la gamme Scenic et Grand Scenic\"}]},{\"@type\":\"WebSite\",\"@id\":\"https:\\\/\\\/www.autojm.fr\\\/blog\\\/#website\",\"url\":\"https:\\\/\\\/www.autojm.fr\\\/blog\\\/\",\"name\":\"AutoJM Mag\",\"description\":\"Toute l&#039;actu auto en 1 clic !\",\"publisher\":{\"@id\":\"https:\\\/\\\/www.autojm.fr\\\/blog\\\/#organization\"},\"potentialAction\":[{\"@type\":\"SearchAction\",\"target\":{\"@type\":\"EntryPoint\",\"urlTemplate\":\"https:\\\/\\\/www.autojm.fr\\\/blog\\\/?s={search_term_string}\"},\"query-input\":{\"@type\":\"PropertyValueSpecification\",\"valueRequired\":true,\"valueName\":\"search_term_string\"}}],\"inLanguage\":\"fr-FR\"},{\"@type\":\"Organization\",\"@id\":\"https:\\\/\\\/www.autojm.fr\\\/blog\\\/#organization\",\"name\":\"AutoJM Mag\",\"url\":\"https:\\\/\\\/www.autojm.fr\\\/blog\\\/\",\"logo\":{\"@type\":\"ImageObject\",\"inLanguage\":\"fr-FR\",\"@id\":\"https:\\\/\\\/www.autojm.fr\\\/blog\\\/#\\\/schema\\\/logo\\\/image\\\/\",\"url\":\"https:\\\/\\\/www.autojm.fr\\\/blog\\\/wp-content\\\/uploads\\\/2022\\\/12\\\/cropped-AutoJMag-png.png\",\"contentUrl\":\"https:\\\/\\\/www.autojm.fr\\\/blog\\\/wp-content\\\/uploads\\\/2022\\\/12\\\/cropped-AutoJMag-png.png\",\"width\":2834,\"height\":585,\"caption\":\"AutoJM Mag\"},\"image\":{\"@id\":\"https:\\\/\\\/www.autojm.fr\\\/blog\\\/#\\\/schema\\\/logo\\\/image\\\/\"},\"sameAs\":[\"https:\\\/\\\/www.facebook.com\\\/AutoJM25\"]},{\"@type\":\"Person\",\"@id\":\"https:\\\/\\\/www.autojm.fr\\\/blog\\\/#\\\/schema\\\/person\\\/9742bc77541853e0de81fc57f947e1a0\",\"name\":\"Autojm\",\"image\":{\"@type\":\"ImageObject\",\"inLanguage\":\"fr-FR\",\"@id\":\"https:\\\/\\\/secure.gravatar.com\\\/avatar\\\/9a959d52b758fcc232fe4b6aca7bab139182573297122cce7d6f2ee0e537b418?s=96&d=mm&r=g\",\"url\":\"https:\\\/\\\/secure.gravatar.com\\\/avatar\\\/9a959d52b758fcc232fe4b6aca7bab139182573297122cce7d6f2ee0e537b418?s=96&d=mm&r=g\",\"contentUrl\":\"https:\\\/\\\/secure.gravatar.com\\\/avatar\\\/9a959d52b758fcc232fe4b6aca7bab139182573297122cce7d6f2ee0e537b418?s=96&d=mm&r=g\",\"caption\":\"Autojm\"},\"sameAs\":[\"https:\\\/\\\/www.autojm.fr\\\/blog\"],\"url\":\"https:\\\/\\\/www.autojm.fr\\\/blog\\\/author\\\/bichoi\\\/\"}]}<\/script>\n<!-- \/ Yoast SEO plugin. -->","yoast_head_json":{"title":"Le nouveau moteur de la marque au losange produit en Espagne","description":"Renault lance un moteur de nouvelle g\u00e9n\u00e9ration pour cette nouvelle ann\u00e9e! Produit dans l'usine Renault de Valladolid, en Espagne, le Scenic...","robots":{"index":"index","follow":"follow","max-snippet":"max-snippet:-1","max-image-preview":"max-image-preview:large","max-video-preview":"max-video-preview:-1"},"canonical":"https:\/\/www.autojm.fr\/blog\/nouveau-moteur-essence-1-3-disponible-pour-la-gamme-scenic-et-grand-scenic\/","og_locale":"fr_FR","og_type":"article","og_title":"Le nouveau moteur de la marque au losange produit en Espagne","og_description":"Renault lance un moteur de nouvelle g\u00e9n\u00e9ration pour cette nouvelle ann\u00e9e! Produit dans l'usine Renault de Valladolid, en Espagne, le Scenic...","og_url":"https:\/\/www.autojm.fr\/blog\/nouveau-moteur-essence-1-3-disponible-pour-la-gamme-scenic-et-grand-scenic\/","og_site_name":"AutoJM Mag","article_publisher":"https:\/\/www.facebook.com\/AutoJM25","article_published_time":"2018-01-09T00:00:00+00:00","article_modified_time":"2023-04-18T13:20:16+00:00","og_image":[{"width":1200,"height":800,"url":"https:\/\/www.autojm.fr\/blog\/wp-content\/uploads\/2022\/10\/430.jpg","type":"image\/jpeg"}],"author":"Autojm","twitter_card":"summary_large_image","twitter_misc":{"\u00c9crit par":"Autojm","Dur\u00e9e de lecture estim\u00e9e":"2 minutes"},"schema":{"@context":"https:\/\/schema.org","@graph":[{"@type":"Article","@id":"https:\/\/www.autojm.fr\/blog\/nouveau-moteur-essence-1-3-disponible-pour-la-gamme-scenic-et-grand-scenic\/#article","isPartOf":{"@id":"https:\/\/www.autojm.fr\/blog\/nouveau-moteur-essence-1-3-disponible-pour-la-gamme-scenic-et-grand-scenic\/"},"author":{"name":"Autojm","@id":"https:\/\/www.autojm.fr\/blog\/#\/schema\/person\/9742bc77541853e0de81fc57f947e1a0"},"headline":"Nouveau moteur essence 1.3 disponible pour la gamme Scenic et Grand Scenic","datePublished":"2018-01-09T00:00:00+00:00","dateModified":"2023-04-18T13:20:16+00:00","mainEntityOfPage":{"@id":"https:\/\/www.autojm.fr\/blog\/nouveau-moteur-essence-1-3-disponible-pour-la-gamme-scenic-et-grand-scenic\/"},"wordCount":359,"commentCount":0,"publisher":{"@id":"https:\/\/www.autojm.fr\/blog\/#organization"},"image":{"@id":"https:\/\/www.autojm.fr\/blog\/nouveau-moteur-essence-1-3-disponible-pour-la-gamme-scenic-et-grand-scenic\/#primaryimage"},"thumbnailUrl":"https:\/\/www.autojm.fr\/blog\/wp-content\/uploads\/2022\/10\/430.jpg","keywords":["autojm","renault","Renault Grand Scenic","Renault Scenic"],"articleSection":["Nouveaut\u00e9 Renault","Nouveaut\u00e9s Autos"],"inLanguage":"fr-FR","potentialAction":[{"@type":"CommentAction","name":"Comment","target":["https:\/\/www.autojm.fr\/blog\/nouveau-moteur-essence-1-3-disponible-pour-la-gamme-scenic-et-grand-scenic\/#respond"]}]},{"@type":"WebPage","@id":"https:\/\/www.autojm.fr\/blog\/nouveau-moteur-essence-1-3-disponible-pour-la-gamme-scenic-et-grand-scenic\/","url":"https:\/\/www.autojm.fr\/blog\/nouveau-moteur-essence-1-3-disponible-pour-la-gamme-scenic-et-grand-scenic\/","name":"Le nouveau moteur de la marque au losange produit en Espagne","isPartOf":{"@id":"https:\/\/www.autojm.fr\/blog\/#website"},"primaryImageOfPage":{"@id":"https:\/\/www.autojm.fr\/blog\/nouveau-moteur-essence-1-3-disponible-pour-la-gamme-scenic-et-grand-scenic\/#primaryimage"},"image":{"@id":"https:\/\/www.autojm.fr\/blog\/nouveau-moteur-essence-1-3-disponible-pour-la-gamme-scenic-et-grand-scenic\/#primaryimage"},"thumbnailUrl":"https:\/\/www.autojm.fr\/blog\/wp-content\/uploads\/2022\/10\/430.jpg","datePublished":"2018-01-09T00:00:00+00:00","dateModified":"2023-04-18T13:20:16+00:00","description":"Renault lance un moteur de nouvelle g\u00e9n\u00e9ration pour cette nouvelle ann\u00e9e! Produit dans l'usine Renault de Valladolid, en Espagne, le Scenic...","breadcrumb":{"@id":"https:\/\/www.autojm.fr\/blog\/nouveau-moteur-essence-1-3-disponible-pour-la-gamme-scenic-et-grand-scenic\/#breadcrumb"},"inLanguage":"fr-FR","potentialAction":[{"@type":"ReadAction","target":["https:\/\/www.autojm.fr\/blog\/nouveau-moteur-essence-1-3-disponible-pour-la-gamme-scenic-et-grand-scenic\/"]}]},{"@type":"ImageObject","inLanguage":"fr-FR","@id":"https:\/\/www.autojm.fr\/blog\/nouveau-moteur-essence-1-3-disponible-pour-la-gamme-scenic-et-grand-scenic\/#primaryimage","url":"https:\/\/www.autojm.fr\/blog\/wp-content\/uploads\/2022\/10\/430.jpg","contentUrl":"https:\/\/www.autojm.fr\/blog\/wp-content\/uploads\/2022\/10\/430.jpg","width":1200,"height":800,"caption":"Renault Scenic"},{"@type":"BreadcrumbList","@id":"https:\/\/www.autojm.fr\/blog\/nouveau-moteur-essence-1-3-disponible-pour-la-gamme-scenic-et-grand-scenic\/#breadcrumb","itemListElement":[{"@type":"ListItem","position":1,"name":"Accueil","item":"https:\/\/www.autojm.fr\/blog\/"},{"@type":"ListItem","position":2,"name":"Nouveaut\u00e9s Autos","item":"https:\/\/www.autojm.fr\/blog\/nouveautes-autos\/"},{"@type":"ListItem","position":3,"name":"Nouveau moteur essence 1.3 disponible pour la gamme Scenic et Grand Scenic"}]},{"@type":"WebSite","@id":"https:\/\/www.autojm.fr\/blog\/#website","url":"https:\/\/www.autojm.fr\/blog\/","name":"AutoJM Mag","description":"Toute l&#039;actu auto en 1 clic !","publisher":{"@id":"https:\/\/www.autojm.fr\/blog\/#organization"},"potentialAction":[{"@type":"SearchAction","target":{"@type":"EntryPoint","urlTemplate":"https:\/\/www.autojm.fr\/blog\/?s={search_term_string}"},"query-input":{"@type":"PropertyValueSpecification","valueRequired":true,"valueName":"search_term_string"}}],"inLanguage":"fr-FR"},{"@type":"Organization","@id":"https:\/\/www.autojm.fr\/blog\/#organization","name":"AutoJM Mag","url":"https:\/\/www.autojm.fr\/blog\/","logo":{"@type":"ImageObject","inLanguage":"fr-FR","@id":"https:\/\/www.autojm.fr\/blog\/#\/schema\/logo\/image\/","url":"https:\/\/www.autojm.fr\/blog\/wp-content\/uploads\/2022\/12\/cropped-AutoJMag-png.png","contentUrl":"https:\/\/www.autojm.fr\/blog\/wp-content\/uploads\/2022\/12\/cropped-AutoJMag-png.png","width":2834,"height":585,"caption":"AutoJM Mag"},"image":{"@id":"https:\/\/www.autojm.fr\/blog\/#\/schema\/logo\/image\/"},"sameAs":["https:\/\/www.facebook.com\/AutoJM25"]},{"@type":"Person","@id":"https:\/\/www.autojm.fr\/blog\/#\/schema\/person\/9742bc77541853e0de81fc57f947e1a0","name":"Autojm","image":{"@type":"ImageObject","inLanguage":"fr-FR","@id":"https:\/\/secure.gravatar.com\/avatar\/9a959d52b758fcc232fe4b6aca7bab139182573297122cce7d6f2ee0e537b418?s=96&d=mm&r=g","url":"https:\/\/secure.gravatar.com\/avatar\/9a959d52b758fcc232fe4b6aca7bab139182573297122cce7d6f2ee0e537b418?s=96&d=mm&r=g","contentUrl":"https:\/\/secure.gravatar.com\/avatar\/9a959d52b758fcc232fe4b6aca7bab139182573297122cce7d6f2ee0e537b418?s=96&d=mm&r=g","caption":"Autojm"},"sameAs":["https:\/\/www.autojm.fr\/blog"],"url":"https:\/\/www.autojm.fr\/blog\/author\/bichoi\/"}]}},"_links":{"self":[{"href":"https:\/\/www.autojm.fr\/blog\/wp-json\/wp\/v2\/posts\/3709","targetHints":{"allow":["GET"]}}],"collection":[{"href":"https:\/\/www.autojm.fr\/blog\/wp-json\/wp\/v2\/posts"}],"about":[{"href":"https:\/\/www.autojm.fr\/blog\/wp-json\/wp\/v2\/types\/post"}],"author":[{"embeddable":true,"href":"https:\/\/www.autojm.fr\/blog\/wp-json\/wp\/v2\/users\/1"}],"replies":[{"embeddable":true,"href":"https:\/\/www.autojm.fr\/blog\/wp-json\/wp\/v2\/comments?post=3709"}],"version-history":[{"count":7,"href":"https:\/\/www.autojm.fr\/blog\/wp-json\/wp\/v2\/posts\/3709\/revisions"}],"predecessor-version":[{"id":9319,"href":"https:\/\/www.autojm.fr\/blog\/wp-json\/wp\/v2\/posts\/3709\/revisions\/9319"}],"wp:featuredmedia":[{"embeddable":true,"href":"https:\/\/www.autojm.fr\/blog\/wp-json\/wp\/v2\/media\/5769"}],"wp:attachment":[{"href":"https:\/\/www.autojm.fr\/blog\/wp-json\/wp\/v2\/media?parent=3709"}],"wp:term":[{"taxonomy":"category","embeddable":true,"href":"https:\/\/www.autojm.fr\/blog\/wp-json\/wp\/v2\/categories?post=3709"},{"taxonomy":"post_tag","embeddable":true,"href":"https:\/\/www.autojm.fr\/blog\/wp-json\/wp\/v2\/tags?post=3709"}],"curies":[{"name":"wp","href":"https:\/\/api.w.org\/{rel}","templated":true}]}}