{"id":3707,"date":"2017-12-14T00:00:00","date_gmt":"2017-12-14T00:00:00","guid":{"rendered":"https:\/\/www.autojm.fr\/blog\/le-nouveau-duster-2018-trop-proche-de-lancien-detrompez-vous\/"},"modified":"2023-09-08T14:21:40","modified_gmt":"2023-09-08T14:21:40","slug":"le-nouveau-duster-2018-trop-proche-de-lancien-detrompez-vous","status":"publish","type":"post","link":"https:\/\/www.autojm.fr\/blog\/le-nouveau-duster-2018-trop-proche-de-lancien-detrompez-vous\/","title":{"rendered":"Le nouveau Duster 2018, trop proche de l\u2019ancien ? D\u00e9trompez-vous !"},"content":{"rendered":"<p dir=\"ltr\" style=\"line-height: 1.38; margin-top: 0pt; margin-bottom: 0pt; text-align: justify;\"><span style=\"background-color: transparent; font-size: 11pt; font-family: Arial; color: #000000; vertical-align: baseline; white-space: pre-wrap;\">Apr\u00e8s <\/span><span style=\"background-color: transparent; font-size: 11pt; font-family: Arial; color: #000000; vertical-align: baseline; white-space: pre-wrap;\"><strong>7 ans de service<\/strong> dont <\/span><span style=\"background-color: transparent; font-size: 11pt; font-family: Arial; color: #000000; font-weight: bold; vertical-align: baseline; white-space: pre-wrap;\">deux millions d&rsquo;exemplaires<\/span><span style=\"background-color: transparent; font-size: 11pt; font-family: Arial; color: #000000; vertical-align: baseline; white-space: pre-wrap;\">, l&rsquo;<strong>ancien Dacia Duster<\/strong> s&rsquo;offre une retraite bien m\u00e9rit\u00e9e. C&rsquo;est ainsi, qu&rsquo;au Salon de Francfort en 2017, le <\/span><span style=\"background-color: transparent; font-size: 11pt; font-family: Arial; color: #000000; font-weight: bold; vertical-align: baseline; white-space: pre-wrap;\">nouveau Duster<\/span><span style=\"background-color: transparent; font-size: 11pt; font-family: Arial; color: #000000; vertical-align: baseline; white-space: pre-wrap;\"> se pr\u00e9sente comme le chouchou des nouveaut\u00e9s de l&rsquo;ann\u00e9e 2018 ! Au premier abord, le nouveau Duster semble seulement avoir subi un restylage mais d\u00e9trompez-vous\u2026 Les <\/span><span style=\"background-color: transparent; font-size: 11pt; font-family: Arial; color: #000000; font-weight: bold; vertical-align: baseline; white-space: pre-wrap;\">designers Laurens Van Den Acker<\/span><span style=\"background-color: transparent; font-size: 11pt; font-family: Arial; color: #000000; vertical-align: baseline; white-space: pre-wrap;\">, vous ont r\u00e9serv\u00e9 bien plus de surprises ! Et puis, pourquoi totalement changer une \u00e9quipe qui gagne ?!<\/span><\/p>\n<p><span style=\"background-color: transparent; color: #000000; font-family: Arial; font-size: 11pt; font-weight: bold; white-space: pre-wrap; text-align: justify;\">Un design ext\u00e9rieur peu chang\u00e9<\/span><\/p>\n<p><span style=\"text-align: justify; background-color: transparent; font-size: 11pt; font-family: Arial; color: #000000; vertical-align: baseline; white-space: pre-wrap;\">La client\u00e8le du <strong>Dacia Duster<\/strong> n&rsquo;a pas de quoi \u00eatre effray\u00e9e par l&rsquo;arriv\u00e9e du nouveau Duster 2018. En effet, quelques changements suffisent pour donner un coup de jeune \u00e0 ce SUV low-cost. Le nouveau Duster semble <\/span><span style=\"text-align: justify; background-color: transparent; font-size: 11pt; font-family: Arial; color: #000000; font-weight: bold; vertical-align: baseline; white-space: pre-wrap;\">plus robuste<\/span><span style=\"text-align: justify; background-color: transparent; font-size: 11pt; font-family: Arial; color: #000000; vertical-align: baseline; white-space: pre-wrap;\"> que son pr\u00e9d\u00e9cesseur et pourtant les deux g\u00e9n\u00e9rations du Dacia Duster ont la <\/span><span style=\"text-align: justify; background-color: transparent; font-size: 11pt; font-family: Arial; color: #000000; font-weight: bold; vertical-align: baseline; white-space: pre-wrap;\">m\u00eame longueur, soit 4,32 m\u00e8tres<\/span><span style=\"text-align: justify; background-color: transparent; font-size: 11pt; font-family: Arial; color: #000000; vertical-align: baseline; white-space: pre-wrap;\">. Ainsi, on vous pr\u00e9sente en images les diff\u00e9rents changements :<\/span><\/p>\n<p dir=\"ltr\" style=\"line-height: 1.38; margin-top: 0pt; margin-bottom: 0pt; text-align: justify;\"><span id=\"docs-internal-guid-1c442804-5403-6c21-5d29-2df1a35716fd\"><span style=\"font-size: 11pt; font-family: Arial; color: #000000; background-color: transparent; vertical-align: baseline; white-space: pre-wrap;\">L&rsquo;un \u00e0 c\u00f4t\u00e9 de l&rsquo;autre, les modifications sont plus flagrantes\u2026 Effectivement, le Duster II pr\u00e9sente un <\/span><span style=\"font-size: 11pt; font-family: Arial; color: #000000; background-color: transparent; font-weight: bold; vertical-align: baseline; white-space: pre-wrap;\">capot plus haut<\/span><span style=\"font-size: 11pt; font-family: Arial; color: #000000; background-color: transparent; vertical-align: baseline; white-space: pre-wrap;\">, une <\/span><span style=\"font-size: 11pt; font-family: Arial; color: #000000; background-color: transparent; font-weight: bold; vertical-align: baseline; white-space: pre-wrap;\">calandre plus large<\/span><span style=\"font-size: 11pt; font-family: Arial; color: #000000; background-color: transparent; vertical-align: baseline; white-space: pre-wrap;\"> et une <\/span><span style=\"font-size: 11pt; font-family: Arial; color: #000000; background-color: transparent; font-weight: bold; vertical-align: baseline; white-space: pre-wrap;\">structure de caisse plus \u00e9volu\u00e9s<\/span><span style=\"font-size: 11pt; font-family: Arial; color: #000000; background-color: transparent; vertical-align: baseline; white-space: pre-wrap;\">. De plus, le toit semble \u00eatre plus long suite \u00e0 l<\/span><span style=\"font-size: 11pt; font-family: Arial; color: #000000; background-color: transparent; font-weight: bold; vertical-align: baseline; white-space: pre-wrap;\">&lsquo;avancement de 15 cm du pare-brise<\/span><span style=\"font-size: 11pt; font-family: Arial; color: #000000; background-color: transparent; vertical-align: baseline; white-space: pre-wrap;\">. Vous pouvez \u00e9galement remarquer une l\u00e9g\u00e8re <\/span><span style=\"font-size: 11pt; font-family: Arial; color: #000000; background-color: transparent; font-weight: bold; vertical-align: baseline; white-space: pre-wrap;\">hausse au niveau de la ceinture de caisse<\/span><span style=\"font-size: 11pt; font-family: Arial; color: #000000; background-color: transparent; vertical-align: baseline; white-space: pre-wrap;\">.<\/span><\/span><\/p>\n<p><span style=\"background-color: transparent; color: #000000; font-family: Arial; font-size: 11pt; white-space: pre-wrap; text-align: justify;\">Un des changements le plus flagrant d&rsquo;une g\u00e9n\u00e9ration \u00e0 l&rsquo;autre se refl\u00e8te dans les feux avant mais surtout arri\u00e8re\u2026<\/span><\/p>\n<p><span style=\"background-color: transparent; color: #000000; font-family: Arial; font-size: 11pt; font-weight: bold; white-space: pre-wrap; text-align: justify;\">Un volume plus restreint<\/span><\/p>\n<p><span style=\"text-align: justify; background-color: transparent; font-size: 11pt; font-family: Arial; color: #000000; vertical-align: baseline; white-space: pre-wrap;\">Comme indiqu\u00e9 par Dacia lors de la pr\u00e9sentation du Duster II au Salon de Francfort en septembre 2017, ce nouveau mod\u00e8le perd en volume de coffre. En effet, pour la version <\/span><span style=\"text-align: justify; background-color: transparent; font-size: 11pt; font-family: Arial; color: #000000; font-weight: bold; vertical-align: baseline; white-space: pre-wrap;\">4&#215;4, comptez 376 litres<\/span><span style=\"text-align: justify; background-color: transparent; font-size: 11pt; font-family: Arial; color: #000000; vertical-align: baseline; white-space: pre-wrap;\"> contre 144 pour le Duster I puis <\/span><span style=\"text-align: justify; background-color: transparent; font-size: 11pt; font-family: Arial; color: #000000; font-weight: bold; vertical-align: baseline; white-space: pre-wrap;\">445 litres<\/span><span style=\"text-align: justify; background-color: transparent; font-size: 11pt; font-family: Arial; color: #000000; vertical-align: baseline; white-space: pre-wrap;\"> de chargement contre 475 pour la <\/span><span style=\"text-align: justify; background-color: transparent; font-size: 11pt; font-family: Arial; color: #000000; font-weight: bold; vertical-align: baseline; white-space: pre-wrap;\">version \u00e0 deux roues motrices<\/span><span style=\"text-align: justify; background-color: transparent; font-size: 11pt; font-family: Arial; color: #000000; vertical-align: baseline; white-space: pre-wrap;\">.<\/span><\/p>\n<p><span style=\"text-align: justify; background-color: transparent; font-size: 11pt; font-family: Arial; color: #000000; vertical-align: baseline; white-space: pre-wrap;\">Un mal pour un bien puisque Dacia a favoris\u00e9 des <\/span><span style=\"text-align: justify; background-color: transparent; font-size: 11pt; font-family: Arial; color: #000000; font-weight: bold; vertical-align: baseline; white-space: pre-wrap;\">mat\u00e9riaux de bonne qualit\u00e9 pour une meilleure insonorisation<\/span><span style=\"text-align: justify; background-color: transparent; font-size: 11pt; font-family: Arial; color: #000000; vertical-align: baseline; white-space: pre-wrap;\">.<\/span><\/p>\n<p><span style=\"text-align: justify; background-color: transparent; font-size: 11pt; font-family: Arial; color: #000000; vertical-align: baseline; white-space: pre-wrap;\">Malgr\u00e9 les apparences, ce nouveau Duster 2018 ne laisse aucun doute sur la <\/span><span style=\"text-align: justify; background-color: transparent; font-size: 11pt; font-family: Arial; color: #000000; font-weight: bold; vertical-align: baseline; white-space: pre-wrap;\">version 7 places<\/span><span style=\"text-align: justify; background-color: transparent; font-size: 11pt; font-family: Arial; color: #000000; vertical-align: baseline; white-space: pre-wrap;\">. En effet, la<\/span><span style=\"text-align: justify; background-color: transparent; font-size: 11pt; font-family: Arial; color: #000000; font-weight: bold; vertical-align: baseline; white-space: pre-wrap;\"> plate forme technique est encore trop \u00e9troite<\/span><span style=\"text-align: justify; background-color: transparent; font-size: 11pt; font-family: Arial; color: #000000; vertical-align: baseline; white-space: pre-wrap;\"> pour y implanter des si\u00e8ges dans le coffre.<\/span><\/p>\n<p><span style=\"background-color: transparent; color: #000000; font-family: Arial; font-size: 11pt; font-weight: bold; white-space: pre-wrap; text-align: justify;\">Un prix toujours attrayant<\/span><\/p>\n<p dir=\"ltr\" style=\"line-height: 1.38; margin-top: 0pt; margin-bottom: 0pt; text-align: justify;\"><span style=\"background-color: transparent; font-size: 11pt; font-family: Arial; color: #000000; vertical-align: baseline; white-space: pre-wrap;\">Vous y croyez vous ? Le nouveau Dacia Duster 2018 au <\/span><span style=\"background-color: transparent; font-size: 11pt; font-family: Arial; color: #000000; font-weight: bold; vertical-align: baseline; white-space: pre-wrap;\">m\u00eame prix que l&rsquo;ancien<\/span><span style=\"background-color: transparent; font-size: 11pt; font-family: Arial; color: #000000; vertical-align: baseline; white-space: pre-wrap;\"> ? Et pourtant, c&rsquo;est possible ! <\/span><span style=\"background-color: transparent; font-size: 11pt; font-family: Arial; color: #000000; font-weight: bold; vertical-align: baseline; white-space: pre-wrap;\">Entre 11 990\u20ac et 20 650\u20ac<\/span><span style=\"background-color: transparent; font-size: 11pt; font-family: Arial; color: #000000; vertical-align: baseline; white-space: pre-wrap;\">, laissez-vous succomber par les <\/span><span style=\"background-color: transparent; font-size: 11pt; font-family: Arial; color: #000000; font-weight: bold; vertical-align: baseline; white-space: pre-wrap;\">nouveaux \u00e9quipements high-techs<\/span><span style=\"background-color: transparent; font-size: 11pt; font-family: Arial; color: #000000; vertical-align: baseline; white-space: pre-wrap;\"> que vous propose Dacia. Rassurez-vous, la version restyl\u00e9e du SUV Dacia Duster sera prochainement disponible chez votre mandataire AutoJM.<\/span><\/p>\n<p><span style=\"background-color: transparent; color: #000000; font-family: Arial; font-size: 11pt; font-weight: bold; white-space: pre-wrap; text-align: justify;\">On vous laisse remarquer par vous-m\u00eame cette transformation :<\/span><\/p>\n<p><iframe loading=\"lazy\" src=\"https:\/\/www.youtube.com\/embed\/nERmYQejE4I\" width=\"560\" height=\"315\" allowfullscreen=\"allowfullscreen\"><\/iframe><\/p>\n<p dir=\"ltr\" style=\"line-height: 1.38; margin-top: 0pt; margin-bottom: 0pt; text-align: justify;\"><span style=\"background-color: transparent; color: #000000; font-family: Arial; font-size: 11pt; white-space: pre-wrap;\">Source : l&rsquo;Argus<\/span><\/p>\n","protected":false},"excerpt":{"rendered":"<p>Apr\u00e8s 7 ans de service dont deux millions d&rsquo;exemplaires, l&rsquo;ancien Dacia Duster s&rsquo;offre une retraite bien m\u00e9rit\u00e9e. C&rsquo;est ainsi, qu&rsquo;au Salon de Francfort en 2017, le nouveau Duster se pr\u00e9sente comme le chouchou des nouveaut\u00e9s de l&rsquo;ann\u00e9e 2018 !<\/p>\n","protected":false},"author":1,"featured_media":5767,"comment_status":"open","ping_status":"open","sticky":false,"template":"","format":"standard","meta":{"_acf_changed":false,"content-type":"","footnotes":""},"categories":[263,61],"tags":[90,74,155],"class_list":["post-3707","post","type-post","status-publish","format-standard","has-post-thumbnail","hentry","category-nouveaute-dacia","category-nouveautes-autos","tag-autojm","tag-dacia","tag-dacia-duster"],"acf":[],"yoast_head":"<!-- This site is optimized with the Yoast SEO plugin v27.5 - https:\/\/yoast.com\/product\/yoast-seo-wordpress\/ -->\n<title>Le nouveau Duster 2018 au design ext\u00e9rieur quasiment inchang\u00e9<\/title>\n<meta name=\"description\" content=\"Apr\u00e8s 7 ans de service dont deux millions d&#039;exemplaires, l&#039;ancien Dacia Duster s&#039;offre une retraite bien m\u00e9rit\u00e9e. C&#039;est ainsi, qu&#039;au Salon...\" \/>\n<meta name=\"robots\" content=\"index, follow, max-snippet:-1, max-image-preview:large, max-video-preview:-1\" \/>\n<link rel=\"canonical\" href=\"https:\/\/www.autojm.fr\/blog\/le-nouveau-duster-2018-trop-proche-de-lancien-detrompez-vous\/\" \/>\n<meta property=\"og:locale\" content=\"fr_FR\" \/>\n<meta property=\"og:type\" content=\"article\" \/>\n<meta property=\"og:title\" content=\"Le nouveau Duster 2018 au design ext\u00e9rieur quasiment inchang\u00e9\" \/>\n<meta property=\"og:description\" content=\"Apr\u00e8s 7 ans de service dont deux millions d&#039;exemplaires, l&#039;ancien Dacia Duster s&#039;offre une retraite bien m\u00e9rit\u00e9e. C&#039;est ainsi, qu&#039;au Salon...\" \/>\n<meta property=\"og:url\" content=\"https:\/\/www.autojm.fr\/blog\/le-nouveau-duster-2018-trop-proche-de-lancien-detrompez-vous\/\" \/>\n<meta property=\"og:site_name\" content=\"AutoJM Mag\" \/>\n<meta property=\"article:publisher\" content=\"https:\/\/www.facebook.com\/AutoJM25\" \/>\n<meta property=\"article:published_time\" content=\"2017-12-14T00:00:00+00:00\" \/>\n<meta property=\"article:modified_time\" content=\"2023-09-08T14:21:40+00:00\" \/>\n<meta property=\"og:image\" content=\"https:\/\/www.autojm.fr\/blog\/wp-content\/uploads\/2022\/10\/428.jpg\" \/>\n\t<meta property=\"og:image:width\" content=\"940\" \/>\n\t<meta property=\"og:image:height\" content=\"626\" \/>\n\t<meta property=\"og:image:type\" content=\"image\/jpeg\" \/>\n<meta name=\"author\" content=\"Autojm\" \/>\n<meta name=\"twitter:card\" content=\"summary_large_image\" \/>\n<meta name=\"twitter:label1\" content=\"\u00c9crit par\" \/>\n\t<meta name=\"twitter:data1\" content=\"Autojm\" \/>\n\t<meta name=\"twitter:label2\" content=\"Dur\u00e9e de lecture estim\u00e9e\" \/>\n\t<meta name=\"twitter:data2\" content=\"3 minutes\" \/>\n<script type=\"application\/ld+json\" class=\"yoast-schema-graph\">{\"@context\":\"https:\\\/\\\/schema.org\",\"@graph\":[{\"@type\":\"Article\",\"@id\":\"https:\\\/\\\/www.autojm.fr\\\/blog\\\/le-nouveau-duster-2018-trop-proche-de-lancien-detrompez-vous\\\/#article\",\"isPartOf\":{\"@id\":\"https:\\\/\\\/www.autojm.fr\\\/blog\\\/le-nouveau-duster-2018-trop-proche-de-lancien-detrompez-vous\\\/\"},\"author\":{\"name\":\"Autojm\",\"@id\":\"https:\\\/\\\/www.autojm.fr\\\/blog\\\/#\\\/schema\\\/person\\\/9742bc77541853e0de81fc57f947e1a0\"},\"headline\":\"Le nouveau Duster 2018, trop proche de l\u2019ancien ? D\u00e9trompez-vous !\",\"datePublished\":\"2017-12-14T00:00:00+00:00\",\"dateModified\":\"2023-09-08T14:21:40+00:00\",\"mainEntityOfPage\":{\"@id\":\"https:\\\/\\\/www.autojm.fr\\\/blog\\\/le-nouveau-duster-2018-trop-proche-de-lancien-detrompez-vous\\\/\"},\"wordCount\":422,\"commentCount\":0,\"publisher\":{\"@id\":\"https:\\\/\\\/www.autojm.fr\\\/blog\\\/#organization\"},\"image\":{\"@id\":\"https:\\\/\\\/www.autojm.fr\\\/blog\\\/le-nouveau-duster-2018-trop-proche-de-lancien-detrompez-vous\\\/#primaryimage\"},\"thumbnailUrl\":\"https:\\\/\\\/www.autojm.fr\\\/blog\\\/wp-content\\\/uploads\\\/2022\\\/10\\\/428.jpg\",\"keywords\":[\"autojm\",\"dacia\",\"Dacia Duster\"],\"articleSection\":[\"Nouveaut\u00e9 Dacia\",\"Nouveaut\u00e9s Autos\"],\"inLanguage\":\"fr-FR\",\"potentialAction\":[{\"@type\":\"CommentAction\",\"name\":\"Comment\",\"target\":[\"https:\\\/\\\/www.autojm.fr\\\/blog\\\/le-nouveau-duster-2018-trop-proche-de-lancien-detrompez-vous\\\/#respond\"]}]},{\"@type\":\"WebPage\",\"@id\":\"https:\\\/\\\/www.autojm.fr\\\/blog\\\/le-nouveau-duster-2018-trop-proche-de-lancien-detrompez-vous\\\/\",\"url\":\"https:\\\/\\\/www.autojm.fr\\\/blog\\\/le-nouveau-duster-2018-trop-proche-de-lancien-detrompez-vous\\\/\",\"name\":\"Le nouveau Duster 2018 au design ext\u00e9rieur quasiment inchang\u00e9\",\"isPartOf\":{\"@id\":\"https:\\\/\\\/www.autojm.fr\\\/blog\\\/#website\"},\"primaryImageOfPage\":{\"@id\":\"https:\\\/\\\/www.autojm.fr\\\/blog\\\/le-nouveau-duster-2018-trop-proche-de-lancien-detrompez-vous\\\/#primaryimage\"},\"image\":{\"@id\":\"https:\\\/\\\/www.autojm.fr\\\/blog\\\/le-nouveau-duster-2018-trop-proche-de-lancien-detrompez-vous\\\/#primaryimage\"},\"thumbnailUrl\":\"https:\\\/\\\/www.autojm.fr\\\/blog\\\/wp-content\\\/uploads\\\/2022\\\/10\\\/428.jpg\",\"datePublished\":\"2017-12-14T00:00:00+00:00\",\"dateModified\":\"2023-09-08T14:21:40+00:00\",\"description\":\"Apr\u00e8s 7 ans de service dont deux millions d'exemplaires, l'ancien Dacia Duster s'offre une retraite bien m\u00e9rit\u00e9e. C'est ainsi, qu'au Salon...\",\"breadcrumb\":{\"@id\":\"https:\\\/\\\/www.autojm.fr\\\/blog\\\/le-nouveau-duster-2018-trop-proche-de-lancien-detrompez-vous\\\/#breadcrumb\"},\"inLanguage\":\"fr-FR\",\"potentialAction\":[{\"@type\":\"ReadAction\",\"target\":[\"https:\\\/\\\/www.autojm.fr\\\/blog\\\/le-nouveau-duster-2018-trop-proche-de-lancien-detrompez-vous\\\/\"]}]},{\"@type\":\"ImageObject\",\"inLanguage\":\"fr-FR\",\"@id\":\"https:\\\/\\\/www.autojm.fr\\\/blog\\\/le-nouveau-duster-2018-trop-proche-de-lancien-detrompez-vous\\\/#primaryimage\",\"url\":\"https:\\\/\\\/www.autojm.fr\\\/blog\\\/wp-content\\\/uploads\\\/2022\\\/10\\\/428.jpg\",\"contentUrl\":\"https:\\\/\\\/www.autojm.fr\\\/blog\\\/wp-content\\\/uploads\\\/2022\\\/10\\\/428.jpg\",\"width\":940,\"height\":626,\"caption\":\"Dacia Duster\"},{\"@type\":\"BreadcrumbList\",\"@id\":\"https:\\\/\\\/www.autojm.fr\\\/blog\\\/le-nouveau-duster-2018-trop-proche-de-lancien-detrompez-vous\\\/#breadcrumb\",\"itemListElement\":[{\"@type\":\"ListItem\",\"position\":1,\"name\":\"Accueil\",\"item\":\"https:\\\/\\\/www.autojm.fr\\\/blog\\\/\"},{\"@type\":\"ListItem\",\"position\":2,\"name\":\"Nouveaut\u00e9s Autos\",\"item\":\"https:\\\/\\\/www.autojm.fr\\\/blog\\\/nouveautes-autos\\\/\"},{\"@type\":\"ListItem\",\"position\":3,\"name\":\"Le nouveau Duster 2018, trop proche de l\u2019ancien ? D\u00e9trompez-vous !\"}]},{\"@type\":\"WebSite\",\"@id\":\"https:\\\/\\\/www.autojm.fr\\\/blog\\\/#website\",\"url\":\"https:\\\/\\\/www.autojm.fr\\\/blog\\\/\",\"name\":\"AutoJM Mag\",\"description\":\"Toute l&#039;actu auto en 1 clic !\",\"publisher\":{\"@id\":\"https:\\\/\\\/www.autojm.fr\\\/blog\\\/#organization\"},\"potentialAction\":[{\"@type\":\"SearchAction\",\"target\":{\"@type\":\"EntryPoint\",\"urlTemplate\":\"https:\\\/\\\/www.autojm.fr\\\/blog\\\/?s={search_term_string}\"},\"query-input\":{\"@type\":\"PropertyValueSpecification\",\"valueRequired\":true,\"valueName\":\"search_term_string\"}}],\"inLanguage\":\"fr-FR\"},{\"@type\":\"Organization\",\"@id\":\"https:\\\/\\\/www.autojm.fr\\\/blog\\\/#organization\",\"name\":\"AutoJM Mag\",\"url\":\"https:\\\/\\\/www.autojm.fr\\\/blog\\\/\",\"logo\":{\"@type\":\"ImageObject\",\"inLanguage\":\"fr-FR\",\"@id\":\"https:\\\/\\\/www.autojm.fr\\\/blog\\\/#\\\/schema\\\/logo\\\/image\\\/\",\"url\":\"https:\\\/\\\/www.autojm.fr\\\/blog\\\/wp-content\\\/uploads\\\/2022\\\/12\\\/cropped-AutoJMag-png.png\",\"contentUrl\":\"https:\\\/\\\/www.autojm.fr\\\/blog\\\/wp-content\\\/uploads\\\/2022\\\/12\\\/cropped-AutoJMag-png.png\",\"width\":2834,\"height\":585,\"caption\":\"AutoJM Mag\"},\"image\":{\"@id\":\"https:\\\/\\\/www.autojm.fr\\\/blog\\\/#\\\/schema\\\/logo\\\/image\\\/\"},\"sameAs\":[\"https:\\\/\\\/www.facebook.com\\\/AutoJM25\"]},{\"@type\":\"Person\",\"@id\":\"https:\\\/\\\/www.autojm.fr\\\/blog\\\/#\\\/schema\\\/person\\\/9742bc77541853e0de81fc57f947e1a0\",\"name\":\"Autojm\",\"image\":{\"@type\":\"ImageObject\",\"inLanguage\":\"fr-FR\",\"@id\":\"https:\\\/\\\/secure.gravatar.com\\\/avatar\\\/9a959d52b758fcc232fe4b6aca7bab139182573297122cce7d6f2ee0e537b418?s=96&d=mm&r=g\",\"url\":\"https:\\\/\\\/secure.gravatar.com\\\/avatar\\\/9a959d52b758fcc232fe4b6aca7bab139182573297122cce7d6f2ee0e537b418?s=96&d=mm&r=g\",\"contentUrl\":\"https:\\\/\\\/secure.gravatar.com\\\/avatar\\\/9a959d52b758fcc232fe4b6aca7bab139182573297122cce7d6f2ee0e537b418?s=96&d=mm&r=g\",\"caption\":\"Autojm\"},\"sameAs\":[\"https:\\\/\\\/www.autojm.fr\\\/blog\"],\"url\":\"https:\\\/\\\/www.autojm.fr\\\/blog\\\/author\\\/bichoi\\\/\"}]}<\/script>\n<!-- \/ Yoast SEO plugin. -->","yoast_head_json":{"title":"Le nouveau Duster 2018 au design ext\u00e9rieur quasiment inchang\u00e9","description":"Apr\u00e8s 7 ans de service dont deux millions d'exemplaires, l'ancien Dacia Duster s'offre une retraite bien m\u00e9rit\u00e9e. C'est ainsi, qu'au Salon...","robots":{"index":"index","follow":"follow","max-snippet":"max-snippet:-1","max-image-preview":"max-image-preview:large","max-video-preview":"max-video-preview:-1"},"canonical":"https:\/\/www.autojm.fr\/blog\/le-nouveau-duster-2018-trop-proche-de-lancien-detrompez-vous\/","og_locale":"fr_FR","og_type":"article","og_title":"Le nouveau Duster 2018 au design ext\u00e9rieur quasiment inchang\u00e9","og_description":"Apr\u00e8s 7 ans de service dont deux millions d'exemplaires, l'ancien Dacia Duster s'offre une retraite bien m\u00e9rit\u00e9e. C'est ainsi, qu'au Salon...","og_url":"https:\/\/www.autojm.fr\/blog\/le-nouveau-duster-2018-trop-proche-de-lancien-detrompez-vous\/","og_site_name":"AutoJM Mag","article_publisher":"https:\/\/www.facebook.com\/AutoJM25","article_published_time":"2017-12-14T00:00:00+00:00","article_modified_time":"2023-09-08T14:21:40+00:00","og_image":[{"width":940,"height":626,"url":"https:\/\/www.autojm.fr\/blog\/wp-content\/uploads\/2022\/10\/428.jpg","type":"image\/jpeg"}],"author":"Autojm","twitter_card":"summary_large_image","twitter_misc":{"\u00c9crit par":"Autojm","Dur\u00e9e de lecture estim\u00e9e":"3 minutes"},"schema":{"@context":"https:\/\/schema.org","@graph":[{"@type":"Article","@id":"https:\/\/www.autojm.fr\/blog\/le-nouveau-duster-2018-trop-proche-de-lancien-detrompez-vous\/#article","isPartOf":{"@id":"https:\/\/www.autojm.fr\/blog\/le-nouveau-duster-2018-trop-proche-de-lancien-detrompez-vous\/"},"author":{"name":"Autojm","@id":"https:\/\/www.autojm.fr\/blog\/#\/schema\/person\/9742bc77541853e0de81fc57f947e1a0"},"headline":"Le nouveau Duster 2018, trop proche de l\u2019ancien ? D\u00e9trompez-vous !","datePublished":"2017-12-14T00:00:00+00:00","dateModified":"2023-09-08T14:21:40+00:00","mainEntityOfPage":{"@id":"https:\/\/www.autojm.fr\/blog\/le-nouveau-duster-2018-trop-proche-de-lancien-detrompez-vous\/"},"wordCount":422,"commentCount":0,"publisher":{"@id":"https:\/\/www.autojm.fr\/blog\/#organization"},"image":{"@id":"https:\/\/www.autojm.fr\/blog\/le-nouveau-duster-2018-trop-proche-de-lancien-detrompez-vous\/#primaryimage"},"thumbnailUrl":"https:\/\/www.autojm.fr\/blog\/wp-content\/uploads\/2022\/10\/428.jpg","keywords":["autojm","dacia","Dacia Duster"],"articleSection":["Nouveaut\u00e9 Dacia","Nouveaut\u00e9s Autos"],"inLanguage":"fr-FR","potentialAction":[{"@type":"CommentAction","name":"Comment","target":["https:\/\/www.autojm.fr\/blog\/le-nouveau-duster-2018-trop-proche-de-lancien-detrompez-vous\/#respond"]}]},{"@type":"WebPage","@id":"https:\/\/www.autojm.fr\/blog\/le-nouveau-duster-2018-trop-proche-de-lancien-detrompez-vous\/","url":"https:\/\/www.autojm.fr\/blog\/le-nouveau-duster-2018-trop-proche-de-lancien-detrompez-vous\/","name":"Le nouveau Duster 2018 au design ext\u00e9rieur quasiment inchang\u00e9","isPartOf":{"@id":"https:\/\/www.autojm.fr\/blog\/#website"},"primaryImageOfPage":{"@id":"https:\/\/www.autojm.fr\/blog\/le-nouveau-duster-2018-trop-proche-de-lancien-detrompez-vous\/#primaryimage"},"image":{"@id":"https:\/\/www.autojm.fr\/blog\/le-nouveau-duster-2018-trop-proche-de-lancien-detrompez-vous\/#primaryimage"},"thumbnailUrl":"https:\/\/www.autojm.fr\/blog\/wp-content\/uploads\/2022\/10\/428.jpg","datePublished":"2017-12-14T00:00:00+00:00","dateModified":"2023-09-08T14:21:40+00:00","description":"Apr\u00e8s 7 ans de service dont deux millions d'exemplaires, l'ancien Dacia Duster s'offre une retraite bien m\u00e9rit\u00e9e. C'est ainsi, qu'au Salon...","breadcrumb":{"@id":"https:\/\/www.autojm.fr\/blog\/le-nouveau-duster-2018-trop-proche-de-lancien-detrompez-vous\/#breadcrumb"},"inLanguage":"fr-FR","potentialAction":[{"@type":"ReadAction","target":["https:\/\/www.autojm.fr\/blog\/le-nouveau-duster-2018-trop-proche-de-lancien-detrompez-vous\/"]}]},{"@type":"ImageObject","inLanguage":"fr-FR","@id":"https:\/\/www.autojm.fr\/blog\/le-nouveau-duster-2018-trop-proche-de-lancien-detrompez-vous\/#primaryimage","url":"https:\/\/www.autojm.fr\/blog\/wp-content\/uploads\/2022\/10\/428.jpg","contentUrl":"https:\/\/www.autojm.fr\/blog\/wp-content\/uploads\/2022\/10\/428.jpg","width":940,"height":626,"caption":"Dacia Duster"},{"@type":"BreadcrumbList","@id":"https:\/\/www.autojm.fr\/blog\/le-nouveau-duster-2018-trop-proche-de-lancien-detrompez-vous\/#breadcrumb","itemListElement":[{"@type":"ListItem","position":1,"name":"Accueil","item":"https:\/\/www.autojm.fr\/blog\/"},{"@type":"ListItem","position":2,"name":"Nouveaut\u00e9s Autos","item":"https:\/\/www.autojm.fr\/blog\/nouveautes-autos\/"},{"@type":"ListItem","position":3,"name":"Le nouveau Duster 2018, trop proche de l\u2019ancien ? D\u00e9trompez-vous !"}]},{"@type":"WebSite","@id":"https:\/\/www.autojm.fr\/blog\/#website","url":"https:\/\/www.autojm.fr\/blog\/","name":"AutoJM Mag","description":"Toute l&#039;actu auto en 1 clic !","publisher":{"@id":"https:\/\/www.autojm.fr\/blog\/#organization"},"potentialAction":[{"@type":"SearchAction","target":{"@type":"EntryPoint","urlTemplate":"https:\/\/www.autojm.fr\/blog\/?s={search_term_string}"},"query-input":{"@type":"PropertyValueSpecification","valueRequired":true,"valueName":"search_term_string"}}],"inLanguage":"fr-FR"},{"@type":"Organization","@id":"https:\/\/www.autojm.fr\/blog\/#organization","name":"AutoJM Mag","url":"https:\/\/www.autojm.fr\/blog\/","logo":{"@type":"ImageObject","inLanguage":"fr-FR","@id":"https:\/\/www.autojm.fr\/blog\/#\/schema\/logo\/image\/","url":"https:\/\/www.autojm.fr\/blog\/wp-content\/uploads\/2022\/12\/cropped-AutoJMag-png.png","contentUrl":"https:\/\/www.autojm.fr\/blog\/wp-content\/uploads\/2022\/12\/cropped-AutoJMag-png.png","width":2834,"height":585,"caption":"AutoJM Mag"},"image":{"@id":"https:\/\/www.autojm.fr\/blog\/#\/schema\/logo\/image\/"},"sameAs":["https:\/\/www.facebook.com\/AutoJM25"]},{"@type":"Person","@id":"https:\/\/www.autojm.fr\/blog\/#\/schema\/person\/9742bc77541853e0de81fc57f947e1a0","name":"Autojm","image":{"@type":"ImageObject","inLanguage":"fr-FR","@id":"https:\/\/secure.gravatar.com\/avatar\/9a959d52b758fcc232fe4b6aca7bab139182573297122cce7d6f2ee0e537b418?s=96&d=mm&r=g","url":"https:\/\/secure.gravatar.com\/avatar\/9a959d52b758fcc232fe4b6aca7bab139182573297122cce7d6f2ee0e537b418?s=96&d=mm&r=g","contentUrl":"https:\/\/secure.gravatar.com\/avatar\/9a959d52b758fcc232fe4b6aca7bab139182573297122cce7d6f2ee0e537b418?s=96&d=mm&r=g","caption":"Autojm"},"sameAs":["https:\/\/www.autojm.fr\/blog"],"url":"https:\/\/www.autojm.fr\/blog\/author\/bichoi\/"}]}},"_links":{"self":[{"href":"https:\/\/www.autojm.fr\/blog\/wp-json\/wp\/v2\/posts\/3707","targetHints":{"allow":["GET"]}}],"collection":[{"href":"https:\/\/www.autojm.fr\/blog\/wp-json\/wp\/v2\/posts"}],"about":[{"href":"https:\/\/www.autojm.fr\/blog\/wp-json\/wp\/v2\/types\/post"}],"author":[{"embeddable":true,"href":"https:\/\/www.autojm.fr\/blog\/wp-json\/wp\/v2\/users\/1"}],"replies":[{"embeddable":true,"href":"https:\/\/www.autojm.fr\/blog\/wp-json\/wp\/v2\/comments?post=3707"}],"version-history":[{"count":6,"href":"https:\/\/www.autojm.fr\/blog\/wp-json\/wp\/v2\/posts\/3707\/revisions"}],"predecessor-version":[{"id":12559,"href":"https:\/\/www.autojm.fr\/blog\/wp-json\/wp\/v2\/posts\/3707\/revisions\/12559"}],"wp:featuredmedia":[{"embeddable":true,"href":"https:\/\/www.autojm.fr\/blog\/wp-json\/wp\/v2\/media\/5767"}],"wp:attachment":[{"href":"https:\/\/www.autojm.fr\/blog\/wp-json\/wp\/v2\/media?parent=3707"}],"wp:term":[{"taxonomy":"category","embeddable":true,"href":"https:\/\/www.autojm.fr\/blog\/wp-json\/wp\/v2\/categories?post=3707"},{"taxonomy":"post_tag","embeddable":true,"href":"https:\/\/www.autojm.fr\/blog\/wp-json\/wp\/v2\/tags?post=3707"}],"curies":[{"name":"wp","href":"https:\/\/api.w.org\/{rel}","templated":true}]}}