{"id":3703,"date":"2017-11-17T00:00:00","date_gmt":"2017-11-17T00:00:00","guid":{"rendered":"https:\/\/www.autojm.fr\/blog\/toutes-les-infos-sur-la-citroen-c4-cactus-restylee-2018\/"},"modified":"2023-09-15T12:27:03","modified_gmt":"2023-09-15T12:27:03","slug":"toutes-les-infos-sur-la-citroen-c4-cactus-restylee-2018","status":"publish","type":"post","link":"https:\/\/www.autojm.fr\/blog\/toutes-les-infos-sur-la-citroen-c4-cactus-restylee-2018\/","title":{"rendered":"Toutes les infos sur la Citro\u00ebn C4 Cactus restyl\u00e9e (2018)"},"content":{"rendered":"<p dir=\"ltr\" style=\"line-height: 1.38; margin-top: 0pt; margin-bottom: 0pt; text-align: justify;\"><span id=\"docs-internal-guid-6c40d89f-ca8c-8b25-d2d7-1b3fe39a233d\"><span style=\"font-size: 11pt; font-family: Arial; color: #000000; background-color: transparent; vertical-align: baseline; white-space: pre-wrap;\">En cette fin d&rsquo;ann\u00e9e 2017, Citro\u00ebn nous a enfin r\u00e9v\u00e9l\u00e9 ce 26 octobre la version restyl\u00e9e du Citro\u00ebn C4 Cactus. \u00c0 premi\u00e8re vue, ce mod\u00e8le perd l&rsquo;originalit\u00e9 du mod\u00e8le actuel : les airbumps de protection.<\/span><br class=\"kix-line-break\" \/><br class=\"kix-line-break\" \/><span style=\"font-size: 11pt; font-family: Arial; color: #000000; background-color: transparent; vertical-align: baseline; white-space: pre-wrap;\">\u00ab La C4 Cactus pla\u00eet \u00e0 ceux qui n&rsquo;aiment pas plaire \u00e0 tout le monde \u00bb. Rappelez-vous d&rsquo;Annabelle, une petite fille toute mignonne, qui impressionne le Jury en interpr\u00e9tant une musique de Hard Rock. Vous avez aim\u00e9 la r\u00e9f\u00e9rence \u00e0 l&rsquo;\u00e9mission M6 \u00abThe voice\u00bb ? Pour la toute nouvelle Citro\u00ebn C4 Cactus restyl\u00e9e, le constructeur s&rsquo;inspire cette fois-ci d&rsquo;un autre programme : \u00ab Nouveau look pour une nouvelle vie \u00bb. Au revoir le look de crossover et bienvenue \u00e0 la berline compacte ! <\/span><br class=\"kix-line-break\" \/><br class=\"kix-line-break\" \/><iframe loading=\"lazy\" src=\"https:\/\/www.youtube.com\/embed\/pSM9rgSlCQE\" width=\"560\" height=\"315\" allowfullscreen=\"allowfullscreen\"><\/iframe><\/span><\/p>\n<p><span style=\"background-color: transparent; color: #000000; font-family: Arial; font-size: 11pt; font-weight: bold; white-space: pre-wrap;\">Un ext\u00e9rieur plus design ?<\/span><\/p>\n<p dir=\"ltr\" style=\"line-height: 1.38; margin-top: 0pt; margin-bottom: 0pt; text-align: justify;\"><span style=\"font-size: 11pt; font-family: Arial; color: #000000; background-color: transparent; vertical-align: baseline; white-space: pre-wrap;\">Les \u00e9l\u00e9ments graphiques de l&rsquo;univers Citro\u00ebn sont toujours bien distincts : Airbump\u00ae au bas des portes, ceinture vitr\u00e9e continue et pavillon flottant, face avant \u00e0 double \u00e9tage ou encore signature lumineuse arri\u00e8re \u00e0 effet 3D\u2026 Avec 31 combinaisons de personnalisation \u00e0 l&rsquo;ext\u00e9rieur dont 9 teintes de carrosserie et 4 Packs Color (selon la version choisie), la nouvelle C4 Cactus offre un design unique ! Tout est con\u00e7u pour \u00e9largir visuellement le v\u00e9hicule et ainsi vous faire succomber. Malheureusement, la disparition des airbumps qui prot\u00e9geaient ses flancs fera quelques m\u00e9contents&#8230;<\/span><br class=\"kix-line-break\" \/><span id=\"docs-internal-guid-6c40d89f-caa9-28b9-940d-078f4df066f1\"><\/span><\/p>\n<p dir=\"ltr\" style=\"line-height: 1.38; margin-top: 0pt; margin-bottom: 0pt; text-align: justify;\"><br class=\"kix-line-break\" \/><span style=\"font-size: 11pt; font-family: Arial; color: #000000; background-color: transparent; font-weight: bold; vertical-align: baseline; white-space: pre-wrap;\">Une refonte int\u00e9rieure peu modifi\u00e9e<\/span><br class=\"kix-line-break\" \/><span style=\"font-size: 11pt; font-family: Arial; color: #000000; background-color: transparent; vertical-align: baseline; white-space: pre-wrap;\">Except\u00e9 de nouvelles ambiances int\u00e9rieures, l&rsquo;habitacle \u00e9volue peu. En effet, les principales nouveaut\u00e9s se font ressentir au niveau de la console centrale et des si\u00e8ges avec de nouvelles mousses (mousse suppl\u00e9mentaire en surface de 15 mm \u00e0 l&rsquo;avant et \u00e0 l&rsquo;arri\u00e8re) \u2026 En ce qui concerne les nouvelles ambiances int\u00e9rieures, mis \u00e0 part l&rsquo;\u00e9quipement de s\u00e9rie (si\u00e8ges et planche de bord gris), la nouvelle C4 restyl\u00e9e poss\u00e8de quatre autres en option : Metropolitan Red (si\u00e8ges beiges et planche de bord rouge fonc\u00e9), Wild Grey (si\u00e8ges et planche de bord gris), Hype Grey (sellerie en cuir noir et planche de bord grise) et Hype Red (sellerie en cuir nappa beige et planche de bord rouge fonc\u00e9).<\/span><br class=\"kix-line-break\" \/><br class=\"kix-line-break\" \/><span style=\"font-size: 11pt; font-family: Arial; color: #000000; background-color: transparent; vertical-align: baseline; white-space: pre-wrap;\">Outre les apparences, le constructeur en a profit\u00e9 pour corriger l&rsquo;insonorisation : \u00e9paisseur des vitres, joints de portes, pare-brise acoustique, insonorisant sur le tablier moteur et le plancher\u2026 Un point plut\u00f4t favorable pour la nouvelle Citro\u00ebn <\/span><br class=\"kix-line-break\" \/><br class=\"kix-line-break\" \/><span style=\"font-size: 11pt; font-family: Arial; color: #000000; background-color: transparent; font-weight: bold; vertical-align: baseline; white-space: pre-wrap;\">La technologie \u00e0 votre service<\/span><br class=\"kix-line-break\" \/><span style=\"font-size: 11pt; font-family: Arial; color: #000000; background-color: transparent; vertical-align: baseline; white-space: pre-wrap;\">Un moment d&rsquo;inattention au volant ? Soyez rassur\u00e9s avec la nouvelle C4 Cactus, les 12 aides \u00e0 la conduite sont l\u00e0 pour assurer votre s\u00e9curit\u00e9 ainsi que celle des autres ! Associez votre univers num\u00e9rique \u00e0 votre voiture avec la technologie CITRO\u00ebN Connect Nav*, la fonction Mirror Screen* avec Android Auto, Apple CarPlay\u2122, MirrorLink\u00ae et CITRO\u00ebN Connect Box*. *Selon version.<\/span><\/p>\n<p dir=\"ltr\" style=\"line-height: 1.38; margin-top: 0pt; margin-bottom: 0pt; text-align: justify;\"><br class=\"kix-line-break\" \/><span style=\"font-size: 11pt; font-family: Arial; color: #000000; background-color: transparent; font-weight: bold; vertical-align: baseline; white-space: pre-wrap;\">Deux nouveaux moteurs<\/span><br class=\"kix-line-break\" \/><span style=\"font-size: 11pt; font-family: Arial; color: #000000; background-color: transparent; vertical-align: baseline; white-space: pre-wrap;\">La nouvelle Citro\u00ebn offre des motorisations de derni\u00e8re g\u00e9n\u00e9ration pour allier acc\u00e9l\u00e9rations et plaisir de conduite. Du nouveau pour les moteurs essence, la version 130ch (BVM6) accompagnera les actuels 1.2 PureTech de 82 et 110 ch (BVM6 et EAT6). En ce qui concerne les moteurs diesel, le nouveau 1.5 BlueHDi 120 avec transmission automatique EAT6 verra le jour en automne 2018 en compl\u00e9ment au 1.6 BlueHDi 100. Quel que soit le moteur, essence PureTech ou Diesel BlueHDi, ils seront \u00e9quip\u00e9s d&rsquo;un filtre \u00e0 particule (GPF) !<\/span><br class=\"kix-line-break\" \/><br class=\"kix-line-break\" \/><span style=\"font-size: 11pt; font-family: Arial; color: #000000; background-color: transparent; vertical-align: baseline; white-space: pre-wrap;\">Le style plus sage du nouveau C4 Cactus suscitera-t-il plus d&rsquo;int\u00e9r\u00eat qu&rsquo;aujourd&rsquo;hui ? Citro\u00ebn va-t-il inverser les courbes de ventes ? R\u00e9ponse en 2018 lors de son lancement et de la r\u00e9v\u00e9lation de ses prix et \u00e9quipements.<\/span><\/p>\n<p><iframe loading=\"lazy\" src=\"https:\/\/www.youtube.com\/embed\/WfbUtgnoQs4\" width=\"560\" height=\"315\" allowfullscreen=\"allowfullscreen\"><\/iframe><\/p>\n","protected":false},"excerpt":{"rendered":"<p>En cette fin d&rsquo;ann\u00e9e 2017, Citro\u00ebn nous a enfin r\u00e9v\u00e9l\u00e9 ce 26 octobre la version restyl\u00e9e du Citro\u00ebn C4 Cactus. \u00c0 premi\u00e8re vue, ce mod\u00e8le perd l&rsquo;originalit\u00e9 du mod\u00e8le actuel : les airbumps de protection.<\/p>\n","protected":false},"author":1,"featured_media":5763,"comment_status":"open","ping_status":"open","sticky":false,"template":"","format":"standard","meta":{"_acf_changed":false,"content-type":"","footnotes":""},"categories":[236,61],"tags":[90,79,179],"class_list":["post-3703","post","type-post","status-publish","format-standard","has-post-thumbnail","hentry","category-nouveaute-citroen","category-nouveautes-autos","tag-autojm","tag-citroen","tag-citroen-c4-cactus"],"acf":[],"yoast_head":"<!-- This site is optimized with the Yoast SEO plugin v27.5 - https:\/\/yoast.com\/product\/yoast-seo-wordpress\/ -->\n<title>Toutes les infos sur la Citro\u00ebn C4 Cactus restyl\u00e9e (2018)<\/title>\n<meta name=\"description\" content=\"En cette fin d&#039;ann\u00e9e 2017, Citro\u00ebn nous a enfin r\u00e9v\u00e9l\u00e9 ce 26 octobre la version restyl\u00e9e du Citro\u00ebn C4 Cactus. \u00c0 premi\u00e8re vue, ce mod\u00e8le...\" \/>\n<meta name=\"robots\" content=\"index, follow, max-snippet:-1, max-image-preview:large, max-video-preview:-1\" \/>\n<link rel=\"canonical\" href=\"https:\/\/www.autojm.fr\/blog\/toutes-les-infos-sur-la-citroen-c4-cactus-restylee-2018\/\" \/>\n<meta property=\"og:locale\" content=\"fr_FR\" \/>\n<meta property=\"og:type\" content=\"article\" \/>\n<meta property=\"og:title\" content=\"Toutes les infos sur la Citro\u00ebn C4 Cactus restyl\u00e9e (2018)\" \/>\n<meta property=\"og:description\" content=\"En cette fin d&#039;ann\u00e9e 2017, Citro\u00ebn nous a enfin r\u00e9v\u00e9l\u00e9 ce 26 octobre la version restyl\u00e9e du Citro\u00ebn C4 Cactus. \u00c0 premi\u00e8re vue, ce mod\u00e8le...\" \/>\n<meta property=\"og:url\" content=\"https:\/\/www.autojm.fr\/blog\/toutes-les-infos-sur-la-citroen-c4-cactus-restylee-2018\/\" \/>\n<meta property=\"og:site_name\" content=\"AutoJM Mag\" \/>\n<meta property=\"article:publisher\" content=\"https:\/\/www.facebook.com\/AutoJM25\" \/>\n<meta property=\"article:published_time\" content=\"2017-11-17T00:00:00+00:00\" \/>\n<meta property=\"article:modified_time\" content=\"2023-09-15T12:27:03+00:00\" \/>\n<meta property=\"og:image\" content=\"https:\/\/www.autojm.fr\/blog\/wp-content\/uploads\/2022\/10\/425.jpg\" \/>\n\t<meta property=\"og:image:width\" content=\"597\" \/>\n\t<meta property=\"og:image:height\" content=\"400\" \/>\n\t<meta property=\"og:image:type\" content=\"image\/jpeg\" \/>\n<meta name=\"author\" content=\"Autojm\" \/>\n<meta name=\"twitter:card\" content=\"summary_large_image\" \/>\n<meta name=\"twitter:label1\" content=\"\u00c9crit par\" \/>\n\t<meta name=\"twitter:data1\" content=\"Autojm\" \/>\n\t<meta name=\"twitter:label2\" content=\"Dur\u00e9e de lecture estim\u00e9e\" \/>\n\t<meta name=\"twitter:data2\" content=\"3 minutes\" \/>\n<script type=\"application\/ld+json\" class=\"yoast-schema-graph\">{\"@context\":\"https:\\\/\\\/schema.org\",\"@graph\":[{\"@type\":\"Article\",\"@id\":\"https:\\\/\\\/www.autojm.fr\\\/blog\\\/toutes-les-infos-sur-la-citroen-c4-cactus-restylee-2018\\\/#article\",\"isPartOf\":{\"@id\":\"https:\\\/\\\/www.autojm.fr\\\/blog\\\/toutes-les-infos-sur-la-citroen-c4-cactus-restylee-2018\\\/\"},\"author\":{\"name\":\"Autojm\",\"@id\":\"https:\\\/\\\/www.autojm.fr\\\/blog\\\/#\\\/schema\\\/person\\\/9742bc77541853e0de81fc57f947e1a0\"},\"headline\":\"Toutes les infos sur la Citro\u00ebn C4 Cactus restyl\u00e9e (2018)\",\"datePublished\":\"2017-11-17T00:00:00+00:00\",\"dateModified\":\"2023-09-15T12:27:03+00:00\",\"mainEntityOfPage\":{\"@id\":\"https:\\\/\\\/www.autojm.fr\\\/blog\\\/toutes-les-infos-sur-la-citroen-c4-cactus-restylee-2018\\\/\"},\"wordCount\":582,\"commentCount\":0,\"publisher\":{\"@id\":\"https:\\\/\\\/www.autojm.fr\\\/blog\\\/#organization\"},\"image\":{\"@id\":\"https:\\\/\\\/www.autojm.fr\\\/blog\\\/toutes-les-infos-sur-la-citroen-c4-cactus-restylee-2018\\\/#primaryimage\"},\"thumbnailUrl\":\"https:\\\/\\\/www.autojm.fr\\\/blog\\\/wp-content\\\/uploads\\\/2022\\\/10\\\/425.jpg\",\"keywords\":[\"autojm\",\"citroen\",\"Citro\u00ebn C4 Cactus\"],\"articleSection\":[\"Nouveaut\u00e9 Citro\u00ebn\",\"Nouveaut\u00e9s Autos\"],\"inLanguage\":\"fr-FR\",\"potentialAction\":[{\"@type\":\"CommentAction\",\"name\":\"Comment\",\"target\":[\"https:\\\/\\\/www.autojm.fr\\\/blog\\\/toutes-les-infos-sur-la-citroen-c4-cactus-restylee-2018\\\/#respond\"]}]},{\"@type\":\"WebPage\",\"@id\":\"https:\\\/\\\/www.autojm.fr\\\/blog\\\/toutes-les-infos-sur-la-citroen-c4-cactus-restylee-2018\\\/\",\"url\":\"https:\\\/\\\/www.autojm.fr\\\/blog\\\/toutes-les-infos-sur-la-citroen-c4-cactus-restylee-2018\\\/\",\"name\":\"Toutes les infos sur la Citro\u00ebn C4 Cactus restyl\u00e9e (2018)\",\"isPartOf\":{\"@id\":\"https:\\\/\\\/www.autojm.fr\\\/blog\\\/#website\"},\"primaryImageOfPage\":{\"@id\":\"https:\\\/\\\/www.autojm.fr\\\/blog\\\/toutes-les-infos-sur-la-citroen-c4-cactus-restylee-2018\\\/#primaryimage\"},\"image\":{\"@id\":\"https:\\\/\\\/www.autojm.fr\\\/blog\\\/toutes-les-infos-sur-la-citroen-c4-cactus-restylee-2018\\\/#primaryimage\"},\"thumbnailUrl\":\"https:\\\/\\\/www.autojm.fr\\\/blog\\\/wp-content\\\/uploads\\\/2022\\\/10\\\/425.jpg\",\"datePublished\":\"2017-11-17T00:00:00+00:00\",\"dateModified\":\"2023-09-15T12:27:03+00:00\",\"description\":\"En cette fin d'ann\u00e9e 2017, Citro\u00ebn nous a enfin r\u00e9v\u00e9l\u00e9 ce 26 octobre la version restyl\u00e9e du Citro\u00ebn C4 Cactus. \u00c0 premi\u00e8re vue, ce mod\u00e8le...\",\"breadcrumb\":{\"@id\":\"https:\\\/\\\/www.autojm.fr\\\/blog\\\/toutes-les-infos-sur-la-citroen-c4-cactus-restylee-2018\\\/#breadcrumb\"},\"inLanguage\":\"fr-FR\",\"potentialAction\":[{\"@type\":\"ReadAction\",\"target\":[\"https:\\\/\\\/www.autojm.fr\\\/blog\\\/toutes-les-infos-sur-la-citroen-c4-cactus-restylee-2018\\\/\"]}]},{\"@type\":\"ImageObject\",\"inLanguage\":\"fr-FR\",\"@id\":\"https:\\\/\\\/www.autojm.fr\\\/blog\\\/toutes-les-infos-sur-la-citroen-c4-cactus-restylee-2018\\\/#primaryimage\",\"url\":\"https:\\\/\\\/www.autojm.fr\\\/blog\\\/wp-content\\\/uploads\\\/2022\\\/10\\\/425.jpg\",\"contentUrl\":\"https:\\\/\\\/www.autojm.fr\\\/blog\\\/wp-content\\\/uploads\\\/2022\\\/10\\\/425.jpg\",\"width\":597,\"height\":400,\"caption\":\"Citro\u00ebn C4 Cactus\"},{\"@type\":\"BreadcrumbList\",\"@id\":\"https:\\\/\\\/www.autojm.fr\\\/blog\\\/toutes-les-infos-sur-la-citroen-c4-cactus-restylee-2018\\\/#breadcrumb\",\"itemListElement\":[{\"@type\":\"ListItem\",\"position\":1,\"name\":\"Accueil\",\"item\":\"https:\\\/\\\/www.autojm.fr\\\/blog\\\/\"},{\"@type\":\"ListItem\",\"position\":2,\"name\":\"Nouveaut\u00e9s Autos\",\"item\":\"https:\\\/\\\/www.autojm.fr\\\/blog\\\/nouveautes-autos\\\/\"},{\"@type\":\"ListItem\",\"position\":3,\"name\":\"Toutes les infos sur la Citro\u00ebn C4 Cactus restyl\u00e9e (2018)\"}]},{\"@type\":\"WebSite\",\"@id\":\"https:\\\/\\\/www.autojm.fr\\\/blog\\\/#website\",\"url\":\"https:\\\/\\\/www.autojm.fr\\\/blog\\\/\",\"name\":\"AutoJM Mag\",\"description\":\"Toute l&#039;actu auto en 1 clic !\",\"publisher\":{\"@id\":\"https:\\\/\\\/www.autojm.fr\\\/blog\\\/#organization\"},\"potentialAction\":[{\"@type\":\"SearchAction\",\"target\":{\"@type\":\"EntryPoint\",\"urlTemplate\":\"https:\\\/\\\/www.autojm.fr\\\/blog\\\/?s={search_term_string}\"},\"query-input\":{\"@type\":\"PropertyValueSpecification\",\"valueRequired\":true,\"valueName\":\"search_term_string\"}}],\"inLanguage\":\"fr-FR\"},{\"@type\":\"Organization\",\"@id\":\"https:\\\/\\\/www.autojm.fr\\\/blog\\\/#organization\",\"name\":\"AutoJM Mag\",\"url\":\"https:\\\/\\\/www.autojm.fr\\\/blog\\\/\",\"logo\":{\"@type\":\"ImageObject\",\"inLanguage\":\"fr-FR\",\"@id\":\"https:\\\/\\\/www.autojm.fr\\\/blog\\\/#\\\/schema\\\/logo\\\/image\\\/\",\"url\":\"https:\\\/\\\/www.autojm.fr\\\/blog\\\/wp-content\\\/uploads\\\/2022\\\/12\\\/cropped-AutoJMag-png.png\",\"contentUrl\":\"https:\\\/\\\/www.autojm.fr\\\/blog\\\/wp-content\\\/uploads\\\/2022\\\/12\\\/cropped-AutoJMag-png.png\",\"width\":2834,\"height\":585,\"caption\":\"AutoJM Mag\"},\"image\":{\"@id\":\"https:\\\/\\\/www.autojm.fr\\\/blog\\\/#\\\/schema\\\/logo\\\/image\\\/\"},\"sameAs\":[\"https:\\\/\\\/www.facebook.com\\\/AutoJM25\"]},{\"@type\":\"Person\",\"@id\":\"https:\\\/\\\/www.autojm.fr\\\/blog\\\/#\\\/schema\\\/person\\\/9742bc77541853e0de81fc57f947e1a0\",\"name\":\"Autojm\",\"image\":{\"@type\":\"ImageObject\",\"inLanguage\":\"fr-FR\",\"@id\":\"https:\\\/\\\/secure.gravatar.com\\\/avatar\\\/9a959d52b758fcc232fe4b6aca7bab139182573297122cce7d6f2ee0e537b418?s=96&d=mm&r=g\",\"url\":\"https:\\\/\\\/secure.gravatar.com\\\/avatar\\\/9a959d52b758fcc232fe4b6aca7bab139182573297122cce7d6f2ee0e537b418?s=96&d=mm&r=g\",\"contentUrl\":\"https:\\\/\\\/secure.gravatar.com\\\/avatar\\\/9a959d52b758fcc232fe4b6aca7bab139182573297122cce7d6f2ee0e537b418?s=96&d=mm&r=g\",\"caption\":\"Autojm\"},\"sameAs\":[\"https:\\\/\\\/www.autojm.fr\\\/blog\"],\"url\":\"https:\\\/\\\/www.autojm.fr\\\/blog\\\/author\\\/bichoi\\\/\"}]}<\/script>\n<!-- \/ Yoast SEO plugin. -->","yoast_head_json":{"title":"Toutes les infos sur la Citro\u00ebn C4 Cactus restyl\u00e9e (2018)","description":"En cette fin d'ann\u00e9e 2017, Citro\u00ebn nous a enfin r\u00e9v\u00e9l\u00e9 ce 26 octobre la version restyl\u00e9e du Citro\u00ebn C4 Cactus. \u00c0 premi\u00e8re vue, ce mod\u00e8le...","robots":{"index":"index","follow":"follow","max-snippet":"max-snippet:-1","max-image-preview":"max-image-preview:large","max-video-preview":"max-video-preview:-1"},"canonical":"https:\/\/www.autojm.fr\/blog\/toutes-les-infos-sur-la-citroen-c4-cactus-restylee-2018\/","og_locale":"fr_FR","og_type":"article","og_title":"Toutes les infos sur la Citro\u00ebn C4 Cactus restyl\u00e9e (2018)","og_description":"En cette fin d'ann\u00e9e 2017, Citro\u00ebn nous a enfin r\u00e9v\u00e9l\u00e9 ce 26 octobre la version restyl\u00e9e du Citro\u00ebn C4 Cactus. \u00c0 premi\u00e8re vue, ce mod\u00e8le...","og_url":"https:\/\/www.autojm.fr\/blog\/toutes-les-infos-sur-la-citroen-c4-cactus-restylee-2018\/","og_site_name":"AutoJM Mag","article_publisher":"https:\/\/www.facebook.com\/AutoJM25","article_published_time":"2017-11-17T00:00:00+00:00","article_modified_time":"2023-09-15T12:27:03+00:00","og_image":[{"width":597,"height":400,"url":"https:\/\/www.autojm.fr\/blog\/wp-content\/uploads\/2022\/10\/425.jpg","type":"image\/jpeg"}],"author":"Autojm","twitter_card":"summary_large_image","twitter_misc":{"\u00c9crit par":"Autojm","Dur\u00e9e de lecture estim\u00e9e":"3 minutes"},"schema":{"@context":"https:\/\/schema.org","@graph":[{"@type":"Article","@id":"https:\/\/www.autojm.fr\/blog\/toutes-les-infos-sur-la-citroen-c4-cactus-restylee-2018\/#article","isPartOf":{"@id":"https:\/\/www.autojm.fr\/blog\/toutes-les-infos-sur-la-citroen-c4-cactus-restylee-2018\/"},"author":{"name":"Autojm","@id":"https:\/\/www.autojm.fr\/blog\/#\/schema\/person\/9742bc77541853e0de81fc57f947e1a0"},"headline":"Toutes les infos sur la Citro\u00ebn C4 Cactus restyl\u00e9e (2018)","datePublished":"2017-11-17T00:00:00+00:00","dateModified":"2023-09-15T12:27:03+00:00","mainEntityOfPage":{"@id":"https:\/\/www.autojm.fr\/blog\/toutes-les-infos-sur-la-citroen-c4-cactus-restylee-2018\/"},"wordCount":582,"commentCount":0,"publisher":{"@id":"https:\/\/www.autojm.fr\/blog\/#organization"},"image":{"@id":"https:\/\/www.autojm.fr\/blog\/toutes-les-infos-sur-la-citroen-c4-cactus-restylee-2018\/#primaryimage"},"thumbnailUrl":"https:\/\/www.autojm.fr\/blog\/wp-content\/uploads\/2022\/10\/425.jpg","keywords":["autojm","citroen","Citro\u00ebn C4 Cactus"],"articleSection":["Nouveaut\u00e9 Citro\u00ebn","Nouveaut\u00e9s Autos"],"inLanguage":"fr-FR","potentialAction":[{"@type":"CommentAction","name":"Comment","target":["https:\/\/www.autojm.fr\/blog\/toutes-les-infos-sur-la-citroen-c4-cactus-restylee-2018\/#respond"]}]},{"@type":"WebPage","@id":"https:\/\/www.autojm.fr\/blog\/toutes-les-infos-sur-la-citroen-c4-cactus-restylee-2018\/","url":"https:\/\/www.autojm.fr\/blog\/toutes-les-infos-sur-la-citroen-c4-cactus-restylee-2018\/","name":"Toutes les infos sur la Citro\u00ebn C4 Cactus restyl\u00e9e (2018)","isPartOf":{"@id":"https:\/\/www.autojm.fr\/blog\/#website"},"primaryImageOfPage":{"@id":"https:\/\/www.autojm.fr\/blog\/toutes-les-infos-sur-la-citroen-c4-cactus-restylee-2018\/#primaryimage"},"image":{"@id":"https:\/\/www.autojm.fr\/blog\/toutes-les-infos-sur-la-citroen-c4-cactus-restylee-2018\/#primaryimage"},"thumbnailUrl":"https:\/\/www.autojm.fr\/blog\/wp-content\/uploads\/2022\/10\/425.jpg","datePublished":"2017-11-17T00:00:00+00:00","dateModified":"2023-09-15T12:27:03+00:00","description":"En cette fin d'ann\u00e9e 2017, Citro\u00ebn nous a enfin r\u00e9v\u00e9l\u00e9 ce 26 octobre la version restyl\u00e9e du Citro\u00ebn C4 Cactus. \u00c0 premi\u00e8re vue, ce mod\u00e8le...","breadcrumb":{"@id":"https:\/\/www.autojm.fr\/blog\/toutes-les-infos-sur-la-citroen-c4-cactus-restylee-2018\/#breadcrumb"},"inLanguage":"fr-FR","potentialAction":[{"@type":"ReadAction","target":["https:\/\/www.autojm.fr\/blog\/toutes-les-infos-sur-la-citroen-c4-cactus-restylee-2018\/"]}]},{"@type":"ImageObject","inLanguage":"fr-FR","@id":"https:\/\/www.autojm.fr\/blog\/toutes-les-infos-sur-la-citroen-c4-cactus-restylee-2018\/#primaryimage","url":"https:\/\/www.autojm.fr\/blog\/wp-content\/uploads\/2022\/10\/425.jpg","contentUrl":"https:\/\/www.autojm.fr\/blog\/wp-content\/uploads\/2022\/10\/425.jpg","width":597,"height":400,"caption":"Citro\u00ebn C4 Cactus"},{"@type":"BreadcrumbList","@id":"https:\/\/www.autojm.fr\/blog\/toutes-les-infos-sur-la-citroen-c4-cactus-restylee-2018\/#breadcrumb","itemListElement":[{"@type":"ListItem","position":1,"name":"Accueil","item":"https:\/\/www.autojm.fr\/blog\/"},{"@type":"ListItem","position":2,"name":"Nouveaut\u00e9s Autos","item":"https:\/\/www.autojm.fr\/blog\/nouveautes-autos\/"},{"@type":"ListItem","position":3,"name":"Toutes les infos sur la Citro\u00ebn C4 Cactus restyl\u00e9e (2018)"}]},{"@type":"WebSite","@id":"https:\/\/www.autojm.fr\/blog\/#website","url":"https:\/\/www.autojm.fr\/blog\/","name":"AutoJM Mag","description":"Toute l&#039;actu auto en 1 clic !","publisher":{"@id":"https:\/\/www.autojm.fr\/blog\/#organization"},"potentialAction":[{"@type":"SearchAction","target":{"@type":"EntryPoint","urlTemplate":"https:\/\/www.autojm.fr\/blog\/?s={search_term_string}"},"query-input":{"@type":"PropertyValueSpecification","valueRequired":true,"valueName":"search_term_string"}}],"inLanguage":"fr-FR"},{"@type":"Organization","@id":"https:\/\/www.autojm.fr\/blog\/#organization","name":"AutoJM Mag","url":"https:\/\/www.autojm.fr\/blog\/","logo":{"@type":"ImageObject","inLanguage":"fr-FR","@id":"https:\/\/www.autojm.fr\/blog\/#\/schema\/logo\/image\/","url":"https:\/\/www.autojm.fr\/blog\/wp-content\/uploads\/2022\/12\/cropped-AutoJMag-png.png","contentUrl":"https:\/\/www.autojm.fr\/blog\/wp-content\/uploads\/2022\/12\/cropped-AutoJMag-png.png","width":2834,"height":585,"caption":"AutoJM Mag"},"image":{"@id":"https:\/\/www.autojm.fr\/blog\/#\/schema\/logo\/image\/"},"sameAs":["https:\/\/www.facebook.com\/AutoJM25"]},{"@type":"Person","@id":"https:\/\/www.autojm.fr\/blog\/#\/schema\/person\/9742bc77541853e0de81fc57f947e1a0","name":"Autojm","image":{"@type":"ImageObject","inLanguage":"fr-FR","@id":"https:\/\/secure.gravatar.com\/avatar\/9a959d52b758fcc232fe4b6aca7bab139182573297122cce7d6f2ee0e537b418?s=96&d=mm&r=g","url":"https:\/\/secure.gravatar.com\/avatar\/9a959d52b758fcc232fe4b6aca7bab139182573297122cce7d6f2ee0e537b418?s=96&d=mm&r=g","contentUrl":"https:\/\/secure.gravatar.com\/avatar\/9a959d52b758fcc232fe4b6aca7bab139182573297122cce7d6f2ee0e537b418?s=96&d=mm&r=g","caption":"Autojm"},"sameAs":["https:\/\/www.autojm.fr\/blog"],"url":"https:\/\/www.autojm.fr\/blog\/author\/bichoi\/"}]}},"_links":{"self":[{"href":"https:\/\/www.autojm.fr\/blog\/wp-json\/wp\/v2\/posts\/3703","targetHints":{"allow":["GET"]}}],"collection":[{"href":"https:\/\/www.autojm.fr\/blog\/wp-json\/wp\/v2\/posts"}],"about":[{"href":"https:\/\/www.autojm.fr\/blog\/wp-json\/wp\/v2\/types\/post"}],"author":[{"embeddable":true,"href":"https:\/\/www.autojm.fr\/blog\/wp-json\/wp\/v2\/users\/1"}],"replies":[{"embeddable":true,"href":"https:\/\/www.autojm.fr\/blog\/wp-json\/wp\/v2\/comments?post=3703"}],"version-history":[{"count":8,"href":"https:\/\/www.autojm.fr\/blog\/wp-json\/wp\/v2\/posts\/3703\/revisions"}],"predecessor-version":[{"id":12725,"href":"https:\/\/www.autojm.fr\/blog\/wp-json\/wp\/v2\/posts\/3703\/revisions\/12725"}],"wp:featuredmedia":[{"embeddable":true,"href":"https:\/\/www.autojm.fr\/blog\/wp-json\/wp\/v2\/media\/5763"}],"wp:attachment":[{"href":"https:\/\/www.autojm.fr\/blog\/wp-json\/wp\/v2\/media?parent=3703"}],"wp:term":[{"taxonomy":"category","embeddable":true,"href":"https:\/\/www.autojm.fr\/blog\/wp-json\/wp\/v2\/categories?post=3703"},{"taxonomy":"post_tag","embeddable":true,"href":"https:\/\/www.autojm.fr\/blog\/wp-json\/wp\/v2\/tags?post=3703"}],"curies":[{"name":"wp","href":"https:\/\/api.w.org\/{rel}","templated":true}]}}