{"id":3701,"date":"2017-10-09T00:00:00","date_gmt":"2017-10-09T00:00:00","guid":{"rendered":"https:\/\/www.autojm.fr\/blog\/le-groupe-psa-face-a-la-norme-euro-6-d\/"},"modified":"2023-09-15T12:11:27","modified_gmt":"2023-09-15T12:11:27","slug":"le-groupe-psa-face-a-la-norme-euro-6-d","status":"publish","type":"post","link":"https:\/\/www.autojm.fr\/blog\/le-groupe-psa-face-a-la-norme-euro-6-d\/","title":{"rendered":"Le groupe PSA face \u00e0 la norme Euro 6.d !"},"content":{"rendered":"<p dir=\"ltr\" style=\"line-height: 1.38; margin-top: 0pt; margin-bottom: 0pt; text-align: justify;\"><span style=\"background-color: transparent; color: #000000; font-family: Arial; font-size: 11pt; white-space: pre-wrap;\">Selon le groupe PSA, les moteurs thermiques feront toujours fureurs aux yeux des clients. Effectivement, la part de march\u00e9 n&rsquo;atteindra pas moins de 95% en Europe d&rsquo;ici trois ans. Ce pourcentage inclut tout de m\u00eame <strong>10 \u00e0 15% de v\u00e9hicules hybrides<\/strong>. \u00c0 cet effet, le constructeur fran\u00e7ais l&rsquo;a bien compris, les moteurs thermiques seront toujours les stars du march\u00e9 Europ\u00e9en ! Malgr\u00e9 tout, avec la <strong>norme Euro 6.d<\/strong> qui arrive \u00e0 grand pas, il est impensable de laisser ces moteurs indemnes.<\/span><\/p>\n<p style=\"text-align: justify;\"><span style=\"background-color: transparent; color: #000000; font-family: Arial; font-size: 11pt; font-weight: bold; white-space: pre-wrap; text-align: justify;\">Nouveau filtre \u00e0 particules sur les moteurs essence<\/span><\/p>\n<p style=\"text-align: justify;\"><span style=\"background-color: transparent; color: #000000; font-family: Arial; font-size: 11pt; white-space: pre-wrap; text-align: justify;\">Six ans apr\u00e8s que la norme Euro 5 a rendu obligatoire le filtre \u00e0 particules sur le Diesel, le FAP refait parler de lui, mais cette fois-ci, pour les moteurs essence ! L&rsquo;objectif principal : <strong>concevoir des motorisations moins polluantes<\/strong>. Par cons\u00e9quent, PSA prend une avance consid\u00e9rable sur la norme Euro 6.d. En effet, trois ans avant cette nouvelle r\u00e9glementation, le constructeur s&rsquo;engage \u00e0 respecter le facteur de conformit\u00e9 de 1,5 pr\u00e9vu par le cycle RDE dans sa seconde phase.<\/span><\/p>\n<p style=\"text-align: justify;\"><span style=\"background-color: transparent; color: #000000; font-family: Arial; font-size: 11pt; white-space: pre-wrap;\">Pour tenir d\u00e8s aujourd&rsquo;hui le facteur de 1,5 de la norme Euro 6.d de 2020, le <strong>nouveau moteur \u00e0 essence 1.2 PureTech 130 ch<\/strong> s&rsquo;\u00e9quipe d&rsquo;un nouveau filtre \u00e0 particules : Gasoline Particulate Filter (GPF). Ce filtre, juxtapos\u00e9 au catalyseur \u00e0 trois voies, permet dor\u00e9navant de traiter les particules. Ces anciennes fonctions restent intactes afin de traiter le CO, les HC et les NOx via le catalyseur.<\/span><\/p>\n<p style=\"text-align: justify;\"><span style=\"background-color: transparent; color: #000000; font-family: Arial; font-size: 11pt; font-weight: bold; white-space: pre-wrap; text-align: justify;\">Des consommateurs avantag\u00e9s<\/span><\/p>\n<p style=\"text-align: justify;\"><span style=\"background-color: transparent; color: #000000; font-family: Arial; font-size: 11pt; white-space: pre-wrap; text-align: justify;\">G\u00e9n\u00e9ralis\u00e9 sur toutes les motorisations essence, le consommateur ne peut \u00eatre que satisfait ! En effet, ce FAP engendre un <strong>gain de consommation de 4 \u00e0 6%<\/strong> gr\u00e2ce \u00e0 l&rsquo;optimisation des circuits de recirculation des gaz d&rsquo;\u00e9chappement, \u00e0 la g\u00e9n\u00e9ralisation du syst\u00e8me de lev\u00e9e variable des soupapes, \u00e0 l&rsquo;augmentation \u00e0 250 bars de la pression des injections multiples, \u00e0 la r\u00e9duction des frottements et \u00e0 la lib\u00e9ration des turbines des compresseurs. Par ailleurs, le filtre \u00e0 particules est moins cher pour l&rsquo;essence que pour le Diesel en raison d&rsquo;une temp\u00e9rature de gaz d&rsquo;\u00e9chappement inf\u00e9rieure. Comme nous l&rsquo;explique Christian Chapelle, \u00ab\u00a0Cela permet de br\u00fbler naturellement les suies pi\u00e9g\u00e9es sur le filtre, sans additif aucun ni maintenance. On traite ainsi au moins <strong>75 % des particules<\/strong> en nombre et cela suffit pour passer la norme de 2020.\u00a0\u00bb<\/span><\/p>\n<p style=\"text-align: justify;\"><span style=\"background-color: transparent; color: #000000; font-family: Arial; font-size: 11pt; font-weight: bold; white-space: pre-wrap;\">Et les moteurs Diesel en quelques mots ?<\/span><\/p>\n<p dir=\"ltr\" style=\"line-height: 1.38; margin-top: 0pt; margin-bottom: 0pt; text-align: justify;\"><span id=\"docs-internal-guid-5c8a1af3-01b5-b56f-fc40-9553ddb5b644\"><span style=\"font-size: 11pt; font-family: Arial; color: #000000; background-color: transparent; vertical-align: baseline; white-space: pre-wrap;\">Les moteurs Diesels se font \u00e9galement une petite place dans l&rsquo;actualit\u00e9 suite \u00e0 leur am\u00e9lioration. En effet, ce dernier perd 100 centim\u00e8tres cubes de cylindr\u00e9e, mais gagne dix chevaux ! Ainsi, le moteur 1.6 Blue HDI 120 S\/S est remplac\u00e9 par le <strong>moteur 1.5 Blue HDI 130 S\/S<\/strong> sur la nouvelle Peugeot 308 pour les finitions <strong>Active, Allure et GT Line<\/strong>. Il en est de m\u00eame pour les nouveaux 3008 et 5008 !<\/span><\/span><\/p>\n<p style=\"text-align: justify;\"><span style=\"background-color: transparent; color: #000000; font-family: Arial; font-size: 11pt; white-space: pre-wrap; text-align: justify;\">Par ailleurs, la nouvelle g\u00e9n\u00e9ration de Peugeot 308 pour la <strong>finition GT BlueHDi 180<\/strong> est d\u00e9sormais \u00e9quip\u00e9e d&rsquo;une <strong>nouvelle bo\u00eete automatique 8 rapports<\/strong> depuis septembre 2017 ! Par rapport \u00e0 l&rsquo;unit\u00e9 6 rapports du m\u00eame fournisseur (le japonais Aisin), cette bo\u00eete auto permet une<strong> baisse de consommation allant de 4 \u00e0 7 %<\/strong> gr\u00e2ce \u00e0 son ouverture de d\u00e9multiplication sup\u00e9rieure, la possibilit\u00e9 de couper le moteur sous 20 km\/h pour le syst\u00e8me stop&amp;start, et le passage en roue libre au lever de pied de l&rsquo;acc\u00e9l\u00e9rateur.<\/span><\/p>\n<p style=\"text-align: justify;\"><span style=\"background-color: transparent; color: #000000; font-family: Arial; font-size: 11pt; white-space: pre-wrap; text-align: justify;\">Cette nouvelle bo\u00eete automatique se retrouve \u00e9galement pour les gammes 3008, 5008 et enfin 208, disponible d\u00e8s le mois d&rsquo;octobre 2017. <\/span><\/p>\n<p dir=\"ltr\" style=\"line-height: 1.38; margin-top: 0pt; margin-bottom: 0pt; text-align: justify;\"><span id=\"docs-internal-guid-5c8a1af3-01b5-b56f-fc40-9553ddb5b644\"><span style=\"font-size: 11pt; font-family: Arial; color: #000000; background-color: transparent; vertical-align: baseline; white-space: pre-wrap;\">De ce fait, PSA annonce que ces<strong> nouvelles motorisations et bo\u00eetes de vitesses<\/strong> seront d\u00e9ploy\u00e9es \u00e0 terme pour les trois marques du groupe : <strong>Peugeot, Citro\u00ebn et DS<\/strong>. De cette mani\u00e8re, le groupe PSA se la joue plus malin en devan\u00e7ant l&rsquo;entr\u00e9e en vigueur de la norme Euro 6.d en 2020 avec ce fameux GPF et offre \u00e0 ces consommateurs un des <strong>meilleurs moteurs \u00e0 essence PureTech du march\u00e9<\/strong> ! Le Groupe PSA aura investi<strong> 670 millions d&rsquo;euros<\/strong> dans la recherche et le d\u00e9veloppement, ainsi que<strong> 300 millions d&rsquo;euros <\/strong>dans l&rsquo;outil industriel&#8230; Les concurrents n&rsquo;ont qu&rsquo;\u00e0 bien se tenir !<\/span><\/span><\/p>\n","protected":false},"excerpt":{"rendered":"<p>Selon le groupe PSA, les moteurs thermiques feront toujours fureurs aux yeux des clients. Effectivement, la part de march\u00e9 n&rsquo;atteindra pas moins de 95% en Europe d&rsquo;ici trois ans.<\/p>\n","protected":false},"author":1,"featured_media":5761,"comment_status":"open","ping_status":"open","sticky":false,"template":"","format":"standard","meta":{"_acf_changed":false,"content-type":"","footnotes":""},"categories":[5],"tags":[90,79,105,110,73,153],"class_list":["post-3701","post","type-post","status-publish","format-standard","has-post-thumbnail","hentry","category-actualite-automobile","tag-autojm","tag-citroen","tag-ds","tag-fiat","tag-peugeot","tag-peugeot-308"],"acf":[],"yoast_head":"<!-- This site is optimized with the Yoast SEO plugin v27.5 - https:\/\/yoast.com\/product\/yoast-seo-wordpress\/ -->\n<title>Le groupe PSA face \u00e0 la norme Euro 6.d ! - AutoJM Mag<\/title>\n<meta name=\"description\" content=\"Selon le groupe PSA, les moteurs thermiques feront toujours fureurs aux yeux des clients. Effectivement, la part de march\u00e9 n&#039;atteindra pas...\" \/>\n<meta name=\"robots\" content=\"index, follow, max-snippet:-1, max-image-preview:large, max-video-preview:-1\" \/>\n<link rel=\"canonical\" href=\"https:\/\/www.autojm.fr\/blog\/le-groupe-psa-face-a-la-norme-euro-6-d\/\" \/>\n<meta property=\"og:locale\" content=\"fr_FR\" \/>\n<meta property=\"og:type\" content=\"article\" \/>\n<meta property=\"og:title\" content=\"Le groupe PSA face \u00e0 la norme Euro 6.d ! - AutoJM Mag\" \/>\n<meta property=\"og:description\" content=\"Selon le groupe PSA, les moteurs thermiques feront toujours fureurs aux yeux des clients. Effectivement, la part de march\u00e9 n&#039;atteindra pas...\" \/>\n<meta property=\"og:url\" content=\"https:\/\/www.autojm.fr\/blog\/le-groupe-psa-face-a-la-norme-euro-6-d\/\" \/>\n<meta property=\"og:site_name\" content=\"AutoJM Mag\" \/>\n<meta property=\"article:publisher\" content=\"https:\/\/www.facebook.com\/AutoJM25\" \/>\n<meta property=\"article:published_time\" content=\"2017-10-09T00:00:00+00:00\" \/>\n<meta property=\"article:modified_time\" content=\"2023-09-15T12:11:27+00:00\" \/>\n<meta property=\"og:image\" content=\"https:\/\/www.autojm.fr\/blog\/wp-content\/uploads\/2022\/10\/423.jpg\" \/>\n\t<meta property=\"og:image:width\" content=\"1280\" \/>\n\t<meta property=\"og:image:height\" content=\"646\" \/>\n\t<meta property=\"og:image:type\" content=\"image\/jpeg\" \/>\n<meta name=\"author\" content=\"Autojm\" \/>\n<meta name=\"twitter:card\" content=\"summary_large_image\" \/>\n<meta name=\"twitter:label1\" content=\"\u00c9crit par\" \/>\n\t<meta name=\"twitter:data1\" content=\"Autojm\" \/>\n\t<meta name=\"twitter:label2\" content=\"Dur\u00e9e de lecture estim\u00e9e\" \/>\n\t<meta name=\"twitter:data2\" content=\"4 minutes\" \/>\n<script type=\"application\/ld+json\" class=\"yoast-schema-graph\">{\"@context\":\"https:\\\/\\\/schema.org\",\"@graph\":[{\"@type\":\"Article\",\"@id\":\"https:\\\/\\\/www.autojm.fr\\\/blog\\\/le-groupe-psa-face-a-la-norme-euro-6-d\\\/#article\",\"isPartOf\":{\"@id\":\"https:\\\/\\\/www.autojm.fr\\\/blog\\\/le-groupe-psa-face-a-la-norme-euro-6-d\\\/\"},\"author\":{\"name\":\"Autojm\",\"@id\":\"https:\\\/\\\/www.autojm.fr\\\/blog\\\/#\\\/schema\\\/person\\\/9742bc77541853e0de81fc57f947e1a0\"},\"headline\":\"Le groupe PSA face \u00e0 la norme Euro 6.d !\",\"datePublished\":\"2017-10-09T00:00:00+00:00\",\"dateModified\":\"2023-09-15T12:11:27+00:00\",\"mainEntityOfPage\":{\"@id\":\"https:\\\/\\\/www.autojm.fr\\\/blog\\\/le-groupe-psa-face-a-la-norme-euro-6-d\\\/\"},\"wordCount\":655,\"commentCount\":0,\"publisher\":{\"@id\":\"https:\\\/\\\/www.autojm.fr\\\/blog\\\/#organization\"},\"image\":{\"@id\":\"https:\\\/\\\/www.autojm.fr\\\/blog\\\/le-groupe-psa-face-a-la-norme-euro-6-d\\\/#primaryimage\"},\"thumbnailUrl\":\"https:\\\/\\\/www.autojm.fr\\\/blog\\\/wp-content\\\/uploads\\\/2022\\\/10\\\/423.jpg\",\"keywords\":[\"autojm\",\"citroen\",\"DS\",\"Fiat\",\"peugeot\",\"Peugeot 308\"],\"articleSection\":[\"Actualit\u00e9 Automobile\"],\"inLanguage\":\"fr-FR\",\"potentialAction\":[{\"@type\":\"CommentAction\",\"name\":\"Comment\",\"target\":[\"https:\\\/\\\/www.autojm.fr\\\/blog\\\/le-groupe-psa-face-a-la-norme-euro-6-d\\\/#respond\"]}]},{\"@type\":\"WebPage\",\"@id\":\"https:\\\/\\\/www.autojm.fr\\\/blog\\\/le-groupe-psa-face-a-la-norme-euro-6-d\\\/\",\"url\":\"https:\\\/\\\/www.autojm.fr\\\/blog\\\/le-groupe-psa-face-a-la-norme-euro-6-d\\\/\",\"name\":\"Le groupe PSA face \u00e0 la norme Euro 6.d ! - AutoJM Mag\",\"isPartOf\":{\"@id\":\"https:\\\/\\\/www.autojm.fr\\\/blog\\\/#website\"},\"primaryImageOfPage\":{\"@id\":\"https:\\\/\\\/www.autojm.fr\\\/blog\\\/le-groupe-psa-face-a-la-norme-euro-6-d\\\/#primaryimage\"},\"image\":{\"@id\":\"https:\\\/\\\/www.autojm.fr\\\/blog\\\/le-groupe-psa-face-a-la-norme-euro-6-d\\\/#primaryimage\"},\"thumbnailUrl\":\"https:\\\/\\\/www.autojm.fr\\\/blog\\\/wp-content\\\/uploads\\\/2022\\\/10\\\/423.jpg\",\"datePublished\":\"2017-10-09T00:00:00+00:00\",\"dateModified\":\"2023-09-15T12:11:27+00:00\",\"description\":\"Selon le groupe PSA, les moteurs thermiques feront toujours fureurs aux yeux des clients. Effectivement, la part de march\u00e9 n'atteindra pas...\",\"breadcrumb\":{\"@id\":\"https:\\\/\\\/www.autojm.fr\\\/blog\\\/le-groupe-psa-face-a-la-norme-euro-6-d\\\/#breadcrumb\"},\"inLanguage\":\"fr-FR\",\"potentialAction\":[{\"@type\":\"ReadAction\",\"target\":[\"https:\\\/\\\/www.autojm.fr\\\/blog\\\/le-groupe-psa-face-a-la-norme-euro-6-d\\\/\"]}]},{\"@type\":\"ImageObject\",\"inLanguage\":\"fr-FR\",\"@id\":\"https:\\\/\\\/www.autojm.fr\\\/blog\\\/le-groupe-psa-face-a-la-norme-euro-6-d\\\/#primaryimage\",\"url\":\"https:\\\/\\\/www.autojm.fr\\\/blog\\\/wp-content\\\/uploads\\\/2022\\\/10\\\/423.jpg\",\"contentUrl\":\"https:\\\/\\\/www.autojm.fr\\\/blog\\\/wp-content\\\/uploads\\\/2022\\\/10\\\/423.jpg\",\"width\":1280,\"height\":646,\"caption\":\"Groupe PSA\"},{\"@type\":\"BreadcrumbList\",\"@id\":\"https:\\\/\\\/www.autojm.fr\\\/blog\\\/le-groupe-psa-face-a-la-norme-euro-6-d\\\/#breadcrumb\",\"itemListElement\":[{\"@type\":\"ListItem\",\"position\":1,\"name\":\"Accueil\",\"item\":\"https:\\\/\\\/www.autojm.fr\\\/blog\\\/\"},{\"@type\":\"ListItem\",\"position\":2,\"name\":\"Actualit\u00e9 Automobile\",\"item\":\"https:\\\/\\\/www.autojm.fr\\\/blog\\\/actualite-automobile\\\/\"},{\"@type\":\"ListItem\",\"position\":3,\"name\":\"Le groupe PSA face \u00e0 la norme Euro 6.d !\"}]},{\"@type\":\"WebSite\",\"@id\":\"https:\\\/\\\/www.autojm.fr\\\/blog\\\/#website\",\"url\":\"https:\\\/\\\/www.autojm.fr\\\/blog\\\/\",\"name\":\"AutoJM Mag\",\"description\":\"Toute l&#039;actu auto en 1 clic !\",\"publisher\":{\"@id\":\"https:\\\/\\\/www.autojm.fr\\\/blog\\\/#organization\"},\"potentialAction\":[{\"@type\":\"SearchAction\",\"target\":{\"@type\":\"EntryPoint\",\"urlTemplate\":\"https:\\\/\\\/www.autojm.fr\\\/blog\\\/?s={search_term_string}\"},\"query-input\":{\"@type\":\"PropertyValueSpecification\",\"valueRequired\":true,\"valueName\":\"search_term_string\"}}],\"inLanguage\":\"fr-FR\"},{\"@type\":\"Organization\",\"@id\":\"https:\\\/\\\/www.autojm.fr\\\/blog\\\/#organization\",\"name\":\"AutoJM Mag\",\"url\":\"https:\\\/\\\/www.autojm.fr\\\/blog\\\/\",\"logo\":{\"@type\":\"ImageObject\",\"inLanguage\":\"fr-FR\",\"@id\":\"https:\\\/\\\/www.autojm.fr\\\/blog\\\/#\\\/schema\\\/logo\\\/image\\\/\",\"url\":\"https:\\\/\\\/www.autojm.fr\\\/blog\\\/wp-content\\\/uploads\\\/2022\\\/12\\\/cropped-AutoJMag-png.png\",\"contentUrl\":\"https:\\\/\\\/www.autojm.fr\\\/blog\\\/wp-content\\\/uploads\\\/2022\\\/12\\\/cropped-AutoJMag-png.png\",\"width\":2834,\"height\":585,\"caption\":\"AutoJM Mag\"},\"image\":{\"@id\":\"https:\\\/\\\/www.autojm.fr\\\/blog\\\/#\\\/schema\\\/logo\\\/image\\\/\"},\"sameAs\":[\"https:\\\/\\\/www.facebook.com\\\/AutoJM25\"]},{\"@type\":\"Person\",\"@id\":\"https:\\\/\\\/www.autojm.fr\\\/blog\\\/#\\\/schema\\\/person\\\/9742bc77541853e0de81fc57f947e1a0\",\"name\":\"Autojm\",\"image\":{\"@type\":\"ImageObject\",\"inLanguage\":\"fr-FR\",\"@id\":\"https:\\\/\\\/secure.gravatar.com\\\/avatar\\\/9a959d52b758fcc232fe4b6aca7bab139182573297122cce7d6f2ee0e537b418?s=96&d=mm&r=g\",\"url\":\"https:\\\/\\\/secure.gravatar.com\\\/avatar\\\/9a959d52b758fcc232fe4b6aca7bab139182573297122cce7d6f2ee0e537b418?s=96&d=mm&r=g\",\"contentUrl\":\"https:\\\/\\\/secure.gravatar.com\\\/avatar\\\/9a959d52b758fcc232fe4b6aca7bab139182573297122cce7d6f2ee0e537b418?s=96&d=mm&r=g\",\"caption\":\"Autojm\"},\"sameAs\":[\"https:\\\/\\\/www.autojm.fr\\\/blog\"],\"url\":\"https:\\\/\\\/www.autojm.fr\\\/blog\\\/author\\\/bichoi\\\/\"}]}<\/script>\n<!-- \/ Yoast SEO plugin. -->","yoast_head_json":{"title":"Le groupe PSA face \u00e0 la norme Euro 6.d ! - AutoJM Mag","description":"Selon le groupe PSA, les moteurs thermiques feront toujours fureurs aux yeux des clients. Effectivement, la part de march\u00e9 n'atteindra pas...","robots":{"index":"index","follow":"follow","max-snippet":"max-snippet:-1","max-image-preview":"max-image-preview:large","max-video-preview":"max-video-preview:-1"},"canonical":"https:\/\/www.autojm.fr\/blog\/le-groupe-psa-face-a-la-norme-euro-6-d\/","og_locale":"fr_FR","og_type":"article","og_title":"Le groupe PSA face \u00e0 la norme Euro 6.d ! - AutoJM Mag","og_description":"Selon le groupe PSA, les moteurs thermiques feront toujours fureurs aux yeux des clients. Effectivement, la part de march\u00e9 n'atteindra pas...","og_url":"https:\/\/www.autojm.fr\/blog\/le-groupe-psa-face-a-la-norme-euro-6-d\/","og_site_name":"AutoJM Mag","article_publisher":"https:\/\/www.facebook.com\/AutoJM25","article_published_time":"2017-10-09T00:00:00+00:00","article_modified_time":"2023-09-15T12:11:27+00:00","og_image":[{"width":1280,"height":646,"url":"https:\/\/www.autojm.fr\/blog\/wp-content\/uploads\/2022\/10\/423.jpg","type":"image\/jpeg"}],"author":"Autojm","twitter_card":"summary_large_image","twitter_misc":{"\u00c9crit par":"Autojm","Dur\u00e9e de lecture estim\u00e9e":"4 minutes"},"schema":{"@context":"https:\/\/schema.org","@graph":[{"@type":"Article","@id":"https:\/\/www.autojm.fr\/blog\/le-groupe-psa-face-a-la-norme-euro-6-d\/#article","isPartOf":{"@id":"https:\/\/www.autojm.fr\/blog\/le-groupe-psa-face-a-la-norme-euro-6-d\/"},"author":{"name":"Autojm","@id":"https:\/\/www.autojm.fr\/blog\/#\/schema\/person\/9742bc77541853e0de81fc57f947e1a0"},"headline":"Le groupe PSA face \u00e0 la norme Euro 6.d !","datePublished":"2017-10-09T00:00:00+00:00","dateModified":"2023-09-15T12:11:27+00:00","mainEntityOfPage":{"@id":"https:\/\/www.autojm.fr\/blog\/le-groupe-psa-face-a-la-norme-euro-6-d\/"},"wordCount":655,"commentCount":0,"publisher":{"@id":"https:\/\/www.autojm.fr\/blog\/#organization"},"image":{"@id":"https:\/\/www.autojm.fr\/blog\/le-groupe-psa-face-a-la-norme-euro-6-d\/#primaryimage"},"thumbnailUrl":"https:\/\/www.autojm.fr\/blog\/wp-content\/uploads\/2022\/10\/423.jpg","keywords":["autojm","citroen","DS","Fiat","peugeot","Peugeot 308"],"articleSection":["Actualit\u00e9 Automobile"],"inLanguage":"fr-FR","potentialAction":[{"@type":"CommentAction","name":"Comment","target":["https:\/\/www.autojm.fr\/blog\/le-groupe-psa-face-a-la-norme-euro-6-d\/#respond"]}]},{"@type":"WebPage","@id":"https:\/\/www.autojm.fr\/blog\/le-groupe-psa-face-a-la-norme-euro-6-d\/","url":"https:\/\/www.autojm.fr\/blog\/le-groupe-psa-face-a-la-norme-euro-6-d\/","name":"Le groupe PSA face \u00e0 la norme Euro 6.d ! - AutoJM Mag","isPartOf":{"@id":"https:\/\/www.autojm.fr\/blog\/#website"},"primaryImageOfPage":{"@id":"https:\/\/www.autojm.fr\/blog\/le-groupe-psa-face-a-la-norme-euro-6-d\/#primaryimage"},"image":{"@id":"https:\/\/www.autojm.fr\/blog\/le-groupe-psa-face-a-la-norme-euro-6-d\/#primaryimage"},"thumbnailUrl":"https:\/\/www.autojm.fr\/blog\/wp-content\/uploads\/2022\/10\/423.jpg","datePublished":"2017-10-09T00:00:00+00:00","dateModified":"2023-09-15T12:11:27+00:00","description":"Selon le groupe PSA, les moteurs thermiques feront toujours fureurs aux yeux des clients. Effectivement, la part de march\u00e9 n'atteindra pas...","breadcrumb":{"@id":"https:\/\/www.autojm.fr\/blog\/le-groupe-psa-face-a-la-norme-euro-6-d\/#breadcrumb"},"inLanguage":"fr-FR","potentialAction":[{"@type":"ReadAction","target":["https:\/\/www.autojm.fr\/blog\/le-groupe-psa-face-a-la-norme-euro-6-d\/"]}]},{"@type":"ImageObject","inLanguage":"fr-FR","@id":"https:\/\/www.autojm.fr\/blog\/le-groupe-psa-face-a-la-norme-euro-6-d\/#primaryimage","url":"https:\/\/www.autojm.fr\/blog\/wp-content\/uploads\/2022\/10\/423.jpg","contentUrl":"https:\/\/www.autojm.fr\/blog\/wp-content\/uploads\/2022\/10\/423.jpg","width":1280,"height":646,"caption":"Groupe PSA"},{"@type":"BreadcrumbList","@id":"https:\/\/www.autojm.fr\/blog\/le-groupe-psa-face-a-la-norme-euro-6-d\/#breadcrumb","itemListElement":[{"@type":"ListItem","position":1,"name":"Accueil","item":"https:\/\/www.autojm.fr\/blog\/"},{"@type":"ListItem","position":2,"name":"Actualit\u00e9 Automobile","item":"https:\/\/www.autojm.fr\/blog\/actualite-automobile\/"},{"@type":"ListItem","position":3,"name":"Le groupe PSA face \u00e0 la norme Euro 6.d !"}]},{"@type":"WebSite","@id":"https:\/\/www.autojm.fr\/blog\/#website","url":"https:\/\/www.autojm.fr\/blog\/","name":"AutoJM Mag","description":"Toute l&#039;actu auto en 1 clic !","publisher":{"@id":"https:\/\/www.autojm.fr\/blog\/#organization"},"potentialAction":[{"@type":"SearchAction","target":{"@type":"EntryPoint","urlTemplate":"https:\/\/www.autojm.fr\/blog\/?s={search_term_string}"},"query-input":{"@type":"PropertyValueSpecification","valueRequired":true,"valueName":"search_term_string"}}],"inLanguage":"fr-FR"},{"@type":"Organization","@id":"https:\/\/www.autojm.fr\/blog\/#organization","name":"AutoJM Mag","url":"https:\/\/www.autojm.fr\/blog\/","logo":{"@type":"ImageObject","inLanguage":"fr-FR","@id":"https:\/\/www.autojm.fr\/blog\/#\/schema\/logo\/image\/","url":"https:\/\/www.autojm.fr\/blog\/wp-content\/uploads\/2022\/12\/cropped-AutoJMag-png.png","contentUrl":"https:\/\/www.autojm.fr\/blog\/wp-content\/uploads\/2022\/12\/cropped-AutoJMag-png.png","width":2834,"height":585,"caption":"AutoJM Mag"},"image":{"@id":"https:\/\/www.autojm.fr\/blog\/#\/schema\/logo\/image\/"},"sameAs":["https:\/\/www.facebook.com\/AutoJM25"]},{"@type":"Person","@id":"https:\/\/www.autojm.fr\/blog\/#\/schema\/person\/9742bc77541853e0de81fc57f947e1a0","name":"Autojm","image":{"@type":"ImageObject","inLanguage":"fr-FR","@id":"https:\/\/secure.gravatar.com\/avatar\/9a959d52b758fcc232fe4b6aca7bab139182573297122cce7d6f2ee0e537b418?s=96&d=mm&r=g","url":"https:\/\/secure.gravatar.com\/avatar\/9a959d52b758fcc232fe4b6aca7bab139182573297122cce7d6f2ee0e537b418?s=96&d=mm&r=g","contentUrl":"https:\/\/secure.gravatar.com\/avatar\/9a959d52b758fcc232fe4b6aca7bab139182573297122cce7d6f2ee0e537b418?s=96&d=mm&r=g","caption":"Autojm"},"sameAs":["https:\/\/www.autojm.fr\/blog"],"url":"https:\/\/www.autojm.fr\/blog\/author\/bichoi\/"}]}},"_links":{"self":[{"href":"https:\/\/www.autojm.fr\/blog\/wp-json\/wp\/v2\/posts\/3701","targetHints":{"allow":["GET"]}}],"collection":[{"href":"https:\/\/www.autojm.fr\/blog\/wp-json\/wp\/v2\/posts"}],"about":[{"href":"https:\/\/www.autojm.fr\/blog\/wp-json\/wp\/v2\/types\/post"}],"author":[{"embeddable":true,"href":"https:\/\/www.autojm.fr\/blog\/wp-json\/wp\/v2\/users\/1"}],"replies":[{"embeddable":true,"href":"https:\/\/www.autojm.fr\/blog\/wp-json\/wp\/v2\/comments?post=3701"}],"version-history":[{"count":6,"href":"https:\/\/www.autojm.fr\/blog\/wp-json\/wp\/v2\/posts\/3701\/revisions"}],"predecessor-version":[{"id":12695,"href":"https:\/\/www.autojm.fr\/blog\/wp-json\/wp\/v2\/posts\/3701\/revisions\/12695"}],"wp:featuredmedia":[{"embeddable":true,"href":"https:\/\/www.autojm.fr\/blog\/wp-json\/wp\/v2\/media\/5761"}],"wp:attachment":[{"href":"https:\/\/www.autojm.fr\/blog\/wp-json\/wp\/v2\/media?parent=3701"}],"wp:term":[{"taxonomy":"category","embeddable":true,"href":"https:\/\/www.autojm.fr\/blog\/wp-json\/wp\/v2\/categories?post=3701"},{"taxonomy":"post_tag","embeddable":true,"href":"https:\/\/www.autojm.fr\/blog\/wp-json\/wp\/v2\/tags?post=3701"}],"curies":[{"name":"wp","href":"https:\/\/api.w.org\/{rel}","templated":true}]}}