{"id":3698,"date":"2017-08-03T00:00:00","date_gmt":"2017-08-03T00:00:00","guid":{"rendered":"https:\/\/www.autojm.fr\/blog\/la-couleur-un-des-criteres-decisifs-pour-les-francais\/"},"modified":"2023-04-19T14:47:06","modified_gmt":"2023-04-19T14:47:06","slug":"la-couleur-un-des-criteres-decisifs-pour-les-francais","status":"publish","type":"post","link":"https:\/\/www.autojm.fr\/blog\/la-couleur-un-des-criteres-decisifs-pour-les-francais\/","title":{"rendered":"La couleur : un des crit\u00e8res d\u00e9cisifs pour les Fran\u00e7ais !"},"content":{"rendered":"<p dir=\"ltr\" style=\"line-height: 1.38; margin-top: 0pt; margin-bottom: 0pt; text-align: justify;\"><span id=\"docs-internal-guid-8f5f4b30-a8d5-243c-f530-5d3e62b14675\"><span style=\"font-size: 11pt; font-family: Arial; color: #000000; background-color: transparent; vertical-align: baseline; white-space: pre-wrap;\">Saviez-vous que 60% des consommateurs Fran\u00e7ais consid\u00e8rent la couleur de leur v\u00e9hicule comme l&rsquo;un des crit\u00e8res majeurs dans leur d\u00e9cision d&rsquo;achat ? Et bien maintenant, vous le savez ! Ainsi, ils sont pr\u00eats \u00e0 attendre la disponibilit\u00e9 de la couleur voulue avant d&rsquo;acheter leur v\u00e9hicule. De plus, il s&rsquo;av\u00e8re que le choix de la couleur en dit long sur la personnalit\u00e9 du propri\u00e9taire.<\/span><\/span><\/p>\n<p dir=\"ltr\">\n<p dir=\"ltr\" style=\"line-height: 1.38; margin-top: 0pt; margin-bottom: 0pt; text-align: justify;\"><span id=\"docs-internal-guid-8f5f4b30-a8d5-243c-f530-5d3e62b14675\"><span style=\"font-size: 11pt; font-family: Arial; color: #000000; background-color: transparent; font-weight: bold; vertical-align: baseline; white-space: pre-wrap;\">La signification des couleurs<\/span><\/span><\/p>\n<p dir=\"ltr\" style=\"line-height: 1.38; margin-top: 0pt; margin-bottom: 0pt; text-align: justify;\"><span id=\"docs-internal-guid-8f5f4b30-a8d5-243c-f530-5d3e62b14675\"><span style=\"font-size: 11pt; font-family: Arial; color: #000000; background-color: transparent; vertical-align: baseline; white-space: pre-wrap;\">Qu&rsquo;elle soit bleue, rouge, noire, ou bien verte, votre pr\u00e9f\u00e9rence en la mati\u00e8re joue un r\u00f4le dans votre d\u00e9cision d&rsquo;achat de votre auto ! Ainsi, on vous d\u00e9voile tout sur le langage des autos afin de mieux comprendre l&rsquo;expression de votre personnalit\u00e9.<\/span><\/span><\/p>\n<p dir=\"ltr\" style=\"line-height: 1.38; margin-top: 0pt; margin-bottom: 0pt; text-align: justify;\"><span id=\"docs-internal-guid-8f5f4b30-a8d5-243c-f530-5d3e62b14675\"><span style=\"font-size: 11pt; font-family: Arial; color: #000000; background-color: transparent; vertical-align: baseline; white-space: pre-wrap;\">Selon le site Les News du Net, \u201c\u00e0 l&rsquo;issue des r\u00e9cents \u00e9v\u00e8nements d&rsquo;exposition automobile, on a pu constater que la tendance des constructeurs se tourne vers des couleurs vives, rouge ou orange pour les berlines et les voitures de forme sportive. Les gros tout terrain par contre, ont \u00e9t\u00e9 pour la plupart peints en couleur sombre, en noir ou en gris fonc\u00e9 pour faire ressortir leurs aspects robustes et puissants. Les voitures destin\u00e9es \u00e0 la circulation urbaine, telles que les SUV et les v\u00e9hicules utilitaires ont re\u00e7u une couleur plus neutre, soit blanche soit gris clair.\u201d<\/span><\/span><\/p>\n<p dir=\"ltr\" style=\"line-height: 1.38; margin-top: 0pt; margin-bottom: 0pt; text-align: justify;\">\n<p dir=\"ltr\" style=\"line-height: 1.38; margin-top: 0pt; margin-bottom: 0pt; text-align: justify;\">\n<div dir=\"ltr\" style=\"margin-left: 0pt;\">\n<table style=\"border: none; border-collapse: collapse;\">\n<colgroup>\n<col width=\"55\" \/>\n<col width=\"634\" \/> <\/colgroup>\n<tbody>\n<tr style=\"height: 21pt;\">\n<td style=\"vertical-align: top; padding: 5pt 5pt 5pt 5pt; border: solid #ffffff 1pt;\" colspan=\"2\">\n<p dir=\"ltr\" style=\"line-height: 1.2; margin-top: 0pt; margin-bottom: 0pt;\"><span id=\"docs-internal-guid-8f5f4b30-ac3b-7020-4445-e20bbd2b234d\">\u00a0<span style=\"font-size: 10.5pt; font-family: Arial; background-color: transparent; font-weight: bold; vertical-align: baseline; white-space: pre-wrap;\">NOIR : \u00c9L\u00c9GANT, S\u00c9RIEUX ET CLASSIQUE<\/span><\/span><\/p>\n<\/td>\n<\/tr>\n<tr style=\"height: 0pt;\">\n<td style=\"vertical-align: top; padding: 5pt 5pt 5pt 5pt; border: solid #ffffff 1pt;\"><\/td>\n<td style=\"vertical-align: top; padding: 5pt 5pt 5pt 5pt; border: solid #ffffff 1pt;\">\n<p dir=\"ltr\" style=\"line-height: 1.38; margin-top: 0pt; margin-bottom: 0pt; text-align: justify;\"><span id=\"docs-internal-guid-8f5f4b30-ac3b-7020-4445-e20bbd2b234d\"><span style=\"font-size: 10.5pt; font-family: Arial; color: #000000; background-color: transparent; vertical-align: baseline; white-space: pre-wrap;\">Le noir : synonyme de puissance et d&rsquo;\u00e9l\u00e9gance. En choisissant cette teinte, la poussi\u00e8re sur votre auto sera davantage au rendez-vous ! G\u00e9n\u00e9ralement, les personnes aiment privil\u00e9gier le noir dans la majorit\u00e9 de leurs choix.<\/span><\/span><\/p>\n<\/td>\n<\/tr>\n<tr style=\"height: 21pt;\">\n<td style=\"vertical-align: top; padding: 5pt 5pt 5pt 5pt; border: solid #ffffff 1pt;\" colspan=\"2\">\n<p dir=\"ltr\" style=\"line-height: 1.38; margin-top: 0pt; margin-bottom: 0pt; text-align: justify;\"><span id=\"docs-internal-guid-8f5f4b30-ac3b-7020-4445-e20bbd2b234d\">\u00a0<span style=\"font-size: 10.5pt; font-family: Arial; color: #999999; background-color: transparent; font-weight: bold; vertical-align: baseline; white-space: pre-wrap;\">BLANC : M\u00c9TICULEUX ET DIRECT<\/span><\/span><\/p>\n<\/td>\n<\/tr>\n<tr style=\"height: 0pt;\">\n<td style=\"vertical-align: top; padding: 5pt 5pt 5pt 5pt; border: solid #ffffff 1pt;\"><\/td>\n<td style=\"vertical-align: top; padding: 5pt 5pt 5pt 5pt; border: solid #ffffff 1pt;\">\n<p dir=\"ltr\" style=\"line-height: 1.2; margin-top: 0pt; margin-bottom: 0pt; text-align: justify;\"><span id=\"docs-internal-guid-8f5f4b30-ac3b-7020-4445-e20bbd2b234d\"><span style=\"font-size: 11pt; font-family: Arial; color: #000000; background-color: transparent; vertical-align: baseline; white-space: pre-wrap;\">Symbole de s\u00e9r\u00e9nit\u00e9 et de paix, la couleur blanche d\u00e9voile un c\u00f4t\u00e9 m\u00e9ticuleux. En effet, ces personnes aiment que les choses soient pures et claires. Et si le blanc rimait avec \u00ab moins d&rsquo;accidents \u00bb ? Suite \u00e0 une \u00e9tude r\u00e9alis\u00e9e en 2008, ces v\u00e9hicules sont les moins accident\u00e9s. <\/span><\/span><\/p>\n<\/td>\n<\/tr>\n<tr style=\"height: 21pt;\">\n<td style=\"vertical-align: top; padding: 5pt 5pt 5pt 5pt; border: solid #ffffff 1pt;\" colspan=\"2\">\n<p dir=\"ltr\" style=\"line-height: 1.2; margin-top: 0pt; margin-bottom: 0pt;\"><span id=\"docs-internal-guid-8f5f4b30-ac3b-7020-4445-e20bbd2b234d\">\u00a0<span style=\"font-size: 11pt; font-family: Arial; color: #ff0000; background-color: transparent; font-weight: bold; vertical-align: baseline; white-space: pre-wrap;\">ROUGE : \u00c9NERGIE ET ATTENTION<\/span><\/span><\/p>\n<\/td>\n<\/tr>\n<tr style=\"height: 0pt;\">\n<td style=\"vertical-align: top; padding: 5pt 5pt 5pt 5pt; border: solid #ffffff 1pt;\"><\/td>\n<td style=\"vertical-align: top; padding: 5pt 5pt 5pt 5pt; border: solid #ffffff 1pt;\">\n<p dir=\"ltr\" style=\"line-height: 1.2; margin-top: 0pt; margin-bottom: 0pt; text-align: justify;\"><span id=\"docs-internal-guid-8f5f4b30-ac3b-7020-4445-e20bbd2b234d\"><span style=\"font-size: 11pt; font-family: Arial; color: #000000; background-color: transparent; vertical-align: baseline; white-space: pre-wrap;\">Synonyme de passion et d&rsquo;affirmation, les acheteurs ayant un penchant pour les voitures rouges sont pleins d&rsquo;\u00e9nergies. C&rsquo;est \u00e9galement une voiture qui attire de nombreux regards. Les nuances de rouge, tirant vers des teintes bordeaux, ont des qualit\u00e9s communes avec un degr\u00e9 de subtilit\u00e9s plus \u00e9lev\u00e9s.<\/span><\/span><\/p>\n<\/td>\n<\/tr>\n<tr style=\"height: 21pt;\">\n<td style=\"vertical-align: top; padding: 5pt 5pt 5pt 5pt; border: solid #ffffff 1pt;\" colspan=\"2\">\n<p dir=\"ltr\" style=\"line-height: 1.2; margin-top: 0pt; margin-bottom: 0pt;\"><span id=\"docs-internal-guid-8f5f4b30-ac3b-7020-4445-e20bbd2b234d\">\u00a0<span style=\"font-size: 10.5pt; font-family: Arial; color: #3c78d8; background-color: transparent; font-weight: bold; vertical-align: baseline; white-space: pre-wrap;\">BLEU : FIABLE, DISCRET ET CALME<\/span><\/span><\/p>\n<\/td>\n<\/tr>\n<tr style=\"height: 0pt;\">\n<td style=\"vertical-align: top; padding: 5pt 5pt 5pt 5pt; border: solid #ffffff 1pt;\"><\/td>\n<td style=\"vertical-align: top; padding: 5pt 5pt 5pt 5pt; border: solid #ffffff 1pt;\">\n<p dir=\"ltr\" style=\"line-height: 1.38; margin-top: 0pt; margin-bottom: 0pt; text-align: justify;\"><span id=\"docs-internal-guid-8f5f4b30-ac3b-7020-4445-e20bbd2b234d\"><span style=\"font-size: 10.5pt; font-family: Arial; color: #000000; background-color: transparent; vertical-align: baseline; white-space: pre-wrap;\">Du bleu pour se d\u00e9tendre ? Les conducteurs ont tendance \u00e0 \u00eatre plus calmes et d\u00e9tendus. Les diff\u00e9rentes teintes de bleu apportent des vertus diff\u00e9rentes. Le bleu clair caract\u00e9rise les conducteurs comme \u00e9tant des personnes de confiance et calme tandis que le bleu fonc\u00e9 r\u00e9v\u00e8le des temp\u00e9rament de confiance et de cr\u00e9dibilit\u00e9.<\/span><\/span><\/p>\n<\/td>\n<\/tr>\n<tr style=\"height: 21pt;\">\n<td style=\"vertical-align: top; padding: 5pt 5pt 5pt 5pt; border: solid #ffffff 1pt;\" colspan=\"2\">\n<p dir=\"ltr\" style=\"line-height: 1.2; margin-top: 0pt; margin-bottom: 0pt;\"><span id=\"docs-internal-guid-8f5f4b30-ac3b-7020-4445-e20bbd2b234d\">\u00a0<span style=\"font-size: 10.5pt; font-family: Arial; color: #f1c232; background-color: transparent; font-weight: bold; vertical-align: baseline; white-space: pre-wrap;\">JAUNE : AMICAL, JOIE ET OPTIMISTE<\/span><\/span><\/p>\n<\/td>\n<\/tr>\n<tr style=\"height: 0pt;\">\n<td style=\"vertical-align: top; padding: 5pt 5pt 5pt 5pt; border: solid #ffffff 1pt;\"><\/td>\n<td style=\"vertical-align: top; padding: 5pt 5pt 5pt 5pt; border: solid #ffffff 1pt;\">\n<p dir=\"ltr\" style=\"line-height: 1.2; margin-top: 0pt; margin-bottom: 0pt; text-align: justify;\"><span id=\"docs-internal-guid-8f5f4b30-ac3b-7020-4445-e20bbd2b234d\"><span style=\"font-size: 11pt; font-family: Arial; color: #000000; background-color: transparent; vertical-align: baseline; white-space: pre-wrap;\">Cette couleur serait privil\u00e9gi\u00e9e par les personnes ayant un grand sens de l&rsquo;humour. Du jaune pour voir la vie en rose ? A vous de choisir !<\/span><\/span><\/p>\n<\/td>\n<\/tr>\n<tr style=\"height: 21pt;\">\n<td style=\"vertical-align: top; padding: 5pt 5pt 5pt 5pt; border: solid #ffffff 1pt;\" colspan=\"2\">\n<p dir=\"ltr\" style=\"line-height: 1.2; margin-top: 0pt; margin-bottom: 0pt;\"><span id=\"docs-internal-guid-8f5f4b30-ac3b-7020-4445-e20bbd2b234d\">\u00a0<span style=\"font-size: 11pt; font-family: Arial; color: #38761d; background-color: transparent; font-weight: bold; vertical-align: baseline; white-space: pre-wrap;\">VERT : \u00c9QUILIBRE OU FUN<\/span><\/span><\/p>\n<\/td>\n<\/tr>\n<tr style=\"height: 0pt;\">\n<td style=\"vertical-align: top; padding: 5pt 5pt 5pt 5pt; border: solid #ffffff 1pt;\"><\/td>\n<td style=\"vertical-align: top; padding: 5pt 5pt 5pt 5pt; border: solid #ffffff 1pt;\">\n<p dir=\"ltr\" style=\"line-height: 1.2; margin-top: 0pt; margin-bottom: 0pt; text-align: justify;\"><span id=\"docs-internal-guid-8f5f4b30-ac3b-7020-4445-e20bbd2b234d\"><span style=\"font-size: 11pt; font-family: Arial; color: #000000; background-color: transparent; vertical-align: baseline; white-space: pre-wrap;\">Tout se joue sur la nuance ! Une voiture vert fonc\u00e9, affirme une personnalit\u00e9 stable et subtile. C&rsquo;est l&rsquo;une des couleurs les plus traditionnelles et \u00e9quilibr\u00e9es. En revanche, une voiture vert clair\/flashy, d\u00e9crit une sens compl\u00e8tement diff\u00e9rent ! En effet, cette couleur caract\u00e9rise le fun et la fantaisie. Cette couleur n&rsquo;est g\u00e9n\u00e9ralement pas gard\u00e9e longtemps. <\/span><\/span><\/p>\n<\/td>\n<\/tr>\n<tr style=\"height: 21pt;\">\n<td style=\"vertical-align: top; padding: 5pt 5pt 5pt 5pt; border: solid #ffffff 1pt;\" colspan=\"2\">\n<p dir=\"ltr\" style=\"line-height: 1.2; margin-top: 0pt; margin-bottom: 0pt;\"><span id=\"docs-internal-guid-8f5f4b30-ac3b-7020-4445-e20bbd2b234d\">\u00a0<span style=\"font-size: 11pt; font-family: Arial; color: #666666; background-color: transparent; font-weight: bold; vertical-align: baseline; white-space: pre-wrap;\">GRIS : PRAGMATIQUE<\/span><\/span><\/p>\n<\/td>\n<\/tr>\n<tr style=\"height: 0pt;\">\n<td style=\"vertical-align: top; padding: 5pt 5pt 5pt 5pt; border: solid #ffffff 1pt;\"><\/td>\n<td style=\"vertical-align: top; padding: 5pt 5pt 5pt 5pt; border: solid #ffffff 1pt;\">\n<p dir=\"ltr\" style=\"line-height: 1.2; margin-top: 0pt; margin-bottom: 0pt; text-align: justify;\"><span id=\"docs-internal-guid-8f5f4b30-ac3b-7020-4445-e20bbd2b234d\"><span style=\"font-size: 11pt; font-family: Arial; color: #000000; background-color: transparent; vertical-align: baseline; white-space: pre-wrap;\">Le gris, symbole de sobri\u00e9t\u00e9, c&rsquo;est l&rsquo;une des couleurs la plus corporate et durable dans le temps.<\/span><\/span><\/p>\n<\/td>\n<\/tr>\n<tr style=\"height: 21pt;\">\n<td style=\"vertical-align: top; padding: 5pt 5pt 5pt 5pt; border: solid #ffffff 1pt;\" colspan=\"2\">\n<p dir=\"ltr\" style=\"line-height: 1.2; margin-top: 0pt; margin-bottom: 0pt;\"><span id=\"docs-internal-guid-8f5f4b30-ac3b-7020-4445-e20bbd2b234d\">\u00a0<span style=\"font-size: 11pt; font-family: Arial; color: #674ea7; background-color: transparent; font-weight: bold; vertical-align: baseline; white-space: pre-wrap;\">VIOLET : CR\u00c9ATIF, ORIGINAL ET IND\u00c9PENDANT<\/span><\/span><\/p>\n<\/td>\n<\/tr>\n<tr style=\"height: 0pt;\">\n<td style=\"vertical-align: top; padding: 5pt 5pt 5pt 5pt; border: solid #ffffff 1pt;\"><\/td>\n<td style=\"vertical-align: top; padding: 5pt 5pt 5pt 5pt; border: solid #ffffff 1pt;\">\n<p dir=\"ltr\" style=\"line-height: 1.2; margin-top: 0pt; margin-bottom: 0pt; text-align: justify;\"><span id=\"docs-internal-guid-8f5f4b30-ac3b-7020-4445-e20bbd2b234d\"><span style=\"font-size: 11pt; font-family: Arial; color: #000000; background-color: transparent; vertical-align: baseline; white-space: pre-wrap;\">Cette couleur d\u00e9voile le c\u00f4t\u00e9 original et ind\u00e9pendant des conducteurs. Impossible de passer inaper\u00e7u \u00e0 bord de cette voiture !<\/span><\/span><\/p>\n<p dir=\"ltr\" style=\"line-height: 1.2; margin-top: 0pt; margin-bottom: 0pt; text-align: justify;\">\n<\/td>\n<\/tr>\n<\/tbody>\n<\/table>\n<\/div>\n<p dir=\"ltr\" style=\"line-height: 1.38; margin-top: 0pt; margin-bottom: 0pt; text-align: justify;\"><span id=\"docs-internal-guid-8f5f4b30-a8d5-243c-f530-5d3e62b14675\"><span style=\"font-size: 11pt; font-family: Arial; color: #000000; background-color: transparent; font-weight: bold; vertical-align: baseline; white-space: pre-wrap;\">Classement des tendances r\u00e9gionales 2016 <\/span><\/span><\/p>\n<p dir=\"ltr\" style=\"line-height: 1.38; margin-top: 0pt; margin-bottom: 0pt; text-align: justify;\">\n<p dir=\"ltr\" style=\"line-height: 1.38; margin-top: 0pt; margin-bottom: 0pt; text-align: justify;\"><span id=\"docs-internal-guid-8f5f4b30-ac34-4793-ceec-5618eaf1639d\"><span style=\"font-size: 11pt; font-family: Arial; color: #000000; background-color: transparent; vertical-align: baseline; white-space: pre-wrap;\">En ce qui concerne l&rsquo;Am\u00e9rique du Nord, l&rsquo;argent est la principale couleur pour les v\u00e9hicules compacts, alors que le noir est pr\u00e9f\u00e9r\u00e9 pour les voitures sportives. Les couleurs m\u00e9tallis\u00e9es sont davantage populaires aupr\u00e8s des hommes am\u00e9ricains et europ\u00e9ens, tandis que les femmes pr\u00e9f\u00e8rent des effets nacr\u00e9s ou brillants sur leurs voitures.<\/span><\/span><\/p>\n<p dir=\"ltr\" style=\"line-height: 1.38; margin-top: 0pt; margin-bottom: 0pt; text-align: justify;\">\n<p dir=\"ltr\" style=\"line-height: 1.38; margin-top: 0pt; margin-bottom: 0pt; text-align: justify;\"><span id=\"docs-internal-guid-8f5f4b30-a8d5-243c-f530-5d3e62b14675\"><span style=\"font-size: 11pt; font-family: Arial; color: #000000; background-color: transparent; vertical-align: baseline; white-space: pre-wrap;\">Pour conclure, \u00ab Bien que le blanc soit la couleur de v\u00e9hicule dominante \u00e0 l&rsquo;\u00e9chelle mondiale, on constate davantage de diversit\u00e9 dans les pr\u00e9f\u00e9rences en mati\u00e8re de couleurs en fonction du march\u00e9 et du type de v\u00e9hicule \u00bb, annonce Jane Harrington, responsable du stylisme couleur pour automotive coatings de PPG. Ainsi, les multiples go\u00fbts des clients soulignent l&rsquo;importance de d\u00e9velopper des couleurs distinctifs pour satisfaire les acheteurs. La marque Ford l&rsquo;a bien compris, elle a alors d\u00e9velopp\u00e9e 8 nuances de gris : Gris Lunaire, Gris Magnetic, Smoke Grey, Milano Grigio, Stealth Grey, Storm Grey, Gris Ingot et Gris vert Guard. Cet colorie vient directement concurrencer la teinte blanche, couleur la plus choisie depuis 6 ans \u00e0 travers le monde !<\/span><\/span><\/p>\n<p><span id=\"docs-internal-guid-8f5f4b30-a8d5-243c-f530-5d3e62b14675\"><span style=\"font-size: 11pt; font-family: Arial; color: #000000; background-color: transparent; font-weight: bold; vertical-align: baseline; white-space: pre-wrap;\">Et vous quels sont vos crit\u00e8res lors de l&rsquo;achat de votre nouvelle voiture ? <\/span><span style=\"font-size: 11pt; font-family: Arial; color: #000000; background-color: transparent; vertical-align: baseline; white-space: pre-wrap;\">Couleurs vives, sobres, passe-partout, voiture mattes, brillantes, peintures m\u00e9tallis\u00e9es ou nacr\u00e9e\u2026 Dites-nous tout !<\/span><\/span><\/p>\n","protected":false},"excerpt":{"rendered":"<p>Saviez-vous que 60% des consommateurs Fran\u00e7ais consid\u00e8rent la couleur de leur v\u00e9hicule comme l&rsquo;un des crit\u00e8res majeurs dans leur d\u00e9cision d&rsquo;achat ? Et bien maintenant, vous le savez ! Ainsi, ils sont pr\u00eats \u00e0 attendre la disponibilit\u00e9 de la couleur voulue avant d&rsquo;acheter leur v\u00e9hicule. De plus, il s&rsquo;av\u00e8re que le choix de la couleur en dit long sur la personnalit\u00e9 du propri\u00e9taire.<\/p>\n","protected":false},"author":1,"featured_media":5758,"comment_status":"open","ping_status":"open","sticky":false,"template":"","format":"standard","meta":{"_acf_changed":false,"content-type":"","footnotes":""},"categories":[22],"tags":[90,85,74,105,110,109,106,108,107,73,78,96],"class_list":["post-3698","post","type-post","status-publish","format-standard","has-post-thumbnail","hentry","category-conseils-astuces","tag-autojm","tag-citroen-2","tag-dacia","tag-ds","tag-fiat","tag-ford","tag-kia","tag-nissan","tag-opel","tag-peugeot","tag-renault","tag-volkswagen"],"acf":[],"yoast_head":"<!-- This site is optimized with the Yoast SEO plugin v27.5 - https:\/\/yoast.com\/product\/yoast-seo-wordpress\/ -->\n<title>La couleur : un des crit\u00e8res d\u00e9cisifs pour les Fran\u00e7ais ! AutoJM Mag<\/title>\n<meta name=\"description\" content=\"Saviez-vous que 60% des consommateurs Fran\u00e7ais consid\u00e8rent la couleur de leur v\u00e9hicule comme l&#039;un des crit\u00e8res majeurs dans leur d\u00e9cision...\" \/>\n<meta name=\"robots\" content=\"index, follow, max-snippet:-1, max-image-preview:large, max-video-preview:-1\" \/>\n<link rel=\"canonical\" href=\"https:\/\/www.autojm.fr\/blog\/la-couleur-un-des-criteres-decisifs-pour-les-francais\/\" \/>\n<meta property=\"og:locale\" content=\"fr_FR\" \/>\n<meta property=\"og:type\" content=\"article\" \/>\n<meta property=\"og:title\" content=\"La couleur : un des crit\u00e8res d\u00e9cisifs pour les Fran\u00e7ais ! AutoJM Mag\" \/>\n<meta property=\"og:description\" content=\"Saviez-vous que 60% des consommateurs Fran\u00e7ais consid\u00e8rent la couleur de leur v\u00e9hicule comme l&#039;un des crit\u00e8res majeurs dans leur d\u00e9cision...\" \/>\n<meta property=\"og:url\" content=\"https:\/\/www.autojm.fr\/blog\/la-couleur-un-des-criteres-decisifs-pour-les-francais\/\" \/>\n<meta property=\"og:site_name\" content=\"AutoJM Mag\" \/>\n<meta property=\"article:publisher\" content=\"https:\/\/www.facebook.com\/AutoJM25\" \/>\n<meta property=\"article:published_time\" content=\"2017-08-03T00:00:00+00:00\" \/>\n<meta property=\"article:modified_time\" content=\"2023-04-19T14:47:06+00:00\" \/>\n<meta property=\"og:image\" content=\"https:\/\/www.autojm.fr\/blog\/wp-content\/uploads\/2022\/10\/419.jpg\" \/>\n\t<meta property=\"og:image:width\" content=\"800\" \/>\n\t<meta property=\"og:image:height\" content=\"192\" \/>\n\t<meta property=\"og:image:type\" content=\"image\/jpeg\" \/>\n<meta name=\"author\" content=\"Autojm\" \/>\n<meta name=\"twitter:card\" content=\"summary_large_image\" \/>\n<meta name=\"twitter:label1\" content=\"\u00c9crit par\" \/>\n\t<meta name=\"twitter:data1\" content=\"Autojm\" \/>\n\t<meta name=\"twitter:label2\" content=\"Dur\u00e9e de lecture estim\u00e9e\" \/>\n\t<meta name=\"twitter:data2\" content=\"4 minutes\" \/>\n<script type=\"application\/ld+json\" class=\"yoast-schema-graph\">{\"@context\":\"https:\\\/\\\/schema.org\",\"@graph\":[{\"@type\":\"Article\",\"@id\":\"https:\\\/\\\/www.autojm.fr\\\/blog\\\/la-couleur-un-des-criteres-decisifs-pour-les-francais\\\/#article\",\"isPartOf\":{\"@id\":\"https:\\\/\\\/www.autojm.fr\\\/blog\\\/la-couleur-un-des-criteres-decisifs-pour-les-francais\\\/\"},\"author\":{\"name\":\"Autojm\",\"@id\":\"https:\\\/\\\/www.autojm.fr\\\/blog\\\/#\\\/schema\\\/person\\\/9742bc77541853e0de81fc57f947e1a0\"},\"headline\":\"La couleur : un des crit\u00e8res d\u00e9cisifs pour les Fran\u00e7ais !\",\"datePublished\":\"2017-08-03T00:00:00+00:00\",\"dateModified\":\"2023-04-19T14:47:06+00:00\",\"mainEntityOfPage\":{\"@id\":\"https:\\\/\\\/www.autojm.fr\\\/blog\\\/la-couleur-un-des-criteres-decisifs-pour-les-francais\\\/\"},\"wordCount\":819,\"commentCount\":0,\"publisher\":{\"@id\":\"https:\\\/\\\/www.autojm.fr\\\/blog\\\/#organization\"},\"image\":{\"@id\":\"https:\\\/\\\/www.autojm.fr\\\/blog\\\/la-couleur-un-des-criteres-decisifs-pour-les-francais\\\/#primaryimage\"},\"thumbnailUrl\":\"https:\\\/\\\/www.autojm.fr\\\/blog\\\/wp-content\\\/uploads\\\/2022\\\/10\\\/419.jpg\",\"keywords\":[\"autojm\",\"Citro\u00ebn\",\"dacia\",\"DS\",\"Fiat\",\"Ford\",\"Kia\",\"Nissan\",\"Opel\",\"peugeot\",\"renault\",\"Volkswagen\"],\"articleSection\":[\"Conseils &amp; Astuces\"],\"inLanguage\":\"fr-FR\",\"potentialAction\":[{\"@type\":\"CommentAction\",\"name\":\"Comment\",\"target\":[\"https:\\\/\\\/www.autojm.fr\\\/blog\\\/la-couleur-un-des-criteres-decisifs-pour-les-francais\\\/#respond\"]}]},{\"@type\":\"WebPage\",\"@id\":\"https:\\\/\\\/www.autojm.fr\\\/blog\\\/la-couleur-un-des-criteres-decisifs-pour-les-francais\\\/\",\"url\":\"https:\\\/\\\/www.autojm.fr\\\/blog\\\/la-couleur-un-des-criteres-decisifs-pour-les-francais\\\/\",\"name\":\"La couleur : un des crit\u00e8res d\u00e9cisifs pour les Fran\u00e7ais ! AutoJM Mag\",\"isPartOf\":{\"@id\":\"https:\\\/\\\/www.autojm.fr\\\/blog\\\/#website\"},\"primaryImageOfPage\":{\"@id\":\"https:\\\/\\\/www.autojm.fr\\\/blog\\\/la-couleur-un-des-criteres-decisifs-pour-les-francais\\\/#primaryimage\"},\"image\":{\"@id\":\"https:\\\/\\\/www.autojm.fr\\\/blog\\\/la-couleur-un-des-criteres-decisifs-pour-les-francais\\\/#primaryimage\"},\"thumbnailUrl\":\"https:\\\/\\\/www.autojm.fr\\\/blog\\\/wp-content\\\/uploads\\\/2022\\\/10\\\/419.jpg\",\"datePublished\":\"2017-08-03T00:00:00+00:00\",\"dateModified\":\"2023-04-19T14:47:06+00:00\",\"description\":\"Saviez-vous que 60% des consommateurs Fran\u00e7ais consid\u00e8rent la couleur de leur v\u00e9hicule comme l'un des crit\u00e8res majeurs dans leur d\u00e9cision...\",\"breadcrumb\":{\"@id\":\"https:\\\/\\\/www.autojm.fr\\\/blog\\\/la-couleur-un-des-criteres-decisifs-pour-les-francais\\\/#breadcrumb\"},\"inLanguage\":\"fr-FR\",\"potentialAction\":[{\"@type\":\"ReadAction\",\"target\":[\"https:\\\/\\\/www.autojm.fr\\\/blog\\\/la-couleur-un-des-criteres-decisifs-pour-les-francais\\\/\"]}]},{\"@type\":\"ImageObject\",\"inLanguage\":\"fr-FR\",\"@id\":\"https:\\\/\\\/www.autojm.fr\\\/blog\\\/la-couleur-un-des-criteres-decisifs-pour-les-francais\\\/#primaryimage\",\"url\":\"https:\\\/\\\/www.autojm.fr\\\/blog\\\/wp-content\\\/uploads\\\/2022\\\/10\\\/419.jpg\",\"contentUrl\":\"https:\\\/\\\/www.autojm.fr\\\/blog\\\/wp-content\\\/uploads\\\/2022\\\/10\\\/419.jpg\",\"width\":800,\"height\":192},{\"@type\":\"BreadcrumbList\",\"@id\":\"https:\\\/\\\/www.autojm.fr\\\/blog\\\/la-couleur-un-des-criteres-decisifs-pour-les-francais\\\/#breadcrumb\",\"itemListElement\":[{\"@type\":\"ListItem\",\"position\":1,\"name\":\"Accueil\",\"item\":\"https:\\\/\\\/www.autojm.fr\\\/blog\\\/\"},{\"@type\":\"ListItem\",\"position\":2,\"name\":\"Conseils &amp; Astuces\",\"item\":\"https:\\\/\\\/www.autojm.fr\\\/blog\\\/conseils-astuces\\\/\"},{\"@type\":\"ListItem\",\"position\":3,\"name\":\"La couleur : un des crit\u00e8res d\u00e9cisifs pour les Fran\u00e7ais !\"}]},{\"@type\":\"WebSite\",\"@id\":\"https:\\\/\\\/www.autojm.fr\\\/blog\\\/#website\",\"url\":\"https:\\\/\\\/www.autojm.fr\\\/blog\\\/\",\"name\":\"AutoJM Mag\",\"description\":\"Toute l&#039;actu auto en 1 clic !\",\"publisher\":{\"@id\":\"https:\\\/\\\/www.autojm.fr\\\/blog\\\/#organization\"},\"potentialAction\":[{\"@type\":\"SearchAction\",\"target\":{\"@type\":\"EntryPoint\",\"urlTemplate\":\"https:\\\/\\\/www.autojm.fr\\\/blog\\\/?s={search_term_string}\"},\"query-input\":{\"@type\":\"PropertyValueSpecification\",\"valueRequired\":true,\"valueName\":\"search_term_string\"}}],\"inLanguage\":\"fr-FR\"},{\"@type\":\"Organization\",\"@id\":\"https:\\\/\\\/www.autojm.fr\\\/blog\\\/#organization\",\"name\":\"AutoJM Mag\",\"url\":\"https:\\\/\\\/www.autojm.fr\\\/blog\\\/\",\"logo\":{\"@type\":\"ImageObject\",\"inLanguage\":\"fr-FR\",\"@id\":\"https:\\\/\\\/www.autojm.fr\\\/blog\\\/#\\\/schema\\\/logo\\\/image\\\/\",\"url\":\"https:\\\/\\\/www.autojm.fr\\\/blog\\\/wp-content\\\/uploads\\\/2022\\\/12\\\/cropped-AutoJMag-png.png\",\"contentUrl\":\"https:\\\/\\\/www.autojm.fr\\\/blog\\\/wp-content\\\/uploads\\\/2022\\\/12\\\/cropped-AutoJMag-png.png\",\"width\":2834,\"height\":585,\"caption\":\"AutoJM Mag\"},\"image\":{\"@id\":\"https:\\\/\\\/www.autojm.fr\\\/blog\\\/#\\\/schema\\\/logo\\\/image\\\/\"},\"sameAs\":[\"https:\\\/\\\/www.facebook.com\\\/AutoJM25\"]},{\"@type\":\"Person\",\"@id\":\"https:\\\/\\\/www.autojm.fr\\\/blog\\\/#\\\/schema\\\/person\\\/9742bc77541853e0de81fc57f947e1a0\",\"name\":\"Autojm\",\"image\":{\"@type\":\"ImageObject\",\"inLanguage\":\"fr-FR\",\"@id\":\"https:\\\/\\\/secure.gravatar.com\\\/avatar\\\/9a959d52b758fcc232fe4b6aca7bab139182573297122cce7d6f2ee0e537b418?s=96&d=mm&r=g\",\"url\":\"https:\\\/\\\/secure.gravatar.com\\\/avatar\\\/9a959d52b758fcc232fe4b6aca7bab139182573297122cce7d6f2ee0e537b418?s=96&d=mm&r=g\",\"contentUrl\":\"https:\\\/\\\/secure.gravatar.com\\\/avatar\\\/9a959d52b758fcc232fe4b6aca7bab139182573297122cce7d6f2ee0e537b418?s=96&d=mm&r=g\",\"caption\":\"Autojm\"},\"sameAs\":[\"https:\\\/\\\/www.autojm.fr\\\/blog\"],\"url\":\"https:\\\/\\\/www.autojm.fr\\\/blog\\\/author\\\/bichoi\\\/\"}]}<\/script>\n<!-- \/ Yoast SEO plugin. -->","yoast_head_json":{"title":"La couleur : un des crit\u00e8res d\u00e9cisifs pour les Fran\u00e7ais ! AutoJM Mag","description":"Saviez-vous que 60% des consommateurs Fran\u00e7ais consid\u00e8rent la couleur de leur v\u00e9hicule comme l'un des crit\u00e8res majeurs dans leur d\u00e9cision...","robots":{"index":"index","follow":"follow","max-snippet":"max-snippet:-1","max-image-preview":"max-image-preview:large","max-video-preview":"max-video-preview:-1"},"canonical":"https:\/\/www.autojm.fr\/blog\/la-couleur-un-des-criteres-decisifs-pour-les-francais\/","og_locale":"fr_FR","og_type":"article","og_title":"La couleur : un des crit\u00e8res d\u00e9cisifs pour les Fran\u00e7ais ! AutoJM Mag","og_description":"Saviez-vous que 60% des consommateurs Fran\u00e7ais consid\u00e8rent la couleur de leur v\u00e9hicule comme l'un des crit\u00e8res majeurs dans leur d\u00e9cision...","og_url":"https:\/\/www.autojm.fr\/blog\/la-couleur-un-des-criteres-decisifs-pour-les-francais\/","og_site_name":"AutoJM Mag","article_publisher":"https:\/\/www.facebook.com\/AutoJM25","article_published_time":"2017-08-03T00:00:00+00:00","article_modified_time":"2023-04-19T14:47:06+00:00","og_image":[{"width":800,"height":192,"url":"https:\/\/www.autojm.fr\/blog\/wp-content\/uploads\/2022\/10\/419.jpg","type":"image\/jpeg"}],"author":"Autojm","twitter_card":"summary_large_image","twitter_misc":{"\u00c9crit par":"Autojm","Dur\u00e9e de lecture estim\u00e9e":"4 minutes"},"schema":{"@context":"https:\/\/schema.org","@graph":[{"@type":"Article","@id":"https:\/\/www.autojm.fr\/blog\/la-couleur-un-des-criteres-decisifs-pour-les-francais\/#article","isPartOf":{"@id":"https:\/\/www.autojm.fr\/blog\/la-couleur-un-des-criteres-decisifs-pour-les-francais\/"},"author":{"name":"Autojm","@id":"https:\/\/www.autojm.fr\/blog\/#\/schema\/person\/9742bc77541853e0de81fc57f947e1a0"},"headline":"La couleur : un des crit\u00e8res d\u00e9cisifs pour les Fran\u00e7ais !","datePublished":"2017-08-03T00:00:00+00:00","dateModified":"2023-04-19T14:47:06+00:00","mainEntityOfPage":{"@id":"https:\/\/www.autojm.fr\/blog\/la-couleur-un-des-criteres-decisifs-pour-les-francais\/"},"wordCount":819,"commentCount":0,"publisher":{"@id":"https:\/\/www.autojm.fr\/blog\/#organization"},"image":{"@id":"https:\/\/www.autojm.fr\/blog\/la-couleur-un-des-criteres-decisifs-pour-les-francais\/#primaryimage"},"thumbnailUrl":"https:\/\/www.autojm.fr\/blog\/wp-content\/uploads\/2022\/10\/419.jpg","keywords":["autojm","Citro\u00ebn","dacia","DS","Fiat","Ford","Kia","Nissan","Opel","peugeot","renault","Volkswagen"],"articleSection":["Conseils &amp; Astuces"],"inLanguage":"fr-FR","potentialAction":[{"@type":"CommentAction","name":"Comment","target":["https:\/\/www.autojm.fr\/blog\/la-couleur-un-des-criteres-decisifs-pour-les-francais\/#respond"]}]},{"@type":"WebPage","@id":"https:\/\/www.autojm.fr\/blog\/la-couleur-un-des-criteres-decisifs-pour-les-francais\/","url":"https:\/\/www.autojm.fr\/blog\/la-couleur-un-des-criteres-decisifs-pour-les-francais\/","name":"La couleur : un des crit\u00e8res d\u00e9cisifs pour les Fran\u00e7ais ! AutoJM Mag","isPartOf":{"@id":"https:\/\/www.autojm.fr\/blog\/#website"},"primaryImageOfPage":{"@id":"https:\/\/www.autojm.fr\/blog\/la-couleur-un-des-criteres-decisifs-pour-les-francais\/#primaryimage"},"image":{"@id":"https:\/\/www.autojm.fr\/blog\/la-couleur-un-des-criteres-decisifs-pour-les-francais\/#primaryimage"},"thumbnailUrl":"https:\/\/www.autojm.fr\/blog\/wp-content\/uploads\/2022\/10\/419.jpg","datePublished":"2017-08-03T00:00:00+00:00","dateModified":"2023-04-19T14:47:06+00:00","description":"Saviez-vous que 60% des consommateurs Fran\u00e7ais consid\u00e8rent la couleur de leur v\u00e9hicule comme l'un des crit\u00e8res majeurs dans leur d\u00e9cision...","breadcrumb":{"@id":"https:\/\/www.autojm.fr\/blog\/la-couleur-un-des-criteres-decisifs-pour-les-francais\/#breadcrumb"},"inLanguage":"fr-FR","potentialAction":[{"@type":"ReadAction","target":["https:\/\/www.autojm.fr\/blog\/la-couleur-un-des-criteres-decisifs-pour-les-francais\/"]}]},{"@type":"ImageObject","inLanguage":"fr-FR","@id":"https:\/\/www.autojm.fr\/blog\/la-couleur-un-des-criteres-decisifs-pour-les-francais\/#primaryimage","url":"https:\/\/www.autojm.fr\/blog\/wp-content\/uploads\/2022\/10\/419.jpg","contentUrl":"https:\/\/www.autojm.fr\/blog\/wp-content\/uploads\/2022\/10\/419.jpg","width":800,"height":192},{"@type":"BreadcrumbList","@id":"https:\/\/www.autojm.fr\/blog\/la-couleur-un-des-criteres-decisifs-pour-les-francais\/#breadcrumb","itemListElement":[{"@type":"ListItem","position":1,"name":"Accueil","item":"https:\/\/www.autojm.fr\/blog\/"},{"@type":"ListItem","position":2,"name":"Conseils &amp; Astuces","item":"https:\/\/www.autojm.fr\/blog\/conseils-astuces\/"},{"@type":"ListItem","position":3,"name":"La couleur : un des crit\u00e8res d\u00e9cisifs pour les Fran\u00e7ais !"}]},{"@type":"WebSite","@id":"https:\/\/www.autojm.fr\/blog\/#website","url":"https:\/\/www.autojm.fr\/blog\/","name":"AutoJM Mag","description":"Toute l&#039;actu auto en 1 clic !","publisher":{"@id":"https:\/\/www.autojm.fr\/blog\/#organization"},"potentialAction":[{"@type":"SearchAction","target":{"@type":"EntryPoint","urlTemplate":"https:\/\/www.autojm.fr\/blog\/?s={search_term_string}"},"query-input":{"@type":"PropertyValueSpecification","valueRequired":true,"valueName":"search_term_string"}}],"inLanguage":"fr-FR"},{"@type":"Organization","@id":"https:\/\/www.autojm.fr\/blog\/#organization","name":"AutoJM Mag","url":"https:\/\/www.autojm.fr\/blog\/","logo":{"@type":"ImageObject","inLanguage":"fr-FR","@id":"https:\/\/www.autojm.fr\/blog\/#\/schema\/logo\/image\/","url":"https:\/\/www.autojm.fr\/blog\/wp-content\/uploads\/2022\/12\/cropped-AutoJMag-png.png","contentUrl":"https:\/\/www.autojm.fr\/blog\/wp-content\/uploads\/2022\/12\/cropped-AutoJMag-png.png","width":2834,"height":585,"caption":"AutoJM Mag"},"image":{"@id":"https:\/\/www.autojm.fr\/blog\/#\/schema\/logo\/image\/"},"sameAs":["https:\/\/www.facebook.com\/AutoJM25"]},{"@type":"Person","@id":"https:\/\/www.autojm.fr\/blog\/#\/schema\/person\/9742bc77541853e0de81fc57f947e1a0","name":"Autojm","image":{"@type":"ImageObject","inLanguage":"fr-FR","@id":"https:\/\/secure.gravatar.com\/avatar\/9a959d52b758fcc232fe4b6aca7bab139182573297122cce7d6f2ee0e537b418?s=96&d=mm&r=g","url":"https:\/\/secure.gravatar.com\/avatar\/9a959d52b758fcc232fe4b6aca7bab139182573297122cce7d6f2ee0e537b418?s=96&d=mm&r=g","contentUrl":"https:\/\/secure.gravatar.com\/avatar\/9a959d52b758fcc232fe4b6aca7bab139182573297122cce7d6f2ee0e537b418?s=96&d=mm&r=g","caption":"Autojm"},"sameAs":["https:\/\/www.autojm.fr\/blog"],"url":"https:\/\/www.autojm.fr\/blog\/author\/bichoi\/"}]}},"_links":{"self":[{"href":"https:\/\/www.autojm.fr\/blog\/wp-json\/wp\/v2\/posts\/3698","targetHints":{"allow":["GET"]}}],"collection":[{"href":"https:\/\/www.autojm.fr\/blog\/wp-json\/wp\/v2\/posts"}],"about":[{"href":"https:\/\/www.autojm.fr\/blog\/wp-json\/wp\/v2\/types\/post"}],"author":[{"embeddable":true,"href":"https:\/\/www.autojm.fr\/blog\/wp-json\/wp\/v2\/users\/1"}],"replies":[{"embeddable":true,"href":"https:\/\/www.autojm.fr\/blog\/wp-json\/wp\/v2\/comments?post=3698"}],"version-history":[{"count":4,"href":"https:\/\/www.autojm.fr\/blog\/wp-json\/wp\/v2\/posts\/3698\/revisions"}],"predecessor-version":[{"id":9677,"href":"https:\/\/www.autojm.fr\/blog\/wp-json\/wp\/v2\/posts\/3698\/revisions\/9677"}],"wp:featuredmedia":[{"embeddable":true,"href":"https:\/\/www.autojm.fr\/blog\/wp-json\/wp\/v2\/media\/5758"}],"wp:attachment":[{"href":"https:\/\/www.autojm.fr\/blog\/wp-json\/wp\/v2\/media?parent=3698"}],"wp:term":[{"taxonomy":"category","embeddable":true,"href":"https:\/\/www.autojm.fr\/blog\/wp-json\/wp\/v2\/categories?post=3698"},{"taxonomy":"post_tag","embeddable":true,"href":"https:\/\/www.autojm.fr\/blog\/wp-json\/wp\/v2\/tags?post=3698"}],"curies":[{"name":"wp","href":"https:\/\/api.w.org\/{rel}","templated":true}]}}