{"id":3694,"date":"2017-07-18T00:00:00","date_gmt":"2017-07-18T00:00:00","guid":{"rendered":"https:\/\/www.autojm.fr\/blog\/peugeot-308-vs-renault-megane-un-combat-sans-fin\/"},"modified":"2023-09-15T12:19:35","modified_gmt":"2023-09-15T12:19:35","slug":"peugeot-308-vs-renault-megane-un-combat-sans-fin","status":"publish","type":"post","link":"https:\/\/www.autojm.fr\/blog\/peugeot-308-vs-renault-megane-un-combat-sans-fin\/","title":{"rendered":"Peugeot 308 VS Renault M\u00e9gane : un combat sans fin"},"content":{"rendered":"<p dir=\"ltr\" style=\"line-height: 1.38; margin-top: 0pt; margin-bottom: 0pt; text-align: justify;\"><span id=\"docs-internal-guid-007ce1bf-5622-874a-a5f9-13cd48f17fc9\"><span style=\"font-size: 11pt; font-family: Arial; color: #000000; background-color: transparent; vertical-align: baseline; white-space: pre-wrap;\">La Peugeot 308 reste l&rsquo;imbattable mod\u00e8le fran\u00e7ais, ce qui prouve que les Fran\u00e7aises peuvent aussi monter en gamme ! En effet, il est appr\u00e9ciable d&rsquo;\u00eatre au volant de cette lionne puisque sa direction est tr\u00e8s directe et pr\u00e9cise avec son amortissement qui est \u00e9galement parfaitement tenu tout en restant confortable. La Renault M\u00e9gane est tr\u00e8s efficace, mais elle n&rsquo;offre pas le m\u00eame compromis que sa rivale. Moins aff\u00fbt\u00e9e, dot\u00e9e de commandes plus douces, elle repose sur des suspensions plus moelleuses. N\u00e9anmoins, Renault n&rsquo;est pas all\u00e9 jusqu&rsquo;au bout de sa d\u00e9marche. Les fondamentaux sont bons, mais sa conduite n&rsquo;efface pas les al\u00e9as des routes\u2026 En effet, elle est r\u00e9guli\u00e8rement atteinte aux secousses et aux remont\u00e9es sur certaines surfaces.<\/span><\/span><\/p>\n<h2 dir=\"ltr\" style=\"line-height: 1.38; margin-top: 0pt; margin-bottom: 0pt; text-align: justify;\"><strong><span style=\"background-color: transparent; color: #000000; font-family: Arial; font-size: 11pt; white-space: pre-wrap;\">Deux int\u00e9rieurs, deux styles distincts<\/span><\/strong><\/h2>\n<p style=\"text-align: justify;\"><span style=\"background-color: transparent; color: #000000; font-family: Arial; font-size: 11pt; white-space: pre-wrap; text-align: justify;\">\u00c0 bord de ces deux concurrentes, quelques diff\u00e9rences se font ressentir. Avec une ambiance tr\u00e8s sportive, la Peugeot 308 propose des boutons donnant une impression de haut de gamme et donc beaucoup plus affirm\u00e9e que sur la Renault. De plus, il est regrettable que son \u00e9cran tactile soit plus petit et moins r\u00e9actif que sa concurrente. Il est \u00e9galement obligatoire de passer par la tablette tactile pour piloter la climatisation contrairement \u00e0 la Renault M\u00e9gane 4, qui, quant \u00e0 elle, pr\u00e9f\u00e8re rester aux touches traditionnelles. Son \u00e9cran vertical est d&rsquo;ailleurs tr\u00e8s agr\u00e9able \u00e0 manipuler !<\/span><\/p>\n<p><span style=\"background-color: transparent; color: #000000; font-family: Arial; font-size: 11pt; white-space: pre-wrap; text-align: justify;\">Le coffre de la Renault M\u00e9gane reste sup\u00e9rieur en volume par rapport \u00e0 la Peugeot 308, 434 litres contre 420 litres pour la Lionne. Un alternative est possible pour combler ce manque de place gr\u00e2ce \u00e0 la Peugeot 308 SW avec un coffre allant de 660 \u00e0 1775 litres !<\/span><\/p>\n<p><strong style=\"font-family: Ubuntu, sans-serif; font-size: 1.5em; text-align: justify;\"><span id=\"docs-internal-guid-007ce1bf-5622-874a-a5f9-13cd48f17fc9\"><span style=\"font-size: 11pt; font-family: Arial; color: #000000; background-color: transparent; vertical-align: baseline; white-space: pre-wrap;\">Et niveau m\u00e9canique \u00e7a donne quoi ?<\/span><\/span><\/strong><\/p>\n<p style=\"text-align: justify;\"><span style=\"background-color: transparent; color: #000000; font-family: Arial; font-size: 11pt; white-space: pre-wrap; text-align: justify;\">Le poids plume de la Peugeot 308 lui est profitable. En effet, elle descend sous la barre des 10 secondes pour franchir les 100 km\/h, soit 9,7 s contre 12s pour la Renault M\u00e9gane 1.5 dCi 110 qui ne peut suivre le rythme. En revanche, la M\u00e9gane se montre comme \u00e9tant la plus discr\u00e8te avec son petit bloc diesel. Quel que soit la pression exerc\u00e9e sur la p\u00e9dale d&rsquo;acc\u00e9l\u00e9ration, le moteur reste silencieux. Et enfin, c\u00f4t\u00e9 homologation CO2\/km, la Peugeot est imbattable : 88 g contre 95 g pour la M\u00e9gane.<\/span><\/p>\n","protected":false},"excerpt":{"rendered":"<p>La Peugeot 308 reste l&rsquo;imbattable mod\u00e8le fran\u00e7ais, ce qui prouve que les Fran\u00e7aises peuvent aussi monter en gamme ! En effet, il est appr\u00e9ciable d&rsquo;\u00eatre au volant de cette lionne puisque sa direction est tr\u00e8s directe et pr\u00e9cise avec son amortissement qui est \u00e9galement parfaitement tenu tout en restant confortable.<\/p>\n","protected":false},"author":1,"featured_media":5754,"comment_status":"open","ping_status":"open","sticky":false,"template":"","format":"standard","meta":{"_acf_changed":false,"content-type":"","footnotes":""},"categories":[53],"tags":[90,73,153,78,185],"class_list":["post-3694","post","type-post","status-publish","format-standard","has-post-thumbnail","hentry","category-comparatifs","tag-autojm","tag-peugeot","tag-peugeot-308","tag-renault","tag-renault-megane-2"],"acf":[],"yoast_head":"<!-- This site is optimized with the Yoast SEO plugin v27.5 - https:\/\/yoast.com\/product\/yoast-seo-wordpress\/ -->\n<title>Peugeot 308 VS Renault M\u00e9gane : un combat sans fin AutoJM Mag<\/title>\n<meta name=\"description\" content=\"La Peugeot 308 reste l&#039;imbattable mod\u00e8le fran\u00e7ais, ce qui prouve que les Fran\u00e7aises peuvent aussi monter en gamme ! En effet, il est...\" \/>\n<meta name=\"robots\" content=\"index, follow, max-snippet:-1, max-image-preview:large, max-video-preview:-1\" \/>\n<link rel=\"canonical\" href=\"https:\/\/www.autojm.fr\/blog\/peugeot-308-vs-renault-megane-un-combat-sans-fin\/\" \/>\n<meta property=\"og:locale\" content=\"fr_FR\" \/>\n<meta property=\"og:type\" content=\"article\" \/>\n<meta property=\"og:title\" content=\"Peugeot 308 VS Renault M\u00e9gane : un combat sans fin AutoJM Mag\" \/>\n<meta property=\"og:description\" content=\"La Peugeot 308 reste l&#039;imbattable mod\u00e8le fran\u00e7ais, ce qui prouve que les Fran\u00e7aises peuvent aussi monter en gamme ! En effet, il est...\" \/>\n<meta property=\"og:url\" content=\"https:\/\/www.autojm.fr\/blog\/peugeot-308-vs-renault-megane-un-combat-sans-fin\/\" \/>\n<meta property=\"og:site_name\" content=\"AutoJM Mag\" \/>\n<meta property=\"article:publisher\" content=\"https:\/\/www.facebook.com\/AutoJM25\" \/>\n<meta property=\"article:published_time\" content=\"2017-07-18T00:00:00+00:00\" \/>\n<meta property=\"article:modified_time\" content=\"2023-09-15T12:19:35+00:00\" \/>\n<meta property=\"og:image\" content=\"https:\/\/www.autojm.fr\/blog\/wp-content\/uploads\/2022\/10\/417.jpg\" \/>\n\t<meta property=\"og:image:width\" content=\"940\" \/>\n\t<meta property=\"og:image:height\" content=\"626\" \/>\n\t<meta property=\"og:image:type\" content=\"image\/jpeg\" \/>\n<meta name=\"author\" content=\"Autojm\" \/>\n<meta name=\"twitter:card\" content=\"summary_large_image\" \/>\n<meta name=\"twitter:label1\" content=\"\u00c9crit par\" \/>\n\t<meta name=\"twitter:data1\" content=\"Autojm\" \/>\n\t<meta name=\"twitter:label2\" content=\"Dur\u00e9e de lecture estim\u00e9e\" \/>\n\t<meta name=\"twitter:data2\" content=\"2 minutes\" \/>\n<script type=\"application\/ld+json\" class=\"yoast-schema-graph\">{\"@context\":\"https:\\\/\\\/schema.org\",\"@graph\":[{\"@type\":\"Article\",\"@id\":\"https:\\\/\\\/www.autojm.fr\\\/blog\\\/peugeot-308-vs-renault-megane-un-combat-sans-fin\\\/#article\",\"isPartOf\":{\"@id\":\"https:\\\/\\\/www.autojm.fr\\\/blog\\\/peugeot-308-vs-renault-megane-un-combat-sans-fin\\\/\"},\"author\":{\"name\":\"Autojm\",\"@id\":\"https:\\\/\\\/www.autojm.fr\\\/blog\\\/#\\\/schema\\\/person\\\/9742bc77541853e0de81fc57f947e1a0\"},\"headline\":\"Peugeot 308 VS Renault M\u00e9gane : un combat sans fin\",\"datePublished\":\"2017-07-18T00:00:00+00:00\",\"dateModified\":\"2023-09-15T12:19:35+00:00\",\"mainEntityOfPage\":{\"@id\":\"https:\\\/\\\/www.autojm.fr\\\/blog\\\/peugeot-308-vs-renault-megane-un-combat-sans-fin\\\/\"},\"wordCount\":389,\"commentCount\":0,\"publisher\":{\"@id\":\"https:\\\/\\\/www.autojm.fr\\\/blog\\\/#organization\"},\"image\":{\"@id\":\"https:\\\/\\\/www.autojm.fr\\\/blog\\\/peugeot-308-vs-renault-megane-un-combat-sans-fin\\\/#primaryimage\"},\"thumbnailUrl\":\"https:\\\/\\\/www.autojm.fr\\\/blog\\\/wp-content\\\/uploads\\\/2022\\\/10\\\/417.jpg\",\"keywords\":[\"autojm\",\"peugeot\",\"Peugeot 308\",\"renault\",\"Renault M\u00e9gane\"],\"articleSection\":[\"Comparatifs\"],\"inLanguage\":\"fr-FR\",\"potentialAction\":[{\"@type\":\"CommentAction\",\"name\":\"Comment\",\"target\":[\"https:\\\/\\\/www.autojm.fr\\\/blog\\\/peugeot-308-vs-renault-megane-un-combat-sans-fin\\\/#respond\"]}]},{\"@type\":\"WebPage\",\"@id\":\"https:\\\/\\\/www.autojm.fr\\\/blog\\\/peugeot-308-vs-renault-megane-un-combat-sans-fin\\\/\",\"url\":\"https:\\\/\\\/www.autojm.fr\\\/blog\\\/peugeot-308-vs-renault-megane-un-combat-sans-fin\\\/\",\"name\":\"Peugeot 308 VS Renault M\u00e9gane : un combat sans fin AutoJM Mag\",\"isPartOf\":{\"@id\":\"https:\\\/\\\/www.autojm.fr\\\/blog\\\/#website\"},\"primaryImageOfPage\":{\"@id\":\"https:\\\/\\\/www.autojm.fr\\\/blog\\\/peugeot-308-vs-renault-megane-un-combat-sans-fin\\\/#primaryimage\"},\"image\":{\"@id\":\"https:\\\/\\\/www.autojm.fr\\\/blog\\\/peugeot-308-vs-renault-megane-un-combat-sans-fin\\\/#primaryimage\"},\"thumbnailUrl\":\"https:\\\/\\\/www.autojm.fr\\\/blog\\\/wp-content\\\/uploads\\\/2022\\\/10\\\/417.jpg\",\"datePublished\":\"2017-07-18T00:00:00+00:00\",\"dateModified\":\"2023-09-15T12:19:35+00:00\",\"description\":\"La Peugeot 308 reste l'imbattable mod\u00e8le fran\u00e7ais, ce qui prouve que les Fran\u00e7aises peuvent aussi monter en gamme ! En effet, il est...\",\"breadcrumb\":{\"@id\":\"https:\\\/\\\/www.autojm.fr\\\/blog\\\/peugeot-308-vs-renault-megane-un-combat-sans-fin\\\/#breadcrumb\"},\"inLanguage\":\"fr-FR\",\"potentialAction\":[{\"@type\":\"ReadAction\",\"target\":[\"https:\\\/\\\/www.autojm.fr\\\/blog\\\/peugeot-308-vs-renault-megane-un-combat-sans-fin\\\/\"]}]},{\"@type\":\"ImageObject\",\"inLanguage\":\"fr-FR\",\"@id\":\"https:\\\/\\\/www.autojm.fr\\\/blog\\\/peugeot-308-vs-renault-megane-un-combat-sans-fin\\\/#primaryimage\",\"url\":\"https:\\\/\\\/www.autojm.fr\\\/blog\\\/wp-content\\\/uploads\\\/2022\\\/10\\\/417.jpg\",\"contentUrl\":\"https:\\\/\\\/www.autojm.fr\\\/blog\\\/wp-content\\\/uploads\\\/2022\\\/10\\\/417.jpg\",\"width\":940,\"height\":626,\"caption\":\"Peugeot 308 vs Renault M\u00e9gane\"},{\"@type\":\"BreadcrumbList\",\"@id\":\"https:\\\/\\\/www.autojm.fr\\\/blog\\\/peugeot-308-vs-renault-megane-un-combat-sans-fin\\\/#breadcrumb\",\"itemListElement\":[{\"@type\":\"ListItem\",\"position\":1,\"name\":\"Accueil\",\"item\":\"https:\\\/\\\/www.autojm.fr\\\/blog\\\/\"},{\"@type\":\"ListItem\",\"position\":2,\"name\":\"Comparatifs\",\"item\":\"https:\\\/\\\/www.autojm.fr\\\/blog\\\/comparatifs\\\/\"},{\"@type\":\"ListItem\",\"position\":3,\"name\":\"Peugeot 308 VS Renault M\u00e9gane : un combat sans fin\"}]},{\"@type\":\"WebSite\",\"@id\":\"https:\\\/\\\/www.autojm.fr\\\/blog\\\/#website\",\"url\":\"https:\\\/\\\/www.autojm.fr\\\/blog\\\/\",\"name\":\"AutoJM Mag\",\"description\":\"Toute l&#039;actu auto en 1 clic !\",\"publisher\":{\"@id\":\"https:\\\/\\\/www.autojm.fr\\\/blog\\\/#organization\"},\"potentialAction\":[{\"@type\":\"SearchAction\",\"target\":{\"@type\":\"EntryPoint\",\"urlTemplate\":\"https:\\\/\\\/www.autojm.fr\\\/blog\\\/?s={search_term_string}\"},\"query-input\":{\"@type\":\"PropertyValueSpecification\",\"valueRequired\":true,\"valueName\":\"search_term_string\"}}],\"inLanguage\":\"fr-FR\"},{\"@type\":\"Organization\",\"@id\":\"https:\\\/\\\/www.autojm.fr\\\/blog\\\/#organization\",\"name\":\"AutoJM Mag\",\"url\":\"https:\\\/\\\/www.autojm.fr\\\/blog\\\/\",\"logo\":{\"@type\":\"ImageObject\",\"inLanguage\":\"fr-FR\",\"@id\":\"https:\\\/\\\/www.autojm.fr\\\/blog\\\/#\\\/schema\\\/logo\\\/image\\\/\",\"url\":\"https:\\\/\\\/www.autojm.fr\\\/blog\\\/wp-content\\\/uploads\\\/2022\\\/12\\\/cropped-AutoJMag-png.png\",\"contentUrl\":\"https:\\\/\\\/www.autojm.fr\\\/blog\\\/wp-content\\\/uploads\\\/2022\\\/12\\\/cropped-AutoJMag-png.png\",\"width\":2834,\"height\":585,\"caption\":\"AutoJM Mag\"},\"image\":{\"@id\":\"https:\\\/\\\/www.autojm.fr\\\/blog\\\/#\\\/schema\\\/logo\\\/image\\\/\"},\"sameAs\":[\"https:\\\/\\\/www.facebook.com\\\/AutoJM25\"]},{\"@type\":\"Person\",\"@id\":\"https:\\\/\\\/www.autojm.fr\\\/blog\\\/#\\\/schema\\\/person\\\/9742bc77541853e0de81fc57f947e1a0\",\"name\":\"Autojm\",\"image\":{\"@type\":\"ImageObject\",\"inLanguage\":\"fr-FR\",\"@id\":\"https:\\\/\\\/secure.gravatar.com\\\/avatar\\\/9a959d52b758fcc232fe4b6aca7bab139182573297122cce7d6f2ee0e537b418?s=96&d=mm&r=g\",\"url\":\"https:\\\/\\\/secure.gravatar.com\\\/avatar\\\/9a959d52b758fcc232fe4b6aca7bab139182573297122cce7d6f2ee0e537b418?s=96&d=mm&r=g\",\"contentUrl\":\"https:\\\/\\\/secure.gravatar.com\\\/avatar\\\/9a959d52b758fcc232fe4b6aca7bab139182573297122cce7d6f2ee0e537b418?s=96&d=mm&r=g\",\"caption\":\"Autojm\"},\"sameAs\":[\"https:\\\/\\\/www.autojm.fr\\\/blog\"],\"url\":\"https:\\\/\\\/www.autojm.fr\\\/blog\\\/author\\\/bichoi\\\/\"}]}<\/script>\n<!-- \/ Yoast SEO plugin. -->","yoast_head_json":{"title":"Peugeot 308 VS Renault M\u00e9gane : un combat sans fin AutoJM Mag","description":"La Peugeot 308 reste l'imbattable mod\u00e8le fran\u00e7ais, ce qui prouve que les Fran\u00e7aises peuvent aussi monter en gamme ! En effet, il est...","robots":{"index":"index","follow":"follow","max-snippet":"max-snippet:-1","max-image-preview":"max-image-preview:large","max-video-preview":"max-video-preview:-1"},"canonical":"https:\/\/www.autojm.fr\/blog\/peugeot-308-vs-renault-megane-un-combat-sans-fin\/","og_locale":"fr_FR","og_type":"article","og_title":"Peugeot 308 VS Renault M\u00e9gane : un combat sans fin AutoJM Mag","og_description":"La Peugeot 308 reste l'imbattable mod\u00e8le fran\u00e7ais, ce qui prouve que les Fran\u00e7aises peuvent aussi monter en gamme ! En effet, il est...","og_url":"https:\/\/www.autojm.fr\/blog\/peugeot-308-vs-renault-megane-un-combat-sans-fin\/","og_site_name":"AutoJM Mag","article_publisher":"https:\/\/www.facebook.com\/AutoJM25","article_published_time":"2017-07-18T00:00:00+00:00","article_modified_time":"2023-09-15T12:19:35+00:00","og_image":[{"width":940,"height":626,"url":"https:\/\/www.autojm.fr\/blog\/wp-content\/uploads\/2022\/10\/417.jpg","type":"image\/jpeg"}],"author":"Autojm","twitter_card":"summary_large_image","twitter_misc":{"\u00c9crit par":"Autojm","Dur\u00e9e de lecture estim\u00e9e":"2 minutes"},"schema":{"@context":"https:\/\/schema.org","@graph":[{"@type":"Article","@id":"https:\/\/www.autojm.fr\/blog\/peugeot-308-vs-renault-megane-un-combat-sans-fin\/#article","isPartOf":{"@id":"https:\/\/www.autojm.fr\/blog\/peugeot-308-vs-renault-megane-un-combat-sans-fin\/"},"author":{"name":"Autojm","@id":"https:\/\/www.autojm.fr\/blog\/#\/schema\/person\/9742bc77541853e0de81fc57f947e1a0"},"headline":"Peugeot 308 VS Renault M\u00e9gane : un combat sans fin","datePublished":"2017-07-18T00:00:00+00:00","dateModified":"2023-09-15T12:19:35+00:00","mainEntityOfPage":{"@id":"https:\/\/www.autojm.fr\/blog\/peugeot-308-vs-renault-megane-un-combat-sans-fin\/"},"wordCount":389,"commentCount":0,"publisher":{"@id":"https:\/\/www.autojm.fr\/blog\/#organization"},"image":{"@id":"https:\/\/www.autojm.fr\/blog\/peugeot-308-vs-renault-megane-un-combat-sans-fin\/#primaryimage"},"thumbnailUrl":"https:\/\/www.autojm.fr\/blog\/wp-content\/uploads\/2022\/10\/417.jpg","keywords":["autojm","peugeot","Peugeot 308","renault","Renault M\u00e9gane"],"articleSection":["Comparatifs"],"inLanguage":"fr-FR","potentialAction":[{"@type":"CommentAction","name":"Comment","target":["https:\/\/www.autojm.fr\/blog\/peugeot-308-vs-renault-megane-un-combat-sans-fin\/#respond"]}]},{"@type":"WebPage","@id":"https:\/\/www.autojm.fr\/blog\/peugeot-308-vs-renault-megane-un-combat-sans-fin\/","url":"https:\/\/www.autojm.fr\/blog\/peugeot-308-vs-renault-megane-un-combat-sans-fin\/","name":"Peugeot 308 VS Renault M\u00e9gane : un combat sans fin AutoJM Mag","isPartOf":{"@id":"https:\/\/www.autojm.fr\/blog\/#website"},"primaryImageOfPage":{"@id":"https:\/\/www.autojm.fr\/blog\/peugeot-308-vs-renault-megane-un-combat-sans-fin\/#primaryimage"},"image":{"@id":"https:\/\/www.autojm.fr\/blog\/peugeot-308-vs-renault-megane-un-combat-sans-fin\/#primaryimage"},"thumbnailUrl":"https:\/\/www.autojm.fr\/blog\/wp-content\/uploads\/2022\/10\/417.jpg","datePublished":"2017-07-18T00:00:00+00:00","dateModified":"2023-09-15T12:19:35+00:00","description":"La Peugeot 308 reste l'imbattable mod\u00e8le fran\u00e7ais, ce qui prouve que les Fran\u00e7aises peuvent aussi monter en gamme ! En effet, il est...","breadcrumb":{"@id":"https:\/\/www.autojm.fr\/blog\/peugeot-308-vs-renault-megane-un-combat-sans-fin\/#breadcrumb"},"inLanguage":"fr-FR","potentialAction":[{"@type":"ReadAction","target":["https:\/\/www.autojm.fr\/blog\/peugeot-308-vs-renault-megane-un-combat-sans-fin\/"]}]},{"@type":"ImageObject","inLanguage":"fr-FR","@id":"https:\/\/www.autojm.fr\/blog\/peugeot-308-vs-renault-megane-un-combat-sans-fin\/#primaryimage","url":"https:\/\/www.autojm.fr\/blog\/wp-content\/uploads\/2022\/10\/417.jpg","contentUrl":"https:\/\/www.autojm.fr\/blog\/wp-content\/uploads\/2022\/10\/417.jpg","width":940,"height":626,"caption":"Peugeot 308 vs Renault M\u00e9gane"},{"@type":"BreadcrumbList","@id":"https:\/\/www.autojm.fr\/blog\/peugeot-308-vs-renault-megane-un-combat-sans-fin\/#breadcrumb","itemListElement":[{"@type":"ListItem","position":1,"name":"Accueil","item":"https:\/\/www.autojm.fr\/blog\/"},{"@type":"ListItem","position":2,"name":"Comparatifs","item":"https:\/\/www.autojm.fr\/blog\/comparatifs\/"},{"@type":"ListItem","position":3,"name":"Peugeot 308 VS Renault M\u00e9gane : un combat sans fin"}]},{"@type":"WebSite","@id":"https:\/\/www.autojm.fr\/blog\/#website","url":"https:\/\/www.autojm.fr\/blog\/","name":"AutoJM Mag","description":"Toute l&#039;actu auto en 1 clic !","publisher":{"@id":"https:\/\/www.autojm.fr\/blog\/#organization"},"potentialAction":[{"@type":"SearchAction","target":{"@type":"EntryPoint","urlTemplate":"https:\/\/www.autojm.fr\/blog\/?s={search_term_string}"},"query-input":{"@type":"PropertyValueSpecification","valueRequired":true,"valueName":"search_term_string"}}],"inLanguage":"fr-FR"},{"@type":"Organization","@id":"https:\/\/www.autojm.fr\/blog\/#organization","name":"AutoJM Mag","url":"https:\/\/www.autojm.fr\/blog\/","logo":{"@type":"ImageObject","inLanguage":"fr-FR","@id":"https:\/\/www.autojm.fr\/blog\/#\/schema\/logo\/image\/","url":"https:\/\/www.autojm.fr\/blog\/wp-content\/uploads\/2022\/12\/cropped-AutoJMag-png.png","contentUrl":"https:\/\/www.autojm.fr\/blog\/wp-content\/uploads\/2022\/12\/cropped-AutoJMag-png.png","width":2834,"height":585,"caption":"AutoJM Mag"},"image":{"@id":"https:\/\/www.autojm.fr\/blog\/#\/schema\/logo\/image\/"},"sameAs":["https:\/\/www.facebook.com\/AutoJM25"]},{"@type":"Person","@id":"https:\/\/www.autojm.fr\/blog\/#\/schema\/person\/9742bc77541853e0de81fc57f947e1a0","name":"Autojm","image":{"@type":"ImageObject","inLanguage":"fr-FR","@id":"https:\/\/secure.gravatar.com\/avatar\/9a959d52b758fcc232fe4b6aca7bab139182573297122cce7d6f2ee0e537b418?s=96&d=mm&r=g","url":"https:\/\/secure.gravatar.com\/avatar\/9a959d52b758fcc232fe4b6aca7bab139182573297122cce7d6f2ee0e537b418?s=96&d=mm&r=g","contentUrl":"https:\/\/secure.gravatar.com\/avatar\/9a959d52b758fcc232fe4b6aca7bab139182573297122cce7d6f2ee0e537b418?s=96&d=mm&r=g","caption":"Autojm"},"sameAs":["https:\/\/www.autojm.fr\/blog"],"url":"https:\/\/www.autojm.fr\/blog\/author\/bichoi\/"}]}},"_links":{"self":[{"href":"https:\/\/www.autojm.fr\/blog\/wp-json\/wp\/v2\/posts\/3694","targetHints":{"allow":["GET"]}}],"collection":[{"href":"https:\/\/www.autojm.fr\/blog\/wp-json\/wp\/v2\/posts"}],"about":[{"href":"https:\/\/www.autojm.fr\/blog\/wp-json\/wp\/v2\/types\/post"}],"author":[{"embeddable":true,"href":"https:\/\/www.autojm.fr\/blog\/wp-json\/wp\/v2\/users\/1"}],"replies":[{"embeddable":true,"href":"https:\/\/www.autojm.fr\/blog\/wp-json\/wp\/v2\/comments?post=3694"}],"version-history":[{"count":5,"href":"https:\/\/www.autojm.fr\/blog\/wp-json\/wp\/v2\/posts\/3694\/revisions"}],"predecessor-version":[{"id":12709,"href":"https:\/\/www.autojm.fr\/blog\/wp-json\/wp\/v2\/posts\/3694\/revisions\/12709"}],"wp:featuredmedia":[{"embeddable":true,"href":"https:\/\/www.autojm.fr\/blog\/wp-json\/wp\/v2\/media\/5754"}],"wp:attachment":[{"href":"https:\/\/www.autojm.fr\/blog\/wp-json\/wp\/v2\/media?parent=3694"}],"wp:term":[{"taxonomy":"category","embeddable":true,"href":"https:\/\/www.autojm.fr\/blog\/wp-json\/wp\/v2\/categories?post=3694"},{"taxonomy":"post_tag","embeddable":true,"href":"https:\/\/www.autojm.fr\/blog\/wp-json\/wp\/v2\/tags?post=3694"}],"curies":[{"name":"wp","href":"https:\/\/api.w.org\/{rel}","templated":true}]}}