{"id":3691,"date":"2017-09-11T00:00:00","date_gmt":"2017-09-11T00:00:00","guid":{"rendered":"https:\/\/www.autojm.fr\/blog\/nouveau-c3-aircross-jusqua-90-possibilites-de-personnalisation\/"},"modified":"2023-04-18T13:27:54","modified_gmt":"2023-04-18T13:27:54","slug":"nouveau-c3-aircross-jusqua-90-possibilites-de-personnalisation","status":"publish","type":"post","link":"https:\/\/www.autojm.fr\/blog\/nouveau-c3-aircross-jusqua-90-possibilites-de-personnalisation\/","title":{"rendered":"Nouveau C3 Aircross : jusqu\u2019\u00e0 90 possibilit\u00e9s de personnalisation !"},"content":{"rendered":"<p dir=\"ltr\" style=\"line-height: 1.38; margin-top: 0pt; margin-bottom: 0pt; text-align: justify;\">\n<p dir=\"ltr\" style=\"line-height: 1.38; margin-top: 0pt; margin-bottom: 0pt; text-align: justify;\">\n<p dir=\"ltr\" style=\"line-height: 1.38; margin-top: 0pt; margin-bottom: 0pt; text-align: justify;\"><span id=\"docs-internal-guid-659cb4fc-a09c-241c-63a7-373bfb965bef\"><span style=\"font-size: 12pt; font-family: Arial; color: #000000; background-color: transparent; vertical-align: baseline; white-space: pre-wrap;\">Ce lundi 12 juin, la marque Citro\u00ebn d\u00e9voilait son nouveau SUV, le <a href=\"https:\/\/www.autojm.fr\/achat-voitures-neuves-citroen-nouveau-c3-aircross-5p\">Citro\u00ebn C3 Aircross<\/a>. M\u00e9lange de C4 Cactus, C3 et C5 Aircross, le SUV adopte les codes de la marque pour un design r\u00e9ussi, qui m\u00e9lange modernit\u00e9 et s\u00e9duction. Les commandes d\u00e9buteront au mois de juillet. En attendant, voici ce que l&rsquo;on sait du nouveau bijou de Citro\u00ebn\u2026<\/span><\/span><\/p>\n<p dir=\"ltr\" style=\"line-height: 1.38; margin-top: 0pt; margin-bottom: 0pt; text-align: justify;\">\n<p dir=\"ltr\" style=\"line-height: 1.38; margin-top: 0pt; margin-bottom: 0pt; text-align: justify;\"><span style=\"background-color: transparent; color: #000000; font-family: Arial; font-size: 12pt; white-space: pre-wrap;\">Le nouveau <strong>SUV de Citro\u00ebn <\/strong>tant attendu a enfin \u00e9t\u00e9 d\u00e9voil\u00e9. Au programme : un look moderne avec de nombreuses possibilit\u00e9s de personnalisation, un confort digne d&rsquo;un monospace et de nombreuses technologies. Ext\u00e9rieurement, le mod\u00e8le est imposant et nul ne pourrait l&rsquo;ignorer : ses grandes roues, sa garde au sol \u00e9lev\u00e9e et ses ailes rebondies en font un mod\u00e8le muscl\u00e9 et robuste. A la fois haut et large, il a \u00e9t\u00e9 pens\u00e9 pour r\u00e9volutionner le march\u00e9 des SUV mais surtout correspondre aux attentes des consommateurs : son look est moderne et ses coloris sont \u00e9l\u00e9gantes, sa face avant \u00e0 double \u00e9tage reprend les codes de la marque, tout comme les passages de roues qui semblent en harmonie parfaite avec les projecteurs et feux. <\/span><\/p>\n<p dir=\"ltr\" style=\"line-height: 1.38; margin-top: 0pt; margin-bottom: 0pt; text-align: justify;\">\n<p dir=\"ltr\" style=\"line-height: 1.38; margin-top: 0pt; margin-bottom: 0pt; text-align: justify;\"><span style=\"background-color: transparent; color: #000000; font-family: Arial; font-size: 12pt; white-space: pre-wrap;\">D\u00e9finit comme un SUV compact, il semble avoir \u00e9galement des atouts dignes d&rsquo;un monospace : un pare-brise avanc\u00e9 qui met en valeur sa grande habitabilit\u00e9, des si\u00e8ges larges et moelleux au dessin horizontal, et jusqu&rsquo;\u00e0 520 litres de chargement gr\u00e2ce \u00e0 une banquette arri\u00e8re coulissante sur 15 cm, munie de si\u00e8ges individuels coulissants et rabattables. <\/span><\/p>\n<p dir=\"ltr\" style=\"line-height: 1.38; margin-top: 0pt; margin-bottom: 0pt; text-align: justify;\">\n<p dir=\"ltr\" style=\"line-height: 1.38; margin-top: 0pt; margin-bottom: 0pt; text-align: justify;\">\n<p dir=\"ltr\" style=\"line-height: 1.38; margin-top: 0pt; margin-bottom: 0pt; text-align: justify;\"><span style=\"background-color: transparent; color: #000000; font-family: Arial; font-size: 12pt; white-space: pre-wrap;\">Malgr\u00e9 ces atouts, le nouveau C3 Aircross garde les caract\u00e9ristiques d&rsquo;un SUV s\u00e9duisant : un capot court et puissant, une position de conduite \u00e9lev\u00e9e avec un affichage t\u00eate haute, et en nouveaut\u00e9 une ligne de ceinture haute, pour un sentiment de s\u00e9curit\u00e9 renforc\u00e9. <\/span><\/p>\n<p dir=\"ltr\" style=\"line-height: 1.38; margin-top: 0pt; margin-bottom: 0pt; text-align: justify;\">\n<p dir=\"ltr\" style=\"line-height: 1.38; margin-top: 0pt; margin-bottom: 0pt; text-align: justify;\"><span style=\"background-color: transparent; color: #000000; font-family: Arial; font-size: 12pt; white-space: pre-wrap;\">Si le mod\u00e8le a de quoi plaire question design, il se dote \u00e9galement d&rsquo;atouts importants du point de vue technologique pour les futurs conducteurs : un \u00e9cran 7 pouces avec navigation 3D int\u00e9gr\u00e9e, le grip control, 5 modes de conduite divers, l&rsquo;assistance au d\u00e9marrage mais \u00e9galement l&rsquo;assistant au maintien dans sa file et la d\u00e9tection de somnolence. A l&rsquo;int\u00e9rieur, la planche de bord garde elle aussi les codes de la marque avec un dessin horizontal : en prime, la console centrale dispara\u00eet dans le cockpit et r\u00e9appara\u00eet au d\u00e9marrage du v\u00e9hicule.<\/span><\/p>\n<p dir=\"ltr\" style=\"line-height: 1.38; margin-top: 0pt; margin-bottom: 0pt; text-align: justify;\">\n<p dir=\"ltr\" style=\"line-height: 1.38; margin-top: 0pt; margin-bottom: 0pt; text-align: justify;\"><span style=\"background-color: transparent; color: #000000; font-family: Arial; font-size: 12pt; white-space: pre-wrap;\">Le<strong> nouveau Citro\u00ebn C3 Aircross <\/strong><\/span><span style=\"background-color: transparent; color: #000000; font-family: Arial; font-size: 12pt; white-space: pre-wrap;\">a tout pour plaire. Mais \u00e7a ne s&rsquo;arr\u00eate pas l\u00e0 ! Pour continuer \u00e0 d\u00e9velopper ses v\u00e9hicules de fa\u00e7on \u00e0 plaire \u00e0 une large client\u00e8le, la marque Citro\u00ebn offre sur ce C3 Aircross 90 possibilit\u00e9s de personnalisation, et 5 finitions int\u00e9rieures ! De quoi customiser votre v\u00e9hicule pour qu&rsquo;il corresponde parfaitement \u00e0 vos attentes. <\/span><\/p>\n<p dir=\"ltr\" style=\"line-height: 1.38; margin-top: 0pt; margin-bottom: 0pt; text-align: justify;\">\n<p dir=\"ltr\" style=\"line-height: 1.38; margin-top: 0pt; margin-bottom: 0pt; text-align: justify;\"><span style=\"background-color: transparent; color: #000000; font-family: Arial; font-size: 12pt; white-space: pre-wrap;\">Si le <strong>nouveau C3 Aircross <\/strong>a attis\u00e9 la curiosit\u00e9 de bon nombre de particuliers et professionnels lors de sa pr\u00e9sentation, on peut s&rsquo;attendre \u00e0 un succ\u00e8s bien m\u00e9rit\u00e9 d\u00e8s sa commercialisation (en juillet). Le SUV compact sera visible sur les routes d&rsquo;ici la fin de l&rsquo;ann\u00e9e. <\/span><\/p>\n<p dir=\"ltr\" style=\"line-height: 1.38; margin-top: 0pt; margin-bottom: 0pt; text-align: justify;\">\n<h3 dir=\"ltr\" style=\"line-height: 1.38; margin-top: 0pt; margin-bottom: 0pt; text-align: justify;\"><span style=\"background-color: transparent; color: #000000; font-family: Arial; font-size: 12pt; white-space: pre-wrap;\">Depuis Septembre, le C3 Aircross est disponible chez AutoJM.<\/span><\/h3>\n<p dir=\"ltr\" style=\"line-height: 1.38; margin-top: 0pt; margin-bottom: 0pt; text-align: justify;\">D\u00e9couvrez d\u00e8s aujourd&rsquo;hui les tarifs du C3 Aircross et sa multitude de possibilit\u00e9 : finition, motorisation ou encore coloris !<\/p>\n<p dir=\"ltr\" style=\"line-height: 1.38; margin-top: 0pt; margin-bottom: 0pt; text-align: justify;\">\n<p dir=\"ltr\">\n<p dir=\"ltr\" style=\"line-height: 1.38; margin-top: 0pt; margin-bottom: 0pt; text-align: justify;\"><strong><u>Nouveau C3 Aircross Live<\/u> <\/strong>: Disponible dans un premier temps en motorisation Puretech 82, celui-ci propose de s\u00e9rie le Pack Safety, la climatisation manuelle ou encore une sellerie tissu \u00ab\u00a0Mica Grey\u00a0\u00bb.<\/p>\n<p dir=\"ltr\">\n<h4 dir=\"ltr\" style=\"line-height: 1.38; margin-top: 0pt; margin-bottom: 0pt; text-align: justify;\"><\/h4>\n<p dir=\"ltr\" style=\"line-height: 1.38; margin-top: 0pt; margin-bottom: 0pt; text-align: justify;\"><u><strong>Nouveau SUV C3 Aircross Feel <\/strong><\/u>: Disponible en Essence (82 et 110) et en version Diesel (100 et 120), cette finition proposera \u00e9galement la boite automatique sur la motorisation 100 EAT6. Cette finition inclura le Pack Auto, Si\u00e8ges chauffants (2 \u00e9quipements propos\u00e9s de base uniquement chez AutoJM) ainsi que le Citro\u00ebn Connect Radio sur tablette 7 pouces.<\/p>\n<p><u><strong>SUV C3 Aircross Shine<\/strong><\/u> : La finition Shine sur votre SUV est disponible en Puretech 110 et 110 EAT6 et en HDI 120. Cette finition haut de gamme inclue la climatisation automatique, le Citro\u00ebn Connect Box, les jantes 17 pouces ou encore la fonction Mirror screen sur la tablette 7 pouces.<\/p>\n<p>Vid\u00e9o : D\u00e9couvrez les coloris disponibles sur C3 Aircross<\/p>\n<p><iframe loading=\"lazy\" src=\"https:\/\/www.youtube.com\/embed\/sUNEv7XZiYE\" width=\"560\" height=\"315\" allowfullscreen=\"allowfullscreen\"><\/iframe><\/p>\n","protected":false},"excerpt":{"rendered":"<p>Ce lundi 12 juin, la marque Citro\u00ebn d\u00e9voilait son nouveau SUV, le Citro\u00ebn C3 Aircross. M\u00e9lange de C4 cactus, C3 et C5 Aircross, le SUV adopte les codes de la marque pour un design r\u00e9ussi, qui m\u00e9lange modernit\u00e9 et s\u00e9duction. Les commandes d\u00e9buteront au mois de juillet. En attendant, voici ce que l&rsquo;on sait du nouveau bijou de Citro\u00ebn\u2026<\/p>\n","protected":false},"author":1,"featured_media":5751,"comment_status":"open","ping_status":"open","sticky":false,"template":"","format":"standard","meta":{"_acf_changed":false,"content-type":"","footnotes":""},"categories":[236,61],"tags":[90,79,184],"class_list":["post-3691","post","type-post","status-publish","format-standard","has-post-thumbnail","hentry","category-nouveaute-citroen","category-nouveautes-autos","tag-autojm","tag-citroen","tag-citroen-nouveau-c3-aircross"],"acf":[],"yoast_head":"<!-- This site is optimized with the Yoast SEO plugin v27.5 - https:\/\/yoast.com\/product\/yoast-seo-wordpress\/ -->\n<title>Nouveau C3 Aircross : jusqu\u2019\u00e0 90 possibilit\u00e9s de personnalisation !<\/title>\n<meta name=\"description\" content=\"Ce lundi 12 juin, la marque Citro\u00ebn d\u00e9voilait son nouveau SUV, le Citro\u00ebn C3 Aircross. M\u00e9lange de C4 Cactus, C3 et C5 Aircross, le SUV...\" \/>\n<meta name=\"robots\" content=\"index, follow, max-snippet:-1, max-image-preview:large, max-video-preview:-1\" \/>\n<link rel=\"canonical\" href=\"https:\/\/www.autojm.fr\/blog\/nouveau-c3-aircross-jusqua-90-possibilites-de-personnalisation\/\" \/>\n<meta property=\"og:locale\" content=\"fr_FR\" \/>\n<meta property=\"og:type\" content=\"article\" \/>\n<meta property=\"og:title\" content=\"Nouveau C3 Aircross : jusqu\u2019\u00e0 90 possibilit\u00e9s de personnalisation !\" \/>\n<meta property=\"og:description\" content=\"Ce lundi 12 juin, la marque Citro\u00ebn d\u00e9voilait son nouveau SUV, le Citro\u00ebn C3 Aircross. M\u00e9lange de C4 Cactus, C3 et C5 Aircross, le SUV...\" \/>\n<meta property=\"og:url\" content=\"https:\/\/www.autojm.fr\/blog\/nouveau-c3-aircross-jusqua-90-possibilites-de-personnalisation\/\" \/>\n<meta property=\"og:site_name\" content=\"AutoJM Mag\" \/>\n<meta property=\"article:publisher\" content=\"https:\/\/www.facebook.com\/AutoJM25\" \/>\n<meta property=\"article:published_time\" content=\"2017-09-11T00:00:00+00:00\" \/>\n<meta property=\"article:modified_time\" content=\"2023-04-18T13:27:54+00:00\" \/>\n<meta property=\"og:image\" content=\"https:\/\/www.autojm.fr\/blog\/wp-content\/uploads\/2022\/10\/414.jpg\" \/>\n\t<meta property=\"og:image:width\" content=\"1024\" \/>\n\t<meta property=\"og:image:height\" content=\"576\" \/>\n\t<meta property=\"og:image:type\" content=\"image\/jpeg\" \/>\n<meta name=\"author\" content=\"Autojm\" \/>\n<meta name=\"twitter:card\" content=\"summary_large_image\" \/>\n<meta name=\"twitter:label1\" content=\"\u00c9crit par\" \/>\n\t<meta name=\"twitter:data1\" content=\"Autojm\" \/>\n\t<meta name=\"twitter:label2\" content=\"Dur\u00e9e de lecture estim\u00e9e\" \/>\n\t<meta name=\"twitter:data2\" content=\"4 minutes\" \/>\n<script type=\"application\/ld+json\" class=\"yoast-schema-graph\">{\"@context\":\"https:\\\/\\\/schema.org\",\"@graph\":[{\"@type\":\"Article\",\"@id\":\"https:\\\/\\\/www.autojm.fr\\\/blog\\\/nouveau-c3-aircross-jusqua-90-possibilites-de-personnalisation\\\/#article\",\"isPartOf\":{\"@id\":\"https:\\\/\\\/www.autojm.fr\\\/blog\\\/nouveau-c3-aircross-jusqua-90-possibilites-de-personnalisation\\\/\"},\"author\":{\"name\":\"Autojm\",\"@id\":\"https:\\\/\\\/www.autojm.fr\\\/blog\\\/#\\\/schema\\\/person\\\/9742bc77541853e0de81fc57f947e1a0\"},\"headline\":\"Nouveau C3 Aircross : jusqu\u2019\u00e0 90 possibilit\u00e9s de personnalisation !\",\"datePublished\":\"2017-09-11T00:00:00+00:00\",\"dateModified\":\"2023-04-18T13:27:54+00:00\",\"mainEntityOfPage\":{\"@id\":\"https:\\\/\\\/www.autojm.fr\\\/blog\\\/nouveau-c3-aircross-jusqua-90-possibilites-de-personnalisation\\\/\"},\"wordCount\":682,\"commentCount\":0,\"publisher\":{\"@id\":\"https:\\\/\\\/www.autojm.fr\\\/blog\\\/#organization\"},\"image\":{\"@id\":\"https:\\\/\\\/www.autojm.fr\\\/blog\\\/nouveau-c3-aircross-jusqua-90-possibilites-de-personnalisation\\\/#primaryimage\"},\"thumbnailUrl\":\"https:\\\/\\\/www.autojm.fr\\\/blog\\\/wp-content\\\/uploads\\\/2022\\\/10\\\/414.jpg\",\"keywords\":[\"autojm\",\"citroen\",\"Citro\u00ebn Nouveau C3 Aircross\"],\"articleSection\":[\"Nouveaut\u00e9 Citro\u00ebn\",\"Nouveaut\u00e9s Autos\"],\"inLanguage\":\"fr-FR\",\"potentialAction\":[{\"@type\":\"CommentAction\",\"name\":\"Comment\",\"target\":[\"https:\\\/\\\/www.autojm.fr\\\/blog\\\/nouveau-c3-aircross-jusqua-90-possibilites-de-personnalisation\\\/#respond\"]}]},{\"@type\":\"WebPage\",\"@id\":\"https:\\\/\\\/www.autojm.fr\\\/blog\\\/nouveau-c3-aircross-jusqua-90-possibilites-de-personnalisation\\\/\",\"url\":\"https:\\\/\\\/www.autojm.fr\\\/blog\\\/nouveau-c3-aircross-jusqua-90-possibilites-de-personnalisation\\\/\",\"name\":\"Nouveau C3 Aircross : jusqu\u2019\u00e0 90 possibilit\u00e9s de personnalisation !\",\"isPartOf\":{\"@id\":\"https:\\\/\\\/www.autojm.fr\\\/blog\\\/#website\"},\"primaryImageOfPage\":{\"@id\":\"https:\\\/\\\/www.autojm.fr\\\/blog\\\/nouveau-c3-aircross-jusqua-90-possibilites-de-personnalisation\\\/#primaryimage\"},\"image\":{\"@id\":\"https:\\\/\\\/www.autojm.fr\\\/blog\\\/nouveau-c3-aircross-jusqua-90-possibilites-de-personnalisation\\\/#primaryimage\"},\"thumbnailUrl\":\"https:\\\/\\\/www.autojm.fr\\\/blog\\\/wp-content\\\/uploads\\\/2022\\\/10\\\/414.jpg\",\"datePublished\":\"2017-09-11T00:00:00+00:00\",\"dateModified\":\"2023-04-18T13:27:54+00:00\",\"description\":\"Ce lundi 12 juin, la marque Citro\u00ebn d\u00e9voilait son nouveau SUV, le Citro\u00ebn C3 Aircross. M\u00e9lange de C4 Cactus, C3 et C5 Aircross, le SUV...\",\"breadcrumb\":{\"@id\":\"https:\\\/\\\/www.autojm.fr\\\/blog\\\/nouveau-c3-aircross-jusqua-90-possibilites-de-personnalisation\\\/#breadcrumb\"},\"inLanguage\":\"fr-FR\",\"potentialAction\":[{\"@type\":\"ReadAction\",\"target\":[\"https:\\\/\\\/www.autojm.fr\\\/blog\\\/nouveau-c3-aircross-jusqua-90-possibilites-de-personnalisation\\\/\"]}]},{\"@type\":\"ImageObject\",\"inLanguage\":\"fr-FR\",\"@id\":\"https:\\\/\\\/www.autojm.fr\\\/blog\\\/nouveau-c3-aircross-jusqua-90-possibilites-de-personnalisation\\\/#primaryimage\",\"url\":\"https:\\\/\\\/www.autojm.fr\\\/blog\\\/wp-content\\\/uploads\\\/2022\\\/10\\\/414.jpg\",\"contentUrl\":\"https:\\\/\\\/www.autojm.fr\\\/blog\\\/wp-content\\\/uploads\\\/2022\\\/10\\\/414.jpg\",\"width\":1024,\"height\":576,\"caption\":\"Nouveau C3 Aircross\"},{\"@type\":\"BreadcrumbList\",\"@id\":\"https:\\\/\\\/www.autojm.fr\\\/blog\\\/nouveau-c3-aircross-jusqua-90-possibilites-de-personnalisation\\\/#breadcrumb\",\"itemListElement\":[{\"@type\":\"ListItem\",\"position\":1,\"name\":\"Accueil\",\"item\":\"https:\\\/\\\/www.autojm.fr\\\/blog\\\/\"},{\"@type\":\"ListItem\",\"position\":2,\"name\":\"Nouveaut\u00e9s Autos\",\"item\":\"https:\\\/\\\/www.autojm.fr\\\/blog\\\/nouveautes-autos\\\/\"},{\"@type\":\"ListItem\",\"position\":3,\"name\":\"Nouveau C3 Aircross : jusqu\u2019\u00e0 90 possibilit\u00e9s de personnalisation !\"}]},{\"@type\":\"WebSite\",\"@id\":\"https:\\\/\\\/www.autojm.fr\\\/blog\\\/#website\",\"url\":\"https:\\\/\\\/www.autojm.fr\\\/blog\\\/\",\"name\":\"AutoJM Mag\",\"description\":\"Toute l&#039;actu auto en 1 clic !\",\"publisher\":{\"@id\":\"https:\\\/\\\/www.autojm.fr\\\/blog\\\/#organization\"},\"potentialAction\":[{\"@type\":\"SearchAction\",\"target\":{\"@type\":\"EntryPoint\",\"urlTemplate\":\"https:\\\/\\\/www.autojm.fr\\\/blog\\\/?s={search_term_string}\"},\"query-input\":{\"@type\":\"PropertyValueSpecification\",\"valueRequired\":true,\"valueName\":\"search_term_string\"}}],\"inLanguage\":\"fr-FR\"},{\"@type\":\"Organization\",\"@id\":\"https:\\\/\\\/www.autojm.fr\\\/blog\\\/#organization\",\"name\":\"AutoJM Mag\",\"url\":\"https:\\\/\\\/www.autojm.fr\\\/blog\\\/\",\"logo\":{\"@type\":\"ImageObject\",\"inLanguage\":\"fr-FR\",\"@id\":\"https:\\\/\\\/www.autojm.fr\\\/blog\\\/#\\\/schema\\\/logo\\\/image\\\/\",\"url\":\"https:\\\/\\\/www.autojm.fr\\\/blog\\\/wp-content\\\/uploads\\\/2022\\\/12\\\/cropped-AutoJMag-png.png\",\"contentUrl\":\"https:\\\/\\\/www.autojm.fr\\\/blog\\\/wp-content\\\/uploads\\\/2022\\\/12\\\/cropped-AutoJMag-png.png\",\"width\":2834,\"height\":585,\"caption\":\"AutoJM Mag\"},\"image\":{\"@id\":\"https:\\\/\\\/www.autojm.fr\\\/blog\\\/#\\\/schema\\\/logo\\\/image\\\/\"},\"sameAs\":[\"https:\\\/\\\/www.facebook.com\\\/AutoJM25\"]},{\"@type\":\"Person\",\"@id\":\"https:\\\/\\\/www.autojm.fr\\\/blog\\\/#\\\/schema\\\/person\\\/9742bc77541853e0de81fc57f947e1a0\",\"name\":\"Autojm\",\"image\":{\"@type\":\"ImageObject\",\"inLanguage\":\"fr-FR\",\"@id\":\"https:\\\/\\\/secure.gravatar.com\\\/avatar\\\/9a959d52b758fcc232fe4b6aca7bab139182573297122cce7d6f2ee0e537b418?s=96&d=mm&r=g\",\"url\":\"https:\\\/\\\/secure.gravatar.com\\\/avatar\\\/9a959d52b758fcc232fe4b6aca7bab139182573297122cce7d6f2ee0e537b418?s=96&d=mm&r=g\",\"contentUrl\":\"https:\\\/\\\/secure.gravatar.com\\\/avatar\\\/9a959d52b758fcc232fe4b6aca7bab139182573297122cce7d6f2ee0e537b418?s=96&d=mm&r=g\",\"caption\":\"Autojm\"},\"sameAs\":[\"https:\\\/\\\/www.autojm.fr\\\/blog\"],\"url\":\"https:\\\/\\\/www.autojm.fr\\\/blog\\\/author\\\/bichoi\\\/\"}]}<\/script>\n<!-- \/ Yoast SEO plugin. -->","yoast_head_json":{"title":"Nouveau C3 Aircross : jusqu\u2019\u00e0 90 possibilit\u00e9s de personnalisation !","description":"Ce lundi 12 juin, la marque Citro\u00ebn d\u00e9voilait son nouveau SUV, le Citro\u00ebn C3 Aircross. M\u00e9lange de C4 Cactus, C3 et C5 Aircross, le SUV...","robots":{"index":"index","follow":"follow","max-snippet":"max-snippet:-1","max-image-preview":"max-image-preview:large","max-video-preview":"max-video-preview:-1"},"canonical":"https:\/\/www.autojm.fr\/blog\/nouveau-c3-aircross-jusqua-90-possibilites-de-personnalisation\/","og_locale":"fr_FR","og_type":"article","og_title":"Nouveau C3 Aircross : jusqu\u2019\u00e0 90 possibilit\u00e9s de personnalisation !","og_description":"Ce lundi 12 juin, la marque Citro\u00ebn d\u00e9voilait son nouveau SUV, le Citro\u00ebn C3 Aircross. M\u00e9lange de C4 Cactus, C3 et C5 Aircross, le SUV...","og_url":"https:\/\/www.autojm.fr\/blog\/nouveau-c3-aircross-jusqua-90-possibilites-de-personnalisation\/","og_site_name":"AutoJM Mag","article_publisher":"https:\/\/www.facebook.com\/AutoJM25","article_published_time":"2017-09-11T00:00:00+00:00","article_modified_time":"2023-04-18T13:27:54+00:00","og_image":[{"width":1024,"height":576,"url":"https:\/\/www.autojm.fr\/blog\/wp-content\/uploads\/2022\/10\/414.jpg","type":"image\/jpeg"}],"author":"Autojm","twitter_card":"summary_large_image","twitter_misc":{"\u00c9crit par":"Autojm","Dur\u00e9e de lecture estim\u00e9e":"4 minutes"},"schema":{"@context":"https:\/\/schema.org","@graph":[{"@type":"Article","@id":"https:\/\/www.autojm.fr\/blog\/nouveau-c3-aircross-jusqua-90-possibilites-de-personnalisation\/#article","isPartOf":{"@id":"https:\/\/www.autojm.fr\/blog\/nouveau-c3-aircross-jusqua-90-possibilites-de-personnalisation\/"},"author":{"name":"Autojm","@id":"https:\/\/www.autojm.fr\/blog\/#\/schema\/person\/9742bc77541853e0de81fc57f947e1a0"},"headline":"Nouveau C3 Aircross : jusqu\u2019\u00e0 90 possibilit\u00e9s de personnalisation !","datePublished":"2017-09-11T00:00:00+00:00","dateModified":"2023-04-18T13:27:54+00:00","mainEntityOfPage":{"@id":"https:\/\/www.autojm.fr\/blog\/nouveau-c3-aircross-jusqua-90-possibilites-de-personnalisation\/"},"wordCount":682,"commentCount":0,"publisher":{"@id":"https:\/\/www.autojm.fr\/blog\/#organization"},"image":{"@id":"https:\/\/www.autojm.fr\/blog\/nouveau-c3-aircross-jusqua-90-possibilites-de-personnalisation\/#primaryimage"},"thumbnailUrl":"https:\/\/www.autojm.fr\/blog\/wp-content\/uploads\/2022\/10\/414.jpg","keywords":["autojm","citroen","Citro\u00ebn Nouveau C3 Aircross"],"articleSection":["Nouveaut\u00e9 Citro\u00ebn","Nouveaut\u00e9s Autos"],"inLanguage":"fr-FR","potentialAction":[{"@type":"CommentAction","name":"Comment","target":["https:\/\/www.autojm.fr\/blog\/nouveau-c3-aircross-jusqua-90-possibilites-de-personnalisation\/#respond"]}]},{"@type":"WebPage","@id":"https:\/\/www.autojm.fr\/blog\/nouveau-c3-aircross-jusqua-90-possibilites-de-personnalisation\/","url":"https:\/\/www.autojm.fr\/blog\/nouveau-c3-aircross-jusqua-90-possibilites-de-personnalisation\/","name":"Nouveau C3 Aircross : jusqu\u2019\u00e0 90 possibilit\u00e9s de personnalisation !","isPartOf":{"@id":"https:\/\/www.autojm.fr\/blog\/#website"},"primaryImageOfPage":{"@id":"https:\/\/www.autojm.fr\/blog\/nouveau-c3-aircross-jusqua-90-possibilites-de-personnalisation\/#primaryimage"},"image":{"@id":"https:\/\/www.autojm.fr\/blog\/nouveau-c3-aircross-jusqua-90-possibilites-de-personnalisation\/#primaryimage"},"thumbnailUrl":"https:\/\/www.autojm.fr\/blog\/wp-content\/uploads\/2022\/10\/414.jpg","datePublished":"2017-09-11T00:00:00+00:00","dateModified":"2023-04-18T13:27:54+00:00","description":"Ce lundi 12 juin, la marque Citro\u00ebn d\u00e9voilait son nouveau SUV, le Citro\u00ebn C3 Aircross. M\u00e9lange de C4 Cactus, C3 et C5 Aircross, le SUV...","breadcrumb":{"@id":"https:\/\/www.autojm.fr\/blog\/nouveau-c3-aircross-jusqua-90-possibilites-de-personnalisation\/#breadcrumb"},"inLanguage":"fr-FR","potentialAction":[{"@type":"ReadAction","target":["https:\/\/www.autojm.fr\/blog\/nouveau-c3-aircross-jusqua-90-possibilites-de-personnalisation\/"]}]},{"@type":"ImageObject","inLanguage":"fr-FR","@id":"https:\/\/www.autojm.fr\/blog\/nouveau-c3-aircross-jusqua-90-possibilites-de-personnalisation\/#primaryimage","url":"https:\/\/www.autojm.fr\/blog\/wp-content\/uploads\/2022\/10\/414.jpg","contentUrl":"https:\/\/www.autojm.fr\/blog\/wp-content\/uploads\/2022\/10\/414.jpg","width":1024,"height":576,"caption":"Nouveau C3 Aircross"},{"@type":"BreadcrumbList","@id":"https:\/\/www.autojm.fr\/blog\/nouveau-c3-aircross-jusqua-90-possibilites-de-personnalisation\/#breadcrumb","itemListElement":[{"@type":"ListItem","position":1,"name":"Accueil","item":"https:\/\/www.autojm.fr\/blog\/"},{"@type":"ListItem","position":2,"name":"Nouveaut\u00e9s Autos","item":"https:\/\/www.autojm.fr\/blog\/nouveautes-autos\/"},{"@type":"ListItem","position":3,"name":"Nouveau C3 Aircross : jusqu\u2019\u00e0 90 possibilit\u00e9s de personnalisation !"}]},{"@type":"WebSite","@id":"https:\/\/www.autojm.fr\/blog\/#website","url":"https:\/\/www.autojm.fr\/blog\/","name":"AutoJM Mag","description":"Toute l&#039;actu auto en 1 clic !","publisher":{"@id":"https:\/\/www.autojm.fr\/blog\/#organization"},"potentialAction":[{"@type":"SearchAction","target":{"@type":"EntryPoint","urlTemplate":"https:\/\/www.autojm.fr\/blog\/?s={search_term_string}"},"query-input":{"@type":"PropertyValueSpecification","valueRequired":true,"valueName":"search_term_string"}}],"inLanguage":"fr-FR"},{"@type":"Organization","@id":"https:\/\/www.autojm.fr\/blog\/#organization","name":"AutoJM Mag","url":"https:\/\/www.autojm.fr\/blog\/","logo":{"@type":"ImageObject","inLanguage":"fr-FR","@id":"https:\/\/www.autojm.fr\/blog\/#\/schema\/logo\/image\/","url":"https:\/\/www.autojm.fr\/blog\/wp-content\/uploads\/2022\/12\/cropped-AutoJMag-png.png","contentUrl":"https:\/\/www.autojm.fr\/blog\/wp-content\/uploads\/2022\/12\/cropped-AutoJMag-png.png","width":2834,"height":585,"caption":"AutoJM Mag"},"image":{"@id":"https:\/\/www.autojm.fr\/blog\/#\/schema\/logo\/image\/"},"sameAs":["https:\/\/www.facebook.com\/AutoJM25"]},{"@type":"Person","@id":"https:\/\/www.autojm.fr\/blog\/#\/schema\/person\/9742bc77541853e0de81fc57f947e1a0","name":"Autojm","image":{"@type":"ImageObject","inLanguage":"fr-FR","@id":"https:\/\/secure.gravatar.com\/avatar\/9a959d52b758fcc232fe4b6aca7bab139182573297122cce7d6f2ee0e537b418?s=96&d=mm&r=g","url":"https:\/\/secure.gravatar.com\/avatar\/9a959d52b758fcc232fe4b6aca7bab139182573297122cce7d6f2ee0e537b418?s=96&d=mm&r=g","contentUrl":"https:\/\/secure.gravatar.com\/avatar\/9a959d52b758fcc232fe4b6aca7bab139182573297122cce7d6f2ee0e537b418?s=96&d=mm&r=g","caption":"Autojm"},"sameAs":["https:\/\/www.autojm.fr\/blog"],"url":"https:\/\/www.autojm.fr\/blog\/author\/bichoi\/"}]}},"_links":{"self":[{"href":"https:\/\/www.autojm.fr\/blog\/wp-json\/wp\/v2\/posts\/3691","targetHints":{"allow":["GET"]}}],"collection":[{"href":"https:\/\/www.autojm.fr\/blog\/wp-json\/wp\/v2\/posts"}],"about":[{"href":"https:\/\/www.autojm.fr\/blog\/wp-json\/wp\/v2\/types\/post"}],"author":[{"embeddable":true,"href":"https:\/\/www.autojm.fr\/blog\/wp-json\/wp\/v2\/users\/1"}],"replies":[{"embeddable":true,"href":"https:\/\/www.autojm.fr\/blog\/wp-json\/wp\/v2\/comments?post=3691"}],"version-history":[{"count":10,"href":"https:\/\/www.autojm.fr\/blog\/wp-json\/wp\/v2\/posts\/3691\/revisions"}],"predecessor-version":[{"id":9341,"href":"https:\/\/www.autojm.fr\/blog\/wp-json\/wp\/v2\/posts\/3691\/revisions\/9341"}],"wp:featuredmedia":[{"embeddable":true,"href":"https:\/\/www.autojm.fr\/blog\/wp-json\/wp\/v2\/media\/5751"}],"wp:attachment":[{"href":"https:\/\/www.autojm.fr\/blog\/wp-json\/wp\/v2\/media?parent=3691"}],"wp:term":[{"taxonomy":"category","embeddable":true,"href":"https:\/\/www.autojm.fr\/blog\/wp-json\/wp\/v2\/categories?post=3691"},{"taxonomy":"post_tag","embeddable":true,"href":"https:\/\/www.autojm.fr\/blog\/wp-json\/wp\/v2\/tags?post=3691"}],"curies":[{"name":"wp","href":"https:\/\/api.w.org\/{rel}","templated":true}]}}